{"id":1469209,"date":"2025-12-12T06:03:41","date_gmt":"2025-12-12T14:03:41","guid":{"rendered":"https:\/\/noticiasya.com\/2025\/12\/12\/jueza-impide-nueva-detencion-kilmar-abrego-trax\/"},"modified":"2025-12-12T06:03:41","modified_gmt":"2025-12-12T14:03:41","slug":"jueza-impide-nueva-detencion-kilmar-abrego-trax","status":"publish","type":"post","link":"https:\/\/noticiasya.com\/midland-odessa\/2025\/12\/12\/jueza-impide-nueva-detencion-kilmar-abrego-trax\/","title":{"rendered":"Jueza federal impide temporalmente que el Gobierno de Trump vuelva a detener a Kilmar \u00c1brego Garc\u00eda"},"content":{"rendered":"<p>Una jueza federal impid\u00f3 temporalmente que la administraci\u00f3n Trump vuelva a detener a Kilmar \u00c1brego Garc\u00eda, horas despu\u00e9s de que ordenara su liberaci\u00f3n de un centro de detenci\u00f3n de inmigrantes.<\/p>\n<p>La orden de restricci\u00f3n temporal, emitida la madrugada de este viernes por la jueza federal de distrito Paula Xinis, supone el \u00faltimo rev\u00e9s en los continuos intentos del Gobierno estadounidense por deportar a \u00c1brego Garc\u00eda, quien se ha convertido en un s\u00edmbolo nacional de las duras pol\u00edticas de la administraci\u00f3n Trump contra los inmigrantes.<\/p>\n<p>Tras ser deportado injustamente a El Salvador en marzo, \u00c1brego Garc\u00eda fue devuelto a Estados Unidos para enfrentar cargos penales federales y posteriormente permaneci\u00f3 recluido durante meses en un centro de detenci\u00f3n de inmigrantes en Pensilvania. Fue liberado el jueves despu\u00e9s de que Xinis dictaminara que el Gobierno lo deten\u00eda ilegalmente, en parte porque no exist\u00eda una orden de deportaci\u00f3n emitida por un juez de inmigraci\u00f3n durante ese per\u00edodo.<\/p>\n<p>Sin embargo, la madrugada de este viernes, sus abogados acudieron a Xinis para solicitar una nueva orden judicial que prohibiera su detenci\u00f3n. Se\u00f1alaron un documento emitido el jueves por la noche por un juez de inmigraci\u00f3n que, seg\u00fan dijeron, lo pon\u00eda en riesgo de ser deportado nuevamente y enfatizaron que necesitaban la intervenci\u00f3n urgente de Xinis, dado que deb\u00eda presentarse en una oficina de ICE en Baltimore este viernes por la ma\u00f1ana, donde tem\u00edan que pudiera ser detenido nuevamente.<\/p>\n<p>\u201cSi, como sospecha \u00c1brego Garc\u00eda, los demandados lo detienen esta ma\u00f1ana, su libertad ser\u00e1 restringida una vez m\u00e1s. Es indiscutible que la detenci\u00f3n ilegal conlleva un da\u00f1o irreparable\u201d, escribi\u00f3 Xinis en su breve orden.<\/p>\n<p>La jueza dijo que su orden permanecer\u00e1 vigente hasta que pueda celebrar una audiencia sobre el asunto.<\/p>\n<p>El abogado de \u00c1brego Garc\u00eda, Simon Sandoval-Moshenberg, dijo este viernes por la ma\u00f1ana que su cliente no ser\u00e1 arrestado nuevamente y que se espera que abandone la oficina local de ICE despu\u00e9s de que concluya su cita.<\/p>\n<p>The-CNN-Wire<br \/>&trade; &amp; &copy; 2025 Cable News Network, Inc., a Warner Bros. Discovery Company. All rights reserved.<\/p>\n","protected":false},"excerpt":{"rendered":"<p>Una jueza federal impid\u00f3 temporalmente que la administraci\u00f3n Trump vuelva a detener a Kilmar \u00c1brego Garc\u00eda, horas despu\u00e9s de que ordenara su liberaci\u00f3n de un centro de detenci\u00f3n de inmigrantes. La orden de restricci\u00f3n temporal, emitida la madrugada de este viernes por la jueza federal de distrito Paula Xinis, supone el \u00faltimo rev\u00e9s en los [&hellip;]<\/p>\n","protected":false},"author":0,"featured_media":0,"comment_status":"open","ping_status":"open","sticky":false,"template":"","format":"standard","meta":{"_jetpack_memberships_contains_paid_content":false,"footnotes":""},"categories":[10],"tags":[],"class_list":["post-1469209","post","type-post","status-publish","format-standard","hentry","category-noticias-nacionales","market-global"],"yoast_head":"<!-- This site is optimized with the Yoast SEO plugin v24.4 - https:\/\/yoast.com\/wordpress\/plugins\/seo\/ -->\n<title>Jueza federal impide temporalmente que el Gobierno de Trump vuelva a detener a Kilmar \u00c1brego Garc\u00eda - Noticias<\/title>\n<meta name=\"robots\" content=\"index, follow, max-snippet:-1, max-image-preview:large, max-video-preview:-1\" \/>\n<link rel=\"canonical\" href=\"https:\/\/noticiasya.com\/2025\/12\/12\/jueza-impide-nueva-detencion-kilmar-abrego-trax\/\" \/>\n<meta property=\"og:locale\" content=\"es_ES\" \/>\n<meta property=\"og:type\" content=\"article\" \/>\n<meta property=\"og:title\" content=\"Jueza federal impide temporalmente que el Gobierno de Trump vuelva a detener a Kilmar \u00c1brego Garc\u00eda - Noticias\" \/>\n<meta property=\"og:description\" content=\"Una jueza federal impid\u00f3 temporalmente que la administraci\u00f3n Trump vuelva a detener a Kilmar \u00c1brego Garc\u00eda, horas despu\u00e9s de que ordenara su liberaci\u00f3n de un centro de detenci\u00f3n de inmigrantes. La orden de restricci\u00f3n temporal, emitida la madrugada de este viernes por la jueza federal de distrito Paula Xinis, supone el \u00faltimo rev\u00e9s en los [&hellip;]\" \/>\n<meta property=\"og:url\" content=\"https:\/\/noticiasya.com\/2025\/12\/12\/jueza-impide-nueva-detencion-kilmar-abrego-trax\/\" \/>\n<meta property=\"og:site_name\" content=\"Noticias\" \/>\n<meta property=\"article:published_time\" content=\"2025-12-12T14:03:41+00:00\" \/>\n<meta name=\"twitter:card\" content=\"summary_large_image\" \/>\n<meta name=\"twitter:label1\" content=\"Est. reading time\" \/>\n\t<meta name=\"twitter:data1\" content=\"2 minutos\" \/>\n<script type=\"application\/ld+json\" class=\"yoast-schema-graph\">{\"@context\":\"https:\/\/schema.org\",\"@graph\":[{\"@type\":\"Article\",\"@id\":\"https:\/\/noticiasya.com\/2025\/12\/12\/jueza-impide-nueva-detencion-kilmar-abrego-trax\/#article\",\"isPartOf\":{\"@id\":\"https:\/\/noticiasya.com\/2025\/12\/12\/jueza-impide-nueva-detencion-kilmar-abrego-trax\/\"},\"author\":{\"name\":\"\",\"@id\":\"\"},\"headline\":\"Jueza federal impide temporalmente que el Gobierno de Trump vuelva a detener a Kilmar \u00c1brego Garc\u00eda\",\"datePublished\":\"2025-12-12T14:03:41+00:00\",\"mainEntityOfPage\":{\"@id\":\"https:\/\/noticiasya.com\/2025\/12\/12\/jueza-impide-nueva-detencion-kilmar-abrego-trax\/\"},\"wordCount\":389,\"commentCount\":0,\"publisher\":{\"@id\":\"https:\/\/noticiasya.com\/#organization\"},\"articleSection\":[\"Noticias Nacionales\"],\"inLanguage\":\"es\",\"potentialAction\":[{\"@type\":\"CommentAction\",\"name\":\"Comment\",\"target\":[\"https:\/\/noticiasya.com\/2025\/12\/12\/jueza-impide-nueva-detencion-kilmar-abrego-trax\/#respond\"]}]},{\"@type\":\"WebPage\",\"@id\":\"https:\/\/noticiasya.com\/2025\/12\/12\/jueza-impide-nueva-detencion-kilmar-abrego-trax\/\",\"url\":\"https:\/\/noticiasya.com\/2025\/12\/12\/jueza-impide-nueva-detencion-kilmar-abrego-trax\/\",\"name\":\"Jueza federal impide temporalmente que el Gobierno de Trump vuelva a detener a Kilmar \u00c1brego Garc\u00eda - Noticias\",\"isPartOf\":{\"@id\":\"https:\/\/noticiasya.com\/#website\"},\"datePublished\":\"2025-12-12T14:03:41+00:00\",\"breadcrumb\":{\"@id\":\"https:\/\/noticiasya.com\/2025\/12\/12\/jueza-impide-nueva-detencion-kilmar-abrego-trax\/#breadcrumb\"},\"inLanguage\":\"es\",\"potentialAction\":[{\"@type\":\"ReadAction\",\"target\":[\"https:\/\/noticiasya.com\/2025\/12\/12\/jueza-impide-nueva-detencion-kilmar-abrego-trax\/\"]}]},{\"@type\":\"BreadcrumbList\",\"@id\":\"https:\/\/noticiasya.com\/2025\/12\/12\/jueza-impide-nueva-detencion-kilmar-abrego-trax\/#breadcrumb\",\"itemListElement\":[{\"@type\":\"ListItem\",\"position\":1,\"name\":\"Home\",\"item\":\"https:\/\/noticiasya.com\/\"},{\"@type\":\"ListItem\",\"position\":2,\"name\":\"Jueza federal impide temporalmente que el Gobierno de Trump vuelva a detener a Kilmar \u00c1brego Garc\u00eda\"}]},{\"@type\":\"WebSite\",\"@id\":\"https:\/\/noticiasya.com\/#website\",\"url\":\"https:\/\/noticiasya.com\/\",\"name\":\"Noticias\",\"description\":\"Lo que importa\",\"publisher\":{\"@id\":\"https:\/\/noticiasya.com\/#organization\"},\"potentialAction\":[{\"@type\":\"SearchAction\",\"target\":{\"@type\":\"EntryPoint\",\"urlTemplate\":\"https:\/\/noticiasya.com\/?s={search_term_string}\"},\"query-input\":{\"@type\":\"PropertyValueSpecification\",\"valueRequired\":true,\"valueName\":\"search_term_string\"}}],\"inLanguage\":\"es\"},{\"@type\":\"Organization\",\"@id\":\"https:\/\/noticiasya.com\/#organization\",\"name\":\"Noticias\",\"url\":\"https:\/\/noticiasya.com\/\",\"logo\":{\"@type\":\"ImageObject\",\"inLanguage\":\"es\",\"@id\":\"https:\/\/noticiasya.com\/#\/schema\/logo\/image\/\",\"url\":\"https:\/\/noticiasya.com\/wp-content\/uploads\/sites\/22\/2023\/12\/logo-nacional.png\",\"contentUrl\":\"https:\/\/noticiasya.com\/wp-content\/uploads\/sites\/22\/2023\/12\/logo-nacional.png\",\"width\":1801,\"height\":691,\"caption\":\"Noticias\"},\"image\":{\"@id\":\"https:\/\/noticiasya.com\/#\/schema\/logo\/image\/\"}}]}<\/script>\n<!-- \/ Yoast SEO plugin. -->","yoast_head_json":{"title":"Jueza federal impide temporalmente que el Gobierno de Trump vuelva a detener a Kilmar \u00c1brego Garc\u00eda - Noticias","robots":{"index":"index","follow":"follow","max-snippet":"max-snippet:-1","max-image-preview":"max-image-preview:large","max-video-preview":"max-video-preview:-1"},"canonical":"https:\/\/noticiasya.com\/2025\/12\/12\/jueza-impide-nueva-detencion-kilmar-abrego-trax\/","og_locale":"es_ES","og_type":"article","og_title":"Jueza federal impide temporalmente que el Gobierno de Trump vuelva a detener a Kilmar \u00c1brego Garc\u00eda - Noticias","og_description":"Una jueza federal impid\u00f3 temporalmente que la administraci\u00f3n Trump vuelva a detener a Kilmar \u00c1brego Garc\u00eda, horas despu\u00e9s de que ordenara su liberaci\u00f3n de un centro de detenci\u00f3n de inmigrantes. La orden de restricci\u00f3n temporal, emitida la madrugada de este viernes por la jueza federal de distrito Paula Xinis, supone el \u00faltimo rev\u00e9s en los [&hellip;]","og_url":"https:\/\/noticiasya.com\/2025\/12\/12\/jueza-impide-nueva-detencion-kilmar-abrego-trax\/","og_site_name":"Noticias","article_published_time":"2025-12-12T14:03:41+00:00","twitter_card":"summary_large_image","twitter_misc":{"Est. reading time":"2 minutos"},"schema":{"@context":"https:\/\/schema.org","@graph":[{"@type":"Article","@id":"https:\/\/noticiasya.com\/2025\/12\/12\/jueza-impide-nueva-detencion-kilmar-abrego-trax\/#article","isPartOf":{"@id":"https:\/\/noticiasya.com\/2025\/12\/12\/jueza-impide-nueva-detencion-kilmar-abrego-trax\/"},"author":{"name":"","@id":""},"headline":"Jueza federal impide temporalmente que el Gobierno de Trump vuelva a detener a Kilmar \u00c1brego Garc\u00eda","datePublished":"2025-12-12T14:03:41+00:00","mainEntityOfPage":{"@id":"https:\/\/noticiasya.com\/2025\/12\/12\/jueza-impide-nueva-detencion-kilmar-abrego-trax\/"},"wordCount":389,"commentCount":0,"publisher":{"@id":"https:\/\/noticiasya.com\/#organization"},"articleSection":["Noticias Nacionales"],"inLanguage":"es","potentialAction":[{"@type":"CommentAction","name":"Comment","target":["https:\/\/noticiasya.com\/2025\/12\/12\/jueza-impide-nueva-detencion-kilmar-abrego-trax\/#respond"]}]},{"@type":"WebPage","@id":"https:\/\/noticiasya.com\/2025\/12\/12\/jueza-impide-nueva-detencion-kilmar-abrego-trax\/","url":"https:\/\/noticiasya.com\/2025\/12\/12\/jueza-impide-nueva-detencion-kilmar-abrego-trax\/","name":"Jueza federal impide temporalmente que el Gobierno de Trump vuelva a detener a Kilmar \u00c1brego Garc\u00eda - Noticias","isPartOf":{"@id":"https:\/\/noticiasya.com\/#website"},"datePublished":"2025-12-12T14:03:41+00:00","breadcrumb":{"@id":"https:\/\/noticiasya.com\/2025\/12\/12\/jueza-impide-nueva-detencion-kilmar-abrego-trax\/#breadcrumb"},"inLanguage":"es","potentialAction":[{"@type":"ReadAction","target":["https:\/\/noticiasya.com\/2025\/12\/12\/jueza-impide-nueva-detencion-kilmar-abrego-trax\/"]}]},{"@type":"BreadcrumbList","@id":"https:\/\/noticiasya.com\/2025\/12\/12\/jueza-impide-nueva-detencion-kilmar-abrego-trax\/#breadcrumb","itemListElement":[{"@type":"ListItem","position":1,"name":"Home","item":"https:\/\/noticiasya.com\/"},{"@type":"ListItem","position":2,"name":"Jueza federal impide temporalmente que el Gobierno de Trump vuelva a detener a Kilmar \u00c1brego Garc\u00eda"}]},{"@type":"WebSite","@id":"https:\/\/noticiasya.com\/#website","url":"https:\/\/noticiasya.com\/","name":"Noticias","description":"Lo que importa","publisher":{"@id":"https:\/\/noticiasya.com\/#organization"},"potentialAction":[{"@type":"SearchAction","target":{"@type":"EntryPoint","urlTemplate":"https:\/\/noticiasya.com\/?s={search_term_string}"},"query-input":{"@type":"PropertyValueSpecification","valueRequired":true,"valueName":"search_term_string"}}],"inLanguage":"es"},{"@type":"Organization","@id":"https:\/\/noticiasya.com\/#organization","name":"Noticias","url":"https:\/\/noticiasya.com\/","logo":{"@type":"ImageObject","inLanguage":"es","@id":"https:\/\/noticiasya.com\/#\/schema\/logo\/image\/","url":"https:\/\/noticiasya.com\/wp-content\/uploads\/sites\/22\/2023\/12\/logo-nacional.png","contentUrl":"https:\/\/noticiasya.com\/wp-content\/uploads\/sites\/22\/2023\/12\/logo-nacional.png","width":1801,"height":691,"caption":"Noticias"},"image":{"@id":"https:\/\/noticiasya.com\/#\/schema\/logo\/image\/"}}]}},"parsely":{"version":"1.1.0","canonical_url":"https:\/\/noticiasya.com\/midland-odessa\/2025\/12\/12\/jueza-impide-nueva-detencion-kilmar-abrego-trax\/","smart_links":{"inbound":0,"outbound":0},"traffic_boost_suggestions_count":0,"meta":{"@context":"https:\/\/schema.org","@type":"NewsArticle","headline":"Jueza federal impide temporalmente que el Gobierno de Trump vuelva a detener a Kilmar \u00c1brego Garc\u00eda","url":"http:\/\/noticiasya.com\/midland-odessa\/2025\/12\/12\/jueza-impide-nueva-detencion-kilmar-abrego-trax\/","mainEntityOfPage":{"@type":"WebPage","@id":"http:\/\/noticiasya.com\/midland-odessa\/2025\/12\/12\/jueza-impide-nueva-detencion-kilmar-abrego-trax\/"},"thumbnailUrl":"","image":{"@type":"ImageObject","url":""},"articleSection":"Noticias Nacionales","author":[],"creator":[],"publisher":{"@type":"Organization","name":"Noticias","logo":""},"keywords":[],"dateCreated":"2025-12-12T14:03:41Z","datePublished":"2025-12-12T14:03:41Z","dateModified":"2025-12-12T14:03:41Z"},"rendered":"<script type=\"application\/ld+json\" class=\"wp-parsely-metadata\">{\"@context\":\"https:\\\/\\\/schema.org\",\"@type\":\"NewsArticle\",\"headline\":\"Jueza federal impide temporalmente que el Gobierno de Trump vuelva a detener a Kilmar \\u00c1brego Garc\\u00eda\",\"url\":\"http:\\\/\\\/noticiasya.com\\\/midland-odessa\\\/2025\\\/12\\\/12\\\/jueza-impide-nueva-detencion-kilmar-abrego-trax\\\/\",\"mainEntityOfPage\":{\"@type\":\"WebPage\",\"@id\":\"http:\\\/\\\/noticiasya.com\\\/midland-odessa\\\/2025\\\/12\\\/12\\\/jueza-impide-nueva-detencion-kilmar-abrego-trax\\\/\"},\"thumbnailUrl\":\"\",\"image\":{\"@type\":\"ImageObject\",\"url\":\"\"},\"articleSection\":\"Noticias Nacionales\",\"author\":[],\"creator\":[],\"publisher\":{\"@type\":\"Organization\",\"name\":\"Noticias\",\"logo\":\"\"},\"keywords\":[],\"dateCreated\":\"2025-12-12T14:03:41Z\",\"datePublished\":\"2025-12-12T14:03:41Z\",\"dateModified\":\"2025-12-12T14:03:41Z\"}<\/script>","tracker_url":"https:\/\/cdn.parsely.com\/keys\/noticiasya.com\/p.js"},"jetpack_featured_media_url":"","jetpack-related-posts":[{"id":1469499,"url":"https:\/\/noticiasya.com\/midland-odessa\/2025\/12\/22\/jueza-presiona-gobierno-trump-planes-abrego-garcia-trax\/","url_meta":{"origin":1469209,"position":0},"title":"Jueza federal presiona al Gobierno de Trump sobre sus planes para Kilmar \u00c1brego Garc\u00eda","author":"","date":"diciembre 22, 2025","format":false,"excerpt":"Una jueza federal aparentemente frustrada presion\u00f3 este lunes al Gobierno de Trump para que compartiera lo que pensaba hacer a continuaci\u00f3n en la saga de r\u00e1pido desarrollo sobre Kilmar \u00c1brego Garc\u00eda, d\u00edas despu\u00e9s de que ella determinara que estaba siendo detenido de manera ilegal bajo custodia de inmigraci\u00f3n.Durante una audiencia\u2026","rel":"","context":"In &quot;Noticias Nacionales&quot;","block_context":{"text":"Noticias Nacionales","link":"https:\/\/noticiasya.com\/midland-odessa\/categoria\/noticias-nacionales"},"img":{"alt_text":"","src":"","width":0,"height":0},"classes":[]},{"id":1469176,"url":"https:\/\/noticiasya.com\/midland-odessa\/2025\/12\/11\/juez-ordena-liberacion-inmediata-kilmar-abrego-garcia-trax\/","url_meta":{"origin":1469209,"position":1},"title":"Jueza ordena que Kilmar \u00c1brego Garc\u00eda sea liberado de manera &#171;inmediata&#187; de la custodia de ICE","author":"","date":"diciembre 11, 2025","format":false,"excerpt":"Una jueza federal en Maryland orden\u00f3 la liberaci\u00f3n inmediata de Kilmar \u00c1brego Garc\u00eda de la custodia del Servicio de Inmigraci\u00f3n y Control de Aduanas (ICE), seg\u00fan un documento judicial presentado este jueves, lo que representa un avance significativo en el caso de este ciudadano salvadore\u00f1o que fue deportado por error\u2026","rel":"","context":"In &quot;Noticias Nacionales&quot;","block_context":{"text":"Noticias Nacionales","link":"https:\/\/noticiasya.com\/midland-odessa\/categoria\/noticias-nacionales"},"img":{"alt_text":"","src":"","width":0,"height":0},"classes":[]},{"id":1461475,"url":"https:\/\/noticiasya.com\/midland-odessa\/2025\/04\/22\/abrego-garcia-estado-de-salud-informe-gobierno-trax\/","url_meta":{"origin":1469209,"position":2},"title":"El Salvador dice que \u00c1brego Garc\u00eda se encuentra en &#171;excelente estado de salud&#187;, seg\u00fan inform\u00f3 el Gobierno a la jueza del caso","author":"","date":"abril 22, 2025","format":false,"excerpt":"El Salvador inform\u00f3 al Gobierno de Trump que Kilmar \u00c1brego Garc\u00eda se encuentra \u201cen buen estado de salud\u201d, seg\u00fan dijo un funcionario del Departamento de Estado el lunes a la jueza federal que lleva su caso.\u201cEl 20 y 21 de abril, nuestro embajador solicit\u00f3 al Gobierno salvadore\u00f1o informaci\u00f3n actualizada sobre\u2026","rel":"","context":"In &quot;Noticias Nacionales&quot;","block_context":{"text":"Noticias Nacionales","link":"https:\/\/noticiasya.com\/midland-odessa\/categoria\/noticias-nacionales"},"img":{"alt_text":"","src":"","width":0,"height":0},"classes":[]},{"id":1463986,"url":"https:\/\/noticiasya.com\/midland-odessa\/2025\/06\/26\/gobierno-trump-deportar-abrego-garcia-trax\/","url_meta":{"origin":1469209,"position":3},"title":"El Gobierno de Trump planea eventualmente deportar a \u00c1brego Garc\u00eda a un pa\u00eds distinto de El Salvador","author":"","date":"junio 26, 2025","format":false,"excerpt":"El Gobierno de Trump planea deportar a Kilmar \u00c1brego Garc\u00eda a un \u201ctercer pa\u00eds\u201d, es decir, no a El Salvador, de donde es originario y adonde fue enviado por error a principios de este a\u00f1o.Un abogado del Departamento de Justicia (DOJ, por sus siglas en ingl\u00e9s) dijo este jueves que\u2026","rel":"","context":"In &quot;Noticias Nacionales&quot;","block_context":{"text":"Noticias Nacionales","link":"https:\/\/noticiasya.com\/midland-odessa\/categoria\/noticias-nacionales"},"img":{"alt_text":"","src":"","width":0,"height":0},"classes":[]},{"id":1461432,"url":"https:\/\/noticiasya.com\/midland-odessa\/2025\/04\/21\/administracion-trump-abrego-garcia-trasladado-trax\/","url_meta":{"origin":1469209,"position":4},"title":"La administraci\u00f3n Trump dice que \u00c1brego Garc\u00eda fue trasladado, citando la reuni\u00f3n con Van Hollen","author":"","date":"abril 21, 2025","format":false,"excerpt":"Un funcionario del Departamento de Estado de EE.UU. le dijo este domingo al juez federal que supervisa el caso de Kilmar \u00c1brego Garc\u00eda que el hombre deportado por error ha sido transferido fuera de la notoria prisi\u00f3n CECOT de El Salvador, citando comentarios recientes que hizo al senador Chris Van\u2026","rel":"","context":"In &quot;Noticias Nacionales&quot;","block_context":{"text":"Noticias Nacionales","link":"https:\/\/noticiasya.com\/midland-odessa\/categoria\/noticias-nacionales"},"img":{"alt_text":"","src":"","width":0,"height":0},"classes":[]},{"id":1461314,"url":"https:\/\/noticiasya.com\/midland-odessa\/2025\/04\/17\/administracion-trump-investigacion-jueza-xinis-caso-abrego-garcia-trax\/","url_meta":{"origin":1469209,"position":5},"title":"La Administraci\u00f3n Trump se opone desde dos frentes a investigaci\u00f3n acelerada de la jueza Xinis en el caso \u00c1brego Garc\u00eda","author":"","date":"abril 17, 2025","format":false,"excerpt":"El Gobierno de Trump est\u00e1 presionando con fuerza para obstaculizar la decisi\u00f3n de una jueza federal de proceder con una investigaci\u00f3n acelerada que la ayude a determinar si la Administraci\u00f3n est\u00e1 cumpliendo con su orden de \u201cfacilitar\u201d el regreso de un hombre deportado por error a El Salvador.La iniciativa se\u2026","rel":"","context":"In &quot;Noticias Nacionales&quot;","block_context":{"text":"Noticias Nacionales","link":"https:\/\/noticiasya.com\/midland-odessa\/categoria\/noticias-nacionales"},"img":{"alt_text":"","src":"","width":0,"height":0},"classes":[]}],"jetpack_sharing_enabled":true,"_links":{"self":[{"href":"https:\/\/noticiasya.com\/midland-odessa\/wp-json\/wp\/v2\/posts\/1469209","targetHints":{"allow":["GET"]}}],"collection":[{"href":"https:\/\/noticiasya.com\/midland-odessa\/wp-json\/wp\/v2\/posts"}],"about":[{"href":"https:\/\/noticiasya.com\/midland-odessa\/wp-json\/wp\/v2\/types\/post"}],"replies":[{"embeddable":true,"href":"https:\/\/noticiasya.com\/midland-odessa\/wp-json\/wp\/v2\/comments?post=1469209"}],"version-history":[{"count":0,"href":"https:\/\/noticiasya.com\/midland-odessa\/wp-json\/wp\/v2\/posts\/1469209\/revisions"}],"wp:attachment":[{"href":"https:\/\/noticiasya.com\/midland-odessa\/wp-json\/wp\/v2\/media?parent=1469209"}],"wp:term":[{"taxonomy":"category","embeddable":true,"href":"https:\/\/noticiasya.com\/midland-odessa\/wp-json\/wp\/v2\/categories?post=1469209"},{"taxonomy":"post_tag","embeddable":true,"href":"https:\/\/noticiasya.com\/midland-odessa\/wp-json\/wp\/v2\/tags?post=1469209"}],"curies":[{"name":"wp","href":"https:\/\/api.w.org\/{rel}","templated":true}]}}