{"id":1469236,"date":"2025-12-13T04:03:57","date_gmt":"2025-12-13T12:03:57","guid":{"rendered":"https:\/\/noticiasya.com\/2025\/12\/13\/karoline-leavitt-pariente-bruna-ferreira-ice-trax\/"},"modified":"2025-12-13T04:03:57","modified_gmt":"2025-12-13T12:03:57","slug":"karoline-leavitt-pariente-bruna-ferreira-ice-trax","status":"publish","type":"post","link":"https:\/\/noticiasya.com\/midland-odessa\/2025\/12\/13\/karoline-leavitt-pariente-bruna-ferreira-ice-trax\/","title":{"rendered":"Mujer vinculada a la secretaria de Prensa de la Casa Blanca afirma que no ha visto a su hijo desde su detenci\u00f3n por ICE"},"content":{"rendered":"<p>Bruna Ferreira hab\u00eda salido corriendo de su casa en Massachusetts, con los cordones desatados, y se dirig\u00eda a recoger a su hijo de 11 a\u00f1os de la escuela cuando se le acercaron veh\u00edculos sin identificaci\u00f3n y un \u201cenjambre de personas\u201d.<\/p>\n<p>La mujer de 33 a\u00f1os, madre del <a href=\"https:\/\/www.cnn.com\/2025\/11\/26\/politics\/woman-family-ties-karoline-leavitt-detained-ice-hnk\">sobrino de la secretaria de Prensa de la Casa Blanca, Karoline Leavitt<\/a>, fue rodeada por agentes federales de inmigraci\u00f3n que le ped\u00edan que confirmara su nombre, cont\u00f3 a Erin Burnett de CNN el viernes en una entrevista.<\/p>\n<p>El arresto el 12 de noviembre cerca de Boston al principio parec\u00eda una parada de tr\u00e1fico, pero le result\u00f3 extra\u00f1o que los agentes ya parec\u00edan saber su nombre, revel\u00f3 la joven nacida en Brasil.<\/p>\n<p>\u201c\u00bfC\u00f3mo es posible que sepas qui\u00e9n soy y d\u00f3nde vivo?\u201d, pregunt\u00f3 Ferreira.<\/p>\n<p>Mientras los agentes la llevaban al cercano Departamento de Polic\u00eda de Revere para verificar su identidad, Ferreira comenz\u00f3 a llamar a sus contactos de emergencia para asegurarse de que alguien acudiera a recoger a su hijo de la escuela.<\/p>\n<p>\u201cComenc\u00e9 a entrar en p\u00e1nico, tratando de ver si pod\u00eda conseguir que alguien, un contacto de emergencia, alguien que me respondiera, que recogiera a Michael de la escuela\u201d, coment\u00f3.<\/p>\n<p>Ferreira estuvo comprometida con el padre de su hijo, Michael Leavitt, seg\u00fan declar\u00f3 previamente a CNN su abogado, Todd Pomerleau. Michael Leavitt es hermano de Karoline Leavitt.<\/p>\n<p>Un juez de inmigraci\u00f3n orden\u00f3 su liberaci\u00f3n <a href=\"https:\/\/www.cnn.com\/2025\/12\/08\/politics\/karoline-leavitt-ice-relative-release\">del Centro de Procesamiento de ICE del Sur de Louisiana en Basile<\/a> a principios de esta semana.<\/p>\n<p>Durante los 26 d\u00edas que estuvo bajo custodia de inmigraci\u00f3n, Ferreira fue llevada desde Massachusetts a instalaciones en otros cuatro estados antes de terminar en Louisiana, a m\u00e1s de 2.400 km de donde fue arrestada, asegura.<\/p>\n<p>Agreg\u00f3 que una vez que lleg\u00f3 al Centro de Procesamiento de ICE del Sur de Louisiana, Ferreira pudo \u201cpor la gracia de Dios\u201d usar los minutos del tel\u00e9fono de otra mujer para hacer una llamada y avisarle a su familia y a su abogado d\u00f3nde estaba.<\/p>\n<p>Ella no pudo hablar con su hijo durante su detenci\u00f3n, donde conoci\u00f3 a muchas otras madres en su misma situaci\u00f3n, y todas oraron unas por otras, lo que la ayud\u00f3 a superar la \u201chorrible situaci\u00f3n\u201d, seg\u00fan Ferreira.<\/p>\n<p>CNN se ha comunicado con el Departamento de Seguridad Nacional para solicitar comentarios.<\/p>\n<p>A principios de esta semana, la fianza de Ferreira se fij\u00f3 en US$ 1.500 durante una audiencia, la cantidad m\u00e1s baja permitida por la ley, declar\u00f3 Pomerleau. Su caso continuar\u00e1 en la corte de inmigraci\u00f3n de Boston.<\/p>\n<p>Ferreira todav\u00eda tendr\u00e1 que \u201ctener controles obligatorios peri\u00f3dicos con las autoridades de ICE para garantizar que cumple con los t\u00e9rminos de su liberaci\u00f3n\u201d, inform\u00f3 el DHS en un comunicado despu\u00e9s de que se le otorg\u00f3 la fianza.<\/p>\n<p>Ferreira lleg\u00f3 a Estados Unidos con 6 a\u00f1os y desde entonces ha estado intentando obtener su tarjeta de residencia permanente, seg\u00fan comentaron ella y Pomerleau.<\/p>\n<p>Aunque el DHS ha afirmado repetidamente que Ferreira tiene antecedentes penales, ella lo niega, afirmando: \u201cNi siquiera tengo una multa de estacionamiento, y estoy muy orgullosa de ello\u201d.<\/p>\n<p>\u201c<strong>\ufeff<\/strong>Estoy orgullosa de mi nombre y lo llevo como una insignia de honor\u201d, apunt\u00f3 la madre. \u201cY ahora mi hijo est\u00e1 sentado en alg\u00fan lugar viendo c\u00f3mo transmiten esto las 24 horas del d\u00eda, los siete d\u00edas de la semana. Como cualquier ni\u00f1o, debe estar aterrorizado\u201d.<\/p>\n<p>Ferreira no ha podido ver a su hijo desde que regres\u00f3 a Massachusetts porque est\u00e1 obligada a usar un monitor GPS, y el padre del ni\u00f1o no lo ha llevado a visitarla, declar\u00f3.<\/p>\n<p>Toda esta situaci\u00f3n \u201cno tiene sentido\u201d, se quej\u00f3 Ferreira. \u201cIntento comprender y tener fe en que hay una explicaci\u00f3n l\u00f3gica detr\u00e1s de todo esto, pero no la hay. No soy la primera. Seguramente no ser\u00e9 la \u00faltima. Miles de mujeres, familias y ni\u00f1os son separados a diario. \u00bfD\u00f3nde termina esto? \u00bfCu\u00e1ndo termina?\u201d<\/p>\n<p>Ferreira no ha hablado con Karoline Leavitt, quien es la madrina de su hijo, desde que regres\u00f3 a Massachusetts, asegur\u00f3.<\/p>\n<p>Se dirigi\u00f3 a la secretaria de Prensa de la Casa Blanca durante la entrevista con CNN.<\/p>\n<p>\u201cEres madre\u201d, expres\u00f3 Ferreira. \u201cAhora eres madre. Y deber\u00edas saberlo. \u00bfC\u00f3mo te sentir\u00edas si estuvieras en mi lugar? \u00bfC\u00f3mo te sentir\u00edas si alguien te hiciera esto?\u201d<\/p>\n<p>Un portavoz del DHS le dijo previamente a CNN que Ferreira se encontraba ilegalmente en Estados Unidos tras haber vencido el plazo de una visa de turista que la obligaba a abandonar el pa\u00eds en junio de 1999. Ferreira es \u201cuna extranjera ilegal criminal de Brasil\u201d, afirm\u00f3 el DHS.<\/p>\n<p>El abogado de Ferreira ha dicho que la declaraci\u00f3n del DHS es inexacta.<\/p>\n<p>Pomerleau coment\u00f3 que la joven era una exbeneficiaria de la Acci\u00f3n Diferida para los Llegados en la Infancia (DACA), que otorga protecci\u00f3n temporal contra la deportaci\u00f3n a aquellos tra\u00eddos a EE.UU. cuando eran ni\u00f1os, pero no pudo renovar su estatus hace unos a\u00f1os y ha estado tratando de obtener un permiso de residencia legal permanente.<\/p>\n<p>Pomerleau explic\u00f3 que su cliente es v\u00edctima de una \u201cdifamaci\u00f3n falsa\u201d y que la administraci\u00f3n \u201cla ha tildado de extranjera ilegal y delincuente\u201d.<\/p>\n<p>\u201cEs una mujer con dos negocios. Es una madre soltera que paga sus impuestos y termina en una prisi\u00f3n privada en Louisiana. Es simplemente inadmisible lo que hacen a diario\u201d, critic\u00f3 el abogado.<\/p>\n<p>The-CNN-Wire<br \/>&trade; &amp; &copy; 2025 Cable News Network, Inc., a Warner Bros. Discovery Company. All rights reserved.<\/p>\n","protected":false},"excerpt":{"rendered":"<p>Bruna Ferreira hab\u00eda salido corriendo de su casa en Massachusetts, con los cordones desatados, y se dirig\u00eda a recoger a su hijo de 11 a\u00f1os de la escuela cuando se le acercaron veh\u00edculos sin identificaci\u00f3n y un \u201cenjambre de personas\u201d. La mujer de 33 a\u00f1os, madre del sobrino de la secretaria de Prensa de la [&hellip;]<\/p>\n","protected":false},"author":0,"featured_media":0,"comment_status":"open","ping_status":"open","sticky":false,"template":"","format":"standard","meta":{"_jetpack_memberships_contains_paid_content":false,"footnotes":""},"categories":[10],"tags":[],"class_list":["post-1469236","post","type-post","status-publish","format-standard","hentry","category-noticias-nacionales","market-global"],"yoast_head":"<!-- This site is optimized with the Yoast SEO plugin v24.4 - https:\/\/yoast.com\/wordpress\/plugins\/seo\/ -->\n<title>Mujer vinculada a la secretaria de Prensa de la Casa Blanca afirma que no ha visto a su hijo desde su detenci\u00f3n por ICE - Noticias<\/title>\n<meta name=\"robots\" content=\"index, follow, max-snippet:-1, max-image-preview:large, max-video-preview:-1\" \/>\n<link rel=\"canonical\" href=\"https:\/\/noticiasya.com\/2025\/12\/13\/karoline-leavitt-pariente-bruna-ferreira-ice-trax\/\" \/>\n<meta property=\"og:locale\" content=\"es_ES\" \/>\n<meta property=\"og:type\" content=\"article\" \/>\n<meta property=\"og:title\" content=\"Mujer vinculada a la secretaria de Prensa de la Casa Blanca afirma que no ha visto a su hijo desde su detenci\u00f3n por ICE - Noticias\" \/>\n<meta property=\"og:description\" content=\"Bruna Ferreira hab\u00eda salido corriendo de su casa en Massachusetts, con los cordones desatados, y se dirig\u00eda a recoger a su hijo de 11 a\u00f1os de la escuela cuando se le acercaron veh\u00edculos sin identificaci\u00f3n y un \u201cenjambre de personas\u201d. La mujer de 33 a\u00f1os, madre del sobrino de la secretaria de Prensa de la [&hellip;]\" \/>\n<meta property=\"og:url\" content=\"https:\/\/noticiasya.com\/2025\/12\/13\/karoline-leavitt-pariente-bruna-ferreira-ice-trax\/\" \/>\n<meta property=\"og:site_name\" content=\"Noticias\" \/>\n<meta property=\"article:published_time\" content=\"2025-12-13T12:03:57+00:00\" \/>\n<meta name=\"twitter:card\" content=\"summary_large_image\" \/>\n<meta name=\"twitter:label1\" content=\"Est. reading time\" \/>\n\t<meta name=\"twitter:data1\" content=\"5 minutos\" \/>\n<script type=\"application\/ld+json\" class=\"yoast-schema-graph\">{\"@context\":\"https:\/\/schema.org\",\"@graph\":[{\"@type\":\"Article\",\"@id\":\"https:\/\/noticiasya.com\/2025\/12\/13\/karoline-leavitt-pariente-bruna-ferreira-ice-trax\/#article\",\"isPartOf\":{\"@id\":\"https:\/\/noticiasya.com\/2025\/12\/13\/karoline-leavitt-pariente-bruna-ferreira-ice-trax\/\"},\"author\":{\"name\":\"\",\"@id\":\"\"},\"headline\":\"Mujer vinculada a la secretaria de Prensa de la Casa Blanca afirma que no ha visto a su hijo desde su detenci\u00f3n por ICE\",\"datePublished\":\"2025-12-13T12:03:57+00:00\",\"mainEntityOfPage\":{\"@id\":\"https:\/\/noticiasya.com\/2025\/12\/13\/karoline-leavitt-pariente-bruna-ferreira-ice-trax\/\"},\"wordCount\":976,\"commentCount\":0,\"publisher\":{\"@id\":\"https:\/\/noticiasya.com\/#organization\"},\"articleSection\":[\"Noticias Nacionales\"],\"inLanguage\":\"es\",\"potentialAction\":[{\"@type\":\"CommentAction\",\"name\":\"Comment\",\"target\":[\"https:\/\/noticiasya.com\/2025\/12\/13\/karoline-leavitt-pariente-bruna-ferreira-ice-trax\/#respond\"]}]},{\"@type\":\"WebPage\",\"@id\":\"https:\/\/noticiasya.com\/2025\/12\/13\/karoline-leavitt-pariente-bruna-ferreira-ice-trax\/\",\"url\":\"https:\/\/noticiasya.com\/2025\/12\/13\/karoline-leavitt-pariente-bruna-ferreira-ice-trax\/\",\"name\":\"Mujer vinculada a la secretaria de Prensa de la Casa Blanca afirma que no ha visto a su hijo desde su detenci\u00f3n por ICE - Noticias\",\"isPartOf\":{\"@id\":\"https:\/\/noticiasya.com\/#website\"},\"datePublished\":\"2025-12-13T12:03:57+00:00\",\"breadcrumb\":{\"@id\":\"https:\/\/noticiasya.com\/2025\/12\/13\/karoline-leavitt-pariente-bruna-ferreira-ice-trax\/#breadcrumb\"},\"inLanguage\":\"es\",\"potentialAction\":[{\"@type\":\"ReadAction\",\"target\":[\"https:\/\/noticiasya.com\/2025\/12\/13\/karoline-leavitt-pariente-bruna-ferreira-ice-trax\/\"]}]},{\"@type\":\"BreadcrumbList\",\"@id\":\"https:\/\/noticiasya.com\/2025\/12\/13\/karoline-leavitt-pariente-bruna-ferreira-ice-trax\/#breadcrumb\",\"itemListElement\":[{\"@type\":\"ListItem\",\"position\":1,\"name\":\"Home\",\"item\":\"https:\/\/noticiasya.com\/\"},{\"@type\":\"ListItem\",\"position\":2,\"name\":\"Mujer vinculada a la secretaria de Prensa de la Casa Blanca afirma que no ha visto a su hijo desde su detenci\u00f3n por ICE\"}]},{\"@type\":\"WebSite\",\"@id\":\"https:\/\/noticiasya.com\/#website\",\"url\":\"https:\/\/noticiasya.com\/\",\"name\":\"Noticias\",\"description\":\"Lo que importa\",\"publisher\":{\"@id\":\"https:\/\/noticiasya.com\/#organization\"},\"potentialAction\":[{\"@type\":\"SearchAction\",\"target\":{\"@type\":\"EntryPoint\",\"urlTemplate\":\"https:\/\/noticiasya.com\/?s={search_term_string}\"},\"query-input\":{\"@type\":\"PropertyValueSpecification\",\"valueRequired\":true,\"valueName\":\"search_term_string\"}}],\"inLanguage\":\"es\"},{\"@type\":\"Organization\",\"@id\":\"https:\/\/noticiasya.com\/#organization\",\"name\":\"Noticias\",\"url\":\"https:\/\/noticiasya.com\/\",\"logo\":{\"@type\":\"ImageObject\",\"inLanguage\":\"es\",\"@id\":\"https:\/\/noticiasya.com\/#\/schema\/logo\/image\/\",\"url\":\"https:\/\/noticiasya.com\/wp-content\/uploads\/sites\/22\/2023\/12\/logo-nacional.png\",\"contentUrl\":\"https:\/\/noticiasya.com\/wp-content\/uploads\/sites\/22\/2023\/12\/logo-nacional.png\",\"width\":1801,\"height\":691,\"caption\":\"Noticias\"},\"image\":{\"@id\":\"https:\/\/noticiasya.com\/#\/schema\/logo\/image\/\"}}]}<\/script>\n<!-- \/ Yoast SEO plugin. -->","yoast_head_json":{"title":"Mujer vinculada a la secretaria de Prensa de la Casa Blanca afirma que no ha visto a su hijo desde su detenci\u00f3n por ICE - Noticias","robots":{"index":"index","follow":"follow","max-snippet":"max-snippet:-1","max-image-preview":"max-image-preview:large","max-video-preview":"max-video-preview:-1"},"canonical":"https:\/\/noticiasya.com\/2025\/12\/13\/karoline-leavitt-pariente-bruna-ferreira-ice-trax\/","og_locale":"es_ES","og_type":"article","og_title":"Mujer vinculada a la secretaria de Prensa de la Casa Blanca afirma que no ha visto a su hijo desde su detenci\u00f3n por ICE - Noticias","og_description":"Bruna Ferreira hab\u00eda salido corriendo de su casa en Massachusetts, con los cordones desatados, y se dirig\u00eda a recoger a su hijo de 11 a\u00f1os de la escuela cuando se le acercaron veh\u00edculos sin identificaci\u00f3n y un \u201cenjambre de personas\u201d. La mujer de 33 a\u00f1os, madre del sobrino de la secretaria de Prensa de la [&hellip;]","og_url":"https:\/\/noticiasya.com\/2025\/12\/13\/karoline-leavitt-pariente-bruna-ferreira-ice-trax\/","og_site_name":"Noticias","article_published_time":"2025-12-13T12:03:57+00:00","twitter_card":"summary_large_image","twitter_misc":{"Est. reading time":"5 minutos"},"schema":{"@context":"https:\/\/schema.org","@graph":[{"@type":"Article","@id":"https:\/\/noticiasya.com\/2025\/12\/13\/karoline-leavitt-pariente-bruna-ferreira-ice-trax\/#article","isPartOf":{"@id":"https:\/\/noticiasya.com\/2025\/12\/13\/karoline-leavitt-pariente-bruna-ferreira-ice-trax\/"},"author":{"name":"","@id":""},"headline":"Mujer vinculada a la secretaria de Prensa de la Casa Blanca afirma que no ha visto a su hijo desde su detenci\u00f3n por ICE","datePublished":"2025-12-13T12:03:57+00:00","mainEntityOfPage":{"@id":"https:\/\/noticiasya.com\/2025\/12\/13\/karoline-leavitt-pariente-bruna-ferreira-ice-trax\/"},"wordCount":976,"commentCount":0,"publisher":{"@id":"https:\/\/noticiasya.com\/#organization"},"articleSection":["Noticias Nacionales"],"inLanguage":"es","potentialAction":[{"@type":"CommentAction","name":"Comment","target":["https:\/\/noticiasya.com\/2025\/12\/13\/karoline-leavitt-pariente-bruna-ferreira-ice-trax\/#respond"]}]},{"@type":"WebPage","@id":"https:\/\/noticiasya.com\/2025\/12\/13\/karoline-leavitt-pariente-bruna-ferreira-ice-trax\/","url":"https:\/\/noticiasya.com\/2025\/12\/13\/karoline-leavitt-pariente-bruna-ferreira-ice-trax\/","name":"Mujer vinculada a la secretaria de Prensa de la Casa Blanca afirma que no ha visto a su hijo desde su detenci\u00f3n por ICE - Noticias","isPartOf":{"@id":"https:\/\/noticiasya.com\/#website"},"datePublished":"2025-12-13T12:03:57+00:00","breadcrumb":{"@id":"https:\/\/noticiasya.com\/2025\/12\/13\/karoline-leavitt-pariente-bruna-ferreira-ice-trax\/#breadcrumb"},"inLanguage":"es","potentialAction":[{"@type":"ReadAction","target":["https:\/\/noticiasya.com\/2025\/12\/13\/karoline-leavitt-pariente-bruna-ferreira-ice-trax\/"]}]},{"@type":"BreadcrumbList","@id":"https:\/\/noticiasya.com\/2025\/12\/13\/karoline-leavitt-pariente-bruna-ferreira-ice-trax\/#breadcrumb","itemListElement":[{"@type":"ListItem","position":1,"name":"Home","item":"https:\/\/noticiasya.com\/"},{"@type":"ListItem","position":2,"name":"Mujer vinculada a la secretaria de Prensa de la Casa Blanca afirma que no ha visto a su hijo desde su detenci\u00f3n por ICE"}]},{"@type":"WebSite","@id":"https:\/\/noticiasya.com\/#website","url":"https:\/\/noticiasya.com\/","name":"Noticias","description":"Lo que importa","publisher":{"@id":"https:\/\/noticiasya.com\/#organization"},"potentialAction":[{"@type":"SearchAction","target":{"@type":"EntryPoint","urlTemplate":"https:\/\/noticiasya.com\/?s={search_term_string}"},"query-input":{"@type":"PropertyValueSpecification","valueRequired":true,"valueName":"search_term_string"}}],"inLanguage":"es"},{"@type":"Organization","@id":"https:\/\/noticiasya.com\/#organization","name":"Noticias","url":"https:\/\/noticiasya.com\/","logo":{"@type":"ImageObject","inLanguage":"es","@id":"https:\/\/noticiasya.com\/#\/schema\/logo\/image\/","url":"https:\/\/noticiasya.com\/wp-content\/uploads\/sites\/22\/2023\/12\/logo-nacional.png","contentUrl":"https:\/\/noticiasya.com\/wp-content\/uploads\/sites\/22\/2023\/12\/logo-nacional.png","width":1801,"height":691,"caption":"Noticias"},"image":{"@id":"https:\/\/noticiasya.com\/#\/schema\/logo\/image\/"}}]}},"parsely":{"version":"1.1.0","canonical_url":"https:\/\/noticiasya.com\/midland-odessa\/2025\/12\/13\/karoline-leavitt-pariente-bruna-ferreira-ice-trax\/","smart_links":{"inbound":0,"outbound":0},"traffic_boost_suggestions_count":0,"meta":{"@context":"https:\/\/schema.org","@type":"NewsArticle","headline":"Mujer vinculada a la secretaria de Prensa de la Casa Blanca afirma que no ha visto a su hijo desde su detenci\u00f3n por ICE","url":"http:\/\/noticiasya.com\/midland-odessa\/2025\/12\/13\/karoline-leavitt-pariente-bruna-ferreira-ice-trax\/","mainEntityOfPage":{"@type":"WebPage","@id":"http:\/\/noticiasya.com\/midland-odessa\/2025\/12\/13\/karoline-leavitt-pariente-bruna-ferreira-ice-trax\/"},"thumbnailUrl":"","image":{"@type":"ImageObject","url":""},"articleSection":"Noticias Nacionales","author":[],"creator":[],"publisher":{"@type":"Organization","name":"Noticias","logo":""},"keywords":[],"dateCreated":"2025-12-13T12:03:57Z","datePublished":"2025-12-13T12:03:57Z","dateModified":"2025-12-13T12:03:57Z"},"rendered":"<script type=\"application\/ld+json\" class=\"wp-parsely-metadata\">{\"@context\":\"https:\\\/\\\/schema.org\",\"@type\":\"NewsArticle\",\"headline\":\"Mujer vinculada a la secretaria de Prensa de la Casa Blanca afirma que no ha visto a su hijo desde su detenci\\u00f3n por ICE\",\"url\":\"http:\\\/\\\/noticiasya.com\\\/midland-odessa\\\/2025\\\/12\\\/13\\\/karoline-leavitt-pariente-bruna-ferreira-ice-trax\\\/\",\"mainEntityOfPage\":{\"@type\":\"WebPage\",\"@id\":\"http:\\\/\\\/noticiasya.com\\\/midland-odessa\\\/2025\\\/12\\\/13\\\/karoline-leavitt-pariente-bruna-ferreira-ice-trax\\\/\"},\"thumbnailUrl\":\"\",\"image\":{\"@type\":\"ImageObject\",\"url\":\"\"},\"articleSection\":\"Noticias Nacionales\",\"author\":[],\"creator\":[],\"publisher\":{\"@type\":\"Organization\",\"name\":\"Noticias\",\"logo\":\"\"},\"keywords\":[],\"dateCreated\":\"2025-12-13T12:03:57Z\",\"datePublished\":\"2025-12-13T12:03:57Z\",\"dateModified\":\"2025-12-13T12:03:57Z\"}<\/script>","tracker_url":"https:\/\/cdn.parsely.com\/keys\/noticiasya.com\/p.js"},"jetpack_featured_media_url":"","jetpack-related-posts":[{"id":1468712,"url":"https:\/\/noticiasya.com\/midland-odessa\/2025\/11\/26\/ice-arresta-mujer-vinculos-familiares-karoline-leavitt-trax\/","url_meta":{"origin":1469236,"position":0},"title":"ICE arresta a mujer con v\u00ednculos familiares con la secretaria de prensa de la Casa Blanca, Karoline Leavitt","author":"","date":"noviembre 26, 2025","format":false,"excerpt":"Una mujer que tiene relaciones familiares con la secretaria de prensa de la Casa Blanca, Karoline Leavitt, est\u00e1 bajo custodia de ICE despu\u00e9s de ser arrestada a principios de este mes cerca de Boston.Bruna Caroline Ferreira, nativa de Brasil y madre del sobrino de Leavitt, fue detenida cerca de Boston\u2026","rel":"","context":"In &quot;Noticias Nacionales&quot;","block_context":{"text":"Noticias Nacionales","link":"https:\/\/noticiasya.com\/midland-odessa\/categoria\/noticias-nacionales"},"img":{"alt_text":"","src":"","width":0,"height":0},"classes":[]},{"id":1469593,"url":"https:\/\/noticiasya.com\/midland-odessa\/2025\/12\/26\/karoline-leavitt-anuncia-embarazo-segundo-hijo-trax\/","url_meta":{"origin":1469236,"position":1},"title":"Karoline Leavitt anuncia que est\u00e1 embarazada de su segundo hijo","author":"","date":"diciembre 26, 2025","format":false,"excerpt":"La secretaria de prensa de la Casa Blanca, Karoline Leavitt, anunci\u00f3 este viernes que ella y su esposo esperan a su segundo hijo, una ni\u00f1a que nacer\u00e1 en mayo del pr\u00f3ximo a\u00f1o.\u201cMi esposo y yo estamos emocionados de hacer crecer nuestra familia y no podemos esperar a ver a nuestro\u2026","rel":"","context":"In &quot;Noticias Nacionales&quot;","block_context":{"text":"Noticias Nacionales","link":"https:\/\/noticiasya.com\/midland-odessa\/categoria\/noticias-nacionales"},"img":{"alt_text":"","src":"","width":0,"height":0},"classes":[]},{"id":1468737,"url":"https:\/\/noticiasya.com\/midland-odessa\/2025\/11\/26\/madre-detenida-ice-vinculo-casa-blanca-trax\/","url_meta":{"origin":1469236,"position":2},"title":"Una madre fue detenida por ICE. Luego, se conoci\u00f3 su v\u00ednculo familiar con la Casa Blanca","author":"","date":"noviembre 26, 2025","format":false,"excerpt":"Bruna Ferreira lleg\u00f3 a EE.UU. desde Brasil cuando era ni\u00f1a y, seg\u00fan todos los informes, vivi\u00f3 una vida como cualquier estadounidense: jug\u00f3 en el equipo de tenis de su bachillerato, se cas\u00f3 y se divorci\u00f3, construy\u00f3 una peque\u00f1a empresa y ayud\u00f3 a criar a su hijo.Cuando agentes del ICE la\u2026","rel":"","context":"In &quot;Noticias Nacionales&quot;","block_context":{"text":"Noticias Nacionales","link":"https:\/\/noticiasya.com\/midland-odessa\/categoria\/noticias-nacionales"},"img":{"alt_text":"","src":"","width":0,"height":0},"classes":[]},{"id":1458598,"url":"https:\/\/noticiasya.com\/midland-odessa\/2025\/02\/11\/associated-press-prohibieron-oficina-oval-golfo-mexico-trax\/","url_meta":{"origin":1469236,"position":3},"title":"Associated Press dice que le prohibieron la entrada a la Oficina Oval por usar &#171;golfo de M\u00e9xico&#187; en vez de &#171;golfo de EE.UU.&#187;","author":"","date":"febrero 11, 2025","format":false,"excerpt":"The Associated Press (AP) dijo que la Casa Blanca prohibi\u00f3 a su reportero asistir a la firma de un decreto en la Oficina Oval este martes debido a la gu\u00eda de estilo de AP sobre el uso del nombre golfo de M\u00e9xico frente a \u201cgolfo de EE.UU.\u201d (en ingl\u00e9s \u201cgulf\u2026","rel":"","context":"In &quot;Noticias Nacionales&quot;","block_context":{"text":"Noticias Nacionales","link":"https:\/\/noticiasya.com\/midland-odessa\/categoria\/noticias-nacionales"},"img":{"alt_text":"","src":"","width":0,"height":0},"classes":[]},{"id":1470427,"url":"https:\/\/noticiasya.com\/midland-odessa\/2026\/01\/23\/que-paso-liam-conejo-ramos-5-anios-ice-trax\/","url_meta":{"origin":1469236,"position":4},"title":"\u00bfQu\u00e9 pas\u00f3 con el ni\u00f1o de 5 a\u00f1os Liam Conejo? Un pastor dice que ICE lo us\u00f3 de carnada y autoridades defienden la detenci\u00f3n","author":"","date":"enero 23, 2026","format":false,"excerpt":"Envuelto en su peque\u00f1o abrigo de cuadros y un gorro azul tejido de conejito, Liam Conejo Ramos, de 5 a\u00f1os, parece aterrorizado mientras desconocidos lo alejan de su hogar en Minnesota.Un agente federal enmascarado camina detr\u00e1s del ni\u00f1o, sosteniendo la manija de su mochila de Spiderman mientras Liam sube a\u2026","rel":"","context":"In &quot;Noticias Nacionales&quot;","block_context":{"text":"Noticias Nacionales","link":"https:\/\/noticiasya.com\/midland-odessa\/categoria\/noticias-nacionales"},"img":{"alt_text":"","src":"","width":0,"height":0},"classes":[]},{"id":1450617,"url":"https:\/\/noticiasya.com\/midland-odessa\/2024\/06\/22\/acusan-a-mujer-intentar-ahogar-a-un-nino-de-3-anos-en-un-posible-incidente-de-odio-trax\/","url_meta":{"origin":1469236,"position":5},"title":"Acusan a una mujer de intentar ahogar a un ni\u00f1o de 3 a\u00f1os en un posible incidente de odio","author":"","date":"junio 22, 2024","format":false,"excerpt":"(CNN) -- Una mujer en Texas fue acusada de intento de asesinato capital y lesiones a un ni\u00f1o despu\u00e9s de intentar ahogar a un ni\u00f1o de 3 a\u00f1os en la piscina de un complejo de apartamentos y hacer declaraciones racistas, seg\u00fan la Polic\u00eda.El cap\u00edtulo de Texas del Consejo de Relaciones\u2026","rel":"","context":"In &quot;Noticias Nacionales&quot;","block_context":{"text":"Noticias Nacionales","link":"https:\/\/noticiasya.com\/midland-odessa\/categoria\/noticias-nacionales"},"img":{"alt_text":"","src":"","width":0,"height":0},"classes":[]}],"jetpack_sharing_enabled":true,"_links":{"self":[{"href":"https:\/\/noticiasya.com\/midland-odessa\/wp-json\/wp\/v2\/posts\/1469236","targetHints":{"allow":["GET"]}}],"collection":[{"href":"https:\/\/noticiasya.com\/midland-odessa\/wp-json\/wp\/v2\/posts"}],"about":[{"href":"https:\/\/noticiasya.com\/midland-odessa\/wp-json\/wp\/v2\/types\/post"}],"replies":[{"embeddable":true,"href":"https:\/\/noticiasya.com\/midland-odessa\/wp-json\/wp\/v2\/comments?post=1469236"}],"version-history":[{"count":0,"href":"https:\/\/noticiasya.com\/midland-odessa\/wp-json\/wp\/v2\/posts\/1469236\/revisions"}],"wp:attachment":[{"href":"https:\/\/noticiasya.com\/midland-odessa\/wp-json\/wp\/v2\/media?parent=1469236"}],"wp:term":[{"taxonomy":"category","embeddable":true,"href":"https:\/\/noticiasya.com\/midland-odessa\/wp-json\/wp\/v2\/categories?post=1469236"},{"taxonomy":"post_tag","embeddable":true,"href":"https:\/\/noticiasya.com\/midland-odessa\/wp-json\/wp\/v2\/tags?post=1469236"}],"curies":[{"name":"wp","href":"https:\/\/api.w.org\/{rel}","templated":true}]}}