{"id":1469237,"date":"2025-12-13T05:03:41","date_gmt":"2025-12-13T13:03:41","guid":{"rendered":"https:\/\/noticiasya.com\/2025\/12\/13\/exodo-venezolano-papa-leon-compromiso-orix\/"},"modified":"2025-12-13T05:03:41","modified_gmt":"2025-12-13T13:03:41","slug":"exodo-venezolano-papa-leon-compromiso-orix","status":"publish","type":"post","link":"https:\/\/noticiasya.com\/midland-odessa\/2025\/12\/13\/exodo-venezolano-papa-leon-compromiso-orix\/","title":{"rendered":"Comprometido desde los a\u00f1os en Chiclayo con el \u00e9xodo venezolano, Le\u00f3n XIV sigue de cerca la tensi\u00f3n entre Maduro y Trump"},"content":{"rendered":"<p>En plena tensi\u00f3n entre Estados Unidos y Venezuela, el papa Le\u00f3n XIV se mantiene muy informado sobre el enfrentamiento y, en las \u00faltimas semanas, habl\u00f3 abiertamente sobre el tema. CNN tiene entendido que el Vaticano mantiene contacto cercano con el nuncio apost\u00f3lico en Caracas, el arzobispo Alberto Ortega, quien se comunica frecuentemente con los obispos y el Gobierno del pa\u00eds.<\/p>\n<p>La Iglesia en Venezuela busca ayudar a solucionar las tensiones a trav\u00e9s de v\u00edas pac\u00edficas y de di\u00e1logo y cuenta con una presencia influyente en el Vaticano. Una de las personas m\u00e1s poderosas dentro de la estructura de la Santa Sede es el arzobispo venezolano Edgar Pe\u00f1a Parra, sustituto para los Asuntos Generales de la Secretar\u00eda de Estado de la Santa Sede y una figura diplom\u00e1tica clave.<\/p>\n<p>El propio Le\u00f3n XIV urgi\u00f3 a Estados Unidos a no incursionar en Venezuela, en el vuelo de retorno luego de su visita a Turqu\u00eda y L\u00edbano, a principios de diciembre.<\/p>\n<p>\u201cRealmente creo que es mejor buscar maneras de di\u00e1logo, quiz\u00e1s presi\u00f3n, incluso presi\u00f3n econ\u00f3mica, pero buscando otra manera para cambiar, si eso es lo que decide hacer Estados Unidos\u201d, dijo el papa.<\/p>\n<p>Le\u00f3n XIV dijo a los periodistas que el Vaticano y la conferencia episcopal venezolana est\u00e1n \u201cbuscando maneras para calmar la situaci\u00f3n, buscar sobre todo el bien del pueblo\u201d.  Le\u00f3n XIV visit\u00f3 Venezuela en diciembre de 2006, como Prior General de la orden de San Agust\u00edn.<\/p>\n<p>En octubre pasado, el presidente de Venezuela, Nicol\u00e1s Maduro,<a href=\"https:\/\/cnnespanol.cnn.com\/2025\/10\/07\/venezuela\/maduro-carta-papa-leon-paz-eeuu-efe\"> asegur\u00f3<\/a> que le hab\u00eda pedido al pont\u00edfice que lo ayude a \u201cpreservar la paz\u201d en su pa\u00eds mediante una carta.<\/p>\n<p>Encabezados por el entonces papa Francisco, los esfuerzos diplom\u00e1ticos previos del Vaticano para mediar entre el Gobierno de Maduro y la oposici\u00f3n en 2016 no prosperaron, al igual que otro intento tres a\u00f1os despu\u00e9s, cuando Maduro le escribi\u00f3 al pont\u00edfice solicitando su asistencia. Francisco insisti\u00f3 en que ambas partes deb\u00edan pedir la ayuda del Vaticano.<\/p>\n<p>El Vaticano tiene un historial de mediaci\u00f3n en conflictos en Am\u00e9rica Latina, incluida la disputa por el canal de Beagle entre Chile y Argentina a finales de los a\u00f1os 70 y principios de los 80, adem\u00e1s de haber apoyado el proceso de paz en Colombia, que culmin\u00f3 en un acuerdo, en 2016.<\/p>\n<p>\u201cMonse\u00f1or Roberto es una persona muy prudente, muy calmada, por supuesto muy inteligente, con una actitud de cercan\u00eda, de escucha, de atenci\u00f3n a todos. Y la acci\u00f3n vendr\u00e1 luego. \u00c9l es capaz de estar muy atento y en silencio. Pero eso no quiere decir que no est\u00e1 haciendo o no est\u00e1 actuando o no est\u00e1 pensando c\u00f3mo debe actuar. Esto es clave, esto es importante\u201d, explic\u00f3 a CNN C\u00e9sar Piscoya, te\u00f3logo peruano y asesor del Centro de Programas y Redes de Acci\u00f3n Pastoral del Consejo Episcopal Latinoamericano y Caribe\u00f1o (CELAM), sobre la personalidad del pont\u00edfice.<\/p>\n<p>A orillas del mar peruano y a poco m\u00e1s de 20 kil\u00f3metros de la ciudad de Chiclayo, en el norte del Per\u00fa, est\u00e1 Puerto Et\u00e9n, que acoge a la villa San Vicente de Pa\u00fal, donde viven familias venezolanas desde 2019. Esta villa, conformada por un albergue y un grupo de casas, es el resultado de un proyecto conjunto entre varias organizaciones y liderado por la congregaci\u00f3n vicentina y la campa\u00f1a \u201c13 casas\u201d.<\/p>\n<p>Para muchos, este lugar se ha convertido en un s\u00edmbolo y legado de la atenci\u00f3n y respuesta del ahora papa Le\u00f3n XIV al \u00e9xodo del pueblo venezolano, que se extendi\u00f3 en Am\u00e9rica Latina.<\/p>\n<p>En un video grabado en<a href=\"https:\/\/www.youtube.com\/watch?v=MY6iQfcexC4\"> agosto de 2019<\/a>, se ve a un orgulloso monse\u00f1or Robert Prevost, obispo de Chiclayo en ese entonces, llegar caminando por la arena y bendecir la primera zona de la Villa.<\/p>\n<p>\u201cEs un proyecto muy importante porque ofrece un lugar donde personas con grandes necesidades pueden llegar\u2026 para sentir nuevamente la esperanza\u201d, le dijo el \u201cPadre Roberto\u201d, como muchos lo llamaban, a una joven reportera.<\/p>\n<p>\u201c(Se) va a poder ayudar a muchas personas, aqu\u00ed en nuestra regi\u00f3n Lambayeque donde hay mucha necesidad, hoy especialmente para los inmigrantes\u201d, agreg\u00f3 Prevost en ese entonces, refiri\u00e9ndose a la ola de inmigrantes venezolanos que recibi\u00f3 en Chiclayo desde 2018.<\/p>\n<p>El albergue en la villa ha visto pasar a m\u00e1s de 5.000 venezolanos, seg\u00fan Juan Carlos Rea\u00f1o, laico vicentino coordinador del proyecto 13 casas en Per\u00fa y quien colabor\u00f3 con Prevost desde 2016. Muchos de ellos llegaban en autobuses, camiones o caminando, luego de una larga traves\u00eda.<\/p>\n<p>\u201cEste albergue es un espacio de milagros, un espacio donde mucha gente ha podido tener tranquilidad, porque ven\u00edan caminando, desplazados, de vivir en las calles\u201d, dijo Rea\u00f1o resaltando el liderazgo de Prevost al recibir y acompa\u00f1ar a cada uno de ellos.<\/p>\n<p>El albergue espera hoy que nuevas organizaciones se unan al proyecto y as\u00ed contar con mayor financiamiento para continuar funcionando.<\/p>\n<p>De acuerdo con cifras de la ONU, casi<a href=\"https:\/\/www.unhcr.org\/emergencies\/venezuela-situation\"> 7,9 millones de venezolanos<\/a> abandonaron su pa\u00eds. M\u00e1s de 6 millones se refugiaron en Am\u00e9rica Latina y el Caribe<a href=\"https:\/\/www.r4v.info\/es\/refugiadosymigrantes\"> hasta mayo de 2025,<\/a> seg\u00fan la Plataforma de Coordinaci\u00f3n Interagencial para Refugiados y Migrantes de Venezuela. Colombia ha recibido el mayor n\u00famero de estos migrantes, seguido por Per\u00fa, que registr\u00f3 m\u00e1s de 1,6 millones<a href=\"https:\/\/www.r4v.info\/es\/refugiadosymigrantes\"> hasta noviembre de 2025.<\/a><\/p>\n<p>Mas de 20.000 de estos migrantes pasaron por Chiclayo y entre 3.500 y 4.000 familias venezolanas est\u00e1n radicadas en Lambayeque, seg\u00fan cifras de la Comisi\u00f3n Movilidad Humana y Trata de Personas de la Di\u00f3cesis de Chiclayo.<\/p>\n<p>Con aproximadamente 678.000 habitantes, Chiclayo es la capital de la regi\u00f3n de Lambayeque y es conocida por la alegr\u00eda y c\u00e1lida bienvenida de su gente, adem\u00e1s de su cocina y m\u00fasica. Pero, como muchos destinos en Am\u00e9rica Latina, esta ciudad a\u00fan necesita mejor infraestructura p\u00fablica y servicios b\u00e1sicos y no estaba en condiciones de recibir un alto n\u00famero de inmigrantes en 2018.<\/p>\n<p>\u201cEn los comedores atend\u00edamos 40, 50 raciones diarias. Pero cuando comenzaron a llegar los migrantes llegamos a atender hasta 250 raciones de almuerzos diarios. Y esa gente, la gente que llegaba, no ten\u00eda donde estar y se quedaba a dormir en la puerta del comedor. Tuvimos que abrir refugios en las capillas\u201d, explic\u00f3 Rea\u00f1o.<\/p>\n<p>Lisbeth D\u00edaz, docente venezolana de 53 a\u00f1os, lleg\u00f3 a Chiclayo en agosto de 2018 con sus dos hijos para reunirse con su esposo. \u201cSe ve\u00edan abarrotadas las calles.. la gente en las esquinas buscando descansar, los ni\u00f1os (buscando) comer y llegamos muchos a la iglesia que fue un lugar de mucha acogida\u201d, record\u00f3 D\u00edaz, en di\u00e1logo con CNN desde Chiclayo.<\/p>\n<p>Ella tambi\u00e9n guarda en su memoria las misas de monse\u00f1or Prevost y su identificaci\u00f3n con ellos. \u201cSe sent\u00eda un migrante m\u00e1s entre nosotros\u201d, dijo. Seg\u00fan D\u00edaz, el \u201cPadre Roberto\u201d se preocupaba por todos los detalles, desde comedores parroquiales hasta ropa, frazadas y medicamentos para los que llegaban.<\/p>\n<p>D\u00edaz forma parte de la Comisi\u00f3n de Movilidad Humana y Trata de Personas de la Di\u00f3cesis de Chiclayo creada por el ahora papa y que muchos con los que CNN convers\u00f3 resaltan como un paso importante para ayudar a esta comunidad migrante.<\/p>\n<p>Prevost logr\u00f3 una respuesta integral a la crisis e involucr\u00f3 a todas las partes en la regi\u00f3n, algo que no pas\u00f3 en el resto del pa\u00eds, seg\u00fan Piscoya, amigo de Le\u00f3n XIV, que fue testigo de sus esfuerzos en Chiclayo.<\/p>\n<p>\u201cMonse\u00f1or no quiso dar una respuesta asistencialista, fue una respuesta solidaria y subsidiaria, con los organismos, instancias, estructuras tanto de la Iglesia como sociedad civil y por supuesto de personas\u201d, explic\u00f3 Piscoya, quien vio a Le\u00f3n XIV en octubre y es autor del libro \u201cLe\u00f3n XIV, retrato de un Papa peruano\u201d.<\/p>\n<p>Esta respuesta integral tuvo m\u00e1s desaf\u00edos cuando lleg\u00f3 la pandemia del covid-19 y muchos venezolanos perdieron los alojamientos que hab\u00edan alquilado, le dijo a CNN Betania Rodr\u00edguez, profesora venezolana en Chiclayo desde 2019.<\/p>\n<p>Con 44 a\u00f1os, Rodr\u00edguez tambi\u00e9n colabor\u00f3 con Prevost y es cofundadora de la Asociaci\u00f3n de Venezolanos en Chiclayo (ASOVENCHIC). Ella resalt\u00f3 que, luego de atender las necesidades m\u00ednimas de quienes llegaban, la regularizaci\u00f3n legal para sus compatriotas y su integraci\u00f3n fue la siguiente prioridad del Obispo.<\/p>\n<p>\u201c\u00c9l no descans\u00f3 hasta que el \u00faltimo migrante venezolano tuviera su carn\u00e9 de extranjer\u00eda\u201d, dijo Rodr\u00edguez, \u201cun documento indispensable para poder acceder al sistema de salud y de educaci\u00f3n\u201d, explic\u00f3.<\/p>\n<p>Seg\u00fan la Comisi\u00f3n de Movilidad Humana y Trata de Personas de la Di\u00f3cesis de Chiclayo, entre un 75 % y 80 % de los venezolanos en la regi\u00f3n ya han pasado por un proceso de regularizaci\u00f3n.<\/p>\n<p>Rodr\u00edguez asisti\u00f3 con su familia al jubileo de los pobres en el Vaticano en noviembre pasado y se encontr\u00f3 con el ahora papa. Al principio, tuvo miedo de que no la reconociera.<\/p>\n<p>\u201cA pesar de que fue un momento muy chiquito y r\u00e1pido por su seguridad, fue un momento muy emocionante: el volverlo a ver y saber que no se olvid\u00f3 de nosotros\u201d, record\u00f3 con voz entusiasta.<\/p>\n<p>\u201cNos reconoci\u00f3 como esas personas que iniciamos con \u00e9l un trabajo comunitario para la comunidad migrante, que en ese entonces estaba pasando por una situaci\u00f3n dif\u00edcil\u201d, a\u00f1adi\u00f3 la profesora venezolana.<\/p>\n<p>Prevost siempre se mostr\u00f3 pendiente de la situaci\u00f3n en Venezuela, seg\u00fan Rodr\u00edguez y D\u00edaz. Ambas esperan que haya una salida pac\u00edfica a trav\u00e9s del di\u00e1logo para la crisis y que no haya m\u00e1s violencia como consecuencia de la tensi\u00f3n entre Estados Unidos y el pa\u00eds. Si el papa Le\u00f3n act\u00faa de mediador para que \u201cla paz y el di\u00e1logo se puedan dar\u201d es alentador, dijo D\u00edaz.<\/p>\n<p>Mientras tanto, los venezolanos en Chiclayo agradecen a Le\u00f3n por su protecci\u00f3n y compromiso con ellos, y sobre todo porque no los olvida.<\/p>\n<p>\u201cLos mejores recuerdos que tengo de \u00e9l es verlo en un espacio abierto preparando bolsas de alimentos sin importar su condici\u00f3n, como jefe, como encargado de la di\u00f3cesis, sentirse uno m\u00e1s en el pueblo de Dios, sentirse uno m\u00e1s de nosotros\u201d, recuerda D\u00edaz, la docente venezolana.<\/p>\n<p>The-CNN-Wire<br \/>&trade; &amp; &copy; 2025 Cable News Network, Inc., a Warner Bros. Discovery Company. All rights reserved.<\/p>\n","protected":false},"excerpt":{"rendered":"<p>En plena tensi\u00f3n entre Estados Unidos y Venezuela, el papa Le\u00f3n XIV se mantiene muy informado sobre el enfrentamiento y, en las \u00faltimas semanas, habl\u00f3 abiertamente sobre el tema. CNN tiene entendido que el Vaticano mantiene contacto cercano con el nuncio apost\u00f3lico en Caracas, el arzobispo Alberto Ortega, quien se comunica frecuentemente con los obispos [&hellip;]<\/p>\n","protected":false},"author":0,"featured_media":0,"comment_status":"open","ping_status":"open","sticky":false,"template":"","format":"standard","meta":{"_jetpack_memberships_contains_paid_content":false,"footnotes":""},"categories":[10],"tags":[],"class_list":["post-1469237","post","type-post","status-publish","format-standard","hentry","category-noticias-nacionales","market-global"],"yoast_head":"<!-- This site is optimized with the Yoast SEO plugin v24.4 - https:\/\/yoast.com\/wordpress\/plugins\/seo\/ -->\n<title>Comprometido desde los a\u00f1os en Chiclayo con el \u00e9xodo venezolano, Le\u00f3n XIV sigue de cerca la tensi\u00f3n entre Maduro y Trump - Noticias<\/title>\n<meta name=\"robots\" content=\"index, follow, max-snippet:-1, max-image-preview:large, max-video-preview:-1\" \/>\n<link rel=\"canonical\" href=\"https:\/\/noticiasya.com\/2025\/12\/13\/exodo-venezolano-papa-leon-compromiso-orix\/\" \/>\n<meta property=\"og:locale\" content=\"es_ES\" \/>\n<meta property=\"og:type\" content=\"article\" \/>\n<meta property=\"og:title\" content=\"Comprometido desde los a\u00f1os en Chiclayo con el \u00e9xodo venezolano, Le\u00f3n XIV sigue de cerca la tensi\u00f3n entre Maduro y Trump - Noticias\" \/>\n<meta property=\"og:description\" content=\"En plena tensi\u00f3n entre Estados Unidos y Venezuela, el papa Le\u00f3n XIV se mantiene muy informado sobre el enfrentamiento y, en las \u00faltimas semanas, habl\u00f3 abiertamente sobre el tema. CNN tiene entendido que el Vaticano mantiene contacto cercano con el nuncio apost\u00f3lico en Caracas, el arzobispo Alberto Ortega, quien se comunica frecuentemente con los obispos [&hellip;]\" \/>\n<meta property=\"og:url\" content=\"https:\/\/noticiasya.com\/2025\/12\/13\/exodo-venezolano-papa-leon-compromiso-orix\/\" \/>\n<meta property=\"og:site_name\" content=\"Noticias\" \/>\n<meta property=\"article:published_time\" content=\"2025-12-13T13:03:41+00:00\" \/>\n<meta name=\"twitter:card\" content=\"summary_large_image\" \/>\n<meta name=\"twitter:label1\" content=\"Est. reading time\" \/>\n\t<meta name=\"twitter:data1\" content=\"9 minutos\" \/>\n<script type=\"application\/ld+json\" class=\"yoast-schema-graph\">{\"@context\":\"https:\/\/schema.org\",\"@graph\":[{\"@type\":\"Article\",\"@id\":\"https:\/\/noticiasya.com\/2025\/12\/13\/exodo-venezolano-papa-leon-compromiso-orix\/#article\",\"isPartOf\":{\"@id\":\"https:\/\/noticiasya.com\/2025\/12\/13\/exodo-venezolano-papa-leon-compromiso-orix\/\"},\"author\":{\"name\":\"\",\"@id\":\"\"},\"headline\":\"Comprometido desde los a\u00f1os en Chiclayo con el \u00e9xodo venezolano, Le\u00f3n XIV sigue de cerca la tensi\u00f3n entre Maduro y Trump\",\"datePublished\":\"2025-12-13T13:03:41+00:00\",\"mainEntityOfPage\":{\"@id\":\"https:\/\/noticiasya.com\/2025\/12\/13\/exodo-venezolano-papa-leon-compromiso-orix\/\"},\"wordCount\":1788,\"commentCount\":0,\"publisher\":{\"@id\":\"https:\/\/noticiasya.com\/#organization\"},\"articleSection\":[\"Noticias Nacionales\"],\"inLanguage\":\"es\",\"potentialAction\":[{\"@type\":\"CommentAction\",\"name\":\"Comment\",\"target\":[\"https:\/\/noticiasya.com\/2025\/12\/13\/exodo-venezolano-papa-leon-compromiso-orix\/#respond\"]}]},{\"@type\":\"WebPage\",\"@id\":\"https:\/\/noticiasya.com\/2025\/12\/13\/exodo-venezolano-papa-leon-compromiso-orix\/\",\"url\":\"https:\/\/noticiasya.com\/2025\/12\/13\/exodo-venezolano-papa-leon-compromiso-orix\/\",\"name\":\"Comprometido desde los a\u00f1os en Chiclayo con el \u00e9xodo venezolano, Le\u00f3n XIV sigue de cerca la tensi\u00f3n entre Maduro y Trump - Noticias\",\"isPartOf\":{\"@id\":\"https:\/\/noticiasya.com\/#website\"},\"datePublished\":\"2025-12-13T13:03:41+00:00\",\"breadcrumb\":{\"@id\":\"https:\/\/noticiasya.com\/2025\/12\/13\/exodo-venezolano-papa-leon-compromiso-orix\/#breadcrumb\"},\"inLanguage\":\"es\",\"potentialAction\":[{\"@type\":\"ReadAction\",\"target\":[\"https:\/\/noticiasya.com\/2025\/12\/13\/exodo-venezolano-papa-leon-compromiso-orix\/\"]}]},{\"@type\":\"BreadcrumbList\",\"@id\":\"https:\/\/noticiasya.com\/2025\/12\/13\/exodo-venezolano-papa-leon-compromiso-orix\/#breadcrumb\",\"itemListElement\":[{\"@type\":\"ListItem\",\"position\":1,\"name\":\"Home\",\"item\":\"https:\/\/noticiasya.com\/\"},{\"@type\":\"ListItem\",\"position\":2,\"name\":\"Comprometido desde los a\u00f1os en Chiclayo con el \u00e9xodo venezolano, Le\u00f3n XIV sigue de cerca la tensi\u00f3n entre Maduro y Trump\"}]},{\"@type\":\"WebSite\",\"@id\":\"https:\/\/noticiasya.com\/#website\",\"url\":\"https:\/\/noticiasya.com\/\",\"name\":\"Noticias\",\"description\":\"Lo que importa\",\"publisher\":{\"@id\":\"https:\/\/noticiasya.com\/#organization\"},\"potentialAction\":[{\"@type\":\"SearchAction\",\"target\":{\"@type\":\"EntryPoint\",\"urlTemplate\":\"https:\/\/noticiasya.com\/?s={search_term_string}\"},\"query-input\":{\"@type\":\"PropertyValueSpecification\",\"valueRequired\":true,\"valueName\":\"search_term_string\"}}],\"inLanguage\":\"es\"},{\"@type\":\"Organization\",\"@id\":\"https:\/\/noticiasya.com\/#organization\",\"name\":\"Noticias\",\"url\":\"https:\/\/noticiasya.com\/\",\"logo\":{\"@type\":\"ImageObject\",\"inLanguage\":\"es\",\"@id\":\"https:\/\/noticiasya.com\/#\/schema\/logo\/image\/\",\"url\":\"https:\/\/noticiasya.com\/wp-content\/uploads\/sites\/22\/2023\/12\/logo-nacional.png\",\"contentUrl\":\"https:\/\/noticiasya.com\/wp-content\/uploads\/sites\/22\/2023\/12\/logo-nacional.png\",\"width\":1801,\"height\":691,\"caption\":\"Noticias\"},\"image\":{\"@id\":\"https:\/\/noticiasya.com\/#\/schema\/logo\/image\/\"}}]}<\/script>\n<!-- \/ Yoast SEO plugin. -->","yoast_head_json":{"title":"Comprometido desde los a\u00f1os en Chiclayo con el \u00e9xodo venezolano, Le\u00f3n XIV sigue de cerca la tensi\u00f3n entre Maduro y Trump - Noticias","robots":{"index":"index","follow":"follow","max-snippet":"max-snippet:-1","max-image-preview":"max-image-preview:large","max-video-preview":"max-video-preview:-1"},"canonical":"https:\/\/noticiasya.com\/2025\/12\/13\/exodo-venezolano-papa-leon-compromiso-orix\/","og_locale":"es_ES","og_type":"article","og_title":"Comprometido desde los a\u00f1os en Chiclayo con el \u00e9xodo venezolano, Le\u00f3n XIV sigue de cerca la tensi\u00f3n entre Maduro y Trump - Noticias","og_description":"En plena tensi\u00f3n entre Estados Unidos y Venezuela, el papa Le\u00f3n XIV se mantiene muy informado sobre el enfrentamiento y, en las \u00faltimas semanas, habl\u00f3 abiertamente sobre el tema. CNN tiene entendido que el Vaticano mantiene contacto cercano con el nuncio apost\u00f3lico en Caracas, el arzobispo Alberto Ortega, quien se comunica frecuentemente con los obispos [&hellip;]","og_url":"https:\/\/noticiasya.com\/2025\/12\/13\/exodo-venezolano-papa-leon-compromiso-orix\/","og_site_name":"Noticias","article_published_time":"2025-12-13T13:03:41+00:00","twitter_card":"summary_large_image","twitter_misc":{"Est. reading time":"9 minutos"},"schema":{"@context":"https:\/\/schema.org","@graph":[{"@type":"Article","@id":"https:\/\/noticiasya.com\/2025\/12\/13\/exodo-venezolano-papa-leon-compromiso-orix\/#article","isPartOf":{"@id":"https:\/\/noticiasya.com\/2025\/12\/13\/exodo-venezolano-papa-leon-compromiso-orix\/"},"author":{"name":"","@id":""},"headline":"Comprometido desde los a\u00f1os en Chiclayo con el \u00e9xodo venezolano, Le\u00f3n XIV sigue de cerca la tensi\u00f3n entre Maduro y Trump","datePublished":"2025-12-13T13:03:41+00:00","mainEntityOfPage":{"@id":"https:\/\/noticiasya.com\/2025\/12\/13\/exodo-venezolano-papa-leon-compromiso-orix\/"},"wordCount":1788,"commentCount":0,"publisher":{"@id":"https:\/\/noticiasya.com\/#organization"},"articleSection":["Noticias Nacionales"],"inLanguage":"es","potentialAction":[{"@type":"CommentAction","name":"Comment","target":["https:\/\/noticiasya.com\/2025\/12\/13\/exodo-venezolano-papa-leon-compromiso-orix\/#respond"]}]},{"@type":"WebPage","@id":"https:\/\/noticiasya.com\/2025\/12\/13\/exodo-venezolano-papa-leon-compromiso-orix\/","url":"https:\/\/noticiasya.com\/2025\/12\/13\/exodo-venezolano-papa-leon-compromiso-orix\/","name":"Comprometido desde los a\u00f1os en Chiclayo con el \u00e9xodo venezolano, Le\u00f3n XIV sigue de cerca la tensi\u00f3n entre Maduro y Trump - Noticias","isPartOf":{"@id":"https:\/\/noticiasya.com\/#website"},"datePublished":"2025-12-13T13:03:41+00:00","breadcrumb":{"@id":"https:\/\/noticiasya.com\/2025\/12\/13\/exodo-venezolano-papa-leon-compromiso-orix\/#breadcrumb"},"inLanguage":"es","potentialAction":[{"@type":"ReadAction","target":["https:\/\/noticiasya.com\/2025\/12\/13\/exodo-venezolano-papa-leon-compromiso-orix\/"]}]},{"@type":"BreadcrumbList","@id":"https:\/\/noticiasya.com\/2025\/12\/13\/exodo-venezolano-papa-leon-compromiso-orix\/#breadcrumb","itemListElement":[{"@type":"ListItem","position":1,"name":"Home","item":"https:\/\/noticiasya.com\/"},{"@type":"ListItem","position":2,"name":"Comprometido desde los a\u00f1os en Chiclayo con el \u00e9xodo venezolano, Le\u00f3n XIV sigue de cerca la tensi\u00f3n entre Maduro y Trump"}]},{"@type":"WebSite","@id":"https:\/\/noticiasya.com\/#website","url":"https:\/\/noticiasya.com\/","name":"Noticias","description":"Lo que importa","publisher":{"@id":"https:\/\/noticiasya.com\/#organization"},"potentialAction":[{"@type":"SearchAction","target":{"@type":"EntryPoint","urlTemplate":"https:\/\/noticiasya.com\/?s={search_term_string}"},"query-input":{"@type":"PropertyValueSpecification","valueRequired":true,"valueName":"search_term_string"}}],"inLanguage":"es"},{"@type":"Organization","@id":"https:\/\/noticiasya.com\/#organization","name":"Noticias","url":"https:\/\/noticiasya.com\/","logo":{"@type":"ImageObject","inLanguage":"es","@id":"https:\/\/noticiasya.com\/#\/schema\/logo\/image\/","url":"https:\/\/noticiasya.com\/wp-content\/uploads\/sites\/22\/2023\/12\/logo-nacional.png","contentUrl":"https:\/\/noticiasya.com\/wp-content\/uploads\/sites\/22\/2023\/12\/logo-nacional.png","width":1801,"height":691,"caption":"Noticias"},"image":{"@id":"https:\/\/noticiasya.com\/#\/schema\/logo\/image\/"}}]}},"parsely":{"version":"1.1.0","canonical_url":"https:\/\/noticiasya.com\/midland-odessa\/2025\/12\/13\/exodo-venezolano-papa-leon-compromiso-orix\/","smart_links":{"inbound":0,"outbound":0},"traffic_boost_suggestions_count":0,"meta":{"@context":"https:\/\/schema.org","@type":"NewsArticle","headline":"Comprometido desde los a\u00f1os en Chiclayo con el \u00e9xodo venezolano, Le\u00f3n XIV sigue de cerca la tensi\u00f3n entre Maduro y Trump","url":"http:\/\/noticiasya.com\/midland-odessa\/2025\/12\/13\/exodo-venezolano-papa-leon-compromiso-orix\/","mainEntityOfPage":{"@type":"WebPage","@id":"http:\/\/noticiasya.com\/midland-odessa\/2025\/12\/13\/exodo-venezolano-papa-leon-compromiso-orix\/"},"thumbnailUrl":"","image":{"@type":"ImageObject","url":""},"articleSection":"Noticias Nacionales","author":[],"creator":[],"publisher":{"@type":"Organization","name":"Noticias","logo":""},"keywords":[],"dateCreated":"2025-12-13T13:03:41Z","datePublished":"2025-12-13T13:03:41Z","dateModified":"2025-12-13T13:03:41Z"},"rendered":"<script type=\"application\/ld+json\" class=\"wp-parsely-metadata\">{\"@context\":\"https:\\\/\\\/schema.org\",\"@type\":\"NewsArticle\",\"headline\":\"Comprometido desde los a\\u00f1os en Chiclayo con el \\u00e9xodo venezolano, Le\\u00f3n XIV sigue de cerca la tensi\\u00f3n entre Maduro y Trump\",\"url\":\"http:\\\/\\\/noticiasya.com\\\/midland-odessa\\\/2025\\\/12\\\/13\\\/exodo-venezolano-papa-leon-compromiso-orix\\\/\",\"mainEntityOfPage\":{\"@type\":\"WebPage\",\"@id\":\"http:\\\/\\\/noticiasya.com\\\/midland-odessa\\\/2025\\\/12\\\/13\\\/exodo-venezolano-papa-leon-compromiso-orix\\\/\"},\"thumbnailUrl\":\"\",\"image\":{\"@type\":\"ImageObject\",\"url\":\"\"},\"articleSection\":\"Noticias Nacionales\",\"author\":[],\"creator\":[],\"publisher\":{\"@type\":\"Organization\",\"name\":\"Noticias\",\"logo\":\"\"},\"keywords\":[],\"dateCreated\":\"2025-12-13T13:03:41Z\",\"datePublished\":\"2025-12-13T13:03:41Z\",\"dateModified\":\"2025-12-13T13:03:41Z\"}<\/script>","tracker_url":"https:\/\/cdn.parsely.com\/keys\/noticiasya.com\/p.js"},"jetpack_featured_media_url":"","jetpack-related-posts":[{"id":1459166,"url":"https:\/\/noticiasya.com\/midland-odessa\/2025\/02\/25\/jose-gregorio-hernandez-papa-francisco-aprueba-canonizacion-beato-venezolano-orix\/","url_meta":{"origin":1469237,"position":0},"title":"El papa Francisco aprueba que se canonice al beato venezolano Jos\u00e9 Gregorio Hern\u00e1ndez","author":"","date":"febrero 25, 2025","format":false,"excerpt":"El Vaticano inform\u00f3 que el papa Francisco recibi\u00f3 este lunes al secretario de Estado del Vaticano, el cardenal Pietro Parolin, y al sustituto para los Asuntos Generales de Secretar\u00eda de Estado de la Santa Sede, el arzobispo venezolano Edgar Pe\u00f1a Parra. Durante esa reuni\u00f3n el papa firm\u00f3 los decretos para\u2026","rel":"","context":"In &quot;Noticias Nacionales&quot;","block_context":{"text":"Noticias Nacionales","link":"https:\/\/noticiasya.com\/midland-odessa\/categoria\/noticias-nacionales"},"img":{"alt_text":"","src":"","width":0,"height":0},"classes":[]},{"id":1463776,"url":"https:\/\/noticiasya.com\/midland-odessa\/2025\/06\/20\/papa-leon-xiv-marco-ia-trax\/","url_meta":{"origin":1469237,"position":1},"title":"El papa Le\u00f3n XIV pide un marco \u00e9tico para la IA en un mensaje a ejecutivos tecnol\u00f3gicos reunidos en el Vaticano","author":"","date":"junio 20, 2025","format":false,"excerpt":"El papa Le\u00f3n XIV afirma que las empresas tecnol\u00f3gicas que desarrollan inteligencia artificial deben regirse por un \u201ccriterio \u00e9tico\u201d que respete la dignidad humana.La IA debe tener en cuenta \u201cel bienestar de la persona humana no solo material, sino tambi\u00e9n intelectual y espiritual\u201d, declar\u00f3 el papa en un mensaje enviado\u2026","rel":"","context":"In &quot;Noticias Nacionales&quot;","block_context":{"text":"Noticias Nacionales","link":"https:\/\/noticiasya.com\/midland-odessa\/categoria\/noticias-nacionales"},"img":{"alt_text":"","src":"","width":0,"height":0},"classes":[]},{"id":1467666,"url":"https:\/\/noticiasya.com\/midland-odessa\/2025\/10\/23\/rey-carlos-papa-leon-vaticano-principe-andres-trax\/","url_meta":{"origin":1469237,"position":2},"title":"El rey Carlos III se re\u00fane con Le\u00f3n XIV en el Vaticano mientras el esc\u00e1ndalo del pr\u00edncipe Andr\u00e9s se cierne sobre Reino Unido","author":"","date":"octubre 23, 2025","format":false,"excerpt":"La visita de estado del rey Carlos III al Vaticano comenz\u00f3 este jueves. El rey se convertir\u00e1 en el primer monarca brit\u00e1nico en rezar con un papa en 500 a\u00f1os, despu\u00e9s de una semana dif\u00edcil con las continuas consecuencias del esc\u00e1ndalo del pr\u00edncipe Andr\u00e9s.El rey Carlos III y la reina\u2026","rel":"","context":"In &quot;Noticias Nacionales&quot;","block_context":{"text":"Noticias Nacionales","link":"https:\/\/noticiasya.com\/midland-odessa\/categoria\/noticias-nacionales"},"img":{"alt_text":"","src":"","width":0,"height":0},"classes":[]},{"id":1450901,"url":"https:\/\/noticiasya.com\/midland-odessa\/2024\/07\/05\/excomulgan-por-cisma-al-arzobispo-carlo-maria-vigano-critico-con-el-papa-francisco\/","url_meta":{"origin":1469237,"position":3},"title":"Excomulgan por cisma al arzobispo Carlo Maria Vigan\u00f2, cr\u00edtico con el papa Francisco","author":"","date":"julio 5, 2024","format":false,"excerpt":"(CNN) -- El arzobispo Carlo Maria Vigan\u00f2, exembajador papal en Estados Unidos que se convirti\u00f3 en un cr\u00edtico ultraconservador de Francisco, fue excomulgado por cisma.El Vaticano dijo en un comunicado que el prelado se hab\u00eda negado a \"reconocer y someterse\" a la autoridad del papa, y hab\u00eda rechazado la \"comuni\u00f3n\"\u2026","rel":"","context":"In &quot;Noticias Nacionales&quot;","block_context":{"text":"Noticias Nacionales","link":"https:\/\/noticiasya.com\/midland-odessa\/categoria\/noticias-nacionales"},"img":{"alt_text":"","src":"","width":0,"height":0},"classes":[]},{"id":1470000,"url":"https:\/\/noticiasya.com\/midland-odessa\/2026\/01\/12\/maria-corina-machado-papa-leon-xiv-vaticano-venezuela-orix\/","url_meta":{"origin":1469237,"position":4},"title":"Mar\u00eda Corina Machado se reuni\u00f3 con el papa Le\u00f3n XIV en el Vaticano","author":"","date":"enero 12, 2026","format":false,"excerpt":"La l\u00edder opositora venezolana Mar\u00eda Corina Machado se reuni\u00f3 este lunes con el papa Le\u00f3n XIV en el Vaticano, inform\u00f3 la oficina de prensa de la Santa Sede.La reuni\u00f3n fue comunicada en el bolet\u00edn con la agenda diaria del papa, aunque no se dieron m\u00e1s detalles sobre el encuentro.Noticia en\u2026","rel":"","context":"In &quot;Noticias Nacionales&quot;","block_context":{"text":"Noticias Nacionales","link":"https:\/\/noticiasya.com\/midland-odessa\/categoria\/noticias-nacionales"},"img":{"alt_text":"","src":"","width":0,"height":0},"classes":[]},{"id":1463306,"url":"https:\/\/noticiasya.com\/midland-odessa\/2025\/06\/07\/papa-leon-xiv-viajara-argentina-orix\/","url_meta":{"origin":1469237,"position":5},"title":"El portavoz de Milei inform\u00f3 que el papa Le\u00f3n XIV viajar\u00e1 a Argentina","author":"","date":"junio 7, 2025","format":false,"excerpt":"Le\u00f3n XIV confirm\u00f3 al presidente Javier Milei que visitar\u00e1 Argentina, seg\u00fan inform\u00f3 este s\u00e1bado el portavoz del mandatario argentino, Manuel Adorni.\u201cEl Papa Le\u00f3n XIV le confirm\u00f3 al presidente de la Naci\u00f3n durante el encuentro que mantuvieron hace unos instantes que visitar\u00e1 la Argentina\u201d, escribi\u00f3 Adorni en su perfil oficial en\u2026","rel":"","context":"In &quot;Noticias Nacionales&quot;","block_context":{"text":"Noticias Nacionales","link":"https:\/\/noticiasya.com\/midland-odessa\/categoria\/noticias-nacionales"},"img":{"alt_text":"","src":"","width":0,"height":0},"classes":[]}],"jetpack_sharing_enabled":true,"_links":{"self":[{"href":"https:\/\/noticiasya.com\/midland-odessa\/wp-json\/wp\/v2\/posts\/1469237","targetHints":{"allow":["GET"]}}],"collection":[{"href":"https:\/\/noticiasya.com\/midland-odessa\/wp-json\/wp\/v2\/posts"}],"about":[{"href":"https:\/\/noticiasya.com\/midland-odessa\/wp-json\/wp\/v2\/types\/post"}],"replies":[{"embeddable":true,"href":"https:\/\/noticiasya.com\/midland-odessa\/wp-json\/wp\/v2\/comments?post=1469237"}],"version-history":[{"count":0,"href":"https:\/\/noticiasya.com\/midland-odessa\/wp-json\/wp\/v2\/posts\/1469237\/revisions"}],"wp:attachment":[{"href":"https:\/\/noticiasya.com\/midland-odessa\/wp-json\/wp\/v2\/media?parent=1469237"}],"wp:term":[{"taxonomy":"category","embeddable":true,"href":"https:\/\/noticiasya.com\/midland-odessa\/wp-json\/wp\/v2\/categories?post=1469237"},{"taxonomy":"post_tag","embeddable":true,"href":"https:\/\/noticiasya.com\/midland-odessa\/wp-json\/wp\/v2\/tags?post=1469237"}],"curies":[{"name":"wp","href":"https:\/\/api.w.org\/{rel}","templated":true}]}}