{"id":1469238,"date":"2025-12-13T06:03:49","date_gmt":"2025-12-13T14:03:49","guid":{"rendered":"https:\/\/noticiasya.com\/2025\/12\/13\/violenta-detencion-minneapolis-ice-trax\/"},"modified":"2025-12-13T06:03:49","modified_gmt":"2025-12-13T14:03:49","slug":"violenta-detencion-minneapolis-ice-trax","status":"publish","type":"post","link":"https:\/\/noticiasya.com\/midland-odessa\/2025\/12\/13\/violenta-detencion-minneapolis-ice-trax\/","title":{"rendered":"Este ciudadano estadounidense sali\u00f3 a almorzar y termin\u00f3 violentamente detenido por un agente enmascarado, muestra un video"},"content":{"rendered":"<p>Mubashir acababa de salir a la calle, en medio del nevado invierno de Minneapolis, para tomar su descanso para almorzar cuando, seg\u00fan cuenta, vio a un agente federal enmascarado corriendo hacia \u00e9l a toda velocidad.<\/p>\n<p>En cuesti\u00f3n de segundos, el agente hab\u00eda derribado al joven somal\u00ed-estadounidense de 20 a\u00f1os, lo hab\u00eda forzado a entrar en el pasillo trasero de un edificio y lo hab\u00eda inmovilizado, seg\u00fan el relato de Mubashir y las im\u00e1genes de video del incidente. No quiso que se revelara su apellido p\u00fablicamente por motivos de privacidad.<\/p>\n<p>\u201cLe dije: \u2018Soy ciudadano estadounidense. \u00bfQu\u00e9 est\u00e1 pasando?\u2019 Pero no pareci\u00f3 importarle\u201d, dijo Mubashir en una conferencia de prensa con l\u00edderes de la ciudad el mi\u00e9rcoles. \u201cMe arrastr\u00f3 afuera por la nieve estando esposado, inmovilizado, indefenso\u201d.<\/p>\n<p>El joven fue esposado por dos agentes, uno de los cuales le aplic\u00f3 una llave de estrangulamiento mientras estaba de rodillas en la calle cubierta de nieve, antes de obligarlo a subir a una camioneta SUV gris que parec\u00eda ser un veh\u00edculo no identificado, mientras los transe\u00fantes gritaban en se\u00f1al de protesta, seg\u00fan muestra el video.<\/p>\n<p>Mubashir dijo que los agentes lo interrogaron sobre su estatus migratorio y lo llevaron a una instalaci\u00f3n federal, a pesar de que \u00e9l afirm\u00f3 varias veces ser ciudadano estadounidense, intent\u00f3 mostrarles una copia digital de su pasaporte y les suplic\u00f3 que lo dejaran ir.<\/p>\n<p>La violenta detenci\u00f3n en el barrio de Cedar-Riverside el martes se ha convertido en otro punto \u00e1lgido de la nueva operaci\u00f3n de control migratorio del Gobierno de Trump, <a href=\"https:\/\/cnnespanol.cnn.com\/2025\/12\/02\/eeuu\/ice-operacion-inmigrantes-somalies-minneapolis-trax\">dirigida a inmigrantes somal\u00edes indocumentados en Minneapolis y St. Paul<\/a>, como parte de su amplia campa\u00f1a de deportaci\u00f3n que ha provocado un aumento de agentes federales en ciudades de tendencia dem\u00f3crata como Los \u00c1ngeles, Chicago, Charlotte y Nueva Orleans.<\/p>\n<p>L\u00edderes locales y estatales de Minnesota han denunciado la operaci\u00f3n por discriminar a la mayor poblaci\u00f3n de personas de origen somal\u00ed del pa\u00eds, quienes, seg\u00fan afirman, son vitales para la comunidad del estado. A medida que se acumulan los informes de ciudadanos estadounidenses detenidos en estas redadas, los somal\u00edes de Minneapolis se enfrentan a un temor generalizado y al miedo ante la presencia federal que se cierne sobre su comunidad, en el contexto de los ataques ret\u00f3ricos del presidente Donald Trump, quien los describe como \u201cbasura\u201d que deber\u00eda \u201cregresar de donde vinieron\u201d.<\/p>\n<p>\u201cLo \u00fanico que hice fue salir a la calle como somal\u00ed-estadounidense, y un enmascarado me persigui\u00f3\u201d, dijo Mubashir. Al ser consultado sobre el incidente, el Departamento de Seguridad Nacional (DHS) declar\u00f3 que los agentes de ICE estaban manteniendo una conversaci\u00f3n \u201cconsensuada\u201d con un presunto inmigrante indocumentado cerca de un lugar con \u201cun alto \u00edndice de actividad delictiva\u201d cuando Mubashir \u201csali\u00f3 de un restaurante cercano, se dio la vuelta y huy\u00f3 de las fuerzas del orden\u201d.<\/p>\n<p>Los agentes, al tener \u201csospechas razonables\u201d, persiguieron al hombre, quien \u201cse resisti\u00f3 violentamente a los agentes y se neg\u00f3 a responder preguntas\u201d, seg\u00fan el DHS.<\/p>\n<p>Mubashir, sin embargo, ha declarado que simplemente estaba \u201cparado\u201d despu\u00e9s de haberse dado la vuelta al ver que se acercaba un veh\u00edculo.<\/p>\n<p>El video muestra a Mubashir y al agente entrando al pasillo del edificio despu\u00e9s de que Mubashir aparentemente abriera la puerta.<\/p>\n<p>Luego, el agente empuja a Mubashir contra una valla y se le oye preguntar: \u201c\u00bfPor qu\u00e9 corres?\u201d.<\/p>\n<p>Un segundo agente se une a ellos y parece ayudar a inmovilizar a Mubashir, a quien se le oye repetir \u201cSoy ciudadano\u201d a los gritos. Varias personas entran al pasillo desde el exterior y comienzan a grabar la interacci\u00f3n y a silbar antes de que los agentes saquen a Mubashir afuera, seg\u00fan muestra el video.<\/p>\n<p>\u201cUna gran multitud de alborotadores se acerc\u00f3 y comenz\u00f3 a amenazar a los agentes\u201d, continu\u00f3 el DHS. \u201cPor su seguridad, detuvieron temporalmente al individuo para poder terminar de hacerle preguntas. Una vez que los agentes terminaron el interrogatorio, fue puesto en libertad de inmediato\u201d.<\/p>\n<p>El gobernador de Minnesota, Tim Walz, ha solicitado una revisi\u00f3n de todas las detenciones federales recientes en una carta a la secretaria del DHS, Kristi Noem, en la que expres\u00f3 su preocupaci\u00f3n por las detenciones de Mubashir y otros ciudadanos estadounidenses, incluyendo algunos que, seg\u00fan \u00e9l, estaban documentando la actividad federal.<\/p>\n<p>Su carta lleg\u00f3 antes del testimonio de Noem ante una pol\u00e9mica audiencia del comit\u00e9 de la C\u00e1mara de Representantes el jueves, en la que se enfrent\u00f3 a preguntas dif\u00edciles sobre las pol\u00edticas de inmigraci\u00f3n de la administraci\u00f3n y los informes de detenciones de ciudadanos.<\/p>\n<p>Mubashir dijo que vive en Estados Unidos desde que ten\u00eda cuatro a\u00f1os y que nunca esper\u00f3 estar \u201cfrente a todas estas c\u00e1maras y micr\u00f3fonos\u201d.<\/p>\n<p>Pero despu\u00e9s de lo que le sucedi\u00f3, dijo, no pod\u00eda quedarse callado.<\/p>\n<p>Mubashir compar\u00f3 el trato que recibi\u00f3 de los agentes con un \u201csecuestro\u201d y describi\u00f3 el incidente como una agresi\u00f3n. \u201cFue inhumano. Me arrastraron por la calle, me tiraron al suelo, me estrangularon. Fue innecesario\u201d, continu\u00f3.<\/p>\n<p>Los agentes federales que detuvieron a Mubashir se negaron a aceptar sus repetidos intentos de mostrarles una copia de su pasaporte en su tel\u00e9fono o de proporcionarles su nombre y fecha de nacimiento para demostrar su ciudadan\u00eda, dijo. En cambio, insistieron en que les permitiera tomarle una foto para realizar la verificaci\u00f3n, seg\u00fan Mubashir.<\/p>\n<p>\u201cMe negu\u00e9, porque \u00bfc\u00f3mo una foto va a demostrar que soy ciudadano estadounidense?\u201d, dijo, antes de finalmente permitirles que le \u201cescanearan\u201d la cara.<\/p>\n<p>Despu\u00e9s de varios intentos fallidos de escanear la cara y las huellas dactilares de Mubashir, los agentes lo trasladaron al centro de detenci\u00f3n en el Edificio Federal Bishop Henry Whipple, que alberga un tribunal de inmigraci\u00f3n y oficinas del Servicio de Inmigraci\u00f3n y Control de Aduanas (ICE), dijo.<\/p>\n<p>All\u00ed, pidi\u00f3 agua y asistencia m\u00e9dica para sus manos entumecidas y su espalda lesionada, pero sus solicitudes fueron denegadas, agreg\u00f3 Mubashir. La declaraci\u00f3n del DHS no abord\u00f3 estas acusaciones.<\/p>\n<p>No fue hasta que una mujer \u201cfinalmente\u201d escuch\u00f3 a Mubashir que se le permiti\u00f3 usar su tel\u00e9fono y mostrar su copia digital del pasaporte como prueba de su ciudadan\u00eda, dijo. Fue liberado despu\u00e9s de dos horas bajo custodia, pero cuando les pidi\u00f3 a los agentes que lo llevaran de regreso al lugar donde lo hab\u00edan detenido, le dijeron que caminara de regreso bajo la nieve, dijo Mubashir. Sus padres finalmente fueron a recogerlo.<\/p>\n<p>\u201cSi esto es lo que le est\u00e1 sucediendo a un ciudadano estadounidense ante las c\u00e1maras, imaginen lo que podr\u00eda sucederles a sus seres queridos cuando no hay nadie alrededor para presenciar lo que est\u00e1n haciendo\u201d, dijo. \u201cAfortunadamente, mi incidente fue grabado en video\u201d.<\/p>\n<p>El jefe de polic\u00eda de la ciudad se disculp\u00f3 con Mubashir por lo sucedido, en el que \u00e9l describi\u00f3 como \u201cmi ciudad, con personas que vest\u00edan chalecos con la palabra \u2018Polic\u00eda\u2019\u201d. Pero este es solo un cap\u00edtulo de una serie de incidentes que ha presenciado en los \u00faltimos d\u00edas, lo que genera preocupaci\u00f3n sobre los m\u00e9todos cuestionables utilizados por los agentes federales, que las autoridades est\u00e1n investigando, declar\u00f3 el jefe Brian O\u2019Hara en la conferencia de prensa.<\/p>\n<p>El alcalde de Minneapolis, Jacob Frey, afirm\u00f3 que la ciudad exigi\u00f3 \u201crendici\u00f3n de cuentas\u201d y cambios inmediatos en la forma en que se lleva a cabo la operaci\u00f3n federal de inmigraci\u00f3n en la ciudad, al tiempo que asegur\u00f3 a la comunidad somal\u00ed que cuentan con el \u201cpleno apoyo del gobierno municipal\u201d.<\/p>\n<p>El DHS declar\u00f3 que las acusaciones de l\u00edderes de la ciudad y otros miembros de la comunidad de que los agentes federales est\u00e1n incurriendo en \u201cdiscriminaci\u00f3n racial\u201d al realizar tareas de control migratorio son \u201crepugnantes, irresponsables y categ\u00f3ricamente FALSAS\u201d.<\/p>\n<p>\u201cLo que convierte a una persona en objetivo de las autoridades de inmigraci\u00f3n es su estatus migratorio ilegal en Estados Unidos, NO su color de piel, raza o etnia\u201d, dice el comunicado del DHS. La agencia afirm\u00f3 que los agentes est\u00e1n \u201ccapacitados para hacer una serie de preguntas espec\u00edficas para determinar el estatus migratorio y la posibilidad de deportaci\u00f3n\u201d cuando se encuentran con personas sujetas a arresto.<\/p>\n<p>Al explicar la campa\u00f1a de deportaci\u00f3n dirigida a somal\u00edes indocumentados, el Departamento de Seguridad Nacional (DHS) ha citado el \u201cfraude generalizado, particularmente el fraude matrimonial, en materia de inmigraci\u00f3n\u201d. Trump tambi\u00e9n hizo referencia a un esc\u00e1ndalo de fraude de US$ 300 millones en Minnesota, en el que decenas de personas, la gran mayor\u00eda de origen somal\u00ed, fueron acusadas.<\/p>\n<p>Este esc\u00e1ndalo, que desvi\u00f3 fondos destinados a la alimentaci\u00f3n de ni\u00f1os durante la pandemia hacia estafadores, es uno de los numerosos casos de fraude relacionados con el covid-19 identificados en todo el pa\u00eds.<\/p>\n<p>La detenci\u00f3n de Mubashir \u201csubraya la necesidad urgente de una mayor supervisi\u00f3n y reforma en las pr\u00e1cticas de control migratorio\u201d, declar\u00f3 el concejal Jamal Osman, un inmigrante somal\u00ed que representa a muchos migrantes en su distrito.<\/p>\n<p>Osman describi\u00f3 a Mubashir como un \u201cmiembro brillante y trabajador de nuestra comunidad\u201d y afirm\u00f3 en un comunicado que su experiencia es un \u201cclaro ejemplo del abuso de poder y la falta de rendici\u00f3n de cuentas en las operaciones de ICE\u201d.<\/p>\n<p>Walz tambi\u00e9n destac\u00f3 la experiencia de Mubashir y otros informes de ciudadanos estadounidenses detenidos por agentes federales de inmigraci\u00f3n mientras \u201crealizaban sus actividades cotidianas\u201d o documentaban la actividad federal, en la carta dirigida a Noem.<\/p>\n<p>Inst\u00f3 al secretario del DHS a que exija responsabilidades a los agentes federales que pudieran haber actuado ilegalmente.<\/p>\n<p>\u201cLa fuerza excesiva, la falta de comunicaci\u00f3n y las pr\u00e1cticas ilegales mostradas por los agentes federales no ser\u00e1n toleradas en Minnesota\u201d, escribi\u00f3 el gobernador.<\/p>\n<p>The-CNN-Wire<br \/>&trade; &amp; &copy; 2025 Cable News Network, Inc., a Warner Bros. Discovery Company. All rights reserved.<\/p>\n","protected":false},"excerpt":{"rendered":"<p>Mubashir acababa de salir a la calle, en medio del nevado invierno de Minneapolis, para tomar su descanso para almorzar cuando, seg\u00fan cuenta, vio a un agente federal enmascarado corriendo hacia \u00e9l a toda velocidad. En cuesti\u00f3n de segundos, el agente hab\u00eda derribado al joven somal\u00ed-estadounidense de 20 a\u00f1os, lo hab\u00eda forzado a entrar en [&hellip;]<\/p>\n","protected":false},"author":0,"featured_media":0,"comment_status":"open","ping_status":"open","sticky":false,"template":"","format":"standard","meta":{"_jetpack_memberships_contains_paid_content":false,"footnotes":""},"categories":[10],"tags":[],"class_list":["post-1469238","post","type-post","status-publish","format-standard","hentry","category-noticias-nacionales","market-global"],"yoast_head":"<!-- This site is optimized with the Yoast SEO plugin v24.4 - https:\/\/yoast.com\/wordpress\/plugins\/seo\/ -->\n<title>Este ciudadano estadounidense sali\u00f3 a almorzar y termin\u00f3 violentamente detenido por un agente enmascarado, muestra un video - Noticias<\/title>\n<meta name=\"robots\" content=\"index, follow, max-snippet:-1, max-image-preview:large, max-video-preview:-1\" \/>\n<link rel=\"canonical\" href=\"https:\/\/noticiasya.com\/2025\/12\/13\/violenta-detencion-minneapolis-ice-trax\/\" \/>\n<meta property=\"og:locale\" content=\"es_ES\" \/>\n<meta property=\"og:type\" content=\"article\" \/>\n<meta property=\"og:title\" content=\"Este ciudadano estadounidense sali\u00f3 a almorzar y termin\u00f3 violentamente detenido por un agente enmascarado, muestra un video - Noticias\" \/>\n<meta property=\"og:description\" content=\"Mubashir acababa de salir a la calle, en medio del nevado invierno de Minneapolis, para tomar su descanso para almorzar cuando, seg\u00fan cuenta, vio a un agente federal enmascarado corriendo hacia \u00e9l a toda velocidad. En cuesti\u00f3n de segundos, el agente hab\u00eda derribado al joven somal\u00ed-estadounidense de 20 a\u00f1os, lo hab\u00eda forzado a entrar en [&hellip;]\" \/>\n<meta property=\"og:url\" content=\"https:\/\/noticiasya.com\/2025\/12\/13\/violenta-detencion-minneapolis-ice-trax\/\" \/>\n<meta property=\"og:site_name\" content=\"Noticias\" \/>\n<meta property=\"article:published_time\" content=\"2025-12-13T14:03:49+00:00\" \/>\n<meta name=\"twitter:card\" content=\"summary_large_image\" \/>\n<meta name=\"twitter:label1\" content=\"Est. reading time\" \/>\n\t<meta name=\"twitter:data1\" content=\"8 minutos\" \/>\n<script type=\"application\/ld+json\" class=\"yoast-schema-graph\">{\"@context\":\"https:\/\/schema.org\",\"@graph\":[{\"@type\":\"Article\",\"@id\":\"https:\/\/noticiasya.com\/2025\/12\/13\/violenta-detencion-minneapolis-ice-trax\/#article\",\"isPartOf\":{\"@id\":\"https:\/\/noticiasya.com\/2025\/12\/13\/violenta-detencion-minneapolis-ice-trax\/\"},\"author\":{\"name\":\"\",\"@id\":\"\"},\"headline\":\"Este ciudadano estadounidense sali\u00f3 a almorzar y termin\u00f3 violentamente detenido por un agente enmascarado, muestra un video\",\"datePublished\":\"2025-12-13T14:03:49+00:00\",\"mainEntityOfPage\":{\"@id\":\"https:\/\/noticiasya.com\/2025\/12\/13\/violenta-detencion-minneapolis-ice-trax\/\"},\"wordCount\":1703,\"commentCount\":0,\"publisher\":{\"@id\":\"https:\/\/noticiasya.com\/#organization\"},\"articleSection\":[\"Noticias Nacionales\"],\"inLanguage\":\"es\",\"potentialAction\":[{\"@type\":\"CommentAction\",\"name\":\"Comment\",\"target\":[\"https:\/\/noticiasya.com\/2025\/12\/13\/violenta-detencion-minneapolis-ice-trax\/#respond\"]}]},{\"@type\":\"WebPage\",\"@id\":\"https:\/\/noticiasya.com\/2025\/12\/13\/violenta-detencion-minneapolis-ice-trax\/\",\"url\":\"https:\/\/noticiasya.com\/2025\/12\/13\/violenta-detencion-minneapolis-ice-trax\/\",\"name\":\"Este ciudadano estadounidense sali\u00f3 a almorzar y termin\u00f3 violentamente detenido por un agente enmascarado, muestra un video - Noticias\",\"isPartOf\":{\"@id\":\"https:\/\/noticiasya.com\/#website\"},\"datePublished\":\"2025-12-13T14:03:49+00:00\",\"breadcrumb\":{\"@id\":\"https:\/\/noticiasya.com\/2025\/12\/13\/violenta-detencion-minneapolis-ice-trax\/#breadcrumb\"},\"inLanguage\":\"es\",\"potentialAction\":[{\"@type\":\"ReadAction\",\"target\":[\"https:\/\/noticiasya.com\/2025\/12\/13\/violenta-detencion-minneapolis-ice-trax\/\"]}]},{\"@type\":\"BreadcrumbList\",\"@id\":\"https:\/\/noticiasya.com\/2025\/12\/13\/violenta-detencion-minneapolis-ice-trax\/#breadcrumb\",\"itemListElement\":[{\"@type\":\"ListItem\",\"position\":1,\"name\":\"Home\",\"item\":\"https:\/\/noticiasya.com\/\"},{\"@type\":\"ListItem\",\"position\":2,\"name\":\"Este ciudadano estadounidense sali\u00f3 a almorzar y termin\u00f3 violentamente detenido por un agente enmascarado, muestra un video\"}]},{\"@type\":\"WebSite\",\"@id\":\"https:\/\/noticiasya.com\/#website\",\"url\":\"https:\/\/noticiasya.com\/\",\"name\":\"Noticias\",\"description\":\"Lo que importa\",\"publisher\":{\"@id\":\"https:\/\/noticiasya.com\/#organization\"},\"potentialAction\":[{\"@type\":\"SearchAction\",\"target\":{\"@type\":\"EntryPoint\",\"urlTemplate\":\"https:\/\/noticiasya.com\/?s={search_term_string}\"},\"query-input\":{\"@type\":\"PropertyValueSpecification\",\"valueRequired\":true,\"valueName\":\"search_term_string\"}}],\"inLanguage\":\"es\"},{\"@type\":\"Organization\",\"@id\":\"https:\/\/noticiasya.com\/#organization\",\"name\":\"Noticias\",\"url\":\"https:\/\/noticiasya.com\/\",\"logo\":{\"@type\":\"ImageObject\",\"inLanguage\":\"es\",\"@id\":\"https:\/\/noticiasya.com\/#\/schema\/logo\/image\/\",\"url\":\"https:\/\/noticiasya.com\/wp-content\/uploads\/sites\/22\/2023\/12\/logo-nacional.png\",\"contentUrl\":\"https:\/\/noticiasya.com\/wp-content\/uploads\/sites\/22\/2023\/12\/logo-nacional.png\",\"width\":1801,\"height\":691,\"caption\":\"Noticias\"},\"image\":{\"@id\":\"https:\/\/noticiasya.com\/#\/schema\/logo\/image\/\"}}]}<\/script>\n<!-- \/ Yoast SEO plugin. -->","yoast_head_json":{"title":"Este ciudadano estadounidense sali\u00f3 a almorzar y termin\u00f3 violentamente detenido por un agente enmascarado, muestra un video - Noticias","robots":{"index":"index","follow":"follow","max-snippet":"max-snippet:-1","max-image-preview":"max-image-preview:large","max-video-preview":"max-video-preview:-1"},"canonical":"https:\/\/noticiasya.com\/2025\/12\/13\/violenta-detencion-minneapolis-ice-trax\/","og_locale":"es_ES","og_type":"article","og_title":"Este ciudadano estadounidense sali\u00f3 a almorzar y termin\u00f3 violentamente detenido por un agente enmascarado, muestra un video - Noticias","og_description":"Mubashir acababa de salir a la calle, en medio del nevado invierno de Minneapolis, para tomar su descanso para almorzar cuando, seg\u00fan cuenta, vio a un agente federal enmascarado corriendo hacia \u00e9l a toda velocidad. En cuesti\u00f3n de segundos, el agente hab\u00eda derribado al joven somal\u00ed-estadounidense de 20 a\u00f1os, lo hab\u00eda forzado a entrar en [&hellip;]","og_url":"https:\/\/noticiasya.com\/2025\/12\/13\/violenta-detencion-minneapolis-ice-trax\/","og_site_name":"Noticias","article_published_time":"2025-12-13T14:03:49+00:00","twitter_card":"summary_large_image","twitter_misc":{"Est. reading time":"8 minutos"},"schema":{"@context":"https:\/\/schema.org","@graph":[{"@type":"Article","@id":"https:\/\/noticiasya.com\/2025\/12\/13\/violenta-detencion-minneapolis-ice-trax\/#article","isPartOf":{"@id":"https:\/\/noticiasya.com\/2025\/12\/13\/violenta-detencion-minneapolis-ice-trax\/"},"author":{"name":"","@id":""},"headline":"Este ciudadano estadounidense sali\u00f3 a almorzar y termin\u00f3 violentamente detenido por un agente enmascarado, muestra un video","datePublished":"2025-12-13T14:03:49+00:00","mainEntityOfPage":{"@id":"https:\/\/noticiasya.com\/2025\/12\/13\/violenta-detencion-minneapolis-ice-trax\/"},"wordCount":1703,"commentCount":0,"publisher":{"@id":"https:\/\/noticiasya.com\/#organization"},"articleSection":["Noticias Nacionales"],"inLanguage":"es","potentialAction":[{"@type":"CommentAction","name":"Comment","target":["https:\/\/noticiasya.com\/2025\/12\/13\/violenta-detencion-minneapolis-ice-trax\/#respond"]}]},{"@type":"WebPage","@id":"https:\/\/noticiasya.com\/2025\/12\/13\/violenta-detencion-minneapolis-ice-trax\/","url":"https:\/\/noticiasya.com\/2025\/12\/13\/violenta-detencion-minneapolis-ice-trax\/","name":"Este ciudadano estadounidense sali\u00f3 a almorzar y termin\u00f3 violentamente detenido por un agente enmascarado, muestra un video - Noticias","isPartOf":{"@id":"https:\/\/noticiasya.com\/#website"},"datePublished":"2025-12-13T14:03:49+00:00","breadcrumb":{"@id":"https:\/\/noticiasya.com\/2025\/12\/13\/violenta-detencion-minneapolis-ice-trax\/#breadcrumb"},"inLanguage":"es","potentialAction":[{"@type":"ReadAction","target":["https:\/\/noticiasya.com\/2025\/12\/13\/violenta-detencion-minneapolis-ice-trax\/"]}]},{"@type":"BreadcrumbList","@id":"https:\/\/noticiasya.com\/2025\/12\/13\/violenta-detencion-minneapolis-ice-trax\/#breadcrumb","itemListElement":[{"@type":"ListItem","position":1,"name":"Home","item":"https:\/\/noticiasya.com\/"},{"@type":"ListItem","position":2,"name":"Este ciudadano estadounidense sali\u00f3 a almorzar y termin\u00f3 violentamente detenido por un agente enmascarado, muestra un video"}]},{"@type":"WebSite","@id":"https:\/\/noticiasya.com\/#website","url":"https:\/\/noticiasya.com\/","name":"Noticias","description":"Lo que importa","publisher":{"@id":"https:\/\/noticiasya.com\/#organization"},"potentialAction":[{"@type":"SearchAction","target":{"@type":"EntryPoint","urlTemplate":"https:\/\/noticiasya.com\/?s={search_term_string}"},"query-input":{"@type":"PropertyValueSpecification","valueRequired":true,"valueName":"search_term_string"}}],"inLanguage":"es"},{"@type":"Organization","@id":"https:\/\/noticiasya.com\/#organization","name":"Noticias","url":"https:\/\/noticiasya.com\/","logo":{"@type":"ImageObject","inLanguage":"es","@id":"https:\/\/noticiasya.com\/#\/schema\/logo\/image\/","url":"https:\/\/noticiasya.com\/wp-content\/uploads\/sites\/22\/2023\/12\/logo-nacional.png","contentUrl":"https:\/\/noticiasya.com\/wp-content\/uploads\/sites\/22\/2023\/12\/logo-nacional.png","width":1801,"height":691,"caption":"Noticias"},"image":{"@id":"https:\/\/noticiasya.com\/#\/schema\/logo\/image\/"}}]}},"parsely":{"version":"1.1.0","canonical_url":"https:\/\/noticiasya.com\/midland-odessa\/2025\/12\/13\/violenta-detencion-minneapolis-ice-trax\/","smart_links":{"inbound":0,"outbound":0},"traffic_boost_suggestions_count":0,"meta":{"@context":"https:\/\/schema.org","@type":"NewsArticle","headline":"Este ciudadano estadounidense sali\u00f3 a almorzar y termin\u00f3 violentamente detenido por un agente enmascarado, muestra un video","url":"http:\/\/noticiasya.com\/midland-odessa\/2025\/12\/13\/violenta-detencion-minneapolis-ice-trax\/","mainEntityOfPage":{"@type":"WebPage","@id":"http:\/\/noticiasya.com\/midland-odessa\/2025\/12\/13\/violenta-detencion-minneapolis-ice-trax\/"},"thumbnailUrl":"","image":{"@type":"ImageObject","url":""},"articleSection":"Noticias Nacionales","author":[],"creator":[],"publisher":{"@type":"Organization","name":"Noticias","logo":""},"keywords":[],"dateCreated":"2025-12-13T14:03:49Z","datePublished":"2025-12-13T14:03:49Z","dateModified":"2025-12-13T14:03:49Z"},"rendered":"<script type=\"application\/ld+json\" class=\"wp-parsely-metadata\">{\"@context\":\"https:\\\/\\\/schema.org\",\"@type\":\"NewsArticle\",\"headline\":\"Este ciudadano estadounidense sali\\u00f3 a almorzar y termin\\u00f3 violentamente detenido por un agente enmascarado, muestra un video\",\"url\":\"http:\\\/\\\/noticiasya.com\\\/midland-odessa\\\/2025\\\/12\\\/13\\\/violenta-detencion-minneapolis-ice-trax\\\/\",\"mainEntityOfPage\":{\"@type\":\"WebPage\",\"@id\":\"http:\\\/\\\/noticiasya.com\\\/midland-odessa\\\/2025\\\/12\\\/13\\\/violenta-detencion-minneapolis-ice-trax\\\/\"},\"thumbnailUrl\":\"\",\"image\":{\"@type\":\"ImageObject\",\"url\":\"\"},\"articleSection\":\"Noticias Nacionales\",\"author\":[],\"creator\":[],\"publisher\":{\"@type\":\"Organization\",\"name\":\"Noticias\",\"logo\":\"\"},\"keywords\":[],\"dateCreated\":\"2025-12-13T14:03:49Z\",\"datePublished\":\"2025-12-13T14:03:49Z\",\"dateModified\":\"2025-12-13T14:03:49Z\"}<\/script>","tracker_url":"https:\/\/cdn.parsely.com\/keys\/noticiasya.com\/p.js"},"jetpack_featured_media_url":"","jetpack-related-posts":[{"id":1470133,"url":"https:\/\/noticiasya.com\/midland-odessa\/2026\/01\/15\/aclu-minnesota-demanda-gobierno-ice-trax\/","url_meta":{"origin":1469238,"position":0},"title":"La ACLU de Minnesota demanda al Gobierno federal por las acciones de ICE en el estado","author":"","date":"enero 15, 2026","format":false,"excerpt":"La Uni\u00f3n Estadounidense por las Libertades Civiles (ACLU, por sus siglas en ingl\u00e9s) de Minnesota present\u00f3 este jueves una demanda colectiva contra el Gobierno federal donde alega que agentes de inmigraci\u00f3n arrestaron o detuvieron violentamente a ciudadanos estadounidenses que estaban ocup\u00e1ndose de sus propios asuntos.\u201cEl Gobierno de Trump ha sido\u2026","rel":"","context":"In &quot;Noticias Nacionales&quot;","block_context":{"text":"Noticias Nacionales","link":"https:\/\/noticiasya.com\/midland-odessa\/categoria\/noticias-nacionales"},"img":{"alt_text":"","src":"","width":0,"height":0},"classes":[]},{"id":1466995,"url":"https:\/\/noticiasya.com\/midland-odessa\/2025\/09\/30\/ciudadano-demanda-millonaria-agentes-migrantes-orix\/","url_meta":{"origin":1469238,"position":1},"title":"Tiene 79 a\u00f1os, es ciudadano de EE.UU. y present\u00f3 una demanda millonaria tras ser arrojado al suelo por agentes migratorios","author":"","date":"septiembre 30, 2025","format":false,"excerpt":"Rafie Ollah Shouhed, un ciudadano estadounidense de 79 a\u00f1os, respira profundo y se toca con las manos el costado izquierdo de su cuerpo, justo en la zona de sus costillas. Varias de ellas quedaron fracturadas durante un operativo de agentes de inmigraci\u00f3n en su local de lavado de autos en\u2026","rel":"","context":"In &quot;Noticias Nacionales&quot;","block_context":{"text":"Noticias Nacionales","link":"https:\/\/noticiasya.com\/midland-odessa\/categoria\/noticias-nacionales"},"img":{"alt_text":"","src":"","width":0,"height":0},"classes":[]},{"id":1464003,"url":"https:\/\/noticiasya.com\/midland-odessa\/2025\/06\/27\/ciudadanos-estadounidenses-detenidos-ice-trax\/","url_meta":{"origin":1469238,"position":2},"title":"Estos ciudadanos estadounidenses fueron detenidos por ICE: &#171;Hoy no estamos seguros en Estados Unidos&#187;","author":"","date":"junio 27, 2025","format":false,"excerpt":"Elzon Lemus siempre est\u00e1 viajando por trabajo, de un lugar a otro.Pero desde que agentes federales de inmigraci\u00f3n lo detuvieron durante un viaje hacia su primer trabajo del d\u00eda a principios de este mes en el condado Nassau, Nueva York, el electricista ha estado en alerta m\u00e1xima, y limit\u00f3 sus\u2026","rel":"","context":"In &quot;Noticias Nacionales&quot;","block_context":{"text":"Noticias Nacionales","link":"https:\/\/noticiasya.com\/midland-odessa\/categoria\/noticias-nacionales"},"img":{"alt_text":"","src":"","width":0,"height":0},"classes":[]},{"id":1464404,"url":"https:\/\/noticiasya.com\/midland-odessa\/2025\/07\/10\/oficial-inteligencia-ucraniano-muere-tiros-kyiv-trax\/","url_meta":{"origin":1469238,"position":3},"title":"Agente de inteligencia ucraniano muere a tiros en Kyiv en un aparente asesinato","author":"","date":"julio 10, 2025","format":false,"excerpt":"Un agente del Servicio de Seguridad de Ucrania (SBU) muri\u00f3 a tiros en Kyiv este jueves por la ma\u00f1ana en lo que fue un aparente asesinato, seg\u00fan le dijeron autoridades a CNN.Un portavoz del servicio declar\u00f3 a CNN que un agente del SBU muri\u00f3 en Kyiv y que la investigaci\u00f3n\u2026","rel":"","context":"In &quot;Noticias Nacionales&quot;","block_context":{"text":"Noticias Nacionales","link":"https:\/\/noticiasya.com\/midland-odessa\/categoria\/noticias-nacionales"},"img":{"alt_text":"","src":"","width":0,"height":0},"classes":[]},{"id":1451874,"url":"https:\/\/noticiasya.com\/midland-odessa\/2024\/08\/15\/tribunal-ruso-condena-ciudadano-estadounidense-15-dias-prision-atacar-a-policia-trax\/","url_meta":{"origin":1469238,"position":4},"title":"Un tribunal ruso condena a un ciudadano estadounidense a 15 d\u00edas de prisi\u00f3n por atacar a un Polic\u00eda","author":"","date":"agosto 15, 2024","format":false,"excerpt":"(CNN) -- Un ciudadano estadounidense fue sentenciado a 15 d\u00edas de prisi\u00f3n en una prisi\u00f3n rusa acusado de \u201cvandalismo menor\u201d por atacar a un oficial de Polic\u00eda, seg\u00fan funcionarios del tribunal de Mosc\u00fa.El ciudadano estadounidense, identificado como Joseph Tater, recibi\u00f3 este mi\u00e9rcoles una \u201csanci\u00f3n administrativa en forma de arresto administrativo\u2026","rel":"","context":"In &quot;Noticias Nacionales&quot;","block_context":{"text":"Noticias Nacionales","link":"https:\/\/noticiasya.com\/midland-odessa\/categoria\/noticias-nacionales"},"img":{"alt_text":"","src":"","width":0,"height":0},"classes":[]},{"id":1461790,"url":"https:\/\/noticiasya.com\/midland-odessa\/2025\/04\/30\/que-paso-madres-deportadas-honduras-hijos-orix\/","url_meta":{"origin":1469238,"position":5},"title":"\u00bfQu\u00e9 pas\u00f3 en el caso de las madres deportadas a Honduras junto a sus hijos menores de edad que son ciudadanos de EE.UU.?","author":"","date":"abril 30, 2025","format":false,"excerpt":"La pol\u00e9mica campa\u00f1a contra la inmigraci\u00f3n del Gobierno de Estados Unidos sigue su curso y casos recientes han hecho sonar las alarmas porque involucran a ni\u00f1os que son ciudadanos estadounidenses.En los primeros tres meses de su segundo mandato, la administraci\u00f3n del presidente Donald Trump ha deportado a 139.000 inmigrantes. Entre\u2026","rel":"","context":"In &quot;Noticias Nacionales&quot;","block_context":{"text":"Noticias Nacionales","link":"https:\/\/noticiasya.com\/midland-odessa\/categoria\/noticias-nacionales"},"img":{"alt_text":"","src":"","width":0,"height":0},"classes":[]}],"jetpack_sharing_enabled":true,"_links":{"self":[{"href":"https:\/\/noticiasya.com\/midland-odessa\/wp-json\/wp\/v2\/posts\/1469238","targetHints":{"allow":["GET"]}}],"collection":[{"href":"https:\/\/noticiasya.com\/midland-odessa\/wp-json\/wp\/v2\/posts"}],"about":[{"href":"https:\/\/noticiasya.com\/midland-odessa\/wp-json\/wp\/v2\/types\/post"}],"replies":[{"embeddable":true,"href":"https:\/\/noticiasya.com\/midland-odessa\/wp-json\/wp\/v2\/comments?post=1469238"}],"version-history":[{"count":0,"href":"https:\/\/noticiasya.com\/midland-odessa\/wp-json\/wp\/v2\/posts\/1469238\/revisions"}],"wp:attachment":[{"href":"https:\/\/noticiasya.com\/midland-odessa\/wp-json\/wp\/v2\/media?parent=1469238"}],"wp:term":[{"taxonomy":"category","embeddable":true,"href":"https:\/\/noticiasya.com\/midland-odessa\/wp-json\/wp\/v2\/categories?post=1469238"},{"taxonomy":"post_tag","embeddable":true,"href":"https:\/\/noticiasya.com\/midland-odessa\/wp-json\/wp\/v2\/tags?post=1469238"}],"curies":[{"name":"wp","href":"https:\/\/api.w.org\/{rel}","templated":true}]}}