{"id":1469239,"date":"2025-12-13T08:03:41","date_gmt":"2025-12-13T16:03:41","guid":{"rendered":"https:\/\/noticiasya.com\/2025\/12\/13\/gaza-tormentas-muerte-palestinos-trax\/"},"modified":"2025-12-13T08:03:41","modified_gmt":"2025-12-13T16:03:41","slug":"gaza-tormentas-muerte-palestinos-trax","status":"publish","type":"post","link":"https:\/\/noticiasya.com\/midland-odessa\/2025\/12\/13\/gaza-tormentas-muerte-palestinos-trax\/","title":{"rendered":"Las tormentas en Gaza causan la muerte de 14 palestinos, incluidos tres ni\u00f1os"},"content":{"rendered":"<p>Las severas condiciones clim\u00e1ticas de las \u00faltimas 72 horas en Gaza han dejado 14 muertos, incluidos tres ni\u00f1os, seg\u00fan declar\u00f3 a CNN el director general del Ministerio de Salud con sede en Gaza, Munir Al-Boursh.<\/p>\n<p>En los \u00faltimos dos a\u00f1os, muchos palestinos no tuvieron m\u00e1s opci\u00f3n que mudarse a tiendas de campa\u00f1a y refugios temporales en medio de la devastadora guerra que dej\u00f3 gran parte del enclave en ruinas.<\/p>\n<p>Las tiendas de campa\u00f1a se inundaron y los palestinos se vieron obligados a vadear entre aguas residuales, barro y escombros sin un refugio adecuado, declar\u00f3 la organizaci\u00f3n humanitaria Oxfam este s\u00e1bado en un comunicado, y a\u00f1adi\u00f3 que las dif\u00edciles condiciones son consecuencia directa de la obstrucci\u00f3n sistem\u00e1tica de la ayuda.<\/p>\n<p>Los palestinos ped\u00edan ayuda en medio del fr\u00edo y la lluvia que dejaron sus pertenencias empapadas y destruidas.<\/p>\n<p>\u201cEl colch\u00f3n, la manta, todo, incluso la ropa, se ha empapado\u2026 Tr\u00e1iganme un colch\u00f3n. Tr\u00e1iganme una tienda de campa\u00f1a. Les ruego, por Dios, que me ayuden\u201d, declar\u00f3 Um Mustafa a CNN el viernes.<\/p>\n<p>Coment\u00f3 que la \u00fanica comida que le quedaba, una bolsa de harina y arroz, se ech\u00f3 a perder al quedar empapada, lo que la dej\u00f3 presa del p\u00e1nico en plena noche.<\/p>\n<p>\u201cSal\u00ed gritando a los vecinos, pidi\u00e9ndoles ayuda\u201d, relat\u00f3. \u201cTodos mis hijos se empaparon con la lluvia\u201d.<\/p>\n<p>Tiendas de campa\u00f1a, refugios temporales e incluso edificios, debilitados por los bombardeos israel\u00edes durante la guerra, se derrumbaron mientras las familias se encontraban dentro, seg\u00fan las autoridades y los palestinos de Gaza. Una beb\u00e9 de ocho meses llamada Rahaf muri\u00f3 de hipotermia, seg\u00fan declar\u00f3 su familia a CNN.<\/p>\n<p>M\u00e1s de 27.000 tiendas de campa\u00f1a fueron arrastradas e inundadas, seg\u00fan un comunicado de la oficina de prensa del Gobierno, dirigida por Hamas. El \u201cdesastre humanitario complejo\u201d afecta al menos a 250.000 personas, seg\u00fan inform\u00f3 la oficina de prensa en un comunicado.<\/p>\n<p>Israel y Hamas alcanzaron una tregua en octubre, lo que permiti\u00f3 la liberaci\u00f3n de todos los rehenes israel\u00edes vivos y puso fin a la guerra de dos a\u00f1os. Israel permiti\u00f3 la entrada de ayuda humanitaria a Gaza para implementar la primera fase del acuerdo.<\/p>\n<p>Sin embargo, Oxfam afirm\u00f3 que las autoridades israel\u00edes \u201ccontin\u00faan bloqueando la entrada de materiales b\u00e1sicos de refugio, combustible e infraestructura h\u00eddrica\u201d, lo que expone a la poblaci\u00f3n a \u201cda\u00f1os totalmente prevenibles\u201d.<\/p>\n<p>\u201cCuando se niega el acceso, las tormentas se vuelven mortales. Este sufrimiento es generado por las pol\u00edticas, no por el clima\u201d, declar\u00f3 el grupo en un comunicado.<\/p>\n<p>La Coordinaci\u00f3n de Actividades Gubernamentales en los Territorios (COGAT), la agencia israel\u00ed encargada de facilitar la distribuci\u00f3n de ayuda humanitaria en Gaza, declar\u00f3 en un comunicado que Israel est\u00e1 \u201ccomprometido\u201d y \u201ccumple plenamente\u201d con su \u201cobligaci\u00f3n de transferir camiones de ayuda humanitaria de conformidad con el acuerdo\u201d.<\/p>\n<p>\u201cEn este marco, cientos de camiones ingresan cada d\u00eda con alimentos, agua, combustible, gas, medicamentos, equipo m\u00e9dico, tiendas de campa\u00f1a y material de refugio\u201d, declar\u00f3 la agencia. \u201cDurante los \u00faltimos meses, COGAT se coordin\u00f3 con la comunidad internacional y facilit\u00f3 la transferencia de cerca de 270.000 tiendas de campa\u00f1a y lonas impermeables directamente a los residentes de la Franja de Gaza\u201d.<\/p>\n<p>\u201cEstamos planeando una respuesta humanitaria adaptada para el pr\u00f3ximo invierno\u201d, declar\u00f3 COGAT.<\/p>\n<p>A pesar de que el primer ministro israel\u00ed, Benjamin Netanyahu, acept\u00f3 p\u00fablicamente el acuerdo de alto el fuego en septiembre, a\u00fan persisten importantes deficiencias en el avance del acuerdo de alto el fuego. Estados Unidos presiona para avanzar r\u00e1pidamente a la siguiente fase, pero Israel condiciona los pasos importantes al regreso del \u00faltimo reh\u00e9n fallecido y se ha resistido a los intentos estadounidenses por resolver el impasse con un grupo aislado de militantes de Hamas en las zonas ocupadas por Israel del sur de Gaza.<\/p>\n<p>The-CNN-Wire<br \/>&trade; &amp; &copy; 2025 Cable News Network, Inc., a Warner Bros. Discovery Company. All rights reserved.<\/p>\n","protected":false},"excerpt":{"rendered":"<p>Las severas condiciones clim\u00e1ticas de las \u00faltimas 72 horas en Gaza han dejado 14 muertos, incluidos tres ni\u00f1os, seg\u00fan declar\u00f3 a CNN el director general del Ministerio de Salud con sede en Gaza, Munir Al-Boursh. En los \u00faltimos dos a\u00f1os, muchos palestinos no tuvieron m\u00e1s opci\u00f3n que mudarse a tiendas de campa\u00f1a y refugios temporales [&hellip;]<\/p>\n","protected":false},"author":0,"featured_media":0,"comment_status":"open","ping_status":"open","sticky":false,"template":"","format":"standard","meta":{"_jetpack_memberships_contains_paid_content":false,"footnotes":""},"categories":[10],"tags":[],"class_list":["post-1469239","post","type-post","status-publish","format-standard","hentry","category-noticias-nacionales","market-global"],"yoast_head":"<!-- This site is optimized with the Yoast SEO plugin v24.4 - https:\/\/yoast.com\/wordpress\/plugins\/seo\/ -->\n<title>Las tormentas en Gaza causan la muerte de 14 palestinos, incluidos tres ni\u00f1os - Noticias<\/title>\n<meta name=\"robots\" content=\"index, follow, max-snippet:-1, max-image-preview:large, max-video-preview:-1\" \/>\n<link rel=\"canonical\" href=\"https:\/\/noticiasya.com\/2025\/12\/13\/gaza-tormentas-muerte-palestinos-trax\/\" \/>\n<meta property=\"og:locale\" content=\"es_ES\" \/>\n<meta property=\"og:type\" content=\"article\" \/>\n<meta property=\"og:title\" content=\"Las tormentas en Gaza causan la muerte de 14 palestinos, incluidos tres ni\u00f1os - Noticias\" \/>\n<meta property=\"og:description\" content=\"Las severas condiciones clim\u00e1ticas de las \u00faltimas 72 horas en Gaza han dejado 14 muertos, incluidos tres ni\u00f1os, seg\u00fan declar\u00f3 a CNN el director general del Ministerio de Salud con sede en Gaza, Munir Al-Boursh. En los \u00faltimos dos a\u00f1os, muchos palestinos no tuvieron m\u00e1s opci\u00f3n que mudarse a tiendas de campa\u00f1a y refugios temporales [&hellip;]\" \/>\n<meta property=\"og:url\" content=\"https:\/\/noticiasya.com\/2025\/12\/13\/gaza-tormentas-muerte-palestinos-trax\/\" \/>\n<meta property=\"og:site_name\" content=\"Noticias\" \/>\n<meta property=\"article:published_time\" content=\"2025-12-13T16:03:41+00:00\" \/>\n<meta name=\"twitter:card\" content=\"summary_large_image\" \/>\n<meta name=\"twitter:label1\" content=\"Est. reading time\" \/>\n\t<meta name=\"twitter:data1\" content=\"3 minutos\" \/>\n<script type=\"application\/ld+json\" class=\"yoast-schema-graph\">{\"@context\":\"https:\/\/schema.org\",\"@graph\":[{\"@type\":\"Article\",\"@id\":\"https:\/\/noticiasya.com\/2025\/12\/13\/gaza-tormentas-muerte-palestinos-trax\/#article\",\"isPartOf\":{\"@id\":\"https:\/\/noticiasya.com\/2025\/12\/13\/gaza-tormentas-muerte-palestinos-trax\/\"},\"author\":{\"name\":\"\",\"@id\":\"\"},\"headline\":\"Las tormentas en Gaza causan la muerte de 14 palestinos, incluidos tres ni\u00f1os\",\"datePublished\":\"2025-12-13T16:03:41+00:00\",\"mainEntityOfPage\":{\"@id\":\"https:\/\/noticiasya.com\/2025\/12\/13\/gaza-tormentas-muerte-palestinos-trax\/\"},\"wordCount\":691,\"commentCount\":0,\"publisher\":{\"@id\":\"https:\/\/noticiasya.com\/#organization\"},\"articleSection\":[\"Noticias Nacionales\"],\"inLanguage\":\"es\",\"potentialAction\":[{\"@type\":\"CommentAction\",\"name\":\"Comment\",\"target\":[\"https:\/\/noticiasya.com\/2025\/12\/13\/gaza-tormentas-muerte-palestinos-trax\/#respond\"]}]},{\"@type\":\"WebPage\",\"@id\":\"https:\/\/noticiasya.com\/2025\/12\/13\/gaza-tormentas-muerte-palestinos-trax\/\",\"url\":\"https:\/\/noticiasya.com\/2025\/12\/13\/gaza-tormentas-muerte-palestinos-trax\/\",\"name\":\"Las tormentas en Gaza causan la muerte de 14 palestinos, incluidos tres ni\u00f1os - Noticias\",\"isPartOf\":{\"@id\":\"https:\/\/noticiasya.com\/#website\"},\"datePublished\":\"2025-12-13T16:03:41+00:00\",\"breadcrumb\":{\"@id\":\"https:\/\/noticiasya.com\/2025\/12\/13\/gaza-tormentas-muerte-palestinos-trax\/#breadcrumb\"},\"inLanguage\":\"es\",\"potentialAction\":[{\"@type\":\"ReadAction\",\"target\":[\"https:\/\/noticiasya.com\/2025\/12\/13\/gaza-tormentas-muerte-palestinos-trax\/\"]}]},{\"@type\":\"BreadcrumbList\",\"@id\":\"https:\/\/noticiasya.com\/2025\/12\/13\/gaza-tormentas-muerte-palestinos-trax\/#breadcrumb\",\"itemListElement\":[{\"@type\":\"ListItem\",\"position\":1,\"name\":\"Home\",\"item\":\"https:\/\/noticiasya.com\/\"},{\"@type\":\"ListItem\",\"position\":2,\"name\":\"Las tormentas en Gaza causan la muerte de 14 palestinos, incluidos tres ni\u00f1os\"}]},{\"@type\":\"WebSite\",\"@id\":\"https:\/\/noticiasya.com\/#website\",\"url\":\"https:\/\/noticiasya.com\/\",\"name\":\"Noticias\",\"description\":\"Lo que importa\",\"publisher\":{\"@id\":\"https:\/\/noticiasya.com\/#organization\"},\"potentialAction\":[{\"@type\":\"SearchAction\",\"target\":{\"@type\":\"EntryPoint\",\"urlTemplate\":\"https:\/\/noticiasya.com\/?s={search_term_string}\"},\"query-input\":{\"@type\":\"PropertyValueSpecification\",\"valueRequired\":true,\"valueName\":\"search_term_string\"}}],\"inLanguage\":\"es\"},{\"@type\":\"Organization\",\"@id\":\"https:\/\/noticiasya.com\/#organization\",\"name\":\"Noticias\",\"url\":\"https:\/\/noticiasya.com\/\",\"logo\":{\"@type\":\"ImageObject\",\"inLanguage\":\"es\",\"@id\":\"https:\/\/noticiasya.com\/#\/schema\/logo\/image\/\",\"url\":\"https:\/\/noticiasya.com\/wp-content\/uploads\/sites\/22\/2023\/12\/logo-nacional.png\",\"contentUrl\":\"https:\/\/noticiasya.com\/wp-content\/uploads\/sites\/22\/2023\/12\/logo-nacional.png\",\"width\":1801,\"height\":691,\"caption\":\"Noticias\"},\"image\":{\"@id\":\"https:\/\/noticiasya.com\/#\/schema\/logo\/image\/\"}}]}<\/script>\n<!-- \/ Yoast SEO plugin. -->","yoast_head_json":{"title":"Las tormentas en Gaza causan la muerte de 14 palestinos, incluidos tres ni\u00f1os - Noticias","robots":{"index":"index","follow":"follow","max-snippet":"max-snippet:-1","max-image-preview":"max-image-preview:large","max-video-preview":"max-video-preview:-1"},"canonical":"https:\/\/noticiasya.com\/2025\/12\/13\/gaza-tormentas-muerte-palestinos-trax\/","og_locale":"es_ES","og_type":"article","og_title":"Las tormentas en Gaza causan la muerte de 14 palestinos, incluidos tres ni\u00f1os - Noticias","og_description":"Las severas condiciones clim\u00e1ticas de las \u00faltimas 72 horas en Gaza han dejado 14 muertos, incluidos tres ni\u00f1os, seg\u00fan declar\u00f3 a CNN el director general del Ministerio de Salud con sede en Gaza, Munir Al-Boursh. En los \u00faltimos dos a\u00f1os, muchos palestinos no tuvieron m\u00e1s opci\u00f3n que mudarse a tiendas de campa\u00f1a y refugios temporales [&hellip;]","og_url":"https:\/\/noticiasya.com\/2025\/12\/13\/gaza-tormentas-muerte-palestinos-trax\/","og_site_name":"Noticias","article_published_time":"2025-12-13T16:03:41+00:00","twitter_card":"summary_large_image","twitter_misc":{"Est. reading time":"3 minutos"},"schema":{"@context":"https:\/\/schema.org","@graph":[{"@type":"Article","@id":"https:\/\/noticiasya.com\/2025\/12\/13\/gaza-tormentas-muerte-palestinos-trax\/#article","isPartOf":{"@id":"https:\/\/noticiasya.com\/2025\/12\/13\/gaza-tormentas-muerte-palestinos-trax\/"},"author":{"name":"","@id":""},"headline":"Las tormentas en Gaza causan la muerte de 14 palestinos, incluidos tres ni\u00f1os","datePublished":"2025-12-13T16:03:41+00:00","mainEntityOfPage":{"@id":"https:\/\/noticiasya.com\/2025\/12\/13\/gaza-tormentas-muerte-palestinos-trax\/"},"wordCount":691,"commentCount":0,"publisher":{"@id":"https:\/\/noticiasya.com\/#organization"},"articleSection":["Noticias Nacionales"],"inLanguage":"es","potentialAction":[{"@type":"CommentAction","name":"Comment","target":["https:\/\/noticiasya.com\/2025\/12\/13\/gaza-tormentas-muerte-palestinos-trax\/#respond"]}]},{"@type":"WebPage","@id":"https:\/\/noticiasya.com\/2025\/12\/13\/gaza-tormentas-muerte-palestinos-trax\/","url":"https:\/\/noticiasya.com\/2025\/12\/13\/gaza-tormentas-muerte-palestinos-trax\/","name":"Las tormentas en Gaza causan la muerte de 14 palestinos, incluidos tres ni\u00f1os - Noticias","isPartOf":{"@id":"https:\/\/noticiasya.com\/#website"},"datePublished":"2025-12-13T16:03:41+00:00","breadcrumb":{"@id":"https:\/\/noticiasya.com\/2025\/12\/13\/gaza-tormentas-muerte-palestinos-trax\/#breadcrumb"},"inLanguage":"es","potentialAction":[{"@type":"ReadAction","target":["https:\/\/noticiasya.com\/2025\/12\/13\/gaza-tormentas-muerte-palestinos-trax\/"]}]},{"@type":"BreadcrumbList","@id":"https:\/\/noticiasya.com\/2025\/12\/13\/gaza-tormentas-muerte-palestinos-trax\/#breadcrumb","itemListElement":[{"@type":"ListItem","position":1,"name":"Home","item":"https:\/\/noticiasya.com\/"},{"@type":"ListItem","position":2,"name":"Las tormentas en Gaza causan la muerte de 14 palestinos, incluidos tres ni\u00f1os"}]},{"@type":"WebSite","@id":"https:\/\/noticiasya.com\/#website","url":"https:\/\/noticiasya.com\/","name":"Noticias","description":"Lo que importa","publisher":{"@id":"https:\/\/noticiasya.com\/#organization"},"potentialAction":[{"@type":"SearchAction","target":{"@type":"EntryPoint","urlTemplate":"https:\/\/noticiasya.com\/?s={search_term_string}"},"query-input":{"@type":"PropertyValueSpecification","valueRequired":true,"valueName":"search_term_string"}}],"inLanguage":"es"},{"@type":"Organization","@id":"https:\/\/noticiasya.com\/#organization","name":"Noticias","url":"https:\/\/noticiasya.com\/","logo":{"@type":"ImageObject","inLanguage":"es","@id":"https:\/\/noticiasya.com\/#\/schema\/logo\/image\/","url":"https:\/\/noticiasya.com\/wp-content\/uploads\/sites\/22\/2023\/12\/logo-nacional.png","contentUrl":"https:\/\/noticiasya.com\/wp-content\/uploads\/sites\/22\/2023\/12\/logo-nacional.png","width":1801,"height":691,"caption":"Noticias"},"image":{"@id":"https:\/\/noticiasya.com\/#\/schema\/logo\/image\/"}}]}},"parsely":{"version":"1.1.0","canonical_url":"https:\/\/noticiasya.com\/midland-odessa\/2025\/12\/13\/gaza-tormentas-muerte-palestinos-trax\/","smart_links":{"inbound":0,"outbound":0},"traffic_boost_suggestions_count":0,"meta":{"@context":"https:\/\/schema.org","@type":"NewsArticle","headline":"Las tormentas en Gaza causan la muerte de 14 palestinos, incluidos tres ni\u00f1os","url":"http:\/\/noticiasya.com\/midland-odessa\/2025\/12\/13\/gaza-tormentas-muerte-palestinos-trax\/","mainEntityOfPage":{"@type":"WebPage","@id":"http:\/\/noticiasya.com\/midland-odessa\/2025\/12\/13\/gaza-tormentas-muerte-palestinos-trax\/"},"thumbnailUrl":"","image":{"@type":"ImageObject","url":""},"articleSection":"Noticias Nacionales","author":[],"creator":[],"publisher":{"@type":"Organization","name":"Noticias","logo":""},"keywords":[],"dateCreated":"2025-12-13T16:03:41Z","datePublished":"2025-12-13T16:03:41Z","dateModified":"2025-12-13T16:03:41Z"},"rendered":"<script type=\"application\/ld+json\" class=\"wp-parsely-metadata\">{\"@context\":\"https:\\\/\\\/schema.org\",\"@type\":\"NewsArticle\",\"headline\":\"Las tormentas en Gaza causan la muerte de 14 palestinos, incluidos tres ni\\u00f1os\",\"url\":\"http:\\\/\\\/noticiasya.com\\\/midland-odessa\\\/2025\\\/12\\\/13\\\/gaza-tormentas-muerte-palestinos-trax\\\/\",\"mainEntityOfPage\":{\"@type\":\"WebPage\",\"@id\":\"http:\\\/\\\/noticiasya.com\\\/midland-odessa\\\/2025\\\/12\\\/13\\\/gaza-tormentas-muerte-palestinos-trax\\\/\"},\"thumbnailUrl\":\"\",\"image\":{\"@type\":\"ImageObject\",\"url\":\"\"},\"articleSection\":\"Noticias Nacionales\",\"author\":[],\"creator\":[],\"publisher\":{\"@type\":\"Organization\",\"name\":\"Noticias\",\"logo\":\"\"},\"keywords\":[],\"dateCreated\":\"2025-12-13T16:03:41Z\",\"datePublished\":\"2025-12-13T16:03:41Z\",\"dateModified\":\"2025-12-13T16:03:41Z\"}<\/script>","tracker_url":"https:\/\/cdn.parsely.com\/keys\/noticiasya.com\/p.js"},"jetpack_featured_media_url":"","jetpack-related-posts":[{"id":1459254,"url":"https:\/\/noticiasya.com\/midland-odessa\/2025\/02\/26\/siete-bebes-mueren-hipotermia-gaza-trax\/","url_meta":{"origin":1469239,"position":0},"title":"Siete beb\u00e9s mueren de hipotermia en Gaza, seg\u00fan las autoridades sanitarias","author":"","date":"febrero 26, 2025","format":false,"excerpt":"Siete beb\u00e9s han muerto de hipotermia en Gaza desde el domingo, seg\u00fan los responsables sanitarios del enclave, quienes advierten que habr\u00e1 m\u00e1s muertes de este tipo a menos que entre m\u00e1s ayuda a la zona.El Dr. Saeed Salah, director m\u00e9dico del Hospital de la Sociedad Ben\u00e9vola de Amigos del Paciente\u2026","rel":"","context":"In &quot;Noticias Nacionales&quot;","block_context":{"text":"Noticias Nacionales","link":"https:\/\/noticiasya.com\/midland-odessa\/categoria\/noticias-nacionales"},"img":{"alt_text":"","src":"","width":0,"height":0},"classes":[]},{"id":1456956,"url":"https:\/\/noticiasya.com\/midland-odessa\/2024\/12\/25\/bebes-palestinos-muertos-invierno-gaza-trax\/","url_meta":{"origin":1469239,"position":1},"title":"Tres beb\u00e9s palestinos mueren congelados en Gaza a medida que llega el invierno","author":"","date":"diciembre 25, 2024","format":false,"excerpt":"Una beb\u00e9 reci\u00e9n nacida muri\u00f3 congelado en un campamento de tiendas de campa\u00f1a en Al-Mawasi, en el sur de Gaza, el mi\u00e9rcoles, lo que pone de relieve los graves desaf\u00edos para la supervivencia que enfrentan los ni\u00f1os palestinos desplazados de sus hogares en medio del ataque continuo de Israel al\u2026","rel":"","context":"In &quot;Noticias Nacionales&quot;","block_context":{"text":"Noticias Nacionales","link":"https:\/\/noticiasya.com\/midland-odessa\/categoria\/noticias-nacionales"},"img":{"alt_text":"","src":"","width":0,"height":0},"classes":[]},{"id":1457114,"url":"https:\/\/noticiasya.com\/midland-odessa\/2025\/01\/01\/frio-palestinos-desplazados-luchan-invierno-gaza-trax\/","url_meta":{"origin":1469239,"position":2},"title":"&#8216;Nos morimos de fr\u00edo&#8217;: palestinos desplazados luchan contra el invierno en Gaza","author":"","date":"enero 1, 2025","format":false,"excerpt":"De pie, descalza en el barro con un recipiente vac\u00edo en la mano en una abarrotada estaci\u00f3n de agua en el centro de Gaza, la palestina Alaa Al-Shawish teme al clima invernal y busca agua limpia para su familia.Su familia vive en una tienda de campa\u00f1a improvisada en Deir Al-Balah,\u2026","rel":"","context":"In &quot;Noticias Nacionales&quot;","block_context":{"text":"Noticias Nacionales","link":"https:\/\/noticiasya.com\/midland-odessa\/categoria\/noticias-nacionales"},"img":{"alt_text":"","src":"","width":0,"height":0},"classes":[]},{"id":1451476,"url":"https:\/\/noticiasya.com\/midland-odessa\/2024\/07\/28\/ataques-israelies-matan-palestinos-gaza-trax\/","url_meta":{"origin":1469239,"position":3},"title":"Al menos 19 palestinos muertos, incluidos ni\u00f1os, tras ataque de Israel en Gaza","author":"","date":"julio 28, 2024","format":false,"excerpt":"(CNN) -- Ataques israel\u00edes mataron al menos a 19 palestinos, incluidos ni\u00f1os, e hirieron a muchos otros en Gaza este domingo, de acuerdo funcionarios de Salud y la Defensa Civil de Gaza.Al menos 10 personas murieron en un ataque a\u00e9reo contra una casa en el centro de Khan Younis, le\u2026","rel":"","context":"In &quot;Noticias Nacionales&quot;","block_context":{"text":"Noticias Nacionales","link":"https:\/\/noticiasya.com\/midland-odessa\/categoria\/noticias-nacionales"},"img":{"alt_text":"","src":"","width":0,"height":0},"classes":[]},{"id":1456153,"url":"https:\/\/noticiasya.com\/midland-odessa\/2024\/11\/29\/invierno-clima-gaza-desplazados-palestinos-trax\/","url_meta":{"origin":1469239,"position":4},"title":"\u201cEl invierno en Gaza significa que m\u00e1s gente morir\u00e1 tiritando&#187;: el fr\u00edo y la lluvia suponen una amenaza a\u00f1adida para los palestinos desplazados","author":"","date":"noviembre 29, 2024","format":false,"excerpt":"(CNN) -- Cientos de miles de palestinos desplazados en m\u00faltiples ocasiones por los ataques a\u00e9reos israel\u00edes en toda Gaza se enfrentan ahora a otra amenaza: la llegada del duro invierno.El domingo, la primera tormenta fuerte que azota Gaza este invierno se dej\u00f3 sentir en todas las zonas del enclave.En un\u2026","rel":"","context":"In &quot;Noticias Nacionales&quot;","block_context":{"text":"Noticias Nacionales","link":"https:\/\/noticiasya.com\/midland-odessa\/categoria\/noticias-nacionales"},"img":{"alt_text":"","src":"","width":0,"height":0},"classes":[]},{"id":1461129,"url":"https:\/\/noticiasya.com\/midland-odessa\/2025\/04\/13\/ofensiva-israeli-gaza-palestinos-trax\/","url_meta":{"origin":1469239,"position":5},"title":"La ofensiva israel\u00ed en Gaza empuja a cientos de miles de palestinos a una burbuja cada vez m\u00e1s peque\u00f1a","author":"","date":"abril 13, 2025","format":false,"excerpt":"Las Fuerzas de Defensa de Israel (FDI) est\u00e1n extendiendo sus operaciones terrestres hacia el interior de Gaza, creando una gran zona de amortiguaci\u00f3n entre Gaza y el territorio israel\u00ed y empujando a cientos de miles de civiles a un \u00e1rea cada vez m\u00e1s peque\u00f1a en la costa mediterr\u00e1nea.Seg\u00fan el recuento\u2026","rel":"","context":"In &quot;Noticias Nacionales&quot;","block_context":{"text":"Noticias Nacionales","link":"https:\/\/noticiasya.com\/midland-odessa\/categoria\/noticias-nacionales"},"img":{"alt_text":"","src":"","width":0,"height":0},"classes":[]}],"jetpack_sharing_enabled":true,"_links":{"self":[{"href":"https:\/\/noticiasya.com\/midland-odessa\/wp-json\/wp\/v2\/posts\/1469239","targetHints":{"allow":["GET"]}}],"collection":[{"href":"https:\/\/noticiasya.com\/midland-odessa\/wp-json\/wp\/v2\/posts"}],"about":[{"href":"https:\/\/noticiasya.com\/midland-odessa\/wp-json\/wp\/v2\/types\/post"}],"replies":[{"embeddable":true,"href":"https:\/\/noticiasya.com\/midland-odessa\/wp-json\/wp\/v2\/comments?post=1469239"}],"version-history":[{"count":0,"href":"https:\/\/noticiasya.com\/midland-odessa\/wp-json\/wp\/v2\/posts\/1469239\/revisions"}],"wp:attachment":[{"href":"https:\/\/noticiasya.com\/midland-odessa\/wp-json\/wp\/v2\/media?parent=1469239"}],"wp:term":[{"taxonomy":"category","embeddable":true,"href":"https:\/\/noticiasya.com\/midland-odessa\/wp-json\/wp\/v2\/categories?post=1469239"},{"taxonomy":"post_tag","embeddable":true,"href":"https:\/\/noticiasya.com\/midland-odessa\/wp-json\/wp\/v2\/tags?post=1469239"}],"curies":[{"name":"wp","href":"https:\/\/api.w.org\/{rel}","templated":true}]}}