{"id":1469243,"date":"2025-12-13T11:03:46","date_gmt":"2025-12-13T19:03:46","guid":{"rendered":"https:\/\/noticiasya.com\/2025\/12\/13\/mexico-estados-unidos-logran-acuerdo-tratado-aguas-efe\/"},"modified":"2025-12-13T11:03:46","modified_gmt":"2025-12-13T19:03:46","slug":"mexico-estados-unidos-logran-acuerdo-tratado-aguas-efe","status":"publish","type":"post","link":"https:\/\/noticiasya.com\/midland-odessa\/2025\/12\/13\/mexico-estados-unidos-logran-acuerdo-tratado-aguas-efe\/","title":{"rendered":"M\u00e9xico y Estados Unidos logran acuerdo sobre el Tratado de Aguas"},"content":{"rendered":"<p>El Gobierno de M\u00e9xico inform\u00f3 este viernes, mediante un comunicado conjunto con Estados Unidos, que ambos pa\u00edses <a href=\"https:\/\/cnnespanol.cnn.com\/2025\/12\/09\/mexico\/sheinbaum-acuerdo-eeuu-agua-orix\">alcanzaron un acuerdo<\/a> en el marco del Tratado de Aguas bilateral, lo que permitir\u00eda desactivar la amenaza de un arancel de 5 % planteada por el presidente estadounidense Donald Trump.<\/p>\n<p>De acuerdo con el entendimiento, M\u00e9xico \u201ctiene la intenci\u00f3n de liberar\u201d 249.163 millones de metros c\u00fabicos de agua, con entregas previstas a partir de la semana del 15 de diciembre.<\/p>\n<p>Ambos gobiernos reconocieron la \u201cimportancia cr\u00edtica\u201d de cumplir con las obligaciones de entrega de agua establecidas en el Tratado de Aguas de 1944, as\u00ed como el impacto directo que estas tienen en las comunidades de ambos pa\u00edses, y coincidieron en la necesidad de fortalecer el compromiso para mejorar la gesti\u00f3n oportuna del recurso h\u00eddrico.<\/p>\n<p>\u201cLos dos gobiernos se encuentran en negociaciones y tienen la intenci\u00f3n de finalizar el plan para el 31 de enero de 2026\u201d, <a href=\"https:\/\/www.gob.mx\/sre\/prensa\/mexico-reafirma-su-compromiso-con-el-tratado-de-aguas-de-1944-y-la-cooperacion-binacional-ante-la-sequia-extrema-en-la-cuenca-del-rio-bravo\">precis\u00f3 el comunicado<\/a> publicado por la Secretar\u00eda de Relaciones Exteriores (SRE) de M\u00e9xico.<\/p>\n<p>Asimismo, indicaron que \u201cen caso de incumplimiento, cada pa\u00eds puede actuar de manera soberana, de acuerdo con sus intereses nacionales, sujeto a sus obligaciones internacionales en el Tratado\u201d.<\/p>\n<p>Y reiteraron la importancia de continuar trabajando de manera coordinada y cooperativa en el marco del Tratado de Aguas de 1944 y de la Comisi\u00f3n Internacional de L\u00edmites y Aguas (CILA\/IBWC).<\/p>\n<p>El entendimiento fue logrado tras varios d\u00edas de negociaciones entre ambos gobiernos, luego de que el lunes el presidente Trump <a href=\"https:\/\/cnnespanol.cnn.com\/2025\/12\/08\/eeuu\/trump-amenaza-mexico-aranceles-mas-altos-trax\">amenaz\u00f3 con imponer un arancel del 5 %<\/a> a M\u00e9xico si el pa\u00eds vecino no libera antes del 31 de diciembre los 246,6 millones de metros c\u00fabicos de agua pendientes seg\u00fan el Tratado de Aguas.<\/p>\n<p>Dicho tratado regula desde 1944 la gesti\u00f3n de los r\u00edos Colorado, Bravo y Conchos, que cruzan ambas naciones.<\/p>\n<p>Trump se\u00f1al\u00f3 que M\u00e9xico a\u00fan debe m\u00e1s de 986,4 millones de metros c\u00fabicos acumulados en los \u00faltimos cinco a\u00f1os y advirti\u00f3 que mientras no se cumpla con el tratado, los agricultores y ganaderos estadounidenses continuar\u00e1n sufriendo da\u00f1os econ\u00f3micos.<\/p>\n<p>Seg\u00fan el tratado de 1944, Estados Unidos debe enviar 1.850 millones de metros c\u00fabicos desde el r\u00edo Colorado al a\u00f1o a M\u00e9xico y M\u00e9xico 2.185 millones de metros c\u00fabicos del r\u00edo Bravo en ciclos de cinco a\u00f1os.<\/p>\n<p>The-CNN-Wire<br \/>&trade; &amp; &copy; 2025 Cable News Network, Inc., a Warner Bros. Discovery Company. All rights reserved.<\/p>\n","protected":false},"excerpt":{"rendered":"<p>El Gobierno de M\u00e9xico inform\u00f3 este viernes, mediante un comunicado conjunto con Estados Unidos, que ambos pa\u00edses alcanzaron un acuerdo en el marco del Tratado de Aguas bilateral, lo que permitir\u00eda desactivar la amenaza de un arancel de 5 % planteada por el presidente estadounidense Donald Trump. De acuerdo con el entendimiento, M\u00e9xico \u201ctiene la [&hellip;]<\/p>\n","protected":false},"author":0,"featured_media":0,"comment_status":"open","ping_status":"open","sticky":false,"template":"","format":"standard","meta":{"_jetpack_memberships_contains_paid_content":false,"footnotes":""},"categories":[10],"tags":[],"class_list":["post-1469243","post","type-post","status-publish","format-standard","hentry","category-noticias-nacionales","market-global"],"yoast_head":"<!-- This site is optimized with the Yoast SEO plugin v24.4 - https:\/\/yoast.com\/wordpress\/plugins\/seo\/ -->\n<title>M\u00e9xico y Estados Unidos logran acuerdo sobre el Tratado de Aguas - Noticias<\/title>\n<meta name=\"robots\" content=\"index, follow, max-snippet:-1, max-image-preview:large, max-video-preview:-1\" \/>\n<link rel=\"canonical\" href=\"https:\/\/noticiasya.com\/2025\/12\/13\/mexico-estados-unidos-logran-acuerdo-tratado-aguas-efe\/\" \/>\n<meta property=\"og:locale\" content=\"es_ES\" \/>\n<meta property=\"og:type\" content=\"article\" \/>\n<meta property=\"og:title\" content=\"M\u00e9xico y Estados Unidos logran acuerdo sobre el Tratado de Aguas - Noticias\" \/>\n<meta property=\"og:description\" content=\"El Gobierno de M\u00e9xico inform\u00f3 este viernes, mediante un comunicado conjunto con Estados Unidos, que ambos pa\u00edses alcanzaron un acuerdo en el marco del Tratado de Aguas bilateral, lo que permitir\u00eda desactivar la amenaza de un arancel de 5 % planteada por el presidente estadounidense Donald Trump. De acuerdo con el entendimiento, M\u00e9xico \u201ctiene la [&hellip;]\" \/>\n<meta property=\"og:url\" content=\"https:\/\/noticiasya.com\/2025\/12\/13\/mexico-estados-unidos-logran-acuerdo-tratado-aguas-efe\/\" \/>\n<meta property=\"og:site_name\" content=\"Noticias\" \/>\n<meta property=\"article:published_time\" content=\"2025-12-13T19:03:46+00:00\" \/>\n<meta name=\"twitter:card\" content=\"summary_large_image\" \/>\n<meta name=\"twitter:label1\" content=\"Est. reading time\" \/>\n\t<meta name=\"twitter:data1\" content=\"2 minutos\" \/>\n<script type=\"application\/ld+json\" class=\"yoast-schema-graph\">{\"@context\":\"https:\/\/schema.org\",\"@graph\":[{\"@type\":\"Article\",\"@id\":\"https:\/\/noticiasya.com\/2025\/12\/13\/mexico-estados-unidos-logran-acuerdo-tratado-aguas-efe\/#article\",\"isPartOf\":{\"@id\":\"https:\/\/noticiasya.com\/2025\/12\/13\/mexico-estados-unidos-logran-acuerdo-tratado-aguas-efe\/\"},\"author\":{\"name\":\"\",\"@id\":\"\"},\"headline\":\"M\u00e9xico y Estados Unidos logran acuerdo sobre el Tratado de Aguas\",\"datePublished\":\"2025-12-13T19:03:46+00:00\",\"mainEntityOfPage\":{\"@id\":\"https:\/\/noticiasya.com\/2025\/12\/13\/mexico-estados-unidos-logran-acuerdo-tratado-aguas-efe\/\"},\"wordCount\":426,\"commentCount\":0,\"publisher\":{\"@id\":\"https:\/\/noticiasya.com\/#organization\"},\"articleSection\":[\"Noticias Nacionales\"],\"inLanguage\":\"es\",\"potentialAction\":[{\"@type\":\"CommentAction\",\"name\":\"Comment\",\"target\":[\"https:\/\/noticiasya.com\/2025\/12\/13\/mexico-estados-unidos-logran-acuerdo-tratado-aguas-efe\/#respond\"]}]},{\"@type\":\"WebPage\",\"@id\":\"https:\/\/noticiasya.com\/2025\/12\/13\/mexico-estados-unidos-logran-acuerdo-tratado-aguas-efe\/\",\"url\":\"https:\/\/noticiasya.com\/2025\/12\/13\/mexico-estados-unidos-logran-acuerdo-tratado-aguas-efe\/\",\"name\":\"M\u00e9xico y Estados Unidos logran acuerdo sobre el Tratado de Aguas - Noticias\",\"isPartOf\":{\"@id\":\"https:\/\/noticiasya.com\/#website\"},\"datePublished\":\"2025-12-13T19:03:46+00:00\",\"breadcrumb\":{\"@id\":\"https:\/\/noticiasya.com\/2025\/12\/13\/mexico-estados-unidos-logran-acuerdo-tratado-aguas-efe\/#breadcrumb\"},\"inLanguage\":\"es\",\"potentialAction\":[{\"@type\":\"ReadAction\",\"target\":[\"https:\/\/noticiasya.com\/2025\/12\/13\/mexico-estados-unidos-logran-acuerdo-tratado-aguas-efe\/\"]}]},{\"@type\":\"BreadcrumbList\",\"@id\":\"https:\/\/noticiasya.com\/2025\/12\/13\/mexico-estados-unidos-logran-acuerdo-tratado-aguas-efe\/#breadcrumb\",\"itemListElement\":[{\"@type\":\"ListItem\",\"position\":1,\"name\":\"Home\",\"item\":\"https:\/\/noticiasya.com\/\"},{\"@type\":\"ListItem\",\"position\":2,\"name\":\"M\u00e9xico y Estados Unidos logran acuerdo sobre el Tratado de Aguas\"}]},{\"@type\":\"WebSite\",\"@id\":\"https:\/\/noticiasya.com\/#website\",\"url\":\"https:\/\/noticiasya.com\/\",\"name\":\"Noticias\",\"description\":\"Lo que importa\",\"publisher\":{\"@id\":\"https:\/\/noticiasya.com\/#organization\"},\"potentialAction\":[{\"@type\":\"SearchAction\",\"target\":{\"@type\":\"EntryPoint\",\"urlTemplate\":\"https:\/\/noticiasya.com\/?s={search_term_string}\"},\"query-input\":{\"@type\":\"PropertyValueSpecification\",\"valueRequired\":true,\"valueName\":\"search_term_string\"}}],\"inLanguage\":\"es\"},{\"@type\":\"Organization\",\"@id\":\"https:\/\/noticiasya.com\/#organization\",\"name\":\"Noticias\",\"url\":\"https:\/\/noticiasya.com\/\",\"logo\":{\"@type\":\"ImageObject\",\"inLanguage\":\"es\",\"@id\":\"https:\/\/noticiasya.com\/#\/schema\/logo\/image\/\",\"url\":\"https:\/\/noticiasya.com\/wp-content\/uploads\/sites\/22\/2023\/12\/logo-nacional.png\",\"contentUrl\":\"https:\/\/noticiasya.com\/wp-content\/uploads\/sites\/22\/2023\/12\/logo-nacional.png\",\"width\":1801,\"height\":691,\"caption\":\"Noticias\"},\"image\":{\"@id\":\"https:\/\/noticiasya.com\/#\/schema\/logo\/image\/\"}}]}<\/script>\n<!-- \/ Yoast SEO plugin. -->","yoast_head_json":{"title":"M\u00e9xico y Estados Unidos logran acuerdo sobre el Tratado de Aguas - Noticias","robots":{"index":"index","follow":"follow","max-snippet":"max-snippet:-1","max-image-preview":"max-image-preview:large","max-video-preview":"max-video-preview:-1"},"canonical":"https:\/\/noticiasya.com\/2025\/12\/13\/mexico-estados-unidos-logran-acuerdo-tratado-aguas-efe\/","og_locale":"es_ES","og_type":"article","og_title":"M\u00e9xico y Estados Unidos logran acuerdo sobre el Tratado de Aguas - Noticias","og_description":"El Gobierno de M\u00e9xico inform\u00f3 este viernes, mediante un comunicado conjunto con Estados Unidos, que ambos pa\u00edses alcanzaron un acuerdo en el marco del Tratado de Aguas bilateral, lo que permitir\u00eda desactivar la amenaza de un arancel de 5 % planteada por el presidente estadounidense Donald Trump. De acuerdo con el entendimiento, M\u00e9xico \u201ctiene la [&hellip;]","og_url":"https:\/\/noticiasya.com\/2025\/12\/13\/mexico-estados-unidos-logran-acuerdo-tratado-aguas-efe\/","og_site_name":"Noticias","article_published_time":"2025-12-13T19:03:46+00:00","twitter_card":"summary_large_image","twitter_misc":{"Est. reading time":"2 minutos"},"schema":{"@context":"https:\/\/schema.org","@graph":[{"@type":"Article","@id":"https:\/\/noticiasya.com\/2025\/12\/13\/mexico-estados-unidos-logran-acuerdo-tratado-aguas-efe\/#article","isPartOf":{"@id":"https:\/\/noticiasya.com\/2025\/12\/13\/mexico-estados-unidos-logran-acuerdo-tratado-aguas-efe\/"},"author":{"name":"","@id":""},"headline":"M\u00e9xico y Estados Unidos logran acuerdo sobre el Tratado de Aguas","datePublished":"2025-12-13T19:03:46+00:00","mainEntityOfPage":{"@id":"https:\/\/noticiasya.com\/2025\/12\/13\/mexico-estados-unidos-logran-acuerdo-tratado-aguas-efe\/"},"wordCount":426,"commentCount":0,"publisher":{"@id":"https:\/\/noticiasya.com\/#organization"},"articleSection":["Noticias Nacionales"],"inLanguage":"es","potentialAction":[{"@type":"CommentAction","name":"Comment","target":["https:\/\/noticiasya.com\/2025\/12\/13\/mexico-estados-unidos-logran-acuerdo-tratado-aguas-efe\/#respond"]}]},{"@type":"WebPage","@id":"https:\/\/noticiasya.com\/2025\/12\/13\/mexico-estados-unidos-logran-acuerdo-tratado-aguas-efe\/","url":"https:\/\/noticiasya.com\/2025\/12\/13\/mexico-estados-unidos-logran-acuerdo-tratado-aguas-efe\/","name":"M\u00e9xico y Estados Unidos logran acuerdo sobre el Tratado de Aguas - Noticias","isPartOf":{"@id":"https:\/\/noticiasya.com\/#website"},"datePublished":"2025-12-13T19:03:46+00:00","breadcrumb":{"@id":"https:\/\/noticiasya.com\/2025\/12\/13\/mexico-estados-unidos-logran-acuerdo-tratado-aguas-efe\/#breadcrumb"},"inLanguage":"es","potentialAction":[{"@type":"ReadAction","target":["https:\/\/noticiasya.com\/2025\/12\/13\/mexico-estados-unidos-logran-acuerdo-tratado-aguas-efe\/"]}]},{"@type":"BreadcrumbList","@id":"https:\/\/noticiasya.com\/2025\/12\/13\/mexico-estados-unidos-logran-acuerdo-tratado-aguas-efe\/#breadcrumb","itemListElement":[{"@type":"ListItem","position":1,"name":"Home","item":"https:\/\/noticiasya.com\/"},{"@type":"ListItem","position":2,"name":"M\u00e9xico y Estados Unidos logran acuerdo sobre el Tratado de Aguas"}]},{"@type":"WebSite","@id":"https:\/\/noticiasya.com\/#website","url":"https:\/\/noticiasya.com\/","name":"Noticias","description":"Lo que importa","publisher":{"@id":"https:\/\/noticiasya.com\/#organization"},"potentialAction":[{"@type":"SearchAction","target":{"@type":"EntryPoint","urlTemplate":"https:\/\/noticiasya.com\/?s={search_term_string}"},"query-input":{"@type":"PropertyValueSpecification","valueRequired":true,"valueName":"search_term_string"}}],"inLanguage":"es"},{"@type":"Organization","@id":"https:\/\/noticiasya.com\/#organization","name":"Noticias","url":"https:\/\/noticiasya.com\/","logo":{"@type":"ImageObject","inLanguage":"es","@id":"https:\/\/noticiasya.com\/#\/schema\/logo\/image\/","url":"https:\/\/noticiasya.com\/wp-content\/uploads\/sites\/22\/2023\/12\/logo-nacional.png","contentUrl":"https:\/\/noticiasya.com\/wp-content\/uploads\/sites\/22\/2023\/12\/logo-nacional.png","width":1801,"height":691,"caption":"Noticias"},"image":{"@id":"https:\/\/noticiasya.com\/#\/schema\/logo\/image\/"}}]}},"parsely":{"version":"1.1.0","canonical_url":"https:\/\/noticiasya.com\/midland-odessa\/2025\/12\/13\/mexico-estados-unidos-logran-acuerdo-tratado-aguas-efe\/","smart_links":{"inbound":0,"outbound":0},"traffic_boost_suggestions_count":0,"meta":{"@context":"https:\/\/schema.org","@type":"NewsArticle","headline":"M\u00e9xico y Estados Unidos logran acuerdo sobre el Tratado de Aguas","url":"http:\/\/noticiasya.com\/midland-odessa\/2025\/12\/13\/mexico-estados-unidos-logran-acuerdo-tratado-aguas-efe\/","mainEntityOfPage":{"@type":"WebPage","@id":"http:\/\/noticiasya.com\/midland-odessa\/2025\/12\/13\/mexico-estados-unidos-logran-acuerdo-tratado-aguas-efe\/"},"thumbnailUrl":"","image":{"@type":"ImageObject","url":""},"articleSection":"Noticias Nacionales","author":[],"creator":[],"publisher":{"@type":"Organization","name":"Noticias","logo":""},"keywords":[],"dateCreated":"2025-12-13T19:03:46Z","datePublished":"2025-12-13T19:03:46Z","dateModified":"2025-12-13T19:03:46Z"},"rendered":"<script type=\"application\/ld+json\" class=\"wp-parsely-metadata\">{\"@context\":\"https:\\\/\\\/schema.org\",\"@type\":\"NewsArticle\",\"headline\":\"M\\u00e9xico y Estados Unidos logran acuerdo sobre el Tratado de Aguas\",\"url\":\"http:\\\/\\\/noticiasya.com\\\/midland-odessa\\\/2025\\\/12\\\/13\\\/mexico-estados-unidos-logran-acuerdo-tratado-aguas-efe\\\/\",\"mainEntityOfPage\":{\"@type\":\"WebPage\",\"@id\":\"http:\\\/\\\/noticiasya.com\\\/midland-odessa\\\/2025\\\/12\\\/13\\\/mexico-estados-unidos-logran-acuerdo-tratado-aguas-efe\\\/\"},\"thumbnailUrl\":\"\",\"image\":{\"@type\":\"ImageObject\",\"url\":\"\"},\"articleSection\":\"Noticias Nacionales\",\"author\":[],\"creator\":[],\"publisher\":{\"@type\":\"Organization\",\"name\":\"Noticias\",\"logo\":\"\"},\"keywords\":[],\"dateCreated\":\"2025-12-13T19:03:46Z\",\"datePublished\":\"2025-12-13T19:03:46Z\",\"dateModified\":\"2025-12-13T19:03:46Z\"}<\/script>","tracker_url":"https:\/\/cdn.parsely.com\/keys\/noticiasya.com\/p.js"},"jetpack_featured_media_url":"","jetpack-related-posts":[{"id":1461085,"url":"https:\/\/noticiasya.com\/midland-odessa\/2025\/04\/11\/sheinbaum-renegocia-tratado-aguas-trump-orix\/","url_meta":{"origin":1469243,"position":0},"title":"Tras nuevas amenazas de Trump, Sheinbaum descarta renegociar tratado de aguas con EE.UU.: &#171;Es un tratado justo&#187;","author":"","date":"abril 11, 2025","format":false,"excerpt":"La presidenta de M\u00e9xico, Claudia Sheinbaum, descart\u00f3 este viernes renegociar el tratado de aguas de 1944 con Estados Unidos y asegur\u00f3 que, en realidad, ese pa\u00eds entrega m\u00e1s agua que M\u00e9xico \u201cporque as\u00ed es la cantidad de agua que hay en cada lugar, no es m\u00e1s que eso\u201d.\u201cNo creo que\u2026","rel":"","context":"In &quot;Noticias Nacionales&quot;","block_context":{"text":"Noticias Nacionales","link":"https:\/\/noticiasya.com\/midland-odessa\/categoria\/noticias-nacionales"},"img":{"alt_text":"","src":"","width":0,"height":0},"classes":[]},{"id":1461098,"url":"https:\/\/noticiasya.com\/midland-odessa\/2025\/04\/11\/tratado-de-aguas-mexico-estados-unidos-guerra-arancelaria-orix\/","url_meta":{"origin":1469243,"position":1},"title":"\u00bfQu\u00e9 es el Tratado de Aguas entre M\u00e9xico y Estados Unidos y por qu\u00e9 es un factor en la guerra arancelaria?","author":"","date":"abril 11, 2025","format":false,"excerpt":"La relaci\u00f3n entre Estados Unidos y M\u00e9xico se complica con un nuevo frente: el agua. La presidenta de M\u00e9xico, Claudia Sheinbaum, respondi\u00f3 este viernes que el tratado firmado por ambos pa\u00edses hace m\u00e1s de 81 a\u00f1os (el 3 de febrero de 1944) es justo, despu\u00e9s de que su hom\u00f3logo de\u2026","rel":"","context":"In &quot;Noticias Nacionales&quot;","block_context":{"text":"Noticias Nacionales","link":"https:\/\/noticiasya.com\/midland-odessa\/categoria\/noticias-nacionales"},"img":{"alt_text":"","src":"","width":0,"height":0},"classes":[]},{"id":1461060,"url":"https:\/\/noticiasya.com\/midland-odessa\/2025\/04\/10\/sheinbaum-responde-trump-incumplimiento-agua-mexico-ee-uu-orix\/","url_meta":{"origin":1469243,"position":2},"title":"Sheinbaum responde ante amenazas de Trump, que se\u00f1ala incumplimiento de tratado de aguas entre M\u00e9xico y EE.UU.","author":"","date":"abril 10, 2025","format":false,"excerpt":"La presidenta de M\u00e9xico, Claudia Sheinbaum, respondi\u00f3 este jueves a las amenazas que el mandatario de Estados Unidos, Donald Trump, lanz\u00f3 al se\u00f1alar incumplimiento a un tratado binacional de aguas que data de mediados del siglo XX.En su cuenta de la red social X, Sheinbaum dijo que su gobierno envi\u00f3\u2026","rel":"","context":"In &quot;Noticias Nacionales&quot;","block_context":{"text":"Noticias Nacionales","link":"https:\/\/noticiasya.com\/midland-odessa\/categoria\/noticias-nacionales"},"img":{"alt_text":"","src":"","width":0,"height":0},"classes":[]},{"id":1469113,"url":"https:\/\/noticiasya.com\/midland-odessa\/2025\/12\/09\/sheinbaum-acuerdo-eeuu-agua-orix\/","url_meta":{"origin":1469243,"position":3},"title":"Sheinbaum dice estar &#171;convencida&#187; de que llegar\u00e1 a un acuerdo con EE.UU. sobre el agua para evitar nuevos aranceles de Trump","author":"","date":"diciembre 9, 2025","format":false,"excerpt":"La presidenta de M\u00e9xico, Claudia Sheinbaum, afirm\u00f3 este martes que conf\u00eda en alcanzar un acuerdo sobre la entrega del agua a Estados Unidos, tras la amenaza del presidente Donald Trump de imponer aranceles si no cumple con el tratado bilateral.\u201cEntonces yo estoy convencida que como en otras ocasiones, vamos a\u2026","rel":"","context":"In &quot;Noticias Nacionales&quot;","block_context":{"text":"Noticias Nacionales","link":"https:\/\/noticiasya.com\/midland-odessa\/categoria\/noticias-nacionales"},"img":{"alt_text":"","src":"","width":0,"height":0},"classes":[]},{"id":1469099,"url":"https:\/\/noticiasya.com\/midland-odessa\/2025\/12\/08\/trump-amenaza-mexico-aranceles-mas-altos-trax\/","url_meta":{"origin":1469243,"position":4},"title":"Trump amenaza a M\u00e9xico con aranceles a\u00fan m\u00e1s altos","author":"","date":"diciembre 8, 2025","format":false,"excerpt":"El presidente de EE.UU., Donald Trump, dijo el lunes que M\u00e9xico trata injustamente a los agricultores estadounidenses, y amenaz\u00f3 al pa\u00eds con su arma econ\u00f3mica favorita: aranceles m\u00e1s altos.Trump dijo en una publicaci\u00f3n en Truth Social que M\u00e9xico est\u00e1 violando su tratado de agua con Estados Unidos, perjudicando la capacidad\u2026","rel":"","context":"In &quot;Noticias Nacionales&quot;","block_context":{"text":"Noticias Nacionales","link":"https:\/\/noticiasya.com\/midland-odessa\/categoria\/noticias-nacionales"},"img":{"alt_text":"","src":"","width":0,"height":0},"classes":[]},{"id":1450441,"url":"https:\/\/noticiasya.com\/midland-odessa\/2024\/06\/17\/guerra-agua-mexico-estados-unidos-trax\/","url_meta":{"origin":1469243,"position":5},"title":"Se avecina una guerra por el agua entre M\u00e9xico y Estados Unidos. Ninguno la ganar\u00e1","author":"","date":"junio 17, 2024","format":false,"excerpt":"(CNN) -- Las tensiones aumentan en una disputa fronteriza entre Estados Unidos y M\u00e9xico. Pero este conflicto no tiene que ver con la migraci\u00f3n, sino con el agua.En virtud de un tratado de 80 a\u00f1os de antig\u00fcedad, Estados Unidos y M\u00e9xico comparten las aguas del r\u00edo Colorado y del r\u00edo\u2026","rel":"","context":"In &quot;Noticias Nacionales&quot;","block_context":{"text":"Noticias Nacionales","link":"https:\/\/noticiasya.com\/midland-odessa\/categoria\/noticias-nacionales"},"img":{"alt_text":"","src":"","width":0,"height":0},"classes":[]}],"jetpack_sharing_enabled":true,"_links":{"self":[{"href":"https:\/\/noticiasya.com\/midland-odessa\/wp-json\/wp\/v2\/posts\/1469243","targetHints":{"allow":["GET"]}}],"collection":[{"href":"https:\/\/noticiasya.com\/midland-odessa\/wp-json\/wp\/v2\/posts"}],"about":[{"href":"https:\/\/noticiasya.com\/midland-odessa\/wp-json\/wp\/v2\/types\/post"}],"replies":[{"embeddable":true,"href":"https:\/\/noticiasya.com\/midland-odessa\/wp-json\/wp\/v2\/comments?post=1469243"}],"version-history":[{"count":0,"href":"https:\/\/noticiasya.com\/midland-odessa\/wp-json\/wp\/v2\/posts\/1469243\/revisions"}],"wp:attachment":[{"href":"https:\/\/noticiasya.com\/midland-odessa\/wp-json\/wp\/v2\/media?parent=1469243"}],"wp:term":[{"taxonomy":"category","embeddable":true,"href":"https:\/\/noticiasya.com\/midland-odessa\/wp-json\/wp\/v2\/categories?post=1469243"},{"taxonomy":"post_tag","embeddable":true,"href":"https:\/\/noticiasya.com\/midland-odessa\/wp-json\/wp\/v2\/tags?post=1469243"}],"curies":[{"name":"wp","href":"https:\/\/api.w.org\/{rel}","templated":true}]}}