{"id":1469248,"date":"2025-12-13T15:03:43","date_gmt":"2025-12-13T23:03:43","guid":{"rendered":"https:\/\/noticiasya.com\/2025\/12\/13\/zona-cero-911-james-richie-js-trax\/"},"modified":"2025-12-13T15:03:43","modified_gmt":"2025-12-13T23:03:43","slug":"zona-cero-911-james-richie-js-trax","status":"publish","type":"post","link":"https:\/\/noticiasya.com\/midland-odessa\/2025\/12\/13\/zona-cero-911-james-richie-js-trax\/","title":{"rendered":"Busc\u00f3 a su hijo en la Zona Cero durante seis meses. 24 a\u00f1os despu\u00e9s, el 11 de septiembre tambi\u00e9n acab\u00f3 con su vida"},"content":{"rendered":"<p>El 11 de septiembre de 2001, cuando la segunda torre del World Trade Center se desplom\u00f3, el entonces jefe de batall\u00f3n del Departamento de Bomberos de la Ciudad de Nueva York, James \u201cJim\u201d Riches, corri\u00f3 hacia la Zona Cero.<\/p>\n<p>Su hijo mayor, Jimmy Jr., bombero asignado a la Ladder 114 en el vecindario de Sunset Park, en Brooklyn, estaba trabajando esa ma\u00f1ana con la Engine Company 4 cuando respondi\u00f3 a la emergencia en el bajo Manhattan.<\/p>\n<p>Jimmy Jr. <a href=\"https:\/\/www.facebook.com\/911memorial\/posts\/jimmy-riches-began-his-career-with-the-nypd-and-joined-the-new-york-city-fire-de\/10156261809919026\/\">fue visto por \u00faltima vez<\/a> sacando a una mujer herida del vest\u00edbulo de la Torre Norte.<\/p>\n<p>En lugar de celebrar al d\u00eda siguiente el cumplea\u00f1os n\u00famero 30 de su hijo, Riches pas\u00f3 los seis meses siguientes removiendo incansablemente acero retorcido y cenizas, poniendo en riesgo su propia seguridad, en busca del hijo que hab\u00eda seguido sus pasos. Jimmy Jr. fue uno de los 343 bomberos que murieron durante las labores en los atentados.<\/p>\n<p>Cuando las torres y varios edificios cercanos colapsaron, una densa nube de polvo t\u00f3xico, gases y humo envolvi\u00f3 el bajo Manhattan y partes de Brooklyn, <a href=\"https:\/\/www.cdc.gov\/wtc\/conditions.html#:~:text=Burn,Upper%20airways%20hyperreactivity\">de acuerdo con los Centros para el Control y la Prevenci\u00f3n de Enfermedades<\/a> (CDC, por sus siglas en ingl\u00e9s).<\/p>\n<p>\u201cEstaba all\u00ed todos los d\u00edas buscando a su hijo\u201d, dijo Richard Brower, teniente retirado del FDNY y expresidente de la Asociaci\u00f3n de Oficiales de Bomberos Uniformados.<\/p>\n<p>La b\u00fasqueda de Riches por encontrar a su hijo termin\u00f3 en marzo de 2002, cuando el casco aplastado de Jimmy Jr. con el n\u00famero Ladder 114 fue encontrado entre los escombros de donde alguna vez estuvo la Torre Norte. Su cuerpo fue descubierto cerca de all\u00ed.<\/p>\n<p>24 a\u00f1os despu\u00e9s, la exposici\u00f3n t\u00f3xica de aquellos meses de b\u00fasqueda tambi\u00e9n acabar\u00eda con la vida de Riches. Muri\u00f3 el D\u00eda de Acci\u00f3n de Gracias y se convirti\u00f3 en uno de los m\u00e1s de 400 integrantes del FDNY que han fallecido por enfermedades relacionadas con el 11 de septiembre. Ten\u00eda 74 a\u00f1os.<\/p>\n<p>Miles de bomberos, oficiales de bomberos, param\u00e9dicos y trabajadores de rescate m\u00e1s est\u00e1n luchando contra c\u00e1nceres, enfermedades pulmonares, afecciones card\u00edacas, trastornos digestivos y otras enfermedades cr\u00f3nicas causadas por la inhalaci\u00f3n de toxinas en la Zona Cero.<\/p>\n<p>Riches dedic\u00f3 dos d\u00e9cadas a luchar por justicia para los sobrevivientes del 11 de septiembre, las v\u00edctimas y sus familias.<\/p>\n<p>Riches se uni\u00f3 al departamento de bomberos en 1977 y, con los a\u00f1os, se gan\u00f3 el apodo de \u201cBig Daddy\u201d por tener siempre a uno de sus hijos a su lado.<\/p>\n<p>Jimmy Jr., exoficial del Departamento de Polic\u00eda de Nueva York, ingres\u00f3 al FDNY en 1999. Sus tres hermanos menores, Timothy, Danny y Thomas, tambi\u00e9n se convertir\u00edan en bomberos.<\/p>\n<p>Cuando el cuerpo de Jimmy Jr. fue encontrado en marzo de 2002, Riches llam\u00f3 a sus hijos, incluido el capit\u00e1n del Departamento de Bomberos de Nueva York Thomas Riches, que entonces ten\u00eda 17 a\u00f1os, y juntos sacaron a Jimmy Jr. del pozo de la Zona Cero, donde antes estaba la Torre Norte. Lo colocaron en una camilla envuelta en una bandera estadounidense mientras los trabajadores cercanos se alineaban para formar una procesi\u00f3n.<\/p>\n<p>\u201cTodos nos metimos ah\u00ed abajo, con nuestras manos y rodillas, y excavamos con las manos\u201d, dijo Riches <a href=\"https:\/\/www.cnn.com\/TRANSCRIPTS\/1309\/08\/se.01.html#:~:text=With%20that%2C%20a%20whole%20crew%20of%20us%20got%20down%20there%20on%20our%20hands%20and%20knees%20and%20we%20dug%2C%20you%20know%2C%20with%20our%20hands\">en entrevistas previas<\/a>.<\/p>\n<p>Incluso despu\u00e9s de encontrar a su hijo, Riches regres\u00f3 todos los d\u00edas a la Zona Cero hasta que terminaron las labores de recuperaci\u00f3n en mayo de 2002, con la esperanza de dar algo de paz a otras familias. M\u00e1s de 2.900 personas murieron el 11 de septiembre y Riches estaba decidido a ayudar a recuperarlas a todas.<\/p>\n<p>\u201cMe qued\u00e9 hasta el final y fue una tarea espantosa\u201d, dijo Riches anteriormente, \u201cy es bueno que Estados Unidos nunca olvide y siga adelante con esto, porque estas personas fueron h\u00e9roes que fueron atacados en esta tierra y no merecen ser olvidados\u201d.<\/p>\n<p>\u201cMi hijo no va a volver. Sobre eso no hay consuelo\u201d, dijo. \u201cPero, \u00bfsabes?, yo tengo un cementerio al cual ir. Hay miles de familias que no tienen ning\u00fan lugar al que acudir, y me rompe el coraz\u00f3n saber que este es su cementerio\u201d.<\/p>\n<p>A\u00f1os despu\u00e9s, Riches contaba que cada vez que pasaba por la zona se deten\u00eda, se persignaba y hac\u00eda una oraci\u00f3n.<\/p>\n<p>En los a\u00f1os siguientes, Riches vio c\u00f3mo sus compa\u00f1eros bomberos empezaban a enfermar, algunos tos\u00edan sangre y otros luchaban contra c\u00e1nceres misteriosos y enfermedades pulmonares. \u00c9l ya hab\u00eda dado la voz de alarma, escrito cartas, hablado en reuniones sindicales y testificado ante los legisladores sobre la creciente crisis sanitaria entre los primeros respondientes del 11 de septiembre.<\/p>\n<p>Riches se enfrent\u00f3 a su propia emergencia m\u00e9dica en 2005. Tras meses de dificultades respiratorias, fue hospitalizado con s\u00edndrome de dificultad respiratoria aguda (ARDS, por sus siglas en ingl\u00e9s), una condici\u00f3n potencialmente mortal que lo dej\u00f3 en coma durante 16 d\u00edas.<\/p>\n<p>\u201cLe dijeron a mi familia que morir\u00eda en cinco horas, que reunieran a todos. Y sal\u00ed adelante, pero luego tuve s\u00edntomas similares a los de un derrame cerebral. Tuve que aprender a caminar, a hablar y a hacer todo de nuevo. Estoy vivo, gracias a Dios\u201d, dijo a CNN en 2014.<\/p>\n<p>Pero su capacidad pulmonar nunca volvi\u00f3 a ser la misma.<\/p>\n<p>\u201cNunca lograba recuperar el aliento, \u00bfsabes? Y luch\u00f3 contra todos esos peque\u00f1os problemas pulmonares y dem\u00e1s durante a\u00f1os\u201d, dijo su hijo Thomas. \u201cPuede que mucha gente no lo supiera, pero nosotros en casa s\u00ed lo sab\u00edamos\u201d.<\/p>\n<p>Riches se retir\u00f3 del departamento de bomberos en 2007 como subjefe, el rango m\u00e1s alto que puede alcanzar un bombero sin un nombramiento pol\u00edtico, explic\u00f3 Thomas.<\/p>\n<p>Durante la mayor parte de su vida, Riches fue una figura imponente, tanto en la cancha de baloncesto de la Universidad Estatal de Iowa como en las ligas del FDNY y en sus carreras diarias junto al mar. Cuando Riches y sus hijos mayores jugaban juntos al baloncesto, seg\u00fan Thomas, eran \u201cuna fuerza imparable\u201d.<\/p>\n<p>Se convirti\u00f3 en un f\u00e9rreo defensor de los oficiales de primeros auxilios, de las v\u00edctimas del 11 de septiembre y de sus familias, y lleg\u00f3 a presidir la organizaci\u00f3n <a href=\"http:\/\/www.respecthumanremainsatthe911memorial.com\/whoweare.html#:~:text=Chairman%20of%209\/11%20Parents%20and%20Families%20of%20Firefighters\">Familias del 11-S y Padres de Bomberos y V\u00edctimas del WTC<\/a>.<\/p>\n<p>Sus esfuerzos, junto con los de otros supervivientes y familiares, contribuyeron a la creaci\u00f3n del <a href=\"https:\/\/www.cdc.gov\/wtc\/conditions.html\">Programa de Salud del World Trade Center<\/a> y del <a href=\"https:\/\/www.vcf.gov\/\">Fondo de Compensaci\u00f3n para las V\u00edctimas del 11-S<\/a>. Testific\u00f3 ante el Congreso, se reuni\u00f3 con la administraci\u00f3n Obama y <a href=\"https:\/\/www.cnn.com\/2012\/04\/04\/justice\/new-york-khalid\">viaj\u00f3 a Guant\u00e1namo<\/a> para representar a las familias durante las audiencias contra los hombres acusados de conspirar en los atentados.<\/p>\n<p>A nivel local, no dud\u00f3 en alzar la voz y criticar p\u00fablicamente al entonces alcalde de Nueva York, Rudy Giuliani, por politizar la tragedia y por la falta de preparaci\u00f3n de la ciudad, as\u00ed como por el uso de equipos obsoletos, en particular radios de casi una d\u00e9cada de antig\u00fcedad que impidieron que muchos bomberos escucharan llamadas de auxilio.<\/p>\n<p>Cuando se inaugur\u00f3 el Museo Memorial del 11-S en 2014, Riches estuvo all\u00ed, no para celebrarlo, sino para denunciar lo que \u00e9l denomin\u00f3 <a href=\"https:\/\/www.cnn.com\/2014\/05\/19\/us\/9-11-memorial-museum-gift-shop\">\u201cuna atracci\u00f3n tur\u00edstica generadora de ingresos\u201d<\/a>. A menudo hablaba p\u00fablicamente de su desd\u00e9n por el hecho de que se cobrara la entrada. El museo no proporciona fondos para apoyar a los supervivientes del 11 de septiembre ni a sus familias, ni contribuye a la investigaci\u00f3n de enfermedades relacionadas con el World Trade Center. El museo se neg\u00f3 a comentar espec\u00edficamente sobre el apoyo a las familias del 11 de septiembre.<\/p>\n<p>La devoci\u00f3n de Riches por su familia y por sus compa\u00f1eros bomberos fue legendaria.<\/p>\n<p>\u201cPara m\u00ed siempre fue una figura m\u00e1s grande que la vida\u201d, dijo Thomas. Sin importar lo ocupado que estuviera con su trabajo o su activismo, siempre encontraba la forma de asistir a los partidos deportivos de sus hijos. Brower lo describi\u00f3 como \u201cm\u00e1s grande que la vida\u201d y como un hombre profundamente dedicado a su familia, y calific\u00f3 a su esposa, Rita, como \u201cuna santa\u201d.<\/p>\n<p>El legado de Riches perdura en la calle Dyker Heights de Brooklyn, que lleva el nombre de su hijo, en las becas en honor a Jimmy Jr. y en las innumerables vidas que toc\u00f3 con su labor de defensa. En realidad, nunca abandon\u00f3 la Zona Cero, permaneci\u00f3 all\u00ed y dedic\u00f3 el resto de su vida a apoyar a las familias del 11-S y a los bomberos enfermos.<\/p>\n<p>Su funeral, celebrado el 1 de diciembre en la iglesia cat\u00f3lica St. Patrick, en Bay Ridge, Brooklyn, congreg\u00f3 a multitudes que rodearon la manzana bajo la lluvia para rendirle homenaje.<\/p>\n<p>\u201cFue abrumador escuchar todas las historias\u201d, dijo Thomas. Bomberos de alto rango, incluidos algunos con cargos designados, le dijeron que admiraban a su padre.<\/p>\n<p>\u201cEran personas a las que uno pensaba que todos admiraban\u201d, cont\u00f3 Thomas. \u201cY me dec\u00edan, no, \u00e9l era quien marcaba el ejemplo y el tono para nosotros. Eso fue muy poderoso\u201d.<\/p>\n<p>Mientras Riches era sepultado, el sonido solemne de las gaitas reson\u00f3 en las calles, en una despedida completa del FDNY para un hombre que nunca dej\u00f3 de luchar por sus compa\u00f1eros.<\/p>\n<p><em>M\u00e1s informaci\u00f3n sobre las enfermedades relacionadas con el World Trade Center y el Programa de Salud del WTC est\u00e1 disponible en <\/em><a href=\"https:\/\/www.cdc.gov\/wtc\/conditions.html\"><em>el sitio web de los CDC<\/em><\/a><em>.<\/em><\/p>\n<p>The-CNN-Wire<br \/>&trade; &amp; &copy; 2025 Cable News Network, Inc., a Warner Bros. Discovery Company. All rights reserved.<\/p>\n","protected":false},"excerpt":{"rendered":"<p>El 11 de septiembre de 2001, cuando la segunda torre del World Trade Center se desplom\u00f3, el entonces jefe de batall\u00f3n del Departamento de Bomberos de la Ciudad de Nueva York, James \u201cJim\u201d Riches, corri\u00f3 hacia la Zona Cero. Su hijo mayor, Jimmy Jr., bombero asignado a la Ladder 114 en el vecindario de Sunset [&hellip;]<\/p>\n","protected":false},"author":0,"featured_media":0,"comment_status":"open","ping_status":"open","sticky":false,"template":"","format":"standard","meta":{"_jetpack_memberships_contains_paid_content":false,"footnotes":""},"categories":[10],"tags":[],"class_list":["post-1469248","post","type-post","status-publish","format-standard","hentry","category-noticias-nacionales","market-global"],"yoast_head":"<!-- This site is optimized with the Yoast SEO plugin v24.4 - https:\/\/yoast.com\/wordpress\/plugins\/seo\/ -->\n<title>Busc\u00f3 a su hijo en la Zona Cero durante seis meses. 24 a\u00f1os despu\u00e9s, el 11 de septiembre tambi\u00e9n acab\u00f3 con su vida - Noticias<\/title>\n<meta name=\"robots\" content=\"index, follow, max-snippet:-1, max-image-preview:large, max-video-preview:-1\" \/>\n<link rel=\"canonical\" href=\"https:\/\/noticiasya.com\/2025\/12\/13\/zona-cero-911-james-richie-js-trax\/\" \/>\n<meta property=\"og:locale\" content=\"es_ES\" \/>\n<meta property=\"og:type\" content=\"article\" \/>\n<meta property=\"og:title\" content=\"Busc\u00f3 a su hijo en la Zona Cero durante seis meses. 24 a\u00f1os despu\u00e9s, el 11 de septiembre tambi\u00e9n acab\u00f3 con su vida - Noticias\" \/>\n<meta property=\"og:description\" content=\"El 11 de septiembre de 2001, cuando la segunda torre del World Trade Center se desplom\u00f3, el entonces jefe de batall\u00f3n del Departamento de Bomberos de la Ciudad de Nueva York, James \u201cJim\u201d Riches, corri\u00f3 hacia la Zona Cero. Su hijo mayor, Jimmy Jr., bombero asignado a la Ladder 114 en el vecindario de Sunset [&hellip;]\" \/>\n<meta property=\"og:url\" content=\"https:\/\/noticiasya.com\/2025\/12\/13\/zona-cero-911-james-richie-js-trax\/\" \/>\n<meta property=\"og:site_name\" content=\"Noticias\" \/>\n<meta property=\"article:published_time\" content=\"2025-12-13T23:03:43+00:00\" \/>\n<meta name=\"twitter:card\" content=\"summary_large_image\" \/>\n<meta name=\"twitter:label1\" content=\"Est. reading time\" \/>\n\t<meta name=\"twitter:data1\" content=\"8 minutos\" \/>\n<script type=\"application\/ld+json\" class=\"yoast-schema-graph\">{\"@context\":\"https:\/\/schema.org\",\"@graph\":[{\"@type\":\"Article\",\"@id\":\"https:\/\/noticiasya.com\/2025\/12\/13\/zona-cero-911-james-richie-js-trax\/#article\",\"isPartOf\":{\"@id\":\"https:\/\/noticiasya.com\/2025\/12\/13\/zona-cero-911-james-richie-js-trax\/\"},\"author\":{\"name\":\"\",\"@id\":\"\"},\"headline\":\"Busc\u00f3 a su hijo en la Zona Cero durante seis meses. 24 a\u00f1os despu\u00e9s, el 11 de septiembre tambi\u00e9n acab\u00f3 con su vida\",\"datePublished\":\"2025-12-13T23:03:43+00:00\",\"mainEntityOfPage\":{\"@id\":\"https:\/\/noticiasya.com\/2025\/12\/13\/zona-cero-911-james-richie-js-trax\/\"},\"wordCount\":1621,\"commentCount\":0,\"publisher\":{\"@id\":\"https:\/\/noticiasya.com\/#organization\"},\"articleSection\":[\"Noticias Nacionales\"],\"inLanguage\":\"es\",\"potentialAction\":[{\"@type\":\"CommentAction\",\"name\":\"Comment\",\"target\":[\"https:\/\/noticiasya.com\/2025\/12\/13\/zona-cero-911-james-richie-js-trax\/#respond\"]}]},{\"@type\":\"WebPage\",\"@id\":\"https:\/\/noticiasya.com\/2025\/12\/13\/zona-cero-911-james-richie-js-trax\/\",\"url\":\"https:\/\/noticiasya.com\/2025\/12\/13\/zona-cero-911-james-richie-js-trax\/\",\"name\":\"Busc\u00f3 a su hijo en la Zona Cero durante seis meses. 24 a\u00f1os despu\u00e9s, el 11 de septiembre tambi\u00e9n acab\u00f3 con su vida - Noticias\",\"isPartOf\":{\"@id\":\"https:\/\/noticiasya.com\/#website\"},\"datePublished\":\"2025-12-13T23:03:43+00:00\",\"breadcrumb\":{\"@id\":\"https:\/\/noticiasya.com\/2025\/12\/13\/zona-cero-911-james-richie-js-trax\/#breadcrumb\"},\"inLanguage\":\"es\",\"potentialAction\":[{\"@type\":\"ReadAction\",\"target\":[\"https:\/\/noticiasya.com\/2025\/12\/13\/zona-cero-911-james-richie-js-trax\/\"]}]},{\"@type\":\"BreadcrumbList\",\"@id\":\"https:\/\/noticiasya.com\/2025\/12\/13\/zona-cero-911-james-richie-js-trax\/#breadcrumb\",\"itemListElement\":[{\"@type\":\"ListItem\",\"position\":1,\"name\":\"Home\",\"item\":\"https:\/\/noticiasya.com\/\"},{\"@type\":\"ListItem\",\"position\":2,\"name\":\"Busc\u00f3 a su hijo en la Zona Cero durante seis meses. 24 a\u00f1os despu\u00e9s, el 11 de septiembre tambi\u00e9n acab\u00f3 con su vida\"}]},{\"@type\":\"WebSite\",\"@id\":\"https:\/\/noticiasya.com\/#website\",\"url\":\"https:\/\/noticiasya.com\/\",\"name\":\"Noticias\",\"description\":\"Lo que importa\",\"publisher\":{\"@id\":\"https:\/\/noticiasya.com\/#organization\"},\"potentialAction\":[{\"@type\":\"SearchAction\",\"target\":{\"@type\":\"EntryPoint\",\"urlTemplate\":\"https:\/\/noticiasya.com\/?s={search_term_string}\"},\"query-input\":{\"@type\":\"PropertyValueSpecification\",\"valueRequired\":true,\"valueName\":\"search_term_string\"}}],\"inLanguage\":\"es\"},{\"@type\":\"Organization\",\"@id\":\"https:\/\/noticiasya.com\/#organization\",\"name\":\"Noticias\",\"url\":\"https:\/\/noticiasya.com\/\",\"logo\":{\"@type\":\"ImageObject\",\"inLanguage\":\"es\",\"@id\":\"https:\/\/noticiasya.com\/#\/schema\/logo\/image\/\",\"url\":\"https:\/\/noticiasya.com\/wp-content\/uploads\/sites\/22\/2023\/12\/logo-nacional.png\",\"contentUrl\":\"https:\/\/noticiasya.com\/wp-content\/uploads\/sites\/22\/2023\/12\/logo-nacional.png\",\"width\":1801,\"height\":691,\"caption\":\"Noticias\"},\"image\":{\"@id\":\"https:\/\/noticiasya.com\/#\/schema\/logo\/image\/\"}}]}<\/script>\n<!-- \/ Yoast SEO plugin. -->","yoast_head_json":{"title":"Busc\u00f3 a su hijo en la Zona Cero durante seis meses. 24 a\u00f1os despu\u00e9s, el 11 de septiembre tambi\u00e9n acab\u00f3 con su vida - Noticias","robots":{"index":"index","follow":"follow","max-snippet":"max-snippet:-1","max-image-preview":"max-image-preview:large","max-video-preview":"max-video-preview:-1"},"canonical":"https:\/\/noticiasya.com\/2025\/12\/13\/zona-cero-911-james-richie-js-trax\/","og_locale":"es_ES","og_type":"article","og_title":"Busc\u00f3 a su hijo en la Zona Cero durante seis meses. 24 a\u00f1os despu\u00e9s, el 11 de septiembre tambi\u00e9n acab\u00f3 con su vida - Noticias","og_description":"El 11 de septiembre de 2001, cuando la segunda torre del World Trade Center se desplom\u00f3, el entonces jefe de batall\u00f3n del Departamento de Bomberos de la Ciudad de Nueva York, James \u201cJim\u201d Riches, corri\u00f3 hacia la Zona Cero. Su hijo mayor, Jimmy Jr., bombero asignado a la Ladder 114 en el vecindario de Sunset [&hellip;]","og_url":"https:\/\/noticiasya.com\/2025\/12\/13\/zona-cero-911-james-richie-js-trax\/","og_site_name":"Noticias","article_published_time":"2025-12-13T23:03:43+00:00","twitter_card":"summary_large_image","twitter_misc":{"Est. reading time":"8 minutos"},"schema":{"@context":"https:\/\/schema.org","@graph":[{"@type":"Article","@id":"https:\/\/noticiasya.com\/2025\/12\/13\/zona-cero-911-james-richie-js-trax\/#article","isPartOf":{"@id":"https:\/\/noticiasya.com\/2025\/12\/13\/zona-cero-911-james-richie-js-trax\/"},"author":{"name":"","@id":""},"headline":"Busc\u00f3 a su hijo en la Zona Cero durante seis meses. 24 a\u00f1os despu\u00e9s, el 11 de septiembre tambi\u00e9n acab\u00f3 con su vida","datePublished":"2025-12-13T23:03:43+00:00","mainEntityOfPage":{"@id":"https:\/\/noticiasya.com\/2025\/12\/13\/zona-cero-911-james-richie-js-trax\/"},"wordCount":1621,"commentCount":0,"publisher":{"@id":"https:\/\/noticiasya.com\/#organization"},"articleSection":["Noticias Nacionales"],"inLanguage":"es","potentialAction":[{"@type":"CommentAction","name":"Comment","target":["https:\/\/noticiasya.com\/2025\/12\/13\/zona-cero-911-james-richie-js-trax\/#respond"]}]},{"@type":"WebPage","@id":"https:\/\/noticiasya.com\/2025\/12\/13\/zona-cero-911-james-richie-js-trax\/","url":"https:\/\/noticiasya.com\/2025\/12\/13\/zona-cero-911-james-richie-js-trax\/","name":"Busc\u00f3 a su hijo en la Zona Cero durante seis meses. 24 a\u00f1os despu\u00e9s, el 11 de septiembre tambi\u00e9n acab\u00f3 con su vida - Noticias","isPartOf":{"@id":"https:\/\/noticiasya.com\/#website"},"datePublished":"2025-12-13T23:03:43+00:00","breadcrumb":{"@id":"https:\/\/noticiasya.com\/2025\/12\/13\/zona-cero-911-james-richie-js-trax\/#breadcrumb"},"inLanguage":"es","potentialAction":[{"@type":"ReadAction","target":["https:\/\/noticiasya.com\/2025\/12\/13\/zona-cero-911-james-richie-js-trax\/"]}]},{"@type":"BreadcrumbList","@id":"https:\/\/noticiasya.com\/2025\/12\/13\/zona-cero-911-james-richie-js-trax\/#breadcrumb","itemListElement":[{"@type":"ListItem","position":1,"name":"Home","item":"https:\/\/noticiasya.com\/"},{"@type":"ListItem","position":2,"name":"Busc\u00f3 a su hijo en la Zona Cero durante seis meses. 24 a\u00f1os despu\u00e9s, el 11 de septiembre tambi\u00e9n acab\u00f3 con su vida"}]},{"@type":"WebSite","@id":"https:\/\/noticiasya.com\/#website","url":"https:\/\/noticiasya.com\/","name":"Noticias","description":"Lo que importa","publisher":{"@id":"https:\/\/noticiasya.com\/#organization"},"potentialAction":[{"@type":"SearchAction","target":{"@type":"EntryPoint","urlTemplate":"https:\/\/noticiasya.com\/?s={search_term_string}"},"query-input":{"@type":"PropertyValueSpecification","valueRequired":true,"valueName":"search_term_string"}}],"inLanguage":"es"},{"@type":"Organization","@id":"https:\/\/noticiasya.com\/#organization","name":"Noticias","url":"https:\/\/noticiasya.com\/","logo":{"@type":"ImageObject","inLanguage":"es","@id":"https:\/\/noticiasya.com\/#\/schema\/logo\/image\/","url":"https:\/\/noticiasya.com\/wp-content\/uploads\/sites\/22\/2023\/12\/logo-nacional.png","contentUrl":"https:\/\/noticiasya.com\/wp-content\/uploads\/sites\/22\/2023\/12\/logo-nacional.png","width":1801,"height":691,"caption":"Noticias"},"image":{"@id":"https:\/\/noticiasya.com\/#\/schema\/logo\/image\/"}}]}},"parsely":{"version":"1.1.0","canonical_url":"https:\/\/noticiasya.com\/midland-odessa\/2025\/12\/13\/zona-cero-911-james-richie-js-trax\/","smart_links":{"inbound":0,"outbound":0},"traffic_boost_suggestions_count":0,"meta":{"@context":"https:\/\/schema.org","@type":"NewsArticle","headline":"Busc\u00f3 a su hijo en la Zona Cero durante seis meses. 24 a\u00f1os despu\u00e9s, el 11 de septiembre tambi\u00e9n acab\u00f3 con su vida","url":"http:\/\/noticiasya.com\/midland-odessa\/2025\/12\/13\/zona-cero-911-james-richie-js-trax\/","mainEntityOfPage":{"@type":"WebPage","@id":"http:\/\/noticiasya.com\/midland-odessa\/2025\/12\/13\/zona-cero-911-james-richie-js-trax\/"},"thumbnailUrl":"","image":{"@type":"ImageObject","url":""},"articleSection":"Noticias Nacionales","author":[],"creator":[],"publisher":{"@type":"Organization","name":"Noticias","logo":""},"keywords":[],"dateCreated":"2025-12-13T23:03:43Z","datePublished":"2025-12-13T23:03:43Z","dateModified":"2025-12-13T23:03:43Z"},"rendered":"<script type=\"application\/ld+json\" class=\"wp-parsely-metadata\">{\"@context\":\"https:\\\/\\\/schema.org\",\"@type\":\"NewsArticle\",\"headline\":\"Busc\\u00f3 a su hijo en la Zona Cero durante seis meses. 24 a\\u00f1os despu\\u00e9s, el 11 de septiembre tambi\\u00e9n acab\\u00f3 con su vida\",\"url\":\"http:\\\/\\\/noticiasya.com\\\/midland-odessa\\\/2025\\\/12\\\/13\\\/zona-cero-911-james-richie-js-trax\\\/\",\"mainEntityOfPage\":{\"@type\":\"WebPage\",\"@id\":\"http:\\\/\\\/noticiasya.com\\\/midland-odessa\\\/2025\\\/12\\\/13\\\/zona-cero-911-james-richie-js-trax\\\/\"},\"thumbnailUrl\":\"\",\"image\":{\"@type\":\"ImageObject\",\"url\":\"\"},\"articleSection\":\"Noticias Nacionales\",\"author\":[],\"creator\":[],\"publisher\":{\"@type\":\"Organization\",\"name\":\"Noticias\",\"logo\":\"\"},\"keywords\":[],\"dateCreated\":\"2025-12-13T23:03:43Z\",\"datePublished\":\"2025-12-13T23:03:43Z\",\"dateModified\":\"2025-12-13T23:03:43Z\"}<\/script>","tracker_url":"https:\/\/cdn.parsely.com\/keys\/noticiasya.com\/p.js"},"jetpack_featured_media_url":"","jetpack-related-posts":[{"id":1464427,"url":"https:\/\/noticiasya.com\/midland-odessa\/2025\/07\/11\/julio-cesar-chavez-desconoce-amparos-evitar-detencion-hijo-efe\/","url_meta":{"origin":1469248,"position":0},"title":"Julio C\u00e9sar Ch\u00e1vez desconoce los amparos para evitar la detenci\u00f3n de su hijo en M\u00e9xico","author":"","date":"julio 11, 2025","format":false,"excerpt":"Julio C\u00e9sar Ch\u00e1vez, leyenda del boxeo mexicano, asegur\u00f3 el jueves desconocer los amparos que se presentaron para evitar que su hijo, el boxeador Julio C\u00e9sar Ch\u00e1vez Jr., no sea detenido cuando sea deportado de Estados Unidos a M\u00e9xico.\u201cS\u00e9 que hay muchas personas que quieren ayudarme y lo agradezco de coraz\u00f3n,\u2026","rel":"","context":"In &quot;Noticias Nacionales&quot;","block_context":{"text":"Noticias Nacionales","link":"https:\/\/noticiasya.com\/midland-odessa\/categoria\/noticias-nacionales"},"img":{"alt_text":"","src":"","width":0,"height":0},"classes":[]},{"id":1408171,"url":"https:\/\/noticiasya.com\/midland-odessa\/2022\/06\/23\/padre-pide-ayuda-para-encontrar-el-cuerpo-de-su-hijo-ahogado-en-mission-beach\/","url_meta":{"origin":1469248,"position":1},"title":"Padre pide ayuda para encontrar el cuerpo de su hijo ahogado en Mission Beach","author":"agomez","date":"junio 23, 2022","format":false,"excerpt":"La familia del joven sigue esperando que el mar les regrese su cuerpo para poder tener un cierre a esta tragedia.","rel":"","context":"In &quot;Comunidad&quot;","block_context":{"text":"Comunidad","link":"https:\/\/noticiasya.com\/midland-odessa\/categoria\/comunidad"},"img":{"alt_text":"","src":"","width":0,"height":0},"classes":[]},{"id":1456207,"url":"https:\/\/noticiasya.com\/midland-odessa\/2024\/12\/02\/democratas-furiosos-decision-biden-indultar-hijo-trax\/","url_meta":{"origin":1469248,"position":2},"title":"Los dem\u00f3cratas quedaron furiosos por la decisi\u00f3n de Biden de indultar a su hijo, despu\u00e9s de que \u00e9l dijera repetidamente que no lo har\u00eda","author":"agomez","date":"diciembre 2, 2024","format":false,"excerpt":"(CNN) -- La decisi\u00f3n del presidente de EE.UU. Joe Biden de indultar a su hijo ha dejado a algunos dem\u00f3cratas furiosos por su elecci\u00f3n tras afirmar repetida e inequ\u00edvocamente que nunca dar\u00eda ese paso, a pesar de que un indulto parec\u00eda posible desde hace tiempo para el equipo legal de\u2026","rel":"","context":"In &quot;Noticias Nacionales&quot;","block_context":{"text":"Noticias Nacionales","link":"https:\/\/noticiasya.com\/midland-odessa\/categoria\/noticias-nacionales"},"img":{"alt_text":"","src":"","width":0,"height":0},"classes":[]},{"id":1430816,"url":"https:\/\/noticiasya.com\/midland-odessa\/2022\/10\/06\/sin-pistas-cerre-los-ojos-y-ore-hombre-hallo-al-responsable-de-atropellar-a-su-hijo\/","url_meta":{"origin":1469248,"position":3},"title":"Sin pistas: &#171;Cerr\u00e9 los ojos y or\u00e9&#187;, hombre hall\u00f3 al responsable de atropellar a su hijo","author":"agomez","date":"octubre 6, 2022","format":false,"excerpt":"Sus instintos, junto con algo de ayuda de la comunidad.","rel":"","context":"In &quot;Comunidad&quot;","block_context":{"text":"Comunidad","link":"https:\/\/noticiasya.com\/midland-odessa\/categoria\/comunidad"},"img":{"alt_text":"","src":"","width":0,"height":0},"classes":[]},{"id":1468737,"url":"https:\/\/noticiasya.com\/midland-odessa\/2025\/11\/26\/madre-detenida-ice-vinculo-casa-blanca-trax\/","url_meta":{"origin":1469248,"position":4},"title":"Una madre fue detenida por ICE. Luego, se conoci\u00f3 su v\u00ednculo familiar con la Casa Blanca","author":"agomez","date":"noviembre 26, 2025","format":false,"excerpt":"Bruna Ferreira lleg\u00f3 a EE.UU. desde Brasil cuando era ni\u00f1a y, seg\u00fan todos los informes, vivi\u00f3 una vida como cualquier estadounidense: jug\u00f3 en el equipo de tenis de su bachillerato, se cas\u00f3 y se divorci\u00f3, construy\u00f3 una peque\u00f1a empresa y ayud\u00f3 a criar a su hijo.Cuando agentes del ICE la\u2026","rel":"","context":"In &quot;Noticias Nacionales&quot;","block_context":{"text":"Noticias Nacionales","link":"https:\/\/noticiasya.com\/midland-odessa\/categoria\/noticias-nacionales"},"img":{"alt_text":"","src":"","width":0,"height":0},"classes":[]},{"id":1452117,"url":"https:\/\/noticiasya.com\/midland-odessa\/2024\/08\/24\/hailey-justin-bieber-bienvenida-primer-hijo-trax\/","url_meta":{"origin":1469248,"position":5},"title":"Hailey y Justin Bieber dan la bienvenida a su primer hijo","author":"","date":"agosto 24, 2024","format":false,"excerpt":"(CNN)-- Hailey y Justin Bieber anunciaron este viernes el nacimiento de su primer hijo.En un post de Instagram este viernes por la noche, Justin comparti\u00f3 una foto del pie del beb\u00e9. \"Bienvenido a casa Jack Blues Bieber\", subtitul\u00f3 Justin el post junto a un emoji de oso.Hailey comparti\u00f3 la misma\u2026","rel":"","context":"In &quot;Noticias Nacionales&quot;","block_context":{"text":"Noticias Nacionales","link":"https:\/\/noticiasya.com\/midland-odessa\/categoria\/noticias-nacionales"},"img":{"alt_text":"","src":"","width":0,"height":0},"classes":[]}],"jetpack_sharing_enabled":true,"_links":{"self":[{"href":"https:\/\/noticiasya.com\/midland-odessa\/wp-json\/wp\/v2\/posts\/1469248","targetHints":{"allow":["GET"]}}],"collection":[{"href":"https:\/\/noticiasya.com\/midland-odessa\/wp-json\/wp\/v2\/posts"}],"about":[{"href":"https:\/\/noticiasya.com\/midland-odessa\/wp-json\/wp\/v2\/types\/post"}],"replies":[{"embeddable":true,"href":"https:\/\/noticiasya.com\/midland-odessa\/wp-json\/wp\/v2\/comments?post=1469248"}],"version-history":[{"count":0,"href":"https:\/\/noticiasya.com\/midland-odessa\/wp-json\/wp\/v2\/posts\/1469248\/revisions"}],"wp:attachment":[{"href":"https:\/\/noticiasya.com\/midland-odessa\/wp-json\/wp\/v2\/media?parent=1469248"}],"wp:term":[{"taxonomy":"category","embeddable":true,"href":"https:\/\/noticiasya.com\/midland-odessa\/wp-json\/wp\/v2\/categories?post=1469248"},{"taxonomy":"post_tag","embeddable":true,"href":"https:\/\/noticiasya.com\/midland-odessa\/wp-json\/wp\/v2\/tags?post=1469248"}],"curies":[{"name":"wp","href":"https:\/\/api.w.org\/{rel}","templated":true}]}}