{"id":1469253,"date":"2025-12-14T05:03:42","date_gmt":"2025-12-14T13:03:42","guid":{"rendered":"https:\/\/noticiasya.com\/2025\/12\/14\/abren-colegios-electorales-chile-balotaje-presidencial-efe\/"},"modified":"2025-12-14T05:03:42","modified_gmt":"2025-12-14T13:03:42","slug":"abren-colegios-electorales-chile-balotaje-presidencial-efe","status":"publish","type":"post","link":"https:\/\/noticiasya.com\/midland-odessa\/2025\/12\/14\/abren-colegios-electorales-chile-balotaje-presidencial-efe\/","title":{"rendered":"Abren los colegios electorales en Chile para el balotaje presidencial entre Jara y Kast"},"content":{"rendered":"<p>Un total de 3.379 locales de votaci\u00f3n con 40.473 mesas abrieron sus puertas este domingo para dar comienzo a las elecciones de la <a href=\"https:\/\/cnnespanol.cnn.com\/2025\/12\/12\/latinoamerica\/chile-elecciones-presidenciales-segunda-vuelta-kast-jara-extremos-orix\">segunda vuelta presidencial en Chile<\/a>, en las que se escoger\u00e1 al sucesor del progresista Gabriel Boric.<\/p>\n<p>M\u00e1s de 15,6 millones de personas est\u00e1n llamadas a las urnas para ejercer su voto de forma obligatoria y elegir entre la comunista y candidata \u00fanica de una amplia alianza progresista, <a href=\"https:\/\/cnnespanol.cnn.com\/2025\/11\/14\/latinoamerica\/quien-es-jeannette-jara-candidata-elecciones-chile-orix\">Jeannete Jara<\/a> (51), y el ultraderechista y fundador del Partido Republicano (PR), <a href=\"https:\/\/cnnespanol.cnn.com\/2025\/11\/14\/latinoamerica\/quien-es-jose-antonio-kast-candidato-presidencial-chile-orix\">Jos\u00e9 Antonio Kast <\/a>(59).<\/p>\n<p>Seg\u00fan analistas y sondeos publicados antes de la veda, el militante republicano llega a la segunda vuelta como claro favorito, abriendo m\u00e1s interrogantes sobre el margen de victoria que sobre el resultado final.<\/p>\n<p>Tras quedar segundo en la primera vuelta con el 23,9 % de los votos, Kast recibi\u00f3 el apoyo del ultraderechista libertario Johannes Kaiser y de la exalcaldesa <a href=\"https:\/\/cnnespanol.cnn.com\/2025\/11\/14\/latinoamerica\/quien-es-evelyn-matthei-candidata-elecciones-chile-orix\">Evelyn Matthei<\/a>, representante de la derecha tradicional, sumando m\u00e1s del 50 % de las preferencias.<\/p>\n<p>Jara, por su parte, obtuvo la primera posici\u00f3n en los comicios de noviembre con un 26,9 % de las preferencias, pero tiene poco espacio para hacer crecer su base electoral pese a ser la candidata \u00fanica de una amplia e in\u00e9dita coalici\u00f3n progresista, que va desde el Partido Comunista hasta la Democracia Cristiana.<\/p>\n<p>Cat\u00f3lico ultraconservador y padre de nueve hijos, Kast ser\u00eda el primer presidente en llegar al poder que hizo campa\u00f1a a favor de la continuidad del general Augusto Pinochet (1973-1990) en el plebiscito de 1988.<\/p>\n<p>A lo largo de su campa\u00f1a, ha basado su discurso y posicionamiento solo en temas de seguridad y migraci\u00f3n, las principales preocupaciones de los chilenos, seg\u00fan sondeos, y ha evitado difundir sus posiciones ultraconservadoras en materia de libertades individuales como su defensa del r\u00e9gimen -su hermano fue un ministro destacado de Pinochet-.<\/p>\n<p>Entre otros puntos, ha eludido aclarar c\u00f3mo planea recortar 6.000 millones de d\u00f3lares del gasto p\u00fablico en los primeros 18 meses de su eventual gobierno y si liberar\u00eda a los exmilitares que cometieron cr\u00edmenes de lesa humanidad durante la dictadura.<\/p>\n<p>Jara, en tanto, ha intentado desmarcarse de la impopularidad del gobierno de Boric y luchado contra un anquilosado anticomunismo muy expandido en Chile, adem\u00e1s de apelar a los riesgos de la ultraderecha y defender su liderazgo al frente de leyes emblem\u00e1ticas como el aumento del salario m\u00ednimo, la reforma de pensiones o la reducci\u00f3n de la jornada laboral a 40 horas.<\/p>\n<p>El presidente que salga de las urnas tendr\u00e1 que lidiar a partir del 11 de marzo con un Parlamento dividido, donde el bloque de derecha y ultraderecha est\u00e1 a dos diputados de la mayor\u00eda en el Congreso y donde los votos de del populista Partido de la Gente (PDG) ser\u00e1n clave.<\/p>\n<p>Desde 2006, el poder se ha alternado entre izquierda y derecha y ning\u00fan presidente le ha entregado la banda presidencial a un sucesor del mismo signo pol\u00edtico.<\/p>\n<p>Los centros de votaci\u00f3n estar\u00e1n abiertos hasta las 18:00 hora local, 16:00 hora de Miami, y se espera que los resultados est\u00e9n un par de horas despu\u00e9s.<\/p>\n<p>The-CNN-Wire<br \/>&trade; &amp; &copy; 2025 Cable News Network, Inc., a Warner Bros. Discovery Company. All rights reserved.<\/p>\n","protected":false},"excerpt":{"rendered":"<p>Un total de 3.379 locales de votaci\u00f3n con 40.473 mesas abrieron sus puertas este domingo para dar comienzo a las elecciones de la segunda vuelta presidencial en Chile, en las que se escoger\u00e1 al sucesor del progresista Gabriel Boric. M\u00e1s de 15,6 millones de personas est\u00e1n llamadas a las urnas para ejercer su voto de [&hellip;]<\/p>\n","protected":false},"author":0,"featured_media":0,"comment_status":"open","ping_status":"open","sticky":false,"template":"","format":"standard","meta":{"_jetpack_memberships_contains_paid_content":false,"footnotes":""},"categories":[10],"tags":[],"class_list":["post-1469253","post","type-post","status-publish","format-standard","hentry","category-noticias-nacionales","market-global"],"yoast_head":"<!-- This site is optimized with the Yoast SEO plugin v24.4 - https:\/\/yoast.com\/wordpress\/plugins\/seo\/ -->\n<title>Abren los colegios electorales en Chile para el balotaje presidencial entre Jara y Kast - Noticias<\/title>\n<meta name=\"robots\" content=\"index, follow, max-snippet:-1, max-image-preview:large, max-video-preview:-1\" \/>\n<link rel=\"canonical\" href=\"https:\/\/noticiasya.com\/2025\/12\/14\/abren-colegios-electorales-chile-balotaje-presidencial-efe\/\" \/>\n<meta property=\"og:locale\" content=\"es_ES\" \/>\n<meta property=\"og:type\" content=\"article\" \/>\n<meta property=\"og:title\" content=\"Abren los colegios electorales en Chile para el balotaje presidencial entre Jara y Kast - Noticias\" \/>\n<meta property=\"og:description\" content=\"Un total de 3.379 locales de votaci\u00f3n con 40.473 mesas abrieron sus puertas este domingo para dar comienzo a las elecciones de la segunda vuelta presidencial en Chile, en las que se escoger\u00e1 al sucesor del progresista Gabriel Boric. M\u00e1s de 15,6 millones de personas est\u00e1n llamadas a las urnas para ejercer su voto de [&hellip;]\" \/>\n<meta property=\"og:url\" content=\"https:\/\/noticiasya.com\/2025\/12\/14\/abren-colegios-electorales-chile-balotaje-presidencial-efe\/\" \/>\n<meta property=\"og:site_name\" content=\"Noticias\" \/>\n<meta property=\"article:published_time\" content=\"2025-12-14T13:03:42+00:00\" \/>\n<meta name=\"twitter:card\" content=\"summary_large_image\" \/>\n<meta name=\"twitter:label1\" content=\"Est. reading time\" \/>\n\t<meta name=\"twitter:data1\" content=\"3 minutos\" \/>\n<script type=\"application\/ld+json\" class=\"yoast-schema-graph\">{\"@context\":\"https:\/\/schema.org\",\"@graph\":[{\"@type\":\"Article\",\"@id\":\"https:\/\/noticiasya.com\/2025\/12\/14\/abren-colegios-electorales-chile-balotaje-presidencial-efe\/#article\",\"isPartOf\":{\"@id\":\"https:\/\/noticiasya.com\/2025\/12\/14\/abren-colegios-electorales-chile-balotaje-presidencial-efe\/\"},\"author\":{\"name\":\"\",\"@id\":\"\"},\"headline\":\"Abren los colegios electorales en Chile para el balotaje presidencial entre Jara y Kast\",\"datePublished\":\"2025-12-14T13:03:42+00:00\",\"mainEntityOfPage\":{\"@id\":\"https:\/\/noticiasya.com\/2025\/12\/14\/abren-colegios-electorales-chile-balotaje-presidencial-efe\/\"},\"wordCount\":550,\"commentCount\":0,\"publisher\":{\"@id\":\"https:\/\/noticiasya.com\/#organization\"},\"articleSection\":[\"Noticias Nacionales\"],\"inLanguage\":\"es\",\"potentialAction\":[{\"@type\":\"CommentAction\",\"name\":\"Comment\",\"target\":[\"https:\/\/noticiasya.com\/2025\/12\/14\/abren-colegios-electorales-chile-balotaje-presidencial-efe\/#respond\"]}]},{\"@type\":\"WebPage\",\"@id\":\"https:\/\/noticiasya.com\/2025\/12\/14\/abren-colegios-electorales-chile-balotaje-presidencial-efe\/\",\"url\":\"https:\/\/noticiasya.com\/2025\/12\/14\/abren-colegios-electorales-chile-balotaje-presidencial-efe\/\",\"name\":\"Abren los colegios electorales en Chile para el balotaje presidencial entre Jara y Kast - Noticias\",\"isPartOf\":{\"@id\":\"https:\/\/noticiasya.com\/#website\"},\"datePublished\":\"2025-12-14T13:03:42+00:00\",\"breadcrumb\":{\"@id\":\"https:\/\/noticiasya.com\/2025\/12\/14\/abren-colegios-electorales-chile-balotaje-presidencial-efe\/#breadcrumb\"},\"inLanguage\":\"es\",\"potentialAction\":[{\"@type\":\"ReadAction\",\"target\":[\"https:\/\/noticiasya.com\/2025\/12\/14\/abren-colegios-electorales-chile-balotaje-presidencial-efe\/\"]}]},{\"@type\":\"BreadcrumbList\",\"@id\":\"https:\/\/noticiasya.com\/2025\/12\/14\/abren-colegios-electorales-chile-balotaje-presidencial-efe\/#breadcrumb\",\"itemListElement\":[{\"@type\":\"ListItem\",\"position\":1,\"name\":\"Home\",\"item\":\"https:\/\/noticiasya.com\/\"},{\"@type\":\"ListItem\",\"position\":2,\"name\":\"Abren los colegios electorales en Chile para el balotaje presidencial entre Jara y Kast\"}]},{\"@type\":\"WebSite\",\"@id\":\"https:\/\/noticiasya.com\/#website\",\"url\":\"https:\/\/noticiasya.com\/\",\"name\":\"Noticias\",\"description\":\"Lo que importa\",\"publisher\":{\"@id\":\"https:\/\/noticiasya.com\/#organization\"},\"potentialAction\":[{\"@type\":\"SearchAction\",\"target\":{\"@type\":\"EntryPoint\",\"urlTemplate\":\"https:\/\/noticiasya.com\/?s={search_term_string}\"},\"query-input\":{\"@type\":\"PropertyValueSpecification\",\"valueRequired\":true,\"valueName\":\"search_term_string\"}}],\"inLanguage\":\"es\"},{\"@type\":\"Organization\",\"@id\":\"https:\/\/noticiasya.com\/#organization\",\"name\":\"Noticias\",\"url\":\"https:\/\/noticiasya.com\/\",\"logo\":{\"@type\":\"ImageObject\",\"inLanguage\":\"es\",\"@id\":\"https:\/\/noticiasya.com\/#\/schema\/logo\/image\/\",\"url\":\"https:\/\/noticiasya.com\/wp-content\/uploads\/sites\/22\/2023\/12\/logo-nacional.png\",\"contentUrl\":\"https:\/\/noticiasya.com\/wp-content\/uploads\/sites\/22\/2023\/12\/logo-nacional.png\",\"width\":1801,\"height\":691,\"caption\":\"Noticias\"},\"image\":{\"@id\":\"https:\/\/noticiasya.com\/#\/schema\/logo\/image\/\"}}]}<\/script>\n<!-- \/ Yoast SEO plugin. -->","yoast_head_json":{"title":"Abren los colegios electorales en Chile para el balotaje presidencial entre Jara y Kast - Noticias","robots":{"index":"index","follow":"follow","max-snippet":"max-snippet:-1","max-image-preview":"max-image-preview:large","max-video-preview":"max-video-preview:-1"},"canonical":"https:\/\/noticiasya.com\/2025\/12\/14\/abren-colegios-electorales-chile-balotaje-presidencial-efe\/","og_locale":"es_ES","og_type":"article","og_title":"Abren los colegios electorales en Chile para el balotaje presidencial entre Jara y Kast - Noticias","og_description":"Un total de 3.379 locales de votaci\u00f3n con 40.473 mesas abrieron sus puertas este domingo para dar comienzo a las elecciones de la segunda vuelta presidencial en Chile, en las que se escoger\u00e1 al sucesor del progresista Gabriel Boric. M\u00e1s de 15,6 millones de personas est\u00e1n llamadas a las urnas para ejercer su voto de [&hellip;]","og_url":"https:\/\/noticiasya.com\/2025\/12\/14\/abren-colegios-electorales-chile-balotaje-presidencial-efe\/","og_site_name":"Noticias","article_published_time":"2025-12-14T13:03:42+00:00","twitter_card":"summary_large_image","twitter_misc":{"Est. reading time":"3 minutos"},"schema":{"@context":"https:\/\/schema.org","@graph":[{"@type":"Article","@id":"https:\/\/noticiasya.com\/2025\/12\/14\/abren-colegios-electorales-chile-balotaje-presidencial-efe\/#article","isPartOf":{"@id":"https:\/\/noticiasya.com\/2025\/12\/14\/abren-colegios-electorales-chile-balotaje-presidencial-efe\/"},"author":{"name":"","@id":""},"headline":"Abren los colegios electorales en Chile para el balotaje presidencial entre Jara y Kast","datePublished":"2025-12-14T13:03:42+00:00","mainEntityOfPage":{"@id":"https:\/\/noticiasya.com\/2025\/12\/14\/abren-colegios-electorales-chile-balotaje-presidencial-efe\/"},"wordCount":550,"commentCount":0,"publisher":{"@id":"https:\/\/noticiasya.com\/#organization"},"articleSection":["Noticias Nacionales"],"inLanguage":"es","potentialAction":[{"@type":"CommentAction","name":"Comment","target":["https:\/\/noticiasya.com\/2025\/12\/14\/abren-colegios-electorales-chile-balotaje-presidencial-efe\/#respond"]}]},{"@type":"WebPage","@id":"https:\/\/noticiasya.com\/2025\/12\/14\/abren-colegios-electorales-chile-balotaje-presidencial-efe\/","url":"https:\/\/noticiasya.com\/2025\/12\/14\/abren-colegios-electorales-chile-balotaje-presidencial-efe\/","name":"Abren los colegios electorales en Chile para el balotaje presidencial entre Jara y Kast - Noticias","isPartOf":{"@id":"https:\/\/noticiasya.com\/#website"},"datePublished":"2025-12-14T13:03:42+00:00","breadcrumb":{"@id":"https:\/\/noticiasya.com\/2025\/12\/14\/abren-colegios-electorales-chile-balotaje-presidencial-efe\/#breadcrumb"},"inLanguage":"es","potentialAction":[{"@type":"ReadAction","target":["https:\/\/noticiasya.com\/2025\/12\/14\/abren-colegios-electorales-chile-balotaje-presidencial-efe\/"]}]},{"@type":"BreadcrumbList","@id":"https:\/\/noticiasya.com\/2025\/12\/14\/abren-colegios-electorales-chile-balotaje-presidencial-efe\/#breadcrumb","itemListElement":[{"@type":"ListItem","position":1,"name":"Home","item":"https:\/\/noticiasya.com\/"},{"@type":"ListItem","position":2,"name":"Abren los colegios electorales en Chile para el balotaje presidencial entre Jara y Kast"}]},{"@type":"WebSite","@id":"https:\/\/noticiasya.com\/#website","url":"https:\/\/noticiasya.com\/","name":"Noticias","description":"Lo que importa","publisher":{"@id":"https:\/\/noticiasya.com\/#organization"},"potentialAction":[{"@type":"SearchAction","target":{"@type":"EntryPoint","urlTemplate":"https:\/\/noticiasya.com\/?s={search_term_string}"},"query-input":{"@type":"PropertyValueSpecification","valueRequired":true,"valueName":"search_term_string"}}],"inLanguage":"es"},{"@type":"Organization","@id":"https:\/\/noticiasya.com\/#organization","name":"Noticias","url":"https:\/\/noticiasya.com\/","logo":{"@type":"ImageObject","inLanguage":"es","@id":"https:\/\/noticiasya.com\/#\/schema\/logo\/image\/","url":"https:\/\/noticiasya.com\/wp-content\/uploads\/sites\/22\/2023\/12\/logo-nacional.png","contentUrl":"https:\/\/noticiasya.com\/wp-content\/uploads\/sites\/22\/2023\/12\/logo-nacional.png","width":1801,"height":691,"caption":"Noticias"},"image":{"@id":"https:\/\/noticiasya.com\/#\/schema\/logo\/image\/"}}]}},"parsely":{"version":"1.1.0","canonical_url":"https:\/\/noticiasya.com\/midland-odessa\/2025\/12\/14\/abren-colegios-electorales-chile-balotaje-presidencial-efe\/","smart_links":{"inbound":0,"outbound":0},"traffic_boost_suggestions_count":0,"meta":{"@context":"https:\/\/schema.org","@type":"NewsArticle","headline":"Abren los colegios electorales en Chile para el balotaje presidencial entre Jara y Kast","url":"http:\/\/noticiasya.com\/midland-odessa\/2025\/12\/14\/abren-colegios-electorales-chile-balotaje-presidencial-efe\/","mainEntityOfPage":{"@type":"WebPage","@id":"http:\/\/noticiasya.com\/midland-odessa\/2025\/12\/14\/abren-colegios-electorales-chile-balotaje-presidencial-efe\/"},"thumbnailUrl":"","image":{"@type":"ImageObject","url":""},"articleSection":"Noticias Nacionales","author":[],"creator":[],"publisher":{"@type":"Organization","name":"Noticias","logo":""},"keywords":[],"dateCreated":"2025-12-14T13:03:42Z","datePublished":"2025-12-14T13:03:42Z","dateModified":"2025-12-14T13:03:42Z"},"rendered":"<script type=\"application\/ld+json\" class=\"wp-parsely-metadata\">{\"@context\":\"https:\\\/\\\/schema.org\",\"@type\":\"NewsArticle\",\"headline\":\"Abren los colegios electorales en Chile para el balotaje presidencial entre Jara y Kast\",\"url\":\"http:\\\/\\\/noticiasya.com\\\/midland-odessa\\\/2025\\\/12\\\/14\\\/abren-colegios-electorales-chile-balotaje-presidencial-efe\\\/\",\"mainEntityOfPage\":{\"@type\":\"WebPage\",\"@id\":\"http:\\\/\\\/noticiasya.com\\\/midland-odessa\\\/2025\\\/12\\\/14\\\/abren-colegios-electorales-chile-balotaje-presidencial-efe\\\/\"},\"thumbnailUrl\":\"\",\"image\":{\"@type\":\"ImageObject\",\"url\":\"\"},\"articleSection\":\"Noticias Nacionales\",\"author\":[],\"creator\":[],\"publisher\":{\"@type\":\"Organization\",\"name\":\"Noticias\",\"logo\":\"\"},\"keywords\":[],\"dateCreated\":\"2025-12-14T13:03:42Z\",\"datePublished\":\"2025-12-14T13:03:42Z\",\"dateModified\":\"2025-12-14T13:03:42Z\"}<\/script>","tracker_url":"https:\/\/cdn.parsely.com\/keys\/noticiasya.com\/p.js"},"jetpack_featured_media_url":"","jetpack-related-posts":[{"id":1468406,"url":"https:\/\/noticiasya.com\/midland-odessa\/2025\/11\/16\/elecciones-chile-jara-kast-segunda-vuelta-orix\/","url_meta":{"origin":1469253,"position":0},"title":"Elecciones en Chile: Jeannette Jara y Jos\u00e9 Antonio Kast se enfrentar\u00e1n en segunda vuelta por la presidencia","author":"","date":"noviembre 16, 2025","format":false,"excerpt":"La candidata oficialista Jeannette Jara, militante del Partido Comunista y abanderada de la coalici\u00f3n Unidad por Chile, y el opositor Jos\u00e9 Antonio Kast, fundador del Partido Republicano, competir\u00e1n en una segunda vuelta electoral el 14 de diciembre por la Presidencia de Chile, de acuerdo con los resultados preliminares publicados este\u2026","rel":"","context":"In &quot;Noticias Nacionales&quot;","block_context":{"text":"Noticias Nacionales","link":"https:\/\/noticiasya.com\/midland-odessa\/categoria\/noticias-nacionales"},"img":{"alt_text":"","src":"","width":0,"height":0},"classes":[]},{"id":1469145,"url":"https:\/\/noticiasya.com\/midland-odessa\/2025\/12\/10\/jara-cast-claves-debate-candidatos-presidente-chile-efe\/","url_meta":{"origin":1469253,"position":1},"title":"El \u00faltimo debate entre Kast y Jara, candidatos a la presidencia de Chile, fue el m\u00e1s intenso: estas son las claves","author":"","date":"diciembre 10, 2025","format":false,"excerpt":"La izquierdista Jeannette Jara y el ultraderechista Jos\u00e9 Antonio Kast protagonizaron la noche de este martes un intenso debate presidencial que evidenci\u00f3 la distancia que existe entre sus modelos de pa\u00eds y su diferente aproximaci\u00f3n para resolver las principales preocupaciones de la poblaci\u00f3n, como la seguridad, el control migratorio y\u2026","rel":"","context":"In &quot;Noticias Nacionales&quot;","block_context":{"text":"Noticias Nacionales","link":"https:\/\/noticiasya.com\/midland-odessa\/categoria\/noticias-nacionales"},"img":{"alt_text":"","src":"","width":0,"height":0},"classes":[]},{"id":1468412,"url":"https:\/\/noticiasya.com\/midland-odessa\/2025\/11\/16\/chile-jara-kast-segunda-vuelta-claves-orix\/","url_meta":{"origin":1469253,"position":2},"title":"Jara vs. Kast: las claves de por qu\u00e9 habr\u00e1 una segunda vuelta en Chile y cu\u00e1l candidato parte con mayor ventaja","author":"","date":"noviembre 16, 2025","format":false,"excerpt":"La definici\u00f3n de qui\u00e9n encabezar\u00e1 la Presidencia de Chile para el per\u00edodo 2026-2030 tendr\u00e1 que esperar un mes, pero desde la noche de este domingo algunas se\u00f1ales indican qu\u00e9 candidato arranca con m\u00e1s fuerza la carrera hacia la segunda vuelta del 14 de diciembre.Jeannette Jara, candidata oficialista, militante del Partido\u2026","rel":"","context":"In &quot;Noticias Nacionales&quot;","block_context":{"text":"Noticias Nacionales","link":"https:\/\/noticiasya.com\/midland-odessa\/categoria\/noticias-nacionales"},"img":{"alt_text":"","src":"","width":0,"height":0},"classes":[]},{"id":1468498,"url":"https:\/\/noticiasya.com\/midland-odessa\/2025\/11\/19\/chile-elecciones-congreso-dividido-derecha-orix\/","url_meta":{"origin":1469253,"position":3},"title":"Partidos de derecha quedan cerca de la mayor\u00eda en el Congreso de Chile: un escenario ideal para Kast, si gana","author":"","date":"noviembre 19, 2025","format":false,"excerpt":"Jeannette Jara, candidata de la izquierda, y Jos\u00e9 Antonio Kast, candidato de la ultraderecha, se preparan para disputar la Presidencia de Chile en la segunda vuelta que se realizar\u00e1 en menos de un mes, el 14 de diciembre. Pero sin importar qui\u00e9n de ellos gane, ambos ya pueden tener una\u2026","rel":"","context":"In &quot;Noticias Nacionales&quot;","block_context":{"text":"Noticias Nacionales","link":"https:\/\/noticiasya.com\/midland-odessa\/categoria\/noticias-nacionales"},"img":{"alt_text":"","src":"","width":0,"height":0},"classes":[]},{"id":1469256,"url":"https:\/\/noticiasya.com\/midland-odessa\/2025\/12\/14\/mapa-resultados-elecciones-chile-jara-kast-orix\/","url_meta":{"origin":1469253,"position":4},"title":"Mapa de resultados de la segunda vuelta de las elecciones presidenciales en Chile 2025: d\u00f3nde ganan Kast y Jara","author":"","date":"diciembre 14, 2025","format":false,"excerpt":"Chile lleg\u00f3 a la segunda vuelta presidencial con Jos\u00e9 Antonio Kast como favorito, tras reunir el apoyo de toda la derecha, y con Jeannette Jara intentando remontar una desventaja marcada por la baja aprobaci\u00f3n del Gobierno de Gabriel Boric. Aunque representan polos opuestos en lo ideol\u00f3gico, ambos candidatos convergen en\u2026","rel":"","context":"In &quot;Noticias Nacionales&quot;","block_context":{"text":"Noticias Nacionales","link":"https:\/\/noticiasya.com\/midland-odessa\/categoria\/noticias-nacionales"},"img":{"alt_text":"","src":"","width":0,"height":0},"classes":[]},{"id":1469215,"url":"https:\/\/noticiasya.com\/midland-odessa\/2025\/12\/12\/chile-elecciones-presidenciales-segunda-vuelta-kast-jara-extremos-orix\/","url_meta":{"origin":1469253,"position":5},"title":"Chile elige presidente entre dos extremos, pero con una misma agenda: la seguridad y la inmigraci\u00f3n","author":"","date":"diciembre 12, 2025","format":false,"excerpt":"Chile elige este domingo un nuevo presidente en una segunda vuelta marcada por el favoritismo de Jos\u00e9 Antonio Kast, el candidato ultraderechista que recibi\u00f3 el apoyo de otros competidores afines, por encima de la izquierdista Jeannette Jara, cuya popularidad fue arrastrada por la baja aprobaci\u00f3n del Gobierno del saliente mandatario,\u2026","rel":"","context":"In &quot;Noticias Nacionales&quot;","block_context":{"text":"Noticias Nacionales","link":"https:\/\/noticiasya.com\/midland-odessa\/categoria\/noticias-nacionales"},"img":{"alt_text":"","src":"","width":0,"height":0},"classes":[]}],"jetpack_sharing_enabled":true,"_links":{"self":[{"href":"https:\/\/noticiasya.com\/midland-odessa\/wp-json\/wp\/v2\/posts\/1469253","targetHints":{"allow":["GET"]}}],"collection":[{"href":"https:\/\/noticiasya.com\/midland-odessa\/wp-json\/wp\/v2\/posts"}],"about":[{"href":"https:\/\/noticiasya.com\/midland-odessa\/wp-json\/wp\/v2\/types\/post"}],"replies":[{"embeddable":true,"href":"https:\/\/noticiasya.com\/midland-odessa\/wp-json\/wp\/v2\/comments?post=1469253"}],"version-history":[{"count":0,"href":"https:\/\/noticiasya.com\/midland-odessa\/wp-json\/wp\/v2\/posts\/1469253\/revisions"}],"wp:attachment":[{"href":"https:\/\/noticiasya.com\/midland-odessa\/wp-json\/wp\/v2\/media?parent=1469253"}],"wp:term":[{"taxonomy":"category","embeddable":true,"href":"https:\/\/noticiasya.com\/midland-odessa\/wp-json\/wp\/v2\/categories?post=1469253"},{"taxonomy":"post_tag","embeddable":true,"href":"https:\/\/noticiasya.com\/midland-odessa\/wp-json\/wp\/v2\/tags?post=1469253"}],"curies":[{"name":"wp","href":"https:\/\/api.w.org\/{rel}","templated":true}]}}