{"id":1469257,"date":"2025-12-14T15:03:49","date_gmt":"2025-12-14T23:03:49","guid":{"rendered":"https:\/\/noticiasya.com\/2025\/12\/14\/chile-quien-es-jose-antonio-kast-orix\/"},"modified":"2025-12-14T15:03:49","modified_gmt":"2025-12-14T23:03:49","slug":"chile-quien-es-jose-antonio-kast-orix","status":"publish","type":"post","link":"https:\/\/noticiasya.com\/midland-odessa\/2025\/12\/14\/chile-quien-es-jose-antonio-kast-orix\/","title":{"rendered":"\u00bfQui\u00e9n es Jos\u00e9 Antonio Kast, el ultraderechista que gan\u00f3 la presidencia de Chile?"},"content":{"rendered":"<p>\u201cLa tercera es la vencida\u201d, dijo el abogado y candidato presidencial de extrema derecha Jos\u00e9 Antonio Kast, en su cierre de campa\u00f1a de noviembre en Santiago. All\u00ed afirm\u00f3 que le \u201cdevolver\u00eda la grandeza a Chile\u201d y que en esta oportunidad s\u00ed ganar\u00eda las elecciones presidenciales, a diferencia de los \u00faltimos comicios de 2021, donde perdi\u00f3 contra Gabriel Boric (izquierda progresista), y en 2017, cuando perdi\u00f3 contra Sebasti\u00e1n Pi\u00f1era (derecha tradicional).<\/p>\n<p>Este domingo 14 de diciembre, Kast finalmente lo logr\u00f3: <a href=\"https:\/\/cnnespanol.cnn.com\/2025\/12\/14\/latinoamerica\/chile-kast-vence-segunda-vuelta-orix\">gan\u00f3 la presidencia del pa\u00eds sudamericano<\/a> en la segunda vuelta que disput\u00f3 frente a la oficialista Jeannette Jara, del Partido Comunista.<\/p>\n<p>Jos\u00e9 Antonio Kast Rist tiene 59 a\u00f1os y es un pol\u00edtico chileno de ascendencia alemana. Naci\u00f3 en Santiago el 18 de enero de 1966 y es el menor de 10 hermanos. Comenz\u00f3 su trayectoria pol\u00edtica en la Universidad Cat\u00f3lica de Chile (UC) con el gremialismo, donde conoci\u00f3 personas influyentes como Jaime Guzm\u00e1n, fundador del partido de derecha tradicional Uni\u00f3n Dem\u00f3crata Independiente (UDI), donde Kast milit\u00f3 por casi 20 a\u00f1os.<\/p>\n<p>Con una consigna siempre conservadora, Kast fue elegido diputado en varias oportunidades y en 2019 fund\u00f3 el Partido Republicano en Chile, donde sus propuestas y estilo llamaron la atenci\u00f3n y aumentaron el espectro pol\u00edtico hacia los extremos.<\/p>\n<p>Debido a su discurso confrontacional y tendencia ultraconservadora, Kast ha sido comparado por expertos y analistas con el presidente Donald Trump y tambi\u00e9n con el exmandatario brasile\u00f1o Jair Bolsonaro.<\/p>\n<p>Es m\u00e1s: para uno de sus cierres de campa\u00f1a de este a\u00f1o en la ciudad de Vi\u00f1a del Mar, Kast realiz\u00f3 un discurso protegido tras un muro de vidrio antibalas y con varias banderas chilenas a su espalda, muy similar al estilo del mandatario norteamericano, a quien en 2024 felicit\u00f3 por su victoria en las elecciones presidenciales. \u201cMis felicitaciones a Donald\u202fTrump. Un nuevo triunfo de la libertad y el sentido com\u00fan\u201d, se\u00f1al\u00f3 en su cuenta de X.<\/p>\n<p>En ese mismo evento en la ciudad jard\u00edn, Kast asegur\u00f3 que \u201cvamos a cerrar las fronteras, le vamos a exigir a esas 300.000 personas que entraron de manera irregular que dejen nuestra patria\u201d.<\/p>\n<p>En su l\u00ednea estricta, Kast siempre se ha opuesto al derecho al aborto, al matrimonio igualitario y la inmigraci\u00f3n; en una candidatura pasada, incluso propuso excavar una fosa de 3 metros de largo por otros 3 metros de profundidad en varias zonas de la frontera norte para impedir el ingreso irregular de personas.<\/p>\n<p>Su \u201cdebut pol\u00edtico\u201d fue mucho antes, para el plebiscito de 1988, donde apareci\u00f3 en la franja electoral apoyando abiertamente la opci\u00f3n \u201cS\u00ed\u201d que buscaba la continuidad del r\u00e9gimen del dictador Augusto Pinochet. A\u00f1os m\u00e1s tarde, para las elecciones de 2017, Kast asegur\u00f3 que si Pinochet estuviera vivo, votar\u00eda por \u00e9l.<\/p>\n<p>En su actual programa de Gobierno, Kast se basa en tres pilares fundamentales y denuncia que Chile vive en una \u201cemergencia de seguridad\u201d, por lo que su Gobierno buscar\u00e1: \u201crecuperar el orden y la autoridad\u201d, \u201creimpulsar el progreso econ\u00f3mico y el trabajo\u201d y \u201crestaurar la libertad y justicia para todos los chilenos\u201d.<\/p>\n<p>Para el acad\u00e9mico y analista pol\u00edtico Guillermo Holzmann, las posibilidades para Kast en esta oportunidad son mayores que antes debido a temas que el Gobierno de Boric no ha logrado resolver, como el aumento de la sensaci\u00f3n de inseguridad y la lucha contra el crimen organizado.<\/p>\n<p>\u201cEn estas elecciones, Chile llega con un grado de incertidumbre. No obstante que llevamos meses pensando que va a darse una segunda vuelta presidencial y todo est\u00e1 claro de que va a haber un cambio de orientaci\u00f3n ideol\u00f3gica en el pr\u00f3ximo Gobierno. Llega Chile tambi\u00e9n con un electorado que viene agotado con muchas elecciones. Hemos tenido dos elecciones por una Constituci\u00f3n, m\u00e1s otros procesos plebiscitarios, m\u00e1s elecciones de gobernadores, alcaldes, concejales. En consecuencia, hay una cierta fatiga electoral\u201d, asegur\u00f3 a CNN el acad\u00e9mico de la Universidad de Valpara\u00edso.<\/p>\n<p>Holzmann tambi\u00e9n recalca que este posible giro pol\u00edtico en Chile es visto desde cerca por varios pa\u00edses, entre ellos Estados Unidos. En una conferencia de prensa reciente, el vicesecretario de Estado de los Estados Unidos, Christopher Landau, afirm\u00f3 que esperan mejorar la relaci\u00f3n bilateral ante un posible cambio de color pol\u00edtico, dejando en claro que Washington observa de cerca qu\u00e9 tipo de socio se convertir\u00e1 Chile en los pr\u00f3ximos a\u00f1os.<\/p>\n<p>Landau tambi\u00e9n agreg\u00f3 que un eventual cambio de color pol\u00edtico hacia la derecha \u2014con candidatos como Jos\u00e9 Antonio Kast, Evelyn Matthei o Johannes Kaiser\u2014 podr\u00eda abrir la puerta a un alineamiento m\u00e1s estrecho con Washington.<\/p>\n<p>Pero las riquezas de Chile y su futuro pol\u00edtico son mirados de cerca no solo por Estados Unidos. \u201cLa ecuacio\u0301n de Chile es que tiene una cordillera de los Andes llena de minerales, donde claramente destaca el cobre, el litio, el cobalto, el molibdeno, y tambie\u0301n tiene las tierras raras, pero adema\u0301s nosotros tenemos acumulacio\u0301n en varios relaves, tenemos tierras raras que es necesario procesarlas para poder sacarlas, pero adema\u0301s tambie\u0301n para Estados Unidos es el acceso al uranio, aqui\u0301 esta\u0301 la cordillera, es el acceso al control del estrecho de Magallanes para todos los buques que no pasan por el Canal de Panama\u0301, y tambi\u00e9n es la proyeccio\u0301n de la Anta\u0301rtica\u201d, afirm\u00f3 Holzmann a CNN.<\/p>\n<p>The-CNN-Wire<br \/>&trade; &amp; &copy; 2025 Cable News Network, Inc., a Warner Bros. Discovery Company. All rights reserved.<\/p>\n","protected":false},"excerpt":{"rendered":"<p>\u201cLa tercera es la vencida\u201d, dijo el abogado y candidato presidencial de extrema derecha Jos\u00e9 Antonio Kast, en su cierre de campa\u00f1a de noviembre en Santiago. All\u00ed afirm\u00f3 que le \u201cdevolver\u00eda la grandeza a Chile\u201d y que en esta oportunidad s\u00ed ganar\u00eda las elecciones presidenciales, a diferencia de los \u00faltimos comicios de 2021, donde perdi\u00f3 [&hellip;]<\/p>\n","protected":false},"author":0,"featured_media":0,"comment_status":"open","ping_status":"open","sticky":false,"template":"","format":"standard","meta":{"_jetpack_memberships_contains_paid_content":false,"footnotes":""},"categories":[10],"tags":[],"class_list":["post-1469257","post","type-post","status-publish","format-standard","hentry","category-noticias-nacionales","market-global"],"yoast_head":"<!-- This site is optimized with the Yoast SEO plugin v24.4 - https:\/\/yoast.com\/wordpress\/plugins\/seo\/ -->\n<title>\u00bfQui\u00e9n es Jos\u00e9 Antonio Kast, el ultraderechista que gan\u00f3 la presidencia de Chile? - Noticias<\/title>\n<meta name=\"robots\" content=\"index, follow, max-snippet:-1, max-image-preview:large, max-video-preview:-1\" \/>\n<link rel=\"canonical\" href=\"https:\/\/noticiasya.com\/2025\/12\/14\/chile-quien-es-jose-antonio-kast-orix\/\" \/>\n<meta property=\"og:locale\" content=\"es_ES\" \/>\n<meta property=\"og:type\" content=\"article\" \/>\n<meta property=\"og:title\" content=\"\u00bfQui\u00e9n es Jos\u00e9 Antonio Kast, el ultraderechista que gan\u00f3 la presidencia de Chile? - Noticias\" \/>\n<meta property=\"og:description\" content=\"\u201cLa tercera es la vencida\u201d, dijo el abogado y candidato presidencial de extrema derecha Jos\u00e9 Antonio Kast, en su cierre de campa\u00f1a de noviembre en Santiago. All\u00ed afirm\u00f3 que le \u201cdevolver\u00eda la grandeza a Chile\u201d y que en esta oportunidad s\u00ed ganar\u00eda las elecciones presidenciales, a diferencia de los \u00faltimos comicios de 2021, donde perdi\u00f3 [&hellip;]\" \/>\n<meta property=\"og:url\" content=\"https:\/\/noticiasya.com\/2025\/12\/14\/chile-quien-es-jose-antonio-kast-orix\/\" \/>\n<meta property=\"og:site_name\" content=\"Noticias\" \/>\n<meta property=\"article:published_time\" content=\"2025-12-14T23:03:49+00:00\" \/>\n<meta name=\"twitter:card\" content=\"summary_large_image\" \/>\n<meta name=\"twitter:label1\" content=\"Est. reading time\" \/>\n\t<meta name=\"twitter:data1\" content=\"5 minutos\" \/>\n<script type=\"application\/ld+json\" class=\"yoast-schema-graph\">{\"@context\":\"https:\/\/schema.org\",\"@graph\":[{\"@type\":\"Article\",\"@id\":\"https:\/\/noticiasya.com\/2025\/12\/14\/chile-quien-es-jose-antonio-kast-orix\/#article\",\"isPartOf\":{\"@id\":\"https:\/\/noticiasya.com\/2025\/12\/14\/chile-quien-es-jose-antonio-kast-orix\/\"},\"author\":{\"name\":\"\",\"@id\":\"\"},\"headline\":\"\u00bfQui\u00e9n es Jos\u00e9 Antonio Kast, el ultraderechista que gan\u00f3 la presidencia de Chile?\",\"datePublished\":\"2025-12-14T23:03:49+00:00\",\"mainEntityOfPage\":{\"@id\":\"https:\/\/noticiasya.com\/2025\/12\/14\/chile-quien-es-jose-antonio-kast-orix\/\"},\"wordCount\":938,\"commentCount\":0,\"publisher\":{\"@id\":\"https:\/\/noticiasya.com\/#organization\"},\"articleSection\":[\"Noticias Nacionales\"],\"inLanguage\":\"es\",\"potentialAction\":[{\"@type\":\"CommentAction\",\"name\":\"Comment\",\"target\":[\"https:\/\/noticiasya.com\/2025\/12\/14\/chile-quien-es-jose-antonio-kast-orix\/#respond\"]}]},{\"@type\":\"WebPage\",\"@id\":\"https:\/\/noticiasya.com\/2025\/12\/14\/chile-quien-es-jose-antonio-kast-orix\/\",\"url\":\"https:\/\/noticiasya.com\/2025\/12\/14\/chile-quien-es-jose-antonio-kast-orix\/\",\"name\":\"\u00bfQui\u00e9n es Jos\u00e9 Antonio Kast, el ultraderechista que gan\u00f3 la presidencia de Chile? - Noticias\",\"isPartOf\":{\"@id\":\"https:\/\/noticiasya.com\/#website\"},\"datePublished\":\"2025-12-14T23:03:49+00:00\",\"breadcrumb\":{\"@id\":\"https:\/\/noticiasya.com\/2025\/12\/14\/chile-quien-es-jose-antonio-kast-orix\/#breadcrumb\"},\"inLanguage\":\"es\",\"potentialAction\":[{\"@type\":\"ReadAction\",\"target\":[\"https:\/\/noticiasya.com\/2025\/12\/14\/chile-quien-es-jose-antonio-kast-orix\/\"]}]},{\"@type\":\"BreadcrumbList\",\"@id\":\"https:\/\/noticiasya.com\/2025\/12\/14\/chile-quien-es-jose-antonio-kast-orix\/#breadcrumb\",\"itemListElement\":[{\"@type\":\"ListItem\",\"position\":1,\"name\":\"Home\",\"item\":\"https:\/\/noticiasya.com\/\"},{\"@type\":\"ListItem\",\"position\":2,\"name\":\"\u00bfQui\u00e9n es Jos\u00e9 Antonio Kast, el ultraderechista que gan\u00f3 la presidencia de Chile?\"}]},{\"@type\":\"WebSite\",\"@id\":\"https:\/\/noticiasya.com\/#website\",\"url\":\"https:\/\/noticiasya.com\/\",\"name\":\"Noticias\",\"description\":\"Lo que importa\",\"publisher\":{\"@id\":\"https:\/\/noticiasya.com\/#organization\"},\"potentialAction\":[{\"@type\":\"SearchAction\",\"target\":{\"@type\":\"EntryPoint\",\"urlTemplate\":\"https:\/\/noticiasya.com\/?s={search_term_string}\"},\"query-input\":{\"@type\":\"PropertyValueSpecification\",\"valueRequired\":true,\"valueName\":\"search_term_string\"}}],\"inLanguage\":\"es\"},{\"@type\":\"Organization\",\"@id\":\"https:\/\/noticiasya.com\/#organization\",\"name\":\"Noticias\",\"url\":\"https:\/\/noticiasya.com\/\",\"logo\":{\"@type\":\"ImageObject\",\"inLanguage\":\"es\",\"@id\":\"https:\/\/noticiasya.com\/#\/schema\/logo\/image\/\",\"url\":\"https:\/\/noticiasya.com\/wp-content\/uploads\/sites\/22\/2023\/12\/logo-nacional.png\",\"contentUrl\":\"https:\/\/noticiasya.com\/wp-content\/uploads\/sites\/22\/2023\/12\/logo-nacional.png\",\"width\":1801,\"height\":691,\"caption\":\"Noticias\"},\"image\":{\"@id\":\"https:\/\/noticiasya.com\/#\/schema\/logo\/image\/\"}}]}<\/script>\n<!-- \/ Yoast SEO plugin. -->","yoast_head_json":{"title":"\u00bfQui\u00e9n es Jos\u00e9 Antonio Kast, el ultraderechista que gan\u00f3 la presidencia de Chile? - Noticias","robots":{"index":"index","follow":"follow","max-snippet":"max-snippet:-1","max-image-preview":"max-image-preview:large","max-video-preview":"max-video-preview:-1"},"canonical":"https:\/\/noticiasya.com\/2025\/12\/14\/chile-quien-es-jose-antonio-kast-orix\/","og_locale":"es_ES","og_type":"article","og_title":"\u00bfQui\u00e9n es Jos\u00e9 Antonio Kast, el ultraderechista que gan\u00f3 la presidencia de Chile? - Noticias","og_description":"\u201cLa tercera es la vencida\u201d, dijo el abogado y candidato presidencial de extrema derecha Jos\u00e9 Antonio Kast, en su cierre de campa\u00f1a de noviembre en Santiago. All\u00ed afirm\u00f3 que le \u201cdevolver\u00eda la grandeza a Chile\u201d y que en esta oportunidad s\u00ed ganar\u00eda las elecciones presidenciales, a diferencia de los \u00faltimos comicios de 2021, donde perdi\u00f3 [&hellip;]","og_url":"https:\/\/noticiasya.com\/2025\/12\/14\/chile-quien-es-jose-antonio-kast-orix\/","og_site_name":"Noticias","article_published_time":"2025-12-14T23:03:49+00:00","twitter_card":"summary_large_image","twitter_misc":{"Est. reading time":"5 minutos"},"schema":{"@context":"https:\/\/schema.org","@graph":[{"@type":"Article","@id":"https:\/\/noticiasya.com\/2025\/12\/14\/chile-quien-es-jose-antonio-kast-orix\/#article","isPartOf":{"@id":"https:\/\/noticiasya.com\/2025\/12\/14\/chile-quien-es-jose-antonio-kast-orix\/"},"author":{"name":"","@id":""},"headline":"\u00bfQui\u00e9n es Jos\u00e9 Antonio Kast, el ultraderechista que gan\u00f3 la presidencia de Chile?","datePublished":"2025-12-14T23:03:49+00:00","mainEntityOfPage":{"@id":"https:\/\/noticiasya.com\/2025\/12\/14\/chile-quien-es-jose-antonio-kast-orix\/"},"wordCount":938,"commentCount":0,"publisher":{"@id":"https:\/\/noticiasya.com\/#organization"},"articleSection":["Noticias Nacionales"],"inLanguage":"es","potentialAction":[{"@type":"CommentAction","name":"Comment","target":["https:\/\/noticiasya.com\/2025\/12\/14\/chile-quien-es-jose-antonio-kast-orix\/#respond"]}]},{"@type":"WebPage","@id":"https:\/\/noticiasya.com\/2025\/12\/14\/chile-quien-es-jose-antonio-kast-orix\/","url":"https:\/\/noticiasya.com\/2025\/12\/14\/chile-quien-es-jose-antonio-kast-orix\/","name":"\u00bfQui\u00e9n es Jos\u00e9 Antonio Kast, el ultraderechista que gan\u00f3 la presidencia de Chile? - Noticias","isPartOf":{"@id":"https:\/\/noticiasya.com\/#website"},"datePublished":"2025-12-14T23:03:49+00:00","breadcrumb":{"@id":"https:\/\/noticiasya.com\/2025\/12\/14\/chile-quien-es-jose-antonio-kast-orix\/#breadcrumb"},"inLanguage":"es","potentialAction":[{"@type":"ReadAction","target":["https:\/\/noticiasya.com\/2025\/12\/14\/chile-quien-es-jose-antonio-kast-orix\/"]}]},{"@type":"BreadcrumbList","@id":"https:\/\/noticiasya.com\/2025\/12\/14\/chile-quien-es-jose-antonio-kast-orix\/#breadcrumb","itemListElement":[{"@type":"ListItem","position":1,"name":"Home","item":"https:\/\/noticiasya.com\/"},{"@type":"ListItem","position":2,"name":"\u00bfQui\u00e9n es Jos\u00e9 Antonio Kast, el ultraderechista que gan\u00f3 la presidencia de Chile?"}]},{"@type":"WebSite","@id":"https:\/\/noticiasya.com\/#website","url":"https:\/\/noticiasya.com\/","name":"Noticias","description":"Lo que importa","publisher":{"@id":"https:\/\/noticiasya.com\/#organization"},"potentialAction":[{"@type":"SearchAction","target":{"@type":"EntryPoint","urlTemplate":"https:\/\/noticiasya.com\/?s={search_term_string}"},"query-input":{"@type":"PropertyValueSpecification","valueRequired":true,"valueName":"search_term_string"}}],"inLanguage":"es"},{"@type":"Organization","@id":"https:\/\/noticiasya.com\/#organization","name":"Noticias","url":"https:\/\/noticiasya.com\/","logo":{"@type":"ImageObject","inLanguage":"es","@id":"https:\/\/noticiasya.com\/#\/schema\/logo\/image\/","url":"https:\/\/noticiasya.com\/wp-content\/uploads\/sites\/22\/2023\/12\/logo-nacional.png","contentUrl":"https:\/\/noticiasya.com\/wp-content\/uploads\/sites\/22\/2023\/12\/logo-nacional.png","width":1801,"height":691,"caption":"Noticias"},"image":{"@id":"https:\/\/noticiasya.com\/#\/schema\/logo\/image\/"}}]}},"parsely":{"version":"1.1.0","canonical_url":"https:\/\/noticiasya.com\/midland-odessa\/2025\/12\/14\/chile-quien-es-jose-antonio-kast-orix\/","smart_links":{"inbound":0,"outbound":0},"traffic_boost_suggestions_count":0,"meta":{"@context":"https:\/\/schema.org","@type":"NewsArticle","headline":"\u00bfQui\u00e9n es Jos\u00e9 Antonio Kast, el ultraderechista que gan\u00f3 la presidencia de Chile?","url":"http:\/\/noticiasya.com\/midland-odessa\/2025\/12\/14\/chile-quien-es-jose-antonio-kast-orix\/","mainEntityOfPage":{"@type":"WebPage","@id":"http:\/\/noticiasya.com\/midland-odessa\/2025\/12\/14\/chile-quien-es-jose-antonio-kast-orix\/"},"thumbnailUrl":"","image":{"@type":"ImageObject","url":""},"articleSection":"Noticias Nacionales","author":[],"creator":[],"publisher":{"@type":"Organization","name":"Noticias","logo":""},"keywords":[],"dateCreated":"2025-12-14T23:03:49Z","datePublished":"2025-12-14T23:03:49Z","dateModified":"2025-12-14T23:03:49Z"},"rendered":"<script type=\"application\/ld+json\" class=\"wp-parsely-metadata\">{\"@context\":\"https:\\\/\\\/schema.org\",\"@type\":\"NewsArticle\",\"headline\":\"\\u00bfQui\\u00e9n es Jos\\u00e9 Antonio Kast, el ultraderechista que gan\\u00f3 la presidencia de Chile?\",\"url\":\"http:\\\/\\\/noticiasya.com\\\/midland-odessa\\\/2025\\\/12\\\/14\\\/chile-quien-es-jose-antonio-kast-orix\\\/\",\"mainEntityOfPage\":{\"@type\":\"WebPage\",\"@id\":\"http:\\\/\\\/noticiasya.com\\\/midland-odessa\\\/2025\\\/12\\\/14\\\/chile-quien-es-jose-antonio-kast-orix\\\/\"},\"thumbnailUrl\":\"\",\"image\":{\"@type\":\"ImageObject\",\"url\":\"\"},\"articleSection\":\"Noticias Nacionales\",\"author\":[],\"creator\":[],\"publisher\":{\"@type\":\"Organization\",\"name\":\"Noticias\",\"logo\":\"\"},\"keywords\":[],\"dateCreated\":\"2025-12-14T23:03:49Z\",\"datePublished\":\"2025-12-14T23:03:49Z\",\"dateModified\":\"2025-12-14T23:03:49Z\"}<\/script>","tracker_url":"https:\/\/cdn.parsely.com\/keys\/noticiasya.com\/p.js"},"jetpack_featured_media_url":"","jetpack-related-posts":[{"id":1468340,"url":"https:\/\/noticiasya.com\/midland-odessa\/2025\/11\/14\/quien-es-jose-antonio-kast-candidato-presidencial-chile-orix\/","url_meta":{"origin":1469257,"position":0},"title":"\u00bfQui\u00e9n es Jos\u00e9 Antonio Kast, el ultraderechista que busca ganar las elecciones presidenciales en Chile?","author":"","date":"noviembre 14, 2025","format":false,"excerpt":"\u201cLa tercera es la vencida\u201d, dijo el abogado y candidato presidencial de extrema derecha Jos\u00e9 Antonio Kast, este lunes en su cierre de campa\u00f1a en Santiago. All\u00ed afirm\u00f3 que le \u201cdevolver\u00eda la grandeza a Chile\u201d y que en esta oportunidad s\u00ed ganar\u00eda las elecciones presidenciales, a diferencia de los \u00faltimos\u2026","rel":"","context":"In &quot;Noticias Nacionales&quot;","block_context":{"text":"Noticias Nacionales","link":"https:\/\/noticiasya.com\/midland-odessa\/categoria\/noticias-nacionales"},"img":{"alt_text":"","src":"","width":0,"height":0},"classes":[]},{"id":1469277,"url":"https:\/\/noticiasya.com\/midland-odessa\/2025\/12\/15\/boric-kast-palacio-moneda-elecciones-presidente-chile-efe\/","url_meta":{"origin":1469257,"position":1},"title":"Boric recibi\u00f3 a Kast en el Palacio de La Moneda para iniciar la transici\u00f3n que terminar\u00e1 en marzo","author":"","date":"diciembre 15, 2025","format":false,"excerpt":"El presidente de Chile, Gabriel Boric, y el presidente electo, Jos\u00e9 Antonio Kast, se reunieron este lunes en el palacio de Gobierno para empezar su transici\u00f3n entre ambos Gobiernos que culminar\u00e1 el 11 de marzo, cuando el ultraderechista asumir\u00e1 el poder.Kast, que gan\u00f3 las elecciones con un 58,1 % por\u2026","rel":"","context":"In &quot;Noticias Nacionales&quot;","block_context":{"text":"Noticias Nacionales","link":"https:\/\/noticiasya.com\/midland-odessa\/categoria\/noticias-nacionales"},"img":{"alt_text":"","src":"","width":0,"height":0},"classes":[]},{"id":1468498,"url":"https:\/\/noticiasya.com\/midland-odessa\/2025\/11\/19\/chile-elecciones-congreso-dividido-derecha-orix\/","url_meta":{"origin":1469257,"position":2},"title":"Partidos de derecha quedan cerca de la mayor\u00eda en el Congreso de Chile: un escenario ideal para Kast, si gana","author":"","date":"noviembre 19, 2025","format":false,"excerpt":"Jeannette Jara, candidata de la izquierda, y Jos\u00e9 Antonio Kast, candidato de la ultraderecha, se preparan para disputar la Presidencia de Chile en la segunda vuelta que se realizar\u00e1 en menos de un mes, el 14 de diciembre. Pero sin importar qui\u00e9n de ellos gane, ambos ya pueden tener una\u2026","rel":"","context":"In &quot;Noticias Nacionales&quot;","block_context":{"text":"Noticias Nacionales","link":"https:\/\/noticiasya.com\/midland-odessa\/categoria\/noticias-nacionales"},"img":{"alt_text":"","src":"","width":0,"height":0},"classes":[]},{"id":1469263,"url":"https:\/\/noticiasya.com\/midland-odessa\/2025\/12\/14\/chile-alternancia-giro-claves-kast-orix\/","url_meta":{"origin":1469257,"position":3},"title":"Chile mantiene la alternancia en el Gobierno, pero con giros m\u00e1s bruscos: 4 claves del triunfo de Jos\u00e9 Antonio Kast","author":"","date":"diciembre 14, 2025","format":false,"excerpt":"Chile prolong\u00f3 este domingo una tradici\u00f3n de alternancia pol\u00edtica en el poder que ya se extiende por dos d\u00e9cadas, al elegir como nuevo presidente al ultraderechista Jos\u00e9 Antonio Kast, en un giro m\u00e1s pronunciado que el realizado por el saliente mandatario Gabriel Boric. El cambio conservador llega pocos a\u00f1os despu\u00e9s\u2026","rel":"","context":"In &quot;Noticias Nacionales&quot;","block_context":{"text":"Noticias Nacionales","link":"https:\/\/noticiasya.com\/midland-odessa\/categoria\/noticias-nacionales"},"img":{"alt_text":"","src":"","width":0,"height":0},"classes":[]},{"id":1469323,"url":"https:\/\/noticiasya.com\/midland-odessa\/2025\/12\/16\/chile-argentina-kast-milei-orix\/","url_meta":{"origin":1469257,"position":4},"title":"Kast visita a Milei en Argentina en su primer viaje tras ser elegido presidente de Chile. \u00bfQu\u00e9 significa?","author":"","date":"diciembre 16, 2025","format":false,"excerpt":"Horas despu\u00e9s de ganar las elecciones en Chile, Jos\u00e9 Antonio Kast aterriz\u00f3 en Buenos Aires. En su primera visita internacional como presidente electo \u2014luego de imponerse por un margen considerable en el ballotage ante la candidata del Partido Comunista, Jeannette Jara, por 16 puntos\u2014, el l\u00edder del Partido Republicano eligi\u00f3\u2026","rel":"","context":"In &quot;Noticias Nacionales&quot;","block_context":{"text":"Noticias Nacionales","link":"https:\/\/noticiasya.com\/midland-odessa\/categoria\/noticias-nacionales"},"img":{"alt_text":"","src":"","width":0,"height":0},"classes":[]},{"id":1468406,"url":"https:\/\/noticiasya.com\/midland-odessa\/2025\/11\/16\/elecciones-chile-jara-kast-segunda-vuelta-orix\/","url_meta":{"origin":1469257,"position":5},"title":"Elecciones en Chile: Jeannette Jara y Jos\u00e9 Antonio Kast se enfrentar\u00e1n en segunda vuelta por la presidencia","author":"","date":"noviembre 16, 2025","format":false,"excerpt":"La candidata oficialista Jeannette Jara, militante del Partido Comunista y abanderada de la coalici\u00f3n Unidad por Chile, y el opositor Jos\u00e9 Antonio Kast, fundador del Partido Republicano, competir\u00e1n en una segunda vuelta electoral el 14 de diciembre por la Presidencia de Chile, de acuerdo con los resultados preliminares publicados este\u2026","rel":"","context":"In &quot;Noticias Nacionales&quot;","block_context":{"text":"Noticias Nacionales","link":"https:\/\/noticiasya.com\/midland-odessa\/categoria\/noticias-nacionales"},"img":{"alt_text":"","src":"","width":0,"height":0},"classes":[]}],"jetpack_sharing_enabled":true,"_links":{"self":[{"href":"https:\/\/noticiasya.com\/midland-odessa\/wp-json\/wp\/v2\/posts\/1469257","targetHints":{"allow":["GET"]}}],"collection":[{"href":"https:\/\/noticiasya.com\/midland-odessa\/wp-json\/wp\/v2\/posts"}],"about":[{"href":"https:\/\/noticiasya.com\/midland-odessa\/wp-json\/wp\/v2\/types\/post"}],"replies":[{"embeddable":true,"href":"https:\/\/noticiasya.com\/midland-odessa\/wp-json\/wp\/v2\/comments?post=1469257"}],"version-history":[{"count":0,"href":"https:\/\/noticiasya.com\/midland-odessa\/wp-json\/wp\/v2\/posts\/1469257\/revisions"}],"wp:attachment":[{"href":"https:\/\/noticiasya.com\/midland-odessa\/wp-json\/wp\/v2\/media?parent=1469257"}],"wp:term":[{"taxonomy":"category","embeddable":true,"href":"https:\/\/noticiasya.com\/midland-odessa\/wp-json\/wp\/v2\/categories?post=1469257"},{"taxonomy":"post_tag","embeddable":true,"href":"https:\/\/noticiasya.com\/midland-odessa\/wp-json\/wp\/v2\/tags?post=1469257"}],"curies":[{"name":"wp","href":"https:\/\/api.w.org\/{rel}","templated":true}]}}