{"id":1469261,"date":"2025-12-14T17:03:49","date_gmt":"2025-12-15T01:03:49","guid":{"rendered":"https:\/\/noticiasya.com\/2025\/12\/14\/john-cena-retiro-lucha-libre-wwe-orix\/"},"modified":"2025-12-14T17:03:49","modified_gmt":"2025-12-15T01:03:49","slug":"john-cena-retiro-lucha-libre-wwe-orix","status":"publish","type":"post","link":"https:\/\/noticiasya.com\/midland-odessa\/2025\/12\/14\/john-cena-retiro-lucha-libre-wwe-orix\/","title":{"rendered":"El retiro de una leyenda: John Cena se despidi\u00f3 de la lucha libre con un final que nadie imagin\u00f3"},"content":{"rendered":"<p>Los finales no siempre son felices. Eso es lo que qued\u00f3 demostrado en la noche del s\u00e1bado o madrugada del domingo en el Capital One Arena de Washington, durante el Saturday Night\u2019s Main Event.<\/p>\n<p>Ante una multitud que se apil\u00f3 para verlo de cerca, el legendario John Cena se subi\u00f3 por \u00faltima vez al ring para una funci\u00f3n que promet\u00eda ser memorable, y que finalmente lo fue, aunque muchos no hayan conseguido la imagen final que buscaban del excampe\u00f3n.<\/p>\n<p>Lejos del papel de duro irrompible que ha mostrado durante d\u00e9cadas en la lucha libre y tambi\u00e9n en el cine de acci\u00f3n, Cena acab\u00f3 rindi\u00e9ndose en las manos de Gunther, el excampe\u00f3n de peso pesado de la WWE en dos ocasiones.<\/p>\n<p>El duelo comenz\u00f3 siendo favorable para Gunther, con Cena necesitando del apoyo del p\u00fablico para igualar la batalla. No ser\u00e1 Batman, pero \u201cPeacemaker\u201d demostr\u00f3 que subi\u00f3 al ring con sus propios trucos, el Five Knuckle Shuffle y el Attitude Adjustment. Con ellos pareci\u00f3 cerca de la victoria y un desenlace id\u00edlico, pero Gunther se zaf\u00f3 y la lucha continu\u00f3 afuera del ring.<\/p>\n<p>La mesa de los comentaristas se convirti\u00f3 en lona y Gunther la bes\u00f3 con fuerza, antes de que ambos volvieran a subirse al cuadril\u00e1tero para el gran final de la noche.<br \/>All\u00ed intercambiaron un par de veces posici\u00f3n sobre las cuerdas, alternando patadas, Five Knuckle Schuffle, Powerbombs y Avalanche, llevando al p\u00fablico a un \u00e9xtasis total.<\/p>\n<p>Gunther se recuper\u00f3 y aplic\u00f3 un par de veces la llave de sumisi\u00f3n. Cena logr\u00f3 zafarse de la primera, pero la segunda marc\u00f3 el final, y tras segundos de incredulidad y respiraci\u00f3n contenida en las gradas, el excampe\u00f3n dijo basta.<\/p>\n<p>El final merecido lleg\u00f3 despu\u00e9s. Las estrellas de la WWE CM Punk (campe\u00f3n mundial de peso pesado) y Cody Rhodes (campe\u00f3n indiscutido) subieron al ring, se pusieron de rodillas y cedieron sus cetros para que la leyenda pudiera sostenerlos una vez m\u00e1s. Cena acab\u00f3 dejando una imagen para el recuerdo, alzando los cinturones a los cuatro lados para escuchar el rugido del p\u00fablico una \u00faltima y muy merecida vez. Una reverencia final y un saludo del \u201cMarine\u201d cerraron la historia de un campe\u00f3n, y le dieron paso a la leyenda.<\/p>\n<p>El saludo de los Green Bay Packers, de la NFL:<\/p>\n<p>El saludo de los New York Jets, tambi\u00e9n del f\u00fatbol americano:<\/p>\n<p>La dedicatoria de los Phoenix Suns, de la NBA:<\/p>\n<p>La despedida de las Grandes Ligas de B\u00e9isbol para Cena:<\/p>\n<p>The-CNN-Wire<br \/>&trade; &amp; &copy; 2025 Cable News Network, Inc., a Warner Bros. Discovery Company. All rights reserved.<\/p>\n","protected":false},"excerpt":{"rendered":"<p>Los finales no siempre son felices. Eso es lo que qued\u00f3 demostrado en la noche del s\u00e1bado o madrugada del domingo en el Capital One Arena de Washington, durante el Saturday Night\u2019s Main Event. Ante una multitud que se apil\u00f3 para verlo de cerca, el legendario John Cena se subi\u00f3 por \u00faltima vez al ring [&hellip;]<\/p>\n","protected":false},"author":0,"featured_media":0,"comment_status":"open","ping_status":"open","sticky":false,"template":"","format":"standard","meta":{"_jetpack_memberships_contains_paid_content":false,"footnotes":""},"categories":[10],"tags":[],"class_list":["post-1469261","post","type-post","status-publish","format-standard","hentry","category-noticias-nacionales","market-global"],"yoast_head":"<!-- This site is optimized with the Yoast SEO plugin v24.4 - https:\/\/yoast.com\/wordpress\/plugins\/seo\/ -->\n<title>El retiro de una leyenda: John Cena se despidi\u00f3 de la lucha libre con un final que nadie imagin\u00f3 - Noticias<\/title>\n<meta name=\"robots\" content=\"index, follow, max-snippet:-1, max-image-preview:large, max-video-preview:-1\" \/>\n<link rel=\"canonical\" href=\"https:\/\/noticiasya.com\/2025\/12\/14\/john-cena-retiro-lucha-libre-wwe-orix\/\" \/>\n<meta property=\"og:locale\" content=\"es_ES\" \/>\n<meta property=\"og:type\" content=\"article\" \/>\n<meta property=\"og:title\" content=\"El retiro de una leyenda: John Cena se despidi\u00f3 de la lucha libre con un final que nadie imagin\u00f3 - Noticias\" \/>\n<meta property=\"og:description\" content=\"Los finales no siempre son felices. Eso es lo que qued\u00f3 demostrado en la noche del s\u00e1bado o madrugada del domingo en el Capital One Arena de Washington, durante el Saturday Night\u2019s Main Event. Ante una multitud que se apil\u00f3 para verlo de cerca, el legendario John Cena se subi\u00f3 por \u00faltima vez al ring [&hellip;]\" \/>\n<meta property=\"og:url\" content=\"https:\/\/noticiasya.com\/2025\/12\/14\/john-cena-retiro-lucha-libre-wwe-orix\/\" \/>\n<meta property=\"og:site_name\" content=\"Noticias\" \/>\n<meta property=\"article:published_time\" content=\"2025-12-15T01:03:49+00:00\" \/>\n<meta name=\"twitter:card\" content=\"summary_large_image\" \/>\n<meta name=\"twitter:label1\" content=\"Est. reading time\" \/>\n\t<meta name=\"twitter:data1\" content=\"2 minutos\" \/>\n<script type=\"application\/ld+json\" class=\"yoast-schema-graph\">{\"@context\":\"https:\/\/schema.org\",\"@graph\":[{\"@type\":\"Article\",\"@id\":\"https:\/\/noticiasya.com\/2025\/12\/14\/john-cena-retiro-lucha-libre-wwe-orix\/#article\",\"isPartOf\":{\"@id\":\"https:\/\/noticiasya.com\/2025\/12\/14\/john-cena-retiro-lucha-libre-wwe-orix\/\"},\"author\":{\"name\":\"\",\"@id\":\"\"},\"headline\":\"El retiro de una leyenda: John Cena se despidi\u00f3 de la lucha libre con un final que nadie imagin\u00f3\",\"datePublished\":\"2025-12-15T01:03:49+00:00\",\"mainEntityOfPage\":{\"@id\":\"https:\/\/noticiasya.com\/2025\/12\/14\/john-cena-retiro-lucha-libre-wwe-orix\/\"},\"wordCount\":470,\"commentCount\":0,\"publisher\":{\"@id\":\"https:\/\/noticiasya.com\/#organization\"},\"articleSection\":[\"Noticias Nacionales\"],\"inLanguage\":\"es\",\"potentialAction\":[{\"@type\":\"CommentAction\",\"name\":\"Comment\",\"target\":[\"https:\/\/noticiasya.com\/2025\/12\/14\/john-cena-retiro-lucha-libre-wwe-orix\/#respond\"]}]},{\"@type\":\"WebPage\",\"@id\":\"https:\/\/noticiasya.com\/2025\/12\/14\/john-cena-retiro-lucha-libre-wwe-orix\/\",\"url\":\"https:\/\/noticiasya.com\/2025\/12\/14\/john-cena-retiro-lucha-libre-wwe-orix\/\",\"name\":\"El retiro de una leyenda: John Cena se despidi\u00f3 de la lucha libre con un final que nadie imagin\u00f3 - Noticias\",\"isPartOf\":{\"@id\":\"https:\/\/noticiasya.com\/#website\"},\"datePublished\":\"2025-12-15T01:03:49+00:00\",\"breadcrumb\":{\"@id\":\"https:\/\/noticiasya.com\/2025\/12\/14\/john-cena-retiro-lucha-libre-wwe-orix\/#breadcrumb\"},\"inLanguage\":\"es\",\"potentialAction\":[{\"@type\":\"ReadAction\",\"target\":[\"https:\/\/noticiasya.com\/2025\/12\/14\/john-cena-retiro-lucha-libre-wwe-orix\/\"]}]},{\"@type\":\"BreadcrumbList\",\"@id\":\"https:\/\/noticiasya.com\/2025\/12\/14\/john-cena-retiro-lucha-libre-wwe-orix\/#breadcrumb\",\"itemListElement\":[{\"@type\":\"ListItem\",\"position\":1,\"name\":\"Home\",\"item\":\"https:\/\/noticiasya.com\/\"},{\"@type\":\"ListItem\",\"position\":2,\"name\":\"El retiro de una leyenda: John Cena se despidi\u00f3 de la lucha libre con un final que nadie imagin\u00f3\"}]},{\"@type\":\"WebSite\",\"@id\":\"https:\/\/noticiasya.com\/#website\",\"url\":\"https:\/\/noticiasya.com\/\",\"name\":\"Noticias\",\"description\":\"Lo que importa\",\"publisher\":{\"@id\":\"https:\/\/noticiasya.com\/#organization\"},\"potentialAction\":[{\"@type\":\"SearchAction\",\"target\":{\"@type\":\"EntryPoint\",\"urlTemplate\":\"https:\/\/noticiasya.com\/?s={search_term_string}\"},\"query-input\":{\"@type\":\"PropertyValueSpecification\",\"valueRequired\":true,\"valueName\":\"search_term_string\"}}],\"inLanguage\":\"es\"},{\"@type\":\"Organization\",\"@id\":\"https:\/\/noticiasya.com\/#organization\",\"name\":\"Noticias\",\"url\":\"https:\/\/noticiasya.com\/\",\"logo\":{\"@type\":\"ImageObject\",\"inLanguage\":\"es\",\"@id\":\"https:\/\/noticiasya.com\/#\/schema\/logo\/image\/\",\"url\":\"https:\/\/noticiasya.com\/wp-content\/uploads\/sites\/22\/2023\/12\/logo-nacional.png\",\"contentUrl\":\"https:\/\/noticiasya.com\/wp-content\/uploads\/sites\/22\/2023\/12\/logo-nacional.png\",\"width\":1801,\"height\":691,\"caption\":\"Noticias\"},\"image\":{\"@id\":\"https:\/\/noticiasya.com\/#\/schema\/logo\/image\/\"}}]}<\/script>\n<!-- \/ Yoast SEO plugin. -->","yoast_head_json":{"title":"El retiro de una leyenda: John Cena se despidi\u00f3 de la lucha libre con un final que nadie imagin\u00f3 - Noticias","robots":{"index":"index","follow":"follow","max-snippet":"max-snippet:-1","max-image-preview":"max-image-preview:large","max-video-preview":"max-video-preview:-1"},"canonical":"https:\/\/noticiasya.com\/2025\/12\/14\/john-cena-retiro-lucha-libre-wwe-orix\/","og_locale":"es_ES","og_type":"article","og_title":"El retiro de una leyenda: John Cena se despidi\u00f3 de la lucha libre con un final que nadie imagin\u00f3 - Noticias","og_description":"Los finales no siempre son felices. Eso es lo que qued\u00f3 demostrado en la noche del s\u00e1bado o madrugada del domingo en el Capital One Arena de Washington, durante el Saturday Night\u2019s Main Event. Ante una multitud que se apil\u00f3 para verlo de cerca, el legendario John Cena se subi\u00f3 por \u00faltima vez al ring [&hellip;]","og_url":"https:\/\/noticiasya.com\/2025\/12\/14\/john-cena-retiro-lucha-libre-wwe-orix\/","og_site_name":"Noticias","article_published_time":"2025-12-15T01:03:49+00:00","twitter_card":"summary_large_image","twitter_misc":{"Est. reading time":"2 minutos"},"schema":{"@context":"https:\/\/schema.org","@graph":[{"@type":"Article","@id":"https:\/\/noticiasya.com\/2025\/12\/14\/john-cena-retiro-lucha-libre-wwe-orix\/#article","isPartOf":{"@id":"https:\/\/noticiasya.com\/2025\/12\/14\/john-cena-retiro-lucha-libre-wwe-orix\/"},"author":{"name":"","@id":""},"headline":"El retiro de una leyenda: John Cena se despidi\u00f3 de la lucha libre con un final que nadie imagin\u00f3","datePublished":"2025-12-15T01:03:49+00:00","mainEntityOfPage":{"@id":"https:\/\/noticiasya.com\/2025\/12\/14\/john-cena-retiro-lucha-libre-wwe-orix\/"},"wordCount":470,"commentCount":0,"publisher":{"@id":"https:\/\/noticiasya.com\/#organization"},"articleSection":["Noticias Nacionales"],"inLanguage":"es","potentialAction":[{"@type":"CommentAction","name":"Comment","target":["https:\/\/noticiasya.com\/2025\/12\/14\/john-cena-retiro-lucha-libre-wwe-orix\/#respond"]}]},{"@type":"WebPage","@id":"https:\/\/noticiasya.com\/2025\/12\/14\/john-cena-retiro-lucha-libre-wwe-orix\/","url":"https:\/\/noticiasya.com\/2025\/12\/14\/john-cena-retiro-lucha-libre-wwe-orix\/","name":"El retiro de una leyenda: John Cena se despidi\u00f3 de la lucha libre con un final que nadie imagin\u00f3 - Noticias","isPartOf":{"@id":"https:\/\/noticiasya.com\/#website"},"datePublished":"2025-12-15T01:03:49+00:00","breadcrumb":{"@id":"https:\/\/noticiasya.com\/2025\/12\/14\/john-cena-retiro-lucha-libre-wwe-orix\/#breadcrumb"},"inLanguage":"es","potentialAction":[{"@type":"ReadAction","target":["https:\/\/noticiasya.com\/2025\/12\/14\/john-cena-retiro-lucha-libre-wwe-orix\/"]}]},{"@type":"BreadcrumbList","@id":"https:\/\/noticiasya.com\/2025\/12\/14\/john-cena-retiro-lucha-libre-wwe-orix\/#breadcrumb","itemListElement":[{"@type":"ListItem","position":1,"name":"Home","item":"https:\/\/noticiasya.com\/"},{"@type":"ListItem","position":2,"name":"El retiro de una leyenda: John Cena se despidi\u00f3 de la lucha libre con un final que nadie imagin\u00f3"}]},{"@type":"WebSite","@id":"https:\/\/noticiasya.com\/#website","url":"https:\/\/noticiasya.com\/","name":"Noticias","description":"Lo que importa","publisher":{"@id":"https:\/\/noticiasya.com\/#organization"},"potentialAction":[{"@type":"SearchAction","target":{"@type":"EntryPoint","urlTemplate":"https:\/\/noticiasya.com\/?s={search_term_string}"},"query-input":{"@type":"PropertyValueSpecification","valueRequired":true,"valueName":"search_term_string"}}],"inLanguage":"es"},{"@type":"Organization","@id":"https:\/\/noticiasya.com\/#organization","name":"Noticias","url":"https:\/\/noticiasya.com\/","logo":{"@type":"ImageObject","inLanguage":"es","@id":"https:\/\/noticiasya.com\/#\/schema\/logo\/image\/","url":"https:\/\/noticiasya.com\/wp-content\/uploads\/sites\/22\/2023\/12\/logo-nacional.png","contentUrl":"https:\/\/noticiasya.com\/wp-content\/uploads\/sites\/22\/2023\/12\/logo-nacional.png","width":1801,"height":691,"caption":"Noticias"},"image":{"@id":"https:\/\/noticiasya.com\/#\/schema\/logo\/image\/"}}]}},"parsely":{"version":"1.1.0","canonical_url":"https:\/\/noticiasya.com\/midland-odessa\/2025\/12\/14\/john-cena-retiro-lucha-libre-wwe-orix\/","smart_links":{"inbound":0,"outbound":0},"traffic_boost_suggestions_count":0,"meta":{"@context":"https:\/\/schema.org","@type":"NewsArticle","headline":"El retiro de una leyenda: John Cena se despidi\u00f3 de la lucha libre con un final que nadie imagin\u00f3","url":"http:\/\/noticiasya.com\/midland-odessa\/2025\/12\/14\/john-cena-retiro-lucha-libre-wwe-orix\/","mainEntityOfPage":{"@type":"WebPage","@id":"http:\/\/noticiasya.com\/midland-odessa\/2025\/12\/14\/john-cena-retiro-lucha-libre-wwe-orix\/"},"thumbnailUrl":"","image":{"@type":"ImageObject","url":""},"articleSection":"Noticias Nacionales","author":[],"creator":[],"publisher":{"@type":"Organization","name":"Noticias","logo":""},"keywords":[],"dateCreated":"2025-12-15T01:03:49Z","datePublished":"2025-12-15T01:03:49Z","dateModified":"2025-12-15T01:03:49Z"},"rendered":"<script type=\"application\/ld+json\" class=\"wp-parsely-metadata\">{\"@context\":\"https:\\\/\\\/schema.org\",\"@type\":\"NewsArticle\",\"headline\":\"El retiro de una leyenda: John Cena se despidi\\u00f3 de la lucha libre con un final que nadie imagin\\u00f3\",\"url\":\"http:\\\/\\\/noticiasya.com\\\/midland-odessa\\\/2025\\\/12\\\/14\\\/john-cena-retiro-lucha-libre-wwe-orix\\\/\",\"mainEntityOfPage\":{\"@type\":\"WebPage\",\"@id\":\"http:\\\/\\\/noticiasya.com\\\/midland-odessa\\\/2025\\\/12\\\/14\\\/john-cena-retiro-lucha-libre-wwe-orix\\\/\"},\"thumbnailUrl\":\"\",\"image\":{\"@type\":\"ImageObject\",\"url\":\"\"},\"articleSection\":\"Noticias Nacionales\",\"author\":[],\"creator\":[],\"publisher\":{\"@type\":\"Organization\",\"name\":\"Noticias\",\"logo\":\"\"},\"keywords\":[],\"dateCreated\":\"2025-12-15T01:03:49Z\",\"datePublished\":\"2025-12-15T01:03:49Z\",\"dateModified\":\"2025-12-15T01:03:49Z\"}<\/script>","tracker_url":"https:\/\/cdn.parsely.com\/keys\/noticiasya.com\/p.js"},"jetpack_featured_media_url":"","jetpack-related-posts":[{"id":1465345,"url":"https:\/\/noticiasya.com\/midland-odessa\/2025\/08\/09\/john-cena-trasplante-cabello-cambio-vida-trax\/","url_meta":{"origin":1469261,"position":0},"title":"John Cena dice que hacerse un trasplante de cabello &#171;cambi\u00f3 por completo el rumbo&#187; de su vida","author":"","date":"agosto 9, 2025","format":false,"excerpt":"John Cena tiene un nuevo aspecto gracias a un trasplante de cabello al que se someti\u00f3 el a\u00f1o pasado, y lo est\u00e1 adoptando por completo.El actor y leyenda de la lucha libre habl\u00f3 abiertamente sobre su decisi\u00f3n de hacerse un trasplante de cabello en una nueva entrevista con la revista\u2026","rel":"","context":"In &quot;Noticias Nacionales&quot;","block_context":{"text":"Noticias Nacionales","link":"https:\/\/noticiasya.com\/midland-odessa\/categoria\/noticias-nacionales"},"img":{"alt_text":"","src":"","width":0,"height":0},"classes":[]},{"id":1469266,"url":"https:\/\/noticiasya.com\/midland-odessa\/2025\/12\/15\/5-cosas-15-diciembre-orix\/","url_meta":{"origin":1469261,"position":1},"title":"Las 5 cosas que debes saber este 15 de diciembre: Triunfo de Kast, tiroteo en Sydney, avi\u00f3n de JetBlue y m\u00e1s","author":"","date":"diciembre 15, 2025","format":false,"excerpt":"Al menos 15 muertos tras el ataque en una playa de Sydney durante una celebraci\u00f3n de Januc\u00e1. Incidente entre un avi\u00f3n de JetBlue y una aeronave militar de EE.UU. Muere el director de Hollywood Rob Reiner. Esto es lo que debes saber para comenzar el d\u00eda. Primero la verdad.Suscr\u00edbete aqu\u00ed\u2026","rel":"","context":"In &quot;Noticias Nacionales&quot;","block_context":{"text":"Noticias Nacionales","link":"https:\/\/noticiasya.com\/midland-odessa\/categoria\/noticias-nacionales"},"img":{"alt_text":"","src":"","width":0,"height":0},"classes":[]},{"id":1469165,"url":"https:\/\/noticiasya.com\/midland-odessa\/2025\/12\/10\/john-cena-wwe-icono-entretenimiento-orix\/","url_meta":{"origin":1469261,"position":2},"title":"John Cena: de cargar a la WWE en sus hombros a \u00edcono del entretenimiento","author":"","date":"diciembre 10, 2025","format":false,"excerpt":"Cuando John Cena debut\u00f3 en la WWE, el panorama del \u201cdeporte entretenimiento\u201d era muy diferente al de ahora.Cena entraba en un terreno donde a\u00fan sonaban otros titanes de la industria, como Undertaker, The Rock, HHH o Stone Cold Steve Austin, pero su irrupci\u00f3n, violenta, marc\u00f3 el inicio de una era\u2026","rel":"","context":"In &quot;Noticias Nacionales&quot;","block_context":{"text":"Noticias Nacionales","link":"https:\/\/noticiasya.com\/midland-odessa\/categoria\/noticias-nacionales"},"img":{"alt_text":"","src":"","width":0,"height":0},"classes":[]},{"id":1462721,"url":"https:\/\/noticiasya.com\/midland-odessa\/2025\/05\/23\/cena-trump-tenedores-meme-coin-trax\/","url_meta":{"origin":1469261,"position":3},"title":"Todo sobre la cena de Trump con los tenedores de su &#8216;memecoin&#8217;","author":"","date":"mayo 23, 2025","format":false,"excerpt":"M\u00e1s de 200 criptoamigos adinerados se reunieron en un evento privado en el club de golf del presidente de EE.UU., Donald Trump, en las afueras de la ciudad Washington, en la noche del jueves. Cenaron filete mignon y flet\u00e1n mientras el presidente, desde un podio, los deleitaba con an\u00e9cdotas de\u2026","rel":"","context":"In &quot;Noticias Nacionales&quot;","block_context":{"text":"Noticias Nacionales","link":"https:\/\/noticiasya.com\/midland-odessa\/categoria\/noticias-nacionales"},"img":{"alt_text":"","src":"","width":0,"height":0},"classes":[]},{"id":1464866,"url":"https:\/\/noticiasya.com\/midland-odessa\/2025\/07\/25\/hulk-hogan-documental-netflix-muerte-trax\/","url_meta":{"origin":1469261,"position":4},"title":"Hulk Hogan estaba filmando un documental para Netflix al momento de su muerte","author":"","date":"julio 25, 2025","format":false,"excerpt":"Hulk Hogan se encontraba en pleno rodaje de un documental para Netflix cuando falleci\u00f3, seg\u00fan pudo saber CNN.La leyenda de la lucha libre profesional muri\u00f3 a principios de esta semana, a los 71 a\u00f1os.El proyecto, que no hab\u00eda sido anunciado previamente y que se realiza en asociaci\u00f3n con la World\u2026","rel":"","context":"In &quot;Noticias Nacionales&quot;","block_context":{"text":"Noticias Nacionales","link":"https:\/\/noticiasya.com\/midland-odessa\/categoria\/noticias-nacionales"},"img":{"alt_text":"","src":"","width":0,"height":0},"classes":[]},{"id":1456171,"url":"https:\/\/noticiasya.com\/midland-odessa\/2024\/11\/29\/trump-cena-justin-trudea-canada-mar-a-lago-trax\/","url_meta":{"origin":1469261,"position":5},"title":"Trump cena con el primer ministro de Canad\u00e1 Justin Trudeau en Mar-a-Lago","author":"","date":"noviembre 29, 2024","format":false,"excerpt":"(CNN) --\u00a0El presidente electo de Estados Unidos, Donald Trump, est\u00e1 cenando con el primer ministro de Canad\u00e1, Justin Trudeau, este viernes por la noche en Mar-a-Lago, seg\u00fan una fuente familiarizada con la reuni\u00f3n que inform\u00f3 a CNN.Se esperaba que algunos miembros del gabinete de Trudeau se unan a la cena,\u2026","rel":"","context":"In &quot;Noticias Nacionales&quot;","block_context":{"text":"Noticias Nacionales","link":"https:\/\/noticiasya.com\/midland-odessa\/categoria\/noticias-nacionales"},"img":{"alt_text":"","src":"","width":0,"height":0},"classes":[]}],"jetpack_sharing_enabled":true,"_links":{"self":[{"href":"https:\/\/noticiasya.com\/midland-odessa\/wp-json\/wp\/v2\/posts\/1469261","targetHints":{"allow":["GET"]}}],"collection":[{"href":"https:\/\/noticiasya.com\/midland-odessa\/wp-json\/wp\/v2\/posts"}],"about":[{"href":"https:\/\/noticiasya.com\/midland-odessa\/wp-json\/wp\/v2\/types\/post"}],"replies":[{"embeddable":true,"href":"https:\/\/noticiasya.com\/midland-odessa\/wp-json\/wp\/v2\/comments?post=1469261"}],"version-history":[{"count":0,"href":"https:\/\/noticiasya.com\/midland-odessa\/wp-json\/wp\/v2\/posts\/1469261\/revisions"}],"wp:attachment":[{"href":"https:\/\/noticiasya.com\/midland-odessa\/wp-json\/wp\/v2\/media?parent=1469261"}],"wp:term":[{"taxonomy":"category","embeddable":true,"href":"https:\/\/noticiasya.com\/midland-odessa\/wp-json\/wp\/v2\/categories?post=1469261"},{"taxonomy":"post_tag","embeddable":true,"href":"https:\/\/noticiasya.com\/midland-odessa\/wp-json\/wp\/v2\/tags?post=1469261"}],"curies":[{"name":"wp","href":"https:\/\/api.w.org\/{rel}","templated":true}]}}