{"id":1469263,"date":"2025-12-14T19:03:56","date_gmt":"2025-12-15T03:03:56","guid":{"rendered":"https:\/\/noticiasya.com\/2025\/12\/14\/chile-alternancia-giro-claves-kast-orix\/"},"modified":"2025-12-14T19:03:56","modified_gmt":"2025-12-15T03:03:56","slug":"chile-alternancia-giro-claves-kast-orix","status":"publish","type":"post","link":"https:\/\/noticiasya.com\/midland-odessa\/2025\/12\/14\/chile-alternancia-giro-claves-kast-orix\/","title":{"rendered":"Chile mantiene la alternancia en el Gobierno, pero con giros m\u00e1s bruscos: 4 claves del triunfo de Jos\u00e9 Antonio Kast"},"content":{"rendered":"<p>Chile prolong\u00f3 este domingo una tradici\u00f3n de alternancia pol\u00edtica en el poder que ya se extiende por dos d\u00e9cadas, al elegir como nuevo presidente al ultraderechista <a href=\"https:\/\/cnnespanol.cnn.com\/2025\/12\/14\/latinoamerica\/chile-quien-es-jose-antonio-kast-orix\">Jos\u00e9 Antonio Kast<\/a>, en un giro m\u00e1s pronunciado que el realizado por el saliente mandatario Gabriel Boric. El cambio conservador llega pocos a\u00f1os despu\u00e9s del estallido social con reclamos contra la desigualdad que modific\u00f3 el escenario del pa\u00eds.<\/p>\n<p>El fundador del Partido Republicano, en su tercer intento por llegar a la Casa de la Moneda, se impuso c\u00f3modamente a Jeannette Jara, de la coalici\u00f3n Unidad por Chile, tras una campa\u00f1a altamente polarizada, y contar\u00e1 con condiciones favorables para aplicar lo que denomin\u00f3 un \u201cgobierno de emergencia\u201d que cambie el rumbo del pa\u00eds.<\/p>\n<p>Kast, favorito tras la votaci\u00f3n de noviembre, no estuvo obligado a cambiar su discurso para la segunda vuelta, dado que ya hab\u00eda logrado tocar la fibra sensible de los \u00faltimos a\u00f1os en Chile.<\/p>\n<p>A diferencia de otras elecciones, en las que el debate se centr\u00f3 en el costo de vida y los servicios p\u00fablicos, la conversaci\u00f3n pas\u00f3 por la alta percepci\u00f3n de inseguridad y las pol\u00edticas sobre la inmigraci\u00f3n irregular, en un pa\u00eds hist\u00f3ricamente poco acostumbrado a recibir oleadas del extranjero. Analistas consultados por CNN coincidieron en que al oficialismo le cost\u00f3 afrontar ese debate porque implica un cambio en las posturas expresadas hace solo unos a\u00f1os. Aunque Jara lo intent\u00f3, con visitas a la frontera y promesas de refuerzo policial, el guante de mano dura nunca le calz\u00f3.<\/p>\n<p>La exministra de Trabajo tampoco pudo cohesionar la alianza centroizquierdista ni cautivar a la clase media. Jara defendi\u00f3 conquistas sociales y advirti\u00f3 el posible impacto del ajuste fiscal que promete Kast, pero no logr\u00f3 instalar esos riesgos en el centro de la discusi\u00f3n. \u201cB\u00e1sicamente perdi\u00f3 contacto con el mundo popular y con partes de la clase media, como pas\u00f3 con la izquierda en otras partes del mundo\u201d, dijo Tom\u00e1s Duval, analista y acad\u00e9mico de la Universidad Aut\u00f3noma de Chile.<\/p>\n<p>La base del hist\u00f3rico triunfo de Kast estuvo en \u201cla efectividad con su discurso del miedo, de un pa\u00eds que pierde su identidad\u201d, dijo la polit\u00f3loga Andrea Gartenlaub, profesora de la Universidad de Las Am\u00e9ricas. Seg\u00fan afirm\u00f3, \u201cincluso gente de derecha reconoce que el pa\u00eds no se est\u00e1 cayendo a pedazos\u201d, como intent\u00f3 convencer Kast para plantear la necesidad de soluciones urgentes, pero el mensaje cal\u00f3 hondo. \u201cLa seguridad ciudadana es algo que a los chilenos les toca mucho. Chile era muy tranquilo\u201d, agreg\u00f3.<\/p>\n<p>Kast recibi\u00f3 el apoyo de Johannes Kaiser y Evelyn Matthei, aspirantes de la derecha que quedaron fuera en la <a href=\"https:\/\/cnnespanol.cnn.com\/2025\/11\/16\/latinoamerica\/mapa-resultados-primera-vuelta-elecciones-chile-orix\">primera vuelta<\/a>. Pero el aplastante porcentaje logrado en segunda vuelta incluso supera la suma que alcanzaron los tres en noviembre, y <a href=\"https:\/\/cnnespanol.cnn.com\/2025\/12\/14\/latinoamerica\/mapa-resultados-elecciones-chile-jara-kast-orix\">gan\u00f3 en todas las regiones del pa\u00eds<\/a>. Es la segunda mayor diferencia en segunda vuelta, solo detr\u00e1s de los 24 puntos que logr\u00f3 Michelle Bachelet sobre Matthei en 2013, y ser\u00e1 la primera vez desde el retorno de la democracia que el bloque de derecha tiene la primera minor\u00eda en las dos c\u00e1maras del Congreso, lo que deja a Kast un buen margen de gobernabilidad para sus primeros meses. La coalici\u00f3n oficialista ya tiene la mitad de las bancas en el Senado y le alcanza con sumar dos diputados del Partido de la Gente, de Franco Parisi, para tener qu\u00f3rum propio en la C\u00e1mara de Diputados.<\/p>\n<p>La distancia puede ser interpretada como un espaldarazo para que Kast aplique sin matices su plan de gobierno con amplias transformaciones. Sin embargo, eso tambi\u00e9n podr\u00eda ser un error de lectura, seg\u00fan dijo a CNN Cristobal Bellolio, acad\u00e9mico de la Escuela de Gobierno de la Universidad Adolfo Ib\u00e1\u00f1ez, quien considera que Kast \u201cva a ser suficientemente inteligente para no leer esa ventaja como un mandato amplio, como una regresi\u00f3n conservadora o como un rechazo a las pol\u00edticas fundacionales progresistas\u201d.<\/p>\n<p>El analista coment\u00f3 que ese fue el error que cometieron Bachelet, Sebasti\u00e1n Pi\u00f1era y Boric en las \u00faltimas tres elecciones. \u201cKast estuvo bajando algunas expectativas. Su programa abandon\u00f3 la llamada batalla cultural, a pesar de ser un ultraconservador. Incluso transformaciones que la derecha chilena ha querido durante mucho tiempo para impulsar la econom\u00eda\u201d, agreg\u00f3 Bellolio. De cara a la segunda vuelta, moder\u00f3 su postura y neg\u00f3 que vaya a recortar programas sociales o afectar derechos adquiridos.<\/p>\n<p>De todas formas, la legitimidad del amplio triunfo y la mayor\u00eda legislativa se combinan para aumentar las expectativas de su electorado, que espera que Kast ofrezca prontas soluciones sociales y tambi\u00e9n econ\u00f3micas, para reactivar el moderado crecimiento reciente del PIB. Como ejemplo est\u00e1 el caso de Boric, que asumi\u00f3 en 2022 con un mensaje de esperanza, pero su popularidad cay\u00f3 r\u00e1pidamente, apenas en los primeros meses de gesti\u00f3n.<\/p>\n<p>\u201cEl nivel de conflicto social es la gran disyuntiva que tiene Kast. Va a estar dado por el nivel de cumplimiento que haga el presidente en materia de seguridad e inmigraci\u00f3n\u201d, dijo Duval. Para el investigador, Kast enfrentar\u00e1 un escenario complicado \u201csi no es capaz de tomar esa agenda y bajar por lo menos la percepci\u00f3n de seguridad\u201d.<\/p>\n<p>Desde hace dos d\u00e9cadas el poder en Chile ha alternado entre izquierda y derecha sin que ning\u00fan oficialismo logre reelegirse. Sin embargo, los giros son cada vez m\u00e1s bruscos. El p\u00e9ndulo no se mov\u00eda demasiado con los cambios entre Bachelet y Pi\u00f1era, pero en 2021 dio un movimiento m\u00e1s pronunciado con el triunfo de Boric. Esta vez, vuelve a dar un volantazo con la victoria de Kast, un candidato que reivindica la dictadura de Augusto Pinochet.<\/p>\n<p>Kast ser\u00e1 el primer presidente en haber votado \u201cs\u00ed\u201d en el hist\u00f3rico plebiscito de 1988 para decidir si Pinochet seguir\u00eda en el poder. El triunfo del \u201cno\u201d marc\u00f3 el fin de la dictadura y la convocatoria a elecciones.<\/p>\n<p>Para Bellolio, ese hito marc\u00f3 por d\u00e9cadas el comportamiento electoral. \u201cEsa mayor\u00eda que vot\u00f3 por el \u2018no\u2019, sigui\u00f3 votando por partidos de centroizquierda por 25 a\u00f1os; y los que votaron por el \u2018s\u00ed\u2019, siguieron votando por la derecha. La izquierda fue capaz de consolidar una hegemon\u00eda a trav\u00e9s de un hito que marc\u00f3 a toda una generaci\u00f3n, goz\u00f3 de una cancha a su favor por 30 a\u00f1os\u201d, expres\u00f3.<\/p>\n<p>Para el analista, la victoria de Kast puede marcar el inicio de un nuevo ciclo, basado en que las nuevas generaciones cuentan ahora con un nuevo hito fundacional: el fracaso del proyecto constituyente que sigui\u00f3 a las protestas sociales de 2019. Con una asamblea sumamente deslegitimada, el texto propuesto fue rechazado en una votaci\u00f3n en 2023.<\/p>\n<p>\u201cEl rechazo al refer\u00e9ndum, al igual que el del 88, genera una especie de nueva l\u00ednea divisoria, otro clivaje. Pero la diferencia es que favorece a la derecha. Hoy est\u00e1 reconstruyendo el arco pol\u00edtico del rechazo\u201d, dijo Bellolio. Duval coincide en que el resultado muestra un nuevo tablero de fuerzas. \u201cLo que cambi\u00f3 es el sistema, la derecha se reconfigur\u00f3 y hoy la hegemon\u00eda est\u00e1 all\u00ed\u201d, expres\u00f3.<\/p>\n<p>Kast ser\u00e1 tambi\u00e9n el primer mandatario elegido con voto obligatorio, una disposici\u00f3n que tambi\u00e9n rigi\u00f3 en el plebiscito de hace 37 a\u00f1os.<\/p>\n<p>Analistas consultados por CNN se\u00f1alan que el \u201cvotante obligado\u201d, como se denomina a los ciudadanos que no sol\u00edan participar en las elecciones cuando el voto era voluntario, se inclin\u00f3 en buena parte a favor de Kast.<\/p>\n<p>\u201cHay un 40 % que no hab\u00eda votado nunca y se socializ\u00f3 por primera vez en las urnas votando por la derecha. El nuevo clivaje tiene potencial, la esperanza de la derecha es que este nuevo ciclo pol\u00edtico sea duradero y le permita (gobernar por) varios per\u00edodos\u201d, dijo Bellolio.<\/p>\n<p>Los ejes de campa\u00f1a de Kast son un espejo de las propuestas con las que gan\u00f3 Donald Trump en 2024 y se une a la lista de l\u00edderes de ultraderecha de la regi\u00f3n, pero est\u00e1 por verse cu\u00e1nto se alinear\u00e1. Por lo pronto, el presidente de Argentina, <a href=\"https:\/\/x.com\/JMilei\/status\/2000336711511863505\">Javier Milei<\/a>, y el secretario de Estado de EE.UU., <a href=\"https:\/\/x.com\/SecRubio\/status\/2000347698726330735\">Marco Rubio<\/a>, fueron dos de las primeras figuras en felicitarlo en redes sociales.<\/p>\n<p>En el plano de la regi\u00f3n, se da por descontado un endurecimiento en la postura sobre Venezuela, aunque Boric ya conden\u00f3 varias veces al Gobierno de Nicol\u00e1s Maduro; y que mejore las relaciones bilaterales con Argentina, con quien comparte una frontera de m\u00e1s de 5.000 kil\u00f3metros.<\/p>\n<p>Alfredo Joignant, investigador de la Universidad Diego Portales, dijo que la derecha de Kast \u201cse mueve en el mundo reaccionario, es ultraconservadora\u201d, y remarc\u00f3 que el presidente electo fue el titular de <a href=\"https:\/\/politicalnetworkforvalues.org\/en\/2022\/03\/jose-antonio-kast-is-the-new-president-of-the-political-network-for-values\/\">Political Network for Values<\/a>, una red internacional ultraconservadora. \u201cHa estado muy involucrado, ha asistido a los festivales de Vox (en Espa\u00f1a), que es donde un observa en toda su plenitud la internacional neoreaccionaria\u201d, agreg\u00f3, aunque aclar\u00f3 que no califica al Partido Republicano como fascista, sino de derecha radical.<\/p>\n<p>\u201cSin duda hay vasos comunicantes entre presidentes de derecha, hay coincidencias. Va a tener una atracci\u00f3n con Trump y va a restablecer una relaci\u00f3n mucho m\u00e1s fluida con Estados Unidos\u201d, dijo Duval, pero remarc\u00f3 que eso no implicar\u00e1 necesariamente enfriar el v\u00ednculo con China, principal socio comercial del pa\u00eds, una situaci\u00f3n que incomoda a Washington. \u201cLos gobiernos chilenos han tenido con China una l\u00ednea general que va m\u00e1s all\u00e1 de la pol\u00edtica. Veremos las presiones que pueda ejercer Trump, es una inc\u00f3gnita c\u00f3mo las resolver\u00e1 Kast\u201d, agreg\u00f3.<\/p>\n<p>The-CNN-Wire<br \/>&trade; &amp; &copy; 2025 Cable News Network, Inc., a Warner Bros. Discovery Company. All rights reserved.<\/p>\n","protected":false},"excerpt":{"rendered":"<p>Chile prolong\u00f3 este domingo una tradici\u00f3n de alternancia pol\u00edtica en el poder que ya se extiende por dos d\u00e9cadas, al elegir como nuevo presidente al ultraderechista Jos\u00e9 Antonio Kast, en un giro m\u00e1s pronunciado que el realizado por el saliente mandatario Gabriel Boric. El cambio conservador llega pocos a\u00f1os despu\u00e9s del estallido social con reclamos [&hellip;]<\/p>\n","protected":false},"author":0,"featured_media":0,"comment_status":"open","ping_status":"open","sticky":false,"template":"","format":"standard","meta":{"_jetpack_memberships_contains_paid_content":false,"footnotes":""},"categories":[10],"tags":[],"class_list":["post-1469263","post","type-post","status-publish","format-standard","hentry","category-noticias-nacionales","market-global"],"yoast_head":"<!-- This site is optimized with the Yoast SEO plugin v24.4 - https:\/\/yoast.com\/wordpress\/plugins\/seo\/ -->\n<title>Chile mantiene la alternancia en el Gobierno, pero con giros m\u00e1s bruscos: 4 claves del triunfo de Jos\u00e9 Antonio Kast - Noticias<\/title>\n<meta name=\"robots\" content=\"index, follow, max-snippet:-1, max-image-preview:large, max-video-preview:-1\" \/>\n<link rel=\"canonical\" href=\"https:\/\/noticiasya.com\/2025\/12\/14\/chile-alternancia-giro-claves-kast-orix\/\" \/>\n<meta property=\"og:locale\" content=\"es_ES\" \/>\n<meta property=\"og:type\" content=\"article\" \/>\n<meta property=\"og:title\" content=\"Chile mantiene la alternancia en el Gobierno, pero con giros m\u00e1s bruscos: 4 claves del triunfo de Jos\u00e9 Antonio Kast - Noticias\" \/>\n<meta property=\"og:description\" content=\"Chile prolong\u00f3 este domingo una tradici\u00f3n de alternancia pol\u00edtica en el poder que ya se extiende por dos d\u00e9cadas, al elegir como nuevo presidente al ultraderechista Jos\u00e9 Antonio Kast, en un giro m\u00e1s pronunciado que el realizado por el saliente mandatario Gabriel Boric. El cambio conservador llega pocos a\u00f1os despu\u00e9s del estallido social con reclamos [&hellip;]\" \/>\n<meta property=\"og:url\" content=\"https:\/\/noticiasya.com\/2025\/12\/14\/chile-alternancia-giro-claves-kast-orix\/\" \/>\n<meta property=\"og:site_name\" content=\"Noticias\" \/>\n<meta property=\"article:published_time\" content=\"2025-12-15T03:03:56+00:00\" \/>\n<meta name=\"twitter:card\" content=\"summary_large_image\" \/>\n<meta name=\"twitter:label1\" content=\"Est. reading time\" \/>\n\t<meta name=\"twitter:data1\" content=\"8 minutos\" \/>\n<script type=\"application\/ld+json\" class=\"yoast-schema-graph\">{\"@context\":\"https:\/\/schema.org\",\"@graph\":[{\"@type\":\"Article\",\"@id\":\"https:\/\/noticiasya.com\/2025\/12\/14\/chile-alternancia-giro-claves-kast-orix\/#article\",\"isPartOf\":{\"@id\":\"https:\/\/noticiasya.com\/2025\/12\/14\/chile-alternancia-giro-claves-kast-orix\/\"},\"author\":{\"name\":\"\",\"@id\":\"\"},\"headline\":\"Chile mantiene la alternancia en el Gobierno, pero con giros m\u00e1s bruscos: 4 claves del triunfo de Jos\u00e9 Antonio Kast\",\"datePublished\":\"2025-12-15T03:03:56+00:00\",\"mainEntityOfPage\":{\"@id\":\"https:\/\/noticiasya.com\/2025\/12\/14\/chile-alternancia-giro-claves-kast-orix\/\"},\"wordCount\":1660,\"commentCount\":0,\"publisher\":{\"@id\":\"https:\/\/noticiasya.com\/#organization\"},\"articleSection\":[\"Noticias Nacionales\"],\"inLanguage\":\"es\",\"potentialAction\":[{\"@type\":\"CommentAction\",\"name\":\"Comment\",\"target\":[\"https:\/\/noticiasya.com\/2025\/12\/14\/chile-alternancia-giro-claves-kast-orix\/#respond\"]}]},{\"@type\":\"WebPage\",\"@id\":\"https:\/\/noticiasya.com\/2025\/12\/14\/chile-alternancia-giro-claves-kast-orix\/\",\"url\":\"https:\/\/noticiasya.com\/2025\/12\/14\/chile-alternancia-giro-claves-kast-orix\/\",\"name\":\"Chile mantiene la alternancia en el Gobierno, pero con giros m\u00e1s bruscos: 4 claves del triunfo de Jos\u00e9 Antonio Kast - Noticias\",\"isPartOf\":{\"@id\":\"https:\/\/noticiasya.com\/#website\"},\"datePublished\":\"2025-12-15T03:03:56+00:00\",\"breadcrumb\":{\"@id\":\"https:\/\/noticiasya.com\/2025\/12\/14\/chile-alternancia-giro-claves-kast-orix\/#breadcrumb\"},\"inLanguage\":\"es\",\"potentialAction\":[{\"@type\":\"ReadAction\",\"target\":[\"https:\/\/noticiasya.com\/2025\/12\/14\/chile-alternancia-giro-claves-kast-orix\/\"]}]},{\"@type\":\"BreadcrumbList\",\"@id\":\"https:\/\/noticiasya.com\/2025\/12\/14\/chile-alternancia-giro-claves-kast-orix\/#breadcrumb\",\"itemListElement\":[{\"@type\":\"ListItem\",\"position\":1,\"name\":\"Home\",\"item\":\"https:\/\/noticiasya.com\/\"},{\"@type\":\"ListItem\",\"position\":2,\"name\":\"Chile mantiene la alternancia en el Gobierno, pero con giros m\u00e1s bruscos: 4 claves del triunfo de Jos\u00e9 Antonio Kast\"}]},{\"@type\":\"WebSite\",\"@id\":\"https:\/\/noticiasya.com\/#website\",\"url\":\"https:\/\/noticiasya.com\/\",\"name\":\"Noticias\",\"description\":\"Lo que importa\",\"publisher\":{\"@id\":\"https:\/\/noticiasya.com\/#organization\"},\"potentialAction\":[{\"@type\":\"SearchAction\",\"target\":{\"@type\":\"EntryPoint\",\"urlTemplate\":\"https:\/\/noticiasya.com\/?s={search_term_string}\"},\"query-input\":{\"@type\":\"PropertyValueSpecification\",\"valueRequired\":true,\"valueName\":\"search_term_string\"}}],\"inLanguage\":\"es\"},{\"@type\":\"Organization\",\"@id\":\"https:\/\/noticiasya.com\/#organization\",\"name\":\"Noticias\",\"url\":\"https:\/\/noticiasya.com\/\",\"logo\":{\"@type\":\"ImageObject\",\"inLanguage\":\"es\",\"@id\":\"https:\/\/noticiasya.com\/#\/schema\/logo\/image\/\",\"url\":\"https:\/\/noticiasya.com\/wp-content\/uploads\/sites\/22\/2023\/12\/logo-nacional.png\",\"contentUrl\":\"https:\/\/noticiasya.com\/wp-content\/uploads\/sites\/22\/2023\/12\/logo-nacional.png\",\"width\":1801,\"height\":691,\"caption\":\"Noticias\"},\"image\":{\"@id\":\"https:\/\/noticiasya.com\/#\/schema\/logo\/image\/\"}}]}<\/script>\n<!-- \/ Yoast SEO plugin. -->","yoast_head_json":{"title":"Chile mantiene la alternancia en el Gobierno, pero con giros m\u00e1s bruscos: 4 claves del triunfo de Jos\u00e9 Antonio Kast - Noticias","robots":{"index":"index","follow":"follow","max-snippet":"max-snippet:-1","max-image-preview":"max-image-preview:large","max-video-preview":"max-video-preview:-1"},"canonical":"https:\/\/noticiasya.com\/2025\/12\/14\/chile-alternancia-giro-claves-kast-orix\/","og_locale":"es_ES","og_type":"article","og_title":"Chile mantiene la alternancia en el Gobierno, pero con giros m\u00e1s bruscos: 4 claves del triunfo de Jos\u00e9 Antonio Kast - Noticias","og_description":"Chile prolong\u00f3 este domingo una tradici\u00f3n de alternancia pol\u00edtica en el poder que ya se extiende por dos d\u00e9cadas, al elegir como nuevo presidente al ultraderechista Jos\u00e9 Antonio Kast, en un giro m\u00e1s pronunciado que el realizado por el saliente mandatario Gabriel Boric. El cambio conservador llega pocos a\u00f1os despu\u00e9s del estallido social con reclamos [&hellip;]","og_url":"https:\/\/noticiasya.com\/2025\/12\/14\/chile-alternancia-giro-claves-kast-orix\/","og_site_name":"Noticias","article_published_time":"2025-12-15T03:03:56+00:00","twitter_card":"summary_large_image","twitter_misc":{"Est. reading time":"8 minutos"},"schema":{"@context":"https:\/\/schema.org","@graph":[{"@type":"Article","@id":"https:\/\/noticiasya.com\/2025\/12\/14\/chile-alternancia-giro-claves-kast-orix\/#article","isPartOf":{"@id":"https:\/\/noticiasya.com\/2025\/12\/14\/chile-alternancia-giro-claves-kast-orix\/"},"author":{"name":"","@id":""},"headline":"Chile mantiene la alternancia en el Gobierno, pero con giros m\u00e1s bruscos: 4 claves del triunfo de Jos\u00e9 Antonio Kast","datePublished":"2025-12-15T03:03:56+00:00","mainEntityOfPage":{"@id":"https:\/\/noticiasya.com\/2025\/12\/14\/chile-alternancia-giro-claves-kast-orix\/"},"wordCount":1660,"commentCount":0,"publisher":{"@id":"https:\/\/noticiasya.com\/#organization"},"articleSection":["Noticias Nacionales"],"inLanguage":"es","potentialAction":[{"@type":"CommentAction","name":"Comment","target":["https:\/\/noticiasya.com\/2025\/12\/14\/chile-alternancia-giro-claves-kast-orix\/#respond"]}]},{"@type":"WebPage","@id":"https:\/\/noticiasya.com\/2025\/12\/14\/chile-alternancia-giro-claves-kast-orix\/","url":"https:\/\/noticiasya.com\/2025\/12\/14\/chile-alternancia-giro-claves-kast-orix\/","name":"Chile mantiene la alternancia en el Gobierno, pero con giros m\u00e1s bruscos: 4 claves del triunfo de Jos\u00e9 Antonio Kast - Noticias","isPartOf":{"@id":"https:\/\/noticiasya.com\/#website"},"datePublished":"2025-12-15T03:03:56+00:00","breadcrumb":{"@id":"https:\/\/noticiasya.com\/2025\/12\/14\/chile-alternancia-giro-claves-kast-orix\/#breadcrumb"},"inLanguage":"es","potentialAction":[{"@type":"ReadAction","target":["https:\/\/noticiasya.com\/2025\/12\/14\/chile-alternancia-giro-claves-kast-orix\/"]}]},{"@type":"BreadcrumbList","@id":"https:\/\/noticiasya.com\/2025\/12\/14\/chile-alternancia-giro-claves-kast-orix\/#breadcrumb","itemListElement":[{"@type":"ListItem","position":1,"name":"Home","item":"https:\/\/noticiasya.com\/"},{"@type":"ListItem","position":2,"name":"Chile mantiene la alternancia en el Gobierno, pero con giros m\u00e1s bruscos: 4 claves del triunfo de Jos\u00e9 Antonio Kast"}]},{"@type":"WebSite","@id":"https:\/\/noticiasya.com\/#website","url":"https:\/\/noticiasya.com\/","name":"Noticias","description":"Lo que importa","publisher":{"@id":"https:\/\/noticiasya.com\/#organization"},"potentialAction":[{"@type":"SearchAction","target":{"@type":"EntryPoint","urlTemplate":"https:\/\/noticiasya.com\/?s={search_term_string}"},"query-input":{"@type":"PropertyValueSpecification","valueRequired":true,"valueName":"search_term_string"}}],"inLanguage":"es"},{"@type":"Organization","@id":"https:\/\/noticiasya.com\/#organization","name":"Noticias","url":"https:\/\/noticiasya.com\/","logo":{"@type":"ImageObject","inLanguage":"es","@id":"https:\/\/noticiasya.com\/#\/schema\/logo\/image\/","url":"https:\/\/noticiasya.com\/wp-content\/uploads\/sites\/22\/2023\/12\/logo-nacional.png","contentUrl":"https:\/\/noticiasya.com\/wp-content\/uploads\/sites\/22\/2023\/12\/logo-nacional.png","width":1801,"height":691,"caption":"Noticias"},"image":{"@id":"https:\/\/noticiasya.com\/#\/schema\/logo\/image\/"}}]}},"parsely":{"version":"1.1.0","canonical_url":"https:\/\/noticiasya.com\/midland-odessa\/2025\/12\/14\/chile-alternancia-giro-claves-kast-orix\/","smart_links":{"inbound":0,"outbound":0},"traffic_boost_suggestions_count":0,"meta":{"@context":"https:\/\/schema.org","@type":"NewsArticle","headline":"Chile mantiene la alternancia en el Gobierno, pero con giros m\u00e1s bruscos: 4 claves del triunfo de Jos\u00e9 Antonio Kast","url":"http:\/\/noticiasya.com\/midland-odessa\/2025\/12\/14\/chile-alternancia-giro-claves-kast-orix\/","mainEntityOfPage":{"@type":"WebPage","@id":"http:\/\/noticiasya.com\/midland-odessa\/2025\/12\/14\/chile-alternancia-giro-claves-kast-orix\/"},"thumbnailUrl":"","image":{"@type":"ImageObject","url":""},"articleSection":"Noticias Nacionales","author":[],"creator":[],"publisher":{"@type":"Organization","name":"Noticias","logo":""},"keywords":[],"dateCreated":"2025-12-15T03:03:56Z","datePublished":"2025-12-15T03:03:56Z","dateModified":"2025-12-15T03:03:56Z"},"rendered":"<script type=\"application\/ld+json\" class=\"wp-parsely-metadata\">{\"@context\":\"https:\\\/\\\/schema.org\",\"@type\":\"NewsArticle\",\"headline\":\"Chile mantiene la alternancia en el Gobierno, pero con giros m\\u00e1s bruscos: 4 claves del triunfo de Jos\\u00e9 Antonio Kast\",\"url\":\"http:\\\/\\\/noticiasya.com\\\/midland-odessa\\\/2025\\\/12\\\/14\\\/chile-alternancia-giro-claves-kast-orix\\\/\",\"mainEntityOfPage\":{\"@type\":\"WebPage\",\"@id\":\"http:\\\/\\\/noticiasya.com\\\/midland-odessa\\\/2025\\\/12\\\/14\\\/chile-alternancia-giro-claves-kast-orix\\\/\"},\"thumbnailUrl\":\"\",\"image\":{\"@type\":\"ImageObject\",\"url\":\"\"},\"articleSection\":\"Noticias Nacionales\",\"author\":[],\"creator\":[],\"publisher\":{\"@type\":\"Organization\",\"name\":\"Noticias\",\"logo\":\"\"},\"keywords\":[],\"dateCreated\":\"2025-12-15T03:03:56Z\",\"datePublished\":\"2025-12-15T03:03:56Z\",\"dateModified\":\"2025-12-15T03:03:56Z\"}<\/script>","tracker_url":"https:\/\/cdn.parsely.com\/keys\/noticiasya.com\/p.js"},"jetpack_featured_media_url":"","jetpack-related-posts":[{"id":1468406,"url":"https:\/\/noticiasya.com\/midland-odessa\/2025\/11\/16\/elecciones-chile-jara-kast-segunda-vuelta-orix\/","url_meta":{"origin":1469263,"position":0},"title":"Elecciones en Chile: Jeannette Jara y Jos\u00e9 Antonio Kast se enfrentar\u00e1n en segunda vuelta por la presidencia","author":"","date":"noviembre 16, 2025","format":false,"excerpt":"La candidata oficialista Jeannette Jara, militante del Partido Comunista y abanderada de la coalici\u00f3n Unidad por Chile, y el opositor Jos\u00e9 Antonio Kast, fundador del Partido Republicano, competir\u00e1n en una segunda vuelta electoral el 14 de diciembre por la Presidencia de Chile, de acuerdo con los resultados preliminares publicados este\u2026","rel":"","context":"In &quot;Noticias Nacionales&quot;","block_context":{"text":"Noticias Nacionales","link":"https:\/\/noticiasya.com\/midland-odessa\/categoria\/noticias-nacionales"},"img":{"alt_text":"","src":"","width":0,"height":0},"classes":[]},{"id":1469257,"url":"https:\/\/noticiasya.com\/midland-odessa\/2025\/12\/14\/chile-quien-es-jose-antonio-kast-orix\/","url_meta":{"origin":1469263,"position":1},"title":"\u00bfQui\u00e9n es Jos\u00e9 Antonio Kast, el ultraderechista que gan\u00f3 la presidencia de Chile?","author":"","date":"diciembre 14, 2025","format":false,"excerpt":"\u201cLa tercera es la vencida\u201d, dijo el abogado y candidato presidencial de extrema derecha Jos\u00e9 Antonio Kast, en su cierre de campa\u00f1a de noviembre en Santiago. All\u00ed afirm\u00f3 que le \u201cdevolver\u00eda la grandeza a Chile\u201d y que en esta oportunidad s\u00ed ganar\u00eda las elecciones presidenciales, a diferencia de los \u00faltimos\u2026","rel":"","context":"In &quot;Noticias Nacionales&quot;","block_context":{"text":"Noticias Nacionales","link":"https:\/\/noticiasya.com\/midland-odessa\/categoria\/noticias-nacionales"},"img":{"alt_text":"","src":"","width":0,"height":0},"classes":[]},{"id":1468340,"url":"https:\/\/noticiasya.com\/midland-odessa\/2025\/11\/14\/quien-es-jose-antonio-kast-candidato-presidencial-chile-orix\/","url_meta":{"origin":1469263,"position":2},"title":"\u00bfQui\u00e9n es Jos\u00e9 Antonio Kast, el ultraderechista que busca ganar las elecciones presidenciales en Chile?","author":"","date":"noviembre 14, 2025","format":false,"excerpt":"\u201cLa tercera es la vencida\u201d, dijo el abogado y candidato presidencial de extrema derecha Jos\u00e9 Antonio Kast, este lunes en su cierre de campa\u00f1a en Santiago. All\u00ed afirm\u00f3 que le \u201cdevolver\u00eda la grandeza a Chile\u201d y que en esta oportunidad s\u00ed ganar\u00eda las elecciones presidenciales, a diferencia de los \u00faltimos\u2026","rel":"","context":"In &quot;Noticias Nacionales&quot;","block_context":{"text":"Noticias Nacionales","link":"https:\/\/noticiasya.com\/midland-odessa\/categoria\/noticias-nacionales"},"img":{"alt_text":"","src":"","width":0,"height":0},"classes":[]},{"id":1473270,"url":"https:\/\/noticiasya.com\/midland-odessa\/2026\/04\/17\/kast-expulsa-migrantes-chile-formula-trump-orix\/","url_meta":{"origin":1469263,"position":3},"title":"Kast prueba la f\u00f3rmula de Trump en Chile: expulsa a 40 migrantes en avi\u00f3n y anuncia m\u00e1s vuelos","author":"","date":"abril 17, 2026","format":false,"excerpt":"Este jueves despeg\u00f3 desde Santiago el primer avi\u00f3n con 40 migrantes expulsados de Chile por el Gobierno del presidente Jos\u00e9 Antonio Kast.La medida busca cumplir con una de sus principales promesas de campa\u00f1a: expulsar a m\u00e1s de 300.000 migrantes en situaci\u00f3n irregular del pa\u00eds austral, la mayor\u00eda de ellos provenientes\u2026","rel":"","context":"In &quot;Noticias Nacionales&quot;","block_context":{"text":"Noticias Nacionales","link":"https:\/\/noticiasya.com\/midland-odessa\/categoria\/noticias-nacionales"},"img":{"alt_text":"","src":"","width":0,"height":0},"classes":[]},{"id":1472917,"url":"https:\/\/noticiasya.com\/midland-odessa\/2026\/04\/06\/kast-respaldo-chile-argentina-malvinas-milei-orix\/","url_meta":{"origin":1469263,"position":4},"title":"Kast reafirm\u00f3 el respaldo de Chile a Argentina en su reclamo por las Malvinas tras reunirse con Milei","author":"","date":"abril 6, 2026","format":false,"excerpt":"El presidente de Chile, Jos\u00e9 Antonio Kast, reiter\u00f3 el respaldo de su Gobierno a Argentina en su reclamo de soberan\u00eda sobre las Islas Malvinas, tras reunirse con su par argentino, Javier Milei, en Buenos Aires en un gesto que refuerza la hist\u00f3rica postura chilena ante una disputa con el Reino\u2026","rel":"","context":"In &quot;Noticias Nacionales&quot;","block_context":{"text":"Noticias Nacionales","link":"https:\/\/noticiasya.com\/midland-odessa\/categoria\/noticias-nacionales"},"img":{"alt_text":"","src":"","width":0,"height":0},"classes":[]},{"id":1468428,"url":"https:\/\/noticiasya.com\/midland-odessa\/2025\/11\/17\/kast-jara-extremos-chile-modelo-orix\/","url_meta":{"origin":1469263,"position":5},"title":"Kast vs. Jara: candidatos extremos y votantes pragm\u00e1ticos, el modelo electoral de la regi\u00f3n que tambi\u00e9n prevaleci\u00f3 en Chile","author":"","date":"noviembre 17, 2025","format":false,"excerpt":"La primera vuelta en Chile, m\u00e1s all\u00e1 de sorpresas como la baja votaci\u00f3n de la candidata oficialista, Jeannette Jara, o el alto apoyo recibido por el populista Franco Parisi, vuelve a dejar al pa\u00eds sudamericano en un escenario que repite en varias elecciones de la regi\u00f3n: un balotaje entre dos\u2026","rel":"","context":"In &quot;Noticias Nacionales&quot;","block_context":{"text":"Noticias Nacionales","link":"https:\/\/noticiasya.com\/midland-odessa\/categoria\/noticias-nacionales"},"img":{"alt_text":"","src":"","width":0,"height":0},"classes":[]}],"jetpack_sharing_enabled":true,"_links":{"self":[{"href":"https:\/\/noticiasya.com\/midland-odessa\/wp-json\/wp\/v2\/posts\/1469263","targetHints":{"allow":["GET"]}}],"collection":[{"href":"https:\/\/noticiasya.com\/midland-odessa\/wp-json\/wp\/v2\/posts"}],"about":[{"href":"https:\/\/noticiasya.com\/midland-odessa\/wp-json\/wp\/v2\/types\/post"}],"replies":[{"embeddable":true,"href":"https:\/\/noticiasya.com\/midland-odessa\/wp-json\/wp\/v2\/comments?post=1469263"}],"version-history":[{"count":0,"href":"https:\/\/noticiasya.com\/midland-odessa\/wp-json\/wp\/v2\/posts\/1469263\/revisions"}],"wp:attachment":[{"href":"https:\/\/noticiasya.com\/midland-odessa\/wp-json\/wp\/v2\/media?parent=1469263"}],"wp:term":[{"taxonomy":"category","embeddable":true,"href":"https:\/\/noticiasya.com\/midland-odessa\/wp-json\/wp\/v2\/categories?post=1469263"},{"taxonomy":"post_tag","embeddable":true,"href":"https:\/\/noticiasya.com\/midland-odessa\/wp-json\/wp\/v2\/tags?post=1469263"}],"curies":[{"name":"wp","href":"https:\/\/api.w.org\/{rel}","templated":true}]}}