{"id":1469267,"date":"2025-12-15T03:03:49","date_gmt":"2025-12-15T11:03:49","guid":{"rendered":"https:\/\/noticiasya.com\/2025\/12\/15\/bondi-beach-nina-10-anos-sobreviviente-holocausto-trax\/"},"modified":"2025-12-15T03:03:49","modified_gmt":"2025-12-15T11:03:49","slug":"bondi-beach-nina-10-anos-sobreviviente-holocausto-trax","status":"publish","type":"post","link":"https:\/\/noticiasya.com\/midland-odessa\/2025\/12\/15\/bondi-beach-nina-10-anos-sobreviviente-holocausto-trax\/","title":{"rendered":"Una ni\u00f1a de 10 a\u00f1os y un sobreviviente del Holocausto \u00bfQui\u00e9nes son las v\u00edctimas del tiroteo en Bondi Beach?"},"content":{"rendered":"<p>Una ni\u00f1a de 10 a\u00f1os, un sobreviviente del Holocausto y un joven ciudadano franc\u00e9s estaban entre <a href=\"https:\/\/www.cnn.com\/2025\/12\/14\/australia\/australia-bondi-attack-what-we-know-intl-hnk\">al menos 15 personas muertas<\/a> cuando dos hombres armados abrieron fuego contra familias que celebraban la primera noche de Januc\u00e1 en la famosa playa Bondi de Sydney el domingo, un ataque que <a href=\"https:\/\/www.cnn.com\/world\/live-news\/bondi-beach-gunshots-reported-12-14-25?t=1765777107866\">la Polic\u00eda declar\u00f3<\/a> un incidente terrorista.<\/p>\n<p><a href=\"https:\/\/www.cnn.com\/2025\/12\/15\/australia\/australia-bondi-beach-shooting-intl-hnk\">Las personas fallecidas en el peor tiroteo masivo<\/a> ocurrido en Australia en casi 30 a\u00f1os a\u00fan no han sido identificadas oficialmente, pero sus familiares y amigos est\u00e1n rindiendo homenaje a quienes han perdido.<\/p>\n<p>El primer ministro de Nueva Gales del Sur, Chris Minns, dijo que las v\u00edctimas tienen entre 10 y 87 a\u00f1os.<\/p>\n<p>Esto es lo que sabemos sobre ellos.<\/p>\n<p>Matilda, de 10 a\u00f1os, fue <a href=\"https:\/\/www.cnn.com\/world\/live-news\/bondi-beach-gunshots-reported-12-14-25?post-id=cmj6laoa1000h3b6nln9olv2y\">descrita por su t\u00eda<\/a> como una \u201cni\u00f1a muy dulce y feliz, con una hermosa sonrisa\u201d.<\/p>\n<p>Estaba disfrutando de las festividades en Bondi Beach con sus padres, su hermana menor y amigos cuando los dos pistoleros abrieron fuego. Matilda result\u00f3 herida en el tiroteo y fue trasladada de urgencia al hospital, donde los m\u00e9dicos intentaron salvarla sin \u00e9xito.<\/p>\n<p>\u201cSe supone que los ni\u00f1os deben ser felices. Deber\u00edan estar jugando en la playa, no pensando en las balas que vuelan por ah\u00ed\u201d, dijo su t\u00eda Lina, quien prefiri\u00f3 no revelar el apellido de la familia.<\/p>\n<p>La profesora de lengua de Matilda la describi\u00f3 como una \u201cni\u00f1a brillante, alegre y llena de energ\u00eda que iluminaba a todos los que la rodeaban\u201d. La profesora, Irina Goodhew, cre\u00f3 una <a href=\"https:\/\/www.gofundme.com\/f\/donate-in-loving-memory-of-matilda?attribution_id=sl:5c8667e2-eb1b-4420-9d26-c0e2f318c8d1&#038;lang=en_GB&#038;ts=1765747294&#038;utm_campaign=man_sharesheet_dash&#038;utm_medium=customer&#038;utm_source=copy_link\">p\u00e1gina de GoFund Me<\/a> en nombre de la familia de Matilda.<\/p>\n<p>La familia se hab\u00eda mudado de Ucrania a Australia en la d\u00e9cada de 1990 y disfrutaba de paseos por la playa, picnics en el parque y caminatas al zool\u00f3gico, dijo Lina.<\/p>\n<p><a href=\"https:\/\/www.facebook.com\/sydneyrussianschool.com.au\/posts\/pfbid02JFcJMLoXZpvBpKcrESegbq23i9bvf8sRxeQwpGE73tdHj9KJuxupMJRivF6zbwWRl\">La Escuela Rusa Harmony de Sydney inform\u00f3 en un comunicado publicado<\/a> en Facebook que Matilda era una exalumna. \u201cHonramos su vida y el tiempo que pas\u00f3 formando parte de nuestra familia escolar\u201d, dec\u00eda la publicaci\u00f3n.<\/p>\n<p>El rabino Eli Schlanger, de 41 a\u00f1os, organiz\u00f3 el evento \u201cJanuc\u00e1 junto al mar\u201d en Bondi Beach y se desempe\u00f1\u00f3 como rabino asistente en el Jabad de Bondi, dijo la organizaci\u00f3n jud\u00eda en un comunicado.<\/p>\n<p>\u201cSchlanger era un rabino y capell\u00e1n devoto\u201d, dijo Chabad, y agreg\u00f3 que trabaj\u00f3 incansablemente \u201cpara apoyar la vida jud\u00eda en la comunidad de Bondi\u201d.<\/p>\n<p>Durante 18 a\u00f1os, los Schlanger sirvieron a la comunidad jud\u00eda, pero la influencia del rabino se extendi\u00f3 mucho m\u00e1s all\u00e1 de los muros de una sola sinagoga. Fue capell\u00e1n de los Servicios Correccionales de Nueva Gales del Sur y de los Prisioneros de Guerra de Nueva Gales del Sur; tambi\u00e9n fue capell\u00e1n del Hospital St. Vincent en Darlinghurst, donde atendi\u00f3 a pacientes y familiares, declar\u00f3 Chabad.<\/p>\n<p>El primo de Schlanger, el rabino Zalman Lewis, lo describi\u00f3 como \u201cun hombre verdaderamente incre\u00edble\u201d en una publicaci\u00f3n de Facebook. \u201cLe sobreviven su esposa e hijos peque\u00f1os, adem\u00e1s de mis t\u00edos y hermanos\u201d.<\/p>\n<p>El rabino nacido en Gran Breta\u00f1a era padre de cinco hijos, cuyo hijo menor naci\u00f3 en octubre, confirm\u00f3 Jabad.<\/p>\n<p>\u201cSchlanger ser\u00e1 enterrado en Jerusal\u00e9n\u201d, a\u00f1adi\u00f3.<\/p>\n<p>Alex Kleytman, de 87 a\u00f1os, fue un sobreviviente del Holocausto que muri\u00f3 mientras proteg\u00eda a su esposa Larisa de las balas de uno de los hombres armados, seg\u00fan la organizaci\u00f3n jud\u00eda Chabad.<\/p>\n<p>Kleytman, nativo de Ucrania, deja atr\u00e1s a su esposa, dos hijos y 11 nietos, agreg\u00f3 Chabad.<\/p>\n<p><a href=\"https:\/\/www.9news.com.au\/national\/bondi-beach-shooting-terror-attack-victims-named\/8e866d73-4e45-4198-b28b-3661b4d8ad58\">9News, afiliada de CNN,<\/a> inform\u00f3 que Kleytman hab\u00eda sobrevivido al Holocausto con su madre y su hermano menor en Siberia antes de emigrar con su esposa a Australia desde Ucrania. Llevaban casados \u200b\u200bcasi 60 a\u00f1os.<\/p>\n<p>Entre los muertos tambi\u00e9n se encontraba el ciudadano franc\u00e9s Dan Elkayam.<\/p>\n<p>El ministro de Asuntos Exteriores de Francia, Jean-No\u00ebl Barrot, declar\u00f3 que Elkayam se hab\u00eda reunido en Bondi Beach con otros miembros de la comunidad jud\u00eda para celebrar la primera noche de Januc\u00e1. \u201cFrancia no escatimar\u00e1 esfuerzos para erradicar el antisemitismo dondequiera que surja y para combatir el terrorismo en todas sus formas\u201d, declar\u00f3 en <a href=\"https:\/\/x.com\/jnbarrot\/status\/2000265902789451932?s=20\">X.<\/a><\/p>\n<p>Elkayam era aficionado al f\u00fatbol y jugaba en el Rockdale Ilinden FC, equipo de la Premier League 1. Su club lo describi\u00f3 como \u201cuna figura extremadamente talentosa y popular\u201d y dijo que lo extra\u00f1ar\u00edan.<\/p>\n<p>El presidente de Juniors, Peter Doncevski, dijo a CNN que el club estaba apoyando a la novia de Elkayam, quien lo sobrevive.<\/p>\n<p>Elkayam se hab\u00eda mudado recientemente de Francia a Australia y hab\u00eda estado brindando soporte t\u00e9cnico a la compa\u00f1\u00eda global de medios NBC Universal en Sydney desde diciembre pasado, seg\u00fan su p\u00e1gina de LinkedIn.<\/p>\n<p>El rabino Yaakov Levitan fue secretario del Beth Din de Sydney y estuvo \u201cprofundamente involucrado en las operaciones de Jabad en Sydney\u201d, seg\u00fan la organizaci\u00f3n.<\/p>\n<p>Reuven Morrison era un hombre de negocios y residente de Melbourne durante mucho tiempo, dijo Chabad <a href=\"https:\/\/x.com\/Chabad\/status\/2000283633878434126\">en<\/a> X.<\/p>\n<p>Morrison era originario de la ex Uni\u00f3n Sovi\u00e9tica y hab\u00eda \u201cdescubierto su identidad jud\u00eda en Sydney\u201d.<\/p>\n<p>Era un \u201cexitoso hombre de negocios cuyo principal objetivo era donar sus ganancias a organizaciones ben\u00e9ficas que le importaban\u201d, dijo Chabad.<\/p>\n<p>Morrison deja esposa e hija, seg\u00fan la organizaci\u00f3n.<\/p>\n<p>Peter Meagher, un exdetective de la Polic\u00eda de Nueva Gales del Sur y miembro del club de rugby, tambi\u00e9n muri\u00f3 en el tiroteo, confirm\u00f3 Randwick DRUFC.<\/p>\n<p>\u201c\u2019Marzo\u2019, como era conocido universalmente, era una figura muy querida y una leyenda absoluta en nuestro club; con d\u00e9cadas de participaci\u00f3n voluntaria, era una de las figuras fundamentales de Randwick Rugby\u201d, afirm\u00f3 el club.<\/p>\n<p>Meagher estaba trabajando como fot\u00f3grafo independiente en el evento de Januc\u00e1 en el momento del ataque.<\/p>\n<p>Hab\u00eda servido en la fuerza policial durante casi 40 a\u00f1os y se retir\u00f3 como sargento detective.<\/p>\n<p>\u201cLa tr\u00e1gica iron\u00eda es que pas\u00f3 tanto tiempo en la peligrosa primera l\u00ednea como agente de polic\u00eda y fue abatido en su retiro mientras tomaba fotograf\u00edas en su rol de pasi\u00f3n; es realmente dif\u00edcil de comprender\u201d, dijo Randwick DRUFC.<\/p>\n<p>Tibor Weitzen, de 78 a\u00f1os, es recordado como un \u201cdulce abuelo\u201d que \u201camaba la vida\u201d.<\/p>\n<p>La nieta de Weitzen declar\u00f3 a <a href=\"https:\/\/www.9news.com.au\/national\/bondi-beach-shooting-live-updates-latest-news-headlines\/5a9bbb14-ef81-45a3-985d-da6b4062460e#post=cc8f558f-53fc-44e2-8b7f-6f95f7fd61c8\">9News, afiliada de CNN,<\/a> que la familia est\u00e1 destrozada por su muerte. \u201cSimplemente devastador. Sinceramente, no tengo palabras\u201d, seg\u00fan se informa.<\/p>\n<p>Weitzen era miembro de la sinagoga Jabad de Bondi y estaba en el evento de Januc\u00e1 en Bondi Beach con su esposa y sus nietos cuando los hombres armados comenzaron a disparar, inform\u00f3 9News.<\/p>\n<p>The-CNN-Wire<br \/>&trade; &amp; &copy; 2025 Cable News Network, Inc., a Warner Bros. Discovery Company. All rights reserved.<\/p>\n","protected":false},"excerpt":{"rendered":"<p>Una ni\u00f1a de 10 a\u00f1os, un sobreviviente del Holocausto y un joven ciudadano franc\u00e9s estaban entre al menos 15 personas muertas cuando dos hombres armados abrieron fuego contra familias que celebraban la primera noche de Januc\u00e1 en la famosa playa Bondi de Sydney el domingo, un ataque que la Polic\u00eda declar\u00f3 un incidente terrorista. Las [&hellip;]<\/p>\n","protected":false},"author":0,"featured_media":0,"comment_status":"open","ping_status":"open","sticky":false,"template":"","format":"standard","meta":{"_jetpack_memberships_contains_paid_content":false,"footnotes":""},"categories":[10],"tags":[],"class_list":["post-1469267","post","type-post","status-publish","format-standard","hentry","category-noticias-nacionales","market-global"],"yoast_head":"<!-- This site is optimized with the Yoast SEO plugin v24.4 - https:\/\/yoast.com\/wordpress\/plugins\/seo\/ -->\n<title>Una ni\u00f1a de 10 a\u00f1os y un sobreviviente del Holocausto \u00bfQui\u00e9nes son las v\u00edctimas del tiroteo en Bondi Beach? - Noticias<\/title>\n<meta name=\"robots\" content=\"index, follow, max-snippet:-1, max-image-preview:large, max-video-preview:-1\" \/>\n<link rel=\"canonical\" href=\"https:\/\/noticiasya.com\/2025\/12\/15\/bondi-beach-nina-10-anos-sobreviviente-holocausto-trax\/\" \/>\n<meta property=\"og:locale\" content=\"es_ES\" \/>\n<meta property=\"og:type\" content=\"article\" \/>\n<meta property=\"og:title\" content=\"Una ni\u00f1a de 10 a\u00f1os y un sobreviviente del Holocausto \u00bfQui\u00e9nes son las v\u00edctimas del tiroteo en Bondi Beach? - Noticias\" \/>\n<meta property=\"og:description\" content=\"Una ni\u00f1a de 10 a\u00f1os, un sobreviviente del Holocausto y un joven ciudadano franc\u00e9s estaban entre al menos 15 personas muertas cuando dos hombres armados abrieron fuego contra familias que celebraban la primera noche de Januc\u00e1 en la famosa playa Bondi de Sydney el domingo, un ataque que la Polic\u00eda declar\u00f3 un incidente terrorista. Las [&hellip;]\" \/>\n<meta property=\"og:url\" content=\"https:\/\/noticiasya.com\/2025\/12\/15\/bondi-beach-nina-10-anos-sobreviviente-holocausto-trax\/\" \/>\n<meta property=\"og:site_name\" content=\"Noticias\" \/>\n<meta property=\"article:published_time\" content=\"2025-12-15T11:03:49+00:00\" \/>\n<meta name=\"twitter:card\" content=\"summary_large_image\" \/>\n<meta name=\"twitter:label1\" content=\"Est. reading time\" \/>\n\t<meta name=\"twitter:data1\" content=\"6 minutos\" \/>\n<script type=\"application\/ld+json\" class=\"yoast-schema-graph\">{\"@context\":\"https:\/\/schema.org\",\"@graph\":[{\"@type\":\"Article\",\"@id\":\"https:\/\/noticiasya.com\/2025\/12\/15\/bondi-beach-nina-10-anos-sobreviviente-holocausto-trax\/#article\",\"isPartOf\":{\"@id\":\"https:\/\/noticiasya.com\/2025\/12\/15\/bondi-beach-nina-10-anos-sobreviviente-holocausto-trax\/\"},\"author\":{\"name\":\"\",\"@id\":\"\"},\"headline\":\"Una ni\u00f1a de 10 a\u00f1os y un sobreviviente del Holocausto \u00bfQui\u00e9nes son las v\u00edctimas del tiroteo en Bondi Beach?\",\"datePublished\":\"2025-12-15T11:03:49+00:00\",\"mainEntityOfPage\":{\"@id\":\"https:\/\/noticiasya.com\/2025\/12\/15\/bondi-beach-nina-10-anos-sobreviviente-holocausto-trax\/\"},\"wordCount\":1149,\"commentCount\":0,\"publisher\":{\"@id\":\"https:\/\/noticiasya.com\/#organization\"},\"articleSection\":[\"Noticias Nacionales\"],\"inLanguage\":\"es\",\"potentialAction\":[{\"@type\":\"CommentAction\",\"name\":\"Comment\",\"target\":[\"https:\/\/noticiasya.com\/2025\/12\/15\/bondi-beach-nina-10-anos-sobreviviente-holocausto-trax\/#respond\"]}]},{\"@type\":\"WebPage\",\"@id\":\"https:\/\/noticiasya.com\/2025\/12\/15\/bondi-beach-nina-10-anos-sobreviviente-holocausto-trax\/\",\"url\":\"https:\/\/noticiasya.com\/2025\/12\/15\/bondi-beach-nina-10-anos-sobreviviente-holocausto-trax\/\",\"name\":\"Una ni\u00f1a de 10 a\u00f1os y un sobreviviente del Holocausto \u00bfQui\u00e9nes son las v\u00edctimas del tiroteo en Bondi Beach? - Noticias\",\"isPartOf\":{\"@id\":\"https:\/\/noticiasya.com\/#website\"},\"datePublished\":\"2025-12-15T11:03:49+00:00\",\"breadcrumb\":{\"@id\":\"https:\/\/noticiasya.com\/2025\/12\/15\/bondi-beach-nina-10-anos-sobreviviente-holocausto-trax\/#breadcrumb\"},\"inLanguage\":\"es\",\"potentialAction\":[{\"@type\":\"ReadAction\",\"target\":[\"https:\/\/noticiasya.com\/2025\/12\/15\/bondi-beach-nina-10-anos-sobreviviente-holocausto-trax\/\"]}]},{\"@type\":\"BreadcrumbList\",\"@id\":\"https:\/\/noticiasya.com\/2025\/12\/15\/bondi-beach-nina-10-anos-sobreviviente-holocausto-trax\/#breadcrumb\",\"itemListElement\":[{\"@type\":\"ListItem\",\"position\":1,\"name\":\"Home\",\"item\":\"https:\/\/noticiasya.com\/\"},{\"@type\":\"ListItem\",\"position\":2,\"name\":\"Una ni\u00f1a de 10 a\u00f1os y un sobreviviente del Holocausto \u00bfQui\u00e9nes son las v\u00edctimas del tiroteo en Bondi Beach?\"}]},{\"@type\":\"WebSite\",\"@id\":\"https:\/\/noticiasya.com\/#website\",\"url\":\"https:\/\/noticiasya.com\/\",\"name\":\"Noticias\",\"description\":\"Lo que importa\",\"publisher\":{\"@id\":\"https:\/\/noticiasya.com\/#organization\"},\"potentialAction\":[{\"@type\":\"SearchAction\",\"target\":{\"@type\":\"EntryPoint\",\"urlTemplate\":\"https:\/\/noticiasya.com\/?s={search_term_string}\"},\"query-input\":{\"@type\":\"PropertyValueSpecification\",\"valueRequired\":true,\"valueName\":\"search_term_string\"}}],\"inLanguage\":\"es\"},{\"@type\":\"Organization\",\"@id\":\"https:\/\/noticiasya.com\/#organization\",\"name\":\"Noticias\",\"url\":\"https:\/\/noticiasya.com\/\",\"logo\":{\"@type\":\"ImageObject\",\"inLanguage\":\"es\",\"@id\":\"https:\/\/noticiasya.com\/#\/schema\/logo\/image\/\",\"url\":\"https:\/\/noticiasya.com\/wp-content\/uploads\/sites\/22\/2023\/12\/logo-nacional.png\",\"contentUrl\":\"https:\/\/noticiasya.com\/wp-content\/uploads\/sites\/22\/2023\/12\/logo-nacional.png\",\"width\":1801,\"height\":691,\"caption\":\"Noticias\"},\"image\":{\"@id\":\"https:\/\/noticiasya.com\/#\/schema\/logo\/image\/\"}}]}<\/script>\n<!-- \/ Yoast SEO plugin. -->","yoast_head_json":{"title":"Una ni\u00f1a de 10 a\u00f1os y un sobreviviente del Holocausto \u00bfQui\u00e9nes son las v\u00edctimas del tiroteo en Bondi Beach? - Noticias","robots":{"index":"index","follow":"follow","max-snippet":"max-snippet:-1","max-image-preview":"max-image-preview:large","max-video-preview":"max-video-preview:-1"},"canonical":"https:\/\/noticiasya.com\/2025\/12\/15\/bondi-beach-nina-10-anos-sobreviviente-holocausto-trax\/","og_locale":"es_ES","og_type":"article","og_title":"Una ni\u00f1a de 10 a\u00f1os y un sobreviviente del Holocausto \u00bfQui\u00e9nes son las v\u00edctimas del tiroteo en Bondi Beach? - Noticias","og_description":"Una ni\u00f1a de 10 a\u00f1os, un sobreviviente del Holocausto y un joven ciudadano franc\u00e9s estaban entre al menos 15 personas muertas cuando dos hombres armados abrieron fuego contra familias que celebraban la primera noche de Januc\u00e1 en la famosa playa Bondi de Sydney el domingo, un ataque que la Polic\u00eda declar\u00f3 un incidente terrorista. Las [&hellip;]","og_url":"https:\/\/noticiasya.com\/2025\/12\/15\/bondi-beach-nina-10-anos-sobreviviente-holocausto-trax\/","og_site_name":"Noticias","article_published_time":"2025-12-15T11:03:49+00:00","twitter_card":"summary_large_image","twitter_misc":{"Est. reading time":"6 minutos"},"schema":{"@context":"https:\/\/schema.org","@graph":[{"@type":"Article","@id":"https:\/\/noticiasya.com\/2025\/12\/15\/bondi-beach-nina-10-anos-sobreviviente-holocausto-trax\/#article","isPartOf":{"@id":"https:\/\/noticiasya.com\/2025\/12\/15\/bondi-beach-nina-10-anos-sobreviviente-holocausto-trax\/"},"author":{"name":"","@id":""},"headline":"Una ni\u00f1a de 10 a\u00f1os y un sobreviviente del Holocausto \u00bfQui\u00e9nes son las v\u00edctimas del tiroteo en Bondi Beach?","datePublished":"2025-12-15T11:03:49+00:00","mainEntityOfPage":{"@id":"https:\/\/noticiasya.com\/2025\/12\/15\/bondi-beach-nina-10-anos-sobreviviente-holocausto-trax\/"},"wordCount":1149,"commentCount":0,"publisher":{"@id":"https:\/\/noticiasya.com\/#organization"},"articleSection":["Noticias Nacionales"],"inLanguage":"es","potentialAction":[{"@type":"CommentAction","name":"Comment","target":["https:\/\/noticiasya.com\/2025\/12\/15\/bondi-beach-nina-10-anos-sobreviviente-holocausto-trax\/#respond"]}]},{"@type":"WebPage","@id":"https:\/\/noticiasya.com\/2025\/12\/15\/bondi-beach-nina-10-anos-sobreviviente-holocausto-trax\/","url":"https:\/\/noticiasya.com\/2025\/12\/15\/bondi-beach-nina-10-anos-sobreviviente-holocausto-trax\/","name":"Una ni\u00f1a de 10 a\u00f1os y un sobreviviente del Holocausto \u00bfQui\u00e9nes son las v\u00edctimas del tiroteo en Bondi Beach? - Noticias","isPartOf":{"@id":"https:\/\/noticiasya.com\/#website"},"datePublished":"2025-12-15T11:03:49+00:00","breadcrumb":{"@id":"https:\/\/noticiasya.com\/2025\/12\/15\/bondi-beach-nina-10-anos-sobreviviente-holocausto-trax\/#breadcrumb"},"inLanguage":"es","potentialAction":[{"@type":"ReadAction","target":["https:\/\/noticiasya.com\/2025\/12\/15\/bondi-beach-nina-10-anos-sobreviviente-holocausto-trax\/"]}]},{"@type":"BreadcrumbList","@id":"https:\/\/noticiasya.com\/2025\/12\/15\/bondi-beach-nina-10-anos-sobreviviente-holocausto-trax\/#breadcrumb","itemListElement":[{"@type":"ListItem","position":1,"name":"Home","item":"https:\/\/noticiasya.com\/"},{"@type":"ListItem","position":2,"name":"Una ni\u00f1a de 10 a\u00f1os y un sobreviviente del Holocausto \u00bfQui\u00e9nes son las v\u00edctimas del tiroteo en Bondi Beach?"}]},{"@type":"WebSite","@id":"https:\/\/noticiasya.com\/#website","url":"https:\/\/noticiasya.com\/","name":"Noticias","description":"Lo que importa","publisher":{"@id":"https:\/\/noticiasya.com\/#organization"},"potentialAction":[{"@type":"SearchAction","target":{"@type":"EntryPoint","urlTemplate":"https:\/\/noticiasya.com\/?s={search_term_string}"},"query-input":{"@type":"PropertyValueSpecification","valueRequired":true,"valueName":"search_term_string"}}],"inLanguage":"es"},{"@type":"Organization","@id":"https:\/\/noticiasya.com\/#organization","name":"Noticias","url":"https:\/\/noticiasya.com\/","logo":{"@type":"ImageObject","inLanguage":"es","@id":"https:\/\/noticiasya.com\/#\/schema\/logo\/image\/","url":"https:\/\/noticiasya.com\/wp-content\/uploads\/sites\/22\/2023\/12\/logo-nacional.png","contentUrl":"https:\/\/noticiasya.com\/wp-content\/uploads\/sites\/22\/2023\/12\/logo-nacional.png","width":1801,"height":691,"caption":"Noticias"},"image":{"@id":"https:\/\/noticiasya.com\/#\/schema\/logo\/image\/"}}]}},"parsely":{"version":"1.1.0","canonical_url":"https:\/\/noticiasya.com\/midland-odessa\/2025\/12\/15\/bondi-beach-nina-10-anos-sobreviviente-holocausto-trax\/","smart_links":{"inbound":0,"outbound":0},"traffic_boost_suggestions_count":0,"meta":{"@context":"https:\/\/schema.org","@type":"NewsArticle","headline":"Una ni\u00f1a de 10 a\u00f1os y un sobreviviente del Holocausto \u00bfQui\u00e9nes son las v\u00edctimas del tiroteo en Bondi Beach?","url":"http:\/\/noticiasya.com\/midland-odessa\/2025\/12\/15\/bondi-beach-nina-10-anos-sobreviviente-holocausto-trax\/","mainEntityOfPage":{"@type":"WebPage","@id":"http:\/\/noticiasya.com\/midland-odessa\/2025\/12\/15\/bondi-beach-nina-10-anos-sobreviviente-holocausto-trax\/"},"thumbnailUrl":"","image":{"@type":"ImageObject","url":""},"articleSection":"Noticias Nacionales","author":[],"creator":[],"publisher":{"@type":"Organization","name":"Noticias","logo":""},"keywords":[],"dateCreated":"2025-12-15T11:03:49Z","datePublished":"2025-12-15T11:03:49Z","dateModified":"2025-12-15T11:03:49Z"},"rendered":"<script type=\"application\/ld+json\" class=\"wp-parsely-metadata\">{\"@context\":\"https:\\\/\\\/schema.org\",\"@type\":\"NewsArticle\",\"headline\":\"Una ni\\u00f1a de 10 a\\u00f1os y un sobreviviente del Holocausto \\u00bfQui\\u00e9nes son las v\\u00edctimas del tiroteo en Bondi Beach?\",\"url\":\"http:\\\/\\\/noticiasya.com\\\/midland-odessa\\\/2025\\\/12\\\/15\\\/bondi-beach-nina-10-anos-sobreviviente-holocausto-trax\\\/\",\"mainEntityOfPage\":{\"@type\":\"WebPage\",\"@id\":\"http:\\\/\\\/noticiasya.com\\\/midland-odessa\\\/2025\\\/12\\\/15\\\/bondi-beach-nina-10-anos-sobreviviente-holocausto-trax\\\/\"},\"thumbnailUrl\":\"\",\"image\":{\"@type\":\"ImageObject\",\"url\":\"\"},\"articleSection\":\"Noticias Nacionales\",\"author\":[],\"creator\":[],\"publisher\":{\"@type\":\"Organization\",\"name\":\"Noticias\",\"logo\":\"\"},\"keywords\":[],\"dateCreated\":\"2025-12-15T11:03:49Z\",\"datePublished\":\"2025-12-15T11:03:49Z\",\"dateModified\":\"2025-12-15T11:03:49Z\"}<\/script>","tracker_url":"https:\/\/cdn.parsely.com\/keys\/noticiasya.com\/p.js"},"jetpack_featured_media_url":"","jetpack-related-posts":[{"id":1469271,"url":"https:\/\/noticiasya.com\/midland-odessa\/2025\/12\/15\/tiroteo-sydney-australia-que-paso-trax\/","url_meta":{"origin":1469267,"position":0},"title":"\u00bfQu\u00e9 pas\u00f3 en el tiroteo de Sydney, Australia, en el que murieron 15 personas?","author":"","date":"diciembre 15, 2025","format":false,"excerpt":"Al menos 15 personas murieron el domingo en un atentado terrorista contra la comunidad jud\u00eda que celebraba la primera noche de Januc\u00e1 en la famosa playa Bondi de Sydney.Unas 1.000 personas se hab\u00edan reunido en una zona verde del Parque Archer cuando al menos dos hombres armados abrieron fuego a\u2026","rel":"","context":"In &quot;Noticias Nacionales&quot;","block_context":{"text":"Noticias Nacionales","link":"https:\/\/noticiasya.com\/midland-odessa\/categoria\/noticias-nacionales"},"img":{"alt_text":"","src":"","width":0,"height":0},"classes":[]},{"id":1448073,"url":"https:\/\/noticiasya.com\/midland-odessa\/2024\/04\/14\/nina-7-anos-muere-y-7-personas-heridas-tiroteo-en-chicago-entre-ellos-otros-ninos-trax\/","url_meta":{"origin":1469267,"position":1},"title":"Una ni\u00f1a de 7 a\u00f1os muere y otras 7 personas resultan heridas en un tiroteo en Chicago, entre ellos otros ni\u00f1os","author":"","date":"abril 14, 2024","format":false,"excerpt":"(CNN) --\u00a0 Una ni\u00f1a de 7 a\u00f1os muri\u00f3 y otras siete personas resultaron heridas, incluidos dos ni\u00f1os peque\u00f1os, cuando se realizaron disparos mientras estaban afuera en una reuni\u00f3n familiar en Chicago este s\u00e1bado por la noche, dijo la polic\u00eda.La ni\u00f1a fue declarada muerta despu\u00e9s de recibir un disparo en la\u2026","rel":"","context":"In &quot;Noticias Nacionales&quot;","block_context":{"text":"Noticias Nacionales","link":"https:\/\/noticiasya.com\/midland-odessa\/categoria\/noticias-nacionales"},"img":{"alt_text":"","src":"","width":0,"height":0},"classes":[]},{"id":1450558,"url":"https:\/\/noticiasya.com\/midland-odessa\/2024\/06\/20\/sobreviviente-holocausto-portada-vogue-alemania-trax\/","url_meta":{"origin":1469267,"position":2},"title":"Una sobreviviente del Holocausto de 102 a\u00f1os es la estrella de la portada de Vogue Alemania","author":"","date":"junio 20, 2024","format":false,"excerpt":"(CNN) -- Una superviviente del Holocausto de 102 a\u00f1os cuya familia fue asesinada en Auschwitz es la estrella de la portada de la edici\u00f3n de julio\/agosto de Vogue Alemania.Margot Friedl\u00e4nder, cuyo apellido de soltera es Bendheim, naci\u00f3 en Berl\u00edn en 1921. Seg\u00fan una breve biograf\u00eda en el sitio web del\u2026","rel":"","context":"In &quot;Noticias Nacionales&quot;","block_context":{"text":"Noticias Nacionales","link":"https:\/\/noticiasya.com\/midland-odessa\/categoria\/noticias-nacionales"},"img":{"alt_text":"","src":"","width":0,"height":0},"classes":[]},{"id":1469265,"url":"https:\/\/noticiasya.com\/midland-odessa\/2025\/12\/15\/comunidad-judia-australia-bondi-beach-trax\/","url_meta":{"origin":1469267,"position":3},"title":"La comunidad jud\u00eda de Australia vio venir un ataque, pero nadie esperaba el horror de Bondi Beach","author":"","date":"diciembre 15, 2025","format":false,"excerpt":"El tiroteo masivo m\u00e1s mort\u00edfero ocurrido en Australia en casi 30 a\u00f1os tuvo como objetivo familias jud\u00edas en la playa Bondi de Sydney, uno de los lugares m\u00e1s emblem\u00e1ticos del pa\u00eds, en uno de los d\u00edas m\u00e1s festivos del calendario jud\u00edo.Multitudes de personas se hab\u00edan reunido cerca de la playa\u2026","rel":"","context":"In &quot;Noticias Nacionales&quot;","block_context":{"text":"Noticias Nacionales","link":"https:\/\/noticiasya.com\/midland-odessa\/categoria\/noticias-nacionales"},"img":{"alt_text":"","src":"","width":0,"height":0},"classes":[]},{"id":1471125,"url":"https:\/\/noticiasya.com\/midland-odessa\/2026\/02\/11\/quienes-son-victimas-tiroteo-tumbler-ridge-canada-trax\/","url_meta":{"origin":1469267,"position":4},"title":"\u00bfQui\u00e9nes son y qu\u00e9 sabemos de las v\u00edctimas del tiroteo en la escuela Tumbler Ridge en Canad\u00e1?","author":"","date":"febrero 11, 2026","format":false,"excerpt":"Ocho personas murieron y decenas resultaron heridas en un tiroteo en una escuela y una vivienda en el noreste de Columbia Brit\u00e1nica, Canad\u00e1, el martes por la tarde.Seis personas fueron encontradas sin vida en la Escuela Secundaria Tumbler Ridge, lo que convierte a este tiroteo escolar en el peor en\u2026","rel":"","context":"In &quot;Noticias Nacionales&quot;","block_context":{"text":"Noticias Nacionales","link":"https:\/\/noticiasya.com\/midland-odessa\/categoria\/noticias-nacionales"},"img":{"alt_text":"","src":"","width":0,"height":0},"classes":[]},{"id":1469332,"url":"https:\/\/noticiasya.com\/midland-odessa\/2025\/12\/17\/funerales-bondi-terrorismo-sidney-trax\/","url_meta":{"origin":1469267,"position":5},"title":"Comienzan los funerales de las v\u00edctimas de Bondi Beach mientras acusan al presunto atacante de homicidio y terrorismo","author":"","date":"diciembre 17, 2025","format":false,"excerpt":"El mi\u00e9rcoles se realizaron los primeros funerales de algunas de las 15 personas murieron en el peor tiroteo masivo ocurrido en Australia en casi tres d\u00e9cadas, mientras la polic\u00eda presentaba cargos de homicidio y terrorismo contra uno de los presuntos atacantes.Se produjeron escenas emotivas fuera del Jabad de Bondi en\u2026","rel":"","context":"In &quot;Noticias Nacionales&quot;","block_context":{"text":"Noticias Nacionales","link":"https:\/\/noticiasya.com\/midland-odessa\/categoria\/noticias-nacionales"},"img":{"alt_text":"","src":"","width":0,"height":0},"classes":[]}],"jetpack_sharing_enabled":true,"_links":{"self":[{"href":"https:\/\/noticiasya.com\/midland-odessa\/wp-json\/wp\/v2\/posts\/1469267","targetHints":{"allow":["GET"]}}],"collection":[{"href":"https:\/\/noticiasya.com\/midland-odessa\/wp-json\/wp\/v2\/posts"}],"about":[{"href":"https:\/\/noticiasya.com\/midland-odessa\/wp-json\/wp\/v2\/types\/post"}],"replies":[{"embeddable":true,"href":"https:\/\/noticiasya.com\/midland-odessa\/wp-json\/wp\/v2\/comments?post=1469267"}],"version-history":[{"count":0,"href":"https:\/\/noticiasya.com\/midland-odessa\/wp-json\/wp\/v2\/posts\/1469267\/revisions"}],"wp:attachment":[{"href":"https:\/\/noticiasya.com\/midland-odessa\/wp-json\/wp\/v2\/media?parent=1469267"}],"wp:term":[{"taxonomy":"category","embeddable":true,"href":"https:\/\/noticiasya.com\/midland-odessa\/wp-json\/wp\/v2\/categories?post=1469267"},{"taxonomy":"post_tag","embeddable":true,"href":"https:\/\/noticiasya.com\/midland-odessa\/wp-json\/wp\/v2\/tags?post=1469267"}],"curies":[{"name":"wp","href":"https:\/\/api.w.org\/{rel}","templated":true}]}}