{"id":1469268,"date":"2025-12-15T04:03:43","date_gmt":"2025-12-15T12:03:43","guid":{"rendered":"https:\/\/noticiasya.com\/2025\/12\/15\/diaspora-venezolana-no-pierde-esperanza-regresar-venezuela-orix\/"},"modified":"2025-12-15T04:03:43","modified_gmt":"2025-12-15T12:03:43","slug":"diaspora-venezolana-no-pierde-esperanza-regresar-venezuela-orix","status":"publish","type":"post","link":"https:\/\/noticiasya.com\/midland-odessa\/2025\/12\/15\/diaspora-venezolana-no-pierde-esperanza-regresar-venezuela-orix\/","title":{"rendered":"&#171;Ya constru\u00ed una nueva vida&#187;: la di\u00e1spora venezolana no pierde la esperanza, pero regresar al pa\u00eds se ve cada vez m\u00e1s lejos"},"content":{"rendered":"<p>Desde hace seis a\u00f1os, cuando sali\u00f3 de Venezuela y lleg\u00f3 a Miami, este venezolano de 51 a\u00f1os dice que todos los d\u00edas piensa en su pa\u00eds. El exilio profundiz\u00f3 su amor por su patria y su voz transmite los sentimientos m\u00e1s diversos: desde la alegr\u00eda al recordar su casa, la tristeza por lo que dej\u00f3 atr\u00e1s y tambi\u00e9n la ilusi\u00f3n de que el pa\u00eds en el que creci\u00f3 vuelva a ser \u201cpujante\u201d.<\/p>\n<p>\u201cSoy un enamorado de Venezuela a ultranza\u201d, dice a CNN. Es instructor y da clases en esa ciudad de Florida. Pide no dar su nombre ni m\u00e1s detalles sobre su actividad laboral por temor a represalias.<\/p>\n<p>Como \u00e9l, <a href=\"https:\/\/www.unhcr.org\/emergencies\/venezuela-situation\">cerca de 8 millones de venezolanos<\/a> dejaron su pa\u00eds en los \u00faltimos a\u00f1os por la crisis econ\u00f3mica y la inestabilidad pol\u00edtica, y hoy, desde otros pa\u00edses de Latinoam\u00e9rica o en Estados Unidos, ven lejana la posibilidad de regresar a su tierra natal.<\/p>\n<p>Algunos de ellos, entrevistados por CNN, dijeron incluso que, aunque el Gobierno del presidente Nicol\u00e1s Maduro ya no estuviese en el poder, tampoco pensar\u00edan en dejar los pa\u00edses en los que se exiliaron. Hablan del reto de una reconstrucci\u00f3n social que, creen, llevar\u00eda a\u00f1os.<\/p>\n<p>No es nada sencillo reconstruir una vida. \u201cMi familia est\u00e1 arraigada ya en este, mi nuevo pa\u00eds\u201d, dice Susana, que vive en California. Alrededor de 1,1 millones de venezolanos viven en Estados Unidos, seg\u00fan cifras de 2024 de la <a href=\"https:\/\/data.census.gov\/table?q=B03001%7D\">Oficina del Censo<\/a>.<\/p>\n<p>El Gobierno de EE.UU. ha tomado medidas <a href=\"https:\/\/cnnespanol.cnn.com\/2025\/12\/03\/eeuu\/trump-inmigracion-medidas-asilo-greencard-trax#:~:text=La%20administraci%C3%B3n%20tambi%C3%A9n%20ha%20tomado%20medidas%20para%20poner%20fin%20al%20TPS%20o%20revertir%20las%20extensiones%20para%20Venezuela%2C%20Afganist%C3%A1n%2C%20Camer%C3%BAn%2C%20Nepal%2C%20Honduras%2C%20Nicaragua%20y%20Siria.\">para poner fin al Estatus de Protecci\u00f3n Temporal<\/a> (TPS, por sus siglas en ingl\u00e9s) o revertir la extensi\u00f3n de esas protecciones para Venezuela, entre otros pa\u00edses. Aunque los especialistas se\u00f1alan que <a href=\"https:\/\/cnnespanol.cnn.com\/2025\/11\/07\/eeuu\/fin-tps-venezolanos-opciones-evitar-deportacion-orix#:~:text=La%20Alianza%20Nacional%20TPS%2C%20el%20grupo%20que%20apoya%20a%20los%20inmigrantes%20beneficiarios%20del%20programa%20de%20protecci%C3%B3n%20temporal%2C%20recomienda%20a%20las%20personas%20consultar%20con%20un%20abogado%20de%20inmigraci%C3%B3n%20para%20analizar%20cu%C3%A1les%20deber%C3%ADan%20ser%20los%20pasos%20a%20seguir%20en%20cada%20caso%20particular.\">cada caso es particular<\/a>, muchos venezolanos con ese beneficio podr\u00edan quedar en riesgo de ser deportados.<\/p>\n<p>Algunos dicen que volver a Venezuela ser\u00eda como pasar por una nueva migraci\u00f3n, algo que ya afect\u00f3 su tranquilidad una vez y no quieren revivir.<\/p>\n<p>\u201cPara regresar a Venezuela tendr\u00eda que suceder algo muy grande. Un cambio no solo de gobierno, sino de mentalidad\u201d, dice Gustavo P\u00e1ez, gerente de una empresa de cuidado de la salud. Lleg\u00f3 a California en 2016 con su esposa y sus dos hijos.<\/p>\n<p>A m\u00e1s de 9.000 kil\u00f3metros de distancia, una joven venezolana coincide con esa idea. Joandre est\u00e1 en Buenos Aires desde agosto de 2016, cuando ten\u00eda 21 a\u00f1os. Como ella, varios entrevistados han pedido no ser plenamente identificados por temor a represalias.<\/p>\n<p>\u201cYo ya constru\u00ed una nueva vida en este pa\u00eds, gracias a Dios y gracias a Argentina y los argentinos\u201d, dice. Pero cuando piensa en un futuro lejano, Venezuela vuelve a ella: \u201cMe imagino vivir mi vejez en Venezuela\u201d.<\/p>\n<p>Tiene su propio negocio en la capital de Argentina y gran parte de su familia tambi\u00e9n vive all\u00ed. Desde que sali\u00f3 de Venezuela, hace m\u00e1s de nueve a\u00f1os, no ha regresado. Dice que, en el d\u00eda a d\u00eda, no est\u00e1 al pendiente de lo que pasa en su pa\u00eds y, aunque le afecta y le duele, explica que es para mantener \u201cla cabeza fr\u00eda\u201d y seguir adelante.<\/p>\n<p>En los \u00faltimos meses, la tensi\u00f3n entre Venezuela y Estados Unidos ha escalado de forma constante.<\/p>\n<p>El Gobierno del presidente Donald Trump mantiene una campa\u00f1a de presi\u00f3n en el Caribe con el despliegue de buques militares, ataques a presuntas embarcaciones con drogas en las que murieron decenas de personas y la designaci\u00f3n del presidente de Venezuela, Nicol\u00e1s Maduro, como integrante de una organizaci\u00f3n terrorista extranjera. Trump dej\u00f3 clara su <a href=\"https:\/\/cnnespanol.cnn.com\/2025\/12\/03\/eeuu\/trump-esfuerzos-venezuela-campania-presion-maduro-trax?iid=cnn_buildContentRecirc_end_recirc&#038;recs_exp=otras-noticias-right-rail&#038;tenant_id=popular.es\">intenci\u00f3n de presionar a Maduro<\/a> y su Gobierno y afirma estar trabajando para reducir el flujo ilegal de inmigrantes y drogas. La posibilidad de un <a href=\"https:\/\/cnnespanol.cnn.com\/2025\/10\/15\/venezuela\/maduro-respuesta-trump-golpes-estado-cia-orix\">cambio de r\u00e9gimen<\/a> es un efecto secundario de esta campa\u00f1a.<\/p>\n<p>\u201cVivimos con mucha ansiedad, pendientes del tel\u00e9fono por lo que va a pasar, pregunt\u00e1ndoles a nuestras familias qu\u00e9 pasa all\u00ed. En el fondo de mi coraz\u00f3n siento que algo va a cambiar en mi pa\u00eds\u201d, dice a CNN Vanessa Pennacchio, peluquera que vive en Quito.<\/p>\n<p>Los venezolanos que hablaron con CNN ven con preocupaci\u00f3n lo que sucede en el pa\u00eds y muchos de ellos tienen a alguien de su familia que a\u00fan est\u00e1 en Venezuela, pero tambi\u00e9n creen que ni siquiera un cambio de r\u00e9gimen ser\u00eda suficiente.<\/p>\n<p>\u201cM\u00e1s que un cambio de r\u00e9gimen (hace falta), un cambio en la mentalidad del venezolano de a pie, que ser\u00e1 uno de los grandes males dejados por esta etapa oscura de nuestra historia, la ideologizaci\u00f3n\u201d, dice Susana desde California.<\/p>\n<p>Al igual que ella, otros vislumbran un largo camino hacia la posibilidad de regresar. \u201cHoy no pienso en el regreso ni siquiera con un cambio en el mediano plazo\u201d, agrega Alejandro M\u00e9ndez, que desde hace 10 a\u00f1os vive en Colombia. \u201cHay gente m\u00e1s optimista que yo, que cree que todo podr\u00eda volver a ser como antes. Pero no s\u00e9 si sea tan f\u00e1cil recuperar al pa\u00eds desde lo moral, lo econ\u00f3mico y lo institucional\u201d, agrega M\u00e9ndez, padre de tres hijos.<\/p>\n<p>En su nuevo hogar, M\u00e9ndez encontr\u00f3 la posibilidad de profesionalizarse en marketing digital, algo que antes no hab\u00eda logrado en Venezuela, dice. Sus hijos ya est\u00e1n arraigados en ese pa\u00eds, otro factor decisivo para proyectar un futuro en Colombia, donde viven 2,8 millones de venezolanos, <a href=\"https:\/\/cnnespanol.cnn.com\/2025\/12\/02\/venezuela\/colombia-cucuta-frontera-venezuela-crisis-aerea-orix#:~:text=Un%20reciente%20estudio,Fundaci%C3%B3n%20Konrad%20Adenauer.\">seg\u00fan datos<\/a> de Migraci\u00f3n Colombia.<\/p>\n<p>Mar\u00eda Eugenia Fuenmayor, en Colombia, cuenta que dej\u00f3 Venezuela hace poco m\u00e1s de un a\u00f1o y medio porque ya no ten\u00eda oportunidades de trabajo. Sigue de cerca lo que pasa entre Estados Unidos y su pa\u00eds, pero no cree que eso desencadene un cambio que beneficie al pueblo venezolano. \u201cLa principal dificultad es que en Venezuela no se vislumbra una transici\u00f3n f\u00e1cil\u201d, dice.<\/p>\n<p>Fuenmayor, consultora empresarial, cree que si el mandatario venezolano deja de gobernar el pa\u00eds eventualmente, lo que siga ser\u00e1 igualmente complejo. \u201cLa era posMaduro ser\u00e1 tambi\u00e9n larga y complicada. Hay muchos intereses en juego y la oposici\u00f3n est\u00e1 fragmentada\u201d, dice. Apoya a Mar\u00eda Corina Machado, principal dirigente de la oposici\u00f3n, pero opina que se necesita mucho m\u00e1s que su liderazgo para construir.<\/p>\n<p>Yesika Baker lleg\u00f3 a Nueva Orleans hace 25 a\u00f1os por su trabajo en una cadena hotelera y luego se mud\u00f3 a Los \u00c1ngeles, donde es comerciante en el sector de la gastronom\u00eda.<\/p>\n<p>La posibilidad de regresar a Venezuela siempre es una pregunta que se hace, dice. \u201cYo ya tengo mi vida aqu\u00ed, pero me gustar\u00eda ir\u201d. Quiere que su hijo de 18 a\u00f1os conozca el pa\u00eds.<\/p>\n<p>A\u00f1ade que s\u00ed evaluar\u00eda volver si viese cambios en el Gobierno. \u201cQue sea la Venezuela de antes, de 30 a\u00f1os atr\u00e1s. Pr\u00f3spera\u201d, dice mientras sonr\u00ede. En su recuerdo de esos a\u00f1os, ve una Venezuela \u201ccontenta\u201d.<\/p>\n<p>En estos relatos de venezolanos tambi\u00e9n hay desilusi\u00f3n y desconfianza: la inestabilidad pol\u00edtica y la escasa credibilidad en las instituciones aparecen una y otra vez. Los anuncios del Consejo Nacional Electoral que dieron como ganador al oficialismo en las elecciones presidenciales de 2024, <a href=\"https:\/\/cnnespanol.cnn.com\/2025\/07\/26\/venezuela\/elecciones-municipales-contrapeso-orix\">rechazados por la oposici\u00f3n y la comunidad internacional<\/a>, generaron protestas en las calles en las que hubo al menos 25 muertos y miles de detenciones, seg\u00fan un <a href=\"https:\/\/nam11.safelinks.protection.outlook.com\/?url=https%3A%2F%2Fwww.amnesty.org%2Fes%2Flatest%2Fnews%2F2025%2F07%2Fvenezuela-desapariciones-forzadas-constituyen-crimenes-de-lesa-humanidad%2F&#038;data=05%7C02%7Csebastian.jimenez%40cnn.com%7Cb2d85029b96e4a9e333508ddcb873108%7C0eb48825e8714459bc72d0ecd68f1f39%7C0%7C0%7C638890503683669270%7CUnknown%7CTWFpbGZsb3d8eyJFbXB0eU1hcGkiOnRydWUsIlYiOiIwLjAuMDAwMCIsIlAiOiJXaW4zMiIsIkFOIjoiTWFpbCIsIldUIjoyfQ%3D%3D%7C0%7C%7C%7C&#038;sdata=cou2pQm7pfHiNybvZXiBYXb4CbTlinwSUnHTVEWsaYo%3D&#038;reserved=0\">informe de Amnist\u00eda Internacional<\/a>.<\/p>\n<p>En esos comicios, las autoridades electorales <a href=\"https:\/\/cnnespanol.cnn.com\/2025\/11\/18\/venezuela\/maria-corina-machado-manifiesto-clandestinidad-orix\">proclamaron ganador a Maduro sin publicar los resultados detallados<\/a>.<\/p>\n<p>\u201cSiento que a los venezolanos se nos ha mentido tanto por tanto tiempo que ya no sabemos ni qui\u00e9n es oposici\u00f3n ni qui\u00e9n es el oficialismo\u201d, dice Joandre en Buenos Aires. \u201cSer\u00eda muy dif\u00edcil confiar en alguien\u201d.<\/p>\n<p>Cruzando el R\u00edo de la Plata, Zoe Ojeda lleva una vida tranquila en Montevideo desde hace 10 a\u00f1os. Desde que sali\u00f3 de Venezuela decidi\u00f3 no regresar. No est\u00e1 dispuesta a afrontarlo, dice esta mujer de 39 a\u00f1os, menos ahora que es madre de dos ni\u00f1os peque\u00f1os. \u201cCreemos que volver ser\u00eda otra migraci\u00f3n, que tiene un costo alto de paz mental y tranquilidad\u201d.<\/p>\n<p>Marlene Rodr\u00edguez tambi\u00e9n vive en la capital de Uruguay, donde trabaja en una empresa de log\u00edstica. Habla de un \u201csaneamiento\u201d necesario para quienes viven en Venezuela y quienes quieran regresar, aunque ella dice no tener expectativas de volver. Dice que quien lidere cambios en Venezuela deber\u00e1 \u201cinspirar y llenar de esperanza a un pueblo que est\u00e1 golpeado y deprimido\u201d.<\/p>\n<p>\u201cHay cosas que en veinte a\u00f1os calaron mucho y generaron un deterioro a nivel social y eso solo se ver\u00e1, a mi parecer, en d\u00e9cadas\u201d, dice a CNN.<\/p>\n<p>Ojeda coincide y agrega que ese proceso de cambio \u201cseguro tendr\u00e1 reveses\u201d en el tiempo. Ella imagina un cambio apuntalado por l\u00edderes que presenten propuestas serias, sostenibles y reales para evitar caer en la repetici\u00f3n de soluciones \u201cpoco serias, sin profundidad\u201d.<\/p>\n<p>Nacido en Caracas, Alfonso M\u00e1rquez dej\u00f3 el pa\u00eds en 1990. En su forma de hablar ingl\u00e9s se registran las marcas de su acento, pero son casi imperceptibles. Cuando lleg\u00f3 a Los \u00c1ngeles, hace 35 a\u00f1os, se sent\u00eda \u201cun unicornio\u201d porque casi no se encontraba con otros venezolanos que vivieran all\u00ed, dice.<\/p>\n<p>Con los a\u00f1os eso cambi\u00f3. Asegura que no regresar\u00eda a Venezuela y tampoco cree en la posibilidad de un cambio de Gobierno. \u201cNo conf\u00edo en ellos\u201d, dice al referirse tanto al oficialismo como a la oposici\u00f3n.<\/p>\n<p>M\u00e1rquez habla con CNN en la puerta de un restaurante de comida venezolana, donde fue a almorzar con sus hijos. Cuenta que les habla sobre el pa\u00eds y sus tradiciones. \u201cVenezuela es un hermoso lugar, pero para nosotros es muy dif\u00edcil regresar y soportar la situaci\u00f3n\u201d.<\/p>\n<p>Mientras tanto, a la distancia tambi\u00e9n se reconstruye la pertenencia, y hay quienes han encontrado la forma de sentirse en casa lejos de casa al ser parte de una comunidad venezolana. Sostienen un v\u00ednculo con sus tradiciones, como <a href=\"https:\/\/cnnespanol.cnn.com\/2025\/11\/28\/latinoamerica\/caracas-buenos-aires-nino-venezolano-distancia-casa-orix\">contaron a CNN<\/a> ni\u00f1os de familias venezolanas de entre 6 y 12 a\u00f1os que viven en Argentina, donde siguen comiendo sus comidas t\u00edpicas y aprenden a bailar sus danzas tradicionales, como el joropo.<\/p>\n<p>En Doral, una ciudad de Florida, hay otro ejemplo de comunidad venezolana. All\u00ed v<a href=\"https:\/\/cnnespanol.cnn.com\/2025\/10\/30\/eeuu\/doral-exodo-venezolano-redadas-orix#:~:text=Doral%20es%20una%20ciudad%20muy%20acogedora%2C%20sobre%20todo%20para%20los%20venezolanos.%20Alrededor%20de%2027.000%20viven%20all%C3%AD%20y%20representan%20cerca%20del%2040%20%25%20de%20los%20habitantes.%20En%20la%20cotidianeidad%2C%20eso%20hizo%20que%20lo%20sintieran%20como%20su%20casa%20fuera%20de%20casa.\">iven alrededor de 27.000 venezolanos,<\/a> que representan cerca del 40 % de los habitantes. \u201cPara nosotros, los venezolanos, es algo incre\u00edble aqu\u00ed. Vas al mercado y todo el mundo est\u00e1 hablando espa\u00f1ol. Vas a comer algo y consigues teque\u00f1os, arepas, que es nuestra comida\u201d, <a href=\"https:\/\/cnnespanol.cnn.com\/2025\/10\/30\/eeuu\/doral-exodo-venezolano-redadas-orix#:~:text=Doral%20es%20una,apodo%20de%20%E2%80%9CDoralzuela%E2%80%9D.\">explic\u00f3 a CNN<\/a> Ana Cristina Barreto, agente de bienes ra\u00edces y venezolana, que lleg\u00f3 a Doral en 2015 con su familia.<\/p>\n<p>La esperanza de que la di\u00e1spora venezolana regrese al pa\u00eds en el futuro sigue latente para muchos. Desde Miami, el instructor venezolano se aferra a eso. \u201cMucha gente joven me imagino que no vivi\u00f3 la Venezuela buena, productiva, que era pujante\u201d, dice. \u201cVenezuela es un pa\u00eds pr\u00f3spero, hay que reconstruirlo desde cero\u201d.<\/p>\n<p>The-CNN-Wire<br \/>&trade; &amp; &copy; 2025 Cable News Network, Inc., a Warner Bros. Discovery Company. All rights reserved.<\/p>\n","protected":false},"excerpt":{"rendered":"<p>Desde hace seis a\u00f1os, cuando sali\u00f3 de Venezuela y lleg\u00f3 a Miami, este venezolano de 51 a\u00f1os dice que todos los d\u00edas piensa en su pa\u00eds. El exilio profundiz\u00f3 su amor por su patria y su voz transmite los sentimientos m\u00e1s diversos: desde la alegr\u00eda al recordar su casa, la tristeza por lo que dej\u00f3 [&hellip;]<\/p>\n","protected":false},"author":0,"featured_media":0,"comment_status":"open","ping_status":"open","sticky":false,"template":"","format":"standard","meta":{"_jetpack_memberships_contains_paid_content":false,"footnotes":""},"categories":[10],"tags":[],"class_list":["post-1469268","post","type-post","status-publish","format-standard","hentry","category-noticias-nacionales","market-global"],"yoast_head":"<!-- This site is optimized with the Yoast SEO plugin v24.4 - https:\/\/yoast.com\/wordpress\/plugins\/seo\/ -->\n<title>&quot;Ya constru\u00ed una nueva vida&quot;: la di\u00e1spora venezolana no pierde la esperanza, pero regresar al pa\u00eds se ve cada vez m\u00e1s lejos - Noticias<\/title>\n<meta name=\"robots\" content=\"index, follow, max-snippet:-1, max-image-preview:large, max-video-preview:-1\" \/>\n<link rel=\"canonical\" href=\"https:\/\/noticiasya.com\/2025\/12\/15\/diaspora-venezolana-no-pierde-esperanza-regresar-venezuela-orix\/\" \/>\n<meta property=\"og:locale\" content=\"es_ES\" \/>\n<meta property=\"og:type\" content=\"article\" \/>\n<meta property=\"og:title\" content=\"&quot;Ya constru\u00ed una nueva vida&quot;: la di\u00e1spora venezolana no pierde la esperanza, pero regresar al pa\u00eds se ve cada vez m\u00e1s lejos - Noticias\" \/>\n<meta property=\"og:description\" content=\"Desde hace seis a\u00f1os, cuando sali\u00f3 de Venezuela y lleg\u00f3 a Miami, este venezolano de 51 a\u00f1os dice que todos los d\u00edas piensa en su pa\u00eds. El exilio profundiz\u00f3 su amor por su patria y su voz transmite los sentimientos m\u00e1s diversos: desde la alegr\u00eda al recordar su casa, la tristeza por lo que dej\u00f3 [&hellip;]\" \/>\n<meta property=\"og:url\" content=\"https:\/\/noticiasya.com\/2025\/12\/15\/diaspora-venezolana-no-pierde-esperanza-regresar-venezuela-orix\/\" \/>\n<meta property=\"og:site_name\" content=\"Noticias\" \/>\n<meta property=\"article:published_time\" content=\"2025-12-15T12:03:43+00:00\" \/>\n<meta name=\"twitter:card\" content=\"summary_large_image\" \/>\n<meta name=\"twitter:label1\" content=\"Est. reading time\" \/>\n\t<meta name=\"twitter:data1\" content=\"9 minutos\" \/>\n<script type=\"application\/ld+json\" class=\"yoast-schema-graph\">{\"@context\":\"https:\/\/schema.org\",\"@graph\":[{\"@type\":\"Article\",\"@id\":\"https:\/\/noticiasya.com\/2025\/12\/15\/diaspora-venezolana-no-pierde-esperanza-regresar-venezuela-orix\/#article\",\"isPartOf\":{\"@id\":\"https:\/\/noticiasya.com\/2025\/12\/15\/diaspora-venezolana-no-pierde-esperanza-regresar-venezuela-orix\/\"},\"author\":{\"name\":\"\",\"@id\":\"\"},\"headline\":\"&#171;Ya constru\u00ed una nueva vida&#187;: la di\u00e1spora venezolana no pierde la esperanza, pero regresar al pa\u00eds se ve cada vez m\u00e1s lejos\",\"datePublished\":\"2025-12-15T12:03:43+00:00\",\"mainEntityOfPage\":{\"@id\":\"https:\/\/noticiasya.com\/2025\/12\/15\/diaspora-venezolana-no-pierde-esperanza-regresar-venezuela-orix\/\"},\"wordCount\":1918,\"commentCount\":0,\"publisher\":{\"@id\":\"https:\/\/noticiasya.com\/#organization\"},\"articleSection\":[\"Noticias Nacionales\"],\"inLanguage\":\"es\",\"potentialAction\":[{\"@type\":\"CommentAction\",\"name\":\"Comment\",\"target\":[\"https:\/\/noticiasya.com\/2025\/12\/15\/diaspora-venezolana-no-pierde-esperanza-regresar-venezuela-orix\/#respond\"]}]},{\"@type\":\"WebPage\",\"@id\":\"https:\/\/noticiasya.com\/2025\/12\/15\/diaspora-venezolana-no-pierde-esperanza-regresar-venezuela-orix\/\",\"url\":\"https:\/\/noticiasya.com\/2025\/12\/15\/diaspora-venezolana-no-pierde-esperanza-regresar-venezuela-orix\/\",\"name\":\"\\\"Ya constru\u00ed una nueva vida\\\": la di\u00e1spora venezolana no pierde la esperanza, pero regresar al pa\u00eds se ve cada vez m\u00e1s lejos - Noticias\",\"isPartOf\":{\"@id\":\"https:\/\/noticiasya.com\/#website\"},\"datePublished\":\"2025-12-15T12:03:43+00:00\",\"breadcrumb\":{\"@id\":\"https:\/\/noticiasya.com\/2025\/12\/15\/diaspora-venezolana-no-pierde-esperanza-regresar-venezuela-orix\/#breadcrumb\"},\"inLanguage\":\"es\",\"potentialAction\":[{\"@type\":\"ReadAction\",\"target\":[\"https:\/\/noticiasya.com\/2025\/12\/15\/diaspora-venezolana-no-pierde-esperanza-regresar-venezuela-orix\/\"]}]},{\"@type\":\"BreadcrumbList\",\"@id\":\"https:\/\/noticiasya.com\/2025\/12\/15\/diaspora-venezolana-no-pierde-esperanza-regresar-venezuela-orix\/#breadcrumb\",\"itemListElement\":[{\"@type\":\"ListItem\",\"position\":1,\"name\":\"Home\",\"item\":\"https:\/\/noticiasya.com\/\"},{\"@type\":\"ListItem\",\"position\":2,\"name\":\"&#171;Ya constru\u00ed una nueva vida&#187;: la di\u00e1spora venezolana no pierde la esperanza, pero regresar al pa\u00eds se ve cada vez m\u00e1s lejos\"}]},{\"@type\":\"WebSite\",\"@id\":\"https:\/\/noticiasya.com\/#website\",\"url\":\"https:\/\/noticiasya.com\/\",\"name\":\"Noticias\",\"description\":\"Lo que importa\",\"publisher\":{\"@id\":\"https:\/\/noticiasya.com\/#organization\"},\"potentialAction\":[{\"@type\":\"SearchAction\",\"target\":{\"@type\":\"EntryPoint\",\"urlTemplate\":\"https:\/\/noticiasya.com\/?s={search_term_string}\"},\"query-input\":{\"@type\":\"PropertyValueSpecification\",\"valueRequired\":true,\"valueName\":\"search_term_string\"}}],\"inLanguage\":\"es\"},{\"@type\":\"Organization\",\"@id\":\"https:\/\/noticiasya.com\/#organization\",\"name\":\"Noticias\",\"url\":\"https:\/\/noticiasya.com\/\",\"logo\":{\"@type\":\"ImageObject\",\"inLanguage\":\"es\",\"@id\":\"https:\/\/noticiasya.com\/#\/schema\/logo\/image\/\",\"url\":\"https:\/\/noticiasya.com\/wp-content\/uploads\/sites\/22\/2023\/12\/logo-nacional.png\",\"contentUrl\":\"https:\/\/noticiasya.com\/wp-content\/uploads\/sites\/22\/2023\/12\/logo-nacional.png\",\"width\":1801,\"height\":691,\"caption\":\"Noticias\"},\"image\":{\"@id\":\"https:\/\/noticiasya.com\/#\/schema\/logo\/image\/\"}}]}<\/script>\n<!-- \/ Yoast SEO plugin. -->","yoast_head_json":{"title":"\"Ya constru\u00ed una nueva vida\": la di\u00e1spora venezolana no pierde la esperanza, pero regresar al pa\u00eds se ve cada vez m\u00e1s lejos - Noticias","robots":{"index":"index","follow":"follow","max-snippet":"max-snippet:-1","max-image-preview":"max-image-preview:large","max-video-preview":"max-video-preview:-1"},"canonical":"https:\/\/noticiasya.com\/2025\/12\/15\/diaspora-venezolana-no-pierde-esperanza-regresar-venezuela-orix\/","og_locale":"es_ES","og_type":"article","og_title":"\"Ya constru\u00ed una nueva vida\": la di\u00e1spora venezolana no pierde la esperanza, pero regresar al pa\u00eds se ve cada vez m\u00e1s lejos - Noticias","og_description":"Desde hace seis a\u00f1os, cuando sali\u00f3 de Venezuela y lleg\u00f3 a Miami, este venezolano de 51 a\u00f1os dice que todos los d\u00edas piensa en su pa\u00eds. El exilio profundiz\u00f3 su amor por su patria y su voz transmite los sentimientos m\u00e1s diversos: desde la alegr\u00eda al recordar su casa, la tristeza por lo que dej\u00f3 [&hellip;]","og_url":"https:\/\/noticiasya.com\/2025\/12\/15\/diaspora-venezolana-no-pierde-esperanza-regresar-venezuela-orix\/","og_site_name":"Noticias","article_published_time":"2025-12-15T12:03:43+00:00","twitter_card":"summary_large_image","twitter_misc":{"Est. reading time":"9 minutos"},"schema":{"@context":"https:\/\/schema.org","@graph":[{"@type":"Article","@id":"https:\/\/noticiasya.com\/2025\/12\/15\/diaspora-venezolana-no-pierde-esperanza-regresar-venezuela-orix\/#article","isPartOf":{"@id":"https:\/\/noticiasya.com\/2025\/12\/15\/diaspora-venezolana-no-pierde-esperanza-regresar-venezuela-orix\/"},"author":{"name":"","@id":""},"headline":"&#171;Ya constru\u00ed una nueva vida&#187;: la di\u00e1spora venezolana no pierde la esperanza, pero regresar al pa\u00eds se ve cada vez m\u00e1s lejos","datePublished":"2025-12-15T12:03:43+00:00","mainEntityOfPage":{"@id":"https:\/\/noticiasya.com\/2025\/12\/15\/diaspora-venezolana-no-pierde-esperanza-regresar-venezuela-orix\/"},"wordCount":1918,"commentCount":0,"publisher":{"@id":"https:\/\/noticiasya.com\/#organization"},"articleSection":["Noticias Nacionales"],"inLanguage":"es","potentialAction":[{"@type":"CommentAction","name":"Comment","target":["https:\/\/noticiasya.com\/2025\/12\/15\/diaspora-venezolana-no-pierde-esperanza-regresar-venezuela-orix\/#respond"]}]},{"@type":"WebPage","@id":"https:\/\/noticiasya.com\/2025\/12\/15\/diaspora-venezolana-no-pierde-esperanza-regresar-venezuela-orix\/","url":"https:\/\/noticiasya.com\/2025\/12\/15\/diaspora-venezolana-no-pierde-esperanza-regresar-venezuela-orix\/","name":"\"Ya constru\u00ed una nueva vida\": la di\u00e1spora venezolana no pierde la esperanza, pero regresar al pa\u00eds se ve cada vez m\u00e1s lejos - Noticias","isPartOf":{"@id":"https:\/\/noticiasya.com\/#website"},"datePublished":"2025-12-15T12:03:43+00:00","breadcrumb":{"@id":"https:\/\/noticiasya.com\/2025\/12\/15\/diaspora-venezolana-no-pierde-esperanza-regresar-venezuela-orix\/#breadcrumb"},"inLanguage":"es","potentialAction":[{"@type":"ReadAction","target":["https:\/\/noticiasya.com\/2025\/12\/15\/diaspora-venezolana-no-pierde-esperanza-regresar-venezuela-orix\/"]}]},{"@type":"BreadcrumbList","@id":"https:\/\/noticiasya.com\/2025\/12\/15\/diaspora-venezolana-no-pierde-esperanza-regresar-venezuela-orix\/#breadcrumb","itemListElement":[{"@type":"ListItem","position":1,"name":"Home","item":"https:\/\/noticiasya.com\/"},{"@type":"ListItem","position":2,"name":"&#171;Ya constru\u00ed una nueva vida&#187;: la di\u00e1spora venezolana no pierde la esperanza, pero regresar al pa\u00eds se ve cada vez m\u00e1s lejos"}]},{"@type":"WebSite","@id":"https:\/\/noticiasya.com\/#website","url":"https:\/\/noticiasya.com\/","name":"Noticias","description":"Lo que importa","publisher":{"@id":"https:\/\/noticiasya.com\/#organization"},"potentialAction":[{"@type":"SearchAction","target":{"@type":"EntryPoint","urlTemplate":"https:\/\/noticiasya.com\/?s={search_term_string}"},"query-input":{"@type":"PropertyValueSpecification","valueRequired":true,"valueName":"search_term_string"}}],"inLanguage":"es"},{"@type":"Organization","@id":"https:\/\/noticiasya.com\/#organization","name":"Noticias","url":"https:\/\/noticiasya.com\/","logo":{"@type":"ImageObject","inLanguage":"es","@id":"https:\/\/noticiasya.com\/#\/schema\/logo\/image\/","url":"https:\/\/noticiasya.com\/wp-content\/uploads\/sites\/22\/2023\/12\/logo-nacional.png","contentUrl":"https:\/\/noticiasya.com\/wp-content\/uploads\/sites\/22\/2023\/12\/logo-nacional.png","width":1801,"height":691,"caption":"Noticias"},"image":{"@id":"https:\/\/noticiasya.com\/#\/schema\/logo\/image\/"}}]}},"parsely":{"version":"1.1.0","canonical_url":"https:\/\/noticiasya.com\/midland-odessa\/2025\/12\/15\/diaspora-venezolana-no-pierde-esperanza-regresar-venezuela-orix\/","smart_links":{"inbound":0,"outbound":0},"traffic_boost_suggestions_count":0,"meta":{"@context":"https:\/\/schema.org","@type":"NewsArticle","headline":"&#171;Ya constru\u00ed una nueva vida&#187;: la di\u00e1spora venezolana no pierde la esperanza, pero regresar al pa\u00eds se ve cada vez m\u00e1s lejos","url":"http:\/\/noticiasya.com\/midland-odessa\/2025\/12\/15\/diaspora-venezolana-no-pierde-esperanza-regresar-venezuela-orix\/","mainEntityOfPage":{"@type":"WebPage","@id":"http:\/\/noticiasya.com\/midland-odessa\/2025\/12\/15\/diaspora-venezolana-no-pierde-esperanza-regresar-venezuela-orix\/"},"thumbnailUrl":"","image":{"@type":"ImageObject","url":""},"articleSection":"Noticias Nacionales","author":[],"creator":[],"publisher":{"@type":"Organization","name":"Noticias","logo":""},"keywords":[],"dateCreated":"2025-12-15T12:03:43Z","datePublished":"2025-12-15T12:03:43Z","dateModified":"2025-12-15T12:03:43Z"},"rendered":"<script type=\"application\/ld+json\" class=\"wp-parsely-metadata\">{\"@context\":\"https:\\\/\\\/schema.org\",\"@type\":\"NewsArticle\",\"headline\":\"&#171;Ya constru\\u00ed una nueva vida&#187;: la di\\u00e1spora venezolana no pierde la esperanza, pero regresar al pa\\u00eds se ve cada vez m\\u00e1s lejos\",\"url\":\"http:\\\/\\\/noticiasya.com\\\/midland-odessa\\\/2025\\\/12\\\/15\\\/diaspora-venezolana-no-pierde-esperanza-regresar-venezuela-orix\\\/\",\"mainEntityOfPage\":{\"@type\":\"WebPage\",\"@id\":\"http:\\\/\\\/noticiasya.com\\\/midland-odessa\\\/2025\\\/12\\\/15\\\/diaspora-venezolana-no-pierde-esperanza-regresar-venezuela-orix\\\/\"},\"thumbnailUrl\":\"\",\"image\":{\"@type\":\"ImageObject\",\"url\":\"\"},\"articleSection\":\"Noticias Nacionales\",\"author\":[],\"creator\":[],\"publisher\":{\"@type\":\"Organization\",\"name\":\"Noticias\",\"logo\":\"\"},\"keywords\":[],\"dateCreated\":\"2025-12-15T12:03:43Z\",\"datePublished\":\"2025-12-15T12:03:43Z\",\"dateModified\":\"2025-12-15T12:03:43Z\"}<\/script>","tracker_url":"https:\/\/cdn.parsely.com\/keys\/noticiasya.com\/p.js"},"jetpack_featured_media_url":"","jetpack-related-posts":[{"id":1466119,"url":"https:\/\/noticiasya.com\/midland-odessa\/2025\/09\/03\/venezolanos-exterior-cuestionan-tension-militar-eeuu-orix\/","url_meta":{"origin":1469268,"position":0},"title":"&#171;Nos usan como peones en su tablero pol\u00edtico&#187;: venezolanos en el exterior critican la escalada de tensi\u00f3n militar con EE.UU.","author":"","date":"septiembre 3, 2025","format":false,"excerpt":"\u201cNos utilizan, algunos nos usan como peones en su tablero pol\u00edtico, y otros como un da\u00f1o colateral\u201d. As\u00ed resume Adelys Ferro el sentir de muchos venezolanos que emigraron de su pa\u00eds al ver la tensi\u00f3n creciente entre Venezuela y Estados Unidos, en medio de los gestos de guerra de Donald\u2026","rel":"","context":"In &quot;Noticias Nacionales&quot;","block_context":{"text":"Noticias Nacionales","link":"https:\/\/noticiasya.com\/midland-odessa\/categoria\/noticias-nacionales"},"img":{"alt_text":"","src":"","width":0,"height":0},"classes":[]},{"id":1472610,"url":"https:\/\/noticiasya.com\/midland-odessa\/2026\/03\/27\/desvanece-expectativa-transicion-ruptura-chavismo-orix\/","url_meta":{"origin":1469268,"position":1},"title":"Sin una &#171;ruptura&#187; con el chavismo, se desvanece la expectativa de transici\u00f3n para los venezolanos en la di\u00e1spora","author":"","date":"marzo 27, 2026","format":false,"excerpt":"Si la expectativa de una transici\u00f3n en el Gobierno de Venezuela hab\u00eda esperanzado a muchos de los millones de venezolanos en la di\u00e1spora durante las primeras horas del s\u00e1bado 3 de enero, ese sentimiento parece, al menos para algunos de ellos, haberse desvanecido.Cuando estos venezolanos que dejaron su pa\u00eds impulsados\u2026","rel":"","context":"In &quot;Noticias Nacionales&quot;","block_context":{"text":"Noticias Nacionales","link":"https:\/\/noticiasya.com\/midland-odessa\/categoria\/noticias-nacionales"},"img":{"alt_text":"","src":"","width":0,"height":0},"classes":[]},{"id":1465899,"url":"https:\/\/noticiasya.com\/midland-odessa\/2025\/08\/27\/migrantes-venezolanos-varados-regresar-orix\/","url_meta":{"origin":1469268,"position":2},"title":"&#171;La esperanza termin\u00f3&#187;: migrantes venezolanos varados en M\u00e9xico buscan regresar a casa","author":"","date":"agosto 27, 2025","format":false,"excerpt":"A mitad de una calurosa tarde de verano en Ciudad de M\u00e9xico, Jocelyn Carrillo y sus dos hijas esperan afuera de la Embajada de Venezuela a que llegue el transporte que las llevar\u00e1 al aeropuerto para tomar un vuelo humanitario de regreso a su pa\u00eds. Ahora, ya no importan los\u2026","rel":"","context":"In &quot;Noticias Nacionales&quot;","block_context":{"text":"Noticias Nacionales","link":"https:\/\/noticiasya.com\/midland-odessa\/categoria\/noticias-nacionales"},"img":{"alt_text":"","src":"","width":0,"height":0},"classes":[]},{"id":1470068,"url":"https:\/\/noticiasya.com\/midland-odessa\/2026\/01\/14\/venezuela-diaspora-esperanza-desconfianza-libertad-presos-orix\/","url_meta":{"origin":1469268,"position":3},"title":"Primero la ilusi\u00f3n, luego la desconfianza: as\u00ed viven los venezolanos en otros pa\u00edses las excarcelaci\u00f3nes de presos pol\u00edticos","author":"","date":"enero 14, 2026","format":false,"excerpt":"Sentimientos encontrados entre los que conviven la alegr\u00eda y la angustia. El anuncio de la excarcelaci\u00f3n de presos pol\u00edticos en Venezuela fue primero una ilusi\u00f3n que dio una dosis de esperanza a muchos venezolanos. Pero, con el paso de los d\u00edas, se volvi\u00f3 una preocupaci\u00f3n, otra m\u00e1s a la larga\u2026","rel":"","context":"In &quot;Noticias Nacionales&quot;","block_context":{"text":"Noticias Nacionales","link":"https:\/\/noticiasya.com\/midland-odessa\/categoria\/noticias-nacionales"},"img":{"alt_text":"","src":"","width":0,"height":0},"classes":[]},{"id":1470252,"url":"https:\/\/noticiasya.com\/midland-odessa\/2026\/01\/20\/diaspora-venezolana-cuantos-donde-edad-8-millones-orix\/","url_meta":{"origin":1469268,"position":4},"title":"Maduro ya no est\u00e1 en el poder. As\u00ed viven los millones de venezolanos en el exilio que dudan si es momento de volver","author":"","date":"enero 20, 2026","format":false,"excerpt":"A\u00f1os de crisis econ\u00f3mica y social, escasez de servicios b\u00e1sicos, represi\u00f3n pol\u00edtica, inseguridad y deterioro institucional han obligado a millones de venezolanos a abandonar su pa\u00eds y reconstruir su vida en el exterior durante los a\u00f1os de gobierno del presidente derrocado Nicol\u00e1s Maduro.\u201cSal\u00ed de Venezuela en 2017, por razones pol\u00edticas\u2026","rel":"","context":"In &quot;Noticias Nacionales&quot;","block_context":{"text":"Noticias Nacionales","link":"https:\/\/noticiasya.com\/midland-odessa\/categoria\/noticias-nacionales"},"img":{"alt_text":"","src":"","width":0,"height":0},"classes":[]},{"id":1469757,"url":"https:\/\/noticiasya.com\/midland-odessa\/2026\/01\/03\/diaspora-venezuela-captura-maduro-reaccion-orix\/","url_meta":{"origin":1469268,"position":5},"title":"&#171;Nunca pens\u00e9 ver a mi pa\u00eds bombardeado&#187;. La di\u00e1spora venezolana celebra la captura de Maduro, pero le preocupa el futuro","author":"","date":"enero 3, 2026","format":false,"excerpt":"En la puerta de un restaurante venezolano de la peque\u00f1a ciudad de Doral, en Florida, se entonan con fuerza y emoci\u00f3n las estrofas de \u201cGloria al bravo pueblo\u201d, el himno nacional de Venezuela. Como ellos, muchos venezolanos salieron a la calle este s\u00e1bado en distintos pa\u00edses apenas horas despu\u00e9s del\u2026","rel":"","context":"In &quot;Noticias Nacionales&quot;","block_context":{"text":"Noticias Nacionales","link":"https:\/\/noticiasya.com\/midland-odessa\/categoria\/noticias-nacionales"},"img":{"alt_text":"","src":"","width":0,"height":0},"classes":[]}],"jetpack_sharing_enabled":true,"_links":{"self":[{"href":"https:\/\/noticiasya.com\/midland-odessa\/wp-json\/wp\/v2\/posts\/1469268","targetHints":{"allow":["GET"]}}],"collection":[{"href":"https:\/\/noticiasya.com\/midland-odessa\/wp-json\/wp\/v2\/posts"}],"about":[{"href":"https:\/\/noticiasya.com\/midland-odessa\/wp-json\/wp\/v2\/types\/post"}],"replies":[{"embeddable":true,"href":"https:\/\/noticiasya.com\/midland-odessa\/wp-json\/wp\/v2\/comments?post=1469268"}],"version-history":[{"count":0,"href":"https:\/\/noticiasya.com\/midland-odessa\/wp-json\/wp\/v2\/posts\/1469268\/revisions"}],"wp:attachment":[{"href":"https:\/\/noticiasya.com\/midland-odessa\/wp-json\/wp\/v2\/media?parent=1469268"}],"wp:term":[{"taxonomy":"category","embeddable":true,"href":"https:\/\/noticiasya.com\/midland-odessa\/wp-json\/wp\/v2\/categories?post=1469268"},{"taxonomy":"post_tag","embeddable":true,"href":"https:\/\/noticiasya.com\/midland-odessa\/wp-json\/wp\/v2\/tags?post=1469268"}],"curies":[{"name":"wp","href":"https:\/\/api.w.org\/{rel}","templated":true}]}}