{"id":1469272,"date":"2025-12-15T07:03:53","date_gmt":"2025-12-15T15:03:53","guid":{"rendered":"https:\/\/noticiasya.com\/2025\/12\/15\/peliculas-iberoamericanas-premios-oscar-orix\/"},"modified":"2025-12-15T07:03:53","modified_gmt":"2025-12-15T15:03:53","slug":"peliculas-iberoamericanas-premios-oscar-orix","status":"publish","type":"post","link":"https:\/\/noticiasya.com\/midland-odessa\/2025\/12\/15\/peliculas-iberoamericanas-premios-oscar-orix\/","title":{"rendered":"Estas son las pel\u00edculas iberoamericanas que aspiran a ser nominadas a los premios Oscar"},"content":{"rendered":"<p>Este a\u00f1o, 16 pel\u00edculas de Iberoam\u00e9rica fueron admitidas por la academia del cine de Hollywood, que esta semana publicar\u00e1 una lista preliminar de 15 aspirantes para ser consideradas a una nominaci\u00f3n al Oscar 2026 en la categor\u00eda de mejor pel\u00edcula internacional.<\/p>\n<p>Estas son las producciones que representan a la regi\u00f3n.<\/p>\n<p>Una abogada y una mujer acusada de interrumpir su embarazo unen fuerzas en busca de justicia.<\/p>\n<p>El regreso de una mujer a su tierra luego de tres d\u00e9cadas de haber vivido los horrores de la dictadura.<\/p>\n<p>Queriendo rehacer su vida en su natal Recife, el pasado de un maestro de Ingenier\u00eda obstaculizar\u00e1 sus planes.<\/p>\n<p>Una enfermedad, que se transmite cuando dos hombres se miran y se enamoran, es el misterio que una ni\u00f1a, de 11 a\u00f1os, tratar\u00e1 de resolver.<\/p>\n<p>Un poeta y maestro tratar\u00e1 de estimular la creatividad art\u00edstica de una de sus alumnas, mientras esquiva sus propias frustraciones.<\/p>\n<p>Documental sobre un hist\u00f3rico caso legal por abuso sexual de menores.<\/p>\n<p>La leyenda de una misteriosa criatura que salta de su forma de ni\u00f1o a monstruo para asesinar a mujeres j\u00f3venes.<\/p>\n<p>Un padre y su peque\u00f1o hijo viajan por el desierto marroqu\u00ed en busca de su hija y su hermana, quien ha decidido unirse a caravanas de fiestas tipo <em>rave<\/em>.<\/p>\n<p>D\u00e9cadas despu\u00e9s del asesinato de su hermano en la masacre de Tlatelolco, una mujer inicia el camino de la venganza.<\/p>\n<p>La relaci\u00f3n entre una joven inmigrante embarazada y la mujer que debe cuidar debido a su demencia.<\/p>\n<p>Documental armado con piezas recolectadas por el mundo entero sobre lo que fueron los casi 35 a\u00f1os de dictadura del general Alfredo Stroessner.<\/p>\n<p>Un muchacho se debate entre su futuro profesional en Cusco y las ra\u00edces que lo siguen atando a su familia en las monta\u00f1as.<\/p>\n<p>Un m\u00e9dico deber\u00e1 tratar la enfermedad que amenaza a la poblaci\u00f3n esclavizada de una plantaci\u00f3n en una isla frente a las costas africanas.<\/p>\n<p>El transitar de Pepe, un hipop\u00f3tamo que fue trasladado a Colombia por el narcotraficante Pablo Escobar. El propio animal hace un an\u00e1lisis sociopol\u00edtico de la \u00e9poca.<\/p>\n<p>La reflexi\u00f3n que desata la muerte de una amiga.<\/p>\n<p>Biograf\u00eda sobre el desaparecido cantautor y activista venezolano Al\u00ed Primera.<\/p>\n<p>The-CNN-Wire<br \/>&trade; &amp; &copy; 2025 Cable News Network, Inc., a Warner Bros. Discovery Company. All rights reserved.<\/p>\n","protected":false},"excerpt":{"rendered":"<p>Este a\u00f1o, 16 pel\u00edculas de Iberoam\u00e9rica fueron admitidas por la academia del cine de Hollywood, que esta semana publicar\u00e1 una lista preliminar de 15 aspirantes para ser consideradas a una nominaci\u00f3n al Oscar 2026 en la categor\u00eda de mejor pel\u00edcula internacional. Estas son las producciones que representan a la regi\u00f3n. Una abogada y una mujer [&hellip;]<\/p>\n","protected":false},"author":0,"featured_media":0,"comment_status":"open","ping_status":"open","sticky":false,"template":"","format":"standard","meta":{"_jetpack_memberships_contains_paid_content":false,"footnotes":""},"categories":[10],"tags":[],"class_list":["post-1469272","post","type-post","status-publish","format-standard","hentry","category-noticias-nacionales","market-global"],"yoast_head":"<!-- This site is optimized with the Yoast SEO plugin v24.4 - https:\/\/yoast.com\/wordpress\/plugins\/seo\/ -->\n<title>Estas son las pel\u00edculas iberoamericanas que aspiran a ser nominadas a los premios Oscar - Noticias<\/title>\n<meta name=\"robots\" content=\"index, follow, max-snippet:-1, max-image-preview:large, max-video-preview:-1\" \/>\n<link rel=\"canonical\" href=\"https:\/\/noticiasya.com\/2025\/12\/15\/peliculas-iberoamericanas-premios-oscar-orix\/\" \/>\n<meta property=\"og:locale\" content=\"es_ES\" \/>\n<meta property=\"og:type\" content=\"article\" \/>\n<meta property=\"og:title\" content=\"Estas son las pel\u00edculas iberoamericanas que aspiran a ser nominadas a los premios Oscar - Noticias\" \/>\n<meta property=\"og:description\" content=\"Este a\u00f1o, 16 pel\u00edculas de Iberoam\u00e9rica fueron admitidas por la academia del cine de Hollywood, que esta semana publicar\u00e1 una lista preliminar de 15 aspirantes para ser consideradas a una nominaci\u00f3n al Oscar 2026 en la categor\u00eda de mejor pel\u00edcula internacional. Estas son las producciones que representan a la regi\u00f3n. Una abogada y una mujer [&hellip;]\" \/>\n<meta property=\"og:url\" content=\"https:\/\/noticiasya.com\/2025\/12\/15\/peliculas-iberoamericanas-premios-oscar-orix\/\" \/>\n<meta property=\"og:site_name\" content=\"Noticias\" \/>\n<meta property=\"article:published_time\" content=\"2025-12-15T15:03:53+00:00\" \/>\n<meta name=\"twitter:card\" content=\"summary_large_image\" \/>\n<meta name=\"twitter:label1\" content=\"Est. reading time\" \/>\n\t<meta name=\"twitter:data1\" content=\"2 minutos\" \/>\n<script type=\"application\/ld+json\" class=\"yoast-schema-graph\">{\"@context\":\"https:\/\/schema.org\",\"@graph\":[{\"@type\":\"Article\",\"@id\":\"https:\/\/noticiasya.com\/2025\/12\/15\/peliculas-iberoamericanas-premios-oscar-orix\/#article\",\"isPartOf\":{\"@id\":\"https:\/\/noticiasya.com\/2025\/12\/15\/peliculas-iberoamericanas-premios-oscar-orix\/\"},\"author\":{\"name\":\"\",\"@id\":\"\"},\"headline\":\"Estas son las pel\u00edculas iberoamericanas que aspiran a ser nominadas a los premios Oscar\",\"datePublished\":\"2025-12-15T15:03:53+00:00\",\"mainEntityOfPage\":{\"@id\":\"https:\/\/noticiasya.com\/2025\/12\/15\/peliculas-iberoamericanas-premios-oscar-orix\/\"},\"wordCount\":416,\"commentCount\":0,\"publisher\":{\"@id\":\"https:\/\/noticiasya.com\/#organization\"},\"articleSection\":[\"Noticias Nacionales\"],\"inLanguage\":\"es\",\"potentialAction\":[{\"@type\":\"CommentAction\",\"name\":\"Comment\",\"target\":[\"https:\/\/noticiasya.com\/2025\/12\/15\/peliculas-iberoamericanas-premios-oscar-orix\/#respond\"]}]},{\"@type\":\"WebPage\",\"@id\":\"https:\/\/noticiasya.com\/2025\/12\/15\/peliculas-iberoamericanas-premios-oscar-orix\/\",\"url\":\"https:\/\/noticiasya.com\/2025\/12\/15\/peliculas-iberoamericanas-premios-oscar-orix\/\",\"name\":\"Estas son las pel\u00edculas iberoamericanas que aspiran a ser nominadas a los premios Oscar - Noticias\",\"isPartOf\":{\"@id\":\"https:\/\/noticiasya.com\/#website\"},\"datePublished\":\"2025-12-15T15:03:53+00:00\",\"breadcrumb\":{\"@id\":\"https:\/\/noticiasya.com\/2025\/12\/15\/peliculas-iberoamericanas-premios-oscar-orix\/#breadcrumb\"},\"inLanguage\":\"es\",\"potentialAction\":[{\"@type\":\"ReadAction\",\"target\":[\"https:\/\/noticiasya.com\/2025\/12\/15\/peliculas-iberoamericanas-premios-oscar-orix\/\"]}]},{\"@type\":\"BreadcrumbList\",\"@id\":\"https:\/\/noticiasya.com\/2025\/12\/15\/peliculas-iberoamericanas-premios-oscar-orix\/#breadcrumb\",\"itemListElement\":[{\"@type\":\"ListItem\",\"position\":1,\"name\":\"Home\",\"item\":\"https:\/\/noticiasya.com\/\"},{\"@type\":\"ListItem\",\"position\":2,\"name\":\"Estas son las pel\u00edculas iberoamericanas que aspiran a ser nominadas a los premios Oscar\"}]},{\"@type\":\"WebSite\",\"@id\":\"https:\/\/noticiasya.com\/#website\",\"url\":\"https:\/\/noticiasya.com\/\",\"name\":\"Noticias\",\"description\":\"Lo que importa\",\"publisher\":{\"@id\":\"https:\/\/noticiasya.com\/#organization\"},\"potentialAction\":[{\"@type\":\"SearchAction\",\"target\":{\"@type\":\"EntryPoint\",\"urlTemplate\":\"https:\/\/noticiasya.com\/?s={search_term_string}\"},\"query-input\":{\"@type\":\"PropertyValueSpecification\",\"valueRequired\":true,\"valueName\":\"search_term_string\"}}],\"inLanguage\":\"es\"},{\"@type\":\"Organization\",\"@id\":\"https:\/\/noticiasya.com\/#organization\",\"name\":\"Noticias\",\"url\":\"https:\/\/noticiasya.com\/\",\"logo\":{\"@type\":\"ImageObject\",\"inLanguage\":\"es\",\"@id\":\"https:\/\/noticiasya.com\/#\/schema\/logo\/image\/\",\"url\":\"https:\/\/noticiasya.com\/wp-content\/uploads\/sites\/22\/2023\/12\/logo-nacional.png\",\"contentUrl\":\"https:\/\/noticiasya.com\/wp-content\/uploads\/sites\/22\/2023\/12\/logo-nacional.png\",\"width\":1801,\"height\":691,\"caption\":\"Noticias\"},\"image\":{\"@id\":\"https:\/\/noticiasya.com\/#\/schema\/logo\/image\/\"}}]}<\/script>\n<!-- \/ Yoast SEO plugin. -->","yoast_head_json":{"title":"Estas son las pel\u00edculas iberoamericanas que aspiran a ser nominadas a los premios Oscar - Noticias","robots":{"index":"index","follow":"follow","max-snippet":"max-snippet:-1","max-image-preview":"max-image-preview:large","max-video-preview":"max-video-preview:-1"},"canonical":"https:\/\/noticiasya.com\/2025\/12\/15\/peliculas-iberoamericanas-premios-oscar-orix\/","og_locale":"es_ES","og_type":"article","og_title":"Estas son las pel\u00edculas iberoamericanas que aspiran a ser nominadas a los premios Oscar - Noticias","og_description":"Este a\u00f1o, 16 pel\u00edculas de Iberoam\u00e9rica fueron admitidas por la academia del cine de Hollywood, que esta semana publicar\u00e1 una lista preliminar de 15 aspirantes para ser consideradas a una nominaci\u00f3n al Oscar 2026 en la categor\u00eda de mejor pel\u00edcula internacional. Estas son las producciones que representan a la regi\u00f3n. Una abogada y una mujer [&hellip;]","og_url":"https:\/\/noticiasya.com\/2025\/12\/15\/peliculas-iberoamericanas-premios-oscar-orix\/","og_site_name":"Noticias","article_published_time":"2025-12-15T15:03:53+00:00","twitter_card":"summary_large_image","twitter_misc":{"Est. reading time":"2 minutos"},"schema":{"@context":"https:\/\/schema.org","@graph":[{"@type":"Article","@id":"https:\/\/noticiasya.com\/2025\/12\/15\/peliculas-iberoamericanas-premios-oscar-orix\/#article","isPartOf":{"@id":"https:\/\/noticiasya.com\/2025\/12\/15\/peliculas-iberoamericanas-premios-oscar-orix\/"},"author":{"name":"","@id":""},"headline":"Estas son las pel\u00edculas iberoamericanas que aspiran a ser nominadas a los premios Oscar","datePublished":"2025-12-15T15:03:53+00:00","mainEntityOfPage":{"@id":"https:\/\/noticiasya.com\/2025\/12\/15\/peliculas-iberoamericanas-premios-oscar-orix\/"},"wordCount":416,"commentCount":0,"publisher":{"@id":"https:\/\/noticiasya.com\/#organization"},"articleSection":["Noticias Nacionales"],"inLanguage":"es","potentialAction":[{"@type":"CommentAction","name":"Comment","target":["https:\/\/noticiasya.com\/2025\/12\/15\/peliculas-iberoamericanas-premios-oscar-orix\/#respond"]}]},{"@type":"WebPage","@id":"https:\/\/noticiasya.com\/2025\/12\/15\/peliculas-iberoamericanas-premios-oscar-orix\/","url":"https:\/\/noticiasya.com\/2025\/12\/15\/peliculas-iberoamericanas-premios-oscar-orix\/","name":"Estas son las pel\u00edculas iberoamericanas que aspiran a ser nominadas a los premios Oscar - Noticias","isPartOf":{"@id":"https:\/\/noticiasya.com\/#website"},"datePublished":"2025-12-15T15:03:53+00:00","breadcrumb":{"@id":"https:\/\/noticiasya.com\/2025\/12\/15\/peliculas-iberoamericanas-premios-oscar-orix\/#breadcrumb"},"inLanguage":"es","potentialAction":[{"@type":"ReadAction","target":["https:\/\/noticiasya.com\/2025\/12\/15\/peliculas-iberoamericanas-premios-oscar-orix\/"]}]},{"@type":"BreadcrumbList","@id":"https:\/\/noticiasya.com\/2025\/12\/15\/peliculas-iberoamericanas-premios-oscar-orix\/#breadcrumb","itemListElement":[{"@type":"ListItem","position":1,"name":"Home","item":"https:\/\/noticiasya.com\/"},{"@type":"ListItem","position":2,"name":"Estas son las pel\u00edculas iberoamericanas que aspiran a ser nominadas a los premios Oscar"}]},{"@type":"WebSite","@id":"https:\/\/noticiasya.com\/#website","url":"https:\/\/noticiasya.com\/","name":"Noticias","description":"Lo que importa","publisher":{"@id":"https:\/\/noticiasya.com\/#organization"},"potentialAction":[{"@type":"SearchAction","target":{"@type":"EntryPoint","urlTemplate":"https:\/\/noticiasya.com\/?s={search_term_string}"},"query-input":{"@type":"PropertyValueSpecification","valueRequired":true,"valueName":"search_term_string"}}],"inLanguage":"es"},{"@type":"Organization","@id":"https:\/\/noticiasya.com\/#organization","name":"Noticias","url":"https:\/\/noticiasya.com\/","logo":{"@type":"ImageObject","inLanguage":"es","@id":"https:\/\/noticiasya.com\/#\/schema\/logo\/image\/","url":"https:\/\/noticiasya.com\/wp-content\/uploads\/sites\/22\/2023\/12\/logo-nacional.png","contentUrl":"https:\/\/noticiasya.com\/wp-content\/uploads\/sites\/22\/2023\/12\/logo-nacional.png","width":1801,"height":691,"caption":"Noticias"},"image":{"@id":"https:\/\/noticiasya.com\/#\/schema\/logo\/image\/"}}]}},"parsely":{"version":"1.1.0","canonical_url":"https:\/\/noticiasya.com\/midland-odessa\/2025\/12\/15\/peliculas-iberoamericanas-premios-oscar-orix\/","smart_links":{"inbound":0,"outbound":0},"traffic_boost_suggestions_count":0,"meta":{"@context":"https:\/\/schema.org","@type":"NewsArticle","headline":"Estas son las pel\u00edculas iberoamericanas que aspiran a ser nominadas a los premios Oscar","url":"http:\/\/noticiasya.com\/midland-odessa\/2025\/12\/15\/peliculas-iberoamericanas-premios-oscar-orix\/","mainEntityOfPage":{"@type":"WebPage","@id":"http:\/\/noticiasya.com\/midland-odessa\/2025\/12\/15\/peliculas-iberoamericanas-premios-oscar-orix\/"},"thumbnailUrl":"","image":{"@type":"ImageObject","url":""},"articleSection":"Noticias Nacionales","author":[],"creator":[],"publisher":{"@type":"Organization","name":"Noticias","logo":""},"keywords":[],"dateCreated":"2025-12-15T15:03:53Z","datePublished":"2025-12-15T15:03:53Z","dateModified":"2025-12-15T15:03:53Z"},"rendered":"<script type=\"application\/ld+json\" class=\"wp-parsely-metadata\">{\"@context\":\"https:\\\/\\\/schema.org\",\"@type\":\"NewsArticle\",\"headline\":\"Estas son las pel\\u00edculas iberoamericanas que aspiran a ser nominadas a los premios Oscar\",\"url\":\"http:\\\/\\\/noticiasya.com\\\/midland-odessa\\\/2025\\\/12\\\/15\\\/peliculas-iberoamericanas-premios-oscar-orix\\\/\",\"mainEntityOfPage\":{\"@type\":\"WebPage\",\"@id\":\"http:\\\/\\\/noticiasya.com\\\/midland-odessa\\\/2025\\\/12\\\/15\\\/peliculas-iberoamericanas-premios-oscar-orix\\\/\"},\"thumbnailUrl\":\"\",\"image\":{\"@type\":\"ImageObject\",\"url\":\"\"},\"articleSection\":\"Noticias Nacionales\",\"author\":[],\"creator\":[],\"publisher\":{\"@type\":\"Organization\",\"name\":\"Noticias\",\"logo\":\"\"},\"keywords\":[],\"dateCreated\":\"2025-12-15T15:03:53Z\",\"datePublished\":\"2025-12-15T15:03:53Z\",\"dateModified\":\"2025-12-15T15:03:53Z\"}<\/script>","tracker_url":"https:\/\/cdn.parsely.com\/keys\/noticiasya.com\/p.js"},"jetpack_featured_media_url":"","jetpack-related-posts":[{"id":1467300,"url":"https:\/\/noticiasya.com\/midland-odessa\/2025\/10\/11\/muere-diane-keaton-actriz-79-anios-trax\/","url_meta":{"origin":1469272,"position":0},"title":"Muere Diane Keaton, actriz y estrella de Hollywood, a los 79 a\u00f1os","author":"","date":"octubre 11, 2025","format":false,"excerpt":"Diane Keaton, reconocida actriz ganadora del Oscar y referente del cine estadounidense, muri\u00f3 a los 79 a\u00f1os, inform\u00f3 la productora Dori Rath a CNN este s\u00e1bado.La noticia de su fallecimiento fue reportada inicialmente por la revista People. CNN ha intentado confirmar la informaci\u00f3n con sus representantes y con el Departamento\u2026","rel":"","context":"In &quot;Noticias Nacionales&quot;","block_context":{"text":"Noticias Nacionales","link":"https:\/\/noticiasya.com\/midland-odessa\/categoria\/noticias-nacionales"},"img":{"alt_text":"","src":"","width":0,"height":0},"classes":[]},{"id":1471892,"url":"https:\/\/noticiasya.com\/midland-odessa\/2026\/03\/05\/wagner-moura-carrera-premio-oscar-orix\/","url_meta":{"origin":1469272,"position":1},"title":"Wagner Moura, el atleta suramericano en la carrera por el \u00d3scar","author":"","date":"marzo 5, 2026","format":false,"excerpt":"Durante los \u00faltimos diez meses, el actor brasile\u00f1o Wagner Moura no ha parado de viajar. No se debe a un extenso rodaje, sino a la popularidad de su m\u00e1s reciente pel\u00edcula, \u201cEl agente secreto\u201d (\u201cO Agente Secreto\u201d), cuya promoci\u00f3n lo tiene bastante ocupado desde su estreno en el festival de\u2026","rel":"","context":"In &quot;Noticias Nacionales&quot;","block_context":{"text":"Noticias Nacionales","link":"https:\/\/noticiasya.com\/midland-odessa\/categoria\/noticias-nacionales"},"img":{"alt_text":"","src":"","width":0,"height":0},"classes":[]},{"id":1466144,"url":"https:\/\/noticiasya.com\/midland-odessa\/2025\/09\/04\/festival-venecia-peliculas-premios-oscar-orix\/","url_meta":{"origin":1469272,"position":2},"title":"De Venecia al Oscar: Las pel\u00edculas que se van perfilando para la gran fiesta del cine","author":"","date":"septiembre 4, 2025","format":false,"excerpt":"El Le\u00f3n de Oro, m\u00e1ximo galard\u00f3n del festival de cine de Venecia, rara vez es precursor del Oscar a Mejor Pel\u00edcula. En la \u00faltima d\u00e9cada, solo dos de ellas han obtenido ambos premios; la m\u00e1s reciente, \u201cNomadland\u201d, hace cinco a\u00f1os.Pero, si hay algo que el festival de Venecia siempre logra\u2026","rel":"","context":"In &quot;Noticias Nacionales&quot;","block_context":{"text":"Noticias Nacionales","link":"https:\/\/noticiasya.com\/midland-odessa\/categoria\/noticias-nacionales"},"img":{"alt_text":"","src":"","width":0,"height":0},"classes":[]},{"id":1446752,"url":"https:\/\/noticiasya.com\/midland-odessa\/2024\/03\/09\/oscar-premios-globalizacion-2024-orix\/","url_meta":{"origin":1469272,"position":3},"title":"La globalizaci\u00f3n del Oscar: \u00bfpor qu\u00e9 la edici\u00f3n de 2024 se siente diferente?","author":"","date":"marzo 9, 2024","format":false,"excerpt":"CNN (Hollywood) -- Es un concepto al que le he estado echando cabeza en los \u00faltimos d\u00edas, justo cuando nos acercamos a la meta final de una larga carrera por la codiciada estatuilla dorada: la globalizaci\u00f3n del Oscar.La ceremonia del Oscar, seg\u00fan la Academia de Hollywood, es transmitida a m\u00e1s\u2026","rel":"","context":"In &quot;Noticias Nacionales&quot;","block_context":{"text":"Noticias Nacionales","link":"https:\/\/noticiasya.com\/midland-odessa\/categoria\/noticias-nacionales"},"img":{"alt_text":"","src":"","width":0,"height":0},"classes":[]},{"id":1472187,"url":"https:\/\/noticiasya.com\/midland-odessa\/2026\/03\/14\/peliculas-mas-ganadoras-premios-oscar-orix\/","url_meta":{"origin":1469272,"position":4},"title":"\u00bfCu\u00e1les son las pel\u00edculas que m\u00e1s Premios Oscar han ganado en la historia?","author":"","date":"marzo 14, 2026","format":false,"excerpt":"Son m\u00edticas y quiz\u00e1 has o\u00eddo hablar de ellas en alg\u00fan momento. Incluso las habr\u00e1s visto. Y ya que se acerca una nueva ceremonia, aqu\u00ed tenemos un listado de las pel\u00edculas m\u00e1s premiadas en los premios Oscar desde su creaci\u00f3n en 1925, (cuando el ticket para asistir a la ceremonia\u2026","rel":"","context":"In &quot;Noticias Nacionales&quot;","block_context":{"text":"Noticias Nacionales","link":"https:\/\/noticiasya.com\/midland-odessa\/categoria\/noticias-nacionales"},"img":{"alt_text":"","src":"","width":0,"height":0},"classes":[]},{"id":1467699,"url":"https:\/\/noticiasya.com\/midland-odessa\/2025\/10\/24\/favoritos-nominaciones-premios-oscar-2026-trax\/","url_meta":{"origin":1469272,"position":5},"title":"As\u00ed est\u00e1 la carrera por las nominaciones a los premios Oscar 2026. Estas son las favoritas","author":"","date":"octubre 24, 2025","format":false,"excerpt":"\u00bfD\u00f3nde se ha ido el 2025? Una forma de marcar el vertiginoso paso del tiempo: la carrera por los premios Oscar ya est\u00e1 cobrando protagonismo, ahora que estamos \u2014\u00a1uf!\u2014 a tres meses de las nominaciones.La competencia a\u00fan tiene mucho tiempo para tomar forma, pero hay algunos favoritos emergentes, empezando por\u2026","rel":"","context":"In &quot;Noticias Nacionales&quot;","block_context":{"text":"Noticias Nacionales","link":"https:\/\/noticiasya.com\/midland-odessa\/categoria\/noticias-nacionales"},"img":{"alt_text":"","src":"","width":0,"height":0},"classes":[]}],"jetpack_sharing_enabled":true,"_links":{"self":[{"href":"https:\/\/noticiasya.com\/midland-odessa\/wp-json\/wp\/v2\/posts\/1469272","targetHints":{"allow":["GET"]}}],"collection":[{"href":"https:\/\/noticiasya.com\/midland-odessa\/wp-json\/wp\/v2\/posts"}],"about":[{"href":"https:\/\/noticiasya.com\/midland-odessa\/wp-json\/wp\/v2\/types\/post"}],"replies":[{"embeddable":true,"href":"https:\/\/noticiasya.com\/midland-odessa\/wp-json\/wp\/v2\/comments?post=1469272"}],"version-history":[{"count":0,"href":"https:\/\/noticiasya.com\/midland-odessa\/wp-json\/wp\/v2\/posts\/1469272\/revisions"}],"wp:attachment":[{"href":"https:\/\/noticiasya.com\/midland-odessa\/wp-json\/wp\/v2\/media?parent=1469272"}],"wp:term":[{"taxonomy":"category","embeddable":true,"href":"https:\/\/noticiasya.com\/midland-odessa\/wp-json\/wp\/v2\/categories?post=1469272"},{"taxonomy":"post_tag","embeddable":true,"href":"https:\/\/noticiasya.com\/midland-odessa\/wp-json\/wp\/v2\/tags?post=1469272"}],"curies":[{"name":"wp","href":"https:\/\/api.w.org\/{rel}","templated":true}]}}