{"id":1469274,"date":"2025-12-15T08:03:50","date_gmt":"2025-12-15T16:03:50","guid":{"rendered":"https:\/\/noticiasya.com\/2025\/12\/15\/eln-colombia-paro-armado-tension-orix\/"},"modified":"2025-12-15T08:03:50","modified_gmt":"2025-12-15T16:03:50","slug":"eln-colombia-paro-armado-tension-orix","status":"publish","type":"post","link":"https:\/\/noticiasya.com\/midland-odessa\/2025\/12\/15\/eln-colombia-paro-armado-tension-orix\/","title":{"rendered":"Paro armado de la guerrilla del ELN mantiene en m\u00e1xima alerta a las autoridades en Colombia"},"content":{"rendered":"<p>Desde este domingo y hasta la medianoche del mi\u00e9rcoles, el Ej\u00e9rcito Nacional de Liberaci\u00f3n (ELN), una agrupaci\u00f3n colombiana designada como terrorista por el Departamento de Estado de los Estados Unidos y Europa, lleva adelante un paro armado como protesta por lo que denomina \u201camenazas de intervenci\u00f3n imperialista\u201d por parte de Estados Unidos y como parte de su reivindicaci\u00f3n pol\u00edtica contra acciones militares en la regi\u00f3n.<\/p>\n<p>Esta medida, que a diferencia de otras anteriores es a nivel nacional, implica una acci\u00f3n coercitiva del grupo guerrillero para que civiles se abstengan de transitar por carreteras y r\u00edos y para paralizar actividades cotidianas en zonas donde el ELN tiene presencia o influencia con sus diferentes frentes de guerra.<\/p>\n<p>\u201cDesde la Embajada de Estados Unidos expresamos nuestro contundente rechazo a las reiteradas amenazas del grupo narcoterrorista ELN, que contin\u00faa con el narcotr\u00e1fico, los ataques y el abuso del digno pueblo colombiano. Pretenden protestar por los derechos de los colombianos, cuando lo cierto es que el mismo pueblo colombiano sufrir\u00e1, como siempre. Es inaceptable e il\u00f3gico\u201d, manifest\u00f3 este lunes la embajada de los Estados Unidos en Bogot\u00e1. Previamente, la embajada hab\u00eda recomendado evitar viajes a Colombia durante estos d\u00edas.<\/p>\n<p>El ELN ha realizado varias acciones terroristas contra peajes, estaciones de polic\u00eda y hostigamientos contra objetivos militares, retenes ilegales y quema de veh\u00edculos de carga desde que comenz\u00f3 el paro armado.<\/p>\n<p>\u201cEl cartel del ELN persiste en amenazar y atacar a nuestros campesinos, ind\u00edgenas y los m\u00e1s vulnerables. El ELN no defiende al pueblo, lo ataca\u201d, sostuvo en su cuenta oficial en X el ministro de Defensa, el general en retiro Pedro S\u00e1nchez, al tiempo que anunci\u00f3 recompensas hasta por el equivalente a US$ 52.000 por informaci\u00f3n ciudadana que ayude a prevenir acciones terroristas en todo el pa\u00eds.<\/p>\n<p>El presidente Gustavo Petro rechaz\u00f3 el anuncio de paro armado del ELN y orden\u00f3 a la fuerza p\u00fablica combatir al grupo guerrillero. \u201cEst\u00e1s no son amenazas a Trump, son amenazas a Colombia y al proyecto de Bol\u00edvar de la Gran Colombia\u201d, sostuvo el mandatario en sus redes sociales oficiales.<\/p>\n<p>\u201cAl pueblo de Colombia le solicito en todos los lugares del territorio nacional salir a la fiesta de Navidades sin miedo. El miedo paraliza y no nos dejaremos amenazar ni por potencias extranjeras ni por traquetos vestidos de revolucionarios\u201d, sostuvo Petro en el mismo mensaje en el que respond\u00eda a uno de los comunicados.<\/p>\n<p>La Defensor\u00eda del Pueblo, mediante un comunicado, pidi\u00f3 al grupo armado ilegal no afectar a la poblaci\u00f3n civil y a las autoridades reforzar las medidas para evitar ataques letales y garantizar la libre movilidad de la poblaci\u00f3n en todo el pa\u00eds. \u201cLos denominados \u2018armados\u2019 constituyen una forma de control territorial y poblacional ileg\u00edtimo que recae principalmente sobre la poblaci\u00f3n civil: restringen la circulaci\u00f3n, paralizan econom\u00edas locales, obstaculizan el acceso a servicios de salud, educaci\u00f3n y abastecimiento, e incrementan el riesgo de confinamientos, desplazamientos, amenazas, homicidios selectivos y violencia basada en g\u00e9nero, entre otras afectaciones\u201d, afirm\u00f3 la Defensor\u00eda en el comunicado.<\/p>\n<p>En enero de este a\u00f1o, el Gobierno suspendi\u00f3 los di\u00e1logos de paz con el ELN tras una serie de acciones armadas de ese grupo en la regi\u00f3n de El Catatumbo, en el departamento de Norte de Santander, frontera con Venezuela, que causaron la muerte de decenas de personas y empujaron al desplazamiento de miles de campesinos de la regi\u00f3n, que huyeron para salvar sus vidas.<\/p>\n<p>Antonio Garc\u00eda, comandante del ELN, public\u00f3 este lunes un art\u00edculo en el portal digital oficial del grupo armado en internet en el que cuestiona la nueva pol\u00edtica de seguridad de Estados Unidos para la regi\u00f3n. \u201cLa \u2018Estrategia de Seguridad Nacional de 2025\u2019 hecha p\u00fablica por EE.UU. en noviembre de 2025 expone con nitidez la ansiedad de una potencia en declive, que intenta reafirmar su hegemon\u00eda mediante el unilateralismo, la coerci\u00f3n militar y la presi\u00f3n pol\u00edtica, reactivando viejos dogmas imperiales\u201d, afirma Garc\u00eda en el escrito.<\/p>\n<p>Las autoridades colombianas est\u00e1n en m\u00e1xima alerta, especialmente en la embajada de Estados Unidos, estaciones de polic\u00eda, batallones militares, carreteras, sedes de empresas estadounidenses y en puntos de la infraestructura el\u00e9ctrica nacional para prevenir cualquier acci\u00f3n terrorista.<\/p>\n<p>The-CNN-Wire<br \/>&trade; &amp; &copy; 2025 Cable News Network, Inc., a Warner Bros. Discovery Company. All rights reserved.<\/p>\n","protected":false},"excerpt":{"rendered":"<p>Desde este domingo y hasta la medianoche del mi\u00e9rcoles, el Ej\u00e9rcito Nacional de Liberaci\u00f3n (ELN), una agrupaci\u00f3n colombiana designada como terrorista por el Departamento de Estado de los Estados Unidos y Europa, lleva adelante un paro armado como protesta por lo que denomina \u201camenazas de intervenci\u00f3n imperialista\u201d por parte de Estados Unidos y como parte [&hellip;]<\/p>\n","protected":false},"author":0,"featured_media":0,"comment_status":"open","ping_status":"open","sticky":false,"template":"","format":"standard","meta":{"_jetpack_memberships_contains_paid_content":false,"footnotes":""},"categories":[10],"tags":[],"class_list":["post-1469274","post","type-post","status-publish","format-standard","hentry","category-noticias-nacionales","market-global"],"yoast_head":"<!-- This site is optimized with the Yoast SEO plugin v24.4 - https:\/\/yoast.com\/wordpress\/plugins\/seo\/ -->\n<title>Paro armado de la guerrilla del ELN mantiene en m\u00e1xima alerta a las autoridades en Colombia - Noticias<\/title>\n<meta name=\"robots\" content=\"index, follow, max-snippet:-1, max-image-preview:large, max-video-preview:-1\" \/>\n<link rel=\"canonical\" href=\"https:\/\/noticiasya.com\/2025\/12\/15\/eln-colombia-paro-armado-tension-orix\/\" \/>\n<meta property=\"og:locale\" content=\"es_ES\" \/>\n<meta property=\"og:type\" content=\"article\" \/>\n<meta property=\"og:title\" content=\"Paro armado de la guerrilla del ELN mantiene en m\u00e1xima alerta a las autoridades en Colombia - Noticias\" \/>\n<meta property=\"og:description\" content=\"Desde este domingo y hasta la medianoche del mi\u00e9rcoles, el Ej\u00e9rcito Nacional de Liberaci\u00f3n (ELN), una agrupaci\u00f3n colombiana designada como terrorista por el Departamento de Estado de los Estados Unidos y Europa, lleva adelante un paro armado como protesta por lo que denomina \u201camenazas de intervenci\u00f3n imperialista\u201d por parte de Estados Unidos y como parte [&hellip;]\" \/>\n<meta property=\"og:url\" content=\"https:\/\/noticiasya.com\/2025\/12\/15\/eln-colombia-paro-armado-tension-orix\/\" \/>\n<meta property=\"og:site_name\" content=\"Noticias\" \/>\n<meta property=\"article:published_time\" content=\"2025-12-15T16:03:50+00:00\" \/>\n<meta name=\"twitter:card\" content=\"summary_large_image\" \/>\n<meta name=\"twitter:label1\" content=\"Est. reading time\" \/>\n\t<meta name=\"twitter:data1\" content=\"4 minutos\" \/>\n<script type=\"application\/ld+json\" class=\"yoast-schema-graph\">{\"@context\":\"https:\/\/schema.org\",\"@graph\":[{\"@type\":\"Article\",\"@id\":\"https:\/\/noticiasya.com\/2025\/12\/15\/eln-colombia-paro-armado-tension-orix\/#article\",\"isPartOf\":{\"@id\":\"https:\/\/noticiasya.com\/2025\/12\/15\/eln-colombia-paro-armado-tension-orix\/\"},\"author\":{\"name\":\"\",\"@id\":\"\"},\"headline\":\"Paro armado de la guerrilla del ELN mantiene en m\u00e1xima alerta a las autoridades en Colombia\",\"datePublished\":\"2025-12-15T16:03:50+00:00\",\"mainEntityOfPage\":{\"@id\":\"https:\/\/noticiasya.com\/2025\/12\/15\/eln-colombia-paro-armado-tension-orix\/\"},\"wordCount\":768,\"commentCount\":0,\"publisher\":{\"@id\":\"https:\/\/noticiasya.com\/#organization\"},\"articleSection\":[\"Noticias Nacionales\"],\"inLanguage\":\"es\",\"potentialAction\":[{\"@type\":\"CommentAction\",\"name\":\"Comment\",\"target\":[\"https:\/\/noticiasya.com\/2025\/12\/15\/eln-colombia-paro-armado-tension-orix\/#respond\"]}]},{\"@type\":\"WebPage\",\"@id\":\"https:\/\/noticiasya.com\/2025\/12\/15\/eln-colombia-paro-armado-tension-orix\/\",\"url\":\"https:\/\/noticiasya.com\/2025\/12\/15\/eln-colombia-paro-armado-tension-orix\/\",\"name\":\"Paro armado de la guerrilla del ELN mantiene en m\u00e1xima alerta a las autoridades en Colombia - Noticias\",\"isPartOf\":{\"@id\":\"https:\/\/noticiasya.com\/#website\"},\"datePublished\":\"2025-12-15T16:03:50+00:00\",\"breadcrumb\":{\"@id\":\"https:\/\/noticiasya.com\/2025\/12\/15\/eln-colombia-paro-armado-tension-orix\/#breadcrumb\"},\"inLanguage\":\"es\",\"potentialAction\":[{\"@type\":\"ReadAction\",\"target\":[\"https:\/\/noticiasya.com\/2025\/12\/15\/eln-colombia-paro-armado-tension-orix\/\"]}]},{\"@type\":\"BreadcrumbList\",\"@id\":\"https:\/\/noticiasya.com\/2025\/12\/15\/eln-colombia-paro-armado-tension-orix\/#breadcrumb\",\"itemListElement\":[{\"@type\":\"ListItem\",\"position\":1,\"name\":\"Home\",\"item\":\"https:\/\/noticiasya.com\/\"},{\"@type\":\"ListItem\",\"position\":2,\"name\":\"Paro armado de la guerrilla del ELN mantiene en m\u00e1xima alerta a las autoridades en Colombia\"}]},{\"@type\":\"WebSite\",\"@id\":\"https:\/\/noticiasya.com\/#website\",\"url\":\"https:\/\/noticiasya.com\/\",\"name\":\"Noticias\",\"description\":\"Lo que importa\",\"publisher\":{\"@id\":\"https:\/\/noticiasya.com\/#organization\"},\"potentialAction\":[{\"@type\":\"SearchAction\",\"target\":{\"@type\":\"EntryPoint\",\"urlTemplate\":\"https:\/\/noticiasya.com\/?s={search_term_string}\"},\"query-input\":{\"@type\":\"PropertyValueSpecification\",\"valueRequired\":true,\"valueName\":\"search_term_string\"}}],\"inLanguage\":\"es\"},{\"@type\":\"Organization\",\"@id\":\"https:\/\/noticiasya.com\/#organization\",\"name\":\"Noticias\",\"url\":\"https:\/\/noticiasya.com\/\",\"logo\":{\"@type\":\"ImageObject\",\"inLanguage\":\"es\",\"@id\":\"https:\/\/noticiasya.com\/#\/schema\/logo\/image\/\",\"url\":\"https:\/\/noticiasya.com\/wp-content\/uploads\/sites\/22\/2023\/12\/logo-nacional.png\",\"contentUrl\":\"https:\/\/noticiasya.com\/wp-content\/uploads\/sites\/22\/2023\/12\/logo-nacional.png\",\"width\":1801,\"height\":691,\"caption\":\"Noticias\"},\"image\":{\"@id\":\"https:\/\/noticiasya.com\/#\/schema\/logo\/image\/\"}}]}<\/script>\n<!-- \/ Yoast SEO plugin. -->","yoast_head_json":{"title":"Paro armado de la guerrilla del ELN mantiene en m\u00e1xima alerta a las autoridades en Colombia - Noticias","robots":{"index":"index","follow":"follow","max-snippet":"max-snippet:-1","max-image-preview":"max-image-preview:large","max-video-preview":"max-video-preview:-1"},"canonical":"https:\/\/noticiasya.com\/2025\/12\/15\/eln-colombia-paro-armado-tension-orix\/","og_locale":"es_ES","og_type":"article","og_title":"Paro armado de la guerrilla del ELN mantiene en m\u00e1xima alerta a las autoridades en Colombia - Noticias","og_description":"Desde este domingo y hasta la medianoche del mi\u00e9rcoles, el Ej\u00e9rcito Nacional de Liberaci\u00f3n (ELN), una agrupaci\u00f3n colombiana designada como terrorista por el Departamento de Estado de los Estados Unidos y Europa, lleva adelante un paro armado como protesta por lo que denomina \u201camenazas de intervenci\u00f3n imperialista\u201d por parte de Estados Unidos y como parte [&hellip;]","og_url":"https:\/\/noticiasya.com\/2025\/12\/15\/eln-colombia-paro-armado-tension-orix\/","og_site_name":"Noticias","article_published_time":"2025-12-15T16:03:50+00:00","twitter_card":"summary_large_image","twitter_misc":{"Est. reading time":"4 minutos"},"schema":{"@context":"https:\/\/schema.org","@graph":[{"@type":"Article","@id":"https:\/\/noticiasya.com\/2025\/12\/15\/eln-colombia-paro-armado-tension-orix\/#article","isPartOf":{"@id":"https:\/\/noticiasya.com\/2025\/12\/15\/eln-colombia-paro-armado-tension-orix\/"},"author":{"name":"","@id":""},"headline":"Paro armado de la guerrilla del ELN mantiene en m\u00e1xima alerta a las autoridades en Colombia","datePublished":"2025-12-15T16:03:50+00:00","mainEntityOfPage":{"@id":"https:\/\/noticiasya.com\/2025\/12\/15\/eln-colombia-paro-armado-tension-orix\/"},"wordCount":768,"commentCount":0,"publisher":{"@id":"https:\/\/noticiasya.com\/#organization"},"articleSection":["Noticias Nacionales"],"inLanguage":"es","potentialAction":[{"@type":"CommentAction","name":"Comment","target":["https:\/\/noticiasya.com\/2025\/12\/15\/eln-colombia-paro-armado-tension-orix\/#respond"]}]},{"@type":"WebPage","@id":"https:\/\/noticiasya.com\/2025\/12\/15\/eln-colombia-paro-armado-tension-orix\/","url":"https:\/\/noticiasya.com\/2025\/12\/15\/eln-colombia-paro-armado-tension-orix\/","name":"Paro armado de la guerrilla del ELN mantiene en m\u00e1xima alerta a las autoridades en Colombia - Noticias","isPartOf":{"@id":"https:\/\/noticiasya.com\/#website"},"datePublished":"2025-12-15T16:03:50+00:00","breadcrumb":{"@id":"https:\/\/noticiasya.com\/2025\/12\/15\/eln-colombia-paro-armado-tension-orix\/#breadcrumb"},"inLanguage":"es","potentialAction":[{"@type":"ReadAction","target":["https:\/\/noticiasya.com\/2025\/12\/15\/eln-colombia-paro-armado-tension-orix\/"]}]},{"@type":"BreadcrumbList","@id":"https:\/\/noticiasya.com\/2025\/12\/15\/eln-colombia-paro-armado-tension-orix\/#breadcrumb","itemListElement":[{"@type":"ListItem","position":1,"name":"Home","item":"https:\/\/noticiasya.com\/"},{"@type":"ListItem","position":2,"name":"Paro armado de la guerrilla del ELN mantiene en m\u00e1xima alerta a las autoridades en Colombia"}]},{"@type":"WebSite","@id":"https:\/\/noticiasya.com\/#website","url":"https:\/\/noticiasya.com\/","name":"Noticias","description":"Lo que importa","publisher":{"@id":"https:\/\/noticiasya.com\/#organization"},"potentialAction":[{"@type":"SearchAction","target":{"@type":"EntryPoint","urlTemplate":"https:\/\/noticiasya.com\/?s={search_term_string}"},"query-input":{"@type":"PropertyValueSpecification","valueRequired":true,"valueName":"search_term_string"}}],"inLanguage":"es"},{"@type":"Organization","@id":"https:\/\/noticiasya.com\/#organization","name":"Noticias","url":"https:\/\/noticiasya.com\/","logo":{"@type":"ImageObject","inLanguage":"es","@id":"https:\/\/noticiasya.com\/#\/schema\/logo\/image\/","url":"https:\/\/noticiasya.com\/wp-content\/uploads\/sites\/22\/2023\/12\/logo-nacional.png","contentUrl":"https:\/\/noticiasya.com\/wp-content\/uploads\/sites\/22\/2023\/12\/logo-nacional.png","width":1801,"height":691,"caption":"Noticias"},"image":{"@id":"https:\/\/noticiasya.com\/#\/schema\/logo\/image\/"}}]}},"parsely":{"version":"1.1.0","canonical_url":"https:\/\/noticiasya.com\/midland-odessa\/2025\/12\/15\/eln-colombia-paro-armado-tension-orix\/","smart_links":{"inbound":0,"outbound":0},"traffic_boost_suggestions_count":0,"meta":{"@context":"https:\/\/schema.org","@type":"NewsArticle","headline":"Paro armado de la guerrilla del ELN mantiene en m\u00e1xima alerta a las autoridades en Colombia","url":"http:\/\/noticiasya.com\/midland-odessa\/2025\/12\/15\/eln-colombia-paro-armado-tension-orix\/","mainEntityOfPage":{"@type":"WebPage","@id":"http:\/\/noticiasya.com\/midland-odessa\/2025\/12\/15\/eln-colombia-paro-armado-tension-orix\/"},"thumbnailUrl":"","image":{"@type":"ImageObject","url":""},"articleSection":"Noticias Nacionales","author":[],"creator":[],"publisher":{"@type":"Organization","name":"Noticias","logo":""},"keywords":[],"dateCreated":"2025-12-15T16:03:50Z","datePublished":"2025-12-15T16:03:50Z","dateModified":"2025-12-15T16:03:50Z"},"rendered":"<script type=\"application\/ld+json\" class=\"wp-parsely-metadata\">{\"@context\":\"https:\\\/\\\/schema.org\",\"@type\":\"NewsArticle\",\"headline\":\"Paro armado de la guerrilla del ELN mantiene en m\\u00e1xima alerta a las autoridades en Colombia\",\"url\":\"http:\\\/\\\/noticiasya.com\\\/midland-odessa\\\/2025\\\/12\\\/15\\\/eln-colombia-paro-armado-tension-orix\\\/\",\"mainEntityOfPage\":{\"@type\":\"WebPage\",\"@id\":\"http:\\\/\\\/noticiasya.com\\\/midland-odessa\\\/2025\\\/12\\\/15\\\/eln-colombia-paro-armado-tension-orix\\\/\"},\"thumbnailUrl\":\"\",\"image\":{\"@type\":\"ImageObject\",\"url\":\"\"},\"articleSection\":\"Noticias Nacionales\",\"author\":[],\"creator\":[],\"publisher\":{\"@type\":\"Organization\",\"name\":\"Noticias\",\"logo\":\"\"},\"keywords\":[],\"dateCreated\":\"2025-12-15T16:03:50Z\",\"datePublished\":\"2025-12-15T16:03:50Z\",\"dateModified\":\"2025-12-15T16:03:50Z\"}<\/script>","tracker_url":"https:\/\/cdn.parsely.com\/keys\/noticiasya.com\/p.js"},"jetpack_featured_media_url":"","jetpack-related-posts":[{"id":1469469,"url":"https:\/\/noticiasya.com\/midland-odessa\/2025\/12\/21\/eln-cese-fuego-unilateral-fiestas-navidenas-efe\/","url_meta":{"origin":1469274,"position":0},"title":"La guerrilla del ELN anuncia alto el fuego unilateral en las fiestas navide\u00f1as en Colombia","author":"","date":"diciembre 21, 2025","format":false,"excerpt":"La guerrilla del Ej\u00e9rcito de Liberaci\u00f3n Nacional (ELN) anunci\u00f3 este domingo un alto el fuego unilateral en toda Colombia durante las festividades navide\u00f1as y de fin de a\u00f1o, una decisi\u00f3n que contrasta con la escalada de ataques y de intimidaci\u00f3n de los \u00faltimos d\u00edas en distintas regiones del pa\u00eds.\u201cEl Ej\u00e9rcito\u2026","rel":"","context":"In &quot;Noticias Nacionales&quot;","block_context":{"text":"Noticias Nacionales","link":"https:\/\/noticiasya.com\/midland-odessa\/categoria\/noticias-nacionales"},"img":{"alt_text":"","src":"","width":0,"height":0},"classes":[]},{"id":1469426,"url":"https:\/\/noticiasya.com\/midland-odessa\/2025\/12\/19\/ataque-eln-ejercito-muertos-colombia-orix\/","url_meta":{"origin":1469274,"position":1},"title":"Sube a 7 el n\u00famero de muertos tras ataque contra una base del Ej\u00e9rcito de Colombia en el norte del pa\u00eds","author":"","date":"diciembre 19, 2025","format":false,"excerpt":"Siete soldados murieron y otros resultaron heridos este jueves tras un ataque con explosivos contra una base del Ej\u00e9rcito de Colombia en el norte del pa\u00eds, seg\u00fan anunci\u00f3 la Segunda Divisi\u00f3n del Ej\u00e9rcito.El presunto atentado tuvo lugar contra la Base Militar del 27, adscrita al Batall\u00f3n de Infanter\u00eda N\u00famero 14,\u2026","rel":"","context":"In &quot;Noticias Nacionales&quot;","block_context":{"text":"Noticias Nacionales","link":"https:\/\/noticiasya.com\/midland-odessa\/categoria\/noticias-nacionales"},"img":{"alt_text":"","src":"","width":0,"height":0},"classes":[]},{"id":1445002,"url":"https:\/\/noticiasya.com\/midland-odessa\/2024\/02\/06\/gobierno-de-colombia-y-eln-prorrogan-seis-meses-el-cese-del-fuego\/","url_meta":{"origin":1469274,"position":2},"title":"Gobierno de Colombia y ELN prorrogan seis meses el cese del fuego","author":"","date":"febrero 6, 2024","format":false,"excerpt":"(CNN Espa\u00f1ol) --\u00a0El Gobierno de Colombia y el Ej\u00e9rcito de Liberaci\u00f3n Nacional (ELN) anunciaron este lunes un acuerdo para prorrogar seis meses m\u00e1s el cese del fuego bilateral, nacional y temporal, pocos minutos antes de que concluyera el que ya hab\u00edan pactado por seis meses y que hab\u00eda sido prolongado\u2026","rel":"","context":"In &quot;Noticias Nacionales&quot;","block_context":{"text":"Noticias Nacionales","link":"https:\/\/noticiasya.com\/midland-odessa\/categoria\/noticias-nacionales"},"img":{"alt_text":"","src":"","width":0,"height":0},"classes":[]},{"id":1458180,"url":"https:\/\/noticiasya.com\/midland-odessa\/2025\/02\/03\/eln-jefe-antonio-garcia-petro-mesa-exclusivo-orix\/","url_meta":{"origin":1469274,"position":3},"title":"Exclusivo: el jefe del ELN dice a CNN que el Gobierno de Petro no ha cumplido con lo pactado en la mesa de negociaciones","author":"","date":"febrero 3, 2025","format":false,"excerpt":"Se llama Eli\u00e9cer Erlington Chamorro Acosta, pero todos los conocen como Antonio Garc\u00eda y es el jefe m\u00e1ximo del Ej\u00e9rcito de Liberaci\u00f3n Nacional (ELN) de Colombia. En respuesta a una solicitud de entrevista con CNN, el l\u00edder guerrillero asegur\u00f3, mediante respuestas escritas a un cuestionario previamente enviado, que el Gobierno\u2026","rel":"","context":"In &quot;Noticias Nacionales&quot;","block_context":{"text":"Noticias Nacionales","link":"https:\/\/noticiasya.com\/midland-odessa\/categoria\/noticias-nacionales"},"img":{"alt_text":"","src":"","width":0,"height":0},"classes":[]},{"id":1457676,"url":"https:\/\/noticiasya.com\/midland-odessa\/2025\/01\/20\/que-paso-catatumbo-colombia-muertes-eln-orix\/","url_meta":{"origin":1469274,"position":4},"title":"Qu\u00e9 pas\u00f3 en Catatumbo, Colombia, el lugar donde no cesan las muertes tras la suspensi\u00f3n del proceso de paz con el ELN","author":"","date":"enero 20, 2025","format":false,"excerpt":"La regi\u00f3n del Catatumbo, en el noreste de Colombia, es uno de los puntos m\u00e1s cr\u00edticos de la violencia del pa\u00eds. M\u00e1s de 80 personas han muerto en los \u00faltimos d\u00edas en medio del fracaso del proceso de paz del Ej\u00e9rcito de Liberaci\u00f3n Nacional (ELN) con el Gobierno, que fue\u2026","rel":"","context":"In &quot;Noticias Nacionales&quot;","block_context":{"text":"Noticias Nacionales","link":"https:\/\/noticiasya.com\/midland-odessa\/categoria\/noticias-nacionales"},"img":{"alt_text":"","src":"","width":0,"height":0},"classes":[]},{"id":1445815,"url":"https:\/\/noticiasya.com\/midland-odessa\/2024\/02\/21\/gobierno-colombia-eln-paz-orix\/","url_meta":{"origin":1469274,"position":5},"title":"El Gobierno de Colombia y el ELN se responsabilizan mutuamente de generar \u201ccrisis\u201d en las negociaciones de paz","author":"","date":"febrero 21, 2024","format":false,"excerpt":"(CNN Espa\u00f1ol) \u2013\u2013 El Gobierno de Colombia y la guerrilla del Ej\u00e9rcito de Liberaci\u00f3n Nacional (ELN) cruzaron se\u00f1alamientos en los que se responsabilizaron mutuamente de provocar una \u201ccrisis\u201d en sus negociaciones de paz, de acuerdo con comunicados difundidos por ambas partes esta semana.Este martes, el ELN lanz\u00f3 las primeras cr\u00edticas.\u2026","rel":"","context":"In &quot;Noticias Nacionales&quot;","block_context":{"text":"Noticias Nacionales","link":"https:\/\/noticiasya.com\/midland-odessa\/categoria\/noticias-nacionales"},"img":{"alt_text":"","src":"","width":0,"height":0},"classes":[]}],"jetpack_sharing_enabled":true,"_links":{"self":[{"href":"https:\/\/noticiasya.com\/midland-odessa\/wp-json\/wp\/v2\/posts\/1469274","targetHints":{"allow":["GET"]}}],"collection":[{"href":"https:\/\/noticiasya.com\/midland-odessa\/wp-json\/wp\/v2\/posts"}],"about":[{"href":"https:\/\/noticiasya.com\/midland-odessa\/wp-json\/wp\/v2\/types\/post"}],"replies":[{"embeddable":true,"href":"https:\/\/noticiasya.com\/midland-odessa\/wp-json\/wp\/v2\/comments?post=1469274"}],"version-history":[{"count":0,"href":"https:\/\/noticiasya.com\/midland-odessa\/wp-json\/wp\/v2\/posts\/1469274\/revisions"}],"wp:attachment":[{"href":"https:\/\/noticiasya.com\/midland-odessa\/wp-json\/wp\/v2\/media?parent=1469274"}],"wp:term":[{"taxonomy":"category","embeddable":true,"href":"https:\/\/noticiasya.com\/midland-odessa\/wp-json\/wp\/v2\/categories?post=1469274"},{"taxonomy":"post_tag","embeddable":true,"href":"https:\/\/noticiasya.com\/midland-odessa\/wp-json\/wp\/v2\/tags?post=1469274"}],"curies":[{"name":"wp","href":"https:\/\/api.w.org\/{rel}","templated":true}]}}