{"id":1469275,"date":"2025-12-15T09:03:39","date_gmt":"2025-12-15T17:03:39","guid":{"rendered":"https:\/\/noticiasya.com\/2025\/12\/15\/izquierda-pierde-elecciones-balance-derecha-orix\/"},"modified":"2025-12-15T09:03:39","modified_gmt":"2025-12-15T17:03:39","slug":"izquierda-pierde-elecciones-balance-derecha-orix","status":"publish","type":"post","link":"https:\/\/noticiasya.com\/midland-odessa\/2025\/12\/15\/izquierda-pierde-elecciones-balance-derecha-orix\/","title":{"rendered":"La izquierda perdi\u00f3 las \u00faltimas tres elecciones en Am\u00e9rica Latina: \u00bfc\u00f3mo queda el balance con la derecha y qu\u00e9 anticipa 2026?"},"content":{"rendered":"<p>La derecha de Am\u00e9rica Latina consigui\u00f3 este domingo un nuevo <a href=\"https:\/\/cnnespanol.cnn.com\/2025\/12\/14\/latinoamerica\/chile-alternancia-giro-claves-kast-orix\">triunfo electoral en Chile<\/a>, con lo que cierra un a\u00f1o invicta en votaciones presidenciales en la regi\u00f3n y aumenta las expectativas de cara a 2026, que pone en disputa naciones clave del continente.<\/p>\n<p>La c\u00f3moda victoria del ultraderechista Jos\u00e9 Antonio Kast sobre Jeannette Jara tuvo como base la promesa de orden y seguridad por encima del debate econ\u00f3mico. La candidata del oficialismo no logr\u00f3 despegar su imagen de la baja popularidad del Gobierno de Gabriel Boric, que no cumpli\u00f3 las altas expectativas de cambio con las que asumi\u00f3.<\/p>\n<p>Distinto fue el caso de Honduras, que ya lleva dos semanas <a href=\"https:\/\/cnnespanol.cnn.com\/2025\/12\/13\/latinoamerica\/honduras-zelaya-llama-movilizacion-anular-elecciones-efe\">sin que se conozca oficialmente al ganador<\/a>, pero con un conteo que dej\u00f3 muy relegada a Rixi Moncada, candidata apoyada por la presidenta izquierdista Xiomara Castro. All\u00ed jug\u00f3 un rol mucho m\u00e1s determinante el presidente de EE.UU., Donald Trump, quien apoy\u00f3 al derechista Nasry Asfura, cuya estrecha ventaja sobre el tambi\u00e9n derechista Salvador Nasralla todav\u00eda est\u00e1 siendo revisada. Ambos compitieron con discursos contra Venezuela y destacaban la falta de promesas cumplidas del oficialismo.<\/p>\n<p>Bolivia tambi\u00e9n gir\u00f3 a la derecha en agosto cuando pasaron a segunda vuelta Rodrigo Paz (elegido luego presidente) y Jorge \u201cTuto\u201d Quiroga, mientras el Movimiento al Socialismo (MAS) se desangraba en disputas internas y el candidato mejor ubicado de la izquierda, Andr\u00f3nico Rodr\u00edguez, no lleg\u00f3 al 9 % de votos. Con una crisis econ\u00f3mica, financiera y de escasez de combustible, los bolivianos pusieron fin a un ciclo de casi 20 a\u00f1os desde el primer gobierno de Evo Morales.<\/p>\n<p>Son tres casos en los que el oficialismo de izquierda perdi\u00f3 abultadamente, con demandas ciudadanas insatisfechas y sin encontrar una renovaci\u00f3n. La derecha no gana \u00fanicamente por sus propuestas, sino por un fuerte rechazo a los gobernantes de turno.<\/p>\n<p>Con los \u00faltimos comicios, la derecha gobernar\u00e1 diez pa\u00edses: Argentina, Bolivia, Chile (a partir de marzo), Costa Rica, Ecuador, El Salvador, Honduras (una vez que se resuelva la disputa electoral) Panam\u00e1, Paraguay, Per\u00fa y Rep\u00fablica Dominicana. Por su parte, la izquierda mantiene ocho: Brasil, Colombia, Cuba, Guatemala, M\u00e9xico, Nicaragua, Uruguay y Venezuela.<\/p>\n<p>La expectativa conservadora apunta a consolidar un nuevo ciclo que termine de reemplazar a lo que fue la marea rosa de la primera d\u00e9cada y media del siglo en Am\u00e9rica latina. Pero si lo que se produce, en cambio, es un per\u00edodo de ciclos cortos, el p\u00e9ndulo podr\u00eda tocar un punto y volver de la derecha a la izquierda. En ese sentido, uno de los primeros mensajes de Kast como presidente electo fue un llamado a la calma. Manejar las expectativas para mostrar resultados a corto plazo puede ser acaso su mayor desaf\u00edo.<\/p>\n<p>La impaciencia del electorado \u201ces un fen\u00f3meno que afecta a ambos lados del espectro\u201d pol\u00edtico, afirm\u00f3 la polit\u00f3loga Florencia Rubiolo, directora de Insight 21, think tank de la Universidad Siglo 21. Para la investigadora, la izquierda ha tenido dificultad para cumplir con promesas de ampliaci\u00f3n y garant\u00eda de derechos. En el caso de Boric, afirm\u00f3 que \u201cla transici\u00f3n en su agenda termin\u00f3 llev\u00e1ndolo a concentrarse en cuestiones m\u00e1s vinculadas a cuestiones externas, a crisis regionales de inseguridad que se trasladaron al interior del pa\u00eds\u201d, por lo que necesit\u00f3 virar el foco a pol\u00edticas de seguridad antes que a reformas sociales.<\/p>\n<p>El \u00fanico caso en el que el oficialismo se revalid\u00f3 fue en Ecuador. En el primer semestre, el pa\u00eds volvi\u00f3 polarizar entre corre\u00edsmo y anticorre\u00edsmo, pero el presidente Daniel Noboa gan\u00f3 con una ventaja clara en segunda vuelta sobre Luisa Gonz\u00e1lez, con la promesa de combatir al crimen organizado en medio de una crisis de seguridad.<\/p>\n<p>Son escenarios en los que se entremezclaron temas de seguridad frente al avance del crimen organizado y la (in)capacidad de responder a demandas socioecon\u00f3micas. En un mundo cada vez m\u00e1s inestable y en una regi\u00f3n que podr\u00eda dejar de ser llamada una \u201czona de paz\u201d (un concepto que deja fuera los altos niveles de violencia interna), la promesa de orden y la visi\u00f3n nacionalista acaso termina pesando m\u00e1s que las plataformas de justicia social.<\/p>\n<p>\u201cEl problema de la izquierda no es la derecha, es ella misma. No ha tenido capacidad de ser pertinente con el mundo que est\u00e1 viviendo. Hace denuncias y cuando le dan el poder, no tiene la capacidad de gestionar una construcci\u00f3n de una realidad viable\u201d, dijo el soci\u00f3logo Alberto Mayol, acad\u00e9mico de la Universidad de Santiago (Chile).<\/p>\n<p>\u201cLa derecha tiene la suerte de que el rival no es competitivo. Las sociedades van quedando con menos recursos pol\u00edticos para afrontar su propio desaf\u00edo. El gran perjudicado son las sociedades que no tienen oferta pol\u00edtica adecuada a los tiempos\u201d, agreg\u00f3.<\/p>\n<p>Los ganadores de los recientes comicios, representantes de distintos tipos de derecha, se unen a la lista que asoma como mayor\u00eda y no solo por la estridencia de otros l\u00edderes como el presidente de Argentina, Javier Milei, y el de El Salvador, Nayib Bukele.<\/p>\n<p>Eso no significa que la izquierda tenga poca representaci\u00f3n en Am\u00e9rica Latina. De hecho, los tres pa\u00edses m\u00e1s poblados, Brasil, M\u00e9xico y Colombia, est\u00e1n gobernados por presidentes progresistas: Lula da Silva, Claudia Sheinbaum y Gustavo Petro, respectivamente. Sin embargo, dos de ellos ir\u00e1n a las urnas en 2026, lo que podr\u00eda dejar movimientos incluso m\u00e1s grandes.<\/p>\n<p>En Colombia, Petro ha reiterado que no planea postular a las elecciones de marzo y las candidaturas est\u00e1n en plena etapa de conformaci\u00f3n de alianzas. El oficialista Pacto Hist\u00f3rico recibi\u00f3 este mes la personer\u00eda jur\u00eddica para participar en las elecciones de mayo, con el senador Iv\u00e1n Cepeda como precandidato. La <a href=\"https:\/\/cnnespanol.cnn.com\/2025\/10\/26\/colombia\/ivan-cepeda-candidato-presidencial-pacto-historico-efe\">votaci\u00f3n interna<\/a> del movimiento, en un despliegue de fuerza electoral, convoc\u00f3 a un n\u00famero r\u00e9cord de votantes.<\/p>\n<p>A su vez, el uribista Centro Democr\u00e1tico, todav\u00eda afectado por el asesinato del senador Miguel Uribe Turbay, prolong\u00f3 las conversaciones para definir entre tres senadoras, que aparecen relegadas ante el crecimiento del abogado de extrema derecha Abelardo de la Espriella, precandidato del movimiento Firme por la Patria.<\/p>\n<p>En el caso colombiano, Rubiolo considera que un factor fundamental ser\u00e1 el desarrollo de la crisis en Venezuela y la presi\u00f3n de Estados Unidos al presidente Nicol\u00e1s Maduro. \u201cSer\u00e1 un elemento determinante. El impacto directo es m\u00e1s fuerte que en Brasil, vinculado a la inseguridad, la militarizaci\u00f3n y la porosidad de las fronteras\u201d.<\/p>\n<p>En clave electoral, aunque son varios factores que pueden pesar, la analista se\u00f1ala que el costo frecuentemente lo paga el oficialismo de turno. \u201cLas crisis suelen llevar al cambio\u201d y puede producirse \u201cuna b\u00fasqueda de soluciones excepcionales en una oposici\u00f3n bien fundamentada\u201d, agreg\u00f3.<\/p>\n<p>En Brasil, el l\u00edder del Partido de los Trabajadores (PT) lidera con cierta comodidad las encuestas contra todos los potenciales candidatos de la derecha, desde Flavio Bolsonaro hasta el gobernador de San Pablo, Tarcisio de Freitas, pero sin el apoyo suficiente para ganar en primera vuelta.<\/p>\n<p>Mientras tanto, la derecha se reorganiza tras la condena al expresidente Jair Bolsonaro y todav\u00eda no defini\u00f3 a sus principales candidatos, por lo que el escenario tiene todav\u00eda muchas interrogantes de cara a octubre pr\u00f3ximo.<\/p>\n<p>Colombia y Brasil son dos de los pa\u00edses que han tenido una relaci\u00f3n tensa con Estados Unidos en los \u00faltimos meses. El presidente Donald Trump, adem\u00e1s de su apoyo a Asfura en Honduras, tambi\u00e9n respald\u00f3 a Milei en las legislativas de octubre en Argentina y se atribuy\u00f3 el resultado favorable.<\/p>\n<p>La <a href=\"https:\/\/cnnespanol.cnn.com\/2025\/12\/07\/eeuu\/aliados-presencia-estrategia-trump-america-latina-orix\">estrategia de seguridad nacional<\/a> de EE.UU. publicada este mes habla, de hecho, de \u201calistar a amigos\u201d en el hemisferio y expandirse \u201cfortaleciendo nuevos socios\u201d, por lo que es esperable que Trump se muestre activo en ambos procesos electorales.<\/p>\n<p>Para Mayol, si el malestar social contin\u00faa, el p\u00e9ndulo seguir\u00e1 yendo de un lado a otro, pero con m\u00e1s impulso. \u201cAparecen opciones radicales con soluciones simplistas, cada vez peor\u201d, coment\u00f3.<\/p>\n<p>En febrero pr\u00f3ximo, tambi\u00e9n Costa Rica ir\u00e1 a las urnas, actualmente gobernada por Rodrigo Chaves, de ideolog\u00eda socialdem\u00f3crata, quien venci\u00f3 a la centroizquierda en 2022. El mandatario, af\u00edn a Trump, es se\u00f1alado por la Casa Blanca como uno de sus aliados. Los sondeos ponen como favorita a la derechista Laura Fern\u00e1ndez, quien integr\u00f3 el gabinete de Chaves, aunque hay un alto n\u00famero de indecisos.<\/p>\n<p>Per\u00fa, que lleva un largo ciclo de inestabilidad pol\u00edtica, votar\u00e1 en abril con un escenario muy disperso, similar al de 2021. Keiko Fujimori volver\u00e1 a buscar la presidencia, entre otros candidatos conservadores, como el alcalde de Lima, Rafael L\u00f3pez Aliaga, mientras todav\u00eda no emerge una figura de izquierda con proyecci\u00f3n nacional. Con ello, el pa\u00eds mantendr\u00e1 el promedio de casi un presidente por a\u00f1o: quien gane los comicios ser\u00e1 el noveno mandatario desde 2016.<\/p>\n<p>The-CNN-Wire<br \/>&trade; &amp; &copy; 2025 Cable News Network, Inc., a Warner Bros. Discovery Company. All rights reserved.<\/p>\n","protected":false},"excerpt":{"rendered":"<p>La derecha de Am\u00e9rica Latina consigui\u00f3 este domingo un nuevo triunfo electoral en Chile, con lo que cierra un a\u00f1o invicta en votaciones presidenciales en la regi\u00f3n y aumenta las expectativas de cara a 2026, que pone en disputa naciones clave del continente. La c\u00f3moda victoria del ultraderechista Jos\u00e9 Antonio Kast sobre Jeannette Jara tuvo [&hellip;]<\/p>\n","protected":false},"author":0,"featured_media":0,"comment_status":"open","ping_status":"open","sticky":false,"template":"","format":"standard","meta":{"_jetpack_memberships_contains_paid_content":false,"footnotes":""},"categories":[10],"tags":[],"class_list":["post-1469275","post","type-post","status-publish","format-standard","hentry","category-noticias-nacionales","market-global"],"yoast_head":"<!-- This site is optimized with the Yoast SEO plugin v24.4 - https:\/\/yoast.com\/wordpress\/plugins\/seo\/ -->\n<title>La izquierda perdi\u00f3 las \u00faltimas tres elecciones en Am\u00e9rica Latina: \u00bfc\u00f3mo queda el balance con la derecha y qu\u00e9 anticipa 2026? - Noticias<\/title>\n<meta name=\"robots\" content=\"index, follow, max-snippet:-1, max-image-preview:large, max-video-preview:-1\" \/>\n<link rel=\"canonical\" href=\"https:\/\/noticiasya.com\/2025\/12\/15\/izquierda-pierde-elecciones-balance-derecha-orix\/\" \/>\n<meta property=\"og:locale\" content=\"es_ES\" \/>\n<meta property=\"og:type\" content=\"article\" \/>\n<meta property=\"og:title\" content=\"La izquierda perdi\u00f3 las \u00faltimas tres elecciones en Am\u00e9rica Latina: \u00bfc\u00f3mo queda el balance con la derecha y qu\u00e9 anticipa 2026? - Noticias\" \/>\n<meta property=\"og:description\" content=\"La derecha de Am\u00e9rica Latina consigui\u00f3 este domingo un nuevo triunfo electoral en Chile, con lo que cierra un a\u00f1o invicta en votaciones presidenciales en la regi\u00f3n y aumenta las expectativas de cara a 2026, que pone en disputa naciones clave del continente. La c\u00f3moda victoria del ultraderechista Jos\u00e9 Antonio Kast sobre Jeannette Jara tuvo [&hellip;]\" \/>\n<meta property=\"og:url\" content=\"https:\/\/noticiasya.com\/2025\/12\/15\/izquierda-pierde-elecciones-balance-derecha-orix\/\" \/>\n<meta property=\"og:site_name\" content=\"Noticias\" \/>\n<meta property=\"article:published_time\" content=\"2025-12-15T17:03:39+00:00\" \/>\n<meta name=\"twitter:card\" content=\"summary_large_image\" \/>\n<meta name=\"twitter:label1\" content=\"Est. reading time\" \/>\n\t<meta name=\"twitter:data1\" content=\"8 minutos\" \/>\n<script type=\"application\/ld+json\" class=\"yoast-schema-graph\">{\"@context\":\"https:\/\/schema.org\",\"@graph\":[{\"@type\":\"Article\",\"@id\":\"https:\/\/noticiasya.com\/2025\/12\/15\/izquierda-pierde-elecciones-balance-derecha-orix\/#article\",\"isPartOf\":{\"@id\":\"https:\/\/noticiasya.com\/2025\/12\/15\/izquierda-pierde-elecciones-balance-derecha-orix\/\"},\"author\":{\"name\":\"\",\"@id\":\"\"},\"headline\":\"La izquierda perdi\u00f3 las \u00faltimas tres elecciones en Am\u00e9rica Latina: \u00bfc\u00f3mo queda el balance con la derecha y qu\u00e9 anticipa 2026?\",\"datePublished\":\"2025-12-15T17:03:39+00:00\",\"mainEntityOfPage\":{\"@id\":\"https:\/\/noticiasya.com\/2025\/12\/15\/izquierda-pierde-elecciones-balance-derecha-orix\/\"},\"wordCount\":1554,\"commentCount\":0,\"publisher\":{\"@id\":\"https:\/\/noticiasya.com\/#organization\"},\"articleSection\":[\"Noticias Nacionales\"],\"inLanguage\":\"es\",\"potentialAction\":[{\"@type\":\"CommentAction\",\"name\":\"Comment\",\"target\":[\"https:\/\/noticiasya.com\/2025\/12\/15\/izquierda-pierde-elecciones-balance-derecha-orix\/#respond\"]}]},{\"@type\":\"WebPage\",\"@id\":\"https:\/\/noticiasya.com\/2025\/12\/15\/izquierda-pierde-elecciones-balance-derecha-orix\/\",\"url\":\"https:\/\/noticiasya.com\/2025\/12\/15\/izquierda-pierde-elecciones-balance-derecha-orix\/\",\"name\":\"La izquierda perdi\u00f3 las \u00faltimas tres elecciones en Am\u00e9rica Latina: \u00bfc\u00f3mo queda el balance con la derecha y qu\u00e9 anticipa 2026? - Noticias\",\"isPartOf\":{\"@id\":\"https:\/\/noticiasya.com\/#website\"},\"datePublished\":\"2025-12-15T17:03:39+00:00\",\"breadcrumb\":{\"@id\":\"https:\/\/noticiasya.com\/2025\/12\/15\/izquierda-pierde-elecciones-balance-derecha-orix\/#breadcrumb\"},\"inLanguage\":\"es\",\"potentialAction\":[{\"@type\":\"ReadAction\",\"target\":[\"https:\/\/noticiasya.com\/2025\/12\/15\/izquierda-pierde-elecciones-balance-derecha-orix\/\"]}]},{\"@type\":\"BreadcrumbList\",\"@id\":\"https:\/\/noticiasya.com\/2025\/12\/15\/izquierda-pierde-elecciones-balance-derecha-orix\/#breadcrumb\",\"itemListElement\":[{\"@type\":\"ListItem\",\"position\":1,\"name\":\"Home\",\"item\":\"https:\/\/noticiasya.com\/\"},{\"@type\":\"ListItem\",\"position\":2,\"name\":\"La izquierda perdi\u00f3 las \u00faltimas tres elecciones en Am\u00e9rica Latina: \u00bfc\u00f3mo queda el balance con la derecha y qu\u00e9 anticipa 2026?\"}]},{\"@type\":\"WebSite\",\"@id\":\"https:\/\/noticiasya.com\/#website\",\"url\":\"https:\/\/noticiasya.com\/\",\"name\":\"Noticias\",\"description\":\"Lo que importa\",\"publisher\":{\"@id\":\"https:\/\/noticiasya.com\/#organization\"},\"potentialAction\":[{\"@type\":\"SearchAction\",\"target\":{\"@type\":\"EntryPoint\",\"urlTemplate\":\"https:\/\/noticiasya.com\/?s={search_term_string}\"},\"query-input\":{\"@type\":\"PropertyValueSpecification\",\"valueRequired\":true,\"valueName\":\"search_term_string\"}}],\"inLanguage\":\"es\"},{\"@type\":\"Organization\",\"@id\":\"https:\/\/noticiasya.com\/#organization\",\"name\":\"Noticias\",\"url\":\"https:\/\/noticiasya.com\/\",\"logo\":{\"@type\":\"ImageObject\",\"inLanguage\":\"es\",\"@id\":\"https:\/\/noticiasya.com\/#\/schema\/logo\/image\/\",\"url\":\"https:\/\/noticiasya.com\/wp-content\/uploads\/sites\/22\/2023\/12\/logo-nacional.png\",\"contentUrl\":\"https:\/\/noticiasya.com\/wp-content\/uploads\/sites\/22\/2023\/12\/logo-nacional.png\",\"width\":1801,\"height\":691,\"caption\":\"Noticias\"},\"image\":{\"@id\":\"https:\/\/noticiasya.com\/#\/schema\/logo\/image\/\"}}]}<\/script>\n<!-- \/ Yoast SEO plugin. -->","yoast_head_json":{"title":"La izquierda perdi\u00f3 las \u00faltimas tres elecciones en Am\u00e9rica Latina: \u00bfc\u00f3mo queda el balance con la derecha y qu\u00e9 anticipa 2026? - Noticias","robots":{"index":"index","follow":"follow","max-snippet":"max-snippet:-1","max-image-preview":"max-image-preview:large","max-video-preview":"max-video-preview:-1"},"canonical":"https:\/\/noticiasya.com\/2025\/12\/15\/izquierda-pierde-elecciones-balance-derecha-orix\/","og_locale":"es_ES","og_type":"article","og_title":"La izquierda perdi\u00f3 las \u00faltimas tres elecciones en Am\u00e9rica Latina: \u00bfc\u00f3mo queda el balance con la derecha y qu\u00e9 anticipa 2026? - Noticias","og_description":"La derecha de Am\u00e9rica Latina consigui\u00f3 este domingo un nuevo triunfo electoral en Chile, con lo que cierra un a\u00f1o invicta en votaciones presidenciales en la regi\u00f3n y aumenta las expectativas de cara a 2026, que pone en disputa naciones clave del continente. La c\u00f3moda victoria del ultraderechista Jos\u00e9 Antonio Kast sobre Jeannette Jara tuvo [&hellip;]","og_url":"https:\/\/noticiasya.com\/2025\/12\/15\/izquierda-pierde-elecciones-balance-derecha-orix\/","og_site_name":"Noticias","article_published_time":"2025-12-15T17:03:39+00:00","twitter_card":"summary_large_image","twitter_misc":{"Est. reading time":"8 minutos"},"schema":{"@context":"https:\/\/schema.org","@graph":[{"@type":"Article","@id":"https:\/\/noticiasya.com\/2025\/12\/15\/izquierda-pierde-elecciones-balance-derecha-orix\/#article","isPartOf":{"@id":"https:\/\/noticiasya.com\/2025\/12\/15\/izquierda-pierde-elecciones-balance-derecha-orix\/"},"author":{"name":"","@id":""},"headline":"La izquierda perdi\u00f3 las \u00faltimas tres elecciones en Am\u00e9rica Latina: \u00bfc\u00f3mo queda el balance con la derecha y qu\u00e9 anticipa 2026?","datePublished":"2025-12-15T17:03:39+00:00","mainEntityOfPage":{"@id":"https:\/\/noticiasya.com\/2025\/12\/15\/izquierda-pierde-elecciones-balance-derecha-orix\/"},"wordCount":1554,"commentCount":0,"publisher":{"@id":"https:\/\/noticiasya.com\/#organization"},"articleSection":["Noticias Nacionales"],"inLanguage":"es","potentialAction":[{"@type":"CommentAction","name":"Comment","target":["https:\/\/noticiasya.com\/2025\/12\/15\/izquierda-pierde-elecciones-balance-derecha-orix\/#respond"]}]},{"@type":"WebPage","@id":"https:\/\/noticiasya.com\/2025\/12\/15\/izquierda-pierde-elecciones-balance-derecha-orix\/","url":"https:\/\/noticiasya.com\/2025\/12\/15\/izquierda-pierde-elecciones-balance-derecha-orix\/","name":"La izquierda perdi\u00f3 las \u00faltimas tres elecciones en Am\u00e9rica Latina: \u00bfc\u00f3mo queda el balance con la derecha y qu\u00e9 anticipa 2026? - Noticias","isPartOf":{"@id":"https:\/\/noticiasya.com\/#website"},"datePublished":"2025-12-15T17:03:39+00:00","breadcrumb":{"@id":"https:\/\/noticiasya.com\/2025\/12\/15\/izquierda-pierde-elecciones-balance-derecha-orix\/#breadcrumb"},"inLanguage":"es","potentialAction":[{"@type":"ReadAction","target":["https:\/\/noticiasya.com\/2025\/12\/15\/izquierda-pierde-elecciones-balance-derecha-orix\/"]}]},{"@type":"BreadcrumbList","@id":"https:\/\/noticiasya.com\/2025\/12\/15\/izquierda-pierde-elecciones-balance-derecha-orix\/#breadcrumb","itemListElement":[{"@type":"ListItem","position":1,"name":"Home","item":"https:\/\/noticiasya.com\/"},{"@type":"ListItem","position":2,"name":"La izquierda perdi\u00f3 las \u00faltimas tres elecciones en Am\u00e9rica Latina: \u00bfc\u00f3mo queda el balance con la derecha y qu\u00e9 anticipa 2026?"}]},{"@type":"WebSite","@id":"https:\/\/noticiasya.com\/#website","url":"https:\/\/noticiasya.com\/","name":"Noticias","description":"Lo que importa","publisher":{"@id":"https:\/\/noticiasya.com\/#organization"},"potentialAction":[{"@type":"SearchAction","target":{"@type":"EntryPoint","urlTemplate":"https:\/\/noticiasya.com\/?s={search_term_string}"},"query-input":{"@type":"PropertyValueSpecification","valueRequired":true,"valueName":"search_term_string"}}],"inLanguage":"es"},{"@type":"Organization","@id":"https:\/\/noticiasya.com\/#organization","name":"Noticias","url":"https:\/\/noticiasya.com\/","logo":{"@type":"ImageObject","inLanguage":"es","@id":"https:\/\/noticiasya.com\/#\/schema\/logo\/image\/","url":"https:\/\/noticiasya.com\/wp-content\/uploads\/sites\/22\/2023\/12\/logo-nacional.png","contentUrl":"https:\/\/noticiasya.com\/wp-content\/uploads\/sites\/22\/2023\/12\/logo-nacional.png","width":1801,"height":691,"caption":"Noticias"},"image":{"@id":"https:\/\/noticiasya.com\/#\/schema\/logo\/image\/"}}]}},"parsely":{"version":"1.1.0","canonical_url":"https:\/\/noticiasya.com\/midland-odessa\/2025\/12\/15\/izquierda-pierde-elecciones-balance-derecha-orix\/","smart_links":{"inbound":0,"outbound":0},"traffic_boost_suggestions_count":0,"meta":{"@context":"https:\/\/schema.org","@type":"NewsArticle","headline":"La izquierda perdi\u00f3 las \u00faltimas tres elecciones en Am\u00e9rica Latina: \u00bfc\u00f3mo queda el balance con la derecha y qu\u00e9 anticipa 2026?","url":"http:\/\/noticiasya.com\/midland-odessa\/2025\/12\/15\/izquierda-pierde-elecciones-balance-derecha-orix\/","mainEntityOfPage":{"@type":"WebPage","@id":"http:\/\/noticiasya.com\/midland-odessa\/2025\/12\/15\/izquierda-pierde-elecciones-balance-derecha-orix\/"},"thumbnailUrl":"","image":{"@type":"ImageObject","url":""},"articleSection":"Noticias Nacionales","author":[],"creator":[],"publisher":{"@type":"Organization","name":"Noticias","logo":""},"keywords":[],"dateCreated":"2025-12-15T17:03:39Z","datePublished":"2025-12-15T17:03:39Z","dateModified":"2025-12-15T17:03:39Z"},"rendered":"<script type=\"application\/ld+json\" class=\"wp-parsely-metadata\">{\"@context\":\"https:\\\/\\\/schema.org\",\"@type\":\"NewsArticle\",\"headline\":\"La izquierda perdi\\u00f3 las \\u00faltimas tres elecciones en Am\\u00e9rica Latina: \\u00bfc\\u00f3mo queda el balance con la derecha y qu\\u00e9 anticipa 2026?\",\"url\":\"http:\\\/\\\/noticiasya.com\\\/midland-odessa\\\/2025\\\/12\\\/15\\\/izquierda-pierde-elecciones-balance-derecha-orix\\\/\",\"mainEntityOfPage\":{\"@type\":\"WebPage\",\"@id\":\"http:\\\/\\\/noticiasya.com\\\/midland-odessa\\\/2025\\\/12\\\/15\\\/izquierda-pierde-elecciones-balance-derecha-orix\\\/\"},\"thumbnailUrl\":\"\",\"image\":{\"@type\":\"ImageObject\",\"url\":\"\"},\"articleSection\":\"Noticias Nacionales\",\"author\":[],\"creator\":[],\"publisher\":{\"@type\":\"Organization\",\"name\":\"Noticias\",\"logo\":\"\"},\"keywords\":[],\"dateCreated\":\"2025-12-15T17:03:39Z\",\"datePublished\":\"2025-12-15T17:03:39Z\",\"dateModified\":\"2025-12-15T17:03:39Z\"}<\/script>","tracker_url":"https:\/\/cdn.parsely.com\/keys\/noticiasya.com\/p.js"},"jetpack_featured_media_url":"","jetpack-related-posts":[{"id":1447600,"url":"https:\/\/noticiasya.com\/midland-odessa\/2024\/04\/01\/izquierda-o-derecha-asi-esta-el-mapa-politico-actual-de-america-latina\/","url_meta":{"origin":1469275,"position":0},"title":"\u00bfIzquierda o derecha? As\u00ed est\u00e1 el mapa pol\u00edtico actual de Am\u00e9rica Latina","author":"","date":"abril 1, 2024","format":false,"excerpt":"(CNN Espa\u00f1ol) -- Entre la derecha y la izquierda, Am\u00e9rica Latina se divide en matices que llevan a todos los pa\u00edses a uno y otro espectro pol\u00edtico. Despu\u00e9s de a\u00f1os marcados por el ascenso de gobiernos de izquierda en varios pa\u00edses de la regi\u00f3n, el mapa se modific\u00f3 por algunos\u2026","rel":"","context":"In &quot;Noticias Nacionales&quot;","block_context":{"text":"Noticias Nacionales","link":"https:\/\/noticiasya.com\/midland-odessa\/categoria\/noticias-nacionales"},"img":{"alt_text":"","src":"","width":0,"height":0},"classes":[]},{"id":1471960,"url":"https:\/\/noticiasya.com\/midland-odessa\/2026\/03\/06\/trump-reune-aliados-latinoamerica-miami-derecha-orix\/","url_meta":{"origin":1469275,"position":1},"title":"Trump reunir\u00e1 a sus aliados latinoamericanos en Miami en una &#171;coalici\u00f3n hist\u00f3rica&#187; de gobiernos de derecha","author":"","date":"marzo 6, 2026","format":false,"excerpt":"Trump recibir\u00e1 este s\u00e1bado en Florida a los l\u00edderes de m\u00e1s de una decena de pa\u00edses de Am\u00e9rica Latina, un encuentro que la Casa Blanca llam\u00f3 \u201cShield of the Americas Summit\u201d (Cumbre del Escudo de las Am\u00e9ricas). La convocatoria del presidente de Estados Unidos fue dirigida exclusivamente a los mandatarios\u2026","rel":"","context":"In &quot;Noticias Nacionales&quot;","block_context":{"text":"Noticias Nacionales","link":"https:\/\/noticiasya.com\/midland-odessa\/categoria\/noticias-nacionales"},"img":{"alt_text":"","src":"","width":0,"height":0},"classes":[]},{"id":1461318,"url":"https:\/\/noticiasya.com\/midland-odessa\/2025\/04\/17\/avance-derecha-en-america-latina-orix\/","url_meta":{"origin":1469275,"position":2},"title":"El avance de la derecha en Am\u00e9rica Latina: \u00bfpoder consolidado o tendencia pasajera?","author":"","date":"abril 17, 2025","format":false,"excerpt":"La victoria de Daniel Noboa el 13 de abril en las elecciones presidenciales de Ecuador suma al avance de los Gobiernos de derecha y ultraderecha en Am\u00e9rica Latina en a\u00f1os recientes, y a un alineamiento sin matices con los Estados Unidos de Donald Trump. Sin embargo, los resultados electorales ecuatorianos\u2026","rel":"","context":"In &quot;Noticias Nacionales&quot;","block_context":{"text":"Noticias Nacionales","link":"https:\/\/noticiasya.com\/midland-odessa\/categoria\/noticias-nacionales"},"img":{"alt_text":"","src":"","width":0,"height":0},"classes":[]},{"id":1472892,"url":"https:\/\/noticiasya.com\/midland-odessa\/2026\/04\/06\/calendario-electoral-america-latina-trump-orix\/","url_meta":{"origin":1469275,"position":3},"title":"Un calendario electoral marcado por Trump: Am\u00e9rica Latina redefine su relaci\u00f3n con Washington en 2026 con votaciones clave","author":"","date":"abril 6, 2026","format":false,"excerpt":"Casi la mitad de los habitantes de Am\u00e9rica Latina, el 47 %, afrontan elecciones presidenciales en 2026, un calendario electoral que ya comenz\u00f3 en Costa Rica, contin\u00faa este fin de semana en Per\u00fa y tiene por delante otros comicios en pa\u00edses trascendentales con un elemento en com\u00fan: la omnipresencia de\u2026","rel":"","context":"In &quot;Noticias Nacionales&quot;","block_context":{"text":"Noticias Nacionales","link":"https:\/\/noticiasya.com\/midland-odessa\/categoria\/noticias-nacionales"},"img":{"alt_text":"","src":"","width":0,"height":0},"classes":[]},{"id":1473276,"url":"https:\/\/noticiasya.com\/midland-odessa\/2026\/04\/17\/cumbre-lideres-progresistas-espania-tensiones-trump-orix\/","url_meta":{"origin":1469275,"position":4},"title":"Cinco mandatarios se re\u00fanen en Barcelona para la &#171;cumbre progresista&#187;. A todos los unen las tensiones con Trump","author":"","date":"abril 17, 2026","format":false,"excerpt":"Barcelona ser\u00e1 sede este s\u00e1bado una cumbre de l\u00edderes de izquierda, en la que cinco mandatarios de Am\u00e9rica Latina y Espa\u00f1a se reunir\u00e1n para hablar de los problemas que enfrentan sus pa\u00edses y el mundo y de las alternativas para detener el avance de la extrema derecha, entre otros temas.La\u2026","rel":"","context":"In &quot;Noticias Nacionales&quot;","block_context":{"text":"Noticias Nacionales","link":"https:\/\/noticiasya.com\/midland-odessa\/categoria\/noticias-nacionales"},"img":{"alt_text":"","src":"","width":0,"height":0},"classes":[]},{"id":1450006,"url":"https:\/\/noticiasya.com\/midland-odessa\/2024\/06\/03\/maduro-sheinbaum-celac-alternativa-derecha-orix\/","url_meta":{"origin":1469275,"position":5},"title":"Maduro llama a Sheinbaum a fortalecer la Celac y crear \u201cuna alternativa a la derecha\u201d","author":"","date":"junio 3, 2024","format":false,"excerpt":"(CNN Espa\u00f1ol) -- El presidente de Venezuela, Nicol\u00e1s Maduro, llam\u00f3 a la candidata ganadora de las elecciones presidenciales de M\u00e9xico, Claudia Sheinbaum, a fortalecer la Comunidad de Estados Latinoamericanos y Caribe\u00f1os (Celac) para crear en el continente \u201cuna alternativa a la derecha y al neoliberalismo\u201d.La Celac es un mecanismo de\u2026","rel":"","context":"In &quot;Noticias Nacionales&quot;","block_context":{"text":"Noticias Nacionales","link":"https:\/\/noticiasya.com\/midland-odessa\/categoria\/noticias-nacionales"},"img":{"alt_text":"","src":"","width":0,"height":0},"classes":[]}],"jetpack_sharing_enabled":true,"_links":{"self":[{"href":"https:\/\/noticiasya.com\/midland-odessa\/wp-json\/wp\/v2\/posts\/1469275","targetHints":{"allow":["GET"]}}],"collection":[{"href":"https:\/\/noticiasya.com\/midland-odessa\/wp-json\/wp\/v2\/posts"}],"about":[{"href":"https:\/\/noticiasya.com\/midland-odessa\/wp-json\/wp\/v2\/types\/post"}],"replies":[{"embeddable":true,"href":"https:\/\/noticiasya.com\/midland-odessa\/wp-json\/wp\/v2\/comments?post=1469275"}],"version-history":[{"count":0,"href":"https:\/\/noticiasya.com\/midland-odessa\/wp-json\/wp\/v2\/posts\/1469275\/revisions"}],"wp:attachment":[{"href":"https:\/\/noticiasya.com\/midland-odessa\/wp-json\/wp\/v2\/media?parent=1469275"}],"wp:term":[{"taxonomy":"category","embeddable":true,"href":"https:\/\/noticiasya.com\/midland-odessa\/wp-json\/wp\/v2\/categories?post=1469275"},{"taxonomy":"post_tag","embeddable":true,"href":"https:\/\/noticiasya.com\/midland-odessa\/wp-json\/wp\/v2\/tags?post=1469275"}],"curies":[{"name":"wp","href":"https:\/\/api.w.org\/{rel}","templated":true}]}}