{"id":1469277,"date":"2025-12-15T09:03:40","date_gmt":"2025-12-15T17:03:40","guid":{"rendered":"https:\/\/noticiasya.com\/2025\/12\/15\/boric-kast-palacio-moneda-elecciones-presidente-chile-efe\/"},"modified":"2025-12-15T09:03:40","modified_gmt":"2025-12-15T17:03:40","slug":"boric-kast-palacio-moneda-elecciones-presidente-chile-efe","status":"publish","type":"post","link":"https:\/\/noticiasya.com\/midland-odessa\/2025\/12\/15\/boric-kast-palacio-moneda-elecciones-presidente-chile-efe\/","title":{"rendered":"Boric recibi\u00f3 a Kast en el Palacio de La Moneda para iniciar la transici\u00f3n que terminar\u00e1 en marzo"},"content":{"rendered":"<p>El presidente de Chile, Gabriel Boric, y el presidente electo, Jos\u00e9 Antonio Kast, se reunieron este lunes en el palacio de Gobierno para empezar su transici\u00f3n entre ambos Gobiernos que culminar\u00e1 el 11 de marzo, cuando el ultraderechista asumir\u00e1 el poder.<\/p>\n<p>Kast, que gan\u00f3 las elecciones con un 58,1 % por un amplio margen de m\u00e1s de 16 puntos a la izquierdista Jeannette Jara, acudi\u00f3 a La Moneda, en pleno centro de Santiago, acompa\u00f1ado de su esposa, Mar\u00eda P\u00eda Adriasola, quien ocupar\u00e1 el cargo de primera dama del que Boric prescindi\u00f3; el presidente del Partido Republicano, Arturo Squella; y varios de las figuras clave que lo han acompa\u00f1ado en su campa\u00f1a, como su asesor econ\u00f3mico Jorge Quiroz.<\/p>\n<p>La reuni\u00f3n es parte de la tradici\u00f3n pol\u00edtica chilena y fue concretada el domingo, tras la victoria del ultraderechista, a trav\u00e9s de una llamada telef\u00f3nica en la que Boric felicit\u00f3 a quien ser\u00e1 su sucesor, quien expres\u00f3 su deseo de que \u201csea una transici\u00f3n muy ordenada y respetuosa\u201d.<\/p>\n<p>Boric, por su parte, en su discurso tras los comicios en la sede del Gobierno, en el que felicit\u00f3 p\u00fablicamente al ganador, se comprometi\u00f3 con su antiguo rival pol\u00edtico \u2013le gan\u00f3 en las presidenciales de 2021\u2013 a liderar un traspaso de poder \u201cf\u00e1cil y ordenado\u201d.<\/p>\n<p>Por parte del Gobierno progresista, adem\u00e1s del presidente, acudir\u00e1n a la reuni\u00f3n algunos de los ministros m\u00e1s destacados de su comit\u00e9 pol\u00edtico, su n\u00facleo duro, como su portavoz, Camila Vallejo; el ministro de Interior, \u00c1lvaro Elizalde; el de Hacienda, Nicol\u00e1s Grau; y la ministra de la Secretar\u00eda General de la Presidencia (Segpres), Macarena Lobos.<\/p>\n<p>Kast, que se convertir\u00e1 en el primer pinochetista en llegar al poder tras el fin de la dictadura hace 35 a\u00f1os, se impuso en las 16 regiones del pa\u00eds y consigui\u00f3 la segunda victoria en segunda vuelta m\u00e1s amplia desde el retorno a la democracia (la primera fue la de Michelle Bachelet contra Evelyn Matthei en 2013).<\/p>\n<p>El exdiputado ultracat\u00f3lico, de 59 a\u00f1os, recalc\u00f3 en su primer discurso como presidente electo que los \u201chitos\u201d de su administraci\u00f3n ser\u00e1n la seguridad, la migraci\u00f3n y el progreso econ\u00f3mico, principales preocupaciones de la ciudadan\u00eda y puntos clave en los que enfoc\u00f3 su campa\u00f1a.<\/p>\n<p>La gran inc\u00f3gnita es el tipo de gobierno que formar\u00e1 Kast y si el l\u00edder del Partido Republicano se dejar\u00e1 llevar por sus huestes m\u00e1s radicales o buscar\u00e1 acercarse a la derecha tradicional de la coalici\u00f3n Chile Vamos para crear consensos en un Parlamento sin mayor\u00edas.<\/p>\n<p>The-CNN-Wire<br \/>&trade; &amp; &copy; 2025 Cable News Network, Inc., a Warner Bros. Discovery Company. All rights reserved.<\/p>\n","protected":false},"excerpt":{"rendered":"<p>El presidente de Chile, Gabriel Boric, y el presidente electo, Jos\u00e9 Antonio Kast, se reunieron este lunes en el palacio de Gobierno para empezar su transici\u00f3n entre ambos Gobiernos que culminar\u00e1 el 11 de marzo, cuando el ultraderechista asumir\u00e1 el poder. Kast, que gan\u00f3 las elecciones con un 58,1 % por un amplio margen de [&hellip;]<\/p>\n","protected":false},"author":0,"featured_media":0,"comment_status":"open","ping_status":"open","sticky":false,"template":"","format":"standard","meta":{"_jetpack_memberships_contains_paid_content":false,"footnotes":""},"categories":[10],"tags":[],"class_list":["post-1469277","post","type-post","status-publish","format-standard","hentry","category-noticias-nacionales","market-global"],"yoast_head":"<!-- This site is optimized with the Yoast SEO plugin v24.4 - https:\/\/yoast.com\/wordpress\/plugins\/seo\/ -->\n<title>Boric recibi\u00f3 a Kast en el Palacio de La Moneda para iniciar la transici\u00f3n que terminar\u00e1 en marzo - Noticias<\/title>\n<meta name=\"robots\" content=\"index, follow, max-snippet:-1, max-image-preview:large, max-video-preview:-1\" \/>\n<link rel=\"canonical\" href=\"https:\/\/noticiasya.com\/2025\/12\/15\/boric-kast-palacio-moneda-elecciones-presidente-chile-efe\/\" \/>\n<meta property=\"og:locale\" content=\"es_ES\" \/>\n<meta property=\"og:type\" content=\"article\" \/>\n<meta property=\"og:title\" content=\"Boric recibi\u00f3 a Kast en el Palacio de La Moneda para iniciar la transici\u00f3n que terminar\u00e1 en marzo - Noticias\" \/>\n<meta property=\"og:description\" content=\"El presidente de Chile, Gabriel Boric, y el presidente electo, Jos\u00e9 Antonio Kast, se reunieron este lunes en el palacio de Gobierno para empezar su transici\u00f3n entre ambos Gobiernos que culminar\u00e1 el 11 de marzo, cuando el ultraderechista asumir\u00e1 el poder. Kast, que gan\u00f3 las elecciones con un 58,1 % por un amplio margen de [&hellip;]\" \/>\n<meta property=\"og:url\" content=\"https:\/\/noticiasya.com\/2025\/12\/15\/boric-kast-palacio-moneda-elecciones-presidente-chile-efe\/\" \/>\n<meta property=\"og:site_name\" content=\"Noticias\" \/>\n<meta property=\"article:published_time\" content=\"2025-12-15T17:03:40+00:00\" \/>\n<meta name=\"twitter:card\" content=\"summary_large_image\" \/>\n<meta name=\"twitter:label1\" content=\"Est. reading time\" \/>\n\t<meta name=\"twitter:data1\" content=\"2 minutos\" \/>\n<script type=\"application\/ld+json\" class=\"yoast-schema-graph\">{\"@context\":\"https:\/\/schema.org\",\"@graph\":[{\"@type\":\"Article\",\"@id\":\"https:\/\/noticiasya.com\/2025\/12\/15\/boric-kast-palacio-moneda-elecciones-presidente-chile-efe\/#article\",\"isPartOf\":{\"@id\":\"https:\/\/noticiasya.com\/2025\/12\/15\/boric-kast-palacio-moneda-elecciones-presidente-chile-efe\/\"},\"author\":{\"name\":\"\",\"@id\":\"\"},\"headline\":\"Boric recibi\u00f3 a Kast en el Palacio de La Moneda para iniciar la transici\u00f3n que terminar\u00e1 en marzo\",\"datePublished\":\"2025-12-15T17:03:40+00:00\",\"mainEntityOfPage\":{\"@id\":\"https:\/\/noticiasya.com\/2025\/12\/15\/boric-kast-palacio-moneda-elecciones-presidente-chile-efe\/\"},\"wordCount\":477,\"commentCount\":0,\"publisher\":{\"@id\":\"https:\/\/noticiasya.com\/#organization\"},\"articleSection\":[\"Noticias Nacionales\"],\"inLanguage\":\"es\",\"potentialAction\":[{\"@type\":\"CommentAction\",\"name\":\"Comment\",\"target\":[\"https:\/\/noticiasya.com\/2025\/12\/15\/boric-kast-palacio-moneda-elecciones-presidente-chile-efe\/#respond\"]}]},{\"@type\":\"WebPage\",\"@id\":\"https:\/\/noticiasya.com\/2025\/12\/15\/boric-kast-palacio-moneda-elecciones-presidente-chile-efe\/\",\"url\":\"https:\/\/noticiasya.com\/2025\/12\/15\/boric-kast-palacio-moneda-elecciones-presidente-chile-efe\/\",\"name\":\"Boric recibi\u00f3 a Kast en el Palacio de La Moneda para iniciar la transici\u00f3n que terminar\u00e1 en marzo - Noticias\",\"isPartOf\":{\"@id\":\"https:\/\/noticiasya.com\/#website\"},\"datePublished\":\"2025-12-15T17:03:40+00:00\",\"breadcrumb\":{\"@id\":\"https:\/\/noticiasya.com\/2025\/12\/15\/boric-kast-palacio-moneda-elecciones-presidente-chile-efe\/#breadcrumb\"},\"inLanguage\":\"es\",\"potentialAction\":[{\"@type\":\"ReadAction\",\"target\":[\"https:\/\/noticiasya.com\/2025\/12\/15\/boric-kast-palacio-moneda-elecciones-presidente-chile-efe\/\"]}]},{\"@type\":\"BreadcrumbList\",\"@id\":\"https:\/\/noticiasya.com\/2025\/12\/15\/boric-kast-palacio-moneda-elecciones-presidente-chile-efe\/#breadcrumb\",\"itemListElement\":[{\"@type\":\"ListItem\",\"position\":1,\"name\":\"Home\",\"item\":\"https:\/\/noticiasya.com\/\"},{\"@type\":\"ListItem\",\"position\":2,\"name\":\"Boric recibi\u00f3 a Kast en el Palacio de La Moneda para iniciar la transici\u00f3n que terminar\u00e1 en marzo\"}]},{\"@type\":\"WebSite\",\"@id\":\"https:\/\/noticiasya.com\/#website\",\"url\":\"https:\/\/noticiasya.com\/\",\"name\":\"Noticias\",\"description\":\"Lo que importa\",\"publisher\":{\"@id\":\"https:\/\/noticiasya.com\/#organization\"},\"potentialAction\":[{\"@type\":\"SearchAction\",\"target\":{\"@type\":\"EntryPoint\",\"urlTemplate\":\"https:\/\/noticiasya.com\/?s={search_term_string}\"},\"query-input\":{\"@type\":\"PropertyValueSpecification\",\"valueRequired\":true,\"valueName\":\"search_term_string\"}}],\"inLanguage\":\"es\"},{\"@type\":\"Organization\",\"@id\":\"https:\/\/noticiasya.com\/#organization\",\"name\":\"Noticias\",\"url\":\"https:\/\/noticiasya.com\/\",\"logo\":{\"@type\":\"ImageObject\",\"inLanguage\":\"es\",\"@id\":\"https:\/\/noticiasya.com\/#\/schema\/logo\/image\/\",\"url\":\"https:\/\/noticiasya.com\/wp-content\/uploads\/sites\/22\/2023\/12\/logo-nacional.png\",\"contentUrl\":\"https:\/\/noticiasya.com\/wp-content\/uploads\/sites\/22\/2023\/12\/logo-nacional.png\",\"width\":1801,\"height\":691,\"caption\":\"Noticias\"},\"image\":{\"@id\":\"https:\/\/noticiasya.com\/#\/schema\/logo\/image\/\"}}]}<\/script>\n<!-- \/ Yoast SEO plugin. -->","yoast_head_json":{"title":"Boric recibi\u00f3 a Kast en el Palacio de La Moneda para iniciar la transici\u00f3n que terminar\u00e1 en marzo - Noticias","robots":{"index":"index","follow":"follow","max-snippet":"max-snippet:-1","max-image-preview":"max-image-preview:large","max-video-preview":"max-video-preview:-1"},"canonical":"https:\/\/noticiasya.com\/2025\/12\/15\/boric-kast-palacio-moneda-elecciones-presidente-chile-efe\/","og_locale":"es_ES","og_type":"article","og_title":"Boric recibi\u00f3 a Kast en el Palacio de La Moneda para iniciar la transici\u00f3n que terminar\u00e1 en marzo - Noticias","og_description":"El presidente de Chile, Gabriel Boric, y el presidente electo, Jos\u00e9 Antonio Kast, se reunieron este lunes en el palacio de Gobierno para empezar su transici\u00f3n entre ambos Gobiernos que culminar\u00e1 el 11 de marzo, cuando el ultraderechista asumir\u00e1 el poder. Kast, que gan\u00f3 las elecciones con un 58,1 % por un amplio margen de [&hellip;]","og_url":"https:\/\/noticiasya.com\/2025\/12\/15\/boric-kast-palacio-moneda-elecciones-presidente-chile-efe\/","og_site_name":"Noticias","article_published_time":"2025-12-15T17:03:40+00:00","twitter_card":"summary_large_image","twitter_misc":{"Est. reading time":"2 minutos"},"schema":{"@context":"https:\/\/schema.org","@graph":[{"@type":"Article","@id":"https:\/\/noticiasya.com\/2025\/12\/15\/boric-kast-palacio-moneda-elecciones-presidente-chile-efe\/#article","isPartOf":{"@id":"https:\/\/noticiasya.com\/2025\/12\/15\/boric-kast-palacio-moneda-elecciones-presidente-chile-efe\/"},"author":{"name":"","@id":""},"headline":"Boric recibi\u00f3 a Kast en el Palacio de La Moneda para iniciar la transici\u00f3n que terminar\u00e1 en marzo","datePublished":"2025-12-15T17:03:40+00:00","mainEntityOfPage":{"@id":"https:\/\/noticiasya.com\/2025\/12\/15\/boric-kast-palacio-moneda-elecciones-presidente-chile-efe\/"},"wordCount":477,"commentCount":0,"publisher":{"@id":"https:\/\/noticiasya.com\/#organization"},"articleSection":["Noticias Nacionales"],"inLanguage":"es","potentialAction":[{"@type":"CommentAction","name":"Comment","target":["https:\/\/noticiasya.com\/2025\/12\/15\/boric-kast-palacio-moneda-elecciones-presidente-chile-efe\/#respond"]}]},{"@type":"WebPage","@id":"https:\/\/noticiasya.com\/2025\/12\/15\/boric-kast-palacio-moneda-elecciones-presidente-chile-efe\/","url":"https:\/\/noticiasya.com\/2025\/12\/15\/boric-kast-palacio-moneda-elecciones-presidente-chile-efe\/","name":"Boric recibi\u00f3 a Kast en el Palacio de La Moneda para iniciar la transici\u00f3n que terminar\u00e1 en marzo - Noticias","isPartOf":{"@id":"https:\/\/noticiasya.com\/#website"},"datePublished":"2025-12-15T17:03:40+00:00","breadcrumb":{"@id":"https:\/\/noticiasya.com\/2025\/12\/15\/boric-kast-palacio-moneda-elecciones-presidente-chile-efe\/#breadcrumb"},"inLanguage":"es","potentialAction":[{"@type":"ReadAction","target":["https:\/\/noticiasya.com\/2025\/12\/15\/boric-kast-palacio-moneda-elecciones-presidente-chile-efe\/"]}]},{"@type":"BreadcrumbList","@id":"https:\/\/noticiasya.com\/2025\/12\/15\/boric-kast-palacio-moneda-elecciones-presidente-chile-efe\/#breadcrumb","itemListElement":[{"@type":"ListItem","position":1,"name":"Home","item":"https:\/\/noticiasya.com\/"},{"@type":"ListItem","position":2,"name":"Boric recibi\u00f3 a Kast en el Palacio de La Moneda para iniciar la transici\u00f3n que terminar\u00e1 en marzo"}]},{"@type":"WebSite","@id":"https:\/\/noticiasya.com\/#website","url":"https:\/\/noticiasya.com\/","name":"Noticias","description":"Lo que importa","publisher":{"@id":"https:\/\/noticiasya.com\/#organization"},"potentialAction":[{"@type":"SearchAction","target":{"@type":"EntryPoint","urlTemplate":"https:\/\/noticiasya.com\/?s={search_term_string}"},"query-input":{"@type":"PropertyValueSpecification","valueRequired":true,"valueName":"search_term_string"}}],"inLanguage":"es"},{"@type":"Organization","@id":"https:\/\/noticiasya.com\/#organization","name":"Noticias","url":"https:\/\/noticiasya.com\/","logo":{"@type":"ImageObject","inLanguage":"es","@id":"https:\/\/noticiasya.com\/#\/schema\/logo\/image\/","url":"https:\/\/noticiasya.com\/wp-content\/uploads\/sites\/22\/2023\/12\/logo-nacional.png","contentUrl":"https:\/\/noticiasya.com\/wp-content\/uploads\/sites\/22\/2023\/12\/logo-nacional.png","width":1801,"height":691,"caption":"Noticias"},"image":{"@id":"https:\/\/noticiasya.com\/#\/schema\/logo\/image\/"}}]}},"parsely":{"version":"1.1.0","canonical_url":"https:\/\/noticiasya.com\/midland-odessa\/2025\/12\/15\/boric-kast-palacio-moneda-elecciones-presidente-chile-efe\/","smart_links":{"inbound":0,"outbound":0},"traffic_boost_suggestions_count":0,"meta":{"@context":"https:\/\/schema.org","@type":"NewsArticle","headline":"Boric recibi\u00f3 a Kast en el Palacio de La Moneda para iniciar la transici\u00f3n que terminar\u00e1 en marzo","url":"http:\/\/noticiasya.com\/midland-odessa\/2025\/12\/15\/boric-kast-palacio-moneda-elecciones-presidente-chile-efe\/","mainEntityOfPage":{"@type":"WebPage","@id":"http:\/\/noticiasya.com\/midland-odessa\/2025\/12\/15\/boric-kast-palacio-moneda-elecciones-presidente-chile-efe\/"},"thumbnailUrl":"","image":{"@type":"ImageObject","url":""},"articleSection":"Noticias Nacionales","author":[],"creator":[],"publisher":{"@type":"Organization","name":"Noticias","logo":""},"keywords":[],"dateCreated":"2025-12-15T17:03:40Z","datePublished":"2025-12-15T17:03:40Z","dateModified":"2025-12-15T17:03:40Z"},"rendered":"<script type=\"application\/ld+json\" class=\"wp-parsely-metadata\">{\"@context\":\"https:\\\/\\\/schema.org\",\"@type\":\"NewsArticle\",\"headline\":\"Boric recibi\\u00f3 a Kast en el Palacio de La Moneda para iniciar la transici\\u00f3n que terminar\\u00e1 en marzo\",\"url\":\"http:\\\/\\\/noticiasya.com\\\/midland-odessa\\\/2025\\\/12\\\/15\\\/boric-kast-palacio-moneda-elecciones-presidente-chile-efe\\\/\",\"mainEntityOfPage\":{\"@type\":\"WebPage\",\"@id\":\"http:\\\/\\\/noticiasya.com\\\/midland-odessa\\\/2025\\\/12\\\/15\\\/boric-kast-palacio-moneda-elecciones-presidente-chile-efe\\\/\"},\"thumbnailUrl\":\"\",\"image\":{\"@type\":\"ImageObject\",\"url\":\"\"},\"articleSection\":\"Noticias Nacionales\",\"author\":[],\"creator\":[],\"publisher\":{\"@type\":\"Organization\",\"name\":\"Noticias\",\"logo\":\"\"},\"keywords\":[],\"dateCreated\":\"2025-12-15T17:03:40Z\",\"datePublished\":\"2025-12-15T17:03:40Z\",\"dateModified\":\"2025-12-15T17:03:40Z\"}<\/script>","tracker_url":"https:\/\/cdn.parsely.com\/keys\/noticiasya.com\/p.js"},"jetpack_featured_media_url":"","jetpack-related-posts":[{"id":1471986,"url":"https:\/\/noticiasya.com\/midland-odessa\/2026\/03\/07\/maria-corina-machado-asuncion-kast-chile-orix\/","url_meta":{"origin":1469277,"position":0},"title":"Mar\u00eda Corina Machado dice que asistir\u00e1 a la asunci\u00f3n de Jos\u00e9 Antonio Kast en Chile","author":"","date":"marzo 7, 2026","format":false,"excerpt":"La dirigente opositora de Venezuela, Mar\u00eda Corina Machado, anunci\u00f3 que estar\u00e1 presente en el acto de traspaso de mando en Chile, en el que asumir\u00e1 sus funciones el presidente electo, Jos\u00e9 Antonio Kast.La ceremonia en la que entregar\u00e1 el mando el presidente de Chile, Gabriel Boric, est\u00e1 contemplada para este\u2026","rel":"","context":"In &quot;Noticias Nacionales&quot;","block_context":{"text":"Noticias Nacionales","link":"https:\/\/noticiasya.com\/midland-odessa\/categoria\/noticias-nacionales"},"img":{"alt_text":"","src":"","width":0,"height":0},"classes":[]},{"id":1468406,"url":"https:\/\/noticiasya.com\/midland-odessa\/2025\/11\/16\/elecciones-chile-jara-kast-segunda-vuelta-orix\/","url_meta":{"origin":1469277,"position":1},"title":"Elecciones en Chile: Jeannette Jara y Jos\u00e9 Antonio Kast se enfrentar\u00e1n en segunda vuelta por la presidencia","author":"","date":"noviembre 16, 2025","format":false,"excerpt":"La candidata oficialista Jeannette Jara, militante del Partido Comunista y abanderada de la coalici\u00f3n Unidad por Chile, y el opositor Jos\u00e9 Antonio Kast, fundador del Partido Republicano, competir\u00e1n en una segunda vuelta electoral el 14 de diciembre por la Presidencia de Chile, de acuerdo con los resultados preliminares publicados este\u2026","rel":"","context":"In &quot;Noticias Nacionales&quot;","block_context":{"text":"Noticias Nacionales","link":"https:\/\/noticiasya.com\/midland-odessa\/categoria\/noticias-nacionales"},"img":{"alt_text":"","src":"","width":0,"height":0},"classes":[]},{"id":1469263,"url":"https:\/\/noticiasya.com\/midland-odessa\/2025\/12\/14\/chile-alternancia-giro-claves-kast-orix\/","url_meta":{"origin":1469277,"position":2},"title":"Chile mantiene la alternancia en el Gobierno, pero con giros m\u00e1s bruscos: 4 claves del triunfo de Jos\u00e9 Antonio Kast","author":"","date":"diciembre 14, 2025","format":false,"excerpt":"Chile prolong\u00f3 este domingo una tradici\u00f3n de alternancia pol\u00edtica en el poder que ya se extiende por dos d\u00e9cadas, al elegir como nuevo presidente al ultraderechista Jos\u00e9 Antonio Kast, en un giro m\u00e1s pronunciado que el realizado por el saliente mandatario Gabriel Boric. El cambio conservador llega pocos a\u00f1os despu\u00e9s\u2026","rel":"","context":"In &quot;Noticias Nacionales&quot;","block_context":{"text":"Noticias Nacionales","link":"https:\/\/noticiasya.com\/midland-odessa\/categoria\/noticias-nacionales"},"img":{"alt_text":"","src":"","width":0,"height":0},"classes":[]},{"id":1470299,"url":"https:\/\/noticiasya.com\/midland-odessa\/2026\/01\/20\/suben-20-muertos-incendios-forestales-chile-efe\/","url_meta":{"origin":1469277,"position":3},"title":"Suben a 20 los muertos por los incendios forestales en Chile","author":"","date":"enero 20, 2026","format":false,"excerpt":"El ministro de Interior de Chile, \u00c1lvaro Elizalde, confirm\u00f3 la noche del lunes que ascendi\u00f3 a 20 el n\u00famero de personas muertas por los incendios forestales que arden desde el s\u00e1bado en las regiones de \u00d1uble y Biob\u00edo, en el sur del pa\u00eds.La emergencia, que dej\u00f3 miles de evacuados, 75\u2026","rel":"","context":"In &quot;Noticias Nacionales&quot;","block_context":{"text":"Noticias Nacionales","link":"https:\/\/noticiasya.com\/midland-odessa\/categoria\/noticias-nacionales"},"img":{"alt_text":"","src":"","width":0,"height":0},"classes":[]},{"id":1472104,"url":"https:\/\/noticiasya.com\/midland-odessa\/2026\/03\/11\/promesas-desafios-kast-presidente-chile-orix\/","url_meta":{"origin":1469277,"position":4},"title":"Seguridad, econom\u00eda y migraci\u00f3n: los principales desaf\u00edos que enfrenta Kast tras asumir como presidente de Chile","author":"","date":"marzo 11, 2026","format":false,"excerpt":"Por primera vez desde la transici\u00f3n a la democracia en 1990, Chile tiene un presidente de ultraderecha y que apoy\u00f3 abiertamente la dictadura de Augusto Pinochet. Este mi\u00e9rcoles, Jos\u00e9 Antonio Kast fue investido como mandatario del pa\u00eds. Dos palabras bastaron para asumir oficialmente su cargo: \u201cS\u00ed, juro\u201d.Detr\u00e1s de ese juramento,\u2026","rel":"","context":"In &quot;Noticias Nacionales&quot;","block_context":{"text":"Noticias Nacionales","link":"https:\/\/noticiasya.com\/midland-odessa\/categoria\/noticias-nacionales"},"img":{"alt_text":"","src":"","width":0,"height":0},"classes":[]},{"id":1472442,"url":"https:\/\/noticiasya.com\/midland-odessa\/2026\/03\/22\/chile-cable-submarino-china-eeuu-minerales-raros-orix\/","url_meta":{"origin":1469277,"position":5},"title":"\u00bfPor qu\u00e9 el proyecto de un cable submarino enfrent\u00f3 a los chilenos y gener\u00f3 molestias en Washington?","author":"","date":"marzo 22, 2026","format":false,"excerpt":"Apenas d\u00edas antes de asumir la presidencia, el ultraderechista Jos\u00e9 Antonio Kast y el exmandatario Gabriel Boric (de la izquierda progresista) rompieron relaciones y cancelaron reuniones entre ambos equipos. \u00bfEl motivo? El proyecto de construcci\u00f3n de un cable submarino chino de telecomunicaciones que unir\u00eda al pa\u00eds austral directamente con Hong\u2026","rel":"","context":"In &quot;Noticias Nacionales&quot;","block_context":{"text":"Noticias Nacionales","link":"https:\/\/noticiasya.com\/midland-odessa\/categoria\/noticias-nacionales"},"img":{"alt_text":"","src":"","width":0,"height":0},"classes":[]}],"jetpack_sharing_enabled":true,"_links":{"self":[{"href":"https:\/\/noticiasya.com\/midland-odessa\/wp-json\/wp\/v2\/posts\/1469277","targetHints":{"allow":["GET"]}}],"collection":[{"href":"https:\/\/noticiasya.com\/midland-odessa\/wp-json\/wp\/v2\/posts"}],"about":[{"href":"https:\/\/noticiasya.com\/midland-odessa\/wp-json\/wp\/v2\/types\/post"}],"replies":[{"embeddable":true,"href":"https:\/\/noticiasya.com\/midland-odessa\/wp-json\/wp\/v2\/comments?post=1469277"}],"version-history":[{"count":0,"href":"https:\/\/noticiasya.com\/midland-odessa\/wp-json\/wp\/v2\/posts\/1469277\/revisions"}],"wp:attachment":[{"href":"https:\/\/noticiasya.com\/midland-odessa\/wp-json\/wp\/v2\/media?parent=1469277"}],"wp:term":[{"taxonomy":"category","embeddable":true,"href":"https:\/\/noticiasya.com\/midland-odessa\/wp-json\/wp\/v2\/categories?post=1469277"},{"taxonomy":"post_tag","embeddable":true,"href":"https:\/\/noticiasya.com\/midland-odessa\/wp-json\/wp\/v2\/tags?post=1469277"}],"curies":[{"name":"wp","href":"https:\/\/api.w.org\/{rel}","templated":true}]}}