{"id":1469278,"date":"2025-12-15T09:03:41","date_gmt":"2025-12-15T17:03:41","guid":{"rendered":"https:\/\/noticiasya.com\/2025\/12\/15\/maria-corina-machado-nobel-fractura-venezuela-oslo-orix\/"},"modified":"2025-12-15T09:03:41","modified_gmt":"2025-12-15T17:03:41","slug":"maria-corina-machado-nobel-fractura-venezuela-oslo-orix","status":"publish","type":"post","link":"https:\/\/noticiasya.com\/midland-odessa\/2025\/12\/15\/maria-corina-machado-nobel-fractura-venezuela-oslo-orix\/","title":{"rendered":"Mar\u00eda Corina Machado sufri\u00f3 fractura de v\u00e9rtebra en su salida de Venezuela a Oslo"},"content":{"rendered":"<p>La ganadora del premio Nobel de la Paz 2025, Mar\u00eda Corina Machado, sufri\u00f3 una fractura en una v\u00e9rtebra en su riesgosa salida de Venezuela. As\u00ed se lo diagnosticaron tras una evaluaci\u00f3n m\u00e9dica en Oslo, confirm\u00f3 a CNN su equipo de prensa.<\/p>\n<p>La informaci\u00f3n fue ratificada luego de que el diario noruego Aftenposten publicara una informaci\u00f3n sobre la condici\u00f3n de salud de Machado. El medio destaca que, seg\u00fan sus fuentes, la lesi\u00f3n pudo haberse producido en medio de las condiciones extremas del viaje realizado el lunes 8 de diciembre, que incluy\u00f3 \u201ccinco horas en barco en malas condiciones meteorol\u00f3gicas\u201d.<\/p>\n<p>Seg\u00fan informa el art\u00edculo, Machado fue evaluada en el Hospital Universitario de Ulleval, en Oslo, donde los m\u00e9dicos a cargo detectaron varias lesiones y, entre ellas, una fractura en una v\u00e9rtebra.Esa condici\u00f3n de salud y el tratamiento a seguir llevaron a Machado a prolongar su estancia en Noruega, a la espera de las recomendaciones m\u00e9dicas del caso. Esta informaci\u00f3n fue confirmada a CNN por el equipo de prensa de la l\u00edder de la oposici\u00f3n venezolana.<\/p>\n<p>Una fuente con conocimiento del caso consultada por Aftenposten asegur\u00f3 que la fractura vertebral no le impedir\u00eda regresar a su pa\u00eds en una etapa posterior. Al respecto, el art\u00edculo asegura que \u201cella tiene plena intenci\u00f3n de regresar a Venezuela\u201d y que, al mismo tiempo, \u201cseguir\u00e1 las recomendaciones que le indiquen los m\u00e9dicos\u201d.<\/p>\n<p>Machado, una de las voces m\u00e1s cr\u00edticas del mandatario venezolano Nicol\u00e1s Maduro, y que sumaba alrededor de once meses en la clandestinidad advirtiendo que tem\u00eda por su vida, su libertad y sus derechos humanos, viaj\u00f3 a Oslo, Noruega, para la entrega del Premio Nobel de la Paz. Si bien no lleg\u00f3 a la ceremonia, debido a lo que describi\u00f3 como una larga y riesgosa traves\u00eda para salir de Venezuela, s\u00ed se present\u00f3 al d\u00eda siguiente ante el p\u00fabico y dio varias declaraciones a la prensa.<\/p>\n<p>Aunque Machado no dio detalles sobre c\u00f3mo logr\u00f3 salir de su pa\u00eds natal, el veterano de las fuerzas especiales de EE.UU., Bryan Stern, fundador de la Fundaci\u00f3n Grey Bull Rescue, cuyo equipo de rescate sac\u00f3 a la laureada con el Nobel de Venezuela, <a href=\"https:\/\/cnnespanol.cnn.com\/2025\/12\/12\/mundo\/veterano-ee-uu-ayudo-machado-venezuela-trax\">explic\u00f3 a CNN <\/a>en parte c\u00f3mo fue la traves\u00eda.<\/p>\n<p>Seg\u00fan Stern, la extracci\u00f3n dur\u00f3 casi 16 horas, se realiz\u00f3 mayormente de noche y en aguas turbulentas.<\/p>\n<p>\u201cEn general, esta es la operaci\u00f3n m\u00e1s dif\u00edcil, de mayor perfil y m\u00e1s delicada que hemos realizado\u201d, dijo Stern, quien a\u00f1adi\u00f3 que le suplic\u00f3 a Machado que no regrese a Venezuela.<\/p>\n<p>En una conferencia de prensa virtual anterior, Stern hab\u00eda detallado que Machado abord\u00f3 un bote que zarp\u00f3 desde la costa venezolana hasta un punto de encuentro en el mar. All\u00ed fue donde se encontr\u00f3 con \u00e9l, quien la esperaba en otro bote. Desde all\u00ed, en el segundo bote, Machado fue trasladada hacia otro lugar, en un viaje nocturno, en medio del fr\u00edo la tensi\u00f3n.<\/p>\n<p>La embarcaci\u00f3n arrib\u00f3 a la costa en la ma\u00f1ana del mi\u00e9rcoles 10 de diciembre, desde donde Machado abord\u00f3 un avi\u00f3n con destino a Noruega. Datos de rastreo de vuelos verificados por CNN dan cuenta de que el avi\u00f3n que utiliz\u00f3 Machado sali\u00f3 desde Curazao, una isla cercana a Venezuela. La embajada de Pa\u00edses Bajos en Caracas, que representa los intereses de Aruba, Bonaire y Curazao, ha negado cualquier implicaci\u00f3n en la huida de Machado.<\/p>\n<p>En Oslo, Machado se reuni\u00f3n con su hija, quien horas antes hab\u00eda recibido el Nobel en su nombre. La laureada salud\u00f3 a la multitud desde el balc\u00f3n del Gran Hotel de Oslo. Esta fue su primera aparici\u00f3n p\u00fablica en casi un a\u00f1o.<\/p>\n<p>The-CNN-Wire<br \/>&trade; &amp; &copy; 2025 Cable News Network, Inc., a Warner Bros. Discovery Company. All rights reserved.<\/p>\n","protected":false},"excerpt":{"rendered":"<p>La ganadora del premio Nobel de la Paz 2025, Mar\u00eda Corina Machado, sufri\u00f3 una fractura en una v\u00e9rtebra en su riesgosa salida de Venezuela. As\u00ed se lo diagnosticaron tras una evaluaci\u00f3n m\u00e9dica en Oslo, confirm\u00f3 a CNN su equipo de prensa. La informaci\u00f3n fue ratificada luego de que el diario noruego Aftenposten publicara una informaci\u00f3n [&hellip;]<\/p>\n","protected":false},"author":0,"featured_media":0,"comment_status":"open","ping_status":"open","sticky":false,"template":"","format":"standard","meta":{"_jetpack_memberships_contains_paid_content":false,"footnotes":""},"categories":[10],"tags":[],"class_list":["post-1469278","post","type-post","status-publish","format-standard","hentry","category-noticias-nacionales","market-global"],"yoast_head":"<!-- This site is optimized with the Yoast SEO plugin v24.4 - https:\/\/yoast.com\/wordpress\/plugins\/seo\/ -->\n<title>Mar\u00eda Corina Machado sufri\u00f3 fractura de v\u00e9rtebra en su salida de Venezuela a Oslo - Noticias<\/title>\n<meta name=\"robots\" content=\"index, follow, max-snippet:-1, max-image-preview:large, max-video-preview:-1\" \/>\n<link rel=\"canonical\" href=\"https:\/\/noticiasya.com\/2025\/12\/15\/maria-corina-machado-nobel-fractura-venezuela-oslo-orix\/\" \/>\n<meta property=\"og:locale\" content=\"es_ES\" \/>\n<meta property=\"og:type\" content=\"article\" \/>\n<meta property=\"og:title\" content=\"Mar\u00eda Corina Machado sufri\u00f3 fractura de v\u00e9rtebra en su salida de Venezuela a Oslo - Noticias\" \/>\n<meta property=\"og:description\" content=\"La ganadora del premio Nobel de la Paz 2025, Mar\u00eda Corina Machado, sufri\u00f3 una fractura en una v\u00e9rtebra en su riesgosa salida de Venezuela. As\u00ed se lo diagnosticaron tras una evaluaci\u00f3n m\u00e9dica en Oslo, confirm\u00f3 a CNN su equipo de prensa. La informaci\u00f3n fue ratificada luego de que el diario noruego Aftenposten publicara una informaci\u00f3n [&hellip;]\" \/>\n<meta property=\"og:url\" content=\"https:\/\/noticiasya.com\/2025\/12\/15\/maria-corina-machado-nobel-fractura-venezuela-oslo-orix\/\" \/>\n<meta property=\"og:site_name\" content=\"Noticias\" \/>\n<meta property=\"article:published_time\" content=\"2025-12-15T17:03:41+00:00\" \/>\n<meta name=\"twitter:card\" content=\"summary_large_image\" \/>\n<meta name=\"twitter:label1\" content=\"Est. reading time\" \/>\n\t<meta name=\"twitter:data1\" content=\"3 minutos\" \/>\n<script type=\"application\/ld+json\" class=\"yoast-schema-graph\">{\"@context\":\"https:\/\/schema.org\",\"@graph\":[{\"@type\":\"Article\",\"@id\":\"https:\/\/noticiasya.com\/2025\/12\/15\/maria-corina-machado-nobel-fractura-venezuela-oslo-orix\/#article\",\"isPartOf\":{\"@id\":\"https:\/\/noticiasya.com\/2025\/12\/15\/maria-corina-machado-nobel-fractura-venezuela-oslo-orix\/\"},\"author\":{\"name\":\"\",\"@id\":\"\"},\"headline\":\"Mar\u00eda Corina Machado sufri\u00f3 fractura de v\u00e9rtebra en su salida de Venezuela a Oslo\",\"datePublished\":\"2025-12-15T17:03:41+00:00\",\"mainEntityOfPage\":{\"@id\":\"https:\/\/noticiasya.com\/2025\/12\/15\/maria-corina-machado-nobel-fractura-venezuela-oslo-orix\/\"},\"wordCount\":679,\"commentCount\":0,\"publisher\":{\"@id\":\"https:\/\/noticiasya.com\/#organization\"},\"articleSection\":[\"Noticias Nacionales\"],\"inLanguage\":\"es\",\"potentialAction\":[{\"@type\":\"CommentAction\",\"name\":\"Comment\",\"target\":[\"https:\/\/noticiasya.com\/2025\/12\/15\/maria-corina-machado-nobel-fractura-venezuela-oslo-orix\/#respond\"]}]},{\"@type\":\"WebPage\",\"@id\":\"https:\/\/noticiasya.com\/2025\/12\/15\/maria-corina-machado-nobel-fractura-venezuela-oslo-orix\/\",\"url\":\"https:\/\/noticiasya.com\/2025\/12\/15\/maria-corina-machado-nobel-fractura-venezuela-oslo-orix\/\",\"name\":\"Mar\u00eda Corina Machado sufri\u00f3 fractura de v\u00e9rtebra en su salida de Venezuela a Oslo - Noticias\",\"isPartOf\":{\"@id\":\"https:\/\/noticiasya.com\/#website\"},\"datePublished\":\"2025-12-15T17:03:41+00:00\",\"breadcrumb\":{\"@id\":\"https:\/\/noticiasya.com\/2025\/12\/15\/maria-corina-machado-nobel-fractura-venezuela-oslo-orix\/#breadcrumb\"},\"inLanguage\":\"es\",\"potentialAction\":[{\"@type\":\"ReadAction\",\"target\":[\"https:\/\/noticiasya.com\/2025\/12\/15\/maria-corina-machado-nobel-fractura-venezuela-oslo-orix\/\"]}]},{\"@type\":\"BreadcrumbList\",\"@id\":\"https:\/\/noticiasya.com\/2025\/12\/15\/maria-corina-machado-nobel-fractura-venezuela-oslo-orix\/#breadcrumb\",\"itemListElement\":[{\"@type\":\"ListItem\",\"position\":1,\"name\":\"Home\",\"item\":\"https:\/\/noticiasya.com\/\"},{\"@type\":\"ListItem\",\"position\":2,\"name\":\"Mar\u00eda Corina Machado sufri\u00f3 fractura de v\u00e9rtebra en su salida de Venezuela a Oslo\"}]},{\"@type\":\"WebSite\",\"@id\":\"https:\/\/noticiasya.com\/#website\",\"url\":\"https:\/\/noticiasya.com\/\",\"name\":\"Noticias\",\"description\":\"Lo que importa\",\"publisher\":{\"@id\":\"https:\/\/noticiasya.com\/#organization\"},\"potentialAction\":[{\"@type\":\"SearchAction\",\"target\":{\"@type\":\"EntryPoint\",\"urlTemplate\":\"https:\/\/noticiasya.com\/?s={search_term_string}\"},\"query-input\":{\"@type\":\"PropertyValueSpecification\",\"valueRequired\":true,\"valueName\":\"search_term_string\"}}],\"inLanguage\":\"es\"},{\"@type\":\"Organization\",\"@id\":\"https:\/\/noticiasya.com\/#organization\",\"name\":\"Noticias\",\"url\":\"https:\/\/noticiasya.com\/\",\"logo\":{\"@type\":\"ImageObject\",\"inLanguage\":\"es\",\"@id\":\"https:\/\/noticiasya.com\/#\/schema\/logo\/image\/\",\"url\":\"https:\/\/noticiasya.com\/wp-content\/uploads\/sites\/22\/2023\/12\/logo-nacional.png\",\"contentUrl\":\"https:\/\/noticiasya.com\/wp-content\/uploads\/sites\/22\/2023\/12\/logo-nacional.png\",\"width\":1801,\"height\":691,\"caption\":\"Noticias\"},\"image\":{\"@id\":\"https:\/\/noticiasya.com\/#\/schema\/logo\/image\/\"}}]}<\/script>\n<!-- \/ Yoast SEO plugin. -->","yoast_head_json":{"title":"Mar\u00eda Corina Machado sufri\u00f3 fractura de v\u00e9rtebra en su salida de Venezuela a Oslo - Noticias","robots":{"index":"index","follow":"follow","max-snippet":"max-snippet:-1","max-image-preview":"max-image-preview:large","max-video-preview":"max-video-preview:-1"},"canonical":"https:\/\/noticiasya.com\/2025\/12\/15\/maria-corina-machado-nobel-fractura-venezuela-oslo-orix\/","og_locale":"es_ES","og_type":"article","og_title":"Mar\u00eda Corina Machado sufri\u00f3 fractura de v\u00e9rtebra en su salida de Venezuela a Oslo - Noticias","og_description":"La ganadora del premio Nobel de la Paz 2025, Mar\u00eda Corina Machado, sufri\u00f3 una fractura en una v\u00e9rtebra en su riesgosa salida de Venezuela. As\u00ed se lo diagnosticaron tras una evaluaci\u00f3n m\u00e9dica en Oslo, confirm\u00f3 a CNN su equipo de prensa. La informaci\u00f3n fue ratificada luego de que el diario noruego Aftenposten publicara una informaci\u00f3n [&hellip;]","og_url":"https:\/\/noticiasya.com\/2025\/12\/15\/maria-corina-machado-nobel-fractura-venezuela-oslo-orix\/","og_site_name":"Noticias","article_published_time":"2025-12-15T17:03:41+00:00","twitter_card":"summary_large_image","twitter_misc":{"Est. reading time":"3 minutos"},"schema":{"@context":"https:\/\/schema.org","@graph":[{"@type":"Article","@id":"https:\/\/noticiasya.com\/2025\/12\/15\/maria-corina-machado-nobel-fractura-venezuela-oslo-orix\/#article","isPartOf":{"@id":"https:\/\/noticiasya.com\/2025\/12\/15\/maria-corina-machado-nobel-fractura-venezuela-oslo-orix\/"},"author":{"name":"","@id":""},"headline":"Mar\u00eda Corina Machado sufri\u00f3 fractura de v\u00e9rtebra en su salida de Venezuela a Oslo","datePublished":"2025-12-15T17:03:41+00:00","mainEntityOfPage":{"@id":"https:\/\/noticiasya.com\/2025\/12\/15\/maria-corina-machado-nobel-fractura-venezuela-oslo-orix\/"},"wordCount":679,"commentCount":0,"publisher":{"@id":"https:\/\/noticiasya.com\/#organization"},"articleSection":["Noticias Nacionales"],"inLanguage":"es","potentialAction":[{"@type":"CommentAction","name":"Comment","target":["https:\/\/noticiasya.com\/2025\/12\/15\/maria-corina-machado-nobel-fractura-venezuela-oslo-orix\/#respond"]}]},{"@type":"WebPage","@id":"https:\/\/noticiasya.com\/2025\/12\/15\/maria-corina-machado-nobel-fractura-venezuela-oslo-orix\/","url":"https:\/\/noticiasya.com\/2025\/12\/15\/maria-corina-machado-nobel-fractura-venezuela-oslo-orix\/","name":"Mar\u00eda Corina Machado sufri\u00f3 fractura de v\u00e9rtebra en su salida de Venezuela a Oslo - Noticias","isPartOf":{"@id":"https:\/\/noticiasya.com\/#website"},"datePublished":"2025-12-15T17:03:41+00:00","breadcrumb":{"@id":"https:\/\/noticiasya.com\/2025\/12\/15\/maria-corina-machado-nobel-fractura-venezuela-oslo-orix\/#breadcrumb"},"inLanguage":"es","potentialAction":[{"@type":"ReadAction","target":["https:\/\/noticiasya.com\/2025\/12\/15\/maria-corina-machado-nobel-fractura-venezuela-oslo-orix\/"]}]},{"@type":"BreadcrumbList","@id":"https:\/\/noticiasya.com\/2025\/12\/15\/maria-corina-machado-nobel-fractura-venezuela-oslo-orix\/#breadcrumb","itemListElement":[{"@type":"ListItem","position":1,"name":"Home","item":"https:\/\/noticiasya.com\/"},{"@type":"ListItem","position":2,"name":"Mar\u00eda Corina Machado sufri\u00f3 fractura de v\u00e9rtebra en su salida de Venezuela a Oslo"}]},{"@type":"WebSite","@id":"https:\/\/noticiasya.com\/#website","url":"https:\/\/noticiasya.com\/","name":"Noticias","description":"Lo que importa","publisher":{"@id":"https:\/\/noticiasya.com\/#organization"},"potentialAction":[{"@type":"SearchAction","target":{"@type":"EntryPoint","urlTemplate":"https:\/\/noticiasya.com\/?s={search_term_string}"},"query-input":{"@type":"PropertyValueSpecification","valueRequired":true,"valueName":"search_term_string"}}],"inLanguage":"es"},{"@type":"Organization","@id":"https:\/\/noticiasya.com\/#organization","name":"Noticias","url":"https:\/\/noticiasya.com\/","logo":{"@type":"ImageObject","inLanguage":"es","@id":"https:\/\/noticiasya.com\/#\/schema\/logo\/image\/","url":"https:\/\/noticiasya.com\/wp-content\/uploads\/sites\/22\/2023\/12\/logo-nacional.png","contentUrl":"https:\/\/noticiasya.com\/wp-content\/uploads\/sites\/22\/2023\/12\/logo-nacional.png","width":1801,"height":691,"caption":"Noticias"},"image":{"@id":"https:\/\/noticiasya.com\/#\/schema\/logo\/image\/"}}]}},"parsely":{"version":"1.1.0","canonical_url":"https:\/\/noticiasya.com\/midland-odessa\/2025\/12\/15\/maria-corina-machado-nobel-fractura-venezuela-oslo-orix\/","smart_links":{"inbound":0,"outbound":0},"traffic_boost_suggestions_count":0,"meta":{"@context":"https:\/\/schema.org","@type":"NewsArticle","headline":"Mar\u00eda Corina Machado sufri\u00f3 fractura de v\u00e9rtebra en su salida de Venezuela a Oslo","url":"http:\/\/noticiasya.com\/midland-odessa\/2025\/12\/15\/maria-corina-machado-nobel-fractura-venezuela-oslo-orix\/","mainEntityOfPage":{"@type":"WebPage","@id":"http:\/\/noticiasya.com\/midland-odessa\/2025\/12\/15\/maria-corina-machado-nobel-fractura-venezuela-oslo-orix\/"},"thumbnailUrl":"","image":{"@type":"ImageObject","url":""},"articleSection":"Noticias Nacionales","author":[],"creator":[],"publisher":{"@type":"Organization","name":"Noticias","logo":""},"keywords":[],"dateCreated":"2025-12-15T17:03:41Z","datePublished":"2025-12-15T17:03:41Z","dateModified":"2025-12-15T17:03:41Z"},"rendered":"<script type=\"application\/ld+json\" class=\"wp-parsely-metadata\">{\"@context\":\"https:\\\/\\\/schema.org\",\"@type\":\"NewsArticle\",\"headline\":\"Mar\\u00eda Corina Machado sufri\\u00f3 fractura de v\\u00e9rtebra en su salida de Venezuela a Oslo\",\"url\":\"http:\\\/\\\/noticiasya.com\\\/midland-odessa\\\/2025\\\/12\\\/15\\\/maria-corina-machado-nobel-fractura-venezuela-oslo-orix\\\/\",\"mainEntityOfPage\":{\"@type\":\"WebPage\",\"@id\":\"http:\\\/\\\/noticiasya.com\\\/midland-odessa\\\/2025\\\/12\\\/15\\\/maria-corina-machado-nobel-fractura-venezuela-oslo-orix\\\/\"},\"thumbnailUrl\":\"\",\"image\":{\"@type\":\"ImageObject\",\"url\":\"\"},\"articleSection\":\"Noticias Nacionales\",\"author\":[],\"creator\":[],\"publisher\":{\"@type\":\"Organization\",\"name\":\"Noticias\",\"logo\":\"\"},\"keywords\":[],\"dateCreated\":\"2025-12-15T17:03:41Z\",\"datePublished\":\"2025-12-15T17:03:41Z\",\"dateModified\":\"2025-12-15T17:03:41Z\"}<\/script>","tracker_url":"https:\/\/cdn.parsely.com\/keys\/noticiasya.com\/p.js"},"jetpack_featured_media_url":"","jetpack-related-posts":[{"id":1469339,"url":"https:\/\/noticiasya.com\/midland-odessa\/2025\/12\/17\/maria-corina-machado-deja-oslo-venezuela-premio-nobel-paz-orix\/","url_meta":{"origin":1469278,"position":0},"title":"La ganadora del Premio Nobel de la Paz Mar\u00eda Corina Machado dej\u00f3 Oslo, seg\u00fan su equipo","author":"","date":"diciembre 17, 2025","format":false,"excerpt":"Mar\u00eda Corina Machado ya no est\u00e1 en la ciudad de Oslo, confirm\u00f3 en su cuenta de X Pedro Urruchurtu Noselli, coordinador de relaciones internaciones de la ganadora del Premio Nobel de la Paz.\u201cSe encuentra bien y durante estos d\u00edas est\u00e1 atendiendo citas m\u00e9dicas con un especialista en funci\u00f3n de su\u2026","rel":"","context":"In &quot;Noticias Nacionales&quot;","block_context":{"text":"Noticias Nacionales","link":"https:\/\/noticiasya.com\/midland-odessa\/categoria\/noticias-nacionales"},"img":{"alt_text":"","src":"","width":0,"height":0},"classes":[]},{"id":1469193,"url":"https:\/\/noticiasya.com\/midland-odessa\/2025\/12\/11\/maria-corina-machado-clandestinidad-viaje-oslo-orix\/","url_meta":{"origin":1469278,"position":1},"title":"De la clandestinidad a la salida de pel\u00edcula desde Venezuela: lo que vivi\u00f3 Mar\u00eda Corina Machado y lo que sigue ahora","author":"","date":"diciembre 11, 2025","format":false,"excerpt":"La primera noche no ha sido f\u00e1cil, dado que no ha descansado por la ilusi\u00f3n por encontrarse en Oslo y reunirse de nuevo con su familia y amigos despu\u00e9s de meses en la clandestinidad. Pero pasar la noche en vela no parece que se haya cobrado un peaje sobre Mar\u00eda\u2026","rel":"","context":"In &quot;Noticias Nacionales&quot;","block_context":{"text":"Noticias Nacionales","link":"https:\/\/noticiasya.com\/midland-odessa\/categoria\/noticias-nacionales"},"img":{"alt_text":"","src":"","width":0,"height":0},"classes":[]},{"id":1469133,"url":"https:\/\/noticiasya.com\/midland-odessa\/2025\/12\/10\/maria-corina-machado-no-estara-ceremonia-entrega-nobel-paz-efe\/","url_meta":{"origin":1469278,"position":2},"title":"Mar\u00eda Corina Machado no estar\u00e1 en la ceremonia de entrega del Nobel de la Paz en Oslo, afirma director del Instituto Nobel","author":"","date":"diciembre 10, 2025","format":false,"excerpt":"Mar\u00eda Corina Machado no estar\u00e1 este mi\u00e9rcoles en Oslo para recoger el premio de la Paz de este a\u00f1o, confirm\u00f3 a la televisi\u00f3n p\u00fablica noruega NRK el director del Instituto Nobel, Kristian Berg Harpviken.\u201cDesgraciadamente todav\u00eda no est\u00e1 en Noruega y tampoco estar\u00e1 en el escenario del Ayuntamiento de Oslo a\u2026","rel":"","context":"In &quot;Noticias Nacionales&quot;","block_context":{"text":"Noticias Nacionales","link":"https:\/\/noticiasya.com\/midland-odessa\/categoria\/noticias-nacionales"},"img":{"alt_text":"","src":"","width":0,"height":0},"classes":[]},{"id":1469033,"url":"https:\/\/noticiasya.com\/midland-odessa\/2025\/12\/06\/venezolanos-paises-marchan-convocatoria-maria-corina-machado-dias-nobel-paz-orix\/","url_meta":{"origin":1469278,"position":3},"title":"Venezolanos en decenas de pa\u00edses marchan tras convocatoria de Mar\u00eda Corina Machado a pocos d\u00edas de recibir el Nobel de la Paz","author":"","date":"diciembre 6, 2025","format":false,"excerpt":"Venezolanos en distintas partes del mundo acudieron este s\u00e1bado a una Marcha \u201cPor la Paz y la Libertad convocada por la l\u00edder opositora Mar\u00eda Corina Machado, galardonada con el Premio Nobel de la Paz 2025, a pocos d\u00edas de que se lleve a cabo la entrega del prestigioso reconocimiento en\u2026","rel":"","context":"In &quot;Noticias Nacionales&quot;","block_context":{"text":"Noticias Nacionales","link":"https:\/\/noticiasya.com\/midland-odessa\/categoria\/noticias-nacionales"},"img":{"alt_text":"","src":"","width":0,"height":0},"classes":[]},{"id":1469211,"url":"https:\/\/noticiasya.com\/midland-odessa\/2025\/12\/12\/transicion-irreversible-maria-corina-machado-gobierno-maduro-orix\/","url_meta":{"origin":1469278,"position":4},"title":"&#171;La transici\u00f3n es irreversible&#187;, dice Mar\u00eda Corina Machado sobre Venezuela","author":"","date":"diciembre 12, 2025","format":false,"excerpt":"La l\u00edder opositora venezolana Mar\u00eda Corina Machado asegur\u00f3 este viernes que \u201cla transici\u00f3n es irreversible\u201d en el Gobierno del presidente de Venezuela, Nicol\u00e1s Maduro, en medio de las tensiones entre el pa\u00eds sudamericano y Estados Unidos.\u201cYo creo que ha quedado muy claro que el conflicto venezolano es absolutamente prioritario en\u2026","rel":"","context":"In &quot;Noticias Nacionales&quot;","block_context":{"text":"Noticias Nacionales","link":"https:\/\/noticiasya.com\/midland-odessa\/categoria\/noticias-nacionales"},"img":{"alt_text":"","src":"","width":0,"height":0},"classes":[]},{"id":1469415,"url":"https:\/\/noticiasya.com\/midland-odessa\/2025\/12\/19\/lideres-opositores-venezuela-apoyo-politico-exilio-orix\/","url_meta":{"origin":1469278,"position":5},"title":"Estos l\u00edderes opositores tuvieron que dejar Venezuela: \u00bfqu\u00e9 pas\u00f3 con su apoyo pol\u00edtico despu\u00e9s?","author":"","date":"diciembre 19, 2025","format":false,"excerpt":"Desde su llegada a Oslo, donde fue galardonada con el Premio Nobel de la Paz 2025, Mar\u00eda Corina Machado insisti\u00f3 en que regresar\u00eda \u201cen el momento oportuno\u201d a Venezuela, pa\u00eds que dej\u00f3 la semana pasada, tras meses de vivir en la clandestinidad, en un viaje arriesgado en el que sufri\u00f3\u2026","rel":"","context":"In &quot;Noticias Nacionales&quot;","block_context":{"text":"Noticias Nacionales","link":"https:\/\/noticiasya.com\/midland-odessa\/categoria\/noticias-nacionales"},"img":{"alt_text":"","src":"","width":0,"height":0},"classes":[]}],"jetpack_sharing_enabled":true,"_links":{"self":[{"href":"https:\/\/noticiasya.com\/midland-odessa\/wp-json\/wp\/v2\/posts\/1469278","targetHints":{"allow":["GET"]}}],"collection":[{"href":"https:\/\/noticiasya.com\/midland-odessa\/wp-json\/wp\/v2\/posts"}],"about":[{"href":"https:\/\/noticiasya.com\/midland-odessa\/wp-json\/wp\/v2\/types\/post"}],"replies":[{"embeddable":true,"href":"https:\/\/noticiasya.com\/midland-odessa\/wp-json\/wp\/v2\/comments?post=1469278"}],"version-history":[{"count":0,"href":"https:\/\/noticiasya.com\/midland-odessa\/wp-json\/wp\/v2\/posts\/1469278\/revisions"}],"wp:attachment":[{"href":"https:\/\/noticiasya.com\/midland-odessa\/wp-json\/wp\/v2\/media?parent=1469278"}],"wp:term":[{"taxonomy":"category","embeddable":true,"href":"https:\/\/noticiasya.com\/midland-odessa\/wp-json\/wp\/v2\/categories?post=1469278"},{"taxonomy":"post_tag","embeddable":true,"href":"https:\/\/noticiasya.com\/midland-odessa\/wp-json\/wp\/v2\/tags?post=1469278"}],"curies":[{"name":"wp","href":"https:\/\/api.w.org\/{rel}","templated":true}]}}