{"id":1469280,"date":"2025-12-15T09:03:43","date_gmt":"2025-12-15T17:03:43","guid":{"rendered":"https:\/\/noticiasya.com\/2025\/12\/15\/union-europea-sanciones-venezuela-efe\/"},"modified":"2025-12-15T09:03:43","modified_gmt":"2025-12-15T17:03:43","slug":"union-europea-sanciones-venezuela-efe","status":"publish","type":"post","link":"https:\/\/noticiasya.com\/midland-odessa\/2025\/12\/15\/union-europea-sanciones-venezuela-efe\/","title":{"rendered":"La Uni\u00f3n Europea renueva hasta enero de 2027 sus sanciones por la crisis en Venezuela"},"content":{"rendered":"<p>Los ministros de Exteriores de la Uni\u00f3n Europea (UE) prolongaron este lunes un a\u00f1o, hasta el 10 de enero de 2027, las sanciones del club comunitario por la crisis en Venezuela, en la reuni\u00f3n que celebran en Bruselas.<\/p>\n<p>La decisi\u00f3n se tom\u00f3 \u201ca la vista de las persistentes acciones que socavan la democracia y el Estado de Derecho, as\u00ed como las continuas violaciones de derechos humanos y la represi\u00f3n de la sociedad civil y la oposici\u00f3n democr\u00e1tica, tambi\u00e9n en relaci\u00f3n con la celebraci\u00f3n y los acontecimientos que siguieron a las elecciones presidenciales del 28 de julio de 2024\u201d, indic\u00f3 el Consejo de la UE, que re\u00fane a los miembos.<\/p>\n<p>En la actualidad, las sanciones afectan a 69 individuos, que est\u00e1n sujetos a una congelaci\u00f3n de activos. Tambi\u00e9n est\u00e1 prohibido suministrarles fondos o recursos econ\u00f3micos directa o indirectamente. Adem\u00e1s, no se les permite viajar al territorio de la Uni\u00f3n Europea (UE).<\/p>\n<p>El Consejo record\u00f3 que la UE introdujo sanciones sobre Venezuela en noviembre de 2017. Esas medidas inclu\u00edan un embargo de armas y equipamiento para la represi\u00f3n interna, as\u00ed como la imposici\u00f3n de prohibiciones de viaje y congelaci\u00f3n de activos a los individuos afectados.<\/p>\n<p>Tambi\u00e9n apunt\u00f3 que el objetivo de las sanciones del club comunitario es \u201capoyar una soluci\u00f3n negociada y democr\u00e1tica para la crisis en Venezuela\u201d.<\/p>\n<p>\u201cLa UE no ha adoptado medida alguna que pueda causar da\u00f1o a la poblaci\u00f3n venezolana o la econom\u00eda. La responsabilidad para terminar la crisis en Venezuela recae en sus autoridades\u201d, coment\u00f3 en un comunicado.<\/p>\n<p>Igualmente, recalc\u00f3 que el levantamiento de las sanciones \u201cdepender\u00e1 del progreso tangible en los derechos humanos y el Estado de Derecho en Venezuela, junto con pasos significativos hacia un di\u00e1logo genuino y una transici\u00f3n democr\u00e1tica\u201d.<\/p>\n<p>The-CNN-Wire<br \/>&trade; &amp; &copy; 2025 Cable News Network, Inc., a Warner Bros. Discovery Company. All rights reserved.<\/p>\n","protected":false},"excerpt":{"rendered":"<p>Los ministros de Exteriores de la Uni\u00f3n Europea (UE) prolongaron este lunes un a\u00f1o, hasta el 10 de enero de 2027, las sanciones del club comunitario por la crisis en Venezuela, en la reuni\u00f3n que celebran en Bruselas. La decisi\u00f3n se tom\u00f3 \u201ca la vista de las persistentes acciones que socavan la democracia y el [&hellip;]<\/p>\n","protected":false},"author":0,"featured_media":0,"comment_status":"open","ping_status":"open","sticky":false,"template":"","format":"standard","meta":{"_jetpack_memberships_contains_paid_content":false,"footnotes":""},"categories":[10],"tags":[],"class_list":["post-1469280","post","type-post","status-publish","format-standard","hentry","category-noticias-nacionales","market-global"],"yoast_head":"<!-- This site is optimized with the Yoast SEO plugin v24.4 - https:\/\/yoast.com\/wordpress\/plugins\/seo\/ -->\n<title>La Uni\u00f3n Europea renueva hasta enero de 2027 sus sanciones por la crisis en Venezuela - Noticias<\/title>\n<meta name=\"robots\" content=\"index, follow, max-snippet:-1, max-image-preview:large, max-video-preview:-1\" \/>\n<link rel=\"canonical\" href=\"https:\/\/noticiasya.com\/2025\/12\/15\/union-europea-sanciones-venezuela-efe\/\" \/>\n<meta property=\"og:locale\" content=\"es_ES\" \/>\n<meta property=\"og:type\" content=\"article\" \/>\n<meta property=\"og:title\" content=\"La Uni\u00f3n Europea renueva hasta enero de 2027 sus sanciones por la crisis en Venezuela - Noticias\" \/>\n<meta property=\"og:description\" content=\"Los ministros de Exteriores de la Uni\u00f3n Europea (UE) prolongaron este lunes un a\u00f1o, hasta el 10 de enero de 2027, las sanciones del club comunitario por la crisis en Venezuela, en la reuni\u00f3n que celebran en Bruselas. La decisi\u00f3n se tom\u00f3 \u201ca la vista de las persistentes acciones que socavan la democracia y el [&hellip;]\" \/>\n<meta property=\"og:url\" content=\"https:\/\/noticiasya.com\/2025\/12\/15\/union-europea-sanciones-venezuela-efe\/\" \/>\n<meta property=\"og:site_name\" content=\"Noticias\" \/>\n<meta property=\"article:published_time\" content=\"2025-12-15T17:03:43+00:00\" \/>\n<meta name=\"twitter:card\" content=\"summary_large_image\" \/>\n<meta name=\"twitter:label1\" content=\"Est. reading time\" \/>\n\t<meta name=\"twitter:data1\" content=\"2 minutos\" \/>\n<script type=\"application\/ld+json\" class=\"yoast-schema-graph\">{\"@context\":\"https:\/\/schema.org\",\"@graph\":[{\"@type\":\"Article\",\"@id\":\"https:\/\/noticiasya.com\/2025\/12\/15\/union-europea-sanciones-venezuela-efe\/#article\",\"isPartOf\":{\"@id\":\"https:\/\/noticiasya.com\/2025\/12\/15\/union-europea-sanciones-venezuela-efe\/\"},\"author\":{\"name\":\"\",\"@id\":\"\"},\"headline\":\"La Uni\u00f3n Europea renueva hasta enero de 2027 sus sanciones por la crisis en Venezuela\",\"datePublished\":\"2025-12-15T17:03:43+00:00\",\"mainEntityOfPage\":{\"@id\":\"https:\/\/noticiasya.com\/2025\/12\/15\/union-europea-sanciones-venezuela-efe\/\"},\"wordCount\":340,\"commentCount\":0,\"publisher\":{\"@id\":\"https:\/\/noticiasya.com\/#organization\"},\"articleSection\":[\"Noticias Nacionales\"],\"inLanguage\":\"es\",\"potentialAction\":[{\"@type\":\"CommentAction\",\"name\":\"Comment\",\"target\":[\"https:\/\/noticiasya.com\/2025\/12\/15\/union-europea-sanciones-venezuela-efe\/#respond\"]}]},{\"@type\":\"WebPage\",\"@id\":\"https:\/\/noticiasya.com\/2025\/12\/15\/union-europea-sanciones-venezuela-efe\/\",\"url\":\"https:\/\/noticiasya.com\/2025\/12\/15\/union-europea-sanciones-venezuela-efe\/\",\"name\":\"La Uni\u00f3n Europea renueva hasta enero de 2027 sus sanciones por la crisis en Venezuela - Noticias\",\"isPartOf\":{\"@id\":\"https:\/\/noticiasya.com\/#website\"},\"datePublished\":\"2025-12-15T17:03:43+00:00\",\"breadcrumb\":{\"@id\":\"https:\/\/noticiasya.com\/2025\/12\/15\/union-europea-sanciones-venezuela-efe\/#breadcrumb\"},\"inLanguage\":\"es\",\"potentialAction\":[{\"@type\":\"ReadAction\",\"target\":[\"https:\/\/noticiasya.com\/2025\/12\/15\/union-europea-sanciones-venezuela-efe\/\"]}]},{\"@type\":\"BreadcrumbList\",\"@id\":\"https:\/\/noticiasya.com\/2025\/12\/15\/union-europea-sanciones-venezuela-efe\/#breadcrumb\",\"itemListElement\":[{\"@type\":\"ListItem\",\"position\":1,\"name\":\"Home\",\"item\":\"https:\/\/noticiasya.com\/\"},{\"@type\":\"ListItem\",\"position\":2,\"name\":\"La Uni\u00f3n Europea renueva hasta enero de 2027 sus sanciones por la crisis en Venezuela\"}]},{\"@type\":\"WebSite\",\"@id\":\"https:\/\/noticiasya.com\/#website\",\"url\":\"https:\/\/noticiasya.com\/\",\"name\":\"Noticias\",\"description\":\"Lo que importa\",\"publisher\":{\"@id\":\"https:\/\/noticiasya.com\/#organization\"},\"potentialAction\":[{\"@type\":\"SearchAction\",\"target\":{\"@type\":\"EntryPoint\",\"urlTemplate\":\"https:\/\/noticiasya.com\/?s={search_term_string}\"},\"query-input\":{\"@type\":\"PropertyValueSpecification\",\"valueRequired\":true,\"valueName\":\"search_term_string\"}}],\"inLanguage\":\"es\"},{\"@type\":\"Organization\",\"@id\":\"https:\/\/noticiasya.com\/#organization\",\"name\":\"Noticias\",\"url\":\"https:\/\/noticiasya.com\/\",\"logo\":{\"@type\":\"ImageObject\",\"inLanguage\":\"es\",\"@id\":\"https:\/\/noticiasya.com\/#\/schema\/logo\/image\/\",\"url\":\"https:\/\/noticiasya.com\/wp-content\/uploads\/sites\/22\/2023\/12\/logo-nacional.png\",\"contentUrl\":\"https:\/\/noticiasya.com\/wp-content\/uploads\/sites\/22\/2023\/12\/logo-nacional.png\",\"width\":1801,\"height\":691,\"caption\":\"Noticias\"},\"image\":{\"@id\":\"https:\/\/noticiasya.com\/#\/schema\/logo\/image\/\"}}]}<\/script>\n<!-- \/ Yoast SEO plugin. -->","yoast_head_json":{"title":"La Uni\u00f3n Europea renueva hasta enero de 2027 sus sanciones por la crisis en Venezuela - Noticias","robots":{"index":"index","follow":"follow","max-snippet":"max-snippet:-1","max-image-preview":"max-image-preview:large","max-video-preview":"max-video-preview:-1"},"canonical":"https:\/\/noticiasya.com\/2025\/12\/15\/union-europea-sanciones-venezuela-efe\/","og_locale":"es_ES","og_type":"article","og_title":"La Uni\u00f3n Europea renueva hasta enero de 2027 sus sanciones por la crisis en Venezuela - Noticias","og_description":"Los ministros de Exteriores de la Uni\u00f3n Europea (UE) prolongaron este lunes un a\u00f1o, hasta el 10 de enero de 2027, las sanciones del club comunitario por la crisis en Venezuela, en la reuni\u00f3n que celebran en Bruselas. La decisi\u00f3n se tom\u00f3 \u201ca la vista de las persistentes acciones que socavan la democracia y el [&hellip;]","og_url":"https:\/\/noticiasya.com\/2025\/12\/15\/union-europea-sanciones-venezuela-efe\/","og_site_name":"Noticias","article_published_time":"2025-12-15T17:03:43+00:00","twitter_card":"summary_large_image","twitter_misc":{"Est. reading time":"2 minutos"},"schema":{"@context":"https:\/\/schema.org","@graph":[{"@type":"Article","@id":"https:\/\/noticiasya.com\/2025\/12\/15\/union-europea-sanciones-venezuela-efe\/#article","isPartOf":{"@id":"https:\/\/noticiasya.com\/2025\/12\/15\/union-europea-sanciones-venezuela-efe\/"},"author":{"name":"","@id":""},"headline":"La Uni\u00f3n Europea renueva hasta enero de 2027 sus sanciones por la crisis en Venezuela","datePublished":"2025-12-15T17:03:43+00:00","mainEntityOfPage":{"@id":"https:\/\/noticiasya.com\/2025\/12\/15\/union-europea-sanciones-venezuela-efe\/"},"wordCount":340,"commentCount":0,"publisher":{"@id":"https:\/\/noticiasya.com\/#organization"},"articleSection":["Noticias Nacionales"],"inLanguage":"es","potentialAction":[{"@type":"CommentAction","name":"Comment","target":["https:\/\/noticiasya.com\/2025\/12\/15\/union-europea-sanciones-venezuela-efe\/#respond"]}]},{"@type":"WebPage","@id":"https:\/\/noticiasya.com\/2025\/12\/15\/union-europea-sanciones-venezuela-efe\/","url":"https:\/\/noticiasya.com\/2025\/12\/15\/union-europea-sanciones-venezuela-efe\/","name":"La Uni\u00f3n Europea renueva hasta enero de 2027 sus sanciones por la crisis en Venezuela - Noticias","isPartOf":{"@id":"https:\/\/noticiasya.com\/#website"},"datePublished":"2025-12-15T17:03:43+00:00","breadcrumb":{"@id":"https:\/\/noticiasya.com\/2025\/12\/15\/union-europea-sanciones-venezuela-efe\/#breadcrumb"},"inLanguage":"es","potentialAction":[{"@type":"ReadAction","target":["https:\/\/noticiasya.com\/2025\/12\/15\/union-europea-sanciones-venezuela-efe\/"]}]},{"@type":"BreadcrumbList","@id":"https:\/\/noticiasya.com\/2025\/12\/15\/union-europea-sanciones-venezuela-efe\/#breadcrumb","itemListElement":[{"@type":"ListItem","position":1,"name":"Home","item":"https:\/\/noticiasya.com\/"},{"@type":"ListItem","position":2,"name":"La Uni\u00f3n Europea renueva hasta enero de 2027 sus sanciones por la crisis en Venezuela"}]},{"@type":"WebSite","@id":"https:\/\/noticiasya.com\/#website","url":"https:\/\/noticiasya.com\/","name":"Noticias","description":"Lo que importa","publisher":{"@id":"https:\/\/noticiasya.com\/#organization"},"potentialAction":[{"@type":"SearchAction","target":{"@type":"EntryPoint","urlTemplate":"https:\/\/noticiasya.com\/?s={search_term_string}"},"query-input":{"@type":"PropertyValueSpecification","valueRequired":true,"valueName":"search_term_string"}}],"inLanguage":"es"},{"@type":"Organization","@id":"https:\/\/noticiasya.com\/#organization","name":"Noticias","url":"https:\/\/noticiasya.com\/","logo":{"@type":"ImageObject","inLanguage":"es","@id":"https:\/\/noticiasya.com\/#\/schema\/logo\/image\/","url":"https:\/\/noticiasya.com\/wp-content\/uploads\/sites\/22\/2023\/12\/logo-nacional.png","contentUrl":"https:\/\/noticiasya.com\/wp-content\/uploads\/sites\/22\/2023\/12\/logo-nacional.png","width":1801,"height":691,"caption":"Noticias"},"image":{"@id":"https:\/\/noticiasya.com\/#\/schema\/logo\/image\/"}}]}},"parsely":{"version":"1.1.0","canonical_url":"https:\/\/noticiasya.com\/midland-odessa\/2025\/12\/15\/union-europea-sanciones-venezuela-efe\/","smart_links":{"inbound":0,"outbound":0},"traffic_boost_suggestions_count":0,"meta":{"@context":"https:\/\/schema.org","@type":"NewsArticle","headline":"La Uni\u00f3n Europea renueva hasta enero de 2027 sus sanciones por la crisis en Venezuela","url":"http:\/\/noticiasya.com\/midland-odessa\/2025\/12\/15\/union-europea-sanciones-venezuela-efe\/","mainEntityOfPage":{"@type":"WebPage","@id":"http:\/\/noticiasya.com\/midland-odessa\/2025\/12\/15\/union-europea-sanciones-venezuela-efe\/"},"thumbnailUrl":"","image":{"@type":"ImageObject","url":""},"articleSection":"Noticias Nacionales","author":[],"creator":[],"publisher":{"@type":"Organization","name":"Noticias","logo":""},"keywords":[],"dateCreated":"2025-12-15T17:03:43Z","datePublished":"2025-12-15T17:03:43Z","dateModified":"2025-12-15T17:03:43Z"},"rendered":"<script type=\"application\/ld+json\" class=\"wp-parsely-metadata\">{\"@context\":\"https:\\\/\\\/schema.org\",\"@type\":\"NewsArticle\",\"headline\":\"La Uni\\u00f3n Europea renueva hasta enero de 2027 sus sanciones por la crisis en Venezuela\",\"url\":\"http:\\\/\\\/noticiasya.com\\\/midland-odessa\\\/2025\\\/12\\\/15\\\/union-europea-sanciones-venezuela-efe\\\/\",\"mainEntityOfPage\":{\"@type\":\"WebPage\",\"@id\":\"http:\\\/\\\/noticiasya.com\\\/midland-odessa\\\/2025\\\/12\\\/15\\\/union-europea-sanciones-venezuela-efe\\\/\"},\"thumbnailUrl\":\"\",\"image\":{\"@type\":\"ImageObject\",\"url\":\"\"},\"articleSection\":\"Noticias Nacionales\",\"author\":[],\"creator\":[],\"publisher\":{\"@type\":\"Organization\",\"name\":\"Noticias\",\"logo\":\"\"},\"keywords\":[],\"dateCreated\":\"2025-12-15T17:03:43Z\",\"datePublished\":\"2025-12-15T17:03:43Z\",\"dateModified\":\"2025-12-15T17:03:43Z\"}<\/script>","tracker_url":"https:\/\/cdn.parsely.com\/keys\/noticiasya.com\/p.js"},"jetpack_featured_media_url":"","jetpack-related-posts":[{"id":1449442,"url":"https:\/\/noticiasya.com\/midland-odessa\/2024\/05\/13\/ue-retira-sanciones-presidente-consejo-electoral-venezuela-orix\/","url_meta":{"origin":1469280,"position":0},"title":"La UE retira temporalmente las sanciones al presidente del Consejo Nacional Electoral y otros 3 exfuncionarios","author":"","date":"mayo 13, 2024","format":false,"excerpt":"(CNN) -- La Uni\u00f3n Europea (UE) acord\u00f3, como medida temporal, levantar las sanciones contra el presidente del Consejo Nacional Electoral (CNE) de Venezuela, Elvis Amoroso, y otros tres exfuncionarios, confirm\u00f3 a CNN este lunes la representaci\u00f3n diplom\u00e1tica del organismo multilateral con sede en Caracas.El anuncio, que fue reportado m\u00e1s temprano\u2026","rel":"","context":"In &quot;Noticias Nacionales&quot;","block_context":{"text":"Noticias Nacionales","link":"https:\/\/noticiasya.com\/midland-odessa\/categoria\/noticias-nacionales"},"img":{"alt_text":"","src":"","width":0,"height":0},"classes":[]},{"id":1471475,"url":"https:\/\/noticiasya.com\/midland-odessa\/2026\/02\/20\/espania-ue-sanciones-delcy-rodriguez-venezuela-ley-amnistia-orix\/","url_meta":{"origin":1469280,"position":1},"title":"Tras la aprobaci\u00f3n de la ley de amnist\u00eda en Venezuela, Espa\u00f1a solicitar\u00e1 a la UE que retire sanciones contra Delcy Rodr\u00edguez","author":"","date":"febrero 20, 2026","format":false,"excerpt":"El ministro de Asuntos Exteriores, Uni\u00f3n Europea y Cooperaci\u00f3n, Jos\u00e9 Manuel Albares, anunci\u00f3 este viernes desde Barcelona que Espa\u00f1a solicitar\u00e1 formalmente a la Uni\u00f3n Europea que retire las sanciones existentes contra la presidenta encargada de Venezuela, Delcy Rodr\u00edguez.La solicitud es en respuesta a la ley de amnist\u00eda para los presos\u2026","rel":"","context":"In &quot;Noticias Nacionales&quot;","block_context":{"text":"Noticias Nacionales","link":"https:\/\/noticiasya.com\/midland-odessa\/categoria\/noticias-nacionales"},"img":{"alt_text":"","src":"","width":0,"height":0},"classes":[]},{"id":1449485,"url":"https:\/\/noticiasya.com\/midland-odessa\/2024\/05\/15\/venezuela-elecciones-ue-observacion-retirar-invitacion-orix\/","url_meta":{"origin":1469280,"position":2},"title":"Asamblea Nacional de Venezuela propone retirar la invitaci\u00f3n a la UE para observar las elecciones presidenciales","author":"","date":"mayo 15, 2024","format":false,"excerpt":"(CNN Espa\u00f1ol) -- La Asamblea Nacional de Venezuela acord\u00f3 solicitar este martes al Consejo Nacional Electoral (CNE) que rechace la participaci\u00f3n de la Uni\u00f3n Europea como observador independiente en las elecciones presidenciales en el pa\u00eds, que est\u00e1n previstas para el pr\u00f3ximo 28 de julio.El presidente de la Asamblea Nacional, Jorge\u2026","rel":"","context":"In &quot;Noticias Nacionales&quot;","block_context":{"text":"Noticias Nacionales","link":"https:\/\/noticiasya.com\/midland-odessa\/categoria\/noticias-nacionales"},"img":{"alt_text":"","src":"","width":0,"height":0},"classes":[]},{"id":1464638,"url":"https:\/\/noticiasya.com\/midland-odessa\/2025\/07\/18\/union-europea-paquetes-sanciones-rusia-trax\/","url_meta":{"origin":1469280,"position":3},"title":"La UE aprueba &#171;uno de sus paquetes de sanciones m\u00e1s severos&#187; contra Rusia","author":"","date":"julio 18, 2025","format":false,"excerpt":"La UE aprob\u00f3 uno de sus paquetes de sanciones m\u00e1s severos contra Rusia hasta la fecha por su guerra con Ucrania, seg\u00fan la jefa de pol\u00edtica exterior del bloque, Kaja Kallas.\u201cEstamos recortando a\u00fan m\u00e1s el presupuesto de guerra del Kremlin, persiguiendo 105 buques m\u00e1s de la flota en la sombra,\u2026","rel":"","context":"In &quot;Noticias Nacionales&quot;","block_context":{"text":"Noticias Nacionales","link":"https:\/\/noticiasya.com\/midland-odessa\/categoria\/noticias-nacionales"},"img":{"alt_text":"","src":"","width":0,"height":0},"classes":[]},{"id":1464379,"url":"https:\/\/noticiasya.com\/midland-odessa\/2025\/07\/09\/parlamento-europeo-incluir-venezuela-lavado-dinero-terrorismo-orix\/","url_meta":{"origin":1469280,"position":4},"title":"Parlamento Europeo aprueba incluir a Venezuela como pa\u00eds de alto riesgo de lavado de dinero y financiamiento al terrorismo","author":"","date":"julio 9, 2025","format":false,"excerpt":"El Parlamento Europeo aprob\u00f3 este mi\u00e9rcoles incluir a Venezuela en la lista de pa\u00edses y territorios que la Uni\u00f3n Europea (UE) considera de \u201calto riesgo para el lavado de dinero y el financiamiento al terrorismo\u201d.En un comunicado, el Parlamento inform\u00f3 que vot\u00f3 por no objetar la decisi\u00f3n que la Comisi\u00f3n\u2026","rel":"","context":"In &quot;Noticias Nacionales&quot;","block_context":{"text":"Noticias Nacionales","link":"https:\/\/noticiasya.com\/midland-odessa\/categoria\/noticias-nacionales"},"img":{"alt_text":"","src":"","width":0,"height":0},"classes":[]},{"id":1451501,"url":"https:\/\/noticiasya.com\/midland-odessa\/2024\/07\/30\/sanciones-eeuu-venezuela-elecciones-orix\/","url_meta":{"origin":1469280,"position":5},"title":"\u00bfQu\u00e9 podr\u00eda pasar con las sanciones de EE.UU. a Venezuela tras las elecciones?","author":"","date":"julio 30, 2024","format":false,"excerpt":"(CNN Espa\u00f1ol) -- La situaci\u00f3n en Venezuela tras las elecciones de este domingo se vuelve cada vez m\u00e1s compleja, mientras siguen sin difundirse datos oficiales adicionales de los resultados y tanto el oficialismo como la oposici\u00f3n se adjudican el triunfo. \u00bfC\u00f3mo puede afectar esto al pa\u00eds en cuanto a sanciones\u2026","rel":"","context":"In &quot;Noticias Nacionales&quot;","block_context":{"text":"Noticias Nacionales","link":"https:\/\/noticiasya.com\/midland-odessa\/categoria\/noticias-nacionales"},"img":{"alt_text":"","src":"","width":0,"height":0},"classes":[]}],"jetpack_sharing_enabled":true,"_links":{"self":[{"href":"https:\/\/noticiasya.com\/midland-odessa\/wp-json\/wp\/v2\/posts\/1469280","targetHints":{"allow":["GET"]}}],"collection":[{"href":"https:\/\/noticiasya.com\/midland-odessa\/wp-json\/wp\/v2\/posts"}],"about":[{"href":"https:\/\/noticiasya.com\/midland-odessa\/wp-json\/wp\/v2\/types\/post"}],"replies":[{"embeddable":true,"href":"https:\/\/noticiasya.com\/midland-odessa\/wp-json\/wp\/v2\/comments?post=1469280"}],"version-history":[{"count":0,"href":"https:\/\/noticiasya.com\/midland-odessa\/wp-json\/wp\/v2\/posts\/1469280\/revisions"}],"wp:attachment":[{"href":"https:\/\/noticiasya.com\/midland-odessa\/wp-json\/wp\/v2\/media?parent=1469280"}],"wp:term":[{"taxonomy":"category","embeddable":true,"href":"https:\/\/noticiasya.com\/midland-odessa\/wp-json\/wp\/v2\/categories?post=1469280"},{"taxonomy":"post_tag","embeddable":true,"href":"https:\/\/noticiasya.com\/midland-odessa\/wp-json\/wp\/v2\/tags?post=1469280"}],"curies":[{"name":"wp","href":"https:\/\/api.w.org\/{rel}","templated":true}]}}