{"id":1469283,"date":"2025-12-15T13:03:51","date_gmt":"2025-12-15T21:03:51","guid":{"rendered":"https:\/\/noticiasya.com\/2025\/12\/15\/ilia-topuria-ausencia-ufc-denuncia-extorsion-orix\/"},"modified":"2025-12-15T13:03:51","modified_gmt":"2025-12-15T21:03:51","slug":"ilia-topuria-ausencia-ufc-denuncia-extorsion-orix","status":"publish","type":"post","link":"https:\/\/noticiasya.com\/midland-odessa\/2025\/12\/15\/ilia-topuria-ausencia-ufc-denuncia-extorsion-orix\/","title":{"rendered":"Ilia Topuria habl\u00f3 de su ausencia en la UFC y denunci\u00f3 presuntas extorsiones: &#171;Mi verdad no necesita gritar&#187;"},"content":{"rendered":"<p>El reconocido peleador de artes marciales mixtas Ilia Topuria sali\u00f3 a explicar por qu\u00e9 no ha podido ser m\u00e1s constante con sus presentaciones en el oct\u00e1gono, ya que en los \u00faltimos meses se ha dilatado el anuncio de sus combates.<\/p>\n<p>El doble campe\u00f3n de la UFC emiti\u00f3 un comunicado en sus redes sociales diciendo que ha \u201ctenido que renunciar temporalmente a defender\u201d su t\u00edtulo, ya que ha sido v\u00edctima de \u201csituaciones y presiones intolerables\u201d en los \u00faltimos meses.<\/p>\n<p>Topuria no dijo p\u00fablicamente qui\u00e9n o qui\u00e9nes presuntamente lo han intentado extorsionar y al mismo tiempo asegur\u00f3 que se est\u00e1 ocupando de una situaci\u00f3n personal, tras su separaci\u00f3n de la madre de su hija menor.<\/p>\n<p>Topuria dijo que ha recibido intentos de extorsi\u00f3n al ser amenazado con \u201cinfundadas acusaciones de malos tratos\u201d que solo desaparecer\u00edan a cambio de dinero, seg\u00fan asegur\u00f3 en un texto extenso publicado en sus redes sociales.<\/p>\n<p>Esta circunstancia, dice el luchador, le ha llevado a no poder defender su t\u00edtulo en el primer trimestre de 2026 debido a la falta de entrenamiento, porque como \u00e9l mismo explica, ha decidido centrarse en el proceso judicial para resolver el conflicto.<\/p>\n<p>\u201cEn las \u00faltimas semanas sab\u00e9is que he tenido que renunciar temporalmente a defender mi t\u00edtulo. Algo que, como imaginar\u00e9is, no ha sido una decisi\u00f3n f\u00e1cil. Pero cuando la vida te pone ante situaciones que amenazan tu paz, tu familia y tu nombre, llega un momento en el que hay que dar un paso al frente\u201d, declar\u00f3 Topuria en su comunicado.<\/p>\n<p>Topuria asegur\u00f3 que todas las pruebas, incluyendo audios, mensajes, testimonios y videos, est\u00e1n documentadas y han sido puestas a disposici\u00f3n judicial, no solo por intento de extorsi\u00f3n, sino tambi\u00e9n por falsificaci\u00f3n, sustracci\u00f3n de dinero y objetos personales, adem\u00e1s de las amenazas recibidas.<\/p>\n<p>Topuria a\u00f1adi\u00f3 en su comunicado que con \u201cdar un paso adelante\u201d quiere ser un ejemplo para que nadie ceda ante \u201cla presi\u00f3n, la manipulaci\u00f3n o el miedo\u201d, al mismo tiempo que pidi\u00f3 respeto por su privacidad para la protecci\u00f3n de sus hijos y de su familia. El peleador concluy\u00f3 con la frase: \u201cMi verdad no necesita gritar; solo necesita ser escuchada\u201d.<\/p>\n<p>Ante la imposibilidad de que Topuria compita, la UFC ha anunciado la organizaci\u00f3n de un combate entre Justin Gaethje y Paddy Pimblett por el campeonato interino de peso ligero el 24 de enero en UFC 324 en Las Vegas.<\/p>\n<p>El evento tambi\u00e9n contar\u00e1 con Kayla Harrison defendiendo su t\u00edtulo de peso gallo contra la excampeona Amanda Nunes, lo que para Dana White, CEO de UFC, es \u201csin duda la pelea femenina m\u00e1s importante de la historia\u201d.<\/p>\n<p>The-CNN-Wire<br \/>&trade; &amp; &copy; 2025 Cable News Network, Inc., a Warner Bros. Discovery Company. All rights reserved.<\/p>\n","protected":false},"excerpt":{"rendered":"<p>El reconocido peleador de artes marciales mixtas Ilia Topuria sali\u00f3 a explicar por qu\u00e9 no ha podido ser m\u00e1s constante con sus presentaciones en el oct\u00e1gono, ya que en los \u00faltimos meses se ha dilatado el anuncio de sus combates. El doble campe\u00f3n de la UFC emiti\u00f3 un comunicado en sus redes sociales diciendo que [&hellip;]<\/p>\n","protected":false},"author":0,"featured_media":0,"comment_status":"open","ping_status":"open","sticky":false,"template":"","format":"standard","meta":{"_jetpack_memberships_contains_paid_content":false,"footnotes":""},"categories":[10],"tags":[],"class_list":["post-1469283","post","type-post","status-publish","format-standard","hentry","category-noticias-nacionales","market-global"],"yoast_head":"<!-- This site is optimized with the Yoast SEO plugin v24.4 - https:\/\/yoast.com\/wordpress\/plugins\/seo\/ -->\n<title>Ilia Topuria habl\u00f3 de su ausencia en la UFC y denunci\u00f3 presuntas extorsiones: &quot;Mi verdad no necesita gritar&quot; - Noticias<\/title>\n<meta name=\"robots\" content=\"index, follow, max-snippet:-1, max-image-preview:large, max-video-preview:-1\" \/>\n<link rel=\"canonical\" href=\"https:\/\/noticiasya.com\/2025\/12\/15\/ilia-topuria-ausencia-ufc-denuncia-extorsion-orix\/\" \/>\n<meta property=\"og:locale\" content=\"es_ES\" \/>\n<meta property=\"og:type\" content=\"article\" \/>\n<meta property=\"og:title\" content=\"Ilia Topuria habl\u00f3 de su ausencia en la UFC y denunci\u00f3 presuntas extorsiones: &quot;Mi verdad no necesita gritar&quot; - Noticias\" \/>\n<meta property=\"og:description\" content=\"El reconocido peleador de artes marciales mixtas Ilia Topuria sali\u00f3 a explicar por qu\u00e9 no ha podido ser m\u00e1s constante con sus presentaciones en el oct\u00e1gono, ya que en los \u00faltimos meses se ha dilatado el anuncio de sus combates. El doble campe\u00f3n de la UFC emiti\u00f3 un comunicado en sus redes sociales diciendo que [&hellip;]\" \/>\n<meta property=\"og:url\" content=\"https:\/\/noticiasya.com\/2025\/12\/15\/ilia-topuria-ausencia-ufc-denuncia-extorsion-orix\/\" \/>\n<meta property=\"og:site_name\" content=\"Noticias\" \/>\n<meta property=\"article:published_time\" content=\"2025-12-15T21:03:51+00:00\" \/>\n<meta name=\"twitter:card\" content=\"summary_large_image\" \/>\n<meta name=\"twitter:label1\" content=\"Est. reading time\" \/>\n\t<meta name=\"twitter:data1\" content=\"2 minutos\" \/>\n<script type=\"application\/ld+json\" class=\"yoast-schema-graph\">{\"@context\":\"https:\/\/schema.org\",\"@graph\":[{\"@type\":\"Article\",\"@id\":\"https:\/\/noticiasya.com\/2025\/12\/15\/ilia-topuria-ausencia-ufc-denuncia-extorsion-orix\/#article\",\"isPartOf\":{\"@id\":\"https:\/\/noticiasya.com\/2025\/12\/15\/ilia-topuria-ausencia-ufc-denuncia-extorsion-orix\/\"},\"author\":{\"name\":\"\",\"@id\":\"\"},\"headline\":\"Ilia Topuria habl\u00f3 de su ausencia en la UFC y denunci\u00f3 presuntas extorsiones: &#171;Mi verdad no necesita gritar&#187;\",\"datePublished\":\"2025-12-15T21:03:51+00:00\",\"mainEntityOfPage\":{\"@id\":\"https:\/\/noticiasya.com\/2025\/12\/15\/ilia-topuria-ausencia-ufc-denuncia-extorsion-orix\/\"},\"wordCount\":494,\"commentCount\":0,\"publisher\":{\"@id\":\"https:\/\/noticiasya.com\/#organization\"},\"articleSection\":[\"Noticias Nacionales\"],\"inLanguage\":\"es\",\"potentialAction\":[{\"@type\":\"CommentAction\",\"name\":\"Comment\",\"target\":[\"https:\/\/noticiasya.com\/2025\/12\/15\/ilia-topuria-ausencia-ufc-denuncia-extorsion-orix\/#respond\"]}]},{\"@type\":\"WebPage\",\"@id\":\"https:\/\/noticiasya.com\/2025\/12\/15\/ilia-topuria-ausencia-ufc-denuncia-extorsion-orix\/\",\"url\":\"https:\/\/noticiasya.com\/2025\/12\/15\/ilia-topuria-ausencia-ufc-denuncia-extorsion-orix\/\",\"name\":\"Ilia Topuria habl\u00f3 de su ausencia en la UFC y denunci\u00f3 presuntas extorsiones: \\\"Mi verdad no necesita gritar\\\" - Noticias\",\"isPartOf\":{\"@id\":\"https:\/\/noticiasya.com\/#website\"},\"datePublished\":\"2025-12-15T21:03:51+00:00\",\"breadcrumb\":{\"@id\":\"https:\/\/noticiasya.com\/2025\/12\/15\/ilia-topuria-ausencia-ufc-denuncia-extorsion-orix\/#breadcrumb\"},\"inLanguage\":\"es\",\"potentialAction\":[{\"@type\":\"ReadAction\",\"target\":[\"https:\/\/noticiasya.com\/2025\/12\/15\/ilia-topuria-ausencia-ufc-denuncia-extorsion-orix\/\"]}]},{\"@type\":\"BreadcrumbList\",\"@id\":\"https:\/\/noticiasya.com\/2025\/12\/15\/ilia-topuria-ausencia-ufc-denuncia-extorsion-orix\/#breadcrumb\",\"itemListElement\":[{\"@type\":\"ListItem\",\"position\":1,\"name\":\"Home\",\"item\":\"https:\/\/noticiasya.com\/\"},{\"@type\":\"ListItem\",\"position\":2,\"name\":\"Ilia Topuria habl\u00f3 de su ausencia en la UFC y denunci\u00f3 presuntas extorsiones: &#171;Mi verdad no necesita gritar&#187;\"}]},{\"@type\":\"WebSite\",\"@id\":\"https:\/\/noticiasya.com\/#website\",\"url\":\"https:\/\/noticiasya.com\/\",\"name\":\"Noticias\",\"description\":\"Lo que importa\",\"publisher\":{\"@id\":\"https:\/\/noticiasya.com\/#organization\"},\"potentialAction\":[{\"@type\":\"SearchAction\",\"target\":{\"@type\":\"EntryPoint\",\"urlTemplate\":\"https:\/\/noticiasya.com\/?s={search_term_string}\"},\"query-input\":{\"@type\":\"PropertyValueSpecification\",\"valueRequired\":true,\"valueName\":\"search_term_string\"}}],\"inLanguage\":\"es\"},{\"@type\":\"Organization\",\"@id\":\"https:\/\/noticiasya.com\/#organization\",\"name\":\"Noticias\",\"url\":\"https:\/\/noticiasya.com\/\",\"logo\":{\"@type\":\"ImageObject\",\"inLanguage\":\"es\",\"@id\":\"https:\/\/noticiasya.com\/#\/schema\/logo\/image\/\",\"url\":\"https:\/\/noticiasya.com\/wp-content\/uploads\/sites\/22\/2023\/12\/logo-nacional.png\",\"contentUrl\":\"https:\/\/noticiasya.com\/wp-content\/uploads\/sites\/22\/2023\/12\/logo-nacional.png\",\"width\":1801,\"height\":691,\"caption\":\"Noticias\"},\"image\":{\"@id\":\"https:\/\/noticiasya.com\/#\/schema\/logo\/image\/\"}}]}<\/script>\n<!-- \/ Yoast SEO plugin. -->","yoast_head_json":{"title":"Ilia Topuria habl\u00f3 de su ausencia en la UFC y denunci\u00f3 presuntas extorsiones: \"Mi verdad no necesita gritar\" - Noticias","robots":{"index":"index","follow":"follow","max-snippet":"max-snippet:-1","max-image-preview":"max-image-preview:large","max-video-preview":"max-video-preview:-1"},"canonical":"https:\/\/noticiasya.com\/2025\/12\/15\/ilia-topuria-ausencia-ufc-denuncia-extorsion-orix\/","og_locale":"es_ES","og_type":"article","og_title":"Ilia Topuria habl\u00f3 de su ausencia en la UFC y denunci\u00f3 presuntas extorsiones: \"Mi verdad no necesita gritar\" - Noticias","og_description":"El reconocido peleador de artes marciales mixtas Ilia Topuria sali\u00f3 a explicar por qu\u00e9 no ha podido ser m\u00e1s constante con sus presentaciones en el oct\u00e1gono, ya que en los \u00faltimos meses se ha dilatado el anuncio de sus combates. El doble campe\u00f3n de la UFC emiti\u00f3 un comunicado en sus redes sociales diciendo que [&hellip;]","og_url":"https:\/\/noticiasya.com\/2025\/12\/15\/ilia-topuria-ausencia-ufc-denuncia-extorsion-orix\/","og_site_name":"Noticias","article_published_time":"2025-12-15T21:03:51+00:00","twitter_card":"summary_large_image","twitter_misc":{"Est. reading time":"2 minutos"},"schema":{"@context":"https:\/\/schema.org","@graph":[{"@type":"Article","@id":"https:\/\/noticiasya.com\/2025\/12\/15\/ilia-topuria-ausencia-ufc-denuncia-extorsion-orix\/#article","isPartOf":{"@id":"https:\/\/noticiasya.com\/2025\/12\/15\/ilia-topuria-ausencia-ufc-denuncia-extorsion-orix\/"},"author":{"name":"","@id":""},"headline":"Ilia Topuria habl\u00f3 de su ausencia en la UFC y denunci\u00f3 presuntas extorsiones: &#171;Mi verdad no necesita gritar&#187;","datePublished":"2025-12-15T21:03:51+00:00","mainEntityOfPage":{"@id":"https:\/\/noticiasya.com\/2025\/12\/15\/ilia-topuria-ausencia-ufc-denuncia-extorsion-orix\/"},"wordCount":494,"commentCount":0,"publisher":{"@id":"https:\/\/noticiasya.com\/#organization"},"articleSection":["Noticias Nacionales"],"inLanguage":"es","potentialAction":[{"@type":"CommentAction","name":"Comment","target":["https:\/\/noticiasya.com\/2025\/12\/15\/ilia-topuria-ausencia-ufc-denuncia-extorsion-orix\/#respond"]}]},{"@type":"WebPage","@id":"https:\/\/noticiasya.com\/2025\/12\/15\/ilia-topuria-ausencia-ufc-denuncia-extorsion-orix\/","url":"https:\/\/noticiasya.com\/2025\/12\/15\/ilia-topuria-ausencia-ufc-denuncia-extorsion-orix\/","name":"Ilia Topuria habl\u00f3 de su ausencia en la UFC y denunci\u00f3 presuntas extorsiones: \"Mi verdad no necesita gritar\" - Noticias","isPartOf":{"@id":"https:\/\/noticiasya.com\/#website"},"datePublished":"2025-12-15T21:03:51+00:00","breadcrumb":{"@id":"https:\/\/noticiasya.com\/2025\/12\/15\/ilia-topuria-ausencia-ufc-denuncia-extorsion-orix\/#breadcrumb"},"inLanguage":"es","potentialAction":[{"@type":"ReadAction","target":["https:\/\/noticiasya.com\/2025\/12\/15\/ilia-topuria-ausencia-ufc-denuncia-extorsion-orix\/"]}]},{"@type":"BreadcrumbList","@id":"https:\/\/noticiasya.com\/2025\/12\/15\/ilia-topuria-ausencia-ufc-denuncia-extorsion-orix\/#breadcrumb","itemListElement":[{"@type":"ListItem","position":1,"name":"Home","item":"https:\/\/noticiasya.com\/"},{"@type":"ListItem","position":2,"name":"Ilia Topuria habl\u00f3 de su ausencia en la UFC y denunci\u00f3 presuntas extorsiones: &#171;Mi verdad no necesita gritar&#187;"}]},{"@type":"WebSite","@id":"https:\/\/noticiasya.com\/#website","url":"https:\/\/noticiasya.com\/","name":"Noticias","description":"Lo que importa","publisher":{"@id":"https:\/\/noticiasya.com\/#organization"},"potentialAction":[{"@type":"SearchAction","target":{"@type":"EntryPoint","urlTemplate":"https:\/\/noticiasya.com\/?s={search_term_string}"},"query-input":{"@type":"PropertyValueSpecification","valueRequired":true,"valueName":"search_term_string"}}],"inLanguage":"es"},{"@type":"Organization","@id":"https:\/\/noticiasya.com\/#organization","name":"Noticias","url":"https:\/\/noticiasya.com\/","logo":{"@type":"ImageObject","inLanguage":"es","@id":"https:\/\/noticiasya.com\/#\/schema\/logo\/image\/","url":"https:\/\/noticiasya.com\/wp-content\/uploads\/sites\/22\/2023\/12\/logo-nacional.png","contentUrl":"https:\/\/noticiasya.com\/wp-content\/uploads\/sites\/22\/2023\/12\/logo-nacional.png","width":1801,"height":691,"caption":"Noticias"},"image":{"@id":"https:\/\/noticiasya.com\/#\/schema\/logo\/image\/"}}]}},"parsely":{"version":"1.1.0","canonical_url":"https:\/\/noticiasya.com\/midland-odessa\/2025\/12\/15\/ilia-topuria-ausencia-ufc-denuncia-extorsion-orix\/","smart_links":{"inbound":0,"outbound":0},"traffic_boost_suggestions_count":0,"meta":{"@context":"https:\/\/schema.org","@type":"NewsArticle","headline":"Ilia Topuria habl\u00f3 de su ausencia en la UFC y denunci\u00f3 presuntas extorsiones: &#171;Mi verdad no necesita gritar&#187;","url":"http:\/\/noticiasya.com\/midland-odessa\/2025\/12\/15\/ilia-topuria-ausencia-ufc-denuncia-extorsion-orix\/","mainEntityOfPage":{"@type":"WebPage","@id":"http:\/\/noticiasya.com\/midland-odessa\/2025\/12\/15\/ilia-topuria-ausencia-ufc-denuncia-extorsion-orix\/"},"thumbnailUrl":"","image":{"@type":"ImageObject","url":""},"articleSection":"Noticias Nacionales","author":[],"creator":[],"publisher":{"@type":"Organization","name":"Noticias","logo":""},"keywords":[],"dateCreated":"2025-12-15T21:03:51Z","datePublished":"2025-12-15T21:03:51Z","dateModified":"2025-12-15T21:03:51Z"},"rendered":"<script type=\"application\/ld+json\" class=\"wp-parsely-metadata\">{\"@context\":\"https:\\\/\\\/schema.org\",\"@type\":\"NewsArticle\",\"headline\":\"Ilia Topuria habl\\u00f3 de su ausencia en la UFC y denunci\\u00f3 presuntas extorsiones: &#171;Mi verdad no necesita gritar&#187;\",\"url\":\"http:\\\/\\\/noticiasya.com\\\/midland-odessa\\\/2025\\\/12\\\/15\\\/ilia-topuria-ausencia-ufc-denuncia-extorsion-orix\\\/\",\"mainEntityOfPage\":{\"@type\":\"WebPage\",\"@id\":\"http:\\\/\\\/noticiasya.com\\\/midland-odessa\\\/2025\\\/12\\\/15\\\/ilia-topuria-ausencia-ufc-denuncia-extorsion-orix\\\/\"},\"thumbnailUrl\":\"\",\"image\":{\"@type\":\"ImageObject\",\"url\":\"\"},\"articleSection\":\"Noticias Nacionales\",\"author\":[],\"creator\":[],\"publisher\":{\"@type\":\"Organization\",\"name\":\"Noticias\",\"logo\":\"\"},\"keywords\":[],\"dateCreated\":\"2025-12-15T21:03:51Z\",\"datePublished\":\"2025-12-15T21:03:51Z\",\"dateModified\":\"2025-12-15T21:03:51Z\"}<\/script>","tracker_url":"https:\/\/cdn.parsely.com\/keys\/noticiasya.com\/p.js"},"jetpack_featured_media_url":"","jetpack-related-posts":[{"id":1464091,"url":"https:\/\/noticiasya.com\/midland-odessa\/2025\/06\/30\/topuria-makhachev-pelea-ufc-orix\/","url_meta":{"origin":1469283,"position":0},"title":"\u00bfQu\u00e9 debe pasar para que se pueda dar el combate entre Ilia Topuria e Islam Makhachev?","author":"","date":"junio 30, 2025","format":false,"excerpt":"Ilia Topuria e Islam Makhachev juegan, como si de dos ni\u00f1os del patio de la escuela se tratase, al gato y el rat\u00f3n. El georgiano-espa\u00f1ol persigue al ruso, que si bien tiene en el radar un eventual encuentro con el ahora campe\u00f3n del peso ligero de la UFC sigue apuntando\u2026","rel":"","context":"In &quot;Noticias Nacionales&quot;","block_context":{"text":"Noticias Nacionales","link":"https:\/\/noticiasya.com\/midland-odessa\/categoria\/noticias-nacionales"},"img":{"alt_text":"","src":"","width":0,"height":0},"classes":[]},{"id":1464024,"url":"https:\/\/noticiasya.com\/midland-odessa\/2025\/06\/27\/quien-es-ilia-topuria-matador-mma-ufc-orix\/","url_meta":{"origin":1469283,"position":1},"title":"\u00bfQui\u00e9n es Ilia Topuria? Vida y carrera de &#171;El Matador&#187; georgiano-espa\u00f1ol de la MMA","author":"","date":"junio 27, 2025","format":false,"excerpt":"\u201cSoy el mejor peleador del mundo, lo voy a noquear en el primer asalto\u201d. Esa es la carta de presentaci\u00f3n de Ilia Torupia, declaraci\u00f3n que hizo previo al combate por el t\u00edtulo ligero en la UFC 317, que sostendr\u00e1 este s\u00e1bado 28 de junio ante Charles Oliveira.Dana White, actual presidente\u2026","rel":"","context":"In &quot;Noticias Nacionales&quot;","block_context":{"text":"Noticias Nacionales","link":"https:\/\/noticiasya.com\/midland-odessa\/categoria\/noticias-nacionales"},"img":{"alt_text":"","src":"","width":0,"height":0},"classes":[]},{"id":1464041,"url":"https:\/\/noticiasya.com\/midland-odessa\/2025\/06\/28\/record-ilia-topuria-ufc-titulos-combates-ganados-orix\/","url_meta":{"origin":1469283,"position":2},"title":"As\u00ed est\u00e1 el r\u00e9cord de Ilia Topuria en la UFC: t\u00edtulos y combates ganados por categor\u00eda","author":"","date":"junio 28, 2025","format":false,"excerpt":"El luchador de artes marciales mixtas (MMA, por sus siglas en ingl\u00e9s) Ilia Topuria hizo historia en el 2024 al convertirse en el primer espa\u00f1ol en coronarse campe\u00f3n de la UFC. El georgiano-espa\u00f1ol obtuvo el t\u00edtulo del peso pluma luego de derrotar en dos rounds a Alexander Volkanovski en 3\u2026","rel":"","context":"In &quot;Noticias Nacionales&quot;","block_context":{"text":"Noticias Nacionales","link":"https:\/\/noticiasya.com\/midland-odessa\/categoria\/noticias-nacionales"},"img":{"alt_text":"","src":"","width":0,"height":0},"classes":[]},{"id":1472024,"url":"https:\/\/noticiasya.com\/midland-odessa\/2026\/03\/09\/ufc-freedom-250-casa-blanca-topuria-orix\/","url_meta":{"origin":1469283,"position":3},"title":"UFC confirm\u00f3 la cartelera para el evento en la Casa Blanca, con Ilia Topuria vs. Justin Gaethje como plato fuerte","author":"","date":"marzo 9, 2026","format":false,"excerpt":"La espera se termin\u00f3. Por fin se revel\u00f3 la tan esperada cartelera del UFC Freedom 250 , una velada especial que la compa\u00f1\u00eda de artes marciales mixtas de Dana White realizar\u00e1 en la mism\u00edsima Casa Blanca, con motivo de las celebraciones del 250 aniversario de la independencia estadounidense (de all\u00ed\u2026","rel":"","context":"In &quot;Noticias Nacionales&quot;","block_context":{"text":"Noticias Nacionales","link":"https:\/\/noticiasya.com\/midland-odessa\/categoria\/noticias-nacionales"},"img":{"alt_text":"","src":"","width":0,"height":0},"classes":[]},{"id":1470672,"url":"https:\/\/noticiasya.com\/midland-odessa\/2026\/01\/30\/ufc-325-volkanovski-lopes-cartelera-hora-orix\/","url_meta":{"origin":1469283,"position":4},"title":"UFC 325 con la revancha Volkanovski vs. Diego Lopes como plato fuerte: cartelera, previa, hora y c\u00f3mo ver por TV e internet","author":"","date":"enero 30, 2026","format":false,"excerpt":"A pesar de que las artes marciales mixtas todav\u00eda se deleitan con el UFC 324 y la excelente pelea principal donde Justin Gaethje tumb\u00f3 al ascendente Paddy Pimblett, la compa\u00f1\u00eda de Dana White ya tiene listo el segundo gran evento de este 2026: el UFC 325.Apenas una semana despu\u00e9s de\u2026","rel":"","context":"In &quot;Noticias Nacionales&quot;","block_context":{"text":"Noticias Nacionales","link":"https:\/\/noticiasya.com\/midland-odessa\/categoria\/noticias-nacionales"},"img":{"alt_text":"","src":"","width":0,"height":0},"classes":[]},{"id":1470465,"url":"https:\/\/noticiasya.com\/midland-odessa\/2026\/01\/25\/ufc-324-gaethje-campeon-interino-pimblett-orix\/","url_meta":{"origin":1469283,"position":5},"title":"UFC 324: Justin Gaethje vence a Paddy Pimblett y es el nuevo campe\u00f3n interino de peso ligero","author":"","date":"enero 25, 2026","format":false,"excerpt":"El UFC dej\u00f3 este s\u00e1bado y madrugada de domingo su primera gran velada del 2026. La noche de Las Vegas dej\u00f3 combates de alto vuelo, entre los que se destac\u00f3 el evento principal, el Justin Gaethje vs. Paddy Pimblett por el t\u00edtulo interino de peso ligero, divisi\u00f3n donde reina Ilia\u2026","rel":"","context":"In &quot;Noticias Nacionales&quot;","block_context":{"text":"Noticias Nacionales","link":"https:\/\/noticiasya.com\/midland-odessa\/categoria\/noticias-nacionales"},"img":{"alt_text":"","src":"","width":0,"height":0},"classes":[]}],"jetpack_sharing_enabled":true,"_links":{"self":[{"href":"https:\/\/noticiasya.com\/midland-odessa\/wp-json\/wp\/v2\/posts\/1469283","targetHints":{"allow":["GET"]}}],"collection":[{"href":"https:\/\/noticiasya.com\/midland-odessa\/wp-json\/wp\/v2\/posts"}],"about":[{"href":"https:\/\/noticiasya.com\/midland-odessa\/wp-json\/wp\/v2\/types\/post"}],"replies":[{"embeddable":true,"href":"https:\/\/noticiasya.com\/midland-odessa\/wp-json\/wp\/v2\/comments?post=1469283"}],"version-history":[{"count":0,"href":"https:\/\/noticiasya.com\/midland-odessa\/wp-json\/wp\/v2\/posts\/1469283\/revisions"}],"wp:attachment":[{"href":"https:\/\/noticiasya.com\/midland-odessa\/wp-json\/wp\/v2\/media?parent=1469283"}],"wp:term":[{"taxonomy":"category","embeddable":true,"href":"https:\/\/noticiasya.com\/midland-odessa\/wp-json\/wp\/v2\/categories?post=1469283"},{"taxonomy":"post_tag","embeddable":true,"href":"https:\/\/noticiasya.com\/midland-odessa\/wp-json\/wp\/v2\/tags?post=1469283"}],"curies":[{"name":"wp","href":"https:\/\/api.w.org\/{rel}","templated":true}]}}