{"id":1469284,"date":"2025-12-15T14:03:39","date_gmt":"2025-12-15T22:03:39","guid":{"rendered":"https:\/\/noticiasya.com\/2025\/12\/15\/mineria-ilegal-oro-deplaza-cocaina-traficantes-orix\/"},"modified":"2025-12-15T14:03:39","modified_gmt":"2025-12-15T22:03:39","slug":"mineria-ilegal-oro-deplaza-cocaina-traficantes-orix","status":"publish","type":"post","link":"https:\/\/noticiasya.com\/midland-odessa\/2025\/12\/15\/mineria-ilegal-oro-deplaza-cocaina-traficantes-orix\/","title":{"rendered":"Por qu\u00e9 la miner\u00eda ilegal de oro est\u00e1 desplazando a la coca\u00edna como la droga preferida de los traficantes en Am\u00e9rica Latina"},"content":{"rendered":"<p>Los <a href=\"https:\/\/cnnespanol.cnn.com\/2025\/11\/11\/eeuu\/caribe-pacifico-ataques-eeuu-narcotrafico-cronologia-orix\">ataques con drones<\/a> del Gobierno de Trump contra embarcaciones que supuestamente tra\u00edan drogas il\u00edcitas a Estados Unidos se producen en medio de una explosi\u00f3n en la cantidad de coca\u00edna producida en Colombia y Per\u00fa.<\/p>\n<p>Pero hay un nuevo factor \u2014letal\u2014 que est\u00e1 impulsando la producci\u00f3n, especialmente en Per\u00fa: la relaci\u00f3n entre el cultivo de coca y la miner\u00eda de oro ilegal.<\/p>\n<p>Es una combinaci\u00f3n t\u00f3xica que est\u00e1 enriqueciendo a bandas criminales y funcionarios corruptos, mientras el precio del oro alcanza nuevos m\u00e1ximos en los mercados mundiales. Y est\u00e1 echando ra\u00edces en otros estados, incluidos Ecuador, Brasil y Venezuela.<\/p>\n<p>En julio, el entonces canciller de Per\u00fa, Elmer Schialer, dijo que la econom\u00eda del oro ilegal en Per\u00fa era siete veces mayor que el comercio de coca\u00edna.<\/p>\n<p>Colombia ha sido tradicionalmente el <a href=\"https:\/\/cnnespanol.cnn.com\/2025\/11\/12\/colombia\/petro-suspende-inteligencia-eeuu-afetaciones-orix\">epicentro del cultivo<\/a> de coca en Sudam\u00e9rica. Pero la producci\u00f3n de coca\u00edna se dispar\u00f3 en Per\u00fa, donde se produjeron m\u00e1s de 800 toneladas el a\u00f1o pasado, seg\u00fan el Departamento de Estado de los Estados Unidos.<\/p>\n<p>El cultivo de coca se ha extendido desde \u00e1reas monta\u00f1osas remotas a las tierras bajas de Per\u00fa, una vasta extensi\u00f3n de terreno que colinda con Brasil y Colombia, donde prosperan nuevas variantes.<\/p>\n<p>La regi\u00f3n de Ucayali ha visto el mayor aumento en el cultivo de coca, as\u00ed como pistas de aterrizaje clandestinas y rutas de salida de drogas, seg\u00fan un informe reciente de Amazon Watch elaborado por Ricardo Sober\u00f3n, exdirector de Devida, la agencia oficial peruana que combate el flujo de drogas ilegales.<\/p>\n<p>Una investigaci\u00f3n realizada el a\u00f1o pasado por el grupo Mongabay identific\u00f3 128 pistas de aterrizaje clandestinas abiertas en la selva a lo largo de seis regiones peruanas, algunas rodeadas de plantaciones de coca.<\/p>\n<p>La pandemia de covid-19 desencaden\u00f3 una expansi\u00f3n exponencial de la miner\u00eda ilegal de oro y la producci\u00f3n de coca, seg\u00fan Dan Collyns, un escritor especializado en crimen organizado en la regi\u00f3n amaz\u00f3nica.<\/p>\n<p>La polic\u00eda impon\u00eda un confinamiento estricto, dando rienda suelta a grupos de crimen organizado para expandir su control territorial, en particular en \u00e1reas remotas. Y el confinamiento signific\u00f3 que muchos peruanos, m\u00e1s del 70\u202f% de los cuales trabajan en la econom\u00eda informal, se vieron obligados a buscar ingresos alternativos, a menudo en ocupaciones ilegales, dijo Collyns.<\/p>\n<p>Tradicionalmente, seg\u00fan Collyns, los productores peruanos han trabajado principalmente con c\u00e1rteles mexicanos para enviar la droga procesada desde la costa pac\u00edfica de Per\u00fa. Varios ataques estadounidenses han tenido como objetivo embarcaciones que supuestamente transportaban drogas en el Pac\u00edfico, pero la gran mayor\u00eda de la coca\u00edna peruana est\u00e1 destinada a Europa, seg\u00fan un exministro del Interior peruano, Rub\u00e9n Vargas.<\/p>\n<p>El nexo entre el cultivo de coca y la miner\u00eda ilegal de oro est\u00e1 ofreciendo un camino m\u00e1s r\u00e1pido hacia la riqueza para las empresas criminales en toda la regi\u00f3n amaz\u00f3nica \u2014 desde Per\u00fa y Ecuador hasta Colombia y Venezuela. Es lo que se conoce como narco-miner\u00eda, seg\u00fan Collyns.<\/p>\n<p>La ventaja es sencilla.<\/p>\n<p>La coca\u00edna es ilegal desde su cultivo hasta su venta en las calles. Gran parte del oro peruano se extrae de forma il\u00edcita pero, una vez refinado, es indistinguible del metal leg\u00edtimo y su origen es imposible de rastrear.<\/p>\n<p>\u201cLas organizaciones criminales han descubierto que la miner\u00eda ilegal de oro es un activo m\u00e1s seguro y lucrativo en el que pueden invertir dinero del narcotr\u00e1fico y, a su vez, lavar los activos m\u00e1s f\u00e1cilmente,\u201d seg\u00fan Collyns, autor del pr\u00f3ximo libro \u201cBlood Gold: The Shocking True Story of the Amazon Gold Rush\u201d.<\/p>\n<p> Las bandas utilizan \u201clas mismas rutas de contrabando, log\u00edstica, insumos precursores como el di\u00e9sel, y aprovechan su control territorial para explotar los recursos disponibles: oro, coca, madera,\u201d a\u00f1adi\u00f3.<\/p>\n<p>A lo largo de la frontera amaz\u00f3nica de Per\u00fa con Colombia, disidentes del grupo guerrillero colombiano FARC controlan la producci\u00f3n y distribuci\u00f3n. Mientras que a lo largo de la frontera m\u00e1s extensa de Per\u00fa con Brasil, \u201cel Comando Vermelho (Comando Rojo), uno de los grupos delictivos m\u00e1s poderosos de Brasil, se ha establecido,\u201d seg\u00fan Collyns.<\/p>\n<p>\u201cInicialmente, alrededor de 2021, vimos c\u00f3mo compet\u00eda por el control de la zona trifronteriza de Per\u00fa, Brasil y Colombia. Actualmente, sabemos que gestiona cultivos il\u00edcitos de coca en Ucayali, lo que conlleva pr\u00e1cticas violentas en la regi\u00f3n, pero tambi\u00e9n controla operaciones mineras y la \u2018seguridad\u2019 en Madre de Dios\u201d, dijo Pamela Huerta, periodista de investigaci\u00f3n del proyecto Amazon Underground.<\/p>\n<p>Vargas, el exministro del Interior, dijo a CNN: \u201cEl Comando Rojo se ha enganchado a estas dos mercanc\u00edas de la econom\u00eda ilegal y est\u00e1 tratando de controlar las rutas y los centros de producci\u00f3n\u201d.<\/p>\n<p>Ahora est\u00e1 enviando coca\u00edna a Brasil para abastecer el mercado all\u00ed, que crece r\u00e1pidamente, y mientras tanto avivando lo que Vargas llama el peor aumento del crimen en la historia de Per\u00fa.<\/p>\n<p>M\u00e1s al este, a trav\u00e9s de la cuenca amaz\u00f3nica, las bandas colombianas est\u00e1n trabajando con grupos venezolanos tanto en miner\u00eda ilegal como en el tr\u00e1fico de coca\u00edna.<\/p>\n<p>Seg\u00fan el grupo de expertos global Crisis Group, hay \u201cminer\u00eda ilegal descontrolada\u201d en las regiones del sur de Venezuela, Amazonas y Bol\u00edvar, \u201cfortaleciendo a las empresas criminales venezolanas, grupos guerrilleros colombianos y \u00e9lites corruptas\u201d.<\/p>\n<p>Crisis Group estima que Venezuela alberga ahora m\u00e1s del 30 por ciento de los sitios de miner\u00eda ilegal en la cuenca del Amazonas.<\/p>\n<p>\u201cEn algunos casos, miembros de las fuerzas armadas han asumido el control exclusivo de los yacimientos para su propio enriquecimiento personal\u201d, seg\u00fan un informe reciente de Crisis Group. Las bandas colombianas y los sindicatos venezolanos conocidos como sistemas operan en la regi\u00f3n e incluso han comenzado a expandirse hacia la vecina Guyana, dice.<\/p>\n<p>\u201cLas rutas de narcotr\u00e1fico en el sur de Venezuela atraviesan el mismo terreno selv\u00e1tico remoto, y las ganancias del comercio de narc\u00f3ticos a menudo se lavan a trav\u00e9s de inversiones en la industria del oro\u201d.<\/p>\n<p>Ecuador tambi\u00e9n ha visto un aumento de delitos relacionados con minas de oro ilegales cerca de la frontera peruana, mientras que una despiadada banda peruana que se autodenomina Guardianes de la Trocha dirige una red de extorsi\u00f3n en minas ilegales.<\/p>\n<p>A principios de este a\u00f1o, supuestamente los Guardianes asesinaron a tiros a Ana Denisse Garc\u00eda Solsol, una figura prominente en el pueblo peruano de La Pampa. Los fiscales locales creen que fosas comunes contienen los cuerpos de m\u00e1s de 100 personas asesinadas por el grupo.<\/p>\n<p>Frente a estas poderosas bandas y vastas extensiones de bosque sin vigilancia, los esfuerzos de erradicaci\u00f3n y las investigaciones penales son espor\u00e1dicos.<\/p>\n<p>El Ministerio del Interior de Per\u00fa dice que erradic\u00f3 unas 27.000 hect\u00e1reas de cultivo de coca en los primeros nueve meses de este a\u00f1o. Pero la erradicaci\u00f3n tambi\u00e9n ha agravado la deforestaci\u00f3n al empujar el cultivo a zonas m\u00e1s remotas, dijo Sober\u00f3n.<\/p>\n<p>\u201cLa deforestaci\u00f3n en la Amazon\u00eda peruana, el envenenamiento de sus r\u00edos y la p\u00e9rdida de flora y fauna silvestre, adem\u00e1s del impacto en las comunidades que han vivido ancestralmente en estos territorios, son irreversibles a estas alturas\u201d, dijo Huerta a CNN.<\/p>\n<p>La pol\u00edtica vol\u00e1til y fracturada de Per\u00fa, as\u00ed como la corrupci\u00f3n generalizada, han agravado la situaci\u00f3n. Ha habido m\u00e1s de una docena de ministros del Interior en los \u00faltimos cinco a\u00f1os.<\/p>\n<p>A menudo, la tala y miner\u00eda ilegales son resultado de la concesi\u00f3n corrupta de licencias y permisos por parte de funcionarios p\u00fablicos electos y altos bur\u00f3cratas, seg\u00fan un informe de la Oficina de las Naciones Unidas contra la Droga.<\/p>\n<p>\u201cEl resultado es una seguridad interna d\u00e9bil y una falta de continuidad en la aplicaci\u00f3n de la ley. Al mismo tiempo, lobbies dentro del impopular Congreso de Per\u00fa favorecen la miner\u00eda ilegal de oro\u201d, dijo la escritora Collyns.<\/p>\n<p>Parte de los ingresos de esos negocios est\u00e1n llegando a la pol\u00edtica peruana de cara a las elecciones del pr\u00f3ximo a\u00f1o.<\/p>\n<p>Vargas, el exministro del Interior, coincide en que la respuesta a la miner\u00eda ilegal est\u00e1 contaminada por sus v\u00ednculos con el sistema pol\u00edtico.<\/p>\n<p>Adem\u00e1s, dijo, \u201cla lucha contra las drogas ha sido abandonada\u201d en las regiones donde el consumo es m\u00e1s alto, incluyendo Europa y Brasil.<\/p>\n<p>\u201cEst\u00e1n convirtiendo a los pa\u00edses productores en terreno f\u00e9rtil para los grupos criminales transnacionales.\u201d<\/p>\n<p>The-CNN-Wire<br \/>&trade; &amp; &copy; 2025 Cable News Network, Inc., a Warner Bros. Discovery Company. All rights reserved.<\/p>\n","protected":false},"excerpt":{"rendered":"<p>Los ataques con drones del Gobierno de Trump contra embarcaciones que supuestamente tra\u00edan drogas il\u00edcitas a Estados Unidos se producen en medio de una explosi\u00f3n en la cantidad de coca\u00edna producida en Colombia y Per\u00fa. Pero hay un nuevo factor \u2014letal\u2014 que est\u00e1 impulsando la producci\u00f3n, especialmente en Per\u00fa: la relaci\u00f3n entre el cultivo de [&hellip;]<\/p>\n","protected":false},"author":0,"featured_media":0,"comment_status":"open","ping_status":"open","sticky":false,"template":"","format":"standard","meta":{"_jetpack_memberships_contains_paid_content":false,"footnotes":""},"categories":[10],"tags":[],"class_list":["post-1469284","post","type-post","status-publish","format-standard","hentry","category-noticias-nacionales","market-global"],"yoast_head":"<!-- This site is optimized with the Yoast SEO plugin v24.4 - https:\/\/yoast.com\/wordpress\/plugins\/seo\/ -->\n<title>Por qu\u00e9 la miner\u00eda ilegal de oro est\u00e1 desplazando a la coca\u00edna como la droga preferida de los traficantes en Am\u00e9rica Latina - Noticias<\/title>\n<meta name=\"robots\" content=\"index, follow, max-snippet:-1, max-image-preview:large, max-video-preview:-1\" \/>\n<link rel=\"canonical\" href=\"https:\/\/noticiasya.com\/2025\/12\/15\/mineria-ilegal-oro-deplaza-cocaina-traficantes-orix\/\" \/>\n<meta property=\"og:locale\" content=\"es_ES\" \/>\n<meta property=\"og:type\" content=\"article\" \/>\n<meta property=\"og:title\" content=\"Por qu\u00e9 la miner\u00eda ilegal de oro est\u00e1 desplazando a la coca\u00edna como la droga preferida de los traficantes en Am\u00e9rica Latina - Noticias\" \/>\n<meta property=\"og:description\" content=\"Los ataques con drones del Gobierno de Trump contra embarcaciones que supuestamente tra\u00edan drogas il\u00edcitas a Estados Unidos se producen en medio de una explosi\u00f3n en la cantidad de coca\u00edna producida en Colombia y Per\u00fa. Pero hay un nuevo factor \u2014letal\u2014 que est\u00e1 impulsando la producci\u00f3n, especialmente en Per\u00fa: la relaci\u00f3n entre el cultivo de [&hellip;]\" \/>\n<meta property=\"og:url\" content=\"https:\/\/noticiasya.com\/2025\/12\/15\/mineria-ilegal-oro-deplaza-cocaina-traficantes-orix\/\" \/>\n<meta property=\"og:site_name\" content=\"Noticias\" \/>\n<meta property=\"article:published_time\" content=\"2025-12-15T22:03:39+00:00\" \/>\n<meta name=\"twitter:card\" content=\"summary_large_image\" \/>\n<meta name=\"twitter:label1\" content=\"Est. reading time\" \/>\n\t<meta name=\"twitter:data1\" content=\"7 minutos\" \/>\n<script type=\"application\/ld+json\" class=\"yoast-schema-graph\">{\"@context\":\"https:\/\/schema.org\",\"@graph\":[{\"@type\":\"Article\",\"@id\":\"https:\/\/noticiasya.com\/2025\/12\/15\/mineria-ilegal-oro-deplaza-cocaina-traficantes-orix\/#article\",\"isPartOf\":{\"@id\":\"https:\/\/noticiasya.com\/2025\/12\/15\/mineria-ilegal-oro-deplaza-cocaina-traficantes-orix\/\"},\"author\":{\"name\":\"\",\"@id\":\"\"},\"headline\":\"Por qu\u00e9 la miner\u00eda ilegal de oro est\u00e1 desplazando a la coca\u00edna como la droga preferida de los traficantes en Am\u00e9rica Latina\",\"datePublished\":\"2025-12-15T22:03:39+00:00\",\"mainEntityOfPage\":{\"@id\":\"https:\/\/noticiasya.com\/2025\/12\/15\/mineria-ilegal-oro-deplaza-cocaina-traficantes-orix\/\"},\"wordCount\":1509,\"commentCount\":0,\"publisher\":{\"@id\":\"https:\/\/noticiasya.com\/#organization\"},\"articleSection\":[\"Noticias Nacionales\"],\"inLanguage\":\"es\",\"potentialAction\":[{\"@type\":\"CommentAction\",\"name\":\"Comment\",\"target\":[\"https:\/\/noticiasya.com\/2025\/12\/15\/mineria-ilegal-oro-deplaza-cocaina-traficantes-orix\/#respond\"]}]},{\"@type\":\"WebPage\",\"@id\":\"https:\/\/noticiasya.com\/2025\/12\/15\/mineria-ilegal-oro-deplaza-cocaina-traficantes-orix\/\",\"url\":\"https:\/\/noticiasya.com\/2025\/12\/15\/mineria-ilegal-oro-deplaza-cocaina-traficantes-orix\/\",\"name\":\"Por qu\u00e9 la miner\u00eda ilegal de oro est\u00e1 desplazando a la coca\u00edna como la droga preferida de los traficantes en Am\u00e9rica Latina - Noticias\",\"isPartOf\":{\"@id\":\"https:\/\/noticiasya.com\/#website\"},\"datePublished\":\"2025-12-15T22:03:39+00:00\",\"breadcrumb\":{\"@id\":\"https:\/\/noticiasya.com\/2025\/12\/15\/mineria-ilegal-oro-deplaza-cocaina-traficantes-orix\/#breadcrumb\"},\"inLanguage\":\"es\",\"potentialAction\":[{\"@type\":\"ReadAction\",\"target\":[\"https:\/\/noticiasya.com\/2025\/12\/15\/mineria-ilegal-oro-deplaza-cocaina-traficantes-orix\/\"]}]},{\"@type\":\"BreadcrumbList\",\"@id\":\"https:\/\/noticiasya.com\/2025\/12\/15\/mineria-ilegal-oro-deplaza-cocaina-traficantes-orix\/#breadcrumb\",\"itemListElement\":[{\"@type\":\"ListItem\",\"position\":1,\"name\":\"Home\",\"item\":\"https:\/\/noticiasya.com\/\"},{\"@type\":\"ListItem\",\"position\":2,\"name\":\"Por qu\u00e9 la miner\u00eda ilegal de oro est\u00e1 desplazando a la coca\u00edna como la droga preferida de los traficantes en Am\u00e9rica Latina\"}]},{\"@type\":\"WebSite\",\"@id\":\"https:\/\/noticiasya.com\/#website\",\"url\":\"https:\/\/noticiasya.com\/\",\"name\":\"Noticias\",\"description\":\"Lo que importa\",\"publisher\":{\"@id\":\"https:\/\/noticiasya.com\/#organization\"},\"potentialAction\":[{\"@type\":\"SearchAction\",\"target\":{\"@type\":\"EntryPoint\",\"urlTemplate\":\"https:\/\/noticiasya.com\/?s={search_term_string}\"},\"query-input\":{\"@type\":\"PropertyValueSpecification\",\"valueRequired\":true,\"valueName\":\"search_term_string\"}}],\"inLanguage\":\"es\"},{\"@type\":\"Organization\",\"@id\":\"https:\/\/noticiasya.com\/#organization\",\"name\":\"Noticias\",\"url\":\"https:\/\/noticiasya.com\/\",\"logo\":{\"@type\":\"ImageObject\",\"inLanguage\":\"es\",\"@id\":\"https:\/\/noticiasya.com\/#\/schema\/logo\/image\/\",\"url\":\"https:\/\/noticiasya.com\/wp-content\/uploads\/sites\/22\/2023\/12\/logo-nacional.png\",\"contentUrl\":\"https:\/\/noticiasya.com\/wp-content\/uploads\/sites\/22\/2023\/12\/logo-nacional.png\",\"width\":1801,\"height\":691,\"caption\":\"Noticias\"},\"image\":{\"@id\":\"https:\/\/noticiasya.com\/#\/schema\/logo\/image\/\"}}]}<\/script>\n<!-- \/ Yoast SEO plugin. -->","yoast_head_json":{"title":"Por qu\u00e9 la miner\u00eda ilegal de oro est\u00e1 desplazando a la coca\u00edna como la droga preferida de los traficantes en Am\u00e9rica Latina - Noticias","robots":{"index":"index","follow":"follow","max-snippet":"max-snippet:-1","max-image-preview":"max-image-preview:large","max-video-preview":"max-video-preview:-1"},"canonical":"https:\/\/noticiasya.com\/2025\/12\/15\/mineria-ilegal-oro-deplaza-cocaina-traficantes-orix\/","og_locale":"es_ES","og_type":"article","og_title":"Por qu\u00e9 la miner\u00eda ilegal de oro est\u00e1 desplazando a la coca\u00edna como la droga preferida de los traficantes en Am\u00e9rica Latina - Noticias","og_description":"Los ataques con drones del Gobierno de Trump contra embarcaciones que supuestamente tra\u00edan drogas il\u00edcitas a Estados Unidos se producen en medio de una explosi\u00f3n en la cantidad de coca\u00edna producida en Colombia y Per\u00fa. Pero hay un nuevo factor \u2014letal\u2014 que est\u00e1 impulsando la producci\u00f3n, especialmente en Per\u00fa: la relaci\u00f3n entre el cultivo de [&hellip;]","og_url":"https:\/\/noticiasya.com\/2025\/12\/15\/mineria-ilegal-oro-deplaza-cocaina-traficantes-orix\/","og_site_name":"Noticias","article_published_time":"2025-12-15T22:03:39+00:00","twitter_card":"summary_large_image","twitter_misc":{"Est. reading time":"7 minutos"},"schema":{"@context":"https:\/\/schema.org","@graph":[{"@type":"Article","@id":"https:\/\/noticiasya.com\/2025\/12\/15\/mineria-ilegal-oro-deplaza-cocaina-traficantes-orix\/#article","isPartOf":{"@id":"https:\/\/noticiasya.com\/2025\/12\/15\/mineria-ilegal-oro-deplaza-cocaina-traficantes-orix\/"},"author":{"name":"","@id":""},"headline":"Por qu\u00e9 la miner\u00eda ilegal de oro est\u00e1 desplazando a la coca\u00edna como la droga preferida de los traficantes en Am\u00e9rica Latina","datePublished":"2025-12-15T22:03:39+00:00","mainEntityOfPage":{"@id":"https:\/\/noticiasya.com\/2025\/12\/15\/mineria-ilegal-oro-deplaza-cocaina-traficantes-orix\/"},"wordCount":1509,"commentCount":0,"publisher":{"@id":"https:\/\/noticiasya.com\/#organization"},"articleSection":["Noticias Nacionales"],"inLanguage":"es","potentialAction":[{"@type":"CommentAction","name":"Comment","target":["https:\/\/noticiasya.com\/2025\/12\/15\/mineria-ilegal-oro-deplaza-cocaina-traficantes-orix\/#respond"]}]},{"@type":"WebPage","@id":"https:\/\/noticiasya.com\/2025\/12\/15\/mineria-ilegal-oro-deplaza-cocaina-traficantes-orix\/","url":"https:\/\/noticiasya.com\/2025\/12\/15\/mineria-ilegal-oro-deplaza-cocaina-traficantes-orix\/","name":"Por qu\u00e9 la miner\u00eda ilegal de oro est\u00e1 desplazando a la coca\u00edna como la droga preferida de los traficantes en Am\u00e9rica Latina - Noticias","isPartOf":{"@id":"https:\/\/noticiasya.com\/#website"},"datePublished":"2025-12-15T22:03:39+00:00","breadcrumb":{"@id":"https:\/\/noticiasya.com\/2025\/12\/15\/mineria-ilegal-oro-deplaza-cocaina-traficantes-orix\/#breadcrumb"},"inLanguage":"es","potentialAction":[{"@type":"ReadAction","target":["https:\/\/noticiasya.com\/2025\/12\/15\/mineria-ilegal-oro-deplaza-cocaina-traficantes-orix\/"]}]},{"@type":"BreadcrumbList","@id":"https:\/\/noticiasya.com\/2025\/12\/15\/mineria-ilegal-oro-deplaza-cocaina-traficantes-orix\/#breadcrumb","itemListElement":[{"@type":"ListItem","position":1,"name":"Home","item":"https:\/\/noticiasya.com\/"},{"@type":"ListItem","position":2,"name":"Por qu\u00e9 la miner\u00eda ilegal de oro est\u00e1 desplazando a la coca\u00edna como la droga preferida de los traficantes en Am\u00e9rica Latina"}]},{"@type":"WebSite","@id":"https:\/\/noticiasya.com\/#website","url":"https:\/\/noticiasya.com\/","name":"Noticias","description":"Lo que importa","publisher":{"@id":"https:\/\/noticiasya.com\/#organization"},"potentialAction":[{"@type":"SearchAction","target":{"@type":"EntryPoint","urlTemplate":"https:\/\/noticiasya.com\/?s={search_term_string}"},"query-input":{"@type":"PropertyValueSpecification","valueRequired":true,"valueName":"search_term_string"}}],"inLanguage":"es"},{"@type":"Organization","@id":"https:\/\/noticiasya.com\/#organization","name":"Noticias","url":"https:\/\/noticiasya.com\/","logo":{"@type":"ImageObject","inLanguage":"es","@id":"https:\/\/noticiasya.com\/#\/schema\/logo\/image\/","url":"https:\/\/noticiasya.com\/wp-content\/uploads\/sites\/22\/2023\/12\/logo-nacional.png","contentUrl":"https:\/\/noticiasya.com\/wp-content\/uploads\/sites\/22\/2023\/12\/logo-nacional.png","width":1801,"height":691,"caption":"Noticias"},"image":{"@id":"https:\/\/noticiasya.com\/#\/schema\/logo\/image\/"}}]}},"parsely":{"version":"1.1.0","canonical_url":"https:\/\/noticiasya.com\/midland-odessa\/2025\/12\/15\/mineria-ilegal-oro-deplaza-cocaina-traficantes-orix\/","smart_links":{"inbound":0,"outbound":0},"traffic_boost_suggestions_count":0,"meta":{"@context":"https:\/\/schema.org","@type":"NewsArticle","headline":"Por qu\u00e9 la miner\u00eda ilegal de oro est\u00e1 desplazando a la coca\u00edna como la droga preferida de los traficantes en Am\u00e9rica Latina","url":"http:\/\/noticiasya.com\/midland-odessa\/2025\/12\/15\/mineria-ilegal-oro-deplaza-cocaina-traficantes-orix\/","mainEntityOfPage":{"@type":"WebPage","@id":"http:\/\/noticiasya.com\/midland-odessa\/2025\/12\/15\/mineria-ilegal-oro-deplaza-cocaina-traficantes-orix\/"},"thumbnailUrl":"","image":{"@type":"ImageObject","url":""},"articleSection":"Noticias Nacionales","author":[],"creator":[],"publisher":{"@type":"Organization","name":"Noticias","logo":""},"keywords":[],"dateCreated":"2025-12-15T22:03:39Z","datePublished":"2025-12-15T22:03:39Z","dateModified":"2025-12-15T22:03:39Z"},"rendered":"<script type=\"application\/ld+json\" class=\"wp-parsely-metadata\">{\"@context\":\"https:\\\/\\\/schema.org\",\"@type\":\"NewsArticle\",\"headline\":\"Por qu\\u00e9 la miner\\u00eda ilegal de oro est\\u00e1 desplazando a la coca\\u00edna como la droga preferida de los traficantes en Am\\u00e9rica Latina\",\"url\":\"http:\\\/\\\/noticiasya.com\\\/midland-odessa\\\/2025\\\/12\\\/15\\\/mineria-ilegal-oro-deplaza-cocaina-traficantes-orix\\\/\",\"mainEntityOfPage\":{\"@type\":\"WebPage\",\"@id\":\"http:\\\/\\\/noticiasya.com\\\/midland-odessa\\\/2025\\\/12\\\/15\\\/mineria-ilegal-oro-deplaza-cocaina-traficantes-orix\\\/\"},\"thumbnailUrl\":\"\",\"image\":{\"@type\":\"ImageObject\",\"url\":\"\"},\"articleSection\":\"Noticias Nacionales\",\"author\":[],\"creator\":[],\"publisher\":{\"@type\":\"Organization\",\"name\":\"Noticias\",\"logo\":\"\"},\"keywords\":[],\"dateCreated\":\"2025-12-15T22:03:39Z\",\"datePublished\":\"2025-12-15T22:03:39Z\",\"dateModified\":\"2025-12-15T22:03:39Z\"}<\/script>","tracker_url":"https:\/\/cdn.parsely.com\/keys\/noticiasya.com\/p.js"},"jetpack_featured_media_url":"","jetpack-related-posts":[{"id":1462184,"url":"https:\/\/noticiasya.com\/midland-odessa\/2025\/05\/09\/ecuador-emboscada-militares-muertos-operacion-mineria-ilegal-orix\/","url_meta":{"origin":1469284,"position":0},"title":"Una emboscada deja 11 militares muertos durante una operaci\u00f3n contra la miner\u00eda ilegal en Ecuador","author":"","date":"mayo 9, 2025","format":false,"excerpt":"El Ej\u00e9rcito de Ecuador inform\u00f3 este viernes que 11 militares murieron y uno result\u00f3 herido luego de que una patrulla fue emboscada durante una operaci\u00f3n contra la miner\u00eda ilegal en el sector de Alto Punino, ubicado en la provincia de Orellana \u2015nororiente del pa\u00eds.Cuatro equipos de combate, en los que\u2026","rel":"","context":"In &quot;Noticias Nacionales&quot;","block_context":{"text":"Noticias Nacionales","link":"https:\/\/noticiasya.com\/midland-odessa\/categoria\/noticias-nacionales"},"img":{"alt_text":"","src":"","width":0,"height":0},"classes":[]},{"id":1469723,"url":"https:\/\/noticiasya.com\/midland-odessa\/2026\/01\/02\/peru-mineros-muertos-enfrentamiento-efe\/","url_meta":{"origin":1469284,"position":1},"title":"Al menos tres personas murieron en enfrentamiento en zona minera en el norte de Per\u00fa","author":"","date":"enero 2, 2026","format":false,"excerpt":"Al menos tres personas murieron durante un aparente enfrentamiento que se produjo en una bocamina en la provincia de Pataz, en el norte de Per\u00fa, que est\u00e1 siendo investigado actualmente por la Fiscal\u00eda y la Polic\u00eda Nacional, informaron este jueves fuentes oficiales.El Ministerio P\u00fablico se\u00f1al\u00f3 en la red social X\u2026","rel":"","context":"In &quot;Noticias Nacionales&quot;","block_context":{"text":"Noticias Nacionales","link":"https:\/\/noticiasya.com\/midland-odessa\/categoria\/noticias-nacionales"},"img":{"alt_text":"","src":"","width":0,"height":0},"classes":[]},{"id":1456121,"url":"https:\/\/noticiasya.com\/midland-odessa\/2024\/11\/27\/peru-censura-ministro-energia-minas-negligencia-protestas-orix\/","url_meta":{"origin":1469284,"position":2},"title":"Congreso de Per\u00fa censura a ministro de Energ\u00eda y Minas por negligencia en medio de protestas de mineros artesanales","author":"","date":"noviembre 27, 2024","format":false,"excerpt":"(CNN Espa\u00f1ol) \u2013\u2013 El Congreso de Per\u00fa censur\u00f3 al ministro de Energ\u00eda y Minas de Per\u00fa, R\u00f3mulo Mucho Mamani, por considerar que no ha sido capaz de resolver la problem\u00e1tica de la miner\u00eda artesanal, en medio de las protestas de mineros que acampan desde hace una semana en las afueras\u2026","rel":"","context":"In &quot;Noticias Nacionales&quot;","block_context":{"text":"Noticias Nacionales","link":"https:\/\/noticiasya.com\/midland-odessa\/categoria\/noticias-nacionales"},"img":{"alt_text":"","src":"","width":0,"height":0},"classes":[]},{"id":1461969,"url":"https:\/\/noticiasya.com\/midland-odessa\/2025\/05\/04\/mineros-asesinados-pataz-peru-orix\/","url_meta":{"origin":1469284,"position":3},"title":"Encuentran los cuerpos de 13 trabajadores de una mina en Per\u00fa que hab\u00edan sido reportados como secuestrados","author":"","date":"mayo 4, 2025","format":false,"excerpt":"El Ministerio del Interior de Per\u00fa inform\u00f3 este domingo del hallazgo de los cuerpos de trece mineros que hab\u00edan sido reportados como secuestrados en la comunidad de Pataz, a unos 900 kil\u00f3metros al norte de Lima, la capital.El hallazgo, seg\u00fan las autoridades, se hizo en una mina d\u00edas despu\u00e9s de\u2026","rel":"","context":"In &quot;Noticias Nacionales&quot;","block_context":{"text":"Noticias Nacionales","link":"https:\/\/noticiasya.com\/midland-odessa\/categoria\/noticias-nacionales"},"img":{"alt_text":"","src":"","width":0,"height":0},"classes":[]},{"id":1456173,"url":"https:\/\/noticiasya.com\/midland-odessa\/2024\/11\/29\/congreso-peru-amplia-vigencia-polemica-licencia-mineria-orix\/","url_meta":{"origin":1469284,"position":4},"title":"El Congreso de Per\u00fa ampl\u00eda seis meses la vigencia de pol\u00e9mica licencia de miner\u00eda a peque\u00f1a escala","author":"","date":"noviembre 29, 2024","format":false,"excerpt":"(CNN Espa\u00f1ol) -- El Pleno del Congreso de Per\u00fa aprob\u00f3 este viernes una extensi\u00f3n de seis meses para el Registro Integral para la Formalizaci\u00f3n de la peque\u00f1a miner\u00eda y miner\u00eda artesanal (Reinfo), que permite a productores dedicarse a esta actividad a peque\u00f1a escala sin que se considere un delito.La medida,\u2026","rel":"","context":"In &quot;Noticias Nacionales&quot;","block_context":{"text":"Noticias Nacionales","link":"https:\/\/noticiasya.com\/midland-odessa\/categoria\/noticias-nacionales"},"img":{"alt_text":"","src":"","width":0,"height":0},"classes":[]},{"id":1456163,"url":"https:\/\/noticiasya.com\/midland-odessa\/2024\/11\/29\/comision-congreso-peru-amplia-vigencia-polemica-licencia-mineria-orix\/","url_meta":{"origin":1469284,"position":5},"title":"Comisi\u00f3n del Congreso de Per\u00fa ampl\u00eda seis meses la vigencia de pol\u00e9mica licencia de miner\u00eda a peque\u00f1a escala","author":"","date":"noviembre 29, 2024","format":false,"excerpt":"(CNN Espa\u00f1ol) -- La Comisi\u00f3n de Energ\u00eda y Minas del Congreso de Per\u00fa aprob\u00f3 la extensi\u00f3n del Registro Integral para la Formalizaci\u00f3n de la peque\u00f1a miner\u00eda y miner\u00eda artesanal (Reinfo), que permite a productores dedicarse a esta actividad a peque\u00f1a escala sin que se considere un delito.El dictamen \u2015avalado por\u2026","rel":"","context":"In &quot;Noticias Nacionales&quot;","block_context":{"text":"Noticias Nacionales","link":"https:\/\/noticiasya.com\/midland-odessa\/categoria\/noticias-nacionales"},"img":{"alt_text":"","src":"","width":0,"height":0},"classes":[]}],"jetpack_sharing_enabled":true,"_links":{"self":[{"href":"https:\/\/noticiasya.com\/midland-odessa\/wp-json\/wp\/v2\/posts\/1469284","targetHints":{"allow":["GET"]}}],"collection":[{"href":"https:\/\/noticiasya.com\/midland-odessa\/wp-json\/wp\/v2\/posts"}],"about":[{"href":"https:\/\/noticiasya.com\/midland-odessa\/wp-json\/wp\/v2\/types\/post"}],"replies":[{"embeddable":true,"href":"https:\/\/noticiasya.com\/midland-odessa\/wp-json\/wp\/v2\/comments?post=1469284"}],"version-history":[{"count":0,"href":"https:\/\/noticiasya.com\/midland-odessa\/wp-json\/wp\/v2\/posts\/1469284\/revisions"}],"wp:attachment":[{"href":"https:\/\/noticiasya.com\/midland-odessa\/wp-json\/wp\/v2\/media?parent=1469284"}],"wp:term":[{"taxonomy":"category","embeddable":true,"href":"https:\/\/noticiasya.com\/midland-odessa\/wp-json\/wp\/v2\/categories?post=1469284"},{"taxonomy":"post_tag","embeddable":true,"href":"https:\/\/noticiasya.com\/midland-odessa\/wp-json\/wp\/v2\/tags?post=1469284"}],"curies":[{"name":"wp","href":"https:\/\/api.w.org\/{rel}","templated":true}]}}