{"id":1469286,"date":"2025-12-15T15:03:49","date_gmt":"2025-12-15T23:03:49","guid":{"rendered":"https:\/\/noticiasya.com\/2025\/12\/15\/premios-the-best-fifa-2025-nominados-orix\/"},"modified":"2025-12-15T15:03:49","modified_gmt":"2025-12-15T23:03:49","slug":"premios-the-best-fifa-2025-nominados-orix","status":"publish","type":"post","link":"https:\/\/noticiasya.com\/midland-odessa\/2025\/12\/15\/premios-the-best-fifa-2025-nominados-orix\/","title":{"rendered":"Sin Messi ni Cristiano, estos son todos los nominados de la FIFA para los premios The Best 2025"},"content":{"rendered":"<p>La FIFA anunci\u00f3 que este martes se conocer\u00e1 a todos los ganadores de los premios The Best, que reconocen a lo mejor del mundo del f\u00fatbol de la \u00faltima temporada.<\/p>\n<p>La votaci\u00f3n consta de cuatro patas: entrenadores y capitanes de las 211 selecciones masculinas y femeninas que son miembros de la FIFA, miembros de la prensa que cubren encuentros de f\u00fatbol y los aficionados que est\u00e9n registrados en FIFA.com. Cada uno de estos cuatro grupos tendr\u00e1 el mismo peso en la votaci\u00f3n, es decir, 25 %.<\/p>\n<p>La casa madre del f\u00fatbol mundial abri\u00f3 el per\u00edodo de votaci\u00f3n desde el jueves 6 de noviembre hasta el 28 de noviembre.<\/p>\n<p>Esta es la lista completa de candidatos:<\/p>\n<p>Ni el argentino Lionel Messi ni el portugu\u00e9s Cristiano Ronaldo est\u00e1n entre los once finalistas al mejor futbolista, en un listado que repite a los que fueron m\u00e1ximos candidatos al Bal\u00f3n de Oro de la revista France Football en septiembre: Ousmane Demb\u00e9l\u00e9, Lamine Yamal y Kylian Mbapp\u00e9.<\/p>\n<ul>\n<li>Ousmane Demb\u00e9l\u00e9 (Francia y Paris Saint-Germain)<\/li>\n<li>Achraf Hakimi (Marruecos y Paris Saint-Germain)<\/li>\n<li>Harry Kane (Inglaterra y FC Bayern Munich)<\/li>\n<li>Kylian Mbappe (Francia y Real Madrid)<\/li>\n<li>Nuno Mendes (Portugal y Paris Saint-Germain)<\/li>\n<li>Cole Palmer (Inglaterra y Chelsea)<\/li>\n<li>Pedri (Espa\u00f1a y Barcelona)<\/li>\n<li>Raphinha (Brasil y Barcelona)<\/li>\n<li>Mohamed Salah (Egipto y Liverpool)<\/li>\n<li>Vitinha (Portugal y Paris Saint-Germain)<\/li>\n<li>Lamine Yamal (Espa\u00f1a y Barcelona)<\/li>\n<\/ul>\n<ul>\n<li>Sandy Baltimor (Francia y Chelsea)<\/li>\n<li>Nathalie Bjorn (Suecia y Chelsea)<\/li>\n<li>Aitana Bonmati (Espa\u00f1a y Barcelona)<\/li>\n<li>Lucy Bronze (Inglaterra y Chelsea)<\/li>\n<li>Mariona Caldentey (Espa\u00f1a y Arsenal)<\/li>\n<li>Temwa Chawinga (Malawi y Kansas City Current)<\/li>\n<li>Diani Kadidiatou (Francia y Olympique Lyon)<\/li>\n<li>Melchie Dumornay (Hait\u00ed y Olympique Lyon)<\/li>\n<li>Patri Guijarro (Espa\u00f1a y Barcelona)<\/li>\n<li>Lindsey Heaps (Estados Unidos y Olympique Lyon)<\/li>\n<li>Lauren James (Inglaterra y Chelsea)<\/li>\n<li>Chloe Kelly (Inglaterra y Manchester City\/Arsenal)<\/li>\n<li>Ewa Pajor (Polonia y Barcelona)<\/li>\n<li>Claudia Pina (Espa\u00f1a y Barcelona)<\/li>\n<li>Alexia Putellas (Espa\u00f1a y Barcelona)<\/li>\n<li>Alessia Russo (Inglaterra y Arsenal)<\/li>\n<li>Leah Williamson (Inglaterra y Arsenal)<\/li>\n<\/ul>\n<ul>\n<li>Sonia Bompastor (Chelsea)<\/li>\n<li>Jonatan Gir\u00e1ldez (Washington Spirit\/Olympique Lyon)<\/li>\n<li>Seb Hines (Orlando Pride)<\/li>\n<li>Renee Slegers (Arsenal)<\/li>\n<li>Sarina Wiegman (Inglaterra)<\/li>\n<\/ul>\n<ul>\n<li>Javier Aguirre (M\u00e9xico)<\/li>\n<li>Mikel Arteta (Arsenal)<\/li>\n<li>Luis Enrique (Paris Saint-Germain)<\/li>\n<li>Hansi Flick (Barcelona)<\/li>\n<li>Enzo Maresca (Chelsea)<\/li>\n<li>Roberto Martinez (Portugal)<\/li>\n<li>Arne Slot (Liverpool)<\/li>\n<\/ul>\n<ul>\n<li>Ann-Katrin Berger (Alemania y Gotham FC)<\/li>\n<li>Cata Coll (Espa\u00f1a y Barcelona)<\/li>\n<li>Christiane Endler (Chile y Olympique Lyon)<\/li>\n<li>Hannah Hampton (Inglaterra y Chelsea)<\/li>\n<li>Anna Moorhouse (Inglaterra y Orlando Pride)<\/li>\n<li>Chiamaka Nnadozie (Nigeria y Paris FC\/Brighton &#038; Hove Albion)<\/li>\n<li>Phallon Tullis-Joyce (Estados Unidos y Manchester United)<\/li>\n<\/ul>\n<ul>\n<li>Alisson Becker (Brasil y Liverpool)<\/li>\n<li>Thibaut Courtois (B\u00e9lgica y Real Madrid)<\/li>\n<li>Gianluigi Donnarumma (Italia y Paris Saint-Germain\/Manchester City)<\/li>\n<li>Emiliano Mart\u00ednez (Argentina y Aston Villa)<\/li>\n<li>Manuel Neuer (Alemania y FC Bayern Munich)<\/li>\n<li>David Raya (Espa\u00f1a y Arsenal)<\/li>\n<li>Yann Sommer (Suiza e Inter de Milan)<\/li>\n<li>Wojciech Szcz\u0119sny (Polonia y Barcelona)<\/li>\n<\/ul>\n<ul>\n<li>Alejandro Ciganotto (Argentina)<\/li>\n<li>Manolo el del Bombo -p\u00f3stumo- (Espa\u00f1a)<\/li>\n<li>Zakho fans (Iraq)<\/li>\n<\/ul>\n<p>La <a href=\"https:\/\/www.fifa.com\/es\/the-best-fifa-football-awards\/2024\/articles\/aitana-bonmati-y-vinicius-jr-grandes-vencedores-en-los-premios-the-best-fifa\">edici\u00f3n de 2024<\/a> tuvo a Aitana Bonmat\u00ed y a Vin\u00edcius Jr. como ganadores de los principales premios. La mediocampista espa\u00f1ola gan\u00f3 los \u00faltimos dos The Best a la mejor jugadora y tambi\u00e9n los \u00faltimos tres Bal\u00f3n de Oro de la revista France Football, marcando un dominio asombroso.<\/p>\n<p>Para el brasile\u00f1o fue la oportunidad de sacarse la espina que le dej\u00f3 no ser elegido el mejor en el Bal\u00f3n de Oro (lo gan\u00f3 Rodri, del Manchester City y la selecci\u00f3n de Espa\u00f1a), a pesar de una temporada fant\u00e1stica coronada con t\u00edtulos en LaLiga, la Supercopa de Espa\u00f1a y la Liga de Campeones. Aquella decisi\u00f3n (que se filtr\u00f3 antes de la ceremonia en Par\u00eds), motiv\u00f3 un desplante general del Real Madrid a los premios, evitando que cualquier miembro importante del club asista.<\/p>\n<p>The-CNN-Wire<br \/>&trade; &amp; &copy; 2025 Cable News Network, Inc., a Warner Bros. Discovery Company. All rights reserved.<\/p>\n","protected":false},"excerpt":{"rendered":"<p>La FIFA anunci\u00f3 que este martes se conocer\u00e1 a todos los ganadores de los premios The Best, que reconocen a lo mejor del mundo del f\u00fatbol de la \u00faltima temporada. La votaci\u00f3n consta de cuatro patas: entrenadores y capitanes de las 211 selecciones masculinas y femeninas que son miembros de la FIFA, miembros de la [&hellip;]<\/p>\n","protected":false},"author":0,"featured_media":0,"comment_status":"open","ping_status":"open","sticky":false,"template":"","format":"standard","meta":{"_jetpack_memberships_contains_paid_content":false,"footnotes":""},"categories":[10],"tags":[],"class_list":["post-1469286","post","type-post","status-publish","format-standard","hentry","category-noticias-nacionales","market-global"],"yoast_head":"<!-- This site is optimized with the Yoast SEO plugin v24.4 - https:\/\/yoast.com\/wordpress\/plugins\/seo\/ -->\n<title>Sin Messi ni Cristiano, estos son todos los nominados de la FIFA para los premios The Best 2025 - Noticias<\/title>\n<meta name=\"robots\" content=\"index, follow, max-snippet:-1, max-image-preview:large, max-video-preview:-1\" \/>\n<link rel=\"canonical\" href=\"https:\/\/noticiasya.com\/2025\/12\/15\/premios-the-best-fifa-2025-nominados-orix\/\" \/>\n<meta property=\"og:locale\" content=\"es_ES\" \/>\n<meta property=\"og:type\" content=\"article\" \/>\n<meta property=\"og:title\" content=\"Sin Messi ni Cristiano, estos son todos los nominados de la FIFA para los premios The Best 2025 - Noticias\" \/>\n<meta property=\"og:description\" content=\"La FIFA anunci\u00f3 que este martes se conocer\u00e1 a todos los ganadores de los premios The Best, que reconocen a lo mejor del mundo del f\u00fatbol de la \u00faltima temporada. La votaci\u00f3n consta de cuatro patas: entrenadores y capitanes de las 211 selecciones masculinas y femeninas que son miembros de la FIFA, miembros de la [&hellip;]\" \/>\n<meta property=\"og:url\" content=\"https:\/\/noticiasya.com\/2025\/12\/15\/premios-the-best-fifa-2025-nominados-orix\/\" \/>\n<meta property=\"og:site_name\" content=\"Noticias\" \/>\n<meta property=\"article:published_time\" content=\"2025-12-15T23:03:49+00:00\" \/>\n<meta name=\"twitter:card\" content=\"summary_large_image\" \/>\n<meta name=\"twitter:label1\" content=\"Est. reading time\" \/>\n\t<meta name=\"twitter:data1\" content=\"3 minutos\" \/>\n<script type=\"application\/ld+json\" class=\"yoast-schema-graph\">{\"@context\":\"https:\/\/schema.org\",\"@graph\":[{\"@type\":\"Article\",\"@id\":\"https:\/\/noticiasya.com\/2025\/12\/15\/premios-the-best-fifa-2025-nominados-orix\/#article\",\"isPartOf\":{\"@id\":\"https:\/\/noticiasya.com\/2025\/12\/15\/premios-the-best-fifa-2025-nominados-orix\/\"},\"author\":{\"name\":\"\",\"@id\":\"\"},\"headline\":\"Sin Messi ni Cristiano, estos son todos los nominados de la FIFA para los premios The Best 2025\",\"datePublished\":\"2025-12-15T23:03:49+00:00\",\"mainEntityOfPage\":{\"@id\":\"https:\/\/noticiasya.com\/2025\/12\/15\/premios-the-best-fifa-2025-nominados-orix\/\"},\"wordCount\":663,\"commentCount\":0,\"publisher\":{\"@id\":\"https:\/\/noticiasya.com\/#organization\"},\"articleSection\":[\"Noticias Nacionales\"],\"inLanguage\":\"es\",\"potentialAction\":[{\"@type\":\"CommentAction\",\"name\":\"Comment\",\"target\":[\"https:\/\/noticiasya.com\/2025\/12\/15\/premios-the-best-fifa-2025-nominados-orix\/#respond\"]}]},{\"@type\":\"WebPage\",\"@id\":\"https:\/\/noticiasya.com\/2025\/12\/15\/premios-the-best-fifa-2025-nominados-orix\/\",\"url\":\"https:\/\/noticiasya.com\/2025\/12\/15\/premios-the-best-fifa-2025-nominados-orix\/\",\"name\":\"Sin Messi ni Cristiano, estos son todos los nominados de la FIFA para los premios The Best 2025 - Noticias\",\"isPartOf\":{\"@id\":\"https:\/\/noticiasya.com\/#website\"},\"datePublished\":\"2025-12-15T23:03:49+00:00\",\"breadcrumb\":{\"@id\":\"https:\/\/noticiasya.com\/2025\/12\/15\/premios-the-best-fifa-2025-nominados-orix\/#breadcrumb\"},\"inLanguage\":\"es\",\"potentialAction\":[{\"@type\":\"ReadAction\",\"target\":[\"https:\/\/noticiasya.com\/2025\/12\/15\/premios-the-best-fifa-2025-nominados-orix\/\"]}]},{\"@type\":\"BreadcrumbList\",\"@id\":\"https:\/\/noticiasya.com\/2025\/12\/15\/premios-the-best-fifa-2025-nominados-orix\/#breadcrumb\",\"itemListElement\":[{\"@type\":\"ListItem\",\"position\":1,\"name\":\"Home\",\"item\":\"https:\/\/noticiasya.com\/\"},{\"@type\":\"ListItem\",\"position\":2,\"name\":\"Sin Messi ni Cristiano, estos son todos los nominados de la FIFA para los premios The Best 2025\"}]},{\"@type\":\"WebSite\",\"@id\":\"https:\/\/noticiasya.com\/#website\",\"url\":\"https:\/\/noticiasya.com\/\",\"name\":\"Noticias\",\"description\":\"Lo que importa\",\"publisher\":{\"@id\":\"https:\/\/noticiasya.com\/#organization\"},\"potentialAction\":[{\"@type\":\"SearchAction\",\"target\":{\"@type\":\"EntryPoint\",\"urlTemplate\":\"https:\/\/noticiasya.com\/?s={search_term_string}\"},\"query-input\":{\"@type\":\"PropertyValueSpecification\",\"valueRequired\":true,\"valueName\":\"search_term_string\"}}],\"inLanguage\":\"es\"},{\"@type\":\"Organization\",\"@id\":\"https:\/\/noticiasya.com\/#organization\",\"name\":\"Noticias\",\"url\":\"https:\/\/noticiasya.com\/\",\"logo\":{\"@type\":\"ImageObject\",\"inLanguage\":\"es\",\"@id\":\"https:\/\/noticiasya.com\/#\/schema\/logo\/image\/\",\"url\":\"https:\/\/noticiasya.com\/wp-content\/uploads\/sites\/22\/2023\/12\/logo-nacional.png\",\"contentUrl\":\"https:\/\/noticiasya.com\/wp-content\/uploads\/sites\/22\/2023\/12\/logo-nacional.png\",\"width\":1801,\"height\":691,\"caption\":\"Noticias\"},\"image\":{\"@id\":\"https:\/\/noticiasya.com\/#\/schema\/logo\/image\/\"}}]}<\/script>\n<!-- \/ Yoast SEO plugin. -->","yoast_head_json":{"title":"Sin Messi ni Cristiano, estos son todos los nominados de la FIFA para los premios The Best 2025 - Noticias","robots":{"index":"index","follow":"follow","max-snippet":"max-snippet:-1","max-image-preview":"max-image-preview:large","max-video-preview":"max-video-preview:-1"},"canonical":"https:\/\/noticiasya.com\/2025\/12\/15\/premios-the-best-fifa-2025-nominados-orix\/","og_locale":"es_ES","og_type":"article","og_title":"Sin Messi ni Cristiano, estos son todos los nominados de la FIFA para los premios The Best 2025 - Noticias","og_description":"La FIFA anunci\u00f3 que este martes se conocer\u00e1 a todos los ganadores de los premios The Best, que reconocen a lo mejor del mundo del f\u00fatbol de la \u00faltima temporada. La votaci\u00f3n consta de cuatro patas: entrenadores y capitanes de las 211 selecciones masculinas y femeninas que son miembros de la FIFA, miembros de la [&hellip;]","og_url":"https:\/\/noticiasya.com\/2025\/12\/15\/premios-the-best-fifa-2025-nominados-orix\/","og_site_name":"Noticias","article_published_time":"2025-12-15T23:03:49+00:00","twitter_card":"summary_large_image","twitter_misc":{"Est. reading time":"3 minutos"},"schema":{"@context":"https:\/\/schema.org","@graph":[{"@type":"Article","@id":"https:\/\/noticiasya.com\/2025\/12\/15\/premios-the-best-fifa-2025-nominados-orix\/#article","isPartOf":{"@id":"https:\/\/noticiasya.com\/2025\/12\/15\/premios-the-best-fifa-2025-nominados-orix\/"},"author":{"name":"","@id":""},"headline":"Sin Messi ni Cristiano, estos son todos los nominados de la FIFA para los premios The Best 2025","datePublished":"2025-12-15T23:03:49+00:00","mainEntityOfPage":{"@id":"https:\/\/noticiasya.com\/2025\/12\/15\/premios-the-best-fifa-2025-nominados-orix\/"},"wordCount":663,"commentCount":0,"publisher":{"@id":"https:\/\/noticiasya.com\/#organization"},"articleSection":["Noticias Nacionales"],"inLanguage":"es","potentialAction":[{"@type":"CommentAction","name":"Comment","target":["https:\/\/noticiasya.com\/2025\/12\/15\/premios-the-best-fifa-2025-nominados-orix\/#respond"]}]},{"@type":"WebPage","@id":"https:\/\/noticiasya.com\/2025\/12\/15\/premios-the-best-fifa-2025-nominados-orix\/","url":"https:\/\/noticiasya.com\/2025\/12\/15\/premios-the-best-fifa-2025-nominados-orix\/","name":"Sin Messi ni Cristiano, estos son todos los nominados de la FIFA para los premios The Best 2025 - Noticias","isPartOf":{"@id":"https:\/\/noticiasya.com\/#website"},"datePublished":"2025-12-15T23:03:49+00:00","breadcrumb":{"@id":"https:\/\/noticiasya.com\/2025\/12\/15\/premios-the-best-fifa-2025-nominados-orix\/#breadcrumb"},"inLanguage":"es","potentialAction":[{"@type":"ReadAction","target":["https:\/\/noticiasya.com\/2025\/12\/15\/premios-the-best-fifa-2025-nominados-orix\/"]}]},{"@type":"BreadcrumbList","@id":"https:\/\/noticiasya.com\/2025\/12\/15\/premios-the-best-fifa-2025-nominados-orix\/#breadcrumb","itemListElement":[{"@type":"ListItem","position":1,"name":"Home","item":"https:\/\/noticiasya.com\/"},{"@type":"ListItem","position":2,"name":"Sin Messi ni Cristiano, estos son todos los nominados de la FIFA para los premios The Best 2025"}]},{"@type":"WebSite","@id":"https:\/\/noticiasya.com\/#website","url":"https:\/\/noticiasya.com\/","name":"Noticias","description":"Lo que importa","publisher":{"@id":"https:\/\/noticiasya.com\/#organization"},"potentialAction":[{"@type":"SearchAction","target":{"@type":"EntryPoint","urlTemplate":"https:\/\/noticiasya.com\/?s={search_term_string}"},"query-input":{"@type":"PropertyValueSpecification","valueRequired":true,"valueName":"search_term_string"}}],"inLanguage":"es"},{"@type":"Organization","@id":"https:\/\/noticiasya.com\/#organization","name":"Noticias","url":"https:\/\/noticiasya.com\/","logo":{"@type":"ImageObject","inLanguage":"es","@id":"https:\/\/noticiasya.com\/#\/schema\/logo\/image\/","url":"https:\/\/noticiasya.com\/wp-content\/uploads\/sites\/22\/2023\/12\/logo-nacional.png","contentUrl":"https:\/\/noticiasya.com\/wp-content\/uploads\/sites\/22\/2023\/12\/logo-nacional.png","width":1801,"height":691,"caption":"Noticias"},"image":{"@id":"https:\/\/noticiasya.com\/#\/schema\/logo\/image\/"}}]}},"parsely":{"version":"1.1.0","canonical_url":"https:\/\/noticiasya.com\/midland-odessa\/2025\/12\/15\/premios-the-best-fifa-2025-nominados-orix\/","smart_links":{"inbound":0,"outbound":0},"traffic_boost_suggestions_count":0,"meta":{"@context":"https:\/\/schema.org","@type":"NewsArticle","headline":"Sin Messi ni Cristiano, estos son todos los nominados de la FIFA para los premios The Best 2025","url":"http:\/\/noticiasya.com\/midland-odessa\/2025\/12\/15\/premios-the-best-fifa-2025-nominados-orix\/","mainEntityOfPage":{"@type":"WebPage","@id":"http:\/\/noticiasya.com\/midland-odessa\/2025\/12\/15\/premios-the-best-fifa-2025-nominados-orix\/"},"thumbnailUrl":"","image":{"@type":"ImageObject","url":""},"articleSection":"Noticias Nacionales","author":[],"creator":[],"publisher":{"@type":"Organization","name":"Noticias","logo":""},"keywords":[],"dateCreated":"2025-12-15T23:03:49Z","datePublished":"2025-12-15T23:03:49Z","dateModified":"2025-12-15T23:03:49Z"},"rendered":"<script type=\"application\/ld+json\" class=\"wp-parsely-metadata\">{\"@context\":\"https:\\\/\\\/schema.org\",\"@type\":\"NewsArticle\",\"headline\":\"Sin Messi ni Cristiano, estos son todos los nominados de la FIFA para los premios The Best 2025\",\"url\":\"http:\\\/\\\/noticiasya.com\\\/midland-odessa\\\/2025\\\/12\\\/15\\\/premios-the-best-fifa-2025-nominados-orix\\\/\",\"mainEntityOfPage\":{\"@type\":\"WebPage\",\"@id\":\"http:\\\/\\\/noticiasya.com\\\/midland-odessa\\\/2025\\\/12\\\/15\\\/premios-the-best-fifa-2025-nominados-orix\\\/\"},\"thumbnailUrl\":\"\",\"image\":{\"@type\":\"ImageObject\",\"url\":\"\"},\"articleSection\":\"Noticias Nacionales\",\"author\":[],\"creator\":[],\"publisher\":{\"@type\":\"Organization\",\"name\":\"Noticias\",\"logo\":\"\"},\"keywords\":[],\"dateCreated\":\"2025-12-15T23:03:49Z\",\"datePublished\":\"2025-12-15T23:03:49Z\",\"dateModified\":\"2025-12-15T23:03:49Z\"}<\/script>","tracker_url":"https:\/\/cdn.parsely.com\/keys\/noticiasya.com\/p.js"},"jetpack_featured_media_url":"","jetpack-related-posts":[{"id":1469290,"url":"https:\/\/noticiasya.com\/midland-odessa\/2025\/12\/15\/gala-premios-the-best-2025-fifa-orix\/","url_meta":{"origin":1469286,"position":0},"title":"Gala de los premios The Best 2025 de la FIFA: c\u00f3mo se dar\u00e1 a conocer a los ganadores, horarios y c\u00f3mo ver","author":"","date":"diciembre 15, 2025","format":false,"excerpt":"Por m\u00e1s que la temporada futbol\u00edstica reci\u00e9n est\u00e9 pr\u00f3xima a su ecuador, es momento del \u00faltimo balance del a\u00f1o. La FIFA anunci\u00f3 que este martes revelar\u00e1 los ganadores de los premios The Best, el galard\u00f3n con el que busca emular al Bal\u00f3n de Oro de la revista France Football para\u2026","rel":"","context":"In &quot;Noticias Nacionales&quot;","block_context":{"text":"Noticias Nacionales","link":"https:\/\/noticiasya.com\/midland-odessa\/categoria\/noticias-nacionales"},"img":{"alt_text":"","src":"","width":0,"height":0},"classes":[]},{"id":1468097,"url":"https:\/\/noticiasya.com\/midland-odessa\/2025\/11\/06\/nominados-fifa-the-best-messi-cristiano-orix\/","url_meta":{"origin":1469286,"position":1},"title":"Sin Messi ni Cristiano, estos son todos los nominados de la FIFA para los premios The Best 2025","author":"","date":"noviembre 6, 2025","format":false,"excerpt":"La FIFA anunci\u00f3 este jueves el listado de futbolistas y entrenadores nominados a los premios The Best, que reconocen a lo mejor del mundo del f\u00fatbol de la \u00faltima temporada.Esta es la lista completa de candidatos:Ni el argentino Lionel Messi ni el portugu\u00e9s Cristiano Ronaldo est\u00e1n entre los once finalistas\u2026","rel":"","context":"In &quot;Noticias Nacionales&quot;","block_context":{"text":"Noticias Nacionales","link":"https:\/\/noticiasya.com\/midland-odessa\/categoria\/noticias-nacionales"},"img":{"alt_text":"","src":"","width":0,"height":0},"classes":[]},{"id":1471633,"url":"https:\/\/noticiasya.com\/midland-odessa\/2026\/02\/25\/fifa-confianza-seguridad-mexico-mundial-futbol-efe\/","url_meta":{"origin":1469286,"position":2},"title":"La FIFA afirma que tiene confianza total en M\u00e9xico para el Mundial, pese a violencia","author":"","date":"febrero 25, 2026","format":false,"excerpt":"El presidente de la FIFA, Gianni Infantino, afirm\u00f3 este martes en la ciudad colombiana de Barranquilla que tiene \u201cconfianza total en M\u00e9xico\u201d para la realizaci\u00f3n del Mundial de este a\u00f1o, que tiene partidos programados en Ciudad de M\u00e9xico, Guadalajara y Monterrey, pese a la violencia desatada en el pa\u00eds.\u201cEstamos analizando\u2026","rel":"","context":"In &quot;Noticias Nacionales&quot;","block_context":{"text":"Noticias Nacionales","link":"https:\/\/noticiasya.com\/midland-odessa\/categoria\/noticias-nacionales"},"img":{"alt_text":"","src":"","width":0,"height":0},"classes":[]},{"id":1469972,"url":"https:\/\/noticiasya.com\/midland-odessa\/2026\/01\/10\/cinco-idolos-podrian-despedirse-mundial-2026-orix\/","url_meta":{"origin":1469286,"position":3},"title":"Cinco \u00eddolos que podr\u00edan despedirse en el Mundial de 2026","author":"","date":"enero 10, 2026","format":false,"excerpt":"El Mundial de la FIFA a celebrarse este a\u00f1o en Estados Unidos, M\u00e9xico y Canad\u00e1 no es solo el vig\u00e9simo tercer torneo m\u00e1s importante del f\u00fatbol masculino mundial, sino tambi\u00e9n la prueba de fuego y tiempo para los futbolistas m\u00e1s ic\u00f3nicos.Aunque el Mundial 2026 ser\u00e1 hist\u00f3rico por tener por primera\u2026","rel":"","context":"In &quot;Noticias Nacionales&quot;","block_context":{"text":"Noticias Nacionales","link":"https:\/\/noticiasya.com\/midland-odessa\/categoria\/noticias-nacionales"},"img":{"alt_text":"","src":"","width":0,"height":0},"classes":[]},{"id":1445164,"url":"https:\/\/noticiasya.com\/midland-odessa\/2024\/02\/09\/las-asociaciones-de-futbol-de-medio-oriente-piden-la-prohibicion-de-israel-por-la-guerra-en-gaza\/","url_meta":{"origin":1469286,"position":4},"title":"Las asociaciones de f\u00fatbol de Medio Oriente piden la prohibici\u00f3n de Israel por la guerra en Gaza","author":"","date":"febrero 9, 2024","format":false,"excerpt":"(CNN) -- Doce asociaciones de f\u00fatbol de Medio Oriente pidieron que se proh\u00edba a Israel por la guerra contra Hamas en Gaza, en una carta a la que tuvo acceso CNN.La carta enviada a la FIFA y a las 211 federaciones nacionales miembro el 31 de enero y a las\u2026","rel":"","context":"In &quot;Noticias Nacionales&quot;","block_context":{"text":"Noticias Nacionales","link":"https:\/\/noticiasya.com\/midland-odessa\/categoria\/noticias-nacionales"},"img":{"alt_text":"","src":"","width":0,"height":0},"classes":[]},{"id":1467454,"url":"https:\/\/noticiasya.com\/midland-odessa\/2025\/10\/16\/cristiano-ronaldo-futbolista-mejor-pagado-forbes-messi-orix\/","url_meta":{"origin":1469286,"position":5},"title":"Cristiano Ronaldo es el futbolista mejor pagado del mundo, seg\u00fan Forbes: \u00bfa cu\u00e1nto est\u00e1 Messi y c\u00f3mo se completa el Top 10?","author":"","date":"octubre 16, 2025","format":false,"excerpt":"A sus 40 a\u00f1os, Cristiano Ronaldo no da indicios de que vaya a dejar las portadas deportivas en ning\u00fan momento del corto plazo. El delantero portugu\u00e9s, que recientemente se convirti\u00f3 en el m\u00e1ximo anotador en la historia de las Eliminatorias de la FIFA, vuelve a encabezar por sexta vez en\u2026","rel":"","context":"In &quot;Noticias Nacionales&quot;","block_context":{"text":"Noticias Nacionales","link":"https:\/\/noticiasya.com\/midland-odessa\/categoria\/noticias-nacionales"},"img":{"alt_text":"","src":"","width":0,"height":0},"classes":[]}],"jetpack_sharing_enabled":true,"_links":{"self":[{"href":"https:\/\/noticiasya.com\/midland-odessa\/wp-json\/wp\/v2\/posts\/1469286","targetHints":{"allow":["GET"]}}],"collection":[{"href":"https:\/\/noticiasya.com\/midland-odessa\/wp-json\/wp\/v2\/posts"}],"about":[{"href":"https:\/\/noticiasya.com\/midland-odessa\/wp-json\/wp\/v2\/types\/post"}],"replies":[{"embeddable":true,"href":"https:\/\/noticiasya.com\/midland-odessa\/wp-json\/wp\/v2\/comments?post=1469286"}],"version-history":[{"count":0,"href":"https:\/\/noticiasya.com\/midland-odessa\/wp-json\/wp\/v2\/posts\/1469286\/revisions"}],"wp:attachment":[{"href":"https:\/\/noticiasya.com\/midland-odessa\/wp-json\/wp\/v2\/media?parent=1469286"}],"wp:term":[{"taxonomy":"category","embeddable":true,"href":"https:\/\/noticiasya.com\/midland-odessa\/wp-json\/wp\/v2\/categories?post=1469286"},{"taxonomy":"post_tag","embeddable":true,"href":"https:\/\/noticiasya.com\/midland-odessa\/wp-json\/wp\/v2\/tags?post=1469286"}],"curies":[{"name":"wp","href":"https:\/\/api.w.org\/{rel}","templated":true}]}}