{"id":1469288,"date":"2025-12-15T16:03:51","date_gmt":"2025-12-16T00:03:51","guid":{"rendered":"https:\/\/noticiasya.com\/2025\/12\/15\/lukashenko-belarus-maduro-poder-orix\/"},"modified":"2025-12-15T16:03:51","modified_gmt":"2025-12-16T00:03:51","slug":"lukashenko-belarus-maduro-poder-orix","status":"publish","type":"post","link":"https:\/\/noticiasya.com\/midland-odessa\/2025\/12\/15\/lukashenko-belarus-maduro-poder-orix\/","title":{"rendered":"Lukashenko dice que &#171;las puertas de Belar\u00fas est\u00e1n abiertas&#187; si Maduro deja el poder"},"content":{"rendered":"<p>El presidente de Belar\u00fas, Alexander Lukashenko, dijo este lunes que las puertas de su pa\u00eds \u201cest\u00e1n abiertas\u201d si el presidente de Venezuela, Nicol\u00e1s Maduro, decide renunciar al cargo.<\/p>\n<p>\u201cMaduro nunca fue nuestro enemigo ni adversario. Nunca. Si \u00e9l deseara venir a Belar\u00fas, las puertas est\u00e1n abiertas. Pero de esto nunca se habl\u00f3\u201d, dijo el mandatario a la cadena Newsmax, de <a href=\"https:\/\/esp.belta.by\/president\/view\/le-preguntaron-a-lukashenko-si-belars-estaba-lista-para-recibir-a-maduro-en-caso-de-su-renuncia-como-87769-2025\/\">acuerdo con un comunicado de la agencia estatal Belta.<\/a><\/p>\n<p>En la entrevista se le pregunt\u00f3 a Lukashenko, quien gobierna Belar\u00fas desde 1994 y <a href=\"https:\/\/cnnespanol.cnn.com\/2025\/01\/27\/mundo\/lukashenko-belarus-elecciones-orix\">arras\u00f3 <\/a>con casi el 87 % en las \u00faltimas elecciones, si recibir\u00eda a Maduro en caso de que el l\u00edder venezolano abandonara el poder.<\/p>\n<p>CNN contact\u00f3 al Gobierno de Venezuela para conocer su posici\u00f3n ante estas declaraciones, y est\u00e1 esperando una respuesta.<\/p>\n<p>Lukashenko insisti\u00f3 en la misma entrevista en que \u201cMaduro no es la persona que lo dejar\u00e1 todo y se ir\u00e1, huir\u00e1\u201d, y dijo que el Gobierno de Belar\u00fas \u201chabla m\u00e1s con los estadounidenses sobre Venezuela, que con Maduro sobre su renuncia y cualquier acci\u00f3n\u201d.<\/p>\n<p>El viernes, Lukashenko recibi\u00f3 en Minsk al enviado especial de Estados Unidos, John Coale, tras lo <a href=\"https:\/\/www.cnn.com\/2025\/12\/13\/europe\/belarus-us-prisoner-release-sanctions-bialiatski-kolesnikova-intl\">cual se anunci\u00f3 la liberaci\u00f3n de 123 prisioneros<\/a>  \u2014uno de ellos estadounidense\u2014 as\u00ed como tambi\u00e9n el levantamiento de algunas sanciones de EE.UU. sobre Belar\u00fas.<\/p>\n<p>\u201cEstamos levantando las sanciones<a href=\"https:\/\/www.cnn.com\/2025\/12\/13\/europe\/belarus-us-prisoner-release-sanctions-bialiatski-kolesnikova-intl\">,<\/a> liberando prisioneros. Nos comunicamos constantemente entre nosotros\u201d, dijo Coale, quien asegur\u00f3 que la normalizaci\u00f3n de las relaciones entre Belar\u00fas y EE.UU. era un objetivo del Gobierno de Donald Trump.<\/p>\n<p>En las conversaciones tambi\u00e9n se habl\u00f3 de Venezuela, seg\u00fan el <a href=\"https:\/\/www.cnn.com\/2025\/12\/13\/europe\/belarus-us-prisoner-release-sanctions-bialiatski-kolesnikova-intl\">comunicado<\/a> de Belta.<\/p>\n<p>En tanto el jueves, un d\u00eda antes del encuentro con Coale, Lukashenko se reuni\u00f3 con el embajador de Venezuela en Rusia \u2014<a href=\"https:\/\/www.cnn.com\/2025\/08\/01\/europe\/russia-oreshnik-hypersonic-missile-belarus-latam-intl\">principal aliado<\/a> de Belar\u00fas y Venezuela\u2014, Jes\u00fas Rafael Salazar Vel\u00e1squez, para coordinar <a href=\"https:\/\/esp.belta.by\/president\/view\/lukashenko-recibi-al-embajador-de-venezuela-despus-de-coordinar-algunas-cuestiones-con-maduro-87680-2025\/\">\u201calgunas cuestiones\u201d <\/a>con Maduro.<\/p>\n<p>Lukashenko y Salazar Vel\u00e1squez ya se hab\u00edan reunido en noviembre, cuando el presidente de Belar\u00fas invit\u00f3 a Maduro al pa\u00eds.<\/p>\n<p>\u201cSe lo ruego mucho: transmita a mi amigo Nicol\u00e1s Maduro, que nosotros lo esperamos siempre en Belar\u00fas. Ya es hora de que \u00e9l est\u00e9 aqu\u00ed, en Belar\u00fas\u201d, <a href=\"https:\/\/esp.belta.by\/president\/view\/lukashenko-invit-a-maduro-a-belars-y-no-excluy-la-posibilidad-de-su-visita-a-venezuela-87307-2025\/\">dijo<\/a>.<\/p>\n<p>Los dichos de Lukashenko llegan en un momento tensi\u00f3n extrema entre EE.UU. y Venezuela, debido al creciente el despliegue militar de Washington en el Caribe en medio de una campa\u00f1a de presi\u00f3n sobre el Gobierno de Maduro.<\/p>\n<p>Al momento, Maduro no ha sugerido que est\u00e9 pensando en dejar la presidencia de Venezuela.<\/p>\n<p>La Casa Blanca, sin embargo, est\u00e1 <a href=\"https:\/\/www.cnn.com\/2025\/12\/09\/politics\/trump-plans-after-maduro\">evaluando en forma discreta planes de contingencia<\/a> en caso de que Maduro sea derrocado, seg\u00fan <a href=\"https:\/\/www.cnn.com\/2025\/12\/09\/politics\/trump-plans-after-maduro\">dijeron<\/a> fuentes del Gobierno a CNN.<\/p>\n<p>The-CNN-Wire<br \/>&trade; &amp; &copy; 2025 Cable News Network, Inc., a Warner Bros. Discovery Company. All rights reserved.<\/p>\n","protected":false},"excerpt":{"rendered":"<p>El presidente de Belar\u00fas, Alexander Lukashenko, dijo este lunes que las puertas de su pa\u00eds \u201cest\u00e1n abiertas\u201d si el presidente de Venezuela, Nicol\u00e1s Maduro, decide renunciar al cargo. \u201cMaduro nunca fue nuestro enemigo ni adversario. Nunca. Si \u00e9l deseara venir a Belar\u00fas, las puertas est\u00e1n abiertas. Pero de esto nunca se habl\u00f3\u201d, dijo el mandatario [&hellip;]<\/p>\n","protected":false},"author":0,"featured_media":0,"comment_status":"open","ping_status":"open","sticky":false,"template":"","format":"standard","meta":{"_jetpack_memberships_contains_paid_content":false,"footnotes":""},"categories":[10],"tags":[],"class_list":["post-1469288","post","type-post","status-publish","format-standard","hentry","category-noticias-nacionales","market-global"],"yoast_head":"<!-- This site is optimized with the Yoast SEO plugin v24.4 - https:\/\/yoast.com\/wordpress\/plugins\/seo\/ -->\n<title>Lukashenko dice que &quot;las puertas de Belar\u00fas est\u00e1n abiertas&quot; si Maduro deja el poder - Noticias<\/title>\n<meta name=\"robots\" content=\"index, follow, max-snippet:-1, max-image-preview:large, max-video-preview:-1\" \/>\n<link rel=\"canonical\" href=\"https:\/\/noticiasya.com\/2025\/12\/15\/lukashenko-belarus-maduro-poder-orix\/\" \/>\n<meta property=\"og:locale\" content=\"es_ES\" \/>\n<meta property=\"og:type\" content=\"article\" \/>\n<meta property=\"og:title\" content=\"Lukashenko dice que &quot;las puertas de Belar\u00fas est\u00e1n abiertas&quot; si Maduro deja el poder - Noticias\" \/>\n<meta property=\"og:description\" content=\"El presidente de Belar\u00fas, Alexander Lukashenko, dijo este lunes que las puertas de su pa\u00eds \u201cest\u00e1n abiertas\u201d si el presidente de Venezuela, Nicol\u00e1s Maduro, decide renunciar al cargo. \u201cMaduro nunca fue nuestro enemigo ni adversario. Nunca. Si \u00e9l deseara venir a Belar\u00fas, las puertas est\u00e1n abiertas. Pero de esto nunca se habl\u00f3\u201d, dijo el mandatario [&hellip;]\" \/>\n<meta property=\"og:url\" content=\"https:\/\/noticiasya.com\/2025\/12\/15\/lukashenko-belarus-maduro-poder-orix\/\" \/>\n<meta property=\"og:site_name\" content=\"Noticias\" \/>\n<meta property=\"article:published_time\" content=\"2025-12-16T00:03:51+00:00\" \/>\n<meta name=\"twitter:card\" content=\"summary_large_image\" \/>\n<meta name=\"twitter:label1\" content=\"Est. reading time\" \/>\n\t<meta name=\"twitter:data1\" content=\"2 minutos\" \/>\n<script type=\"application\/ld+json\" class=\"yoast-schema-graph\">{\"@context\":\"https:\/\/schema.org\",\"@graph\":[{\"@type\":\"Article\",\"@id\":\"https:\/\/noticiasya.com\/2025\/12\/15\/lukashenko-belarus-maduro-poder-orix\/#article\",\"isPartOf\":{\"@id\":\"https:\/\/noticiasya.com\/2025\/12\/15\/lukashenko-belarus-maduro-poder-orix\/\"},\"author\":{\"name\":\"\",\"@id\":\"\"},\"headline\":\"Lukashenko dice que &#171;las puertas de Belar\u00fas est\u00e1n abiertas&#187; si Maduro deja el poder\",\"datePublished\":\"2025-12-16T00:03:51+00:00\",\"mainEntityOfPage\":{\"@id\":\"https:\/\/noticiasya.com\/2025\/12\/15\/lukashenko-belarus-maduro-poder-orix\/\"},\"wordCount\":485,\"commentCount\":0,\"publisher\":{\"@id\":\"https:\/\/noticiasya.com\/#organization\"},\"articleSection\":[\"Noticias Nacionales\"],\"inLanguage\":\"es\",\"potentialAction\":[{\"@type\":\"CommentAction\",\"name\":\"Comment\",\"target\":[\"https:\/\/noticiasya.com\/2025\/12\/15\/lukashenko-belarus-maduro-poder-orix\/#respond\"]}]},{\"@type\":\"WebPage\",\"@id\":\"https:\/\/noticiasya.com\/2025\/12\/15\/lukashenko-belarus-maduro-poder-orix\/\",\"url\":\"https:\/\/noticiasya.com\/2025\/12\/15\/lukashenko-belarus-maduro-poder-orix\/\",\"name\":\"Lukashenko dice que \\\"las puertas de Belar\u00fas est\u00e1n abiertas\\\" si Maduro deja el poder - Noticias\",\"isPartOf\":{\"@id\":\"https:\/\/noticiasya.com\/#website\"},\"datePublished\":\"2025-12-16T00:03:51+00:00\",\"breadcrumb\":{\"@id\":\"https:\/\/noticiasya.com\/2025\/12\/15\/lukashenko-belarus-maduro-poder-orix\/#breadcrumb\"},\"inLanguage\":\"es\",\"potentialAction\":[{\"@type\":\"ReadAction\",\"target\":[\"https:\/\/noticiasya.com\/2025\/12\/15\/lukashenko-belarus-maduro-poder-orix\/\"]}]},{\"@type\":\"BreadcrumbList\",\"@id\":\"https:\/\/noticiasya.com\/2025\/12\/15\/lukashenko-belarus-maduro-poder-orix\/#breadcrumb\",\"itemListElement\":[{\"@type\":\"ListItem\",\"position\":1,\"name\":\"Home\",\"item\":\"https:\/\/noticiasya.com\/\"},{\"@type\":\"ListItem\",\"position\":2,\"name\":\"Lukashenko dice que &#171;las puertas de Belar\u00fas est\u00e1n abiertas&#187; si Maduro deja el poder\"}]},{\"@type\":\"WebSite\",\"@id\":\"https:\/\/noticiasya.com\/#website\",\"url\":\"https:\/\/noticiasya.com\/\",\"name\":\"Noticias\",\"description\":\"Lo que importa\",\"publisher\":{\"@id\":\"https:\/\/noticiasya.com\/#organization\"},\"potentialAction\":[{\"@type\":\"SearchAction\",\"target\":{\"@type\":\"EntryPoint\",\"urlTemplate\":\"https:\/\/noticiasya.com\/?s={search_term_string}\"},\"query-input\":{\"@type\":\"PropertyValueSpecification\",\"valueRequired\":true,\"valueName\":\"search_term_string\"}}],\"inLanguage\":\"es\"},{\"@type\":\"Organization\",\"@id\":\"https:\/\/noticiasya.com\/#organization\",\"name\":\"Noticias\",\"url\":\"https:\/\/noticiasya.com\/\",\"logo\":{\"@type\":\"ImageObject\",\"inLanguage\":\"es\",\"@id\":\"https:\/\/noticiasya.com\/#\/schema\/logo\/image\/\",\"url\":\"https:\/\/noticiasya.com\/wp-content\/uploads\/sites\/22\/2023\/12\/logo-nacional.png\",\"contentUrl\":\"https:\/\/noticiasya.com\/wp-content\/uploads\/sites\/22\/2023\/12\/logo-nacional.png\",\"width\":1801,\"height\":691,\"caption\":\"Noticias\"},\"image\":{\"@id\":\"https:\/\/noticiasya.com\/#\/schema\/logo\/image\/\"}}]}<\/script>\n<!-- \/ Yoast SEO plugin. -->","yoast_head_json":{"title":"Lukashenko dice que \"las puertas de Belar\u00fas est\u00e1n abiertas\" si Maduro deja el poder - Noticias","robots":{"index":"index","follow":"follow","max-snippet":"max-snippet:-1","max-image-preview":"max-image-preview:large","max-video-preview":"max-video-preview:-1"},"canonical":"https:\/\/noticiasya.com\/2025\/12\/15\/lukashenko-belarus-maduro-poder-orix\/","og_locale":"es_ES","og_type":"article","og_title":"Lukashenko dice que \"las puertas de Belar\u00fas est\u00e1n abiertas\" si Maduro deja el poder - Noticias","og_description":"El presidente de Belar\u00fas, Alexander Lukashenko, dijo este lunes que las puertas de su pa\u00eds \u201cest\u00e1n abiertas\u201d si el presidente de Venezuela, Nicol\u00e1s Maduro, decide renunciar al cargo. \u201cMaduro nunca fue nuestro enemigo ni adversario. Nunca. Si \u00e9l deseara venir a Belar\u00fas, las puertas est\u00e1n abiertas. Pero de esto nunca se habl\u00f3\u201d, dijo el mandatario [&hellip;]","og_url":"https:\/\/noticiasya.com\/2025\/12\/15\/lukashenko-belarus-maduro-poder-orix\/","og_site_name":"Noticias","article_published_time":"2025-12-16T00:03:51+00:00","twitter_card":"summary_large_image","twitter_misc":{"Est. reading time":"2 minutos"},"schema":{"@context":"https:\/\/schema.org","@graph":[{"@type":"Article","@id":"https:\/\/noticiasya.com\/2025\/12\/15\/lukashenko-belarus-maduro-poder-orix\/#article","isPartOf":{"@id":"https:\/\/noticiasya.com\/2025\/12\/15\/lukashenko-belarus-maduro-poder-orix\/"},"author":{"name":"","@id":""},"headline":"Lukashenko dice que &#171;las puertas de Belar\u00fas est\u00e1n abiertas&#187; si Maduro deja el poder","datePublished":"2025-12-16T00:03:51+00:00","mainEntityOfPage":{"@id":"https:\/\/noticiasya.com\/2025\/12\/15\/lukashenko-belarus-maduro-poder-orix\/"},"wordCount":485,"commentCount":0,"publisher":{"@id":"https:\/\/noticiasya.com\/#organization"},"articleSection":["Noticias Nacionales"],"inLanguage":"es","potentialAction":[{"@type":"CommentAction","name":"Comment","target":["https:\/\/noticiasya.com\/2025\/12\/15\/lukashenko-belarus-maduro-poder-orix\/#respond"]}]},{"@type":"WebPage","@id":"https:\/\/noticiasya.com\/2025\/12\/15\/lukashenko-belarus-maduro-poder-orix\/","url":"https:\/\/noticiasya.com\/2025\/12\/15\/lukashenko-belarus-maduro-poder-orix\/","name":"Lukashenko dice que \"las puertas de Belar\u00fas est\u00e1n abiertas\" si Maduro deja el poder - Noticias","isPartOf":{"@id":"https:\/\/noticiasya.com\/#website"},"datePublished":"2025-12-16T00:03:51+00:00","breadcrumb":{"@id":"https:\/\/noticiasya.com\/2025\/12\/15\/lukashenko-belarus-maduro-poder-orix\/#breadcrumb"},"inLanguage":"es","potentialAction":[{"@type":"ReadAction","target":["https:\/\/noticiasya.com\/2025\/12\/15\/lukashenko-belarus-maduro-poder-orix\/"]}]},{"@type":"BreadcrumbList","@id":"https:\/\/noticiasya.com\/2025\/12\/15\/lukashenko-belarus-maduro-poder-orix\/#breadcrumb","itemListElement":[{"@type":"ListItem","position":1,"name":"Home","item":"https:\/\/noticiasya.com\/"},{"@type":"ListItem","position":2,"name":"Lukashenko dice que &#171;las puertas de Belar\u00fas est\u00e1n abiertas&#187; si Maduro deja el poder"}]},{"@type":"WebSite","@id":"https:\/\/noticiasya.com\/#website","url":"https:\/\/noticiasya.com\/","name":"Noticias","description":"Lo que importa","publisher":{"@id":"https:\/\/noticiasya.com\/#organization"},"potentialAction":[{"@type":"SearchAction","target":{"@type":"EntryPoint","urlTemplate":"https:\/\/noticiasya.com\/?s={search_term_string}"},"query-input":{"@type":"PropertyValueSpecification","valueRequired":true,"valueName":"search_term_string"}}],"inLanguage":"es"},{"@type":"Organization","@id":"https:\/\/noticiasya.com\/#organization","name":"Noticias","url":"https:\/\/noticiasya.com\/","logo":{"@type":"ImageObject","inLanguage":"es","@id":"https:\/\/noticiasya.com\/#\/schema\/logo\/image\/","url":"https:\/\/noticiasya.com\/wp-content\/uploads\/sites\/22\/2023\/12\/logo-nacional.png","contentUrl":"https:\/\/noticiasya.com\/wp-content\/uploads\/sites\/22\/2023\/12\/logo-nacional.png","width":1801,"height":691,"caption":"Noticias"},"image":{"@id":"https:\/\/noticiasya.com\/#\/schema\/logo\/image\/"}}]}},"parsely":{"version":"1.1.0","canonical_url":"https:\/\/noticiasya.com\/midland-odessa\/2025\/12\/15\/lukashenko-belarus-maduro-poder-orix\/","smart_links":{"inbound":0,"outbound":0},"traffic_boost_suggestions_count":0,"meta":{"@context":"https:\/\/schema.org","@type":"NewsArticle","headline":"Lukashenko dice que &#171;las puertas de Belar\u00fas est\u00e1n abiertas&#187; si Maduro deja el poder","url":"http:\/\/noticiasya.com\/midland-odessa\/2025\/12\/15\/lukashenko-belarus-maduro-poder-orix\/","mainEntityOfPage":{"@type":"WebPage","@id":"http:\/\/noticiasya.com\/midland-odessa\/2025\/12\/15\/lukashenko-belarus-maduro-poder-orix\/"},"thumbnailUrl":"","image":{"@type":"ImageObject","url":""},"articleSection":"Noticias Nacionales","author":[],"creator":[],"publisher":{"@type":"Organization","name":"Noticias","logo":""},"keywords":[],"dateCreated":"2025-12-16T00:03:51Z","datePublished":"2025-12-16T00:03:51Z","dateModified":"2025-12-16T00:03:51Z"},"rendered":"<script type=\"application\/ld+json\" class=\"wp-parsely-metadata\">{\"@context\":\"https:\\\/\\\/schema.org\",\"@type\":\"NewsArticle\",\"headline\":\"Lukashenko dice que &#171;las puertas de Belar\\u00fas est\\u00e1n abiertas&#187; si Maduro deja el poder\",\"url\":\"http:\\\/\\\/noticiasya.com\\\/midland-odessa\\\/2025\\\/12\\\/15\\\/lukashenko-belarus-maduro-poder-orix\\\/\",\"mainEntityOfPage\":{\"@type\":\"WebPage\",\"@id\":\"http:\\\/\\\/noticiasya.com\\\/midland-odessa\\\/2025\\\/12\\\/15\\\/lukashenko-belarus-maduro-poder-orix\\\/\"},\"thumbnailUrl\":\"\",\"image\":{\"@type\":\"ImageObject\",\"url\":\"\"},\"articleSection\":\"Noticias Nacionales\",\"author\":[],\"creator\":[],\"publisher\":{\"@type\":\"Organization\",\"name\":\"Noticias\",\"logo\":\"\"},\"keywords\":[],\"dateCreated\":\"2025-12-16T00:03:51Z\",\"datePublished\":\"2025-12-16T00:03:51Z\",\"dateModified\":\"2025-12-16T00:03:51Z\"}<\/script>","tracker_url":"https:\/\/cdn.parsely.com\/keys\/noticiasya.com\/p.js"},"jetpack_featured_media_url":"","jetpack-related-posts":[{"id":1469298,"url":"https:\/\/noticiasya.com\/midland-odessa\/2025\/12\/16\/5-cosas-16-de-diciembre-orix\/","url_meta":{"origin":1469288,"position":0},"title":"Las 5 cosas que debes saber este 16 de diciembre: di\u00e1spora venezolana, Nick Reiner, izquierda en Am\u00e9rica Latina, oro ilegal","author":"","date":"diciembre 16, 2025","format":false,"excerpt":"Detienen al hijo de Rob Reiner tras la muerte del cineasta y su esposa. La izquierda pierde terreno en Am\u00e9rica Latina. El alcance de la econom\u00eda del oro ilegal en la regi\u00f3n. Esto es lo que debes saber para comenzar el d\u00eda. Primero la verdad.Suscr\u00edbete aqu\u00ed para recibir el newsletter\u2026","rel":"","context":"In &quot;Noticias Nacionales&quot;","block_context":{"text":"Noticias Nacionales","link":"https:\/\/noticiasya.com\/midland-odessa\/categoria\/noticias-nacionales"},"img":{"alt_text":"","src":"","width":0,"height":0},"classes":[]},{"id":1461798,"url":"https:\/\/noticiasya.com\/midland-odessa\/2025\/04\/30\/estadounidense-detenido-belarus-liberaciion-trax\/","url_meta":{"origin":1469288,"position":1},"title":"Liberan a un estadounidense que estaba detenido en Belar\u00fas","author":"","date":"abril 30, 2025","format":false,"excerpt":"Un estadounidense que estaba detenido en Belar\u00fas fue liberado, inform\u00f3 este mi\u00e9rcoles un funcionario de Estados Unidos a CNN.Youras Ziankovich fue detenido en Mosc\u00fa en 2021 y trasladado a Minsk, capital de Belar\u00fas, donde se lo acus\u00f3 de participar en una conspiraci\u00f3n golpista apoyada por EE.UU. contra el l\u00edder bielorruso\u2026","rel":"","context":"In &quot;Noticias Nacionales&quot;","block_context":{"text":"Noticias Nacionales","link":"https:\/\/noticiasya.com\/midland-odessa\/categoria\/noticias-nacionales"},"img":{"alt_text":"","src":"","width":0,"height":0},"classes":[]},{"id":1466363,"url":"https:\/\/noticiasya.com\/midland-odessa\/2025\/09\/11\/lukashenko-belarus-indulto-prisioneros-trump-trax\/","url_meta":{"origin":1469288,"position":2},"title":"Lukashenko informa que Belar\u00fas indult\u00f3 a decenas de prisioneros &#171;a pedido&#187; de Trump","author":"","date":"septiembre 11, 2025","format":false,"excerpt":"Belar\u00fas ha indultado a 52 prisioneros y los ha liberado en Lituania, seg\u00fan inform\u00f3 este jueves el presidente lituano, Gitanas Naus\u0117da, quien tambi\u00e9n agradeci\u00f3 al presidente de EE.UU., Donald Trump, por haberse involucrado.\u201c\u00a1Ning\u00fan hombre se queda atr\u00e1s! 52 prisioneros cruzaron hoy de manera segura la frontera lituana desde Belar\u00fas, dejando\u2026","rel":"","context":"In &quot;Noticias Nacionales&quot;","block_context":{"text":"Noticias Nacionales","link":"https:\/\/noticiasya.com\/midland-odessa\/categoria\/noticias-nacionales"},"img":{"alt_text":"","src":"","width":0,"height":0},"classes":[]},{"id":1447402,"url":"https:\/\/noticiasya.com\/midland-odessa\/2024\/03\/26\/lukashenko-afirmacion-putin-ucrania-ataque-sala-conciertos-moscu-trax\/","url_meta":{"origin":1469288,"position":3},"title":"Lukashenko puso en duda la afirmaci\u00f3n de Putin de que Ucrania estuvo involucrada en el ataque de Mosc\u00fa","author":"","date":"marzo 26, 2024","format":false,"excerpt":"(CNN) -- El presidente de Belar\u00fas, Alexander Lukashenko, parece haber puesto en duda las afirmaciones de Rusia de que Ucrania estuvo involucrada en el brutal ataque en una sala de conciertos de Mosc\u00fa la semana pasada.ISIS se atribuy\u00f3 la responsabilidad de la masacre, en la que murieron al menos 139\u2026","rel":"","context":"In &quot;Noticias Nacionales&quot;","block_context":{"text":"Noticias Nacionales","link":"https:\/\/noticiasya.com\/midland-odessa\/categoria\/noticias-nacionales"},"img":{"alt_text":"","src":"","width":0,"height":0},"classes":[]},{"id":1457915,"url":"https:\/\/noticiasya.com\/midland-odessa\/2025\/01\/27\/lukashenko-belarus-elecciones-orix\/","url_meta":{"origin":1469288,"position":4},"title":"Lukashenko arrasa en Belar\u00fas en unas elecciones ama\u00f1adas","author":"","date":"enero 27, 2025","format":false,"excerpt":"Alexander Lukashenko, el l\u00edder m\u00e1s longevo de Europa, ha prolongado su mandato de 31 a\u00f1os en Belar\u00fas tras ser declarado ganador de una elecci\u00f3n presidencial que sus oponentes exiliados y los pa\u00edses occidentales han denunciado como una farsa.A diferencia de 2020, cuando Lukashenko permiti\u00f3 una elecci\u00f3n inusualmente competitiva y se\u2026","rel":"","context":"In &quot;Noticias Nacionales&quot;","block_context":{"text":"Noticias Nacionales","link":"https:\/\/noticiasya.com\/midland-odessa\/categoria\/noticias-nacionales"},"img":{"alt_text":"","src":"","width":0,"height":0},"classes":[]},{"id":1455316,"url":"https:\/\/noticiasya.com\/midland-odessa\/2024\/10\/23\/reunion-maduro-putin-cumbre-brics-orix\/","url_meta":{"origin":1469288,"position":5},"title":"Maduro se re\u00fane con Putin durante cumbre de los BRICS en Rusia; a\u00fan no se define la integraci\u00f3n de Venezuela al bloque","author":"","date":"octubre 23, 2024","format":false,"excerpt":"(CNN Espa\u00f1ol) -- El presidente de Venezuela, Nicol\u00e1s Maduro, sostuvo este mi\u00e9rcoles un encuentro bilateral con su par de Rusia, Vladimir Putin, quien reconoci\u00f3 al pa\u00eds sudamericano como \"uno de los viejos y fiables socios de Rusia en Am\u00e9rica Latina y en el mundo en general\". Maduro est\u00e1 desde el\u2026","rel":"","context":"In &quot;Noticias Nacionales&quot;","block_context":{"text":"Noticias Nacionales","link":"https:\/\/noticiasya.com\/midland-odessa\/categoria\/noticias-nacionales"},"img":{"alt_text":"","src":"","width":0,"height":0},"classes":[]}],"jetpack_sharing_enabled":true,"_links":{"self":[{"href":"https:\/\/noticiasya.com\/midland-odessa\/wp-json\/wp\/v2\/posts\/1469288","targetHints":{"allow":["GET"]}}],"collection":[{"href":"https:\/\/noticiasya.com\/midland-odessa\/wp-json\/wp\/v2\/posts"}],"about":[{"href":"https:\/\/noticiasya.com\/midland-odessa\/wp-json\/wp\/v2\/types\/post"}],"replies":[{"embeddable":true,"href":"https:\/\/noticiasya.com\/midland-odessa\/wp-json\/wp\/v2\/comments?post=1469288"}],"version-history":[{"count":0,"href":"https:\/\/noticiasya.com\/midland-odessa\/wp-json\/wp\/v2\/posts\/1469288\/revisions"}],"wp:attachment":[{"href":"https:\/\/noticiasya.com\/midland-odessa\/wp-json\/wp\/v2\/media?parent=1469288"}],"wp:term":[{"taxonomy":"category","embeddable":true,"href":"https:\/\/noticiasya.com\/midland-odessa\/wp-json\/wp\/v2\/categories?post=1469288"},{"taxonomy":"post_tag","embeddable":true,"href":"https:\/\/noticiasya.com\/midland-odessa\/wp-json\/wp\/v2\/tags?post=1469288"}],"curies":[{"name":"wp","href":"https:\/\/api.w.org\/{rel}","templated":true}]}}