{"id":1469290,"date":"2025-12-15T17:03:48","date_gmt":"2025-12-16T01:03:48","guid":{"rendered":"https:\/\/noticiasya.com\/2025\/12\/15\/gala-premios-the-best-2025-fifa-orix\/"},"modified":"2025-12-15T17:03:48","modified_gmt":"2025-12-16T01:03:48","slug":"gala-premios-the-best-2025-fifa-orix","status":"publish","type":"post","link":"https:\/\/noticiasya.com\/midland-odessa\/2025\/12\/15\/gala-premios-the-best-2025-fifa-orix\/","title":{"rendered":"Gala de los premios The Best 2025 de la FIFA: c\u00f3mo se dar\u00e1 a conocer a los ganadores, horarios y c\u00f3mo ver"},"content":{"rendered":"<p>Por m\u00e1s que la temporada futbol\u00edstica reci\u00e9n est\u00e9 pr\u00f3xima a su ecuador, es momento del \u00faltimo balance del a\u00f1o. La FIFA anunci\u00f3 que este martes revelar\u00e1 los ganadores de los premios The Best, el galard\u00f3n con el que busca emular al Bal\u00f3n de Oro de la revista France Football para distinguir a los mejores futbolistas y entrenadores de la pasada campa\u00f1a.<\/p>\n<p>El evento especial se realizar\u00e1 en el Katara Hall, en el complejo del hotel Fairmont de Doha, en Qatar, horas antes de que se dispute la final de la Copa Intercontinental en el mismo pa\u00eds entre el Flamengo de Brasil (campe\u00f3n de la Copa Libertadores) y el Paris Saint-Germain de Francia (campe\u00f3n de la UEFA Champions League).<\/p>\n<p>Durante la gala, que se transmitir\u00e1 en vivo en FIFA.com, se dar\u00e1 a conocer los cuatro premios principales: mejor jugador, mejor jugadora, mejor entrenador de f\u00fatbol masculino y mejor entrenadora del f\u00fatbol femenino. Antes, y a trav\u00e9s de las redes sociales, anunciar\u00e1 a los ganadores de los premios a mejor afici\u00f3n o aficionado, guardametas, goles y el Fair Play.<\/p>\n<p>Unas 800 personas estar\u00e1n presentes en el evento en Doha, entre ellas el presidente de la FIFA, Gianni Infantino, adem\u00e1s de representantes de las federaciones miembro, FIFA Legends, miembros del Consejo de la FIFA, personalidades del mundo del f\u00fatbol y otros representantes locales y regionales.<\/p>\n<p>A diferencia del Bal\u00f3n de Oro, en estos premios la afici\u00f3n tuvo gran incidencia, al ser una de las cuatro patas que componen la votaci\u00f3n en cada categor\u00eda. Las otras tres son los capitanes de las selecciones nacionales, los entrenadores de las selecciones nacionales y los representantes de la prensa.<\/p>\n<p>Cada una de estas patas tiene el mismo peso en la votaci\u00f3n final de los dos premios al mejor jugador\/a, mejor entrenador\/a y mejor arquero\/a. El p\u00fablico tambi\u00e9n decidir\u00e1 junto a un panel de FIFA Legends a los ganadores del mejor gol del f\u00fatbol femenino (Premio Marta) y del f\u00fatbol masculino (Premio Puskas), y decidir\u00e1 completamente quien se lleva el Premio a la Afici\u00f3n de la FIFA. El Premio Fair Play correr\u00e1 por cuenta exclusivamente de un panel de expertos.<\/p>\n<p>M\u00e1s de 16 millones de votos recibi\u00f3 la FIFA por parte del p\u00fablico, con lo cual los resultados son una verdadera inc\u00f3gnita. \u00bfRepetir\u00e1 Ousmane Demb\u00e9l\u00e9 tras su victoria en el Bal\u00f3n de Oro? \u00bfO ser\u00e1 la hora de Lamine Yamal? En 2024, el premio de France Football fue para Rodri, mientras que el de la FIFA se lo qued\u00f3 Vin\u00edcius Jr., en lo que fue todo un esc\u00e1ndalo por la filtraci\u00f3n que se dio del primer ganador.<\/p>\n<p>Para esta edici\u00f3n, el pron\u00f3stico est\u00e1 m\u00e1s abierto todav\u00eda entre las estrellas del PSG y el FC Barcelona. En los \u00faltimos meses, el franc\u00e9s, figura estelar de la primera Champions League del club, ha jugado poco por una lesi\u00f3n, mientras que la joya espa\u00f1ola tampoco ha logrado destacarse al nivel que s\u00ed hab\u00eda alcanzado en la primera parte del a\u00f1o, en parte, tambi\u00e9n, a una lesi\u00f3n.<\/p>\n<p>En el f\u00fatbol femenino, la pregunta es si alguna futbolista lograr\u00e1 arrebatarle el cetro a Aitana Bonmat\u00ed. La talentosa jugadora del FC Barcelona y la selecci\u00f3n de Espa\u00f1a est\u00e1 lesionada, pero hace unos meses gan\u00f3 su tercer Bal\u00f3n de Oro consecutivo, confirmando que es la reina absoluta de este deporte en la actualidad. En cuanto al The Best, tambi\u00e9n lleva dos al hilo, 2023 y 2024, con lo cual es amplia favorita para llevarse otro a casa.<\/p>\n<ul>\n<li>12 p.m. de Miami.<\/li>\n<li>11 a.m. de Ciudad de M\u00e9xico.<\/li>\n<li>12 p.m. de Bogot\u00e1.<\/li>\n<li>2 p.m. de Buenos Aires.<\/li>\n<li>6 p.m. de Madrid.<\/li>\n<\/ul>\n<p>La gala completa <a href=\"https:\/\/www.fifa.com\/es\/watch\/c4ovLYUFE6dfo8tUdOWI9\">se podr\u00e1 ver en vivo en FIFA.com.<\/a><\/p>\n<p>The-CNN-Wire<br \/>&trade; &amp; &copy; 2025 Cable News Network, Inc., a Warner Bros. Discovery Company. All rights reserved.<\/p>\n","protected":false},"excerpt":{"rendered":"<p>Por m\u00e1s que la temporada futbol\u00edstica reci\u00e9n est\u00e9 pr\u00f3xima a su ecuador, es momento del \u00faltimo balance del a\u00f1o. La FIFA anunci\u00f3 que este martes revelar\u00e1 los ganadores de los premios The Best, el galard\u00f3n con el que busca emular al Bal\u00f3n de Oro de la revista France Football para distinguir a los mejores futbolistas [&hellip;]<\/p>\n","protected":false},"author":0,"featured_media":0,"comment_status":"open","ping_status":"open","sticky":false,"template":"","format":"standard","meta":{"_jetpack_memberships_contains_paid_content":false,"footnotes":""},"categories":[10],"tags":[],"class_list":["post-1469290","post","type-post","status-publish","format-standard","hentry","category-noticias-nacionales","market-global"],"yoast_head":"<!-- This site is optimized with the Yoast SEO plugin v24.4 - https:\/\/yoast.com\/wordpress\/plugins\/seo\/ -->\n<title>Gala de los premios The Best 2025 de la FIFA: c\u00f3mo se dar\u00e1 a conocer a los ganadores, horarios y c\u00f3mo ver - Noticias<\/title>\n<meta name=\"robots\" content=\"index, follow, max-snippet:-1, max-image-preview:large, max-video-preview:-1\" \/>\n<link rel=\"canonical\" href=\"https:\/\/noticiasya.com\/2025\/12\/15\/gala-premios-the-best-2025-fifa-orix\/\" \/>\n<meta property=\"og:locale\" content=\"es_ES\" \/>\n<meta property=\"og:type\" content=\"article\" \/>\n<meta property=\"og:title\" content=\"Gala de los premios The Best 2025 de la FIFA: c\u00f3mo se dar\u00e1 a conocer a los ganadores, horarios y c\u00f3mo ver - Noticias\" \/>\n<meta property=\"og:description\" content=\"Por m\u00e1s que la temporada futbol\u00edstica reci\u00e9n est\u00e9 pr\u00f3xima a su ecuador, es momento del \u00faltimo balance del a\u00f1o. La FIFA anunci\u00f3 que este martes revelar\u00e1 los ganadores de los premios The Best, el galard\u00f3n con el que busca emular al Bal\u00f3n de Oro de la revista France Football para distinguir a los mejores futbolistas [&hellip;]\" \/>\n<meta property=\"og:url\" content=\"https:\/\/noticiasya.com\/2025\/12\/15\/gala-premios-the-best-2025-fifa-orix\/\" \/>\n<meta property=\"og:site_name\" content=\"Noticias\" \/>\n<meta property=\"article:published_time\" content=\"2025-12-16T01:03:48+00:00\" \/>\n<meta name=\"twitter:card\" content=\"summary_large_image\" \/>\n<meta name=\"twitter:label1\" content=\"Est. reading time\" \/>\n\t<meta name=\"twitter:data1\" content=\"3 minutos\" \/>\n<script type=\"application\/ld+json\" class=\"yoast-schema-graph\">{\"@context\":\"https:\/\/schema.org\",\"@graph\":[{\"@type\":\"Article\",\"@id\":\"https:\/\/noticiasya.com\/2025\/12\/15\/gala-premios-the-best-2025-fifa-orix\/#article\",\"isPartOf\":{\"@id\":\"https:\/\/noticiasya.com\/2025\/12\/15\/gala-premios-the-best-2025-fifa-orix\/\"},\"author\":{\"name\":\"\",\"@id\":\"\"},\"headline\":\"Gala de los premios The Best 2025 de la FIFA: c\u00f3mo se dar\u00e1 a conocer a los ganadores, horarios y c\u00f3mo ver\",\"datePublished\":\"2025-12-16T01:03:48+00:00\",\"mainEntityOfPage\":{\"@id\":\"https:\/\/noticiasya.com\/2025\/12\/15\/gala-premios-the-best-2025-fifa-orix\/\"},\"wordCount\":697,\"commentCount\":0,\"publisher\":{\"@id\":\"https:\/\/noticiasya.com\/#organization\"},\"articleSection\":[\"Noticias Nacionales\"],\"inLanguage\":\"es\",\"potentialAction\":[{\"@type\":\"CommentAction\",\"name\":\"Comment\",\"target\":[\"https:\/\/noticiasya.com\/2025\/12\/15\/gala-premios-the-best-2025-fifa-orix\/#respond\"]}]},{\"@type\":\"WebPage\",\"@id\":\"https:\/\/noticiasya.com\/2025\/12\/15\/gala-premios-the-best-2025-fifa-orix\/\",\"url\":\"https:\/\/noticiasya.com\/2025\/12\/15\/gala-premios-the-best-2025-fifa-orix\/\",\"name\":\"Gala de los premios The Best 2025 de la FIFA: c\u00f3mo se dar\u00e1 a conocer a los ganadores, horarios y c\u00f3mo ver - Noticias\",\"isPartOf\":{\"@id\":\"https:\/\/noticiasya.com\/#website\"},\"datePublished\":\"2025-12-16T01:03:48+00:00\",\"breadcrumb\":{\"@id\":\"https:\/\/noticiasya.com\/2025\/12\/15\/gala-premios-the-best-2025-fifa-orix\/#breadcrumb\"},\"inLanguage\":\"es\",\"potentialAction\":[{\"@type\":\"ReadAction\",\"target\":[\"https:\/\/noticiasya.com\/2025\/12\/15\/gala-premios-the-best-2025-fifa-orix\/\"]}]},{\"@type\":\"BreadcrumbList\",\"@id\":\"https:\/\/noticiasya.com\/2025\/12\/15\/gala-premios-the-best-2025-fifa-orix\/#breadcrumb\",\"itemListElement\":[{\"@type\":\"ListItem\",\"position\":1,\"name\":\"Home\",\"item\":\"https:\/\/noticiasya.com\/\"},{\"@type\":\"ListItem\",\"position\":2,\"name\":\"Gala de los premios The Best 2025 de la FIFA: c\u00f3mo se dar\u00e1 a conocer a los ganadores, horarios y c\u00f3mo ver\"}]},{\"@type\":\"WebSite\",\"@id\":\"https:\/\/noticiasya.com\/#website\",\"url\":\"https:\/\/noticiasya.com\/\",\"name\":\"Noticias\",\"description\":\"Lo que importa\",\"publisher\":{\"@id\":\"https:\/\/noticiasya.com\/#organization\"},\"potentialAction\":[{\"@type\":\"SearchAction\",\"target\":{\"@type\":\"EntryPoint\",\"urlTemplate\":\"https:\/\/noticiasya.com\/?s={search_term_string}\"},\"query-input\":{\"@type\":\"PropertyValueSpecification\",\"valueRequired\":true,\"valueName\":\"search_term_string\"}}],\"inLanguage\":\"es\"},{\"@type\":\"Organization\",\"@id\":\"https:\/\/noticiasya.com\/#organization\",\"name\":\"Noticias\",\"url\":\"https:\/\/noticiasya.com\/\",\"logo\":{\"@type\":\"ImageObject\",\"inLanguage\":\"es\",\"@id\":\"https:\/\/noticiasya.com\/#\/schema\/logo\/image\/\",\"url\":\"https:\/\/noticiasya.com\/wp-content\/uploads\/sites\/22\/2023\/12\/logo-nacional.png\",\"contentUrl\":\"https:\/\/noticiasya.com\/wp-content\/uploads\/sites\/22\/2023\/12\/logo-nacional.png\",\"width\":1801,\"height\":691,\"caption\":\"Noticias\"},\"image\":{\"@id\":\"https:\/\/noticiasya.com\/#\/schema\/logo\/image\/\"}}]}<\/script>\n<!-- \/ Yoast SEO plugin. -->","yoast_head_json":{"title":"Gala de los premios The Best 2025 de la FIFA: c\u00f3mo se dar\u00e1 a conocer a los ganadores, horarios y c\u00f3mo ver - Noticias","robots":{"index":"index","follow":"follow","max-snippet":"max-snippet:-1","max-image-preview":"max-image-preview:large","max-video-preview":"max-video-preview:-1"},"canonical":"https:\/\/noticiasya.com\/2025\/12\/15\/gala-premios-the-best-2025-fifa-orix\/","og_locale":"es_ES","og_type":"article","og_title":"Gala de los premios The Best 2025 de la FIFA: c\u00f3mo se dar\u00e1 a conocer a los ganadores, horarios y c\u00f3mo ver - Noticias","og_description":"Por m\u00e1s que la temporada futbol\u00edstica reci\u00e9n est\u00e9 pr\u00f3xima a su ecuador, es momento del \u00faltimo balance del a\u00f1o. La FIFA anunci\u00f3 que este martes revelar\u00e1 los ganadores de los premios The Best, el galard\u00f3n con el que busca emular al Bal\u00f3n de Oro de la revista France Football para distinguir a los mejores futbolistas [&hellip;]","og_url":"https:\/\/noticiasya.com\/2025\/12\/15\/gala-premios-the-best-2025-fifa-orix\/","og_site_name":"Noticias","article_published_time":"2025-12-16T01:03:48+00:00","twitter_card":"summary_large_image","twitter_misc":{"Est. reading time":"3 minutos"},"schema":{"@context":"https:\/\/schema.org","@graph":[{"@type":"Article","@id":"https:\/\/noticiasya.com\/2025\/12\/15\/gala-premios-the-best-2025-fifa-orix\/#article","isPartOf":{"@id":"https:\/\/noticiasya.com\/2025\/12\/15\/gala-premios-the-best-2025-fifa-orix\/"},"author":{"name":"","@id":""},"headline":"Gala de los premios The Best 2025 de la FIFA: c\u00f3mo se dar\u00e1 a conocer a los ganadores, horarios y c\u00f3mo ver","datePublished":"2025-12-16T01:03:48+00:00","mainEntityOfPage":{"@id":"https:\/\/noticiasya.com\/2025\/12\/15\/gala-premios-the-best-2025-fifa-orix\/"},"wordCount":697,"commentCount":0,"publisher":{"@id":"https:\/\/noticiasya.com\/#organization"},"articleSection":["Noticias Nacionales"],"inLanguage":"es","potentialAction":[{"@type":"CommentAction","name":"Comment","target":["https:\/\/noticiasya.com\/2025\/12\/15\/gala-premios-the-best-2025-fifa-orix\/#respond"]}]},{"@type":"WebPage","@id":"https:\/\/noticiasya.com\/2025\/12\/15\/gala-premios-the-best-2025-fifa-orix\/","url":"https:\/\/noticiasya.com\/2025\/12\/15\/gala-premios-the-best-2025-fifa-orix\/","name":"Gala de los premios The Best 2025 de la FIFA: c\u00f3mo se dar\u00e1 a conocer a los ganadores, horarios y c\u00f3mo ver - Noticias","isPartOf":{"@id":"https:\/\/noticiasya.com\/#website"},"datePublished":"2025-12-16T01:03:48+00:00","breadcrumb":{"@id":"https:\/\/noticiasya.com\/2025\/12\/15\/gala-premios-the-best-2025-fifa-orix\/#breadcrumb"},"inLanguage":"es","potentialAction":[{"@type":"ReadAction","target":["https:\/\/noticiasya.com\/2025\/12\/15\/gala-premios-the-best-2025-fifa-orix\/"]}]},{"@type":"BreadcrumbList","@id":"https:\/\/noticiasya.com\/2025\/12\/15\/gala-premios-the-best-2025-fifa-orix\/#breadcrumb","itemListElement":[{"@type":"ListItem","position":1,"name":"Home","item":"https:\/\/noticiasya.com\/"},{"@type":"ListItem","position":2,"name":"Gala de los premios The Best 2025 de la FIFA: c\u00f3mo se dar\u00e1 a conocer a los ganadores, horarios y c\u00f3mo ver"}]},{"@type":"WebSite","@id":"https:\/\/noticiasya.com\/#website","url":"https:\/\/noticiasya.com\/","name":"Noticias","description":"Lo que importa","publisher":{"@id":"https:\/\/noticiasya.com\/#organization"},"potentialAction":[{"@type":"SearchAction","target":{"@type":"EntryPoint","urlTemplate":"https:\/\/noticiasya.com\/?s={search_term_string}"},"query-input":{"@type":"PropertyValueSpecification","valueRequired":true,"valueName":"search_term_string"}}],"inLanguage":"es"},{"@type":"Organization","@id":"https:\/\/noticiasya.com\/#organization","name":"Noticias","url":"https:\/\/noticiasya.com\/","logo":{"@type":"ImageObject","inLanguage":"es","@id":"https:\/\/noticiasya.com\/#\/schema\/logo\/image\/","url":"https:\/\/noticiasya.com\/wp-content\/uploads\/sites\/22\/2023\/12\/logo-nacional.png","contentUrl":"https:\/\/noticiasya.com\/wp-content\/uploads\/sites\/22\/2023\/12\/logo-nacional.png","width":1801,"height":691,"caption":"Noticias"},"image":{"@id":"https:\/\/noticiasya.com\/#\/schema\/logo\/image\/"}}]}},"parsely":{"version":"1.1.0","canonical_url":"https:\/\/noticiasya.com\/midland-odessa\/2025\/12\/15\/gala-premios-the-best-2025-fifa-orix\/","smart_links":{"inbound":0,"outbound":0},"traffic_boost_suggestions_count":0,"meta":{"@context":"https:\/\/schema.org","@type":"NewsArticle","headline":"Gala de los premios The Best 2025 de la FIFA: c\u00f3mo se dar\u00e1 a conocer a los ganadores, horarios y c\u00f3mo ver","url":"http:\/\/noticiasya.com\/midland-odessa\/2025\/12\/15\/gala-premios-the-best-2025-fifa-orix\/","mainEntityOfPage":{"@type":"WebPage","@id":"http:\/\/noticiasya.com\/midland-odessa\/2025\/12\/15\/gala-premios-the-best-2025-fifa-orix\/"},"thumbnailUrl":"","image":{"@type":"ImageObject","url":""},"articleSection":"Noticias Nacionales","author":[],"creator":[],"publisher":{"@type":"Organization","name":"Noticias","logo":""},"keywords":[],"dateCreated":"2025-12-16T01:03:48Z","datePublished":"2025-12-16T01:03:48Z","dateModified":"2025-12-16T01:03:48Z"},"rendered":"<script type=\"application\/ld+json\" class=\"wp-parsely-metadata\">{\"@context\":\"https:\\\/\\\/schema.org\",\"@type\":\"NewsArticle\",\"headline\":\"Gala de los premios The Best 2025 de la FIFA: c\\u00f3mo se dar\\u00e1 a conocer a los ganadores, horarios y c\\u00f3mo ver\",\"url\":\"http:\\\/\\\/noticiasya.com\\\/midland-odessa\\\/2025\\\/12\\\/15\\\/gala-premios-the-best-2025-fifa-orix\\\/\",\"mainEntityOfPage\":{\"@type\":\"WebPage\",\"@id\":\"http:\\\/\\\/noticiasya.com\\\/midland-odessa\\\/2025\\\/12\\\/15\\\/gala-premios-the-best-2025-fifa-orix\\\/\"},\"thumbnailUrl\":\"\",\"image\":{\"@type\":\"ImageObject\",\"url\":\"\"},\"articleSection\":\"Noticias Nacionales\",\"author\":[],\"creator\":[],\"publisher\":{\"@type\":\"Organization\",\"name\":\"Noticias\",\"logo\":\"\"},\"keywords\":[],\"dateCreated\":\"2025-12-16T01:03:48Z\",\"datePublished\":\"2025-12-16T01:03:48Z\",\"dateModified\":\"2025-12-16T01:03:48Z\"}<\/script>","tracker_url":"https:\/\/cdn.parsely.com\/keys\/noticiasya.com\/p.js"},"jetpack_featured_media_url":"","jetpack-related-posts":[{"id":1469320,"url":"https:\/\/noticiasya.com\/midland-odessa\/2025\/12\/16\/ganadores-premios-fifa-the-best-orix\/","url_meta":{"origin":1469290,"position":0},"title":"Todos los ganadores de los premios FIFA The Best 2025 por categor\u00eda","author":"","date":"diciembre 16, 2025","format":false,"excerpt":"La gala de los premios FIFA The Best dej\u00f3 poco lugar para la sorpresa: los seis principales premios tuvieron a los mismos ganadores que se coronaron hace unos meses en la entrega del Bal\u00f3n de Oro.Llam\u00f3 la atenci\u00f3n que dos goleadores letales como Kylian Mbapp\u00e9 y Erling Haaland se quedaran\u2026","rel":"","context":"In &quot;Noticias Nacionales&quot;","block_context":{"text":"Noticias Nacionales","link":"https:\/\/noticiasya.com\/midland-odessa\/categoria\/noticias-nacionales"},"img":{"alt_text":"","src":"","width":0,"height":0},"classes":[]},{"id":1469353,"url":"https:\/\/noticiasya.com\/midland-odessa\/2025\/12\/17\/premio-campeon-selecciones-participantes-mundial-2026-orix\/","url_meta":{"origin":1469290,"position":1},"title":"\u00bfCu\u00e1nto dinero recibir\u00e1 el campe\u00f3n del Mundial 2026? FIFA revela una cifra millonaria para el ganador y todas las selecciones","author":"","date":"diciembre 17, 2025","format":false,"excerpt":"La FIFA dio a conocer un monto r\u00e9cord de premios para la Copa Mundial de la FIFA 2026, a llevarse a cabo en Canad\u00e1, Estados Unidos y M\u00e9xico, en medio de varios anuncios que promueven iniciativas para el desarrollo del f\u00fatbol juvenil y la creaci\u00f3n de un fondo de recuperaci\u00f3n\u2026","rel":"","context":"In &quot;Noticias Nacionales&quot;","block_context":{"text":"Noticias Nacionales","link":"https:\/\/noticiasya.com\/midland-odessa\/categoria\/noticias-nacionales"},"img":{"alt_text":"","src":"","width":0,"height":0},"classes":[]},{"id":1464336,"url":"https:\/\/noticiasya.com\/midland-odessa\/2025\/07\/08\/dinero-fluminense-mundial-clubes-orix\/","url_meta":{"origin":1469290,"position":2},"title":"\u00bfPuede Fluminense convertirse en el club m\u00e1s poderoso del f\u00fatbol Sudamericano?","author":"","date":"julio 8, 2025","format":false,"excerpt":"El Mundial de Clubes ha resultado un torneo sumamente lucrativo para Fluminense. Uno que lo puede convertir en el corto plazo, en uno de los equipos m\u00e1s poderosos de toda Sudam\u00e9rica.El club brasile\u00f1o lleg\u00f3 hasta las semifinales del campeonato de FIFA (qued\u00f3 eliminado tras la derrota 2-0 contra el Chelsea),\u2026","rel":"","context":"In &quot;Noticias Nacionales&quot;","block_context":{"text":"Noticias Nacionales","link":"https:\/\/noticiasya.com\/midland-odessa\/categoria\/noticias-nacionales"},"img":{"alt_text":"","src":"","width":0,"height":0},"classes":[]},{"id":1469286,"url":"https:\/\/noticiasya.com\/midland-odessa\/2025\/12\/15\/premios-the-best-fifa-2025-nominados-orix\/","url_meta":{"origin":1469290,"position":3},"title":"Sin Messi ni Cristiano, estos son todos los nominados de la FIFA para los premios The Best 2025","author":"","date":"diciembre 15, 2025","format":false,"excerpt":"La FIFA anunci\u00f3 que este martes se conocer\u00e1 a todos los ganadores de los premios The Best, que reconocen a lo mejor del mundo del f\u00fatbol de la \u00faltima temporada.La votaci\u00f3n consta de cuatro patas: entrenadores y capitanes de las 211 selecciones masculinas y femeninas que son miembros de la\u2026","rel":"","context":"In &quot;Noticias Nacionales&quot;","block_context":{"text":"Noticias Nacionales","link":"https:\/\/noticiasya.com\/midland-odessa\/categoria\/noticias-nacionales"},"img":{"alt_text":"","src":"","width":0,"height":0},"classes":[]},{"id":1466230,"url":"https:\/\/noticiasya.com\/midland-odessa\/2025\/09\/07\/premios-mtv-vma-2025-artistas-horario-ver-vivo-tv-internet-orix\/","url_meta":{"origin":1469290,"position":4},"title":"Premios MTV VMA 2025: artistas, horario y c\u00f3mo ver la gala en vivo por TV e internet","author":"","date":"septiembre 7, 2025","format":false,"excerpt":"Los premios MTV Video Music Awards de 2025 se entregar\u00e1n este domingo en una gala que tendr\u00e1 lugar en el UBS Arena de Nueva York, con el actor y rapero LL Cool J como animador.La artista con m\u00e1s nominaciones este a\u00f1o es Lady Gaga, con 12 postulaciones, en los que\u2026","rel":"","context":"In &quot;Noticias Nacionales&quot;","block_context":{"text":"Noticias Nacionales","link":"https:\/\/noticiasya.com\/midland-odessa\/categoria\/noticias-nacionales"},"img":{"alt_text":"","src":"","width":0,"height":0},"classes":[]},{"id":1472218,"url":"https:\/\/noticiasya.com\/midland-odessa\/2026\/03\/15\/origen-por-que-se-llama-premios-oscar-orix\/","url_meta":{"origin":1469290,"position":5},"title":"\u00bfPor qu\u00e9 se les llama as\u00ed a los Premios Oscar? \u00bfCu\u00e1l es su origen?","author":"","date":"marzo 15, 2026","format":false,"excerpt":"Los premios Oscar son quiz\u00e1 los m\u00e1s conocidos del mundo del cine por toda la parafernalia que rodea a su ceremonia de entrega: desde las pel\u00edculas y actores que llegaron a las nominaciones, pasando por el glamour de la alfombra roja y el presentador de la gala, hasta la pol\u00e9mica\u2026","rel":"","context":"In &quot;Noticias Nacionales&quot;","block_context":{"text":"Noticias Nacionales","link":"https:\/\/noticiasya.com\/midland-odessa\/categoria\/noticias-nacionales"},"img":{"alt_text":"","src":"","width":0,"height":0},"classes":[]}],"jetpack_sharing_enabled":true,"_links":{"self":[{"href":"https:\/\/noticiasya.com\/midland-odessa\/wp-json\/wp\/v2\/posts\/1469290","targetHints":{"allow":["GET"]}}],"collection":[{"href":"https:\/\/noticiasya.com\/midland-odessa\/wp-json\/wp\/v2\/posts"}],"about":[{"href":"https:\/\/noticiasya.com\/midland-odessa\/wp-json\/wp\/v2\/types\/post"}],"replies":[{"embeddable":true,"href":"https:\/\/noticiasya.com\/midland-odessa\/wp-json\/wp\/v2\/comments?post=1469290"}],"version-history":[{"count":0,"href":"https:\/\/noticiasya.com\/midland-odessa\/wp-json\/wp\/v2\/posts\/1469290\/revisions"}],"wp:attachment":[{"href":"https:\/\/noticiasya.com\/midland-odessa\/wp-json\/wp\/v2\/media?parent=1469290"}],"wp:term":[{"taxonomy":"category","embeddable":true,"href":"https:\/\/noticiasya.com\/midland-odessa\/wp-json\/wp\/v2\/categories?post=1469290"},{"taxonomy":"post_tag","embeddable":true,"href":"https:\/\/noticiasya.com\/midland-odessa\/wp-json\/wp\/v2\/tags?post=1469290"}],"curies":[{"name":"wp","href":"https:\/\/api.w.org\/{rel}","templated":true}]}}