{"id":1469291,"date":"2025-12-15T18:03:46","date_gmt":"2025-12-16T02:03:46","guid":{"rendered":"https:\/\/noticiasya.com\/2025\/12\/15\/denuncia-detencion-melquiades-pulido-garcia-orix\/"},"modified":"2025-12-15T18:03:46","modified_gmt":"2025-12-16T02:03:46","slug":"denuncia-detencion-melquiades-pulido-garcia-orix","status":"publish","type":"post","link":"https:\/\/noticiasya.com\/midland-odessa\/2025\/12\/15\/denuncia-detencion-melquiades-pulido-garcia-orix\/","title":{"rendered":"Vente Venezuela denuncia detenci\u00f3n de Melquiades Pulido Garc\u00eda, un coordinador de la organizaci\u00f3n"},"content":{"rendered":"<p>El movimiento pol\u00edtico Vente Venezuela, fundado y dirigido por Mar\u00eda Corina Machado, <a href=\"https:\/\/x.com\/VenteDDHH\/status\/2000561547400122809\">denunci\u00f3 <\/a>que una unidad de funcionarios del Servicio Bolivariano de inteligencia (SEBIN) se llev\u00f3 en la ma\u00f1ana de este lunes a Melquiades Pulido Garc\u00eda, coordinador de gesti\u00f3n p\u00fablica de la organizaci\u00f3n.<\/p>\n<p>Seg\u00fan la versi\u00f3n de Vente Venezuela, el dirigente de 70 a\u00f1os de edad estaba caminando cuando fue interceptado por una camioneta y los funcionarios le informaron que estaba siendo solicitado, tras lo cual se lo llevaron a la fuerza. En este sentido, desde Vente Venezuela advirtieron que Pulido Garc\u00eda sufre de Parkinson y que tiene una condici\u00f3n de coagulaci\u00f3n que requiere atenci\u00f3n m\u00e9dica inmediata para evitar infartos o accidentes cerebro vasculares.<\/p>\n<p>CNN se comunic\u00f3 con el Ministerio p\u00fablico de Venezuela para confirmar la informaci\u00f3n sin hasta ahora haber obtenido respuesta.<\/p>\n<p>La organizaci\u00f3n conducida por la ganadora del Premio Nobel de la paz 2025 denuncia adem\u00e1s que existe <a href=\"https:\/\/cnnespanol.cnn.com\/2025\/11\/27\/venezuela\/maduro-presion-externa-oposicion-represion-quirurgica-orix\">\u201cuna represi\u00f3n sistem\u00e1tica\u201d<\/a> contra quienes pertenecen o son cercanos al movimiento pol\u00edtico y aseguran que la presi\u00f3n ha aumentado a la par de la presi\u00f3n de Estados Unidos sobre Venezuela tras una despliegue militar que ya suma unos cuatro meses.<\/p>\n<p>En su cuenta de X, Machado <a href=\"https:\/\/x.com\/MariaCorinaYA\/status\/2000659418891817448\">dijo <\/a>que Maduro era \u201cresponsable de la vida y la salud de Melqu\u00edadas\u201d.<\/p>\n<p>El Gobierno de Venezuela<a href=\"https:\/\/cnnespanol.cnn.com\/2024\/10\/07\/detenidos-elecciones-venezuela-torturas-orix\"> ha insistido<\/a> en el pasado en que a todos los detenidos en el pa\u00eds se les respeta los derechos humanos y el debido proceso, y ha tildado a diversos informes internacionales sobre detenciones arbitrarias de<a href=\"https:\/\/cnnespanol.cnn.com\/2025\/06\/27\/venezuela\/alto-comisionado-onu-expresa-preocupacion-derechos-humanos-orix\"> \u201cinjerencistas\u201d<\/a> y a las denuncias de <a href=\"https:\/\/cnnespanol.cnn.com\/2025\/09\/19\/latinoamerica\/desapariciones-forzadas-venezuela-estrategia-deliberada-del-gobierno-dicen-organizaciones-de-dd-hh\">\u201cirresponsables, sesgadas y profundamente polarizadas\u201d.<\/a><\/p>\n<p>The-CNN-Wire<br \/>&trade; &amp; &copy; 2025 Cable News Network, Inc., a Warner Bros. Discovery Company. All rights reserved.<\/p>\n","protected":false},"excerpt":{"rendered":"<p>El movimiento pol\u00edtico Vente Venezuela, fundado y dirigido por Mar\u00eda Corina Machado, denunci\u00f3 que una unidad de funcionarios del Servicio Bolivariano de inteligencia (SEBIN) se llev\u00f3 en la ma\u00f1ana de este lunes a Melquiades Pulido Garc\u00eda, coordinador de gesti\u00f3n p\u00fablica de la organizaci\u00f3n. Seg\u00fan la versi\u00f3n de Vente Venezuela, el dirigente de 70 a\u00f1os de [&hellip;]<\/p>\n","protected":false},"author":0,"featured_media":0,"comment_status":"open","ping_status":"open","sticky":false,"template":"","format":"standard","meta":{"_jetpack_memberships_contains_paid_content":false,"footnotes":""},"categories":[10],"tags":[],"class_list":["post-1469291","post","type-post","status-publish","format-standard","hentry","category-noticias-nacionales","market-global"],"yoast_head":"<!-- This site is optimized with the Yoast SEO plugin v24.4 - https:\/\/yoast.com\/wordpress\/plugins\/seo\/ -->\n<title>Vente Venezuela denuncia detenci\u00f3n de Melquiades Pulido Garc\u00eda, un coordinador de la organizaci\u00f3n - Noticias<\/title>\n<meta name=\"robots\" content=\"index, follow, max-snippet:-1, max-image-preview:large, max-video-preview:-1\" \/>\n<link rel=\"canonical\" href=\"https:\/\/noticiasya.com\/2025\/12\/15\/denuncia-detencion-melquiades-pulido-garcia-orix\/\" \/>\n<meta property=\"og:locale\" content=\"es_ES\" \/>\n<meta property=\"og:type\" content=\"article\" \/>\n<meta property=\"og:title\" content=\"Vente Venezuela denuncia detenci\u00f3n de Melquiades Pulido Garc\u00eda, un coordinador de la organizaci\u00f3n - Noticias\" \/>\n<meta property=\"og:description\" content=\"El movimiento pol\u00edtico Vente Venezuela, fundado y dirigido por Mar\u00eda Corina Machado, denunci\u00f3 que una unidad de funcionarios del Servicio Bolivariano de inteligencia (SEBIN) se llev\u00f3 en la ma\u00f1ana de este lunes a Melquiades Pulido Garc\u00eda, coordinador de gesti\u00f3n p\u00fablica de la organizaci\u00f3n. Seg\u00fan la versi\u00f3n de Vente Venezuela, el dirigente de 70 a\u00f1os de [&hellip;]\" \/>\n<meta property=\"og:url\" content=\"https:\/\/noticiasya.com\/2025\/12\/15\/denuncia-detencion-melquiades-pulido-garcia-orix\/\" \/>\n<meta property=\"og:site_name\" content=\"Noticias\" \/>\n<meta property=\"article:published_time\" content=\"2025-12-16T02:03:46+00:00\" \/>\n<meta name=\"twitter:card\" content=\"summary_large_image\" \/>\n<meta name=\"twitter:label1\" content=\"Est. reading time\" \/>\n\t<meta name=\"twitter:data1\" content=\"1 minuto\" \/>\n<script type=\"application\/ld+json\" class=\"yoast-schema-graph\">{\"@context\":\"https:\/\/schema.org\",\"@graph\":[{\"@type\":\"Article\",\"@id\":\"https:\/\/noticiasya.com\/2025\/12\/15\/denuncia-detencion-melquiades-pulido-garcia-orix\/#article\",\"isPartOf\":{\"@id\":\"https:\/\/noticiasya.com\/2025\/12\/15\/denuncia-detencion-melquiades-pulido-garcia-orix\/\"},\"author\":{\"name\":\"\",\"@id\":\"\"},\"headline\":\"Vente Venezuela denuncia detenci\u00f3n de Melquiades Pulido Garc\u00eda, un coordinador de la organizaci\u00f3n\",\"datePublished\":\"2025-12-16T02:03:46+00:00\",\"mainEntityOfPage\":{\"@id\":\"https:\/\/noticiasya.com\/2025\/12\/15\/denuncia-detencion-melquiades-pulido-garcia-orix\/\"},\"wordCount\":315,\"commentCount\":0,\"publisher\":{\"@id\":\"https:\/\/noticiasya.com\/#organization\"},\"articleSection\":[\"Noticias Nacionales\"],\"inLanguage\":\"es\",\"potentialAction\":[{\"@type\":\"CommentAction\",\"name\":\"Comment\",\"target\":[\"https:\/\/noticiasya.com\/2025\/12\/15\/denuncia-detencion-melquiades-pulido-garcia-orix\/#respond\"]}]},{\"@type\":\"WebPage\",\"@id\":\"https:\/\/noticiasya.com\/2025\/12\/15\/denuncia-detencion-melquiades-pulido-garcia-orix\/\",\"url\":\"https:\/\/noticiasya.com\/2025\/12\/15\/denuncia-detencion-melquiades-pulido-garcia-orix\/\",\"name\":\"Vente Venezuela denuncia detenci\u00f3n de Melquiades Pulido Garc\u00eda, un coordinador de la organizaci\u00f3n - Noticias\",\"isPartOf\":{\"@id\":\"https:\/\/noticiasya.com\/#website\"},\"datePublished\":\"2025-12-16T02:03:46+00:00\",\"breadcrumb\":{\"@id\":\"https:\/\/noticiasya.com\/2025\/12\/15\/denuncia-detencion-melquiades-pulido-garcia-orix\/#breadcrumb\"},\"inLanguage\":\"es\",\"potentialAction\":[{\"@type\":\"ReadAction\",\"target\":[\"https:\/\/noticiasya.com\/2025\/12\/15\/denuncia-detencion-melquiades-pulido-garcia-orix\/\"]}]},{\"@type\":\"BreadcrumbList\",\"@id\":\"https:\/\/noticiasya.com\/2025\/12\/15\/denuncia-detencion-melquiades-pulido-garcia-orix\/#breadcrumb\",\"itemListElement\":[{\"@type\":\"ListItem\",\"position\":1,\"name\":\"Home\",\"item\":\"https:\/\/noticiasya.com\/\"},{\"@type\":\"ListItem\",\"position\":2,\"name\":\"Vente Venezuela denuncia detenci\u00f3n de Melquiades Pulido Garc\u00eda, un coordinador de la organizaci\u00f3n\"}]},{\"@type\":\"WebSite\",\"@id\":\"https:\/\/noticiasya.com\/#website\",\"url\":\"https:\/\/noticiasya.com\/\",\"name\":\"Noticias\",\"description\":\"Lo que importa\",\"publisher\":{\"@id\":\"https:\/\/noticiasya.com\/#organization\"},\"potentialAction\":[{\"@type\":\"SearchAction\",\"target\":{\"@type\":\"EntryPoint\",\"urlTemplate\":\"https:\/\/noticiasya.com\/?s={search_term_string}\"},\"query-input\":{\"@type\":\"PropertyValueSpecification\",\"valueRequired\":true,\"valueName\":\"search_term_string\"}}],\"inLanguage\":\"es\"},{\"@type\":\"Organization\",\"@id\":\"https:\/\/noticiasya.com\/#organization\",\"name\":\"Noticias\",\"url\":\"https:\/\/noticiasya.com\/\",\"logo\":{\"@type\":\"ImageObject\",\"inLanguage\":\"es\",\"@id\":\"https:\/\/noticiasya.com\/#\/schema\/logo\/image\/\",\"url\":\"https:\/\/noticiasya.com\/wp-content\/uploads\/sites\/22\/2023\/12\/logo-nacional.png\",\"contentUrl\":\"https:\/\/noticiasya.com\/wp-content\/uploads\/sites\/22\/2023\/12\/logo-nacional.png\",\"width\":1801,\"height\":691,\"caption\":\"Noticias\"},\"image\":{\"@id\":\"https:\/\/noticiasya.com\/#\/schema\/logo\/image\/\"}}]}<\/script>\n<!-- \/ Yoast SEO plugin. -->","yoast_head_json":{"title":"Vente Venezuela denuncia detenci\u00f3n de Melquiades Pulido Garc\u00eda, un coordinador de la organizaci\u00f3n - Noticias","robots":{"index":"index","follow":"follow","max-snippet":"max-snippet:-1","max-image-preview":"max-image-preview:large","max-video-preview":"max-video-preview:-1"},"canonical":"https:\/\/noticiasya.com\/2025\/12\/15\/denuncia-detencion-melquiades-pulido-garcia-orix\/","og_locale":"es_ES","og_type":"article","og_title":"Vente Venezuela denuncia detenci\u00f3n de Melquiades Pulido Garc\u00eda, un coordinador de la organizaci\u00f3n - Noticias","og_description":"El movimiento pol\u00edtico Vente Venezuela, fundado y dirigido por Mar\u00eda Corina Machado, denunci\u00f3 que una unidad de funcionarios del Servicio Bolivariano de inteligencia (SEBIN) se llev\u00f3 en la ma\u00f1ana de este lunes a Melquiades Pulido Garc\u00eda, coordinador de gesti\u00f3n p\u00fablica de la organizaci\u00f3n. Seg\u00fan la versi\u00f3n de Vente Venezuela, el dirigente de 70 a\u00f1os de [&hellip;]","og_url":"https:\/\/noticiasya.com\/2025\/12\/15\/denuncia-detencion-melquiades-pulido-garcia-orix\/","og_site_name":"Noticias","article_published_time":"2025-12-16T02:03:46+00:00","twitter_card":"summary_large_image","twitter_misc":{"Est. reading time":"1 minuto"},"schema":{"@context":"https:\/\/schema.org","@graph":[{"@type":"Article","@id":"https:\/\/noticiasya.com\/2025\/12\/15\/denuncia-detencion-melquiades-pulido-garcia-orix\/#article","isPartOf":{"@id":"https:\/\/noticiasya.com\/2025\/12\/15\/denuncia-detencion-melquiades-pulido-garcia-orix\/"},"author":{"name":"","@id":""},"headline":"Vente Venezuela denuncia detenci\u00f3n de Melquiades Pulido Garc\u00eda, un coordinador de la organizaci\u00f3n","datePublished":"2025-12-16T02:03:46+00:00","mainEntityOfPage":{"@id":"https:\/\/noticiasya.com\/2025\/12\/15\/denuncia-detencion-melquiades-pulido-garcia-orix\/"},"wordCount":315,"commentCount":0,"publisher":{"@id":"https:\/\/noticiasya.com\/#organization"},"articleSection":["Noticias Nacionales"],"inLanguage":"es","potentialAction":[{"@type":"CommentAction","name":"Comment","target":["https:\/\/noticiasya.com\/2025\/12\/15\/denuncia-detencion-melquiades-pulido-garcia-orix\/#respond"]}]},{"@type":"WebPage","@id":"https:\/\/noticiasya.com\/2025\/12\/15\/denuncia-detencion-melquiades-pulido-garcia-orix\/","url":"https:\/\/noticiasya.com\/2025\/12\/15\/denuncia-detencion-melquiades-pulido-garcia-orix\/","name":"Vente Venezuela denuncia detenci\u00f3n de Melquiades Pulido Garc\u00eda, un coordinador de la organizaci\u00f3n - Noticias","isPartOf":{"@id":"https:\/\/noticiasya.com\/#website"},"datePublished":"2025-12-16T02:03:46+00:00","breadcrumb":{"@id":"https:\/\/noticiasya.com\/2025\/12\/15\/denuncia-detencion-melquiades-pulido-garcia-orix\/#breadcrumb"},"inLanguage":"es","potentialAction":[{"@type":"ReadAction","target":["https:\/\/noticiasya.com\/2025\/12\/15\/denuncia-detencion-melquiades-pulido-garcia-orix\/"]}]},{"@type":"BreadcrumbList","@id":"https:\/\/noticiasya.com\/2025\/12\/15\/denuncia-detencion-melquiades-pulido-garcia-orix\/#breadcrumb","itemListElement":[{"@type":"ListItem","position":1,"name":"Home","item":"https:\/\/noticiasya.com\/"},{"@type":"ListItem","position":2,"name":"Vente Venezuela denuncia detenci\u00f3n de Melquiades Pulido Garc\u00eda, un coordinador de la organizaci\u00f3n"}]},{"@type":"WebSite","@id":"https:\/\/noticiasya.com\/#website","url":"https:\/\/noticiasya.com\/","name":"Noticias","description":"Lo que importa","publisher":{"@id":"https:\/\/noticiasya.com\/#organization"},"potentialAction":[{"@type":"SearchAction","target":{"@type":"EntryPoint","urlTemplate":"https:\/\/noticiasya.com\/?s={search_term_string}"},"query-input":{"@type":"PropertyValueSpecification","valueRequired":true,"valueName":"search_term_string"}}],"inLanguage":"es"},{"@type":"Organization","@id":"https:\/\/noticiasya.com\/#organization","name":"Noticias","url":"https:\/\/noticiasya.com\/","logo":{"@type":"ImageObject","inLanguage":"es","@id":"https:\/\/noticiasya.com\/#\/schema\/logo\/image\/","url":"https:\/\/noticiasya.com\/wp-content\/uploads\/sites\/22\/2023\/12\/logo-nacional.png","contentUrl":"https:\/\/noticiasya.com\/wp-content\/uploads\/sites\/22\/2023\/12\/logo-nacional.png","width":1801,"height":691,"caption":"Noticias"},"image":{"@id":"https:\/\/noticiasya.com\/#\/schema\/logo\/image\/"}}]}},"parsely":{"version":"1.1.0","canonical_url":"https:\/\/noticiasya.com\/midland-odessa\/2025\/12\/15\/denuncia-detencion-melquiades-pulido-garcia-orix\/","smart_links":{"inbound":0,"outbound":0},"traffic_boost_suggestions_count":0,"meta":{"@context":"https:\/\/schema.org","@type":"NewsArticle","headline":"Vente Venezuela denuncia detenci\u00f3n de Melquiades Pulido Garc\u00eda, un coordinador de la organizaci\u00f3n","url":"http:\/\/noticiasya.com\/midland-odessa\/2025\/12\/15\/denuncia-detencion-melquiades-pulido-garcia-orix\/","mainEntityOfPage":{"@type":"WebPage","@id":"http:\/\/noticiasya.com\/midland-odessa\/2025\/12\/15\/denuncia-detencion-melquiades-pulido-garcia-orix\/"},"thumbnailUrl":"","image":{"@type":"ImageObject","url":""},"articleSection":"Noticias Nacionales","author":[],"creator":[],"publisher":{"@type":"Organization","name":"Noticias","logo":""},"keywords":[],"dateCreated":"2025-12-16T02:03:46Z","datePublished":"2025-12-16T02:03:46Z","dateModified":"2025-12-16T02:03:46Z"},"rendered":"<script type=\"application\/ld+json\" class=\"wp-parsely-metadata\">{\"@context\":\"https:\\\/\\\/schema.org\",\"@type\":\"NewsArticle\",\"headline\":\"Vente Venezuela denuncia detenci\\u00f3n de Melquiades Pulido Garc\\u00eda, un coordinador de la organizaci\\u00f3n\",\"url\":\"http:\\\/\\\/noticiasya.com\\\/midland-odessa\\\/2025\\\/12\\\/15\\\/denuncia-detencion-melquiades-pulido-garcia-orix\\\/\",\"mainEntityOfPage\":{\"@type\":\"WebPage\",\"@id\":\"http:\\\/\\\/noticiasya.com\\\/midland-odessa\\\/2025\\\/12\\\/15\\\/denuncia-detencion-melquiades-pulido-garcia-orix\\\/\"},\"thumbnailUrl\":\"\",\"image\":{\"@type\":\"ImageObject\",\"url\":\"\"},\"articleSection\":\"Noticias Nacionales\",\"author\":[],\"creator\":[],\"publisher\":{\"@type\":\"Organization\",\"name\":\"Noticias\",\"logo\":\"\"},\"keywords\":[],\"dateCreated\":\"2025-12-16T02:03:46Z\",\"datePublished\":\"2025-12-16T02:03:46Z\",\"dateModified\":\"2025-12-16T02:03:46Z\"}<\/script>","tracker_url":"https:\/\/cdn.parsely.com\/keys\/noticiasya.com\/p.js"},"jetpack_featured_media_url":"","jetpack-related-posts":[{"id":1469960,"url":"https:\/\/noticiasya.com\/midland-odessa\/2026\/01\/10\/confirman-excarcelados-presos-politicos-venezuela-orix\/","url_meta":{"origin":1469291,"position":0},"title":"Confirman otros tres excarcelados y ya son doce los detenidos pol\u00edticos que dejaron la prisi\u00f3n en Venezuela","author":"","date":"enero 10, 2026","format":false,"excerpt":"El director presidente de la organizaci\u00f3n sin fines de lucro Foro Penal, Alfredo Romero, dijo este s\u00e1bado que hasta ahora han confirmado la excarcelaci\u00f3n de doce presos pol\u00edticos desde el anuncio del jueves por parte del presidente de la Asamblea Nacional, Jorge Rodr\u00edguez, quien asegur\u00f3 que Venezuela liberar\u00eda \u201cun n\u00famero\u2026","rel":"","context":"In &quot;Noticias Nacionales&quot;","block_context":{"text":"Noticias Nacionales","link":"https:\/\/noticiasya.com\/midland-odessa\/categoria\/noticias-nacionales"},"img":{"alt_text":"","src":"","width":0,"height":0},"classes":[]},{"id":1446751,"url":"https:\/\/noticiasya.com\/midland-odessa\/2024\/03\/09\/arrestan-colaborador-maria-corina-machado-venezuela-denuncia-secuestro-orix\/","url_meta":{"origin":1469291,"position":1},"title":"Arrestan a colaborador de opositora Mar\u00eda Corina Machado en Venezuela; ella denuncia nuevo &#171;secuestro&#187; por parte del Gobierno de Nicol\u00e1s Maduro","author":"","date":"marzo 9, 2024","format":false,"excerpt":"(CNN Espa\u00f1ol) --\u00a0El fiscal general de Venezuela, Tarek William Saab, confirm\u00f3 este s\u00e1bado el arresto de Emil Brand Ulloa, el director del comando de campa\u00f1a en el estado Barinas para la l\u00edder Mar\u00eda Corina Machado, ganadora de las primarias presidenciales de la oposici\u00f3n.Seg\u00fan un comunicado publicado en su cuenta de\u2026","rel":"","context":"In &quot;Noticias Nacionales&quot;","block_context":{"text":"Noticias Nacionales","link":"https:\/\/noticiasya.com\/midland-odessa\/categoria\/noticias-nacionales"},"img":{"alt_text":"","src":"","width":0,"height":0},"classes":[]},{"id":1455862,"url":"https:\/\/noticiasya.com\/midland-odessa\/2024\/11\/15\/machado-gonzalez-fallecimiento-martinez-medina-testigo-elecciones-orix\/","url_meta":{"origin":1469291,"position":2},"title":"Machado y Gonz\u00e1lez denuncian el fallecimiento en prisi\u00f3n de Jes\u00fas Manuel Mart\u00ednez Medina, miembro del partido Vente Venezuela y testigo de la oposici\u00f3n de las elecciones del 28 de julio","author":"","date":"noviembre 15, 2024","format":false,"excerpt":"(CNN Espa\u00f1ol) \u2013\u2013 Los l\u00edderes opositores de Venezuela, Mar\u00eda Corina Machado y Edmundo Gonz\u00e1lez Urrutia, denunciaron este jueves el fallecimiento en prisi\u00f3n de Jes\u00fas Manuel Mart\u00ednez Medina, un miembro de Vente Venezuela, la organizaci\u00f3n de la inhabilitada dirigente, quien fungi\u00f3 como testigo de las fuerzas pol\u00edticas contrarias al Gobierno de\u2026","rel":"","context":"In &quot;Noticias Nacionales&quot;","block_context":{"text":"Noticias Nacionales","link":"https:\/\/noticiasya.com\/midland-odessa\/categoria\/noticias-nacionales"},"img":{"alt_text":"","src":"","width":0,"height":0},"classes":[]},{"id":1452506,"url":"https:\/\/noticiasya.com\/midland-odessa\/2024\/09\/06\/oposicion-denuncia-asedio-embajada-argentina-venezuela-orix\/","url_meta":{"origin":1469291,"position":3},"title":"Fuerzas de seguridad de Venezuela rodean la Embajada de Argentina. La oposici\u00f3n dice que es un asedio","author":"","date":"septiembre 6, 2024","format":false,"excerpt":"(CNN Espa\u00f1ol) -- Las fuerzas de seguridad de Venezuela rodean la Embajada de Argentina en Caracas, denunciaron este viernes dos de los opositores venezolanos refugiados en la sede diplom\u00e1tica, quienes calificaron la situaci\u00f3n de \u201casedio\u201d del Gobierno del presidente Nicol\u00e1s Maduro.Pedro Urruchurtu, coordinador internacional de la dirigente opositora Mar\u00eda Corina\u2026","rel":"","context":"In &quot;Noticias Nacionales&quot;","block_context":{"text":"Noticias Nacionales","link":"https:\/\/noticiasya.com\/midland-odessa\/categoria\/noticias-nacionales"},"img":{"alt_text":"","src":"","width":0,"height":0},"classes":[]},{"id":1468751,"url":"https:\/\/noticiasya.com\/midland-odessa\/2025\/11\/27\/maduro-presion-externa-oposicion-represion-quirurgica-orix\/","url_meta":{"origin":1469291,"position":4},"title":"Mientras Maduro enfrenta la presi\u00f3n externa, la oposici\u00f3n venezolana denuncia una &#171;represi\u00f3n quir\u00fargica&#187; del Gobierno","author":"","date":"noviembre 27, 2025","format":false,"excerpt":"Mientras el presidente de Venezuela, Nicol\u00e1s Maduro, vive un aumento de la presi\u00f3n externa en medio del despliegue militar de Estados Unidos, ciudadanos, opositores y organizaciones defensoras de derechos humanos advierten que la tensi\u00f3n interna en Venezuela se ha recrudecido. Seg\u00fan denuncian organizaciones no gubernamentales como Provea, octubre fue el\u2026","rel":"","context":"In &quot;Noticias Nacionales&quot;","block_context":{"text":"Noticias Nacionales","link":"https:\/\/noticiasya.com\/midland-odessa\/categoria\/noticias-nacionales"},"img":{"alt_text":"","src":"","width":0,"height":0},"classes":[]},{"id":1447833,"url":"https:\/\/noticiasya.com\/midland-odessa\/2024\/04\/07\/cancilleres-colombia-venezuela-reunen-orix\/","url_meta":{"origin":1469291,"position":5},"title":"Los cancilleres de Colombia y Venezuela se reunir\u00e1n este lunes tras impasse bilateral por comentarios sobre elecciones","author":"","date":"abril 7, 2024","format":false,"excerpt":"(CNN Espa\u00f1ol) -- El canciller de Colombia, Luis Gilberto Murillo, y el de Venezuela, Yv\u00e1n Gil, se reunir\u00e1n este lunes en C\u00facuta, Colombia, para el primer encuentro del mecanismo de seguimiento de la Comisi\u00f3n de Vecindad e Integraci\u00f3n bilateral, luego de los desencuentros en relaci\u00f3n con las elecciones presidenciales en\u2026","rel":"","context":"In &quot;Noticias Nacionales&quot;","block_context":{"text":"Noticias Nacionales","link":"https:\/\/noticiasya.com\/midland-odessa\/categoria\/noticias-nacionales"},"img":{"alt_text":"","src":"","width":0,"height":0},"classes":[]}],"jetpack_sharing_enabled":true,"_links":{"self":[{"href":"https:\/\/noticiasya.com\/midland-odessa\/wp-json\/wp\/v2\/posts\/1469291","targetHints":{"allow":["GET"]}}],"collection":[{"href":"https:\/\/noticiasya.com\/midland-odessa\/wp-json\/wp\/v2\/posts"}],"about":[{"href":"https:\/\/noticiasya.com\/midland-odessa\/wp-json\/wp\/v2\/types\/post"}],"replies":[{"embeddable":true,"href":"https:\/\/noticiasya.com\/midland-odessa\/wp-json\/wp\/v2\/comments?post=1469291"}],"version-history":[{"count":0,"href":"https:\/\/noticiasya.com\/midland-odessa\/wp-json\/wp\/v2\/posts\/1469291\/revisions"}],"wp:attachment":[{"href":"https:\/\/noticiasya.com\/midland-odessa\/wp-json\/wp\/v2\/media?parent=1469291"}],"wp:term":[{"taxonomy":"category","embeddable":true,"href":"https:\/\/noticiasya.com\/midland-odessa\/wp-json\/wp\/v2\/categories?post=1469291"},{"taxonomy":"post_tag","embeddable":true,"href":"https:\/\/noticiasya.com\/midland-odessa\/wp-json\/wp\/v2\/tags?post=1469291"}],"curies":[{"name":"wp","href":"https:\/\/api.w.org\/{rel}","templated":true}]}}