{"id":1469295,"date":"2025-12-16T01:03:43","date_gmt":"2025-12-16T09:03:43","guid":{"rendered":"https:\/\/noticiasya.com\/2025\/12\/16\/sospechosos-terrorismo-australia-isla-filipina-trax\/"},"modified":"2025-12-16T01:03:43","modified_gmt":"2025-12-16T09:03:43","slug":"sospechosos-terrorismo-australia-isla-filipina-trax","status":"publish","type":"post","link":"https:\/\/noticiasya.com\/midland-odessa\/2025\/12\/16\/sospechosos-terrorismo-australia-isla-filipina-trax\/","title":{"rendered":"Los sospechosos de terrorismo en Australia, impulsados \u200b\u200bpor &#171;ISIS&#187;, visitaron una isla filipina azotada por el extremismo"},"content":{"rendered":"<p>El d\u00fao de padre e hijo sospechosos de llevar a cabo <a href=\"https:\/\/www.cnn.com\/world\/live-news\/bondi-beach-gunshots-reported-12-14-25\">una masacre en la famosa playa Bondi de Sydney<\/a> el domingo estaban \u201cimpulsados \u200b\u200bpor la ideolog\u00eda del Estado Isl\u00e1mico\u201d, afirma la polic\u00eda, mientras que las autoridades filipinas confirmaron que visitaron recientemente una parte de ese pa\u00eds que durante mucho tiempo ha sido un semillero de extremismo.<\/p>\n<p>Los dos hombres son Sajid Akram, de 50 a\u00f1os, quien muri\u00f3 tras intercambiar disparos con la polic\u00eda, y su hijo Naveed Akram, de 24 a\u00f1os, quien est\u00e1 detenido en el hospital y se espera que enfrente cargos importantes.<\/p>\n<p>Un funcionario antiterrorista australiano cree que el d\u00fao recibi\u00f3 entrenamiento de estilo militar mientras estaban en el sur de Filipinas el mes pasado, inform\u00f3 el martes la emisora \u200b\u200bp\u00fablica ABC.<\/p>\n<p>Se encontraron dos banderas caseras del Estado Isl\u00e1mico en un veh\u00edculo registrado a nombre del sospechoso m\u00e1s joven, quien fue evaluado previamente por la agencia de seguridad interna del pa\u00eds y descartado como una potencial amenaza, declar\u00f3 la polic\u00eda.<\/p>\n<p>Las autoridades afirman que los sospechosos atacaron a jud\u00edos australianos que celebraban la primera noche de la festividad de Januc\u00e1. El fatal incidente, que dej\u00f3 15 muertos, constituye el peor tiroteo masivo del pa\u00eds en casi 30 a\u00f1os.<\/p>\n<p>La polic\u00eda afirm\u00f3 que por el momento no hay evidencia que sugiera que hubo m\u00e1s personas involucradas.<\/p>\n<p>Esto es lo que sabemos hasta ahora sobre los sospechosos.<\/p>\n<p>El tiroteo parece haber sido inspirado por la ideolog\u00eda extremista del \u201cISIS\u201d, seg\u00fan el l\u00edder australiano Anthony Albanese.<\/p>\n<p>La polic\u00eda de Nueva Gales del Sur inform\u00f3 este martes que el veh\u00edculo registrado a nombre del sospechoso m\u00e1s joven conten\u00eda dispositivos explosivos improvisados \u200b\u200by dos banderas caseras de ISIS.<\/p>\n<p>Albanese dijo que la evidencia de las banderas mostraba que \u201cla perversi\u00f3n radical del Islam es absolutamente un problema\u201d tanto en el pa\u00eds como en todo el mundo.<\/p>\n<p>Las autoridades creen que los dos hombres \u201cno eran parte de una c\u00e9lula m\u00e1s amplia\u201d, lo que les ayud\u00f3 a evadir la detecci\u00f3n, coment\u00f3 Albanese a la emisora \u200b\u200bp\u00fablica ABC.<\/p>\n<p>Pero el sospechoso m\u00e1s joven ya era conocido por los servicios de seguridad federales.<\/p>\n<p>El hijo fue investigado durante seis meses por la Organizaci\u00f3n Australiana de Inteligencia de Seguridad (ASIO, seg\u00fan sus siglas) en 2019 \u201cdebido a sus v\u00ednculos con dos personas que posteriormente fueron encarceladas\u201d, declar\u00f3 Albanese. Sin embargo, la investigaci\u00f3n concluy\u00f3 que no hab\u00eda pruebas de que se hubiera radicalizado.<\/p>\n<p>El joven de 24 a\u00f1os no estuvo sujeto a vigilancia continua despu\u00e9s de que termin\u00f3 la investigaci\u00f3n, pero las autoridades ahora est\u00e1n tratando de determinar \u201csi se radicaliz\u00f3 a\u00fan m\u00e1s despu\u00e9s de eso\u201d, apunt\u00f3 Albanese.<\/p>\n<p>El padre, propietario de armas con licencia, fue entrevistado como parte de la investigaci\u00f3n de 2019, pero tampoco mostr\u00f3 indicios de radicalizaci\u00f3n, a\u00f1adi\u00f3 Albanese. Manifest\u00f3 que desconoc\u00eda si las autoridades cuestionaron si el padre pose\u00eda armas en ese momento.<\/p>\n<p>\u201cEl antisemitismo, por supuesto, ha existido durante mucho tiempo; ese es el punto. El Estado Isl\u00e1mico es una ideolog\u00eda que, tr\u00e1gicamente, durante la \u00faltima d\u00e9cada, particularmente desde 2015, ha llevado a la radicalizaci\u00f3n de algunas personas a esta postura extrema, y \u200b\u200bes una acci\u00f3n odiosa\u201d, expres\u00f3 Albanese.<\/p>\n<p>Un im\u00e1n que le dio lecciones de Cor\u00e1n a Naveed Akram coment\u00f3 a CNN que el joven de 24 a\u00f1os se hab\u00eda acercado al Instituto Al Murad para recibir lecciones de recitaci\u00f3n del Cor\u00e1n y de idioma \u00e1rabe en 2019. Continu\u00f3 con sus lecciones durante un a\u00f1o.<\/p>\n<p>\u201cCondeno este acto de violencia sin ninguna duda\u201d, manifest\u00f3 el jeque Adam Ismail en un mensaje de video.<\/p>\n<p>\u201cNo todos los que recitan el Cor\u00e1n lo entienden o viven seg\u00fan sus ense\u00f1anzas y, lamentablemente, este parece ser el caso aqu\u00ed\u201d, a\u00f1adi\u00f3.<\/p>\n<p>La polic\u00eda ahora est\u00e1 investigando un viaje que los Akram realizaron el mes pasado a Filipinas, mientras intentan averiguar c\u00f3mo se radicaliz\u00f3 el d\u00fao.<\/p>\n<p>\u201cLas razones por las que fueron a Filipinas, el prop\u00f3sito de ello y ad\u00f3nde fueron cuando estuvieron all\u00ed est\u00e1n bajo investigaci\u00f3n en este momento\u201d, inform\u00f3 Mal Lanyon, comisionado de polic\u00eda del estado de Nueva Gales del Sur, el martes.<\/p>\n<p>Lanyon afirm\u00f3 no tener conocimiento de ninguna alerta de seguridad activada durante el viaje. \u201cNo creo que se tratara de un fallo de inteligencia en absoluto\u201d, apunt\u00f3.<\/p>\n<p>Las autoridades filipinas confirmaron a CNN el martes que los Akram llegaron juntos el 1 de noviembre de 2025. Indicaron que su destino final era Davao, una ciudad importante en la isla sure\u00f1a de Mindanao, y abandonaron el pa\u00eds desde Manila el 28 de noviembre, seg\u00fan la Oficina de Inmigraci\u00f3n y Deportaci\u00f3n.<\/p>\n<p>Mindanao, la segunda isla m\u00e1s grande de Filipinas, ha <a href=\"https:\/\/www.cnn.com\/2019\/01\/21\/asia\/mindanao-referendum-peace-vote-intl\/index.html\">sido azotada durante mucho tiempo por el terrorismo y los disturbios<\/a>.<\/p>\n<p>Es el hogar de varios grupos insurgentes islamistas, incluido Abu Sayyaf, al que se le ha atribuido una serie de ataques contra civiles y tropas del Gobierno filipino, as\u00ed como del secuestro de varios ciudadanos extranjeros.<\/p>\n<p>En 2017, Abu Sayyaf, junto con el grupo Maute, otra organizaci\u00f3n militante con sede en Mindanao, captur\u00f3 y ocup\u00f3 Marawi, la mayor ciudad de mayor\u00eda musulmana del pa\u00eds. La violencia oblig\u00f3 a m\u00e1s de 350.000 residentes a huir de la localidad y sus alrededores antes de que las fuerzas filipinas la liberaran tras un sangriento asedio que dur\u00f3 meses.<\/p>\n<p>ASIO, la agencia de seguridad nacional de Australia, describe <a href=\"https:\/\/www.nationalsecurity.gov.au\/what-australia-is-doing\/terrorist-organisations\/listed-terrorist-organisations\/islamic-state-east-asia\">en su sitio web<\/a> a Filipinas como un punto cr\u00edtico para el Estado Isl\u00e1mico del Este de Asia (ISEA, por sus siglas), una rama del principal grupo de ISIS.<\/p>\n<p>\u201cISEA sigue siendo una amenaza terrorista mortal en Filipinas, y este pa\u00eds del sudeste asi\u00e1tico es un objetivo para combatientes terroristas extranjeros\u201d, se lee en el sitio web de ASIO. \u201cSi bien no se conocen v\u00ednculos entre ISEA y Australia, s\u00ed se han observado v\u00ednculos entre australianos y grupos terroristas en Filipinas\u201d.<\/p>\n<p>Se cree que los Akram viv\u00edan en Bonnyrigg, un suburbio al oeste de Sydney.<\/p>\n<p>La polic\u00eda allan\u00f3 el lunes una vivienda vinculada al d\u00fao. Naveed Akram trabajaba como alba\u00f1il, mientras que Sajid ten\u00eda una fruter\u00eda, seg\u00fan informes de medios locales.<\/p>\n<p>Naveed Akram naci\u00f3 en Australia, mientras que su padre, Sajid, emigr\u00f3 al pa\u00eds en 1998, seg\u00fan declar\u00f3 el lunes el ministro del Interior, Tony Burke. Akram padre lleg\u00f3 con una visa de estudiante y posteriormente obtuvo una visa de pareja en 2001.<\/p>\n<p>En los a\u00f1os transcurridos desde entonces, solo hab\u00eda realizado tres viajes al exterior, regresando cada vez con una visa de residente, explic\u00f3 Burke.<\/p>\n<p>Las autoridades no confirmaron el pa\u00eds de origen de Sajid Akram. Al ser preguntado el martes, el primer ministro Anthony Albanese dijo que esa informaci\u00f3n \u201cformaba parte de la investigaci\u00f3n\u2026 Por lo tanto, no puedo entrar en detalles\u201d.<\/p>\n<p>La oficina de inmigraci\u00f3n de Filipinas confirm\u00f3 que Sajid Akram viajaba con pasaporte indio y su hijo Naveed con pasaporte australiano. CNN se comunic\u00f3 con el Ministerio de Asuntos Exteriores de India para obtener comentarios.<\/p>\n<p>Tras los ataques, la polic\u00eda incaut\u00f3 seis armas propiedad de Sajid Akram, quien ten\u00eda licencia para portar armas. Algunas de ellas se encontraron durante los registros en dos propiedades vinculadas al d\u00fao: una en la casa de Bonnyrigg y la otra en un Airbnb en el suburbio de Campsie, donde se alojaron los d\u00edas previos al ataque.<\/p>\n<p>Lanyon declar\u00f3 que Sajid Akram \u201ccumpl\u00eda con los criterios de elegibilidad para una licencia de armas de fuego\u201d y ten\u00eda una \u201clicencia de caza recreativa\u201d.<\/p>\n<p>Hay dos tipos de licencias de caza, coment\u00f3 Lanyon: la capacidad de cazar en una propiedad o como parte de un club de caza, o \u201cclub de tiro\u201d, que es el tipo de licencia que ten\u00eda el sospechoso.<\/p>\n<p>El martes, Lanyon declar\u00f3 que Sajid hab\u00eda solicitado inicialmente una licencia de armas de fuego en 2015, pero su solicitud caduc\u00f3 en 2016 al no proporcionar la foto requerida. Present\u00f3 una segunda solicitud en 2020 y la licencia se emiti\u00f3 en 2023.<\/p>\n<p>\u201cLas armas de fuego que hemos incautado estaban adjuntas a esa licencia apropiadamente\u201d, afirm\u00f3 Lanyon.<\/p>\n<p>Las im\u00e1genes de Naveed Akram disparando a la multitud desde el puente peatonal con vistas a Bondi Beach y verificadas por CNN mostraron que era competente en el uso de un rifle de cerrojo, con el que dispar\u00f3 cuatro rondas en poco m\u00e1s de cinco segundos.<\/p>\n<p><em>Lex Harvey e Isaac Yee de CNN contribuyeron con el reportaje.<\/em><\/p>\n<p>The-CNN-Wire<br \/>&trade; &amp; &copy; 2025 Cable News Network, Inc., a Warner Bros. Discovery Company. All rights reserved.<\/p>\n","protected":false},"excerpt":{"rendered":"<p>El d\u00fao de padre e hijo sospechosos de llevar a cabo una masacre en la famosa playa Bondi de Sydney el domingo estaban \u201cimpulsados \u200b\u200bpor la ideolog\u00eda del Estado Isl\u00e1mico\u201d, afirma la polic\u00eda, mientras que las autoridades filipinas confirmaron que visitaron recientemente una parte de ese pa\u00eds que durante mucho tiempo ha sido un semillero [&hellip;]<\/p>\n","protected":false},"author":0,"featured_media":0,"comment_status":"open","ping_status":"open","sticky":false,"template":"","format":"standard","meta":{"_jetpack_memberships_contains_paid_content":false,"footnotes":""},"categories":[10],"tags":[],"class_list":["post-1469295","post","type-post","status-publish","format-standard","hentry","category-noticias-nacionales","market-global"],"yoast_head":"<!-- This site is optimized with the Yoast SEO plugin v24.4 - https:\/\/yoast.com\/wordpress\/plugins\/seo\/ -->\n<title>Los sospechosos de terrorismo en Australia, impulsados \u200b\u200bpor &quot;ISIS&quot;, visitaron una isla filipina azotada por el extremismo - Noticias<\/title>\n<meta name=\"robots\" content=\"index, follow, max-snippet:-1, max-image-preview:large, max-video-preview:-1\" \/>\n<link rel=\"canonical\" href=\"https:\/\/noticiasya.com\/2025\/12\/16\/sospechosos-terrorismo-australia-isla-filipina-trax\/\" \/>\n<meta property=\"og:locale\" content=\"es_ES\" \/>\n<meta property=\"og:type\" content=\"article\" \/>\n<meta property=\"og:title\" content=\"Los sospechosos de terrorismo en Australia, impulsados \u200b\u200bpor &quot;ISIS&quot;, visitaron una isla filipina azotada por el extremismo - Noticias\" \/>\n<meta property=\"og:description\" content=\"El d\u00fao de padre e hijo sospechosos de llevar a cabo una masacre en la famosa playa Bondi de Sydney el domingo estaban \u201cimpulsados \u200b\u200bpor la ideolog\u00eda del Estado Isl\u00e1mico\u201d, afirma la polic\u00eda, mientras que las autoridades filipinas confirmaron que visitaron recientemente una parte de ese pa\u00eds que durante mucho tiempo ha sido un semillero [&hellip;]\" \/>\n<meta property=\"og:url\" content=\"https:\/\/noticiasya.com\/2025\/12\/16\/sospechosos-terrorismo-australia-isla-filipina-trax\/\" \/>\n<meta property=\"og:site_name\" content=\"Noticias\" \/>\n<meta property=\"article:published_time\" content=\"2025-12-16T09:03:43+00:00\" \/>\n<meta name=\"twitter:card\" content=\"summary_large_image\" \/>\n<meta name=\"twitter:label1\" content=\"Est. reading time\" \/>\n\t<meta name=\"twitter:data1\" content=\"7 minutos\" \/>\n<script type=\"application\/ld+json\" class=\"yoast-schema-graph\">{\"@context\":\"https:\/\/schema.org\",\"@graph\":[{\"@type\":\"Article\",\"@id\":\"https:\/\/noticiasya.com\/2025\/12\/16\/sospechosos-terrorismo-australia-isla-filipina-trax\/#article\",\"isPartOf\":{\"@id\":\"https:\/\/noticiasya.com\/2025\/12\/16\/sospechosos-terrorismo-australia-isla-filipina-trax\/\"},\"author\":{\"name\":\"\",\"@id\":\"\"},\"headline\":\"Los sospechosos de terrorismo en Australia, impulsados \u200b\u200bpor &#171;ISIS&#187;, visitaron una isla filipina azotada por el extremismo\",\"datePublished\":\"2025-12-16T09:03:43+00:00\",\"mainEntityOfPage\":{\"@id\":\"https:\/\/noticiasya.com\/2025\/12\/16\/sospechosos-terrorismo-australia-isla-filipina-trax\/\"},\"wordCount\":1494,\"commentCount\":0,\"publisher\":{\"@id\":\"https:\/\/noticiasya.com\/#organization\"},\"articleSection\":[\"Noticias Nacionales\"],\"inLanguage\":\"es\",\"potentialAction\":[{\"@type\":\"CommentAction\",\"name\":\"Comment\",\"target\":[\"https:\/\/noticiasya.com\/2025\/12\/16\/sospechosos-terrorismo-australia-isla-filipina-trax\/#respond\"]}]},{\"@type\":\"WebPage\",\"@id\":\"https:\/\/noticiasya.com\/2025\/12\/16\/sospechosos-terrorismo-australia-isla-filipina-trax\/\",\"url\":\"https:\/\/noticiasya.com\/2025\/12\/16\/sospechosos-terrorismo-australia-isla-filipina-trax\/\",\"name\":\"Los sospechosos de terrorismo en Australia, impulsados \u200b\u200bpor \\\"ISIS\\\", visitaron una isla filipina azotada por el extremismo - Noticias\",\"isPartOf\":{\"@id\":\"https:\/\/noticiasya.com\/#website\"},\"datePublished\":\"2025-12-16T09:03:43+00:00\",\"breadcrumb\":{\"@id\":\"https:\/\/noticiasya.com\/2025\/12\/16\/sospechosos-terrorismo-australia-isla-filipina-trax\/#breadcrumb\"},\"inLanguage\":\"es\",\"potentialAction\":[{\"@type\":\"ReadAction\",\"target\":[\"https:\/\/noticiasya.com\/2025\/12\/16\/sospechosos-terrorismo-australia-isla-filipina-trax\/\"]}]},{\"@type\":\"BreadcrumbList\",\"@id\":\"https:\/\/noticiasya.com\/2025\/12\/16\/sospechosos-terrorismo-australia-isla-filipina-trax\/#breadcrumb\",\"itemListElement\":[{\"@type\":\"ListItem\",\"position\":1,\"name\":\"Home\",\"item\":\"https:\/\/noticiasya.com\/\"},{\"@type\":\"ListItem\",\"position\":2,\"name\":\"Los sospechosos de terrorismo en Australia, impulsados \u200b\u200bpor &#171;ISIS&#187;, visitaron una isla filipina azotada por el extremismo\"}]},{\"@type\":\"WebSite\",\"@id\":\"https:\/\/noticiasya.com\/#website\",\"url\":\"https:\/\/noticiasya.com\/\",\"name\":\"Noticias\",\"description\":\"Lo que importa\",\"publisher\":{\"@id\":\"https:\/\/noticiasya.com\/#organization\"},\"potentialAction\":[{\"@type\":\"SearchAction\",\"target\":{\"@type\":\"EntryPoint\",\"urlTemplate\":\"https:\/\/noticiasya.com\/?s={search_term_string}\"},\"query-input\":{\"@type\":\"PropertyValueSpecification\",\"valueRequired\":true,\"valueName\":\"search_term_string\"}}],\"inLanguage\":\"es\"},{\"@type\":\"Organization\",\"@id\":\"https:\/\/noticiasya.com\/#organization\",\"name\":\"Noticias\",\"url\":\"https:\/\/noticiasya.com\/\",\"logo\":{\"@type\":\"ImageObject\",\"inLanguage\":\"es\",\"@id\":\"https:\/\/noticiasya.com\/#\/schema\/logo\/image\/\",\"url\":\"https:\/\/noticiasya.com\/wp-content\/uploads\/sites\/22\/2023\/12\/logo-nacional.png\",\"contentUrl\":\"https:\/\/noticiasya.com\/wp-content\/uploads\/sites\/22\/2023\/12\/logo-nacional.png\",\"width\":1801,\"height\":691,\"caption\":\"Noticias\"},\"image\":{\"@id\":\"https:\/\/noticiasya.com\/#\/schema\/logo\/image\/\"}}]}<\/script>\n<!-- \/ Yoast SEO plugin. -->","yoast_head_json":{"title":"Los sospechosos de terrorismo en Australia, impulsados \u200b\u200bpor \"ISIS\", visitaron una isla filipina azotada por el extremismo - Noticias","robots":{"index":"index","follow":"follow","max-snippet":"max-snippet:-1","max-image-preview":"max-image-preview:large","max-video-preview":"max-video-preview:-1"},"canonical":"https:\/\/noticiasya.com\/2025\/12\/16\/sospechosos-terrorismo-australia-isla-filipina-trax\/","og_locale":"es_ES","og_type":"article","og_title":"Los sospechosos de terrorismo en Australia, impulsados \u200b\u200bpor \"ISIS\", visitaron una isla filipina azotada por el extremismo - Noticias","og_description":"El d\u00fao de padre e hijo sospechosos de llevar a cabo una masacre en la famosa playa Bondi de Sydney el domingo estaban \u201cimpulsados \u200b\u200bpor la ideolog\u00eda del Estado Isl\u00e1mico\u201d, afirma la polic\u00eda, mientras que las autoridades filipinas confirmaron que visitaron recientemente una parte de ese pa\u00eds que durante mucho tiempo ha sido un semillero [&hellip;]","og_url":"https:\/\/noticiasya.com\/2025\/12\/16\/sospechosos-terrorismo-australia-isla-filipina-trax\/","og_site_name":"Noticias","article_published_time":"2025-12-16T09:03:43+00:00","twitter_card":"summary_large_image","twitter_misc":{"Est. reading time":"7 minutos"},"schema":{"@context":"https:\/\/schema.org","@graph":[{"@type":"Article","@id":"https:\/\/noticiasya.com\/2025\/12\/16\/sospechosos-terrorismo-australia-isla-filipina-trax\/#article","isPartOf":{"@id":"https:\/\/noticiasya.com\/2025\/12\/16\/sospechosos-terrorismo-australia-isla-filipina-trax\/"},"author":{"name":"","@id":""},"headline":"Los sospechosos de terrorismo en Australia, impulsados \u200b\u200bpor &#171;ISIS&#187;, visitaron una isla filipina azotada por el extremismo","datePublished":"2025-12-16T09:03:43+00:00","mainEntityOfPage":{"@id":"https:\/\/noticiasya.com\/2025\/12\/16\/sospechosos-terrorismo-australia-isla-filipina-trax\/"},"wordCount":1494,"commentCount":0,"publisher":{"@id":"https:\/\/noticiasya.com\/#organization"},"articleSection":["Noticias Nacionales"],"inLanguage":"es","potentialAction":[{"@type":"CommentAction","name":"Comment","target":["https:\/\/noticiasya.com\/2025\/12\/16\/sospechosos-terrorismo-australia-isla-filipina-trax\/#respond"]}]},{"@type":"WebPage","@id":"https:\/\/noticiasya.com\/2025\/12\/16\/sospechosos-terrorismo-australia-isla-filipina-trax\/","url":"https:\/\/noticiasya.com\/2025\/12\/16\/sospechosos-terrorismo-australia-isla-filipina-trax\/","name":"Los sospechosos de terrorismo en Australia, impulsados \u200b\u200bpor \"ISIS\", visitaron una isla filipina azotada por el extremismo - Noticias","isPartOf":{"@id":"https:\/\/noticiasya.com\/#website"},"datePublished":"2025-12-16T09:03:43+00:00","breadcrumb":{"@id":"https:\/\/noticiasya.com\/2025\/12\/16\/sospechosos-terrorismo-australia-isla-filipina-trax\/#breadcrumb"},"inLanguage":"es","potentialAction":[{"@type":"ReadAction","target":["https:\/\/noticiasya.com\/2025\/12\/16\/sospechosos-terrorismo-australia-isla-filipina-trax\/"]}]},{"@type":"BreadcrumbList","@id":"https:\/\/noticiasya.com\/2025\/12\/16\/sospechosos-terrorismo-australia-isla-filipina-trax\/#breadcrumb","itemListElement":[{"@type":"ListItem","position":1,"name":"Home","item":"https:\/\/noticiasya.com\/"},{"@type":"ListItem","position":2,"name":"Los sospechosos de terrorismo en Australia, impulsados \u200b\u200bpor &#171;ISIS&#187;, visitaron una isla filipina azotada por el extremismo"}]},{"@type":"WebSite","@id":"https:\/\/noticiasya.com\/#website","url":"https:\/\/noticiasya.com\/","name":"Noticias","description":"Lo que importa","publisher":{"@id":"https:\/\/noticiasya.com\/#organization"},"potentialAction":[{"@type":"SearchAction","target":{"@type":"EntryPoint","urlTemplate":"https:\/\/noticiasya.com\/?s={search_term_string}"},"query-input":{"@type":"PropertyValueSpecification","valueRequired":true,"valueName":"search_term_string"}}],"inLanguage":"es"},{"@type":"Organization","@id":"https:\/\/noticiasya.com\/#organization","name":"Noticias","url":"https:\/\/noticiasya.com\/","logo":{"@type":"ImageObject","inLanguage":"es","@id":"https:\/\/noticiasya.com\/#\/schema\/logo\/image\/","url":"https:\/\/noticiasya.com\/wp-content\/uploads\/sites\/22\/2023\/12\/logo-nacional.png","contentUrl":"https:\/\/noticiasya.com\/wp-content\/uploads\/sites\/22\/2023\/12\/logo-nacional.png","width":1801,"height":691,"caption":"Noticias"},"image":{"@id":"https:\/\/noticiasya.com\/#\/schema\/logo\/image\/"}}]}},"parsely":{"version":"1.1.0","canonical_url":"https:\/\/noticiasya.com\/midland-odessa\/2025\/12\/16\/sospechosos-terrorismo-australia-isla-filipina-trax\/","smart_links":{"inbound":0,"outbound":0},"traffic_boost_suggestions_count":0,"meta":{"@context":"https:\/\/schema.org","@type":"NewsArticle","headline":"Los sospechosos de terrorismo en Australia, impulsados \u200b\u200bpor &#171;ISIS&#187;, visitaron una isla filipina azotada por el extremismo","url":"http:\/\/noticiasya.com\/midland-odessa\/2025\/12\/16\/sospechosos-terrorismo-australia-isla-filipina-trax\/","mainEntityOfPage":{"@type":"WebPage","@id":"http:\/\/noticiasya.com\/midland-odessa\/2025\/12\/16\/sospechosos-terrorismo-australia-isla-filipina-trax\/"},"thumbnailUrl":"","image":{"@type":"ImageObject","url":""},"articleSection":"Noticias Nacionales","author":[],"creator":[],"publisher":{"@type":"Organization","name":"Noticias","logo":""},"keywords":[],"dateCreated":"2025-12-16T09:03:43Z","datePublished":"2025-12-16T09:03:43Z","dateModified":"2025-12-16T09:03:43Z"},"rendered":"<script type=\"application\/ld+json\" class=\"wp-parsely-metadata\">{\"@context\":\"https:\\\/\\\/schema.org\",\"@type\":\"NewsArticle\",\"headline\":\"Los sospechosos de terrorismo en Australia, impulsados \\u200b\\u200bpor &#171;ISIS&#187;, visitaron una isla filipina azotada por el extremismo\",\"url\":\"http:\\\/\\\/noticiasya.com\\\/midland-odessa\\\/2025\\\/12\\\/16\\\/sospechosos-terrorismo-australia-isla-filipina-trax\\\/\",\"mainEntityOfPage\":{\"@type\":\"WebPage\",\"@id\":\"http:\\\/\\\/noticiasya.com\\\/midland-odessa\\\/2025\\\/12\\\/16\\\/sospechosos-terrorismo-australia-isla-filipina-trax\\\/\"},\"thumbnailUrl\":\"\",\"image\":{\"@type\":\"ImageObject\",\"url\":\"\"},\"articleSection\":\"Noticias Nacionales\",\"author\":[],\"creator\":[],\"publisher\":{\"@type\":\"Organization\",\"name\":\"Noticias\",\"logo\":\"\"},\"keywords\":[],\"dateCreated\":\"2025-12-16T09:03:43Z\",\"datePublished\":\"2025-12-16T09:03:43Z\",\"dateModified\":\"2025-12-16T09:03:43Z\"}<\/script>","tracker_url":"https:\/\/cdn.parsely.com\/keys\/noticiasya.com\/p.js"},"jetpack_featured_media_url":"","jetpack-related-posts":[{"id":1469375,"url":"https:\/\/noticiasya.com\/midland-odessa\/2025\/12\/18\/sospechosos-ataque-bondi-australia-filipinas-trax\/","url_meta":{"origin":1469295,"position":0},"title":"Sospechosos de ataque de Bondi no tuvieron visitas y apenas salieron del hotel durante su estad\u00eda en Filipinas, dice empleado","author":"","date":"diciembre 18, 2025","format":false,"excerpt":"El padre y el hijo sospechosos de llevar a cabo la masacre del domingo en Bondi Beach se refugiaron en un hotel durante la mayor parte de su estad\u00eda de casi un mes en Filipinas en noviembre, rara vez salieron de sus habitaciones y comieron comida r\u00e1pida, afirm\u00f3 a CNN\u2026","rel":"","context":"In &quot;Noticias Nacionales&quot;","block_context":{"text":"Noticias Nacionales","link":"https:\/\/noticiasya.com\/midland-odessa\/categoria\/noticias-nacionales"},"img":{"alt_text":"","src":"","width":0,"height":0},"classes":[]},{"id":1469510,"url":"https:\/\/noticiasya.com\/midland-odessa\/2025\/12\/23\/bondi-australia-atacantes-solitarios-trax\/","url_meta":{"origin":1469295,"position":1},"title":"La mayor\u00eda de autores de masacres act\u00faan solos. La de Bondi fue una atrocidad inusual entre padre e hijo, afirman expertos","author":"","date":"diciembre 23, 2025","format":false,"excerpt":"Mientras las autoridades investigan los motivos detr\u00e1s del mortal ataque de Bondi Beach la semana pasada, los principales crimin\u00f3logos notan una caracter\u00edstica inusual que diferencia este tiroteo masivo de otros: los presuntos atacantes eran miembros de una familia que se confabularon.Sajid Akram y su hijo Naveed Akram est\u00e1n acusados \u200b\u200bde\u2026","rel":"","context":"In &quot;Noticias Nacionales&quot;","block_context":{"text":"Noticias Nacionales","link":"https:\/\/noticiasya.com\/midland-odessa\/categoria\/noticias-nacionales"},"img":{"alt_text":"","src":"","width":0,"height":0},"classes":[]},{"id":1469269,"url":"https:\/\/noticiasya.com\/midland-odessa\/2025\/12\/15\/sospechosos-ataque-bondi-beach-sydney-trax\/","url_meta":{"origin":1469295,"position":2},"title":"\u00bfQui\u00e9nes son los sospechosos del ataque en Bondi Beach, Sydney?","author":"","date":"diciembre 15, 2025","format":false,"excerpt":"Los medios australianos han identificado al padre y al hijo sospechosos de haber perpetrado la masacre en la playa de Bondi en Sydney, en la que murieron 15 personas, como Sajid Akram, de 50 a\u00f1os, y Naveed Akram, de 24.La cadena p\u00fablica ABC, as\u00ed como 9News y 7News \u2014ambas afiliadas\u2026","rel":"","context":"In &quot;Noticias Nacionales&quot;","block_context":{"text":"Noticias Nacionales","link":"https:\/\/noticiasya.com\/midland-odessa\/categoria\/noticias-nacionales"},"img":{"alt_text":"","src":"","width":0,"height":0},"classes":[]},{"id":1469481,"url":"https:\/\/noticiasya.com\/midland-odessa\/2025\/12\/21\/sospechosos-terrorismo-bondi-bombas-ataque-trax\/","url_meta":{"origin":1469295,"position":3},"title":"Sospechosos de terrorismo en Bondi lanzaron bombas sin explotar a la multitud y practicaron tiro antes del ataque","author":"","date":"diciembre 21, 2025","format":false,"excerpt":"El padre y el hijo acusados \u200b\u200bde llevar a cabo el peor ataque terrorista de Australia realizaron un entrenamiento con armas de fuego en un lugar no revelado en el campo, seg\u00fan una supuesta declaraci\u00f3n de hechos publicada por un magistrado el lunes.El documento judicial, que contiene redacciones, incluye im\u00e1genes\u2026","rel":"","context":"In &quot;Noticias Nacionales&quot;","block_context":{"text":"Noticias Nacionales","link":"https:\/\/noticiasya.com\/midland-odessa\/categoria\/noticias-nacionales"},"img":{"alt_text":"","src":"","width":0,"height":0},"classes":[]},{"id":1469332,"url":"https:\/\/noticiasya.com\/midland-odessa\/2025\/12\/17\/funerales-bondi-terrorismo-sidney-trax\/","url_meta":{"origin":1469295,"position":4},"title":"Comienzan los funerales de las v\u00edctimas de Bondi Beach mientras acusan al presunto atacante de homicidio y terrorismo","author":"","date":"diciembre 17, 2025","format":false,"excerpt":"El mi\u00e9rcoles se realizaron los primeros funerales de algunas de las 15 personas murieron en el peor tiroteo masivo ocurrido en Australia en casi tres d\u00e9cadas, mientras la polic\u00eda presentaba cargos de homicidio y terrorismo contra uno de los presuntos atacantes.Se produjeron escenas emotivas fuera del Jabad de Bondi en\u2026","rel":"","context":"In &quot;Noticias Nacionales&quot;","block_context":{"text":"Noticias Nacionales","link":"https:\/\/noticiasya.com\/midland-odessa\/categoria\/noticias-nacionales"},"img":{"alt_text":"","src":"","width":0,"height":0},"classes":[]},{"id":1469271,"url":"https:\/\/noticiasya.com\/midland-odessa\/2025\/12\/15\/tiroteo-sydney-australia-que-paso-trax\/","url_meta":{"origin":1469295,"position":5},"title":"\u00bfQu\u00e9 pas\u00f3 en el tiroteo de Sydney, Australia, en el que murieron 15 personas?","author":"","date":"diciembre 15, 2025","format":false,"excerpt":"Al menos 15 personas murieron el domingo en un atentado terrorista contra la comunidad jud\u00eda que celebraba la primera noche de Januc\u00e1 en la famosa playa Bondi de Sydney.Unas 1.000 personas se hab\u00edan reunido en una zona verde del Parque Archer cuando al menos dos hombres armados abrieron fuego a\u2026","rel":"","context":"In &quot;Noticias Nacionales&quot;","block_context":{"text":"Noticias Nacionales","link":"https:\/\/noticiasya.com\/midland-odessa\/categoria\/noticias-nacionales"},"img":{"alt_text":"","src":"","width":0,"height":0},"classes":[]}],"jetpack_sharing_enabled":true,"_links":{"self":[{"href":"https:\/\/noticiasya.com\/midland-odessa\/wp-json\/wp\/v2\/posts\/1469295","targetHints":{"allow":["GET"]}}],"collection":[{"href":"https:\/\/noticiasya.com\/midland-odessa\/wp-json\/wp\/v2\/posts"}],"about":[{"href":"https:\/\/noticiasya.com\/midland-odessa\/wp-json\/wp\/v2\/types\/post"}],"replies":[{"embeddable":true,"href":"https:\/\/noticiasya.com\/midland-odessa\/wp-json\/wp\/v2\/comments?post=1469295"}],"version-history":[{"count":0,"href":"https:\/\/noticiasya.com\/midland-odessa\/wp-json\/wp\/v2\/posts\/1469295\/revisions"}],"wp:attachment":[{"href":"https:\/\/noticiasya.com\/midland-odessa\/wp-json\/wp\/v2\/media?parent=1469295"}],"wp:term":[{"taxonomy":"category","embeddable":true,"href":"https:\/\/noticiasya.com\/midland-odessa\/wp-json\/wp\/v2\/categories?post=1469295"},{"taxonomy":"post_tag","embeddable":true,"href":"https:\/\/noticiasya.com\/midland-odessa\/wp-json\/wp\/v2\/tags?post=1469295"}],"curies":[{"name":"wp","href":"https:\/\/api.w.org\/{rel}","templated":true}]}}