{"id":1469297,"date":"2025-12-16T04:03:48","date_gmt":"2025-12-16T12:03:48","guid":{"rendered":"https:\/\/noticiasya.com\/2025\/12\/16\/deportados-latinoamericanos-trump-orix\/"},"modified":"2025-12-16T04:03:48","modified_gmt":"2025-12-16T12:03:48","slug":"deportados-latinoamericanos-trump-orix","status":"publish","type":"post","link":"https:\/\/noticiasya.com\/midland-odessa\/2025\/12\/16\/deportados-latinoamericanos-trump-orix\/","title":{"rendered":"Al menos 200.000 deportados latinoamericanos en 10 meses: la ofensiva migratoria de Trump separa familias y afecta al campo"},"content":{"rendered":"<p>Cuando Leonel Ch\u00e1vez despierta, todav\u00eda piensa que sigue en Norfolk, Connecticut. Le toma unos segundos recordar que ahora est\u00e1 lejos de su esposa y de sus tres hijos, nacidos en Estados Unidos. \u201cEs una pesadilla que a veces no me deja dormir, c\u00f3mo me agarraron, c\u00f3mo me mandaron pa\u2019 atr\u00e1s\u201d,<a href=\"https:\/\/cnnespanol.cnn.com\/2025\/08\/27\/eeuu\/video\/eeuu-migrante-deportado-experiencia\"> cuenta a CNN<\/a> desde Puebla, M\u00e9xico, a donde lleg\u00f3 tras haber sido deportado a mediados de agosto.<\/p>\n<p>Unos d\u00edas antes, Ch\u00e1vez y su hermano Ricardo iban rumbo a su trabajo en la construcci\u00f3n cuando agentes del Servicio de Inmigraci\u00f3n y Control de Aduanas (ICE) los detuvieron. En el video, que \u00e9l mismo grab\u00f3, se ve c\u00f3mo los oficiales lo sujetan del brazo dentro de su camioneta mientras \u00e9l pregunta una y otra vez qu\u00e9 buscan y pide ver una orden de arresto. Poco despu\u00e9s, ya estaban de regreso en M\u00e9xico.<\/p>\n<p>\u201cMe siento vac\u00edo, me siento devastado\u201d, dice Ch\u00e1vez. Su historia es apenas una entre decenas de miles.<\/p>\n<p>En los primeros diez meses del Gobierno de Donald Trump, entre enero y octubre de 2025, al menos 200.000 latinoamericanos han sido deportados, seg\u00fan cifras oficiales recopiladas por CNN. Desde que Trump regres\u00f3 a la Casa Blanca en enero de 2025, la promesa de una \u201cdeportaci\u00f3n masiva\u201d dej\u00f3 de ser un eslogan para convertirse en un aparato de expulsi\u00f3n acelerada con redadas y arrestos que ocurren a lo largo de todo el pa\u00eds desde lugares de trabajo, estacionamientos y zonas residenciales hasta las afueras de cortes de inmigraci\u00f3n.<\/p>\n<p>El Departamento de Seguridad Nacional de EE.UU. confirm\u00f3 a CNN la deportaci\u00f3n de Ch\u00e1vez y asegur\u00f3 que los agentes siguieron su entrenamiento y usaron la m\u00ednima fuerza necesaria. Tambi\u00e9n lo calific\u00f3 como un indocumentado con un largo historial criminal. Documentos judiciales muestran que tiene varias condenas menores, errores que Ch\u00e1vez admite haber cometido en su adolescencia.<\/p>\n<p>Mientras la maquinaria de deportaciones avanza, las consecuencias empiezan a sentirse tambi\u00e9n en el campo que est\u00e1 <a href=\"https:\/\/cnnespanol.cnn.com\/2025\/08\/06\/eeuu\/agricultor-perdio-fuerza-laboral-deportaciones-trax\">perdiendo miles de d\u00f3lares<\/a> porque los trabajadores, en su mayor\u00eda inmigrantes indocumentados, no se presentan a recoger la cosecha por miedo a ser detenidos y enviados de vuelta a sus pa\u00edses.<\/p>\n<p>Las cifras de deportaciones muestran un giro dr\u00e1stico en la pol\u00edtica migratoria estadounidense. En los primeros diez meses del gobierno de Joe Biden, entre enero y octubre de 2021, se reportaron 34.293 deportaciones de latinoamericanos, seg\u00fan datos del Servicio de Inmigraci\u00f3n y Control de Aduanas de EE.UU. (ICE, por sus siglas en ingl\u00e9s).<\/p>\n<p>Pero en el mismo periodo del segundo mandato de Donald Trump, que inici\u00f3 en enero de 2025, las deportaciones alcanzaron al menos las 200.000 personas, seg\u00fan el recuento de CNN.<\/p>\n<p>Para construir este recuento, CNN contact\u00f3 con las canciller\u00edas, institutos de migraci\u00f3n y ministerios del interior de los pa\u00edses de Am\u00e9rica Latina. Al cierre de esta nota, Argentina, Bolivia, El Salvador, Nicaragua, Panam\u00e1 y Paraguay no hab\u00edan respondido a la solicitud de CNN por lo que no aparecen en el recuento, lo que sugiere que la cantidad de deportados podr\u00eda ser a\u00fan mayor.<\/p>\n<p>El salto es contundente: la cifra bajo Trump es casi seis veces mayor que la registrada en ese tramo del gobierno de Biden. O puesto de otra manera, las deportaciones aumentaron alrededor de un 470 % al regresar el republicano a la Casa Blanca.<\/p>\n<p>La creciente comunidad latina en Estados Unidos alcanz\u00f3 un r\u00e9cord de m\u00e1s de 68 millones en 2024, <a href=\"https:\/\/data.census.gov\/table?q=B03001\">seg\u00fan cifras de la Oficina del Censo de EE.UU.<\/a> Una poblaci\u00f3n tan grande que solo Brasil y M\u00e9xico la superan en toda Am\u00e9rica Latina.<\/p>\n<p>Hist\u00f3ricamente, la poblaci\u00f3n mexicana ha sido el mayor grupo hispano en Estados Unidos. En 2024, sumaron 38,9 millones (11,5 %), un importante aumento comparado con los 35,9 millones contabilizados en 2020, seg\u00fan los datos del Censo.<\/p>\n<p>Y es tambi\u00e9n el pa\u00eds latinoamericano que m\u00e1s ciudadanos ha visto regresar: m\u00e1s de 100.000 deportados, el 53 % de todas las deportaciones de latinos desde EE.UU. Le siguen Guatemala (15 %) y Honduras (13 %), pa\u00edses marcados por la violencia end\u00e9mica, la pobreza y la falta de oportunidades, que han empujado a miles a buscar a mejores oportunidades en el norte.<\/p>\n<p>Las personas originarias de Centroam\u00e9rica han registrado un incremento importante en los \u00faltimos a\u00f1os. La poblaci\u00f3n hondure\u00f1a super\u00f3 por primera vez desde 2010 la marca del mill\u00f3n de residentes en Estados Unidos.<\/p>\n<p>La comunidad guatemalteca es a\u00fan m\u00e1s numerosa: con m\u00e1s de 2 millones de personas, seg\u00fan el Censo, se consolid\u00f3 como una de las poblaciones centroamericanas m\u00e1s grandes del pa\u00eds. Junto con los salvadore\u00f1os \u2014que suman aproximadamente casi 3 millones de residentes\u2014 conforman los tres grupos migrantes m\u00e1s amplios de Centroam\u00e9rica dentro de EE.UU.<\/p>\n<p>Las comunidades de pa\u00edses sudamericanos como Colombia, Ecuador y, en particular, Venezuela \u2013 cuya crisis econ\u00f3mica y humanitaria ha forzado a millones a huir\u2014 superan el mill\u00f3n de personas en Estados Unidos, seg\u00fan el Censo, y son tambi\u00e9n los que m\u00e1s deportados han recibido desde la llegada de Trump hace unos meses.<\/p>\n<p>La poblaci\u00f3n venezolana report\u00f3 el crecimiento m\u00e1s acelerado de los grupos hispanos, con un aumento del 181 % del 2010 a 2020, seg\u00fan el Censo.<\/p>\n<p>Mientras, Chile y Costa Rica muestran menos deportaciones \u2014menos de 400 en conjunto\u2014, en l\u00ednea con que son algunas de las comunidades latinoamericanas m\u00e1s peque\u00f1as en el pa\u00eds: 82.000 uruguayos, 227.000 chilenos y 220.000 costarricenses se estima que viv\u00edan en Estados Unidos en 2024, seg\u00fan el Censo.<\/p>\n<p>Mientras el Gobierno de Joe Biden se centr\u00f3 principalmente en frenar el ingreso irregular en la frontera sur, aplicando restricciones a solicitantes de asilo y priorizando la gesti\u00f3n de los cruces, Trump ha apostado por una estrategia distinta: una ofensiva desde el interior del pa\u00eds. Sus redadas se han extendido a lugares de trabajo, estacionamientos, vecindarios e incluso fuera de cortes de inmigraci\u00f3n, mientras revisa green cards, elimina programas de protecci\u00f3n temporal (TPS) y limita visas de trabajo.<\/p>\n<p>La deportaci\u00f3n bajo Trump no solo afecta a quienes cruzaron la frontera de manera irregular, sino tambi\u00e9n a inmigrantes que viven legalmente en Estados Unidos, ampliando el impacto a comunidades enteras. En algunas ciudades, como Los \u00c1ngeles, estas medidas se han reforzado con controvertidos despliegues de la Guardia Nacional, lo que ha generado indignaci\u00f3n y protestas de comunidades locales y defensores de los derechos de los inmigrantes.<\/p>\n<p>Los n\u00fameros reflejan esa diferencia. Durante el primer a\u00f1o de Biden, las deportaciones alcanzaron unas 36.600 personas, <a href=\"https:\/\/www.ice.gov\/statistics\">seg\u00fan cifras de ICE.<\/a> En contraste, el DHS informa que desde el inicio del segundo mandato de Trump se han deportado m\u00e1s de <a href=\"https:\/\/cnnespanol.cnn.com\/2025\/10\/27\/eeuu\/gobierno-trump-medio-millon-deportaciones-inmigrantes-trax\">medio mill\u00f3n de inmigrantes <\/a>indocumentados, incluyendo a quienes fueron rechazados en puertos de entrada y los arrestados dentro del pa\u00eds.<\/p>\n<p>A pesar de estas cifras, los funcionarios del Gobierno siguen frustrados por el ritmo de los arrestos y deportaciones de inmigrantes, que no alcanzan el objetivo impuesto por la Casa Blanca de un mill\u00f3n de deportaciones al a\u00f1o.<\/p>\n<p>Los inmigrantes indocumentados representan entre el 4% y el 5% de la fuerza laboral total del pa\u00eds, pero su peso es mucho mayor en industrias como la agricultura, el procesamiento de alimentos y la construcci\u00f3n, donde constituyen entre el 15% y el 20% o m\u00e1s, <a href=\"https:\/\/cnnespanol.cnn.com\/2025\/06\/13\/eeuu\/ice-redadas-deportaciones-migrantes-trabajo-trax\">seg\u00fan Goldman Sachs.<\/a><\/p>\n<p>El Departamento de Agricultura estima que el 42% de los trabajadores agr\u00edcolas contratados no tienen autorizaci\u00f3n para trabajar. Y desde abril, 1,4 millones de personas han abandonado la fuerza laboral estadounidense, de las cuales 802.000 nacieron en el extranjero, seg\u00fan la Oficina de Estad\u00edsticas Laborales. Los trabajadores agr\u00edcolas no se incluyen en los informes mensuales oficiales de empleo, pero los analistas coinciden en que la pol\u00edtica migratoria est\u00e1 teniendo un impacto general en todo el pa\u00eds.<\/p>\n<p>En el condado de Wasco, Oreg\u00f3n, <a href=\"https:\/\/cnnespanol.cnn.com\/2025\/08\/06\/eeuu\/agricultor-perdio-fuerza-laboral-deportaciones-trax\">un agricultor calculaba<\/a> que perder\u00eda entre US$ 250.000 y US$ 300.000 durante la temporada de verano porque la mitad de sus trabajadores no lleg\u00f3 por temor a ser detenidos. Las cerezas se estaban pudriendo en los \u00e1rboles de los huertos de Ian Chandler porque nadie estaba yendo a recogerlos.<\/p>\n<p>De vuelta en Puebla, Leonel se esfuerza por mantenerse optimista. Mantiene la esperanza de reencontrarse con su esposa e hijos. \u201cEstados Unidos me ha dado mucho, no me puedo quejar de eso. Me ha dado mucho. Me dio una familia hermosa. Mi hija se gradu\u00f3. Mi hijo se va a graduar. Es una prueba que Dios nos pone que nosotros la vamos a vencer\u201d, dice.<\/p>\n<p>Su hija, tambi\u00e9n afectada por la separaci\u00f3n, asegura que su padre trabajaba duro para mantener a su familia: ten\u00eda una peque\u00f1a compa\u00f1\u00eda, pagaba impuestos y buscaba crecer. \u201cEs tan lamentable que a una persona que est\u00e9 haciendo todo bien aqu\u00ed, aunque est\u00e9 indocumentado, lo traten como si fuera una basura\u201d, dice.<\/p>\n<p>The-CNN-Wire<br \/>&trade; &amp; &copy; 2025 Cable News Network, Inc., a Warner Bros. Discovery Company. All rights reserved.<\/p>\n","protected":false},"excerpt":{"rendered":"<p>Cuando Leonel Ch\u00e1vez despierta, todav\u00eda piensa que sigue en Norfolk, Connecticut. Le toma unos segundos recordar que ahora est\u00e1 lejos de su esposa y de sus tres hijos, nacidos en Estados Unidos. \u201cEs una pesadilla que a veces no me deja dormir, c\u00f3mo me agarraron, c\u00f3mo me mandaron pa\u2019 atr\u00e1s\u201d, cuenta a CNN desde Puebla, [&hellip;]<\/p>\n","protected":false},"author":0,"featured_media":0,"comment_status":"open","ping_status":"open","sticky":false,"template":"","format":"standard","meta":{"_jetpack_memberships_contains_paid_content":false,"footnotes":""},"categories":[10],"tags":[],"class_list":["post-1469297","post","type-post","status-publish","format-standard","hentry","category-noticias-nacionales","market-global"],"yoast_head":"<!-- This site is optimized with the Yoast SEO plugin v24.4 - https:\/\/yoast.com\/wordpress\/plugins\/seo\/ -->\n<title>Al menos 200.000 deportados latinoamericanos en 10 meses: la ofensiva migratoria de Trump separa familias y afecta al campo - Noticias<\/title>\n<meta name=\"robots\" content=\"index, follow, max-snippet:-1, max-image-preview:large, max-video-preview:-1\" \/>\n<link rel=\"canonical\" href=\"https:\/\/noticiasya.com\/2025\/12\/16\/deportados-latinoamericanos-trump-orix\/\" \/>\n<meta property=\"og:locale\" content=\"es_ES\" \/>\n<meta property=\"og:type\" content=\"article\" \/>\n<meta property=\"og:title\" content=\"Al menos 200.000 deportados latinoamericanos en 10 meses: la ofensiva migratoria de Trump separa familias y afecta al campo - Noticias\" \/>\n<meta property=\"og:description\" content=\"Cuando Leonel Ch\u00e1vez despierta, todav\u00eda piensa que sigue en Norfolk, Connecticut. Le toma unos segundos recordar que ahora est\u00e1 lejos de su esposa y de sus tres hijos, nacidos en Estados Unidos. \u201cEs una pesadilla que a veces no me deja dormir, c\u00f3mo me agarraron, c\u00f3mo me mandaron pa\u2019 atr\u00e1s\u201d, cuenta a CNN desde Puebla, [&hellip;]\" \/>\n<meta property=\"og:url\" content=\"https:\/\/noticiasya.com\/2025\/12\/16\/deportados-latinoamericanos-trump-orix\/\" \/>\n<meta property=\"og:site_name\" content=\"Noticias\" \/>\n<meta property=\"article:published_time\" content=\"2025-12-16T12:03:48+00:00\" \/>\n<meta name=\"twitter:card\" content=\"summary_large_image\" \/>\n<meta name=\"twitter:label1\" content=\"Est. reading time\" \/>\n\t<meta name=\"twitter:data1\" content=\"8 minutos\" \/>\n<script type=\"application\/ld+json\" class=\"yoast-schema-graph\">{\"@context\":\"https:\/\/schema.org\",\"@graph\":[{\"@type\":\"Article\",\"@id\":\"https:\/\/noticiasya.com\/2025\/12\/16\/deportados-latinoamericanos-trump-orix\/#article\",\"isPartOf\":{\"@id\":\"https:\/\/noticiasya.com\/2025\/12\/16\/deportados-latinoamericanos-trump-orix\/\"},\"author\":{\"name\":\"\",\"@id\":\"\"},\"headline\":\"Al menos 200.000 deportados latinoamericanos en 10 meses: la ofensiva migratoria de Trump separa familias y afecta al campo\",\"datePublished\":\"2025-12-16T12:03:48+00:00\",\"mainEntityOfPage\":{\"@id\":\"https:\/\/noticiasya.com\/2025\/12\/16\/deportados-latinoamericanos-trump-orix\/\"},\"wordCount\":1535,\"commentCount\":0,\"publisher\":{\"@id\":\"https:\/\/noticiasya.com\/#organization\"},\"articleSection\":[\"Noticias Nacionales\"],\"inLanguage\":\"es\",\"potentialAction\":[{\"@type\":\"CommentAction\",\"name\":\"Comment\",\"target\":[\"https:\/\/noticiasya.com\/2025\/12\/16\/deportados-latinoamericanos-trump-orix\/#respond\"]}]},{\"@type\":\"WebPage\",\"@id\":\"https:\/\/noticiasya.com\/2025\/12\/16\/deportados-latinoamericanos-trump-orix\/\",\"url\":\"https:\/\/noticiasya.com\/2025\/12\/16\/deportados-latinoamericanos-trump-orix\/\",\"name\":\"Al menos 200.000 deportados latinoamericanos en 10 meses: la ofensiva migratoria de Trump separa familias y afecta al campo - Noticias\",\"isPartOf\":{\"@id\":\"https:\/\/noticiasya.com\/#website\"},\"datePublished\":\"2025-12-16T12:03:48+00:00\",\"breadcrumb\":{\"@id\":\"https:\/\/noticiasya.com\/2025\/12\/16\/deportados-latinoamericanos-trump-orix\/#breadcrumb\"},\"inLanguage\":\"es\",\"potentialAction\":[{\"@type\":\"ReadAction\",\"target\":[\"https:\/\/noticiasya.com\/2025\/12\/16\/deportados-latinoamericanos-trump-orix\/\"]}]},{\"@type\":\"BreadcrumbList\",\"@id\":\"https:\/\/noticiasya.com\/2025\/12\/16\/deportados-latinoamericanos-trump-orix\/#breadcrumb\",\"itemListElement\":[{\"@type\":\"ListItem\",\"position\":1,\"name\":\"Home\",\"item\":\"https:\/\/noticiasya.com\/\"},{\"@type\":\"ListItem\",\"position\":2,\"name\":\"Al menos 200.000 deportados latinoamericanos en 10 meses: la ofensiva migratoria de Trump separa familias y afecta al campo\"}]},{\"@type\":\"WebSite\",\"@id\":\"https:\/\/noticiasya.com\/#website\",\"url\":\"https:\/\/noticiasya.com\/\",\"name\":\"Noticias\",\"description\":\"Lo que importa\",\"publisher\":{\"@id\":\"https:\/\/noticiasya.com\/#organization\"},\"potentialAction\":[{\"@type\":\"SearchAction\",\"target\":{\"@type\":\"EntryPoint\",\"urlTemplate\":\"https:\/\/noticiasya.com\/?s={search_term_string}\"},\"query-input\":{\"@type\":\"PropertyValueSpecification\",\"valueRequired\":true,\"valueName\":\"search_term_string\"}}],\"inLanguage\":\"es\"},{\"@type\":\"Organization\",\"@id\":\"https:\/\/noticiasya.com\/#organization\",\"name\":\"Noticias\",\"url\":\"https:\/\/noticiasya.com\/\",\"logo\":{\"@type\":\"ImageObject\",\"inLanguage\":\"es\",\"@id\":\"https:\/\/noticiasya.com\/#\/schema\/logo\/image\/\",\"url\":\"https:\/\/noticiasya.com\/wp-content\/uploads\/sites\/22\/2023\/12\/logo-nacional.png\",\"contentUrl\":\"https:\/\/noticiasya.com\/wp-content\/uploads\/sites\/22\/2023\/12\/logo-nacional.png\",\"width\":1801,\"height\":691,\"caption\":\"Noticias\"},\"image\":{\"@id\":\"https:\/\/noticiasya.com\/#\/schema\/logo\/image\/\"}}]}<\/script>\n<!-- \/ Yoast SEO plugin. -->","yoast_head_json":{"title":"Al menos 200.000 deportados latinoamericanos en 10 meses: la ofensiva migratoria de Trump separa familias y afecta al campo - Noticias","robots":{"index":"index","follow":"follow","max-snippet":"max-snippet:-1","max-image-preview":"max-image-preview:large","max-video-preview":"max-video-preview:-1"},"canonical":"https:\/\/noticiasya.com\/2025\/12\/16\/deportados-latinoamericanos-trump-orix\/","og_locale":"es_ES","og_type":"article","og_title":"Al menos 200.000 deportados latinoamericanos en 10 meses: la ofensiva migratoria de Trump separa familias y afecta al campo - Noticias","og_description":"Cuando Leonel Ch\u00e1vez despierta, todav\u00eda piensa que sigue en Norfolk, Connecticut. Le toma unos segundos recordar que ahora est\u00e1 lejos de su esposa y de sus tres hijos, nacidos en Estados Unidos. \u201cEs una pesadilla que a veces no me deja dormir, c\u00f3mo me agarraron, c\u00f3mo me mandaron pa\u2019 atr\u00e1s\u201d, cuenta a CNN desde Puebla, [&hellip;]","og_url":"https:\/\/noticiasya.com\/2025\/12\/16\/deportados-latinoamericanos-trump-orix\/","og_site_name":"Noticias","article_published_time":"2025-12-16T12:03:48+00:00","twitter_card":"summary_large_image","twitter_misc":{"Est. reading time":"8 minutos"},"schema":{"@context":"https:\/\/schema.org","@graph":[{"@type":"Article","@id":"https:\/\/noticiasya.com\/2025\/12\/16\/deportados-latinoamericanos-trump-orix\/#article","isPartOf":{"@id":"https:\/\/noticiasya.com\/2025\/12\/16\/deportados-latinoamericanos-trump-orix\/"},"author":{"name":"","@id":""},"headline":"Al menos 200.000 deportados latinoamericanos en 10 meses: la ofensiva migratoria de Trump separa familias y afecta al campo","datePublished":"2025-12-16T12:03:48+00:00","mainEntityOfPage":{"@id":"https:\/\/noticiasya.com\/2025\/12\/16\/deportados-latinoamericanos-trump-orix\/"},"wordCount":1535,"commentCount":0,"publisher":{"@id":"https:\/\/noticiasya.com\/#organization"},"articleSection":["Noticias Nacionales"],"inLanguage":"es","potentialAction":[{"@type":"CommentAction","name":"Comment","target":["https:\/\/noticiasya.com\/2025\/12\/16\/deportados-latinoamericanos-trump-orix\/#respond"]}]},{"@type":"WebPage","@id":"https:\/\/noticiasya.com\/2025\/12\/16\/deportados-latinoamericanos-trump-orix\/","url":"https:\/\/noticiasya.com\/2025\/12\/16\/deportados-latinoamericanos-trump-orix\/","name":"Al menos 200.000 deportados latinoamericanos en 10 meses: la ofensiva migratoria de Trump separa familias y afecta al campo - Noticias","isPartOf":{"@id":"https:\/\/noticiasya.com\/#website"},"datePublished":"2025-12-16T12:03:48+00:00","breadcrumb":{"@id":"https:\/\/noticiasya.com\/2025\/12\/16\/deportados-latinoamericanos-trump-orix\/#breadcrumb"},"inLanguage":"es","potentialAction":[{"@type":"ReadAction","target":["https:\/\/noticiasya.com\/2025\/12\/16\/deportados-latinoamericanos-trump-orix\/"]}]},{"@type":"BreadcrumbList","@id":"https:\/\/noticiasya.com\/2025\/12\/16\/deportados-latinoamericanos-trump-orix\/#breadcrumb","itemListElement":[{"@type":"ListItem","position":1,"name":"Home","item":"https:\/\/noticiasya.com\/"},{"@type":"ListItem","position":2,"name":"Al menos 200.000 deportados latinoamericanos en 10 meses: la ofensiva migratoria de Trump separa familias y afecta al campo"}]},{"@type":"WebSite","@id":"https:\/\/noticiasya.com\/#website","url":"https:\/\/noticiasya.com\/","name":"Noticias","description":"Lo que importa","publisher":{"@id":"https:\/\/noticiasya.com\/#organization"},"potentialAction":[{"@type":"SearchAction","target":{"@type":"EntryPoint","urlTemplate":"https:\/\/noticiasya.com\/?s={search_term_string}"},"query-input":{"@type":"PropertyValueSpecification","valueRequired":true,"valueName":"search_term_string"}}],"inLanguage":"es"},{"@type":"Organization","@id":"https:\/\/noticiasya.com\/#organization","name":"Noticias","url":"https:\/\/noticiasya.com\/","logo":{"@type":"ImageObject","inLanguage":"es","@id":"https:\/\/noticiasya.com\/#\/schema\/logo\/image\/","url":"https:\/\/noticiasya.com\/wp-content\/uploads\/sites\/22\/2023\/12\/logo-nacional.png","contentUrl":"https:\/\/noticiasya.com\/wp-content\/uploads\/sites\/22\/2023\/12\/logo-nacional.png","width":1801,"height":691,"caption":"Noticias"},"image":{"@id":"https:\/\/noticiasya.com\/#\/schema\/logo\/image\/"}}]}},"parsely":{"version":"1.1.0","canonical_url":"https:\/\/noticiasya.com\/midland-odessa\/2025\/12\/16\/deportados-latinoamericanos-trump-orix\/","smart_links":{"inbound":0,"outbound":0},"traffic_boost_suggestions_count":0,"meta":{"@context":"https:\/\/schema.org","@type":"NewsArticle","headline":"Al menos 200.000 deportados latinoamericanos en 10 meses: la ofensiva migratoria de Trump separa familias y afecta al campo","url":"http:\/\/noticiasya.com\/midland-odessa\/2025\/12\/16\/deportados-latinoamericanos-trump-orix\/","mainEntityOfPage":{"@type":"WebPage","@id":"http:\/\/noticiasya.com\/midland-odessa\/2025\/12\/16\/deportados-latinoamericanos-trump-orix\/"},"thumbnailUrl":"","image":{"@type":"ImageObject","url":""},"articleSection":"Noticias Nacionales","author":[],"creator":[],"publisher":{"@type":"Organization","name":"Noticias","logo":""},"keywords":[],"dateCreated":"2025-12-16T12:03:48Z","datePublished":"2025-12-16T12:03:48Z","dateModified":"2025-12-16T12:03:48Z"},"rendered":"<script type=\"application\/ld+json\" class=\"wp-parsely-metadata\">{\"@context\":\"https:\\\/\\\/schema.org\",\"@type\":\"NewsArticle\",\"headline\":\"Al menos 200.000 deportados latinoamericanos en 10 meses: la ofensiva migratoria de Trump separa familias y afecta al campo\",\"url\":\"http:\\\/\\\/noticiasya.com\\\/midland-odessa\\\/2025\\\/12\\\/16\\\/deportados-latinoamericanos-trump-orix\\\/\",\"mainEntityOfPage\":{\"@type\":\"WebPage\",\"@id\":\"http:\\\/\\\/noticiasya.com\\\/midland-odessa\\\/2025\\\/12\\\/16\\\/deportados-latinoamericanos-trump-orix\\\/\"},\"thumbnailUrl\":\"\",\"image\":{\"@type\":\"ImageObject\",\"url\":\"\"},\"articleSection\":\"Noticias Nacionales\",\"author\":[],\"creator\":[],\"publisher\":{\"@type\":\"Organization\",\"name\":\"Noticias\",\"logo\":\"\"},\"keywords\":[],\"dateCreated\":\"2025-12-16T12:03:48Z\",\"datePublished\":\"2025-12-16T12:03:48Z\",\"dateModified\":\"2025-12-16T12:03:48Z\"}<\/script>","tracker_url":"https:\/\/cdn.parsely.com\/keys\/noticiasya.com\/p.js"},"jetpack_featured_media_url":"","jetpack-related-posts":[{"id":1464241,"url":"https:\/\/noticiasya.com\/midland-odessa\/2025\/07\/04\/quien-es-julio-cesar-chavez-jr-boxeador-detenido-ice-orix\/","url_meta":{"origin":1469297,"position":0},"title":"\u00bfQui\u00e9n es Julio C\u00e9sar Ch\u00e1vez Jr., el boxeador detenido por ICE que est\u00e1 en espera de ser entregado a M\u00e9xico?","author":"","date":"julio 4, 2025","format":false,"excerpt":"El boxeador mexicano Julio C\u00e9sar Ch\u00e1vez Jr. sufri\u00f3 dos derrotas en menos de una semana, una arriba del ring y otra en su situaci\u00f3n legal.La primera ocurri\u00f3 la noche del s\u00e1bado, cuando el influencer Jake Paul lo venci\u00f3 en la pelea que sostuvieron en Anaheim, California, con lo que la\u2026","rel":"","context":"In &quot;Noticias Nacionales&quot;","block_context":{"text":"Noticias Nacionales","link":"https:\/\/noticiasya.com\/midland-odessa\/categoria\/noticias-nacionales"},"img":{"alt_text":"","src":"","width":0,"height":0},"classes":[]},{"id":1472361,"url":"https:\/\/noticiasya.com\/midland-odessa\/2026\/03\/19\/cesar-chavez-comunidades-reconsiderar-homenajes-trax\/","url_meta":{"origin":1469297,"position":1},"title":"Acusaciones de abuso contra Cesar Chavez obligan a las comunidades a reconsiderar los homenajes al l\u00edder latino","author":"","date":"marzo 19, 2026","format":false,"excerpt":"Una figura cubierta por una s\u00e1bana permaneci\u00f3 el mi\u00e9rcoles en el Jard\u00edn de la Paz de la Universidad Estatal de Fresno, en California, como un fantasma en la penumbra. La gran s\u00e1bana negra, sostenida torpemente con clips de pl\u00e1stico, ocultaba la estatua de Cesar Chavez, quien pas\u00f3 d\u00e9cadas bajo los\u2026","rel":"","context":"In &quot;Noticias Nacionales&quot;","block_context":{"text":"Noticias Nacionales","link":"https:\/\/noticiasya.com\/midland-odessa\/categoria\/noticias-nacionales"},"img":{"alt_text":"","src":"","width":0,"height":0},"classes":[]},{"id":1473350,"url":"https:\/\/noticiasya.com\/midland-odessa\/2026\/04\/20\/lori-chavez-deremer-deja-secretaria-de-trabajo-trax\/","url_meta":{"origin":1469297,"position":2},"title":"Lori Chavez-DeRemer deja el cargo de secretaria de Trabajo en medio de investigaci\u00f3n por posible conducta inapropiada","author":"","date":"abril 20, 2026","format":false,"excerpt":"La secretaria de Trabajo, Lori Chavez-DeRemer, est\u00e1 dejando el Gobierno de Trump para aceptar un empleo en el sector privado en medio de una investigaci\u00f3n interna por posible conducta inapropiada.\u201cLa secretaria de Trabajo, Lori Chavez-DeRemer, dejar\u00e1 la Administraci\u00f3n para asumir un cargo en el sector privado\u201d, anunci\u00f3 en un comunicado\u2026","rel":"","context":"In &quot;Noticias Nacionales&quot;","block_context":{"text":"Noticias Nacionales","link":"https:\/\/noticiasya.com\/midland-odessa\/categoria\/noticias-nacionales"},"img":{"alt_text":"","src":"","width":0,"height":0},"classes":[]},{"id":1465726,"url":"https:\/\/noticiasya.com\/midland-odessa\/2025\/08\/21\/inmigrantes-mexicanos-arrestados-norwalk-connecticut-orix\/","url_meta":{"origin":1469297,"position":3},"title":"&#171;Los tratan como si fueran basura&#187;, dice hija de uno de los dos inmigrantes mexicanos arrestados en Connecticut","author":"","date":"agosto 21, 2025","format":false,"excerpt":"\u201c\u00bfPor qu\u00e9, por qu\u00e9? \u00a1D\u00edganme la raz\u00f3n! \u00a1\u00bfQu\u00e9 est\u00e1n buscando?!\u201d Los gritos de desesperaci\u00f3n de Leonel Ch\u00e1vez, un inmigrante mexicano de 42 a\u00f1os, quedaron registrados en un video que logr\u00f3 grabar momentos antes de que agentes federales lo detuvieran el viernes junto a su hermano en Norwalk, Connecticut.Las im\u00e1genes duran\u2026","rel":"","context":"In &quot;Noticias Nacionales&quot;","block_context":{"text":"Noticias Nacionales","link":"https:\/\/noticiasya.com\/midland-odessa\/categoria\/noticias-nacionales"},"img":{"alt_text":"","src":"","width":0,"height":0},"classes":[]},{"id":1465882,"url":"https:\/\/noticiasya.com\/midland-odessa\/2025\/08\/26\/deportan-mexico-leonel-chavez-connecticut-orix\/","url_meta":{"origin":1469297,"position":4},"title":"Deportan a M\u00e9xico a uno de los hermanos inmigrantes detenidos en Connecticut","author":"","date":"agosto 26, 2025","format":false,"excerpt":"Leonel Ch\u00e1vez, uno de los hermanos inmigrantes mexicanos detenidos el 15 de agosto en un operativo en Norwalk, Connecticut, fue deportado a M\u00e9xico el fin de semana, confirm\u00f3 a CNN el Departamento de Seguridad Nacional de EE.UU. (DHS, por sus siglas en ingl\u00e9s).Ricardo Ch\u00e1vez, su hermano, permanece bajo custodia del\u2026","rel":"","context":"In &quot;Noticias Nacionales&quot;","block_context":{"text":"Noticias Nacionales","link":"https:\/\/noticiasya.com\/midland-odessa\/categoria\/noticias-nacionales"},"img":{"alt_text":"","src":"","width":0,"height":0},"classes":[]},{"id":1465917,"url":"https:\/\/noticiasya.com\/midland-odessa\/2025\/08\/27\/pesadilla-inmigrante-connecticut-mexico-entrevista-orix\/","url_meta":{"origin":1469297,"position":5},"title":"&#171;Es una pesadilla que no me deja dormir&#187;, inmigrante detenido en Connecticut habla tras su deportaci\u00f3n a M\u00e9xico","author":"","date":"agosto 27, 2025","format":false,"excerpt":"En las \u00faltimas semanas, la vida de Leonel Ch\u00e1vez dio un vuelco del que todav\u00eda intenta recuperarse. Este inmigrante mexicano de 42 a\u00f1os, que viv\u00eda en Estados Unidos desde hace d\u00e9cadas, fue separado de su familia al ser detenido a mediados de agosto junto a su hermano en Norwalk, Connecticut,\u2026","rel":"","context":"In &quot;Noticias Nacionales&quot;","block_context":{"text":"Noticias Nacionales","link":"https:\/\/noticiasya.com\/midland-odessa\/categoria\/noticias-nacionales"},"img":{"alt_text":"","src":"","width":0,"height":0},"classes":[]}],"jetpack_sharing_enabled":true,"_links":{"self":[{"href":"https:\/\/noticiasya.com\/midland-odessa\/wp-json\/wp\/v2\/posts\/1469297","targetHints":{"allow":["GET"]}}],"collection":[{"href":"https:\/\/noticiasya.com\/midland-odessa\/wp-json\/wp\/v2\/posts"}],"about":[{"href":"https:\/\/noticiasya.com\/midland-odessa\/wp-json\/wp\/v2\/types\/post"}],"replies":[{"embeddable":true,"href":"https:\/\/noticiasya.com\/midland-odessa\/wp-json\/wp\/v2\/comments?post=1469297"}],"version-history":[{"count":0,"href":"https:\/\/noticiasya.com\/midland-odessa\/wp-json\/wp\/v2\/posts\/1469297\/revisions"}],"wp:attachment":[{"href":"https:\/\/noticiasya.com\/midland-odessa\/wp-json\/wp\/v2\/media?parent=1469297"}],"wp:term":[{"taxonomy":"category","embeddable":true,"href":"https:\/\/noticiasya.com\/midland-odessa\/wp-json\/wp\/v2\/categories?post=1469297"},{"taxonomy":"post_tag","embeddable":true,"href":"https:\/\/noticiasya.com\/midland-odessa\/wp-json\/wp\/v2\/tags?post=1469297"}],"curies":[{"name":"wp","href":"https:\/\/api.w.org\/{rel}","templated":true}]}}