{"id":1469301,"date":"2025-12-16T05:03:42","date_gmt":"2025-12-16T13:03:42","guid":{"rendered":"https:\/\/noticiasya.com\/2025\/12\/16\/maduro-adiverte-kast-venezolanos-chile-cuidadito-efe\/"},"modified":"2025-12-16T05:03:42","modified_gmt":"2025-12-16T13:03:42","slug":"maduro-adiverte-kast-venezolanos-chile-cuidadito-efe","status":"publish","type":"post","link":"https:\/\/noticiasya.com\/midland-odessa\/2025\/12\/16\/maduro-adiverte-kast-venezolanos-chile-cuidadito-efe\/","title":{"rendered":"&#171;\u00a1Cuidadito!&#187;: Maduro le advierte a Kast que evite &#171;meterse&#187; con los venezolanos en Chile"},"content":{"rendered":"<p>El presidente de Venezuela, Nicol\u00e1s Maduro, advirti\u00f3 este lunes al mandatario electo de Chile, Jos\u00e9 Antonio Kast, que evite meterse con los migrantes venezolanos en ese pa\u00eds, en medio de los se\u00f1alamientos que, asegura, est\u00e1 haciendo contra sus compatriotas.<\/p>\n<p>\u201cUsted podr\u00e1 ser pinochetista convicto y confeso, pero cuidadito le toca un pelo a un venezolano, los venezolanos se respetan. \u00a1Cuidadito! Esc\u00facheme bien, oy\u00f3, que el que se mete con Venezuela se seca y usted se puede secar aceleradamente, se\u00f1or Kast\u201d, dijo el gobernante en su programa de televisi\u00f3n \u2018Con Maduro+\u2019, transmitido por el canal estatal Venezolana de Televisi\u00f3n (VTV).<\/p>\n<p>\u201cDeje quieto a quien quieto est\u00e1\u201d, insisti\u00f3 Maduro al criticar el discurso del ultraderechista sobre los migrantes, quienes, dijo, tienen \u201cderechos y la constituci\u00f3n chilena se los debe garantizar\u201d.<\/p>\n<p>En ese contexto, Maduro invit\u00f3 a sus compatriotas \u201ccon mucho respeto\u201d a volver al pa\u00eds y anunci\u00f3 un plan especial de apoyo para los venezolanos en Chile que quieran regresar a trav\u00e9s del programa gubernamental Vuelta a la Patria, que estar\u00e1 coordinado por la vicepresidenta, Delcy Rodr\u00edguez, y la presidenta de ese plan, Camilla Fabri.<\/p>\n<p>\u201cSi yo pudiera enviar 100 aviones para tra\u00e9rmelos en boletos gratis a toditos lo har\u00eda ma\u00f1ana, como nos estamos trayendo a todos los migrantes de Estados Unidos, liber\u00e1ndolos y rescat\u00e1ndolos del presidio (\u2026) todo el que se quiera regresar tendr\u00e1 nuestro apoyo decidido\u201d, a\u00f1adi\u00f3.<\/p>\n<p>Previamente, Maduro asegur\u00f3 que el \u201cnazifascismo\u201d pretende \u201cimponerse otra vez\u201d en Chile.<\/p>\n<p>Adem\u00e1s, el considerado n\u00famero dos del chavismo, Diosdado Cabello, dijo en esta jornada que el triunfo de Kast de Chile se dio por la \u201ctibieza\u201d con la que gobierna Gabriel Boric.<\/p>\n<p>Ultraliberal en lo econ\u00f3mico, Kast se convertir\u00e1 en marzo en el primer pinochetista en llegar al poder tras el fin de la dictadura hace 35 a\u00f1os luego de imponerse en las 16 regiones del pa\u00eds y cerrar la segunda victoria en segunda vuelta m\u00e1s amplia desde el retorno a la democracia (la primera fue la de Michelle Bachelet contra Evelyn Matthei en 2013).<\/p>\n<p>Uno de los ejes centrales de Kast es el tema migratorio. Centr\u00f3 su discurso en la expulsi\u00f3n de inmigrantes en situaci\u00f3n irregular, aunque durante la campa\u00f1a fue moderando el tono y lleg\u00f3 a plantear que buscaba \u201cinvitarlos a salir\u201d del pa\u00eds.<\/p>\n<p>En su plan denominado \u2018Escudo Fronterizo\u2019, con claras similitudes a la pol\u00edtica de Trump, llevada a cabo por el Servicio de Control de Inmigraci\u00f3n y Aduanas (ICE), defiende la instalaci\u00f3n de muros de m\u00e1s de 5 metros de altura, zanjas, drones con reconocimiento facial y radares t\u00e9rmicos.<\/p>\n<p>Tambi\u00e9n defiende el uso de la fuerza del Estado en los casos necesarios en la frontera. Asimismo, se comprometi\u00f3 a sancionar a los empleadores que contraten inmigrantes irregulares y prohibir\u00e1 alquilar viviendas a este tipo de inmigrante.<\/p>\n<p>The-CNN-Wire<br \/>&trade; &amp; &copy; 2025 Cable News Network, Inc., a Warner Bros. Discovery Company. All rights reserved.<\/p>\n","protected":false},"excerpt":{"rendered":"<p>El presidente de Venezuela, Nicol\u00e1s Maduro, advirti\u00f3 este lunes al mandatario electo de Chile, Jos\u00e9 Antonio Kast, que evite meterse con los migrantes venezolanos en ese pa\u00eds, en medio de los se\u00f1alamientos que, asegura, est\u00e1 haciendo contra sus compatriotas. \u201cUsted podr\u00e1 ser pinochetista convicto y confeso, pero cuidadito le toca un pelo a un venezolano, [&hellip;]<\/p>\n","protected":false},"author":0,"featured_media":0,"comment_status":"open","ping_status":"open","sticky":false,"template":"","format":"standard","meta":{"_jetpack_memberships_contains_paid_content":false,"footnotes":""},"categories":[10],"tags":[],"class_list":["post-1469301","post","type-post","status-publish","format-standard","hentry","category-noticias-nacionales","market-global"],"yoast_head":"<!-- This site is optimized with the Yoast SEO plugin v24.4 - https:\/\/yoast.com\/wordpress\/plugins\/seo\/ -->\n<title>&quot;\u00a1Cuidadito!&quot;: Maduro le advierte a Kast que evite &quot;meterse&quot; con los venezolanos en Chile - Noticias<\/title>\n<meta name=\"robots\" content=\"index, follow, max-snippet:-1, max-image-preview:large, max-video-preview:-1\" \/>\n<link rel=\"canonical\" href=\"https:\/\/noticiasya.com\/2025\/12\/16\/maduro-adiverte-kast-venezolanos-chile-cuidadito-efe\/\" \/>\n<meta property=\"og:locale\" content=\"es_ES\" \/>\n<meta property=\"og:type\" content=\"article\" \/>\n<meta property=\"og:title\" content=\"&quot;\u00a1Cuidadito!&quot;: Maduro le advierte a Kast que evite &quot;meterse&quot; con los venezolanos en Chile - Noticias\" \/>\n<meta property=\"og:description\" content=\"El presidente de Venezuela, Nicol\u00e1s Maduro, advirti\u00f3 este lunes al mandatario electo de Chile, Jos\u00e9 Antonio Kast, que evite meterse con los migrantes venezolanos en ese pa\u00eds, en medio de los se\u00f1alamientos que, asegura, est\u00e1 haciendo contra sus compatriotas. \u201cUsted podr\u00e1 ser pinochetista convicto y confeso, pero cuidadito le toca un pelo a un venezolano, [&hellip;]\" \/>\n<meta property=\"og:url\" content=\"https:\/\/noticiasya.com\/2025\/12\/16\/maduro-adiverte-kast-venezolanos-chile-cuidadito-efe\/\" \/>\n<meta property=\"og:site_name\" content=\"Noticias\" \/>\n<meta property=\"article:published_time\" content=\"2025-12-16T13:03:42+00:00\" \/>\n<meta name=\"twitter:card\" content=\"summary_large_image\" \/>\n<meta name=\"twitter:label1\" content=\"Est. reading time\" \/>\n\t<meta name=\"twitter:data1\" content=\"3 minutos\" \/>\n<script type=\"application\/ld+json\" class=\"yoast-schema-graph\">{\"@context\":\"https:\/\/schema.org\",\"@graph\":[{\"@type\":\"Article\",\"@id\":\"https:\/\/noticiasya.com\/2025\/12\/16\/maduro-adiverte-kast-venezolanos-chile-cuidadito-efe\/#article\",\"isPartOf\":{\"@id\":\"https:\/\/noticiasya.com\/2025\/12\/16\/maduro-adiverte-kast-venezolanos-chile-cuidadito-efe\/\"},\"author\":{\"name\":\"\",\"@id\":\"\"},\"headline\":\"&#171;\u00a1Cuidadito!&#187;: Maduro le advierte a Kast que evite &#171;meterse&#187; con los venezolanos en Chile\",\"datePublished\":\"2025-12-16T13:03:42+00:00\",\"mainEntityOfPage\":{\"@id\":\"https:\/\/noticiasya.com\/2025\/12\/16\/maduro-adiverte-kast-venezolanos-chile-cuidadito-efe\/\"},\"wordCount\":515,\"commentCount\":0,\"publisher\":{\"@id\":\"https:\/\/noticiasya.com\/#organization\"},\"articleSection\":[\"Noticias Nacionales\"],\"inLanguage\":\"es\",\"potentialAction\":[{\"@type\":\"CommentAction\",\"name\":\"Comment\",\"target\":[\"https:\/\/noticiasya.com\/2025\/12\/16\/maduro-adiverte-kast-venezolanos-chile-cuidadito-efe\/#respond\"]}]},{\"@type\":\"WebPage\",\"@id\":\"https:\/\/noticiasya.com\/2025\/12\/16\/maduro-adiverte-kast-venezolanos-chile-cuidadito-efe\/\",\"url\":\"https:\/\/noticiasya.com\/2025\/12\/16\/maduro-adiverte-kast-venezolanos-chile-cuidadito-efe\/\",\"name\":\"\\\"\u00a1Cuidadito!\\\": Maduro le advierte a Kast que evite \\\"meterse\\\" con los venezolanos en Chile - Noticias\",\"isPartOf\":{\"@id\":\"https:\/\/noticiasya.com\/#website\"},\"datePublished\":\"2025-12-16T13:03:42+00:00\",\"breadcrumb\":{\"@id\":\"https:\/\/noticiasya.com\/2025\/12\/16\/maduro-adiverte-kast-venezolanos-chile-cuidadito-efe\/#breadcrumb\"},\"inLanguage\":\"es\",\"potentialAction\":[{\"@type\":\"ReadAction\",\"target\":[\"https:\/\/noticiasya.com\/2025\/12\/16\/maduro-adiverte-kast-venezolanos-chile-cuidadito-efe\/\"]}]},{\"@type\":\"BreadcrumbList\",\"@id\":\"https:\/\/noticiasya.com\/2025\/12\/16\/maduro-adiverte-kast-venezolanos-chile-cuidadito-efe\/#breadcrumb\",\"itemListElement\":[{\"@type\":\"ListItem\",\"position\":1,\"name\":\"Home\",\"item\":\"https:\/\/noticiasya.com\/\"},{\"@type\":\"ListItem\",\"position\":2,\"name\":\"&#171;\u00a1Cuidadito!&#187;: Maduro le advierte a Kast que evite &#171;meterse&#187; con los venezolanos en Chile\"}]},{\"@type\":\"WebSite\",\"@id\":\"https:\/\/noticiasya.com\/#website\",\"url\":\"https:\/\/noticiasya.com\/\",\"name\":\"Noticias\",\"description\":\"Lo que importa\",\"publisher\":{\"@id\":\"https:\/\/noticiasya.com\/#organization\"},\"potentialAction\":[{\"@type\":\"SearchAction\",\"target\":{\"@type\":\"EntryPoint\",\"urlTemplate\":\"https:\/\/noticiasya.com\/?s={search_term_string}\"},\"query-input\":{\"@type\":\"PropertyValueSpecification\",\"valueRequired\":true,\"valueName\":\"search_term_string\"}}],\"inLanguage\":\"es\"},{\"@type\":\"Organization\",\"@id\":\"https:\/\/noticiasya.com\/#organization\",\"name\":\"Noticias\",\"url\":\"https:\/\/noticiasya.com\/\",\"logo\":{\"@type\":\"ImageObject\",\"inLanguage\":\"es\",\"@id\":\"https:\/\/noticiasya.com\/#\/schema\/logo\/image\/\",\"url\":\"https:\/\/noticiasya.com\/wp-content\/uploads\/sites\/22\/2023\/12\/logo-nacional.png\",\"contentUrl\":\"https:\/\/noticiasya.com\/wp-content\/uploads\/sites\/22\/2023\/12\/logo-nacional.png\",\"width\":1801,\"height\":691,\"caption\":\"Noticias\"},\"image\":{\"@id\":\"https:\/\/noticiasya.com\/#\/schema\/logo\/image\/\"}}]}<\/script>\n<!-- \/ Yoast SEO plugin. -->","yoast_head_json":{"title":"\"\u00a1Cuidadito!\": Maduro le advierte a Kast que evite \"meterse\" con los venezolanos en Chile - Noticias","robots":{"index":"index","follow":"follow","max-snippet":"max-snippet:-1","max-image-preview":"max-image-preview:large","max-video-preview":"max-video-preview:-1"},"canonical":"https:\/\/noticiasya.com\/2025\/12\/16\/maduro-adiverte-kast-venezolanos-chile-cuidadito-efe\/","og_locale":"es_ES","og_type":"article","og_title":"\"\u00a1Cuidadito!\": Maduro le advierte a Kast que evite \"meterse\" con los venezolanos en Chile - Noticias","og_description":"El presidente de Venezuela, Nicol\u00e1s Maduro, advirti\u00f3 este lunes al mandatario electo de Chile, Jos\u00e9 Antonio Kast, que evite meterse con los migrantes venezolanos en ese pa\u00eds, en medio de los se\u00f1alamientos que, asegura, est\u00e1 haciendo contra sus compatriotas. \u201cUsted podr\u00e1 ser pinochetista convicto y confeso, pero cuidadito le toca un pelo a un venezolano, [&hellip;]","og_url":"https:\/\/noticiasya.com\/2025\/12\/16\/maduro-adiverte-kast-venezolanos-chile-cuidadito-efe\/","og_site_name":"Noticias","article_published_time":"2025-12-16T13:03:42+00:00","twitter_card":"summary_large_image","twitter_misc":{"Est. reading time":"3 minutos"},"schema":{"@context":"https:\/\/schema.org","@graph":[{"@type":"Article","@id":"https:\/\/noticiasya.com\/2025\/12\/16\/maduro-adiverte-kast-venezolanos-chile-cuidadito-efe\/#article","isPartOf":{"@id":"https:\/\/noticiasya.com\/2025\/12\/16\/maduro-adiverte-kast-venezolanos-chile-cuidadito-efe\/"},"author":{"name":"","@id":""},"headline":"&#171;\u00a1Cuidadito!&#187;: Maduro le advierte a Kast que evite &#171;meterse&#187; con los venezolanos en Chile","datePublished":"2025-12-16T13:03:42+00:00","mainEntityOfPage":{"@id":"https:\/\/noticiasya.com\/2025\/12\/16\/maduro-adiverte-kast-venezolanos-chile-cuidadito-efe\/"},"wordCount":515,"commentCount":0,"publisher":{"@id":"https:\/\/noticiasya.com\/#organization"},"articleSection":["Noticias Nacionales"],"inLanguage":"es","potentialAction":[{"@type":"CommentAction","name":"Comment","target":["https:\/\/noticiasya.com\/2025\/12\/16\/maduro-adiverte-kast-venezolanos-chile-cuidadito-efe\/#respond"]}]},{"@type":"WebPage","@id":"https:\/\/noticiasya.com\/2025\/12\/16\/maduro-adiverte-kast-venezolanos-chile-cuidadito-efe\/","url":"https:\/\/noticiasya.com\/2025\/12\/16\/maduro-adiverte-kast-venezolanos-chile-cuidadito-efe\/","name":"\"\u00a1Cuidadito!\": Maduro le advierte a Kast que evite \"meterse\" con los venezolanos en Chile - Noticias","isPartOf":{"@id":"https:\/\/noticiasya.com\/#website"},"datePublished":"2025-12-16T13:03:42+00:00","breadcrumb":{"@id":"https:\/\/noticiasya.com\/2025\/12\/16\/maduro-adiverte-kast-venezolanos-chile-cuidadito-efe\/#breadcrumb"},"inLanguage":"es","potentialAction":[{"@type":"ReadAction","target":["https:\/\/noticiasya.com\/2025\/12\/16\/maduro-adiverte-kast-venezolanos-chile-cuidadito-efe\/"]}]},{"@type":"BreadcrumbList","@id":"https:\/\/noticiasya.com\/2025\/12\/16\/maduro-adiverte-kast-venezolanos-chile-cuidadito-efe\/#breadcrumb","itemListElement":[{"@type":"ListItem","position":1,"name":"Home","item":"https:\/\/noticiasya.com\/"},{"@type":"ListItem","position":2,"name":"&#171;\u00a1Cuidadito!&#187;: Maduro le advierte a Kast que evite &#171;meterse&#187; con los venezolanos en Chile"}]},{"@type":"WebSite","@id":"https:\/\/noticiasya.com\/#website","url":"https:\/\/noticiasya.com\/","name":"Noticias","description":"Lo que importa","publisher":{"@id":"https:\/\/noticiasya.com\/#organization"},"potentialAction":[{"@type":"SearchAction","target":{"@type":"EntryPoint","urlTemplate":"https:\/\/noticiasya.com\/?s={search_term_string}"},"query-input":{"@type":"PropertyValueSpecification","valueRequired":true,"valueName":"search_term_string"}}],"inLanguage":"es"},{"@type":"Organization","@id":"https:\/\/noticiasya.com\/#organization","name":"Noticias","url":"https:\/\/noticiasya.com\/","logo":{"@type":"ImageObject","inLanguage":"es","@id":"https:\/\/noticiasya.com\/#\/schema\/logo\/image\/","url":"https:\/\/noticiasya.com\/wp-content\/uploads\/sites\/22\/2023\/12\/logo-nacional.png","contentUrl":"https:\/\/noticiasya.com\/wp-content\/uploads\/sites\/22\/2023\/12\/logo-nacional.png","width":1801,"height":691,"caption":"Noticias"},"image":{"@id":"https:\/\/noticiasya.com\/#\/schema\/logo\/image\/"}}]}},"parsely":{"version":"1.1.0","canonical_url":"https:\/\/noticiasya.com\/midland-odessa\/2025\/12\/16\/maduro-adiverte-kast-venezolanos-chile-cuidadito-efe\/","smart_links":{"inbound":0,"outbound":0},"traffic_boost_suggestions_count":0,"meta":{"@context":"https:\/\/schema.org","@type":"NewsArticle","headline":"&#171;\u00a1Cuidadito!&#187;: Maduro le advierte a Kast que evite &#171;meterse&#187; con los venezolanos en Chile","url":"http:\/\/noticiasya.com\/midland-odessa\/2025\/12\/16\/maduro-adiverte-kast-venezolanos-chile-cuidadito-efe\/","mainEntityOfPage":{"@type":"WebPage","@id":"http:\/\/noticiasya.com\/midland-odessa\/2025\/12\/16\/maduro-adiverte-kast-venezolanos-chile-cuidadito-efe\/"},"thumbnailUrl":"","image":{"@type":"ImageObject","url":""},"articleSection":"Noticias Nacionales","author":[],"creator":[],"publisher":{"@type":"Organization","name":"Noticias","logo":""},"keywords":[],"dateCreated":"2025-12-16T13:03:42Z","datePublished":"2025-12-16T13:03:42Z","dateModified":"2025-12-16T13:03:42Z"},"rendered":"<script type=\"application\/ld+json\" class=\"wp-parsely-metadata\">{\"@context\":\"https:\\\/\\\/schema.org\",\"@type\":\"NewsArticle\",\"headline\":\"&#171;\\u00a1Cuidadito!&#187;: Maduro le advierte a Kast que evite &#171;meterse&#187; con los venezolanos en Chile\",\"url\":\"http:\\\/\\\/noticiasya.com\\\/midland-odessa\\\/2025\\\/12\\\/16\\\/maduro-adiverte-kast-venezolanos-chile-cuidadito-efe\\\/\",\"mainEntityOfPage\":{\"@type\":\"WebPage\",\"@id\":\"http:\\\/\\\/noticiasya.com\\\/midland-odessa\\\/2025\\\/12\\\/16\\\/maduro-adiverte-kast-venezolanos-chile-cuidadito-efe\\\/\"},\"thumbnailUrl\":\"\",\"image\":{\"@type\":\"ImageObject\",\"url\":\"\"},\"articleSection\":\"Noticias Nacionales\",\"author\":[],\"creator\":[],\"publisher\":{\"@type\":\"Organization\",\"name\":\"Noticias\",\"logo\":\"\"},\"keywords\":[],\"dateCreated\":\"2025-12-16T13:03:42Z\",\"datePublished\":\"2025-12-16T13:03:42Z\",\"dateModified\":\"2025-12-16T13:03:42Z\"}<\/script>","tracker_url":"https:\/\/cdn.parsely.com\/keys\/noticiasya.com\/p.js"},"jetpack_featured_media_url":"","jetpack-related-posts":[{"id":1473270,"url":"https:\/\/noticiasya.com\/midland-odessa\/2026\/04\/17\/kast-expulsa-migrantes-chile-formula-trump-orix\/","url_meta":{"origin":1469301,"position":0},"title":"Kast prueba la f\u00f3rmula de Trump en Chile: expulsa a 40 migrantes en avi\u00f3n y anuncia m\u00e1s vuelos","author":"","date":"abril 17, 2026","format":false,"excerpt":"Este jueves despeg\u00f3 desde Santiago el primer avi\u00f3n con 40 migrantes expulsados de Chile por el Gobierno del presidente Jos\u00e9 Antonio Kast.La medida busca cumplir con una de sus principales promesas de campa\u00f1a: expulsar a m\u00e1s de 300.000 migrantes en situaci\u00f3n irregular del pa\u00eds austral, la mayor\u00eda de ellos provenientes\u2026","rel":"","context":"In &quot;Noticias Nacionales&quot;","block_context":{"text":"Noticias Nacionales","link":"https:\/\/noticiasya.com\/midland-odessa\/categoria\/noticias-nacionales"},"img":{"alt_text":"","src":"","width":0,"height":0},"classes":[]},{"id":1469466,"url":"https:\/\/noticiasya.com\/midland-odessa\/2025\/12\/21\/migrantes-chile-kast-miedo-ansiedad-incertidumbre-orix\/","url_meta":{"origin":1469301,"position":1},"title":"Entre el miedo, la ansiedad y la incertidumbre: as\u00ed viven los migrantes en Chile con el triunfo de Kast","author":"","date":"diciembre 21, 2025","format":false,"excerpt":"\u201dKast a\u00fan no asume la presidencia y sus discursos de odio ya est\u00e1n cambiando el panorama social. Tengo mucha ansiedad\u201d, dice Juan Garc\u00e9s, un estudiante universitario de 26 a\u00f1os que lleg\u00f3 a Chile en 2014 proveniente de Colombia. Al igual que varios miembros de su familia, el objetivo era uno:\u2026","rel":"","context":"In &quot;Noticias Nacionales&quot;","block_context":{"text":"Noticias Nacionales","link":"https:\/\/noticiasya.com\/midland-odessa\/categoria\/noticias-nacionales"},"img":{"alt_text":"","src":"","width":0,"height":0},"classes":[]},{"id":1468866,"url":"https:\/\/noticiasya.com\/midland-odessa\/2025\/12\/01\/peru-chile-migrantes-venezolanos-frontera-orix\/","url_meta":{"origin":1469301,"position":2},"title":"Per\u00fa y Chile acuerden patrullajes conjuntos de la frontera en medio de la creciente llegada de migrantes venezolanos","author":"","date":"diciembre 1, 2025","format":false,"excerpt":"Los gobiernos de Chile y Per\u00fa acordaron este lunes realizar patrullajes conjuntos en la frontera para \u201cfortalecer la capacidad de respuesta operativa y la cooperaci\u00f3n policial\u201d, en medio de la creciente llegada de migrantes venezolanos.En la primera reuni\u00f3n del Comit\u00e9 Binacional de Cooperaci\u00f3n Migratoria, que busca darle soluci\u00f3n al problema\u2026","rel":"","context":"In &quot;Noticias Nacionales&quot;","block_context":{"text":"Noticias Nacionales","link":"https:\/\/noticiasya.com\/midland-odessa\/categoria\/noticias-nacionales"},"img":{"alt_text":"","src":"","width":0,"height":0},"classes":[]},{"id":1460767,"url":"https:\/\/noticiasya.com\/midland-odessa\/2025\/04\/02\/migrantes-venezolanos-regresaran-vuelos-jueves-viernes-nicolas-maduro-orix\/","url_meta":{"origin":1469301,"position":3},"title":"Cientos de migrantes venezolanos regresar\u00e1n a su pa\u00eds en 3 vuelos entre el jueves y viernes, dice Nicol\u00e1s Maduro","author":"","date":"abril 2, 2025","format":false,"excerpt":"Cientos de migrantes venezolanos regresar\u00e1n a su pa\u00eds en tres vuelos que llegar\u00e1n entre el jueves y el viernes, anunci\u00f3 este mi\u00e9rcoles el presidente de Venezuela, Nicol\u00e1s Maduro.Los dos primeros, que arribar\u00e1n el jueves, ser\u00e1n realizados en aviones de la aerol\u00ednea estatal Conviasa, dijo el mandatario durante un acto p\u00fablico.Uno\u2026","rel":"","context":"In &quot;Noticias Nacionales&quot;","block_context":{"text":"Noticias Nacionales","link":"https:\/\/noticiasya.com\/midland-odessa\/categoria\/noticias-nacionales"},"img":{"alt_text":"","src":"","width":0,"height":0},"classes":[]},{"id":1457981,"url":"https:\/\/noticiasya.com\/midland-odessa\/2025\/01\/29\/maduro-a-migrantes-venezolanos-nosotros-si-los-queremos-orix\/","url_meta":{"origin":1469301,"position":4},"title":"Maduro dice a los migrantes venezolanos que si en EE.UU. no los quieren &#171;nosotros s\u00ed los queremos&#187;","author":"","date":"enero 29, 2025","format":false,"excerpt":"El presidente de Venezuela, Nicol\u00e1s Maduro, dijo este martes que su pa\u00eds est\u00e1 dispuesto a recibir a los migrantes venezolanos que lleguen a ser deportados desde Estados Unidos, donde la administraci\u00f3n de Donald Trump ha dicho que una de sus prioridades es realizar deportaciones masivas de migrantes indocumentados.\u201cNosotros s\u00ed queremos\u2026","rel":"","context":"In &quot;Noticias Nacionales&quot;","block_context":{"text":"Noticias Nacionales","link":"https:\/\/noticiasya.com\/midland-odessa\/categoria\/noticias-nacionales"},"img":{"alt_text":"","src":"","width":0,"height":0},"classes":[]},{"id":1471986,"url":"https:\/\/noticiasya.com\/midland-odessa\/2026\/03\/07\/maria-corina-machado-asuncion-kast-chile-orix\/","url_meta":{"origin":1469301,"position":5},"title":"Mar\u00eda Corina Machado dice que asistir\u00e1 a la asunci\u00f3n de Jos\u00e9 Antonio Kast en Chile","author":"","date":"marzo 7, 2026","format":false,"excerpt":"La dirigente opositora de Venezuela, Mar\u00eda Corina Machado, anunci\u00f3 que estar\u00e1 presente en el acto de traspaso de mando en Chile, en el que asumir\u00e1 sus funciones el presidente electo, Jos\u00e9 Antonio Kast.La ceremonia en la que entregar\u00e1 el mando el presidente de Chile, Gabriel Boric, est\u00e1 contemplada para este\u2026","rel":"","context":"In &quot;Noticias Nacionales&quot;","block_context":{"text":"Noticias Nacionales","link":"https:\/\/noticiasya.com\/midland-odessa\/categoria\/noticias-nacionales"},"img":{"alt_text":"","src":"","width":0,"height":0},"classes":[]}],"jetpack_sharing_enabled":true,"_links":{"self":[{"href":"https:\/\/noticiasya.com\/midland-odessa\/wp-json\/wp\/v2\/posts\/1469301","targetHints":{"allow":["GET"]}}],"collection":[{"href":"https:\/\/noticiasya.com\/midland-odessa\/wp-json\/wp\/v2\/posts"}],"about":[{"href":"https:\/\/noticiasya.com\/midland-odessa\/wp-json\/wp\/v2\/types\/post"}],"replies":[{"embeddable":true,"href":"https:\/\/noticiasya.com\/midland-odessa\/wp-json\/wp\/v2\/comments?post=1469301"}],"version-history":[{"count":0,"href":"https:\/\/noticiasya.com\/midland-odessa\/wp-json\/wp\/v2\/posts\/1469301\/revisions"}],"wp:attachment":[{"href":"https:\/\/noticiasya.com\/midland-odessa\/wp-json\/wp\/v2\/media?parent=1469301"}],"wp:term":[{"taxonomy":"category","embeddable":true,"href":"https:\/\/noticiasya.com\/midland-odessa\/wp-json\/wp\/v2\/categories?post=1469301"},{"taxonomy":"post_tag","embeddable":true,"href":"https:\/\/noticiasya.com\/midland-odessa\/wp-json\/wp\/v2\/tags?post=1469301"}],"curies":[{"name":"wp","href":"https:\/\/api.w.org\/{rel}","templated":true}]}}