{"id":1469306,"date":"2025-12-16T07:04:05","date_gmt":"2025-12-16T15:04:05","guid":{"rendered":"https:\/\/noticiasya.com\/2025\/12\/16\/marjorie-taylor-greene-brian-glenn-trax\/"},"modified":"2025-12-16T07:04:05","modified_gmt":"2025-12-16T15:04:05","slug":"marjorie-taylor-greene-brian-glenn-trax","status":"publish","type":"post","link":"https:\/\/noticiasya.com\/midland-odessa\/2025\/12\/16\/marjorie-taylor-greene-brian-glenn-trax\/","title":{"rendered":"Marjorie Taylor Greene anuncia su compromiso con una figura medi\u00e1tica pro-Trump"},"content":{"rendered":"<p>La representante saliente de Georgia, <a href=\"https:\/\/www.cnn.com\/2025\/12\/08\/politics\/marjorie-taylor-greene-trump-threats\">Marjorie Taylor Greene,<\/a> anunci\u00f3 el lunes su compromiso con Brian Glenn, un experto pro-Trump que trabaja para la cadena de noticias de extrema derecha Real America\u2019s Voice.<\/p>\n<p>\u201c\u00a1Felices para siempre!\u201d, public\u00f3 Greene en X. Glenn, principal corresponsal de la Casa Blanca para la cadena alineada con MAGA, tambi\u00e9n comparti\u00f3 el compromiso en las redes sociales con una foto en la que abraza a Greene mientras ella muestra <a href=\"https:\/\/nam11.safelinks.protection.outlook.com\/?url=https%3A%2F%2Fx.com%2Fmtgreenee%2Fstatus%2F2000704709980574083%3Fs%3D20&#038;data=05%7C02%7Cclay.voytek%40cnn.com%7Cbae9363368194331912508de3c4b69fa%7C0eb48825e8714459bc72d0ecd68f1f39%7C0%7C0%7C639014491782607278%7CUnknown%7CTWFpbGZsb3d8eyJFbXB0eU1hcGkiOnRydWUsIlYiOiIwLjAuMDAwMCIsIlAiOiJXaW4zMiIsIkFOIjoiTWFpbCIsIldUIjoyfQ%3D%3D%7C0%7C%7C%7C&#038;sdata=y%2BvZ%2FTOpmEZ56fjLpi8chUQT7qNd5zBXGXiIfO0tqPg%3D&#038;reserved=0\">su anillo de compromiso<\/a>.<\/p>\n<p>El anuncio se produjo semanas despu\u00e9s de que Greene tuviera un desacuerdo p\u00fablico con el presidente Donald Trump y anunciara que renunciar\u00eda al cargo en enero, se\u00f1alando que quer\u00eda evitar unas primarias dif\u00edciles. Trump la ha llamado \u201ctraidora\u201d y ha dicho que apoyar\u00e1 otra candidatura republicana para su esca\u00f1o en la C\u00e1mara de Representantes.<\/p>\n<p>Greene, quien fue una ferviente partidaria de Trump desde su llegada al Capitolio en 2021, insiste en que el presidente se ha centrado demasiado en la pol\u00edtica exterior durante su segundo mandato y no est\u00e1 haciendo lo suficiente para impulsar su agenda interna. Ella, junto con su colega republicano Thomas Massie, ha sido una de las cr\u00edticas m\u00e1s vehementes de la gesti\u00f3n del Departamento de Justicia de los expedientes del caso Jeffrey Epstein.<\/p>\n<p>Glenn, por su parte, <a href=\"https:\/\/nam11.safelinks.protection.outlook.com\/?url=https%3A%2F%2Fwww.cnn.com%2F2025%2F08%2F18%2Fmedia%2Ftrump-zelensky-brian-glenn-peter-doocy-press-corps&#038;data=05%7C02%7Cclay.voytek%40cnn.com%7Cbae9363368194331912508de3c4b69fa%7C0eb48825e8714459bc72d0ecd68f1f39%7C0%7C0%7C639014491782626346%7CUnknown%7CTWFpbGZsb3d8eyJFbXB0eU1hcGkiOnRydWUsIlYiOiIwLjAuMDAwMCIsIlAiOiJXaW4zMiIsIkFOIjoiTWFpbCIsIldUIjoyfQ%3D%3D%7C0%7C%7C%7C&#038;sdata=a1Ekerc05h2jxIlFcS1eQ8R4o2w%2Fhissuwv9q5mFNbk%3D&#038;reserved=0\">critic\u00f3 duramente<\/a> al presidente de Ucrania Volodymyr Zelensky por no usar traje en la Casa Blanca, en un pol\u00e9mico evento en la Oficina Oval en febrero.<\/p>\n<p>Greene y Glenn se conocieron en 2022 y comenzaron a ser vistos p\u00fablicamente a principios del a\u00f1o siguiente, despu\u00e9s de que ambos iniciaran los tr\u00e1mites de divorcio de sus primeros matrimonios, seg\u00fan el <a href=\"https:\/\/nam11.safelinks.protection.outlook.com\/?url=https%3A%2F%2Fwww.washingtonpost.com%2Fstyle%2Fpower%2F2025%2F12%2F10%2Fmarjorie-taylor-greene-boyfriend-brian-glenn&#038;data=05%7C02%7Cclay.voytek%40cnn.com%7Cbae9363368194331912508de3c4b69fa%7C0eb48825e8714459bc72d0ecd68f1f39%7C0%7C0%7C639014491782643434%7CUnknown%7CTWFpbGZsb3d8eyJFbXB0eU1hcGkiOnRydWUsIlYiOiIwLjAuMDAwMCIsIlAiOiJXaW4zMiIsIkFOIjoiTWFpbCIsIldUIjoyfQ%3D%3D%7C0%7C%7C%7C&#038;sdata=Afz%2F%2B6%2FJyp6tY4Op6qq4Mk7YWeKhKUvVVgaMh6A8m6I%3D&#038;reserved=0\">Washington Post<\/a>.<\/p>\n<p>Los pr\u00f3ximos pasos en la carrera de Greene siguen siendo inciertos. CNN inform\u00f3 previamente que la congresista de Georgia, quien a principios de este a\u00f1o era considerada posible candidata para la re\u00f1ida contienda por el Senado de su estado, actualmente no tiene planes de postularse.<\/p>\n<p>The-CNN-Wire<br \/>&trade; &amp; &copy; 2025 Cable News Network, Inc., a Warner Bros. Discovery Company. All rights reserved.<\/p>\n","protected":false},"excerpt":{"rendered":"<p>La representante saliente de Georgia, Marjorie Taylor Greene, anunci\u00f3 el lunes su compromiso con Brian Glenn, un experto pro-Trump que trabaja para la cadena de noticias de extrema derecha Real America\u2019s Voice. \u201c\u00a1Felices para siempre!\u201d, public\u00f3 Greene en X. Glenn, principal corresponsal de la Casa Blanca para la cadena alineada con MAGA, tambi\u00e9n comparti\u00f3 el [&hellip;]<\/p>\n","protected":false},"author":0,"featured_media":0,"comment_status":"open","ping_status":"open","sticky":false,"template":"","format":"standard","meta":{"_jetpack_memberships_contains_paid_content":false,"footnotes":""},"categories":[10],"tags":[],"class_list":["post-1469306","post","type-post","status-publish","format-standard","hentry","category-noticias-nacionales","market-global"],"yoast_head":"<!-- This site is optimized with the Yoast SEO plugin v24.4 - https:\/\/yoast.com\/wordpress\/plugins\/seo\/ -->\n<title>Marjorie Taylor Greene anuncia su compromiso con una figura medi\u00e1tica pro-Trump - Noticias<\/title>\n<meta name=\"robots\" content=\"index, follow, max-snippet:-1, max-image-preview:large, max-video-preview:-1\" \/>\n<link rel=\"canonical\" href=\"https:\/\/noticiasya.com\/2025\/12\/16\/marjorie-taylor-greene-brian-glenn-trax\/\" \/>\n<meta property=\"og:locale\" content=\"es_ES\" \/>\n<meta property=\"og:type\" content=\"article\" \/>\n<meta property=\"og:title\" content=\"Marjorie Taylor Greene anuncia su compromiso con una figura medi\u00e1tica pro-Trump - Noticias\" \/>\n<meta property=\"og:description\" content=\"La representante saliente de Georgia, Marjorie Taylor Greene, anunci\u00f3 el lunes su compromiso con Brian Glenn, un experto pro-Trump que trabaja para la cadena de noticias de extrema derecha Real America\u2019s Voice. \u201c\u00a1Felices para siempre!\u201d, public\u00f3 Greene en X. Glenn, principal corresponsal de la Casa Blanca para la cadena alineada con MAGA, tambi\u00e9n comparti\u00f3 el [&hellip;]\" \/>\n<meta property=\"og:url\" content=\"https:\/\/noticiasya.com\/2025\/12\/16\/marjorie-taylor-greene-brian-glenn-trax\/\" \/>\n<meta property=\"og:site_name\" content=\"Noticias\" \/>\n<meta property=\"article:published_time\" content=\"2025-12-16T15:04:05+00:00\" \/>\n<meta name=\"twitter:card\" content=\"summary_large_image\" \/>\n<meta name=\"twitter:label1\" content=\"Est. reading time\" \/>\n\t<meta name=\"twitter:data1\" content=\"2 minutos\" \/>\n<script type=\"application\/ld+json\" class=\"yoast-schema-graph\">{\"@context\":\"https:\/\/schema.org\",\"@graph\":[{\"@type\":\"Article\",\"@id\":\"https:\/\/noticiasya.com\/2025\/12\/16\/marjorie-taylor-greene-brian-glenn-trax\/#article\",\"isPartOf\":{\"@id\":\"https:\/\/noticiasya.com\/2025\/12\/16\/marjorie-taylor-greene-brian-glenn-trax\/\"},\"author\":{\"name\":\"\",\"@id\":\"\"},\"headline\":\"Marjorie Taylor Greene anuncia su compromiso con una figura medi\u00e1tica pro-Trump\",\"datePublished\":\"2025-12-16T15:04:05+00:00\",\"mainEntityOfPage\":{\"@id\":\"https:\/\/noticiasya.com\/2025\/12\/16\/marjorie-taylor-greene-brian-glenn-trax\/\"},\"wordCount\":362,\"commentCount\":0,\"publisher\":{\"@id\":\"https:\/\/noticiasya.com\/#organization\"},\"articleSection\":[\"Noticias Nacionales\"],\"inLanguage\":\"es\",\"potentialAction\":[{\"@type\":\"CommentAction\",\"name\":\"Comment\",\"target\":[\"https:\/\/noticiasya.com\/2025\/12\/16\/marjorie-taylor-greene-brian-glenn-trax\/#respond\"]}]},{\"@type\":\"WebPage\",\"@id\":\"https:\/\/noticiasya.com\/2025\/12\/16\/marjorie-taylor-greene-brian-glenn-trax\/\",\"url\":\"https:\/\/noticiasya.com\/2025\/12\/16\/marjorie-taylor-greene-brian-glenn-trax\/\",\"name\":\"Marjorie Taylor Greene anuncia su compromiso con una figura medi\u00e1tica pro-Trump - Noticias\",\"isPartOf\":{\"@id\":\"https:\/\/noticiasya.com\/#website\"},\"datePublished\":\"2025-12-16T15:04:05+00:00\",\"breadcrumb\":{\"@id\":\"https:\/\/noticiasya.com\/2025\/12\/16\/marjorie-taylor-greene-brian-glenn-trax\/#breadcrumb\"},\"inLanguage\":\"es\",\"potentialAction\":[{\"@type\":\"ReadAction\",\"target\":[\"https:\/\/noticiasya.com\/2025\/12\/16\/marjorie-taylor-greene-brian-glenn-trax\/\"]}]},{\"@type\":\"BreadcrumbList\",\"@id\":\"https:\/\/noticiasya.com\/2025\/12\/16\/marjorie-taylor-greene-brian-glenn-trax\/#breadcrumb\",\"itemListElement\":[{\"@type\":\"ListItem\",\"position\":1,\"name\":\"Home\",\"item\":\"https:\/\/noticiasya.com\/\"},{\"@type\":\"ListItem\",\"position\":2,\"name\":\"Marjorie Taylor Greene anuncia su compromiso con una figura medi\u00e1tica pro-Trump\"}]},{\"@type\":\"WebSite\",\"@id\":\"https:\/\/noticiasya.com\/#website\",\"url\":\"https:\/\/noticiasya.com\/\",\"name\":\"Noticias\",\"description\":\"Lo que importa\",\"publisher\":{\"@id\":\"https:\/\/noticiasya.com\/#organization\"},\"potentialAction\":[{\"@type\":\"SearchAction\",\"target\":{\"@type\":\"EntryPoint\",\"urlTemplate\":\"https:\/\/noticiasya.com\/?s={search_term_string}\"},\"query-input\":{\"@type\":\"PropertyValueSpecification\",\"valueRequired\":true,\"valueName\":\"search_term_string\"}}],\"inLanguage\":\"es\"},{\"@type\":\"Organization\",\"@id\":\"https:\/\/noticiasya.com\/#organization\",\"name\":\"Noticias\",\"url\":\"https:\/\/noticiasya.com\/\",\"logo\":{\"@type\":\"ImageObject\",\"inLanguage\":\"es\",\"@id\":\"https:\/\/noticiasya.com\/#\/schema\/logo\/image\/\",\"url\":\"https:\/\/noticiasya.com\/wp-content\/uploads\/sites\/22\/2023\/12\/logo-nacional.png\",\"contentUrl\":\"https:\/\/noticiasya.com\/wp-content\/uploads\/sites\/22\/2023\/12\/logo-nacional.png\",\"width\":1801,\"height\":691,\"caption\":\"Noticias\"},\"image\":{\"@id\":\"https:\/\/noticiasya.com\/#\/schema\/logo\/image\/\"}}]}<\/script>\n<!-- \/ Yoast SEO plugin. -->","yoast_head_json":{"title":"Marjorie Taylor Greene anuncia su compromiso con una figura medi\u00e1tica pro-Trump - Noticias","robots":{"index":"index","follow":"follow","max-snippet":"max-snippet:-1","max-image-preview":"max-image-preview:large","max-video-preview":"max-video-preview:-1"},"canonical":"https:\/\/noticiasya.com\/2025\/12\/16\/marjorie-taylor-greene-brian-glenn-trax\/","og_locale":"es_ES","og_type":"article","og_title":"Marjorie Taylor Greene anuncia su compromiso con una figura medi\u00e1tica pro-Trump - Noticias","og_description":"La representante saliente de Georgia, Marjorie Taylor Greene, anunci\u00f3 el lunes su compromiso con Brian Glenn, un experto pro-Trump que trabaja para la cadena de noticias de extrema derecha Real America\u2019s Voice. \u201c\u00a1Felices para siempre!\u201d, public\u00f3 Greene en X. Glenn, principal corresponsal de la Casa Blanca para la cadena alineada con MAGA, tambi\u00e9n comparti\u00f3 el [&hellip;]","og_url":"https:\/\/noticiasya.com\/2025\/12\/16\/marjorie-taylor-greene-brian-glenn-trax\/","og_site_name":"Noticias","article_published_time":"2025-12-16T15:04:05+00:00","twitter_card":"summary_large_image","twitter_misc":{"Est. reading time":"2 minutos"},"schema":{"@context":"https:\/\/schema.org","@graph":[{"@type":"Article","@id":"https:\/\/noticiasya.com\/2025\/12\/16\/marjorie-taylor-greene-brian-glenn-trax\/#article","isPartOf":{"@id":"https:\/\/noticiasya.com\/2025\/12\/16\/marjorie-taylor-greene-brian-glenn-trax\/"},"author":{"name":"","@id":""},"headline":"Marjorie Taylor Greene anuncia su compromiso con una figura medi\u00e1tica pro-Trump","datePublished":"2025-12-16T15:04:05+00:00","mainEntityOfPage":{"@id":"https:\/\/noticiasya.com\/2025\/12\/16\/marjorie-taylor-greene-brian-glenn-trax\/"},"wordCount":362,"commentCount":0,"publisher":{"@id":"https:\/\/noticiasya.com\/#organization"},"articleSection":["Noticias Nacionales"],"inLanguage":"es","potentialAction":[{"@type":"CommentAction","name":"Comment","target":["https:\/\/noticiasya.com\/2025\/12\/16\/marjorie-taylor-greene-brian-glenn-trax\/#respond"]}]},{"@type":"WebPage","@id":"https:\/\/noticiasya.com\/2025\/12\/16\/marjorie-taylor-greene-brian-glenn-trax\/","url":"https:\/\/noticiasya.com\/2025\/12\/16\/marjorie-taylor-greene-brian-glenn-trax\/","name":"Marjorie Taylor Greene anuncia su compromiso con una figura medi\u00e1tica pro-Trump - Noticias","isPartOf":{"@id":"https:\/\/noticiasya.com\/#website"},"datePublished":"2025-12-16T15:04:05+00:00","breadcrumb":{"@id":"https:\/\/noticiasya.com\/2025\/12\/16\/marjorie-taylor-greene-brian-glenn-trax\/#breadcrumb"},"inLanguage":"es","potentialAction":[{"@type":"ReadAction","target":["https:\/\/noticiasya.com\/2025\/12\/16\/marjorie-taylor-greene-brian-glenn-trax\/"]}]},{"@type":"BreadcrumbList","@id":"https:\/\/noticiasya.com\/2025\/12\/16\/marjorie-taylor-greene-brian-glenn-trax\/#breadcrumb","itemListElement":[{"@type":"ListItem","position":1,"name":"Home","item":"https:\/\/noticiasya.com\/"},{"@type":"ListItem","position":2,"name":"Marjorie Taylor Greene anuncia su compromiso con una figura medi\u00e1tica pro-Trump"}]},{"@type":"WebSite","@id":"https:\/\/noticiasya.com\/#website","url":"https:\/\/noticiasya.com\/","name":"Noticias","description":"Lo que importa","publisher":{"@id":"https:\/\/noticiasya.com\/#organization"},"potentialAction":[{"@type":"SearchAction","target":{"@type":"EntryPoint","urlTemplate":"https:\/\/noticiasya.com\/?s={search_term_string}"},"query-input":{"@type":"PropertyValueSpecification","valueRequired":true,"valueName":"search_term_string"}}],"inLanguage":"es"},{"@type":"Organization","@id":"https:\/\/noticiasya.com\/#organization","name":"Noticias","url":"https:\/\/noticiasya.com\/","logo":{"@type":"ImageObject","inLanguage":"es","@id":"https:\/\/noticiasya.com\/#\/schema\/logo\/image\/","url":"https:\/\/noticiasya.com\/wp-content\/uploads\/sites\/22\/2023\/12\/logo-nacional.png","contentUrl":"https:\/\/noticiasya.com\/wp-content\/uploads\/sites\/22\/2023\/12\/logo-nacional.png","width":1801,"height":691,"caption":"Noticias"},"image":{"@id":"https:\/\/noticiasya.com\/#\/schema\/logo\/image\/"}}]}},"parsely":{"version":"1.1.0","canonical_url":"https:\/\/noticiasya.com\/midland-odessa\/2025\/12\/16\/marjorie-taylor-greene-brian-glenn-trax\/","smart_links":{"inbound":0,"outbound":0},"traffic_boost_suggestions_count":0,"meta":{"@context":"https:\/\/schema.org","@type":"NewsArticle","headline":"Marjorie Taylor Greene anuncia su compromiso con una figura medi\u00e1tica pro-Trump","url":"http:\/\/noticiasya.com\/midland-odessa\/2025\/12\/16\/marjorie-taylor-greene-brian-glenn-trax\/","mainEntityOfPage":{"@type":"WebPage","@id":"http:\/\/noticiasya.com\/midland-odessa\/2025\/12\/16\/marjorie-taylor-greene-brian-glenn-trax\/"},"thumbnailUrl":"","image":{"@type":"ImageObject","url":""},"articleSection":"Noticias Nacionales","author":[],"creator":[],"publisher":{"@type":"Organization","name":"Noticias","logo":""},"keywords":[],"dateCreated":"2025-12-16T15:04:05Z","datePublished":"2025-12-16T15:04:05Z","dateModified":"2025-12-16T15:04:05Z"},"rendered":"<script type=\"application\/ld+json\" class=\"wp-parsely-metadata\">{\"@context\":\"https:\\\/\\\/schema.org\",\"@type\":\"NewsArticle\",\"headline\":\"Marjorie Taylor Greene anuncia su compromiso con una figura medi\\u00e1tica pro-Trump\",\"url\":\"http:\\\/\\\/noticiasya.com\\\/midland-odessa\\\/2025\\\/12\\\/16\\\/marjorie-taylor-greene-brian-glenn-trax\\\/\",\"mainEntityOfPage\":{\"@type\":\"WebPage\",\"@id\":\"http:\\\/\\\/noticiasya.com\\\/midland-odessa\\\/2025\\\/12\\\/16\\\/marjorie-taylor-greene-brian-glenn-trax\\\/\"},\"thumbnailUrl\":\"\",\"image\":{\"@type\":\"ImageObject\",\"url\":\"\"},\"articleSection\":\"Noticias Nacionales\",\"author\":[],\"creator\":[],\"publisher\":{\"@type\":\"Organization\",\"name\":\"Noticias\",\"logo\":\"\"},\"keywords\":[],\"dateCreated\":\"2025-12-16T15:04:05Z\",\"datePublished\":\"2025-12-16T15:04:05Z\",\"dateModified\":\"2025-12-16T15:04:05Z\"}<\/script>","tracker_url":"https:\/\/cdn.parsely.com\/keys\/noticiasya.com\/p.js"},"jetpack_featured_media_url":"","jetpack-related-posts":[{"id":1468597,"url":"https:\/\/noticiasya.com\/midland-odessa\/2025\/11\/21\/representante-marjorie-taylor-greene-renunciara-enero-trax\/","url_meta":{"origin":1469306,"position":0},"title":"La representante republicana Marjorie Taylor Greene de Georgia renunciar\u00e1 en enero","author":"","date":"noviembre 21, 2025","format":false,"excerpt":"La representante del Partido Republicano por Georgia, Marjorie Taylor Greene, anunci\u00f3 este viernes que renunciar\u00e1 a su cargo en enero.Hizo el anuncio en una publicaci\u00f3n en redes sociales solo unos d\u00edas despu\u00e9s de su disputa p\u00fablica con el presidente de Estados Unidos, Donald Trump. El mandatario hab\u00eda retirado su apoyo\u2026","rel":"","context":"In &quot;Noticias Nacionales&quot;","block_context":{"text":"Noticias Nacionales","link":"https:\/\/noticiasya.com\/midland-odessa\/categoria\/noticias-nacionales"},"img":{"alt_text":"","src":"","width":0,"height":0},"classes":[]},{"id":1469064,"url":"https:\/\/noticiasya.com\/midland-odessa\/2025\/12\/08\/marjorie-taylor-greene-renuncia-desacuerdo-trump-trax\/","url_meta":{"origin":1469306,"position":1},"title":"Marjorie Taylor Greene se muestra desafiante desde que anunci\u00f3 su renuncia tras su desacuerdo con Trump","author":"","date":"diciembre 8, 2025","format":false,"excerpt":"La representante republicana Marjorie Taylor Greene se mantuvo desafiante en su primera entrevista desde que anunci\u00f3 su renuncia al Congreso, dejando en claro que no tiene miedo de hablar sobre los temas que hicieron que el presidente Donald Trump se sintiera \u201cfurioso\u201d con ella, incluido su apoyo a la publicaci\u00f3n\u2026","rel":"","context":"In &quot;Noticias Nacionales&quot;","block_context":{"text":"Noticias Nacionales","link":"https:\/\/noticiasya.com\/midland-odessa\/categoria\/noticias-nacionales"},"img":{"alt_text":"","src":"","width":0,"height":0},"classes":[]},{"id":1468405,"url":"https:\/\/noticiasya.com\/midland-odessa\/2025\/11\/16\/entrevista-marjorie-taylor-greene-politica-toxica-trax\/","url_meta":{"origin":1469306,"position":2},"title":"&#171;Humildemente, lo siento&#187;: Marjorie Taylor Greene dice que est\u00e1 cambiando tras a\u00f1os de comentarios divisivos","author":"","date":"noviembre 16, 2025","format":false,"excerpt":"La representante republicana Marjorie Taylor Greene dijo este domingo que dejar\u00e1 de usar ret\u00f3rica \u201ct\u00f3xica\u201d, lo que marcar\u00eda un cambio dr\u00e1stico en una figura pol\u00edtica caracterizada por comentarios despectivos.El compromiso surge en medio de una ruptura con Donald Trump que se ha hecho p\u00fablica, una en la que el presidente\u2026","rel":"","context":"In &quot;Noticias Nacionales&quot;","block_context":{"text":"Noticias Nacionales","link":"https:\/\/noticiasya.com\/midland-odessa\/categoria\/noticias-nacionales"},"img":{"alt_text":"","src":"","width":0,"height":0},"classes":[]},{"id":1468530,"url":"https:\/\/noticiasya.com\/midland-odessa\/2025\/11\/20\/democratas-debaten-nueva-marjorie-taylor-greene-trax\/","url_meta":{"origin":1469306,"position":3},"title":"Los dem\u00f3cratas debaten c\u00f3mo abordar a la nueva Marjorie Taylor Greene","author":"","date":"noviembre 20, 2025","format":false,"excerpt":"La representante dem\u00f3crata Jasmine Crockett vio a la representante republicana Marjorie Taylor Greene disculparse en la televisi\u00f3n nacional por su papel en la perpetuaci\u00f3n de una ret\u00f3rica divisiva e inmediatamente instruy\u00f3 a su personal para que averiguara si la republicana de Georgia quer\u00eda trabajar con ella en un proyecto de\u2026","rel":"","context":"In &quot;Noticias Nacionales&quot;","block_context":{"text":"Noticias Nacionales","link":"https:\/\/noticiasya.com\/midland-odessa\/categoria\/noticias-nacionales"},"img":{"alt_text":"","src":"","width":0,"height":0},"classes":[]},{"id":1472945,"url":"https:\/\/noticiasya.com\/midland-odessa\/2026\/04\/07\/republicano-clay-fuller-reemplazo-marjorie-taylor-greene-georgia-trax\/","url_meta":{"origin":1469306,"position":4},"title":"El republicano Clay Fuller ganar\u00e1 la elecci\u00f3n especial para reemplazar a Marjorie Taylor Greene en Georgia, proyecta CNN","author":"","date":"abril 7, 2026","format":false,"excerpt":"El republicano Clay Fuller ganar\u00e1 la segunda vuelta de la elecci\u00f3n especial en el 14.\u00ba Distrito Congresional de Georgia para reemplazar a la exrepresentante republicana Marjorie Taylor Greene, proyecta CNN, frustrando las esperanzas dem\u00f3cratas de una victoria sorpresiva y permitiendo a los republicanos nacionales respirar aliviados.Fuller derrotar\u00e1 al dem\u00f3crata Shawn\u2026","rel":"","context":"In &quot;Noticias Nacionales&quot;","block_context":{"text":"Noticias Nacionales","link":"https:\/\/noticiasya.com\/midland-odessa\/categoria\/noticias-nacionales"},"img":{"alt_text":"","src":"","width":0,"height":0},"classes":[]},{"id":1468416,"url":"https:\/\/noticiasya.com\/midland-odessa\/2025\/11\/17\/analisis-marjorie-taylor-greene-revuelta-trump-trax\/","url_meta":{"origin":1469306,"position":5},"title":"Lo que la revuelta pol\u00edtica de Marjorie Taylor Greene podr\u00eda decir sobre Trump","author":"","date":"noviembre 17, 2025","format":false,"excerpt":"Marjorie Taylor Greene hizo algo que los pol\u00edticos casi nunca hacen: dijo que lo sent\u00eda.La representante de Georgia repudi\u00f3 el domingo su papel en la intensificaci\u00f3n de la pol\u00edtica envenenada del pa\u00eds, en su m\u00e1s reciente y marcada ruptura con el presidente Donald Trump y su ret\u00f3rica provocadora, profundizando as\u00ed\u2026","rel":"","context":"In &quot;Noticias Nacionales&quot;","block_context":{"text":"Noticias Nacionales","link":"https:\/\/noticiasya.com\/midland-odessa\/categoria\/noticias-nacionales"},"img":{"alt_text":"","src":"","width":0,"height":0},"classes":[]}],"jetpack_sharing_enabled":true,"_links":{"self":[{"href":"https:\/\/noticiasya.com\/midland-odessa\/wp-json\/wp\/v2\/posts\/1469306","targetHints":{"allow":["GET"]}}],"collection":[{"href":"https:\/\/noticiasya.com\/midland-odessa\/wp-json\/wp\/v2\/posts"}],"about":[{"href":"https:\/\/noticiasya.com\/midland-odessa\/wp-json\/wp\/v2\/types\/post"}],"replies":[{"embeddable":true,"href":"https:\/\/noticiasya.com\/midland-odessa\/wp-json\/wp\/v2\/comments?post=1469306"}],"version-history":[{"count":0,"href":"https:\/\/noticiasya.com\/midland-odessa\/wp-json\/wp\/v2\/posts\/1469306\/revisions"}],"wp:attachment":[{"href":"https:\/\/noticiasya.com\/midland-odessa\/wp-json\/wp\/v2\/media?parent=1469306"}],"wp:term":[{"taxonomy":"category","embeddable":true,"href":"https:\/\/noticiasya.com\/midland-odessa\/wp-json\/wp\/v2\/categories?post=1469306"},{"taxonomy":"post_tag","embeddable":true,"href":"https:\/\/noticiasya.com\/midland-odessa\/wp-json\/wp\/v2\/tags?post=1469306"}],"curies":[{"name":"wp","href":"https:\/\/api.w.org\/{rel}","templated":true}]}}