{"id":1469309,"date":"2025-12-16T08:03:45","date_gmt":"2025-12-16T16:03:45","guid":{"rendered":"https:\/\/noticiasya.com\/2025\/12\/16\/miss-universo-fatima-bosch-regreso-tabasco-orix\/"},"modified":"2025-12-16T08:03:45","modified_gmt":"2025-12-16T16:03:45","slug":"miss-universo-fatima-bosch-regreso-tabasco-orix","status":"publish","type":"post","link":"https:\/\/noticiasya.com\/midland-odessa\/2025\/12\/16\/miss-universo-fatima-bosch-regreso-tabasco-orix\/","title":{"rendered":"Tras las pol\u00e9micas en Miss Universo, F\u00e1tima Bosch regres\u00f3 a Tabasco, M\u00e9xico, con aire triunfal"},"content":{"rendered":"<p>La pol\u00e9mica no ha cesado entorno a F\u00e1tima Bosch, ganadora de Miss Universo. A su llegada al aeropuerto de la Ciudad de M\u00e9xico fue abordada por reporteros de la prensa de espect\u00e1culos quienes cuestionaron la legitimidad de su corona, a lo que la tabasque\u00f1a se limit\u00f3 a decir \u201cya no voy a dar declaraciones sobre el tema\u201d. Visiblemente molesta, abord\u00f3 un veh\u00edculo que la esperaba afuera y parti\u00f3.<\/p>\n<p>Pero los ataques dieron tregua en su tierra natal. La cuarta mexicana en ganar la corona de Miss Universo recorri\u00f3 las calles de Villahermosa, Tabasco, a bordo de un carro aleg\u00f3rico, saludando a miles de seguidores que desde temprana hora este domingo se formaron para ver pasar a la reina de belleza en su primer evento p\u00fablico desde su regreso a M\u00e9xico.<\/p>\n<p>\u201cNuestro apoyo lo va a tener 100 por ciento\u201d, afirm\u00f3 contundente una de las asistentes al desfile este domingo.<\/p>\n<p>Por primera vez, Tabasco tiene una Miss Universo, un motivo de orgullo para sus habitantes. Por las calles resonaron porras en apoyo a F\u00e1tima, ni\u00f1as vestidas de reinas de belleza emulando el deseo de seguir los pasos de la ganadora del certamen de belleza m\u00e1s importante del mundo.<\/p>\n<p>\u201cLa amamos much\u00edsimo porque es una chica, muy natural, tiene las bondades de una mujer hermosa y queremos recibirla con mucho amor\u201d, expres\u00f3 una de las asistentes a este evento en Tabasco.<\/p>\n<p>Las cualidades de la joven de 25 a\u00f1os han resaltado en momentos dif\u00edciles. Desde su triunfo en la edici\u00f3n 74 de Miss Universo en Tailandia, Bosch ha sido blanco de cr\u00edticas, catapultadas por se\u00f1alamientos de uno de los jueces del certamen, quien acus\u00f3 supuesto favoritismo por la mexicana.<\/p>\n<p>En diversas ocasiones Bosch fue cuestionada sobre el tema, a lo que ella respondi\u00f3 que su propio esfuerzo la llev\u00f3 a ganar esta corona.<\/p>\n<p>La ganadora del concurso fue respaldada por la presidenta de M\u00e9xico, Claudia Sheinbaum, quien reconoci\u00f3 la valent\u00eda de la tabasque\u00f1a al abandonar el sal\u00f3n donde el director de Miss Grand y empresario tailand\u00e9s, Nawat Itsaragisil, la reprendi\u00f3 groseramente por no hacer suficientes publicaciones en sus redes sociales para publicitar el concurso y la llam\u00f3 \u201ctonta\u201d, aunque luego dijo que esos no fueron sus t\u00e9rminos.<\/p>\n<p>\u201cLas mujeres nos vemos m\u00e1s bonitas cuando alzamos la voz y participamos; eso tiene que ver con el reconocimiento de nuestros derechos, mi reconocimiento a esta joven\u201d, defendi\u00f3 Sheinbaum en una de sus conferencias matutinas.<\/p>\n<p>La presidenta de M\u00e9xico tambi\u00e9n sostuvo que el triunfo de Bosch es independiente de las acusaciones que rezan sobre el copropietario de Miss Universo, Ra\u00fal Rocha Cant\u00fa, quien enfrenta un proceso legal en M\u00e9xico por presunto contrabando de combustible y tr\u00e1fico de armas. CNN ha contactado anteriormente a la organizaci\u00f3n de Miss Universo y al abogado de Rocha Cant\u00fa para solicitar comentarios sobre las acusaciones, pero no ha obtenido respuesta.<\/p>\n<p>The-CNN-Wire<br \/>&trade; &amp; &copy; 2025 Cable News Network, Inc., a Warner Bros. Discovery Company. All rights reserved.<\/p>\n","protected":false},"excerpt":{"rendered":"<p>La pol\u00e9mica no ha cesado entorno a F\u00e1tima Bosch, ganadora de Miss Universo. A su llegada al aeropuerto de la Ciudad de M\u00e9xico fue abordada por reporteros de la prensa de espect\u00e1culos quienes cuestionaron la legitimidad de su corona, a lo que la tabasque\u00f1a se limit\u00f3 a decir \u201cya no voy a dar declaraciones sobre [&hellip;]<\/p>\n","protected":false},"author":0,"featured_media":0,"comment_status":"open","ping_status":"open","sticky":false,"template":"","format":"standard","meta":{"_jetpack_memberships_contains_paid_content":false,"footnotes":""},"categories":[10],"tags":[],"class_list":["post-1469309","post","type-post","status-publish","format-standard","hentry","category-noticias-nacionales","market-global"],"yoast_head":"<!-- This site is optimized with the Yoast SEO plugin v24.4 - https:\/\/yoast.com\/wordpress\/plugins\/seo\/ -->\n<title>Tras las pol\u00e9micas en Miss Universo, F\u00e1tima Bosch regres\u00f3 a Tabasco, M\u00e9xico, con aire triunfal - Noticias<\/title>\n<meta name=\"robots\" content=\"index, follow, max-snippet:-1, max-image-preview:large, max-video-preview:-1\" \/>\n<link rel=\"canonical\" href=\"https:\/\/noticiasya.com\/2025\/12\/16\/miss-universo-fatima-bosch-regreso-tabasco-orix\/\" \/>\n<meta property=\"og:locale\" content=\"es_ES\" \/>\n<meta property=\"og:type\" content=\"article\" \/>\n<meta property=\"og:title\" content=\"Tras las pol\u00e9micas en Miss Universo, F\u00e1tima Bosch regres\u00f3 a Tabasco, M\u00e9xico, con aire triunfal - Noticias\" \/>\n<meta property=\"og:description\" content=\"La pol\u00e9mica no ha cesado entorno a F\u00e1tima Bosch, ganadora de Miss Universo. A su llegada al aeropuerto de la Ciudad de M\u00e9xico fue abordada por reporteros de la prensa de espect\u00e1culos quienes cuestionaron la legitimidad de su corona, a lo que la tabasque\u00f1a se limit\u00f3 a decir \u201cya no voy a dar declaraciones sobre [&hellip;]\" \/>\n<meta property=\"og:url\" content=\"https:\/\/noticiasya.com\/2025\/12\/16\/miss-universo-fatima-bosch-regreso-tabasco-orix\/\" \/>\n<meta property=\"og:site_name\" content=\"Noticias\" \/>\n<meta property=\"article:published_time\" content=\"2025-12-16T16:03:45+00:00\" \/>\n<meta name=\"twitter:card\" content=\"summary_large_image\" \/>\n<meta name=\"twitter:label1\" content=\"Est. reading time\" \/>\n\t<meta name=\"twitter:data1\" content=\"3 minutos\" \/>\n<script type=\"application\/ld+json\" class=\"yoast-schema-graph\">{\"@context\":\"https:\/\/schema.org\",\"@graph\":[{\"@type\":\"Article\",\"@id\":\"https:\/\/noticiasya.com\/2025\/12\/16\/miss-universo-fatima-bosch-regreso-tabasco-orix\/#article\",\"isPartOf\":{\"@id\":\"https:\/\/noticiasya.com\/2025\/12\/16\/miss-universo-fatima-bosch-regreso-tabasco-orix\/\"},\"author\":{\"name\":\"\",\"@id\":\"\"},\"headline\":\"Tras las pol\u00e9micas en Miss Universo, F\u00e1tima Bosch regres\u00f3 a Tabasco, M\u00e9xico, con aire triunfal\",\"datePublished\":\"2025-12-16T16:03:45+00:00\",\"mainEntityOfPage\":{\"@id\":\"https:\/\/noticiasya.com\/2025\/12\/16\/miss-universo-fatima-bosch-regreso-tabasco-orix\/\"},\"wordCount\":532,\"commentCount\":0,\"publisher\":{\"@id\":\"https:\/\/noticiasya.com\/#organization\"},\"articleSection\":[\"Noticias Nacionales\"],\"inLanguage\":\"es\",\"potentialAction\":[{\"@type\":\"CommentAction\",\"name\":\"Comment\",\"target\":[\"https:\/\/noticiasya.com\/2025\/12\/16\/miss-universo-fatima-bosch-regreso-tabasco-orix\/#respond\"]}]},{\"@type\":\"WebPage\",\"@id\":\"https:\/\/noticiasya.com\/2025\/12\/16\/miss-universo-fatima-bosch-regreso-tabasco-orix\/\",\"url\":\"https:\/\/noticiasya.com\/2025\/12\/16\/miss-universo-fatima-bosch-regreso-tabasco-orix\/\",\"name\":\"Tras las pol\u00e9micas en Miss Universo, F\u00e1tima Bosch regres\u00f3 a Tabasco, M\u00e9xico, con aire triunfal - Noticias\",\"isPartOf\":{\"@id\":\"https:\/\/noticiasya.com\/#website\"},\"datePublished\":\"2025-12-16T16:03:45+00:00\",\"breadcrumb\":{\"@id\":\"https:\/\/noticiasya.com\/2025\/12\/16\/miss-universo-fatima-bosch-regreso-tabasco-orix\/#breadcrumb\"},\"inLanguage\":\"es\",\"potentialAction\":[{\"@type\":\"ReadAction\",\"target\":[\"https:\/\/noticiasya.com\/2025\/12\/16\/miss-universo-fatima-bosch-regreso-tabasco-orix\/\"]}]},{\"@type\":\"BreadcrumbList\",\"@id\":\"https:\/\/noticiasya.com\/2025\/12\/16\/miss-universo-fatima-bosch-regreso-tabasco-orix\/#breadcrumb\",\"itemListElement\":[{\"@type\":\"ListItem\",\"position\":1,\"name\":\"Home\",\"item\":\"https:\/\/noticiasya.com\/\"},{\"@type\":\"ListItem\",\"position\":2,\"name\":\"Tras las pol\u00e9micas en Miss Universo, F\u00e1tima Bosch regres\u00f3 a Tabasco, M\u00e9xico, con aire triunfal\"}]},{\"@type\":\"WebSite\",\"@id\":\"https:\/\/noticiasya.com\/#website\",\"url\":\"https:\/\/noticiasya.com\/\",\"name\":\"Noticias\",\"description\":\"Lo que importa\",\"publisher\":{\"@id\":\"https:\/\/noticiasya.com\/#organization\"},\"potentialAction\":[{\"@type\":\"SearchAction\",\"target\":{\"@type\":\"EntryPoint\",\"urlTemplate\":\"https:\/\/noticiasya.com\/?s={search_term_string}\"},\"query-input\":{\"@type\":\"PropertyValueSpecification\",\"valueRequired\":true,\"valueName\":\"search_term_string\"}}],\"inLanguage\":\"es\"},{\"@type\":\"Organization\",\"@id\":\"https:\/\/noticiasya.com\/#organization\",\"name\":\"Noticias\",\"url\":\"https:\/\/noticiasya.com\/\",\"logo\":{\"@type\":\"ImageObject\",\"inLanguage\":\"es\",\"@id\":\"https:\/\/noticiasya.com\/#\/schema\/logo\/image\/\",\"url\":\"https:\/\/noticiasya.com\/wp-content\/uploads\/sites\/22\/2023\/12\/logo-nacional.png\",\"contentUrl\":\"https:\/\/noticiasya.com\/wp-content\/uploads\/sites\/22\/2023\/12\/logo-nacional.png\",\"width\":1801,\"height\":691,\"caption\":\"Noticias\"},\"image\":{\"@id\":\"https:\/\/noticiasya.com\/#\/schema\/logo\/image\/\"}}]}<\/script>\n<!-- \/ Yoast SEO plugin. -->","yoast_head_json":{"title":"Tras las pol\u00e9micas en Miss Universo, F\u00e1tima Bosch regres\u00f3 a Tabasco, M\u00e9xico, con aire triunfal - Noticias","robots":{"index":"index","follow":"follow","max-snippet":"max-snippet:-1","max-image-preview":"max-image-preview:large","max-video-preview":"max-video-preview:-1"},"canonical":"https:\/\/noticiasya.com\/2025\/12\/16\/miss-universo-fatima-bosch-regreso-tabasco-orix\/","og_locale":"es_ES","og_type":"article","og_title":"Tras las pol\u00e9micas en Miss Universo, F\u00e1tima Bosch regres\u00f3 a Tabasco, M\u00e9xico, con aire triunfal - Noticias","og_description":"La pol\u00e9mica no ha cesado entorno a F\u00e1tima Bosch, ganadora de Miss Universo. A su llegada al aeropuerto de la Ciudad de M\u00e9xico fue abordada por reporteros de la prensa de espect\u00e1culos quienes cuestionaron la legitimidad de su corona, a lo que la tabasque\u00f1a se limit\u00f3 a decir \u201cya no voy a dar declaraciones sobre [&hellip;]","og_url":"https:\/\/noticiasya.com\/2025\/12\/16\/miss-universo-fatima-bosch-regreso-tabasco-orix\/","og_site_name":"Noticias","article_published_time":"2025-12-16T16:03:45+00:00","twitter_card":"summary_large_image","twitter_misc":{"Est. reading time":"3 minutos"},"schema":{"@context":"https:\/\/schema.org","@graph":[{"@type":"Article","@id":"https:\/\/noticiasya.com\/2025\/12\/16\/miss-universo-fatima-bosch-regreso-tabasco-orix\/#article","isPartOf":{"@id":"https:\/\/noticiasya.com\/2025\/12\/16\/miss-universo-fatima-bosch-regreso-tabasco-orix\/"},"author":{"name":"","@id":""},"headline":"Tras las pol\u00e9micas en Miss Universo, F\u00e1tima Bosch regres\u00f3 a Tabasco, M\u00e9xico, con aire triunfal","datePublished":"2025-12-16T16:03:45+00:00","mainEntityOfPage":{"@id":"https:\/\/noticiasya.com\/2025\/12\/16\/miss-universo-fatima-bosch-regreso-tabasco-orix\/"},"wordCount":532,"commentCount":0,"publisher":{"@id":"https:\/\/noticiasya.com\/#organization"},"articleSection":["Noticias Nacionales"],"inLanguage":"es","potentialAction":[{"@type":"CommentAction","name":"Comment","target":["https:\/\/noticiasya.com\/2025\/12\/16\/miss-universo-fatima-bosch-regreso-tabasco-orix\/#respond"]}]},{"@type":"WebPage","@id":"https:\/\/noticiasya.com\/2025\/12\/16\/miss-universo-fatima-bosch-regreso-tabasco-orix\/","url":"https:\/\/noticiasya.com\/2025\/12\/16\/miss-universo-fatima-bosch-regreso-tabasco-orix\/","name":"Tras las pol\u00e9micas en Miss Universo, F\u00e1tima Bosch regres\u00f3 a Tabasco, M\u00e9xico, con aire triunfal - Noticias","isPartOf":{"@id":"https:\/\/noticiasya.com\/#website"},"datePublished":"2025-12-16T16:03:45+00:00","breadcrumb":{"@id":"https:\/\/noticiasya.com\/2025\/12\/16\/miss-universo-fatima-bosch-regreso-tabasco-orix\/#breadcrumb"},"inLanguage":"es","potentialAction":[{"@type":"ReadAction","target":["https:\/\/noticiasya.com\/2025\/12\/16\/miss-universo-fatima-bosch-regreso-tabasco-orix\/"]}]},{"@type":"BreadcrumbList","@id":"https:\/\/noticiasya.com\/2025\/12\/16\/miss-universo-fatima-bosch-regreso-tabasco-orix\/#breadcrumb","itemListElement":[{"@type":"ListItem","position":1,"name":"Home","item":"https:\/\/noticiasya.com\/"},{"@type":"ListItem","position":2,"name":"Tras las pol\u00e9micas en Miss Universo, F\u00e1tima Bosch regres\u00f3 a Tabasco, M\u00e9xico, con aire triunfal"}]},{"@type":"WebSite","@id":"https:\/\/noticiasya.com\/#website","url":"https:\/\/noticiasya.com\/","name":"Noticias","description":"Lo que importa","publisher":{"@id":"https:\/\/noticiasya.com\/#organization"},"potentialAction":[{"@type":"SearchAction","target":{"@type":"EntryPoint","urlTemplate":"https:\/\/noticiasya.com\/?s={search_term_string}"},"query-input":{"@type":"PropertyValueSpecification","valueRequired":true,"valueName":"search_term_string"}}],"inLanguage":"es"},{"@type":"Organization","@id":"https:\/\/noticiasya.com\/#organization","name":"Noticias","url":"https:\/\/noticiasya.com\/","logo":{"@type":"ImageObject","inLanguage":"es","@id":"https:\/\/noticiasya.com\/#\/schema\/logo\/image\/","url":"https:\/\/noticiasya.com\/wp-content\/uploads\/sites\/22\/2023\/12\/logo-nacional.png","contentUrl":"https:\/\/noticiasya.com\/wp-content\/uploads\/sites\/22\/2023\/12\/logo-nacional.png","width":1801,"height":691,"caption":"Noticias"},"image":{"@id":"https:\/\/noticiasya.com\/#\/schema\/logo\/image\/"}}]}},"parsely":{"version":"1.1.0","canonical_url":"https:\/\/noticiasya.com\/midland-odessa\/2025\/12\/16\/miss-universo-fatima-bosch-regreso-tabasco-orix\/","smart_links":{"inbound":0,"outbound":0},"traffic_boost_suggestions_count":0,"meta":{"@context":"https:\/\/schema.org","@type":"NewsArticle","headline":"Tras las pol\u00e9micas en Miss Universo, F\u00e1tima Bosch regres\u00f3 a Tabasco, M\u00e9xico, con aire triunfal","url":"http:\/\/noticiasya.com\/midland-odessa\/2025\/12\/16\/miss-universo-fatima-bosch-regreso-tabasco-orix\/","mainEntityOfPage":{"@type":"WebPage","@id":"http:\/\/noticiasya.com\/midland-odessa\/2025\/12\/16\/miss-universo-fatima-bosch-regreso-tabasco-orix\/"},"thumbnailUrl":"","image":{"@type":"ImageObject","url":""},"articleSection":"Noticias Nacionales","author":[],"creator":[],"publisher":{"@type":"Organization","name":"Noticias","logo":""},"keywords":[],"dateCreated":"2025-12-16T16:03:45Z","datePublished":"2025-12-16T16:03:45Z","dateModified":"2025-12-16T16:03:45Z"},"rendered":"<script type=\"application\/ld+json\" class=\"wp-parsely-metadata\">{\"@context\":\"https:\\\/\\\/schema.org\",\"@type\":\"NewsArticle\",\"headline\":\"Tras las pol\\u00e9micas en Miss Universo, F\\u00e1tima Bosch regres\\u00f3 a Tabasco, M\\u00e9xico, con aire triunfal\",\"url\":\"http:\\\/\\\/noticiasya.com\\\/midland-odessa\\\/2025\\\/12\\\/16\\\/miss-universo-fatima-bosch-regreso-tabasco-orix\\\/\",\"mainEntityOfPage\":{\"@type\":\"WebPage\",\"@id\":\"http:\\\/\\\/noticiasya.com\\\/midland-odessa\\\/2025\\\/12\\\/16\\\/miss-universo-fatima-bosch-regreso-tabasco-orix\\\/\"},\"thumbnailUrl\":\"\",\"image\":{\"@type\":\"ImageObject\",\"url\":\"\"},\"articleSection\":\"Noticias Nacionales\",\"author\":[],\"creator\":[],\"publisher\":{\"@type\":\"Organization\",\"name\":\"Noticias\",\"logo\":\"\"},\"keywords\":[],\"dateCreated\":\"2025-12-16T16:03:45Z\",\"datePublished\":\"2025-12-16T16:03:45Z\",\"dateModified\":\"2025-12-16T16:03:45Z\"}<\/script>","tracker_url":"https:\/\/cdn.parsely.com\/keys\/noticiasya.com\/p.js"},"jetpack_featured_media_url":"","jetpack-related-posts":[{"id":1468700,"url":"https:\/\/noticiasya.com\/midland-odessa\/2025\/11\/25\/corona-polemica-fatima-bosch-miss-universo-acusaciones-orix\/","url_meta":{"origin":1469309,"position":0},"title":"Una corona pol\u00e9mica: c\u00f3mo el triunfo de F\u00e1tima Bosch en Miss Universo desat\u00f3 acusaciones de presunto favoritismo","author":"","date":"noviembre 25, 2025","format":false,"excerpt":"El triunfo de F\u00e1tima Bosch en el certamen de Miss Universo de 2025 desat\u00f3 una celebraci\u00f3n masiva en Tabasco, su estado natal, donde cientos siguieron la final desde el estadio local.Pero la victoria de esta mexicana de 25 a\u00f1os pronto qued\u00f3 envuelta en se\u00f1alamientos sobre presuntos favoritismos, contratos millonarios de\u2026","rel":"","context":"In &quot;Noticias Nacionales&quot;","block_context":{"text":"Noticias Nacionales","link":"https:\/\/noticiasya.com\/midland-odessa\/categoria\/noticias-nacionales"},"img":{"alt_text":"","src":"","width":0,"height":0},"classes":[]},{"id":1468579,"url":"https:\/\/noticiasya.com\/midland-odessa\/2025\/11\/21\/quien-fatima-bosch-miss-universo-orix\/","url_meta":{"origin":1469309,"position":1},"title":"Qui\u00e9n es F\u00e1tima Bosch, la nueva Miss Universo: de Tabasco al triunfo en Tailandia entre controversias","author":"","date":"noviembre 21, 2025","format":false,"excerpt":"F\u00e1tima Bosch es la modelo y reina de belleza mexicana que alcanz\u00f3 fama internacional en noviembre de 2025 al ganar Miss Universo 2025. Su victoria ha tenido una amplia cobertura medi\u00e1tica debido a la pol\u00e9mica suscitada por un director del certamen tailand\u00e9s que la reprendi\u00f3 p\u00fablicamente, lo que llev\u00f3 a\u2026","rel":"","context":"In &quot;Noticias Nacionales&quot;","block_context":{"text":"Noticias Nacionales","link":"https:\/\/noticiasya.com\/midland-odessa\/categoria\/noticias-nacionales"},"img":{"alt_text":"","src":"","width":0,"height":0},"classes":[]},{"id":1468987,"url":"https:\/\/noticiasya.com\/midland-odessa\/2025\/12\/04\/fatima-bosch-rechaza-acusacion-favoritismo-miss-universo-orix\/","url_meta":{"origin":1469309,"position":2},"title":"Mexicana F\u00e1tima Bosch rechaza acusaci\u00f3n de favoritismo por su triunfo en Miss Universo. &#171;Verdad solo hay una&#187;, dice a CNN","author":"","date":"diciembre 4, 2025","format":false,"excerpt":"A dos semanas de ganar el certamen de Miss Universo realizado en Tailandia, la mexicana F\u00e1tima Bosch rechaz\u00f3 este jueves las acusaciones de que hubo favoritismo en su triunfo, que fueron lanzadas por un juez del concurso y difundidas por diversos usuarios de redes sociales.En una entrevista con Gabriela Fr\u00edas\u2026","rel":"","context":"In &quot;Noticias Nacionales&quot;","block_context":{"text":"Noticias Nacionales","link":"https:\/\/noticiasya.com\/midland-odessa\/categoria\/noticias-nacionales"},"img":{"alt_text":"","src":"","width":0,"height":0},"classes":[]},{"id":1468584,"url":"https:\/\/noticiasya.com\/midland-odessa\/2025\/11\/21\/claudia-sheinbaum-fatima-bosch-miss-universo-mexico-orix\/","url_meta":{"origin":1469309,"position":3},"title":"Sheinbaum sobre Bosch, ganadora de Miss Universo: &#171;Me gust\u00f3 de ella que levanta la voz cuando siente que hay una injusticia&#187;","author":"","date":"noviembre 21, 2025","format":false,"excerpt":"La presidenta de M\u00e9xico, Claudia Sheinbaum, elogi\u00f3 a la ganadora de Miss Universo, la mexicana F\u00e1tima Bosch.\u201cA m\u00ed me gust\u00f3 de ella que levanta la voz cuando siente que hay una injusticia\u201d, dijo Sheinbaum en su conferencia de prensa matutina.\u201cEso es un ejemplo para todas y todos los mexicanos y\u2026","rel":"","context":"In &quot;Noticias Nacionales&quot;","block_context":{"text":"Noticias Nacionales","link":"https:\/\/noticiasya.com\/midland-odessa\/categoria\/noticias-nacionales"},"img":{"alt_text":"","src":"","width":0,"height":0},"classes":[]},{"id":1468106,"url":"https:\/\/noticiasya.com\/midland-odessa\/2025\/11\/06\/maltrato-concursante-mexicana-miss-universo-orix\/","url_meta":{"origin":1469309,"position":4},"title":"&#171;La corona no debe costar la dignidad&#187;: ola de repudio tras maltrato de directivo de Miss Universo a concursante de M\u00e9xico","author":"","date":"noviembre 6, 2025","format":false,"excerpt":"Una ola de cuestionamientos y rechazos siguieron al episodio de maltrato de parte de un directivo de Miss Universo en Tailandia a la concursante de M\u00e9xico, F\u00e1tima Bosch.La modelo y participante del certamen, de 25 a\u00f1os y oriunda del estado mexicano de Tabasco, denunci\u00f3 en redes sociales el martes que\u2026","rel":"","context":"In &quot;Noticias Nacionales&quot;","block_context":{"text":"Noticias Nacionales","link":"https:\/\/noticiasya.com\/midland-odessa\/categoria\/noticias-nacionales"},"img":{"alt_text":"","src":"","width":0,"height":0},"classes":[]},{"id":1468566,"url":"https:\/\/noticiasya.com\/midland-odessa\/2025\/11\/20\/gana-miss-universo-2025-trax\/","url_meta":{"origin":1469309,"position":5},"title":"F\u00e1tima Bosch, representante de M\u00e9xico, gana Miss Universo 2025","author":"","date":"noviembre 20, 2025","format":false,"excerpt":"La mexicana F\u00e1tima Bosch gan\u00f3 el certamen de belleza Miss Universo 2025. Bosch se convirti\u00f3 en una de las favoritas del p\u00fablico despu\u00e9s de ser reprendida por un director tailand\u00e9s del certamen durante una reuni\u00f3n transmitida en vivo, lo que provoc\u00f3 que las concursantes abandonaran el evento.Praveenar Singh de Tailandia\u2026","rel":"","context":"In &quot;Noticias Nacionales&quot;","block_context":{"text":"Noticias Nacionales","link":"https:\/\/noticiasya.com\/midland-odessa\/categoria\/noticias-nacionales"},"img":{"alt_text":"","src":"","width":0,"height":0},"classes":[]}],"jetpack_sharing_enabled":true,"_links":{"self":[{"href":"https:\/\/noticiasya.com\/midland-odessa\/wp-json\/wp\/v2\/posts\/1469309","targetHints":{"allow":["GET"]}}],"collection":[{"href":"https:\/\/noticiasya.com\/midland-odessa\/wp-json\/wp\/v2\/posts"}],"about":[{"href":"https:\/\/noticiasya.com\/midland-odessa\/wp-json\/wp\/v2\/types\/post"}],"replies":[{"embeddable":true,"href":"https:\/\/noticiasya.com\/midland-odessa\/wp-json\/wp\/v2\/comments?post=1469309"}],"version-history":[{"count":0,"href":"https:\/\/noticiasya.com\/midland-odessa\/wp-json\/wp\/v2\/posts\/1469309\/revisions"}],"wp:attachment":[{"href":"https:\/\/noticiasya.com\/midland-odessa\/wp-json\/wp\/v2\/media?parent=1469309"}],"wp:term":[{"taxonomy":"category","embeddable":true,"href":"https:\/\/noticiasya.com\/midland-odessa\/wp-json\/wp\/v2\/categories?post=1469309"},{"taxonomy":"post_tag","embeddable":true,"href":"https:\/\/noticiasya.com\/midland-odessa\/wp-json\/wp\/v2\/tags?post=1469309"}],"curies":[{"name":"wp","href":"https:\/\/api.w.org\/{rel}","templated":true}]}}