{"id":1469310,"date":"2025-12-16T10:03:47","date_gmt":"2025-12-16T18:03:47","guid":{"rendered":"https:\/\/noticiasya.com\/2025\/12\/16\/designa-colombiano-clan-del-golfo-organizacion-terrorista-14-grupos-latinoamericanos-orix\/"},"modified":"2025-12-16T10:03:47","modified_gmt":"2025-12-16T18:03:47","slug":"designa-colombiano-clan-del-golfo-organizacion-terrorista-14-grupos-latinoamericanos-orix","status":"publish","type":"post","link":"https:\/\/noticiasya.com\/midland-odessa\/2025\/12\/16\/designa-colombiano-clan-del-golfo-organizacion-terrorista-14-grupos-latinoamericanos-orix\/","title":{"rendered":"EE.UU. designa al colombiano Clan del Golfo como organizaci\u00f3n terrorista; ya van 14 grupos latinoamericanos en esta lista"},"content":{"rendered":"<p>El Departamento del Tesoro de Estados Unidos design\u00f3 este martes al grupo criminal colombiano Clan del Golfo como una organizaci\u00f3n terrorista extranjera, con lo que ya suman 14 <a href=\"https:\/\/cnnespanol.cnn.com\/2025\/11\/24\/latinoamerica\/organizaciones-terroristas-trump-designacion-orix\">grupos latinoamericanos<\/a> en esta lista desde que comenz\u00f3 el segundo mandato de Donald Trump al frente de la Casa Blanca.<\/p>\n<p>En una <a href=\"https:\/\/ofac.treasury.gov\/recent-actions\/20251216\">breve actualizaci\u00f3n<\/a>, la Oficina de Control de Activos Extranjeros (OFAC, por sus siglas en ingl\u00e9s) del Tesoro estadounidense inform\u00f3 que el Clan del Golfo <a href=\"https:\/\/ofac.treasury.gov\/media\/917361\/download?inline\">pas\u00f3 de ser un grupo<\/a> con personas sancionadas por estar presuntamente involucradas en el tr\u00e1fico il\u00edcito de drogas a nivel mundial a tener la designaci\u00f3n de organizaci\u00f3n terrorista extranjera (FTO, por sus siglas en ingl\u00e9s).<\/p>\n<p>Expertos se\u00f1alan que la <a href=\"https:\/\/cnnespanol.cnn.com\/2025\/11\/24\/latinoamerica\/organizaciones-terroristas-trump-designacion-orix\">designaci\u00f3n<\/a> como FTO puede dar lugar a sanciones financieras m\u00e1s duras y ramificaciones legales en Estados Unidos contra los implicados, y tambi\u00e9n podr\u00eda preceder al uso de la fuerza militar. El Departamento de Estado de EE.UU. afirma que \u201clas designaciones pueden ayudar a las acciones policiales de otras agencias de Estados Unidos y otros gobiernos\u201d.<\/p>\n<p>En un comunicado, Marco Rubio, secretario de Estado de EE.UU., <a href=\"https:\/\/www.state.gov\/releases\/2025\/12\/terrorist-designations-of-clan-del-golfo\/\">dijo este martes<\/a> que el Clan del Golfo es \u201cresponsable de ataques terroristas contra funcionarios p\u00fablicos, agentes del orden, personal militar y civiles en Colombia\u201d.<\/p>\n<p>\u201cEE.UU. continuar\u00e1 utilizando todas las herramientas disponibles para proteger a nuestra naci\u00f3n y detener las campa\u00f1as de violencia y terror perpetradas por carteles internacionales y organizaciones criminales transnacionales. Estamos comprometidos a negarles financiaci\u00f3n y recursos a estos terroristas\u201d, agreg\u00f3 Rubio.<\/p>\n<p>CNN contact\u00f3 a las autoridades de Colombia para obtener comentarios y est\u00e1 a la espera de respuesta.<\/p>\n<p>El <a href=\"https:\/\/cnnespanol.cnn.com\/2022\/05\/10\/que-es-clan-del-golfo-historia-lideres-narcos-colombia-orix\">Clan del Golfo<\/a> es una banda criminal colombiana dedicada al narcotr\u00e1fico y a la extorsi\u00f3n, que seg\u00fan la Polic\u00eda Nacional del pa\u00eds es una de las \u201corganizaciones m\u00e1s peligrosas del crimen trasnacional\u201d.<\/p>\n<p>Tambi\u00e9n conocido como Clan \u00dasuga, Los Urabe\u00f1os, las Autodefensas Gaitanistas de Colombia o <a href=\"https:\/\/insightcrime.org\/es\/noticias-crimen-organizado-colombia\/urabenos-perfil\/\">Ej\u00e9rcito Gaitanista<\/a>, el Clan del Golfo es un grupo formado por exnarcotraficantes y exparamilitares que naci\u00f3 tras la desmovilizaci\u00f3n de las Autodefensas Unidas de Colombia (AUC), grupo paramilitar de extrema derecha, en el 2006.<\/p>\n<p>Este grupo criminal suele tener <a href=\"https:\/\/cnnespanol.cnn.com\/2024\/02\/16\/mueren-4-militares-ataque-clan-del-golfo-antioquia-colombia\">enfrentamientos<\/a> con las autoridades colombianas. <a href=\"https:\/\/cnnespanol.cnn.com\/2025\/03\/25\/colombia\/clan-del-golfo-petro-bombardeo-antioquia-orix\">En marzo de este a\u00f1o<\/a>, nueve presuntos integrantes del Clan del Golfo murieron y uno m\u00e1s fue capturado tras un \u201cbombardeo\u201d que el presidente de Colombia, Gustavo Petro, orden\u00f3 sobre \u201cestructuras armadas\u201d de esa organizaci\u00f3n en Segovia, Antioquia, en el noroeste del pa\u00eds.<\/p>\n<p>Pese a ello, los esfuerzos de paz del Gobierno colombiano siguen su marcha. En agosto, Petro <a href=\"https:\/\/cnnespanol.cnn.com\/2025\/08\/08\/colombia\/petro-conversaciones-clan-golfo-colombia-orix\">asegur\u00f3<\/a> que su Gobierno inici\u00f3 conversaciones con el Clan del Golfo, fuera de territorio colombiano, en busca de un eventual acuerdo de paz.<\/p>\n<p>El Gobierno de Colombia y el Clan del Golfo iniciaron di\u00e1logos a mediados de septiembre en Qatar, que fungi\u00f3 como pa\u00eds mediador junto a Espa\u00f1a, Noruega y Suiza.<\/p>\n<p>Tras la primera ronda de di\u00e1logos, Colombia y el grupo criminal acordaron un pacto que contempla una etapa inicial de \u201cconstrucci\u00f3n de confianza\u201d. En tanto, el pasado 5 de diciembre, ambas partes anunciaron la creaci\u00f3n de tres zonas especiales en el norte y oeste colombianos, en donde se ubicar\u00e1n a miembros del Clan del Golfo a partir de marzo de 2026.<\/p>\n<p>Antes de la designaci\u00f3n de este martes, el Tesoro de EE.UU. ya hab\u00eda sancionado este a\u00f1o a personas supuestamente vinculadas con el Clan del Golfo.<\/p>\n<p>En septiembre, el Gobierno de Trump <a href=\"https:\/\/cnnespanol.cnn.com\/2024\/09\/25\/departamento-tesoro-sanciones-cartel-sinaloa-clan-del-golfo-orix\">impuso<\/a> sanciones a cinco colombianos, vinculados con el Clan del Golfo, por presunto narcotr\u00e1fico.<\/p>\n<p>En un comunicado, la OFAC se\u00f1al\u00f3 en ese momento a los detenidos como \u201cl\u00edderes dentro del Clan del Golfo\u201d.<\/p>\n<p>\u201cLas sanciones de hoy en Colombia son el resultado de la colaboraci\u00f3n con la Polic\u00eda Nacional de Colombia y la Administraci\u00f3n de Control de Drogas (DEA)\u201d, indic\u00f3 el comunicado de la OFAC.<\/p>\n<p>En tanto, Dairo Antonio \u00dasuga, mejor conocido como alias \u201cOtoniel\u201d y se\u00f1alado como l\u00edder del Clan del Golfo, <a href=\"https:\/\/cnnespanol.cnn.com\/2023\/08\/08\/otoniel-dairo-antonio-usuga-sentencia-45-anos-orix\">fue sentenciado en agosto de 2023<\/a> a 45 a\u00f1os de c\u00e1rcel \u201cpor participar en una empresa criminal continua como l\u00edder de la multimillonaria organizaci\u00f3n paramilitar y de narcotr\u00e1fico conocida como el Clan del Golfo\u201d, seg\u00fan un comunicado de prensa que emiti\u00f3 la Fiscal\u00eda del Distrito Este de Nueva York.<\/p>\n<p>La jueza federal de distrito Dora L. Irizarry tambi\u00e9n conden\u00f3 a Otoniel a 45 a\u00f1os por conspiraci\u00f3n mar\u00edtima de narc\u00f3ticos y a 45 a\u00f1os por conspiraci\u00f3n para distribuir narc\u00f3ticos en el Distrito Este de Nueva York. Las sentencias se cumplir\u00e1n simult\u00e1neamente, seg\u00fan el comunicado de prensa. Tambi\u00e9n tendr\u00e1 que pagar US$ 216 millones en decomisos.<\/p>\n<p>El narcotraficante, que fue <a href=\"https:\/\/cnnespanol.cnn.com\/video\/autoridades-colombianas-entregan-a-alias-otoniel-a-la-dea\/\">extraditado<\/a> a EE.UU. en mayo de 2022, se declar\u00f3 culpable de los tres cargos en enero de 2023.<\/p>\n<p>Desde el inicio de su segundo mandato el 20 de enero de este a\u00f1o, el Gobierno de Trump ha designado a 14 grupos latinoamericanos como FTO, siendo el \u00faltimo de ellos el Clan del Golfo.<\/p>\n<p>Estos son los otros 13 grupos que han sido designados como FTO en los \u00faltimos meses:<\/p>\n<p>The-CNN-Wire<br \/>&trade; &amp; &copy; 2025 Cable News Network, Inc., a Warner Bros. Discovery Company. All rights reserved.<\/p>\n","protected":false},"excerpt":{"rendered":"<p>El Departamento del Tesoro de Estados Unidos design\u00f3 este martes al grupo criminal colombiano Clan del Golfo como una organizaci\u00f3n terrorista extranjera, con lo que ya suman 14 grupos latinoamericanos en esta lista desde que comenz\u00f3 el segundo mandato de Donald Trump al frente de la Casa Blanca. En una breve actualizaci\u00f3n, la Oficina de [&hellip;]<\/p>\n","protected":false},"author":0,"featured_media":0,"comment_status":"open","ping_status":"open","sticky":false,"template":"","format":"standard","meta":{"_jetpack_memberships_contains_paid_content":false,"footnotes":""},"categories":[10],"tags":[],"class_list":["post-1469310","post","type-post","status-publish","format-standard","hentry","category-noticias-nacionales","market-global"],"yoast_head":"<!-- This site is optimized with the Yoast SEO plugin v24.4 - https:\/\/yoast.com\/wordpress\/plugins\/seo\/ -->\n<title>EE.UU. designa al colombiano Clan del Golfo como organizaci\u00f3n terrorista; ya van 14 grupos latinoamericanos en esta lista - Noticias<\/title>\n<meta name=\"robots\" content=\"index, follow, max-snippet:-1, max-image-preview:large, max-video-preview:-1\" \/>\n<link rel=\"canonical\" href=\"https:\/\/noticiasya.com\/2025\/12\/16\/designa-colombiano-clan-del-golfo-organizacion-terrorista-14-grupos-latinoamericanos-orix\/\" \/>\n<meta property=\"og:locale\" content=\"es_ES\" \/>\n<meta property=\"og:type\" content=\"article\" \/>\n<meta property=\"og:title\" content=\"EE.UU. designa al colombiano Clan del Golfo como organizaci\u00f3n terrorista; ya van 14 grupos latinoamericanos en esta lista - Noticias\" \/>\n<meta property=\"og:description\" content=\"El Departamento del Tesoro de Estados Unidos design\u00f3 este martes al grupo criminal colombiano Clan del Golfo como una organizaci\u00f3n terrorista extranjera, con lo que ya suman 14 grupos latinoamericanos en esta lista desde que comenz\u00f3 el segundo mandato de Donald Trump al frente de la Casa Blanca. En una breve actualizaci\u00f3n, la Oficina de [&hellip;]\" \/>\n<meta property=\"og:url\" content=\"https:\/\/noticiasya.com\/2025\/12\/16\/designa-colombiano-clan-del-golfo-organizacion-terrorista-14-grupos-latinoamericanos-orix\/\" \/>\n<meta property=\"og:site_name\" content=\"Noticias\" \/>\n<meta property=\"article:published_time\" content=\"2025-12-16T18:03:47+00:00\" \/>\n<meta name=\"twitter:card\" content=\"summary_large_image\" \/>\n<meta name=\"twitter:label1\" content=\"Est. reading time\" \/>\n\t<meta name=\"twitter:data1\" content=\"4 minutos\" \/>\n<script type=\"application\/ld+json\" class=\"yoast-schema-graph\">{\"@context\":\"https:\/\/schema.org\",\"@graph\":[{\"@type\":\"Article\",\"@id\":\"https:\/\/noticiasya.com\/2025\/12\/16\/designa-colombiano-clan-del-golfo-organizacion-terrorista-14-grupos-latinoamericanos-orix\/#article\",\"isPartOf\":{\"@id\":\"https:\/\/noticiasya.com\/2025\/12\/16\/designa-colombiano-clan-del-golfo-organizacion-terrorista-14-grupos-latinoamericanos-orix\/\"},\"author\":{\"name\":\"\",\"@id\":\"\"},\"headline\":\"EE.UU. designa al colombiano Clan del Golfo como organizaci\u00f3n terrorista; ya van 14 grupos latinoamericanos en esta lista\",\"datePublished\":\"2025-12-16T18:03:47+00:00\",\"mainEntityOfPage\":{\"@id\":\"https:\/\/noticiasya.com\/2025\/12\/16\/designa-colombiano-clan-del-golfo-organizacion-terrorista-14-grupos-latinoamericanos-orix\/\"},\"wordCount\":907,\"commentCount\":0,\"publisher\":{\"@id\":\"https:\/\/noticiasya.com\/#organization\"},\"articleSection\":[\"Noticias Nacionales\"],\"inLanguage\":\"es\",\"potentialAction\":[{\"@type\":\"CommentAction\",\"name\":\"Comment\",\"target\":[\"https:\/\/noticiasya.com\/2025\/12\/16\/designa-colombiano-clan-del-golfo-organizacion-terrorista-14-grupos-latinoamericanos-orix\/#respond\"]}]},{\"@type\":\"WebPage\",\"@id\":\"https:\/\/noticiasya.com\/2025\/12\/16\/designa-colombiano-clan-del-golfo-organizacion-terrorista-14-grupos-latinoamericanos-orix\/\",\"url\":\"https:\/\/noticiasya.com\/2025\/12\/16\/designa-colombiano-clan-del-golfo-organizacion-terrorista-14-grupos-latinoamericanos-orix\/\",\"name\":\"EE.UU. designa al colombiano Clan del Golfo como organizaci\u00f3n terrorista; ya van 14 grupos latinoamericanos en esta lista - Noticias\",\"isPartOf\":{\"@id\":\"https:\/\/noticiasya.com\/#website\"},\"datePublished\":\"2025-12-16T18:03:47+00:00\",\"breadcrumb\":{\"@id\":\"https:\/\/noticiasya.com\/2025\/12\/16\/designa-colombiano-clan-del-golfo-organizacion-terrorista-14-grupos-latinoamericanos-orix\/#breadcrumb\"},\"inLanguage\":\"es\",\"potentialAction\":[{\"@type\":\"ReadAction\",\"target\":[\"https:\/\/noticiasya.com\/2025\/12\/16\/designa-colombiano-clan-del-golfo-organizacion-terrorista-14-grupos-latinoamericanos-orix\/\"]}]},{\"@type\":\"BreadcrumbList\",\"@id\":\"https:\/\/noticiasya.com\/2025\/12\/16\/designa-colombiano-clan-del-golfo-organizacion-terrorista-14-grupos-latinoamericanos-orix\/#breadcrumb\",\"itemListElement\":[{\"@type\":\"ListItem\",\"position\":1,\"name\":\"Home\",\"item\":\"https:\/\/noticiasya.com\/\"},{\"@type\":\"ListItem\",\"position\":2,\"name\":\"EE.UU. designa al colombiano Clan del Golfo como organizaci\u00f3n terrorista; ya van 14 grupos latinoamericanos en esta lista\"}]},{\"@type\":\"WebSite\",\"@id\":\"https:\/\/noticiasya.com\/#website\",\"url\":\"https:\/\/noticiasya.com\/\",\"name\":\"Noticias\",\"description\":\"Lo que importa\",\"publisher\":{\"@id\":\"https:\/\/noticiasya.com\/#organization\"},\"potentialAction\":[{\"@type\":\"SearchAction\",\"target\":{\"@type\":\"EntryPoint\",\"urlTemplate\":\"https:\/\/noticiasya.com\/?s={search_term_string}\"},\"query-input\":{\"@type\":\"PropertyValueSpecification\",\"valueRequired\":true,\"valueName\":\"search_term_string\"}}],\"inLanguage\":\"es\"},{\"@type\":\"Organization\",\"@id\":\"https:\/\/noticiasya.com\/#organization\",\"name\":\"Noticias\",\"url\":\"https:\/\/noticiasya.com\/\",\"logo\":{\"@type\":\"ImageObject\",\"inLanguage\":\"es\",\"@id\":\"https:\/\/noticiasya.com\/#\/schema\/logo\/image\/\",\"url\":\"https:\/\/noticiasya.com\/wp-content\/uploads\/sites\/22\/2023\/12\/logo-nacional.png\",\"contentUrl\":\"https:\/\/noticiasya.com\/wp-content\/uploads\/sites\/22\/2023\/12\/logo-nacional.png\",\"width\":1801,\"height\":691,\"caption\":\"Noticias\"},\"image\":{\"@id\":\"https:\/\/noticiasya.com\/#\/schema\/logo\/image\/\"}}]}<\/script>\n<!-- \/ Yoast SEO plugin. -->","yoast_head_json":{"title":"EE.UU. designa al colombiano Clan del Golfo como organizaci\u00f3n terrorista; ya van 14 grupos latinoamericanos en esta lista - Noticias","robots":{"index":"index","follow":"follow","max-snippet":"max-snippet:-1","max-image-preview":"max-image-preview:large","max-video-preview":"max-video-preview:-1"},"canonical":"https:\/\/noticiasya.com\/2025\/12\/16\/designa-colombiano-clan-del-golfo-organizacion-terrorista-14-grupos-latinoamericanos-orix\/","og_locale":"es_ES","og_type":"article","og_title":"EE.UU. designa al colombiano Clan del Golfo como organizaci\u00f3n terrorista; ya van 14 grupos latinoamericanos en esta lista - Noticias","og_description":"El Departamento del Tesoro de Estados Unidos design\u00f3 este martes al grupo criminal colombiano Clan del Golfo como una organizaci\u00f3n terrorista extranjera, con lo que ya suman 14 grupos latinoamericanos en esta lista desde que comenz\u00f3 el segundo mandato de Donald Trump al frente de la Casa Blanca. En una breve actualizaci\u00f3n, la Oficina de [&hellip;]","og_url":"https:\/\/noticiasya.com\/2025\/12\/16\/designa-colombiano-clan-del-golfo-organizacion-terrorista-14-grupos-latinoamericanos-orix\/","og_site_name":"Noticias","article_published_time":"2025-12-16T18:03:47+00:00","twitter_card":"summary_large_image","twitter_misc":{"Est. reading time":"4 minutos"},"schema":{"@context":"https:\/\/schema.org","@graph":[{"@type":"Article","@id":"https:\/\/noticiasya.com\/2025\/12\/16\/designa-colombiano-clan-del-golfo-organizacion-terrorista-14-grupos-latinoamericanos-orix\/#article","isPartOf":{"@id":"https:\/\/noticiasya.com\/2025\/12\/16\/designa-colombiano-clan-del-golfo-organizacion-terrorista-14-grupos-latinoamericanos-orix\/"},"author":{"name":"","@id":""},"headline":"EE.UU. designa al colombiano Clan del Golfo como organizaci\u00f3n terrorista; ya van 14 grupos latinoamericanos en esta lista","datePublished":"2025-12-16T18:03:47+00:00","mainEntityOfPage":{"@id":"https:\/\/noticiasya.com\/2025\/12\/16\/designa-colombiano-clan-del-golfo-organizacion-terrorista-14-grupos-latinoamericanos-orix\/"},"wordCount":907,"commentCount":0,"publisher":{"@id":"https:\/\/noticiasya.com\/#organization"},"articleSection":["Noticias Nacionales"],"inLanguage":"es","potentialAction":[{"@type":"CommentAction","name":"Comment","target":["https:\/\/noticiasya.com\/2025\/12\/16\/designa-colombiano-clan-del-golfo-organizacion-terrorista-14-grupos-latinoamericanos-orix\/#respond"]}]},{"@type":"WebPage","@id":"https:\/\/noticiasya.com\/2025\/12\/16\/designa-colombiano-clan-del-golfo-organizacion-terrorista-14-grupos-latinoamericanos-orix\/","url":"https:\/\/noticiasya.com\/2025\/12\/16\/designa-colombiano-clan-del-golfo-organizacion-terrorista-14-grupos-latinoamericanos-orix\/","name":"EE.UU. designa al colombiano Clan del Golfo como organizaci\u00f3n terrorista; ya van 14 grupos latinoamericanos en esta lista - Noticias","isPartOf":{"@id":"https:\/\/noticiasya.com\/#website"},"datePublished":"2025-12-16T18:03:47+00:00","breadcrumb":{"@id":"https:\/\/noticiasya.com\/2025\/12\/16\/designa-colombiano-clan-del-golfo-organizacion-terrorista-14-grupos-latinoamericanos-orix\/#breadcrumb"},"inLanguage":"es","potentialAction":[{"@type":"ReadAction","target":["https:\/\/noticiasya.com\/2025\/12\/16\/designa-colombiano-clan-del-golfo-organizacion-terrorista-14-grupos-latinoamericanos-orix\/"]}]},{"@type":"BreadcrumbList","@id":"https:\/\/noticiasya.com\/2025\/12\/16\/designa-colombiano-clan-del-golfo-organizacion-terrorista-14-grupos-latinoamericanos-orix\/#breadcrumb","itemListElement":[{"@type":"ListItem","position":1,"name":"Home","item":"https:\/\/noticiasya.com\/"},{"@type":"ListItem","position":2,"name":"EE.UU. designa al colombiano Clan del Golfo como organizaci\u00f3n terrorista; ya van 14 grupos latinoamericanos en esta lista"}]},{"@type":"WebSite","@id":"https:\/\/noticiasya.com\/#website","url":"https:\/\/noticiasya.com\/","name":"Noticias","description":"Lo que importa","publisher":{"@id":"https:\/\/noticiasya.com\/#organization"},"potentialAction":[{"@type":"SearchAction","target":{"@type":"EntryPoint","urlTemplate":"https:\/\/noticiasya.com\/?s={search_term_string}"},"query-input":{"@type":"PropertyValueSpecification","valueRequired":true,"valueName":"search_term_string"}}],"inLanguage":"es"},{"@type":"Organization","@id":"https:\/\/noticiasya.com\/#organization","name":"Noticias","url":"https:\/\/noticiasya.com\/","logo":{"@type":"ImageObject","inLanguage":"es","@id":"https:\/\/noticiasya.com\/#\/schema\/logo\/image\/","url":"https:\/\/noticiasya.com\/wp-content\/uploads\/sites\/22\/2023\/12\/logo-nacional.png","contentUrl":"https:\/\/noticiasya.com\/wp-content\/uploads\/sites\/22\/2023\/12\/logo-nacional.png","width":1801,"height":691,"caption":"Noticias"},"image":{"@id":"https:\/\/noticiasya.com\/#\/schema\/logo\/image\/"}}]}},"parsely":{"version":"1.1.0","canonical_url":"https:\/\/noticiasya.com\/midland-odessa\/2025\/12\/16\/designa-colombiano-clan-del-golfo-organizacion-terrorista-14-grupos-latinoamericanos-orix\/","smart_links":{"inbound":0,"outbound":0},"traffic_boost_suggestions_count":0,"meta":{"@context":"https:\/\/schema.org","@type":"NewsArticle","headline":"EE.UU. designa al colombiano Clan del Golfo como organizaci\u00f3n terrorista; ya van 14 grupos latinoamericanos en esta lista","url":"http:\/\/noticiasya.com\/midland-odessa\/2025\/12\/16\/designa-colombiano-clan-del-golfo-organizacion-terrorista-14-grupos-latinoamericanos-orix\/","mainEntityOfPage":{"@type":"WebPage","@id":"http:\/\/noticiasya.com\/midland-odessa\/2025\/12\/16\/designa-colombiano-clan-del-golfo-organizacion-terrorista-14-grupos-latinoamericanos-orix\/"},"thumbnailUrl":"","image":{"@type":"ImageObject","url":""},"articleSection":"Noticias Nacionales","author":[],"creator":[],"publisher":{"@type":"Organization","name":"Noticias","logo":""},"keywords":[],"dateCreated":"2025-12-16T18:03:47Z","datePublished":"2025-12-16T18:03:47Z","dateModified":"2025-12-16T18:03:47Z"},"rendered":"<script type=\"application\/ld+json\" class=\"wp-parsely-metadata\">{\"@context\":\"https:\\\/\\\/schema.org\",\"@type\":\"NewsArticle\",\"headline\":\"EE.UU. designa al colombiano Clan del Golfo como organizaci\\u00f3n terrorista; ya van 14 grupos latinoamericanos en esta lista\",\"url\":\"http:\\\/\\\/noticiasya.com\\\/midland-odessa\\\/2025\\\/12\\\/16\\\/designa-colombiano-clan-del-golfo-organizacion-terrorista-14-grupos-latinoamericanos-orix\\\/\",\"mainEntityOfPage\":{\"@type\":\"WebPage\",\"@id\":\"http:\\\/\\\/noticiasya.com\\\/midland-odessa\\\/2025\\\/12\\\/16\\\/designa-colombiano-clan-del-golfo-organizacion-terrorista-14-grupos-latinoamericanos-orix\\\/\"},\"thumbnailUrl\":\"\",\"image\":{\"@type\":\"ImageObject\",\"url\":\"\"},\"articleSection\":\"Noticias Nacionales\",\"author\":[],\"creator\":[],\"publisher\":{\"@type\":\"Organization\",\"name\":\"Noticias\",\"logo\":\"\"},\"keywords\":[],\"dateCreated\":\"2025-12-16T18:03:47Z\",\"datePublished\":\"2025-12-16T18:03:47Z\",\"dateModified\":\"2025-12-16T18:03:47Z\"}<\/script>","tracker_url":"https:\/\/cdn.parsely.com\/keys\/noticiasya.com\/p.js"},"jetpack_featured_media_url":"","jetpack-related-posts":[{"id":1470756,"url":"https:\/\/noticiasya.com\/midland-odessa\/2026\/02\/02\/clan-del-golfo-numero-dos-muere-ahogado-colombia-efe\/","url_meta":{"origin":1469310,"position":0},"title":"Muere ahogado en un r\u00edo del noroeste de Colombia el n\u00famero dos del Clan del Golfo","author":"","date":"febrero 2, 2026","format":false,"excerpt":"El n\u00famero dos del Clan del Golfo, Jos\u00e9 Gonzalo S\u00e1nchez S\u00e1nchez, alias Gonzalito, muri\u00f3 ahogado en un r\u00edo del departamento caribe\u00f1o de C\u00f3rdoba, se\u00f1al\u00f3 ese grupo, la mayor banda criminal de Colombia, en un comunicado conocido por EFE.\u00abJos\u00e9 Gonzalo S\u00e1nchez S\u00e1nchez, conocido como \u2018Gonzalito\u2019, falleci\u00f3 por ahogamiento luego de que\u2026","rel":"","context":"In &quot;Noticias Nacionales&quot;","block_context":{"text":"Noticias Nacionales","link":"https:\/\/noticiasya.com\/midland-odessa\/categoria\/noticias-nacionales"},"img":{"alt_text":"","src":"","width":0,"height":0},"classes":[]},{"id":1460400,"url":"https:\/\/noticiasya.com\/midland-odessa\/2025\/03\/25\/clan-del-golfo-petro-bombardeo-antioquia-orix\/","url_meta":{"origin":1469310,"position":1},"title":"Petro dice que nueve presuntos miembros del Clan del Golfo murieron en un &#171;bombardeo&#187; en Antioquia","author":"","date":"marzo 25, 2025","format":false,"excerpt":"El presidente de Colombia, Gustavo Petro, anunci\u00f3 este martes que nueve presuntos integrantes del grupo armado Clan del Golfo murieron y uno m\u00e1s fue capturado tras un \u201cbombardeo\u201d que el mandatario orden\u00f3 sobre \u201cestructuras armadas\u201d de esa organizaci\u00f3n en Segovia, Antioquia, en el noroeste del pa\u00eds.\u201cMuri\u00f3 all\u00ed el cabecilla Manuel\u2026","rel":"","context":"In &quot;Noticias Nacionales&quot;","block_context":{"text":"Noticias Nacionales","link":"https:\/\/noticiasya.com\/midland-odessa\/categoria\/noticias-nacionales"},"img":{"alt_text":"","src":"","width":0,"height":0},"classes":[]},{"id":1460670,"url":"https:\/\/noticiasya.com\/midland-odessa\/2025\/03\/31\/departamento-tesoro-eeuu-bloquea-propiedades-individuos-empresas-cartel-sinaloa-orix\/","url_meta":{"origin":1469310,"position":2},"title":"Departamento del Tesoro de EE.UU. bloquea propiedades de individuos y empresas a los que relaciona con el C\u00e1rtel de Sinaloa","author":"","date":"marzo 31, 2025","format":false,"excerpt":"El Departamento del Tesoro de Estados Unidos bloque\u00f3 las propiedades de seis personas y siete empresas supuestamente vinculadas con una red de lavado de dinero a la que relacionan con el C\u00e1rtel de Sinaloa, inform\u00f3 este lunes la Oficina de Control de Activos en el Extranjero (OFAC, por sus siglas\u2026","rel":"","context":"In &quot;Noticias Nacionales&quot;","block_context":{"text":"Noticias Nacionales","link":"https:\/\/noticiasya.com\/midland-odessa\/categoria\/noticias-nacionales"},"img":{"alt_text":"","src":"","width":0,"height":0},"classes":[]},{"id":1468410,"url":"https:\/\/noticiasya.com\/midland-odessa\/2025\/11\/16\/cartel-soles-venezuela-organizacion-terrorista-extranjera-trax\/","url_meta":{"origin":1469310,"position":3},"title":"El Departamento de Estado de EE.UU. designar\u00e1 al Cartel de los Soles como organizaci\u00f3n terrorista extranjera","author":"","date":"noviembre 16, 2025","format":false,"excerpt":"El secretario de Estado de EE.UU., Marco Rubio, anunci\u00f3 este domingo que Estados Unidos designar\u00e1 al Cartel de los Soles como organizaci\u00f3n terrorista extranjera, con efecto a partir del 24 de noviembre. Estados Unidos alega que el cartel venezolano est\u00e1 dirigido por el presidente de Venezuela Nicol\u00e1s Maduro y otros\u2026","rel":"","context":"In &quot;Noticias Nacionales&quot;","block_context":{"text":"Noticias Nacionales","link":"https:\/\/noticiasya.com\/midland-odessa\/categoria\/noticias-nacionales"},"img":{"alt_text":"","src":"","width":0,"height":0},"classes":[]},{"id":1468646,"url":"https:\/\/noticiasya.com\/midland-odessa\/2025\/11\/24\/que-es-cartel-de-los-soles-organizacion-terrorista-venezuela-eeuu-orix\/","url_meta":{"origin":1469310,"position":4},"title":"\u00bfExiste el Cartel de los Soles? Esto se sabe sobre una pieza clave en la crisis entre EE.UU. y Venezuela","author":"","date":"noviembre 24, 2025","format":false,"excerpt":"Este lunes entr\u00f3 en vigor la designaci\u00f3n del Cartel de los Soles como Organizaci\u00f3n Terrorista Extranjera (FTO, por sus siglas en ingl\u00e9s), un nuevo paso del Gobierno del presidente Donald Trump, en medio de lo que sostiene ser una campa\u00f1a para acabar con el narcoterrorismo en Am\u00e9rica Latina.La designaci\u00f3n se\u2026","rel":"","context":"In &quot;Noticias Nacionales&quot;","block_context":{"text":"Noticias Nacionales","link":"https:\/\/noticiasya.com\/midland-odessa\/categoria\/noticias-nacionales"},"img":{"alt_text":"","src":"","width":0,"height":0},"classes":[]},{"id":1470633,"url":"https:\/\/noticiasya.com\/midland-odessa\/2026\/01\/29\/guardia-revolucionaria-iran-organizacion-terrorista-europa-trax\/","url_meta":{"origin":1469310,"position":5},"title":"Ir\u00e1n advierte &#171;consecuencias peligrosas&#187; tras la designaci\u00f3n de la Guardia Revolucionaria como organizaci\u00f3n terrorista","author":"","date":"enero 29, 2026","format":false,"excerpt":"Ir\u00e1n amenaz\u00f3 este jueves con desatar \u201cconsecuencias peligrosas\u201d despu\u00e9s de que la Uni\u00f3n Europea designara formalmente al Cuerpo de la Guardia Revolucionaria Isl\u00e1mica (IRGC, por sus siglas en ingl\u00e9s) como organizaci\u00f3n terrorista, en medio de una escalada de tensiones entre Teher\u00e1n y las potencias occidentales.Los ministros de Exteriores de la\u2026","rel":"","context":"In &quot;Noticias Nacionales&quot;","block_context":{"text":"Noticias Nacionales","link":"https:\/\/noticiasya.com\/midland-odessa\/categoria\/noticias-nacionales"},"img":{"alt_text":"","src":"","width":0,"height":0},"classes":[]}],"jetpack_sharing_enabled":true,"_links":{"self":[{"href":"https:\/\/noticiasya.com\/midland-odessa\/wp-json\/wp\/v2\/posts\/1469310","targetHints":{"allow":["GET"]}}],"collection":[{"href":"https:\/\/noticiasya.com\/midland-odessa\/wp-json\/wp\/v2\/posts"}],"about":[{"href":"https:\/\/noticiasya.com\/midland-odessa\/wp-json\/wp\/v2\/types\/post"}],"replies":[{"embeddable":true,"href":"https:\/\/noticiasya.com\/midland-odessa\/wp-json\/wp\/v2\/comments?post=1469310"}],"version-history":[{"count":0,"href":"https:\/\/noticiasya.com\/midland-odessa\/wp-json\/wp\/v2\/posts\/1469310\/revisions"}],"wp:attachment":[{"href":"https:\/\/noticiasya.com\/midland-odessa\/wp-json\/wp\/v2\/media?parent=1469310"}],"wp:term":[{"taxonomy":"category","embeddable":true,"href":"https:\/\/noticiasya.com\/midland-odessa\/wp-json\/wp\/v2\/categories?post=1469310"},{"taxonomy":"post_tag","embeddable":true,"href":"https:\/\/noticiasya.com\/midland-odessa\/wp-json\/wp\/v2\/tags?post=1469310"}],"curies":[{"name":"wp","href":"https:\/\/api.w.org\/{rel}","templated":true}]}}