{"id":1469311,"date":"2025-12-16T10:03:47","date_gmt":"2025-12-16T18:03:47","guid":{"rendered":"https:\/\/noticiasya.com\/2025\/12\/16\/quien-es-paloma-valencia-orix\/"},"modified":"2025-12-16T10:03:47","modified_gmt":"2025-12-16T18:03:47","slug":"quien-es-paloma-valencia-orix","status":"publish","type":"post","link":"https:\/\/noticiasya.com\/midland-odessa\/2025\/12\/16\/quien-es-paloma-valencia-orix\/","title":{"rendered":"\u00bfQui\u00e9n es Paloma Valencia, la disc\u00edpula de Uribe que busca ser presidenta de Colombia?"},"content":{"rendered":"<p>Paloma Valencia quiere que se confirme que ella es la alumna destacada de \u00c1lvaro Uribe que puede llevar a su grupo pol\u00edtico de nuevo a la Presidencia. La senadora, elegida por medio de <a href=\"https:\/\/cnnespanol.cnn.com\/2025\/12\/15\/colombia\/paloma-valencia-candidata-presidencial-centro-democratico-efe\">la encuesta interna del partido Centro Democr\u00e1tico<\/a> para ser su candidata a las elecciones presidenciales de 2026, lleva a\u00f1os defendiendo el nombre y el proyecto del expresidente de derecha en Colombia y ha buscado por mucho tiempo ser la cara visible de ese movimiento.<\/p>\n<p>Heredera de dos familias pol\u00edticas, cr\u00edtica f\u00e9rrea de Gustavo Petro, pol\u00e9mica y a la vez considerada moderada dentro del uribismo, \u00bfqui\u00e9n es Paloma Valencia y qu\u00e9 posibilidades tendr\u00e1 en las elecciones de mayo pr\u00f3ximo?<\/p>\n<p><a href=\"https:\/\/www.senado.gov.co\/index.php\/valencia-laserna-paloma-susana\">Valencia, que lleva tres periodos como senadora<\/a>, estudi\u00f3 Derecho y Filosof\u00eda e hizo una especializaci\u00f3n en Econom\u00eda y una maestr\u00eda en Escritura Creativa. Naci\u00f3 en 1979 en Popay\u00e1n, Cauca, en el occidente de Colombia. Es nieta de Guillermo Le\u00f3n Valencia, presidente conservador entre 1962 y 1966, y de Mario Laserna, fundador de la Universidad de los Andes.<\/p>\n<p>Antes de ser senadora, fue columnista y analista en medios de comunicaci\u00f3n.<\/p>\n<p>En 2006 tuvo su primera aspiraci\u00f3n electoral: se lanz\u00f3 por el partido Alas Equipo Colombia a la C\u00e1mara de Representantes, sin \u00e9xito. Lleg\u00f3 al Senado en 2014 en la lista cerrada del reci\u00e9n creado partido Centro Democr\u00e1tico de Uribe. En 2018 fue precandidata presidencial, pero termin\u00f3 apoyando a Iv\u00e1n Duque, quien finalmente lleg\u00f3 a la Casa de Nari\u00f1o.<\/p>\n<p>En el Congreso, Valencia consigui\u00f3 convertir en ley a tres de sus<a href=\"https:\/\/palomavalencia.com\/\"> proyectos<\/a>: la promoci\u00f3n del consumo y comercializaci\u00f3n de la panela, el fin del monopolio de los departamentos para producir licores y una ley de incentivos para peque\u00f1os negocios. Es miembro de la Comisi\u00f3n Primera del Senado, encargada de las reformas constitucionales, leyes estatuarias y organizaci\u00f3n territorial.<\/p>\n<p>Considerada como una senadora disciplinada, desde 2022, es una de las figuras visibles de la oposici\u00f3n al Gobierno de Gustavo Petro. Valencia misma se describe como la opositora <a href=\"https:\/\/x.com\/PalomaValenciaL\/status\/1998182612926710039\">de mayores logros: <\/a>llev\u00f3 a poner en el limbo el Ministerio de Igualdad creado por Petro, consigui\u00f3 frenar el nombramiento de embajadores sin requisitos y se opuso en el Senado a la consulta popular; adem\u00e1s, busca tumbar la reforma pensional del Gobierno.<\/p>\n<p>La senadora tene frecuentes enfrentamientos con miembros del petrismo, como los legisladores Iv\u00e1n Cepeda (hoy candidato presidencial) y Mar\u00eda Jos\u00e9 Pizarro, y a lo largo de los a\u00f1os ha estado envuelta en pol\u00e9micas por sus declaraciones. En 2015 sugiri\u00f3, en una entrevista, que el departamento del Cauca <a href=\"https:\/\/www.eltiempo.com\/archivo\/documento\/cms-15410396\">podr\u00eda dividirse entre ind\u00edgenas y mestizos<\/a>. El Cauca es el departamento con mayor porcentaje de poblaci\u00f3n ind\u00edgena del pa\u00eds, <a href=\"https:\/\/www.cric-colombia.org\/portal\/estructura-organizativa\/ubicacion-geografica\/\">con cerca del 20%<\/a>.<\/p>\n<p>Valencia es la primera mujer en ser candidata presidencial del Centro Democr\u00e1tico. Llega tras un proceso interno extenso y marcado por el asesinato del precandidato Miguel Uribe Turbay. En su campa\u00f1a, Valencia ha puesto la econom\u00eda y la seguridad como ejes.<\/p>\n<p>Fue elegida a trav\u00e9s de dos encuestas contratadas por el partido en las que super\u00f3 a las tambi\u00e9n senadoras Mar\u00eda Fernanda Cabal y Paola Holgu\u00edn. Si bien ambas reconocieron el resultado, Cabal pidi\u00f3 la publicaci\u00f3n de los datos y la auditor\u00eda de las mediciones para despejar dudas sobre la transparencia, un reclamo que revive cr\u00edticas recurrentes sobre los mecanismos del partido y el peso real de la decisi\u00f3n del expresidente \u00c1lvaro Uribe: las encuestas inicialmente iban a hacerse en noviembre, pero hubo cambio de encuestadora y en el medio se dio la salida del proceso de Miguel Uribe Londo\u00f1o, padre del fallecido precandidato.<\/p>\n<p>La elecci\u00f3n de Valencia tambi\u00e9n confirma que el partido de Uribe apuesta de nuevo por una persona moderada (como lo hizo con Iv\u00e1n Duque en 2018) que pueda recoger apoyos de votantes de centro. Si bien es considerada en Colombia como una uribista \u2018purasangre\u2019, en su ejercicio legislativo y medi\u00e1tico, Valencia es conocida por participar en debates con contradictores y plantear espacios de di\u00e1logo con pol\u00edticos por fuera de su partido y es vista como menos radical en sus posiciones que compa\u00f1eras como Mar\u00eda Fernanda Cabal.<\/p>\n<p>Pero el desaf\u00edo de cara a 2026 es grande, pues tanto Valencia como sus copartidarios han tenido n\u00fameros bajos en las encuestas electorales, lejos del abogado Abelardo de la Espriella, el <em>outsider<\/em> que hoy lidera, seg\u00fan los sondeos, en el espectro de la derecha y quien se lanz\u00f3 por firmas.<\/p>\n<p>Paloma Valencia dijo que podr\u00eda hacer alianza electoral con quien sea que no haya apoyado a Gustavo Petro, incluyendo al centrista Sergio Fajardo, a quien Valencia ha descrito como \u201c<a href=\"https:\/\/www.youtube.com\/watch?v=sCZS_Fx9mXs\">inteligente y capaz<\/a>\u201d y que va tercero en las encuestas, detr\u00e1s de Iv\u00e1n Cepeda, candidato del oficialismo, y De la Espriella.<\/p>\n<p>En principio, Valencia participar\u00e1 en una consulta interpartidista en marzo para definir un candidato que re\u00fana las fuerzas opositoras en Colombia, pero sin la participaci\u00f3n de Fajardo y De la Espriella.<\/p>\n<p>Si no despega en las encuestas y no gana esa consulta, Valencia podr\u00eda terminar apoyando a alguno de esos candidatos con el objetivo de impedir la continuidad del proyecto de Gustavo Petro en el poder.<\/p>\n<p>Al agradecer su nombramiento como candidata este lunes, Valencia reiter\u00f3 que le debe su formaci\u00f3n pol\u00edtica a \u00c1lvaro Uribe. Es sin duda una alumna fiel del expresidente, pero quiz\u00e1 en la campa\u00f1a de 2026 eso no sea suficiente para llegar al poder.<\/p>\n<p>The-CNN-Wire<br \/>&trade; &amp; &copy; 2025 Cable News Network, Inc., a Warner Bros. Discovery Company. All rights reserved.<\/p>\n","protected":false},"excerpt":{"rendered":"<p>Paloma Valencia quiere que se confirme que ella es la alumna destacada de \u00c1lvaro Uribe que puede llevar a su grupo pol\u00edtico de nuevo a la Presidencia. La senadora, elegida por medio de la encuesta interna del partido Centro Democr\u00e1tico para ser su candidata a las elecciones presidenciales de 2026, lleva a\u00f1os defendiendo el nombre [&hellip;]<\/p>\n","protected":false},"author":0,"featured_media":0,"comment_status":"open","ping_status":"open","sticky":false,"template":"","format":"standard","meta":{"_jetpack_memberships_contains_paid_content":false,"footnotes":""},"categories":[10],"tags":[],"class_list":["post-1469311","post","type-post","status-publish","format-standard","hentry","category-noticias-nacionales","market-global"],"yoast_head":"<!-- This site is optimized with the Yoast SEO plugin v24.4 - https:\/\/yoast.com\/wordpress\/plugins\/seo\/ -->\n<title>\u00bfQui\u00e9n es Paloma Valencia, la disc\u00edpula de Uribe que busca ser presidenta de Colombia? - Noticias<\/title>\n<meta name=\"robots\" content=\"index, follow, max-snippet:-1, max-image-preview:large, max-video-preview:-1\" \/>\n<link rel=\"canonical\" href=\"https:\/\/noticiasya.com\/2025\/12\/16\/quien-es-paloma-valencia-orix\/\" \/>\n<meta property=\"og:locale\" content=\"es_ES\" \/>\n<meta property=\"og:type\" content=\"article\" \/>\n<meta property=\"og:title\" content=\"\u00bfQui\u00e9n es Paloma Valencia, la disc\u00edpula de Uribe que busca ser presidenta de Colombia? - Noticias\" \/>\n<meta property=\"og:description\" content=\"Paloma Valencia quiere que se confirme que ella es la alumna destacada de \u00c1lvaro Uribe que puede llevar a su grupo pol\u00edtico de nuevo a la Presidencia. La senadora, elegida por medio de la encuesta interna del partido Centro Democr\u00e1tico para ser su candidata a las elecciones presidenciales de 2026, lleva a\u00f1os defendiendo el nombre [&hellip;]\" \/>\n<meta property=\"og:url\" content=\"https:\/\/noticiasya.com\/2025\/12\/16\/quien-es-paloma-valencia-orix\/\" \/>\n<meta property=\"og:site_name\" content=\"Noticias\" \/>\n<meta property=\"article:published_time\" content=\"2025-12-16T18:03:47+00:00\" \/>\n<meta name=\"twitter:card\" content=\"summary_large_image\" \/>\n<meta name=\"twitter:label1\" content=\"Est. reading time\" \/>\n\t<meta name=\"twitter:data1\" content=\"5 minutos\" \/>\n<script type=\"application\/ld+json\" class=\"yoast-schema-graph\">{\"@context\":\"https:\/\/schema.org\",\"@graph\":[{\"@type\":\"Article\",\"@id\":\"https:\/\/noticiasya.com\/2025\/12\/16\/quien-es-paloma-valencia-orix\/#article\",\"isPartOf\":{\"@id\":\"https:\/\/noticiasya.com\/2025\/12\/16\/quien-es-paloma-valencia-orix\/\"},\"author\":{\"name\":\"\",\"@id\":\"\"},\"headline\":\"\u00bfQui\u00e9n es Paloma Valencia, la disc\u00edpula de Uribe que busca ser presidenta de Colombia?\",\"datePublished\":\"2025-12-16T18:03:47+00:00\",\"mainEntityOfPage\":{\"@id\":\"https:\/\/noticiasya.com\/2025\/12\/16\/quien-es-paloma-valencia-orix\/\"},\"wordCount\":963,\"commentCount\":0,\"publisher\":{\"@id\":\"https:\/\/noticiasya.com\/#organization\"},\"articleSection\":[\"Noticias Nacionales\"],\"inLanguage\":\"es\",\"potentialAction\":[{\"@type\":\"CommentAction\",\"name\":\"Comment\",\"target\":[\"https:\/\/noticiasya.com\/2025\/12\/16\/quien-es-paloma-valencia-orix\/#respond\"]}]},{\"@type\":\"WebPage\",\"@id\":\"https:\/\/noticiasya.com\/2025\/12\/16\/quien-es-paloma-valencia-orix\/\",\"url\":\"https:\/\/noticiasya.com\/2025\/12\/16\/quien-es-paloma-valencia-orix\/\",\"name\":\"\u00bfQui\u00e9n es Paloma Valencia, la disc\u00edpula de Uribe que busca ser presidenta de Colombia? - Noticias\",\"isPartOf\":{\"@id\":\"https:\/\/noticiasya.com\/#website\"},\"datePublished\":\"2025-12-16T18:03:47+00:00\",\"breadcrumb\":{\"@id\":\"https:\/\/noticiasya.com\/2025\/12\/16\/quien-es-paloma-valencia-orix\/#breadcrumb\"},\"inLanguage\":\"es\",\"potentialAction\":[{\"@type\":\"ReadAction\",\"target\":[\"https:\/\/noticiasya.com\/2025\/12\/16\/quien-es-paloma-valencia-orix\/\"]}]},{\"@type\":\"BreadcrumbList\",\"@id\":\"https:\/\/noticiasya.com\/2025\/12\/16\/quien-es-paloma-valencia-orix\/#breadcrumb\",\"itemListElement\":[{\"@type\":\"ListItem\",\"position\":1,\"name\":\"Home\",\"item\":\"https:\/\/noticiasya.com\/\"},{\"@type\":\"ListItem\",\"position\":2,\"name\":\"\u00bfQui\u00e9n es Paloma Valencia, la disc\u00edpula de Uribe que busca ser presidenta de Colombia?\"}]},{\"@type\":\"WebSite\",\"@id\":\"https:\/\/noticiasya.com\/#website\",\"url\":\"https:\/\/noticiasya.com\/\",\"name\":\"Noticias\",\"description\":\"Lo que importa\",\"publisher\":{\"@id\":\"https:\/\/noticiasya.com\/#organization\"},\"potentialAction\":[{\"@type\":\"SearchAction\",\"target\":{\"@type\":\"EntryPoint\",\"urlTemplate\":\"https:\/\/noticiasya.com\/?s={search_term_string}\"},\"query-input\":{\"@type\":\"PropertyValueSpecification\",\"valueRequired\":true,\"valueName\":\"search_term_string\"}}],\"inLanguage\":\"es\"},{\"@type\":\"Organization\",\"@id\":\"https:\/\/noticiasya.com\/#organization\",\"name\":\"Noticias\",\"url\":\"https:\/\/noticiasya.com\/\",\"logo\":{\"@type\":\"ImageObject\",\"inLanguage\":\"es\",\"@id\":\"https:\/\/noticiasya.com\/#\/schema\/logo\/image\/\",\"url\":\"https:\/\/noticiasya.com\/wp-content\/uploads\/sites\/22\/2023\/12\/logo-nacional.png\",\"contentUrl\":\"https:\/\/noticiasya.com\/wp-content\/uploads\/sites\/22\/2023\/12\/logo-nacional.png\",\"width\":1801,\"height\":691,\"caption\":\"Noticias\"},\"image\":{\"@id\":\"https:\/\/noticiasya.com\/#\/schema\/logo\/image\/\"}}]}<\/script>\n<!-- \/ Yoast SEO plugin. -->","yoast_head_json":{"title":"\u00bfQui\u00e9n es Paloma Valencia, la disc\u00edpula de Uribe que busca ser presidenta de Colombia? - Noticias","robots":{"index":"index","follow":"follow","max-snippet":"max-snippet:-1","max-image-preview":"max-image-preview:large","max-video-preview":"max-video-preview:-1"},"canonical":"https:\/\/noticiasya.com\/2025\/12\/16\/quien-es-paloma-valencia-orix\/","og_locale":"es_ES","og_type":"article","og_title":"\u00bfQui\u00e9n es Paloma Valencia, la disc\u00edpula de Uribe que busca ser presidenta de Colombia? - Noticias","og_description":"Paloma Valencia quiere que se confirme que ella es la alumna destacada de \u00c1lvaro Uribe que puede llevar a su grupo pol\u00edtico de nuevo a la Presidencia. La senadora, elegida por medio de la encuesta interna del partido Centro Democr\u00e1tico para ser su candidata a las elecciones presidenciales de 2026, lleva a\u00f1os defendiendo el nombre [&hellip;]","og_url":"https:\/\/noticiasya.com\/2025\/12\/16\/quien-es-paloma-valencia-orix\/","og_site_name":"Noticias","article_published_time":"2025-12-16T18:03:47+00:00","twitter_card":"summary_large_image","twitter_misc":{"Est. reading time":"5 minutos"},"schema":{"@context":"https:\/\/schema.org","@graph":[{"@type":"Article","@id":"https:\/\/noticiasya.com\/2025\/12\/16\/quien-es-paloma-valencia-orix\/#article","isPartOf":{"@id":"https:\/\/noticiasya.com\/2025\/12\/16\/quien-es-paloma-valencia-orix\/"},"author":{"name":"","@id":""},"headline":"\u00bfQui\u00e9n es Paloma Valencia, la disc\u00edpula de Uribe que busca ser presidenta de Colombia?","datePublished":"2025-12-16T18:03:47+00:00","mainEntityOfPage":{"@id":"https:\/\/noticiasya.com\/2025\/12\/16\/quien-es-paloma-valencia-orix\/"},"wordCount":963,"commentCount":0,"publisher":{"@id":"https:\/\/noticiasya.com\/#organization"},"articleSection":["Noticias Nacionales"],"inLanguage":"es","potentialAction":[{"@type":"CommentAction","name":"Comment","target":["https:\/\/noticiasya.com\/2025\/12\/16\/quien-es-paloma-valencia-orix\/#respond"]}]},{"@type":"WebPage","@id":"https:\/\/noticiasya.com\/2025\/12\/16\/quien-es-paloma-valencia-orix\/","url":"https:\/\/noticiasya.com\/2025\/12\/16\/quien-es-paloma-valencia-orix\/","name":"\u00bfQui\u00e9n es Paloma Valencia, la disc\u00edpula de Uribe que busca ser presidenta de Colombia? - Noticias","isPartOf":{"@id":"https:\/\/noticiasya.com\/#website"},"datePublished":"2025-12-16T18:03:47+00:00","breadcrumb":{"@id":"https:\/\/noticiasya.com\/2025\/12\/16\/quien-es-paloma-valencia-orix\/#breadcrumb"},"inLanguage":"es","potentialAction":[{"@type":"ReadAction","target":["https:\/\/noticiasya.com\/2025\/12\/16\/quien-es-paloma-valencia-orix\/"]}]},{"@type":"BreadcrumbList","@id":"https:\/\/noticiasya.com\/2025\/12\/16\/quien-es-paloma-valencia-orix\/#breadcrumb","itemListElement":[{"@type":"ListItem","position":1,"name":"Home","item":"https:\/\/noticiasya.com\/"},{"@type":"ListItem","position":2,"name":"\u00bfQui\u00e9n es Paloma Valencia, la disc\u00edpula de Uribe que busca ser presidenta de Colombia?"}]},{"@type":"WebSite","@id":"https:\/\/noticiasya.com\/#website","url":"https:\/\/noticiasya.com\/","name":"Noticias","description":"Lo que importa","publisher":{"@id":"https:\/\/noticiasya.com\/#organization"},"potentialAction":[{"@type":"SearchAction","target":{"@type":"EntryPoint","urlTemplate":"https:\/\/noticiasya.com\/?s={search_term_string}"},"query-input":{"@type":"PropertyValueSpecification","valueRequired":true,"valueName":"search_term_string"}}],"inLanguage":"es"},{"@type":"Organization","@id":"https:\/\/noticiasya.com\/#organization","name":"Noticias","url":"https:\/\/noticiasya.com\/","logo":{"@type":"ImageObject","inLanguage":"es","@id":"https:\/\/noticiasya.com\/#\/schema\/logo\/image\/","url":"https:\/\/noticiasya.com\/wp-content\/uploads\/sites\/22\/2023\/12\/logo-nacional.png","contentUrl":"https:\/\/noticiasya.com\/wp-content\/uploads\/sites\/22\/2023\/12\/logo-nacional.png","width":1801,"height":691,"caption":"Noticias"},"image":{"@id":"https:\/\/noticiasya.com\/#\/schema\/logo\/image\/"}}]}},"parsely":{"version":"1.1.0","canonical_url":"https:\/\/noticiasya.com\/midland-odessa\/2025\/12\/16\/quien-es-paloma-valencia-orix\/","smart_links":{"inbound":0,"outbound":0},"traffic_boost_suggestions_count":0,"meta":{"@context":"https:\/\/schema.org","@type":"NewsArticle","headline":"\u00bfQui\u00e9n es Paloma Valencia, la disc\u00edpula de Uribe que busca ser presidenta de Colombia?","url":"http:\/\/noticiasya.com\/midland-odessa\/2025\/12\/16\/quien-es-paloma-valencia-orix\/","mainEntityOfPage":{"@type":"WebPage","@id":"http:\/\/noticiasya.com\/midland-odessa\/2025\/12\/16\/quien-es-paloma-valencia-orix\/"},"thumbnailUrl":"","image":{"@type":"ImageObject","url":""},"articleSection":"Noticias Nacionales","author":[],"creator":[],"publisher":{"@type":"Organization","name":"Noticias","logo":""},"keywords":[],"dateCreated":"2025-12-16T18:03:47Z","datePublished":"2025-12-16T18:03:47Z","dateModified":"2025-12-16T18:03:47Z"},"rendered":"<script type=\"application\/ld+json\" class=\"wp-parsely-metadata\">{\"@context\":\"https:\\\/\\\/schema.org\",\"@type\":\"NewsArticle\",\"headline\":\"\\u00bfQui\\u00e9n es Paloma Valencia, la disc\\u00edpula de Uribe que busca ser presidenta de Colombia?\",\"url\":\"http:\\\/\\\/noticiasya.com\\\/midland-odessa\\\/2025\\\/12\\\/16\\\/quien-es-paloma-valencia-orix\\\/\",\"mainEntityOfPage\":{\"@type\":\"WebPage\",\"@id\":\"http:\\\/\\\/noticiasya.com\\\/midland-odessa\\\/2025\\\/12\\\/16\\\/quien-es-paloma-valencia-orix\\\/\"},\"thumbnailUrl\":\"\",\"image\":{\"@type\":\"ImageObject\",\"url\":\"\"},\"articleSection\":\"Noticias Nacionales\",\"author\":[],\"creator\":[],\"publisher\":{\"@type\":\"Organization\",\"name\":\"Noticias\",\"logo\":\"\"},\"keywords\":[],\"dateCreated\":\"2025-12-16T18:03:47Z\",\"datePublished\":\"2025-12-16T18:03:47Z\",\"dateModified\":\"2025-12-16T18:03:47Z\"}<\/script>","tracker_url":"https:\/\/cdn.parsely.com\/keys\/noticiasya.com\/p.js"},"jetpack_featured_media_url":"","jetpack-related-posts":[{"id":1472013,"url":"https:\/\/noticiasya.com\/midland-odessa\/2026\/03\/09\/quien-es-paloma-valencia-consulta-derecha-orix\/","url_meta":{"origin":1469311,"position":0},"title":"\u00bfQui\u00e9n es Paloma Valencia, la ganadora de la consulta de la derecha que busca ser presidenta de Colombia?","author":"","date":"marzo 9, 2026","format":false,"excerpt":"Paloma Valencia acaba de confirmar que es la alumna destacada de \u00c1lvaro Uribe y busca demostrar que puede llevar a su grupo pol\u00edtico de nuevo a la Presidencia. La senadora, elegida candidata tras ganar la consulta de la derecha en Colombia como aspirante del partido Centro Democr\u00e1tico, lleva a\u00f1os defendiendo\u2026","rel":"","context":"In &quot;Noticias Nacionales&quot;","block_context":{"text":"Noticias Nacionales","link":"https:\/\/noticiasya.com\/midland-odessa\/categoria\/noticias-nacionales"},"img":{"alt_text":"","src":"","width":0,"height":0},"classes":[]},{"id":1472087,"url":"https:\/\/noticiasya.com\/midland-odessa\/2026\/03\/11\/paloma-valencia-nuevas-negociaciones-paz-grupos-armados-conclusiones-orix\/","url_meta":{"origin":1469311,"position":1},"title":"Paloma Valencia descarta nuevas negociaciones de paz y propone c\u00e1rcel para grupos armados","author":"","date":"marzo 11, 2026","format":false,"excerpt":"La candidata presidencial de la derecha en Colombia, Paloma Valencia, asegur\u00f3 que, de llegar al poder, no promover\u00e1 nuevos procesos de negociaci\u00f3n con grupos armados y apostar\u00e1 en cambio por una pol\u00edtica de sometimiento a la justicia acompa\u00f1ada de una estrategia de seguridad m\u00e1s fuerte.\u201cNo considero que este pa\u00eds necesite\u2026","rel":"","context":"In &quot;Noticias Nacionales&quot;","block_context":{"text":"Noticias Nacionales","link":"https:\/\/noticiasya.com\/midland-odessa\/categoria\/noticias-nacionales"},"img":{"alt_text":"","src":"","width":0,"height":0},"classes":[]},{"id":1472005,"url":"https:\/\/noticiasya.com\/midland-odessa\/2026\/03\/08\/ganadores-perdedores-consultas-interpartidistas-oviedo-orix\/","url_meta":{"origin":1469311,"position":2},"title":"Los ganadores y perdedores de las consultas interpartidistas en Colombia","author":"","date":"marzo 8, 2026","format":false,"excerpt":"En Colombia este domingo 8 de marzo se llevaron a cabo, a la par de las elecciones para el Congreso, consultas interpartidistas para escoger tres candidatos para las elecciones presidenciales de mayo. Los tres que salieron victoriosos son Paloma Valencia \u2014de la consulta de los movimientos y partidos de la\u2026","rel":"","context":"In &quot;Noticias Nacionales&quot;","block_context":{"text":"Noticias Nacionales","link":"https:\/\/noticiasya.com\/midland-odessa\/categoria\/noticias-nacionales"},"img":{"alt_text":"","src":"","width":0,"height":0},"classes":[]},{"id":1473126,"url":"https:\/\/noticiasya.com\/midland-odessa\/2026\/04\/14\/amenazas-candidatos-presidenciales-elecciones-orix\/","url_meta":{"origin":1469311,"position":3},"title":"Amenazas contra candidatos presidenciales en Colombia encienden alarmas cuando falta poco m\u00e1s de un mes para las elecciones","author":"","date":"abril 14, 2026","format":false,"excerpt":"En la antesala de las elecciones presidenciales en Colombia, las amenazas ensombrecen el proceso. Este domingo, el expresidente de Colombia \u00c1lvaro Uribe, l\u00edder del partido opositor de derecha Centro Democr\u00e1tico, public\u00f3 en sus redes sociales la fotograf\u00eda de una corona funeraria y un falso obituario con la frase \u201cPaloma Valencia\u2026","rel":"","context":"In &quot;Noticias Nacionales&quot;","block_context":{"text":"Noticias Nacionales","link":"https:\/\/noticiasya.com\/midland-odessa\/categoria\/noticias-nacionales"},"img":{"alt_text":"","src":"","width":0,"height":0},"classes":[]},{"id":1463797,"url":"https:\/\/noticiasya.com\/midland-odessa\/2025\/06\/20\/refuerzan-seguridad-precandidatos-presidenciales-colombia-orix\/","url_meta":{"origin":1469311,"position":4},"title":"Refuerzan la seguridad de seis precandidatos presidenciales y un dirigente de partido en Colombia","author":"","date":"junio 20, 2025","format":false,"excerpt":"El Gobierno de Colombia reforz\u00f3 la seguridad de seis precandidatos presidenciales y un dirigente de partido, despu\u00e9s del atentado que el 7 de junio sufri\u00f3 el senador y precandidato Miguel Uribe Turbay, inform\u00f3 este viernes el director de la Unidad Nacional de Protecci\u00f3n (UNP), Augusto Rodr\u00edguez.Durante una rueda de prensa\u2026","rel":"","context":"In &quot;Noticias Nacionales&quot;","block_context":{"text":"Noticias Nacionales","link":"https:\/\/noticiasya.com\/midland-odessa\/categoria\/noticias-nacionales"},"img":{"alt_text":"","src":"","width":0,"height":0},"classes":[]},{"id":1472028,"url":"https:\/\/noticiasya.com\/midland-odessa\/2026\/03\/09\/elecciones-legislativas-congreso-presidente-petro-orix\/","url_meta":{"origin":1469311,"position":5},"title":"Colombia ya eligi\u00f3 a su nuevo Congreso: \u00bfqu\u00e9 significa para el pr\u00f3ximo presidente y sucesor de Petro?","author":"","date":"marzo 9, 2026","format":false,"excerpt":"Los colombianos empezaron ayer la intensa recta de su ciclo electoral m\u00e1s importante con los comicios legislativos que decidi\u00f3 la nueva conformaci\u00f3n del Senado y de la C\u00e1mara de Representantes. El voto de este domingo fue la antesala de las elecciones presidenciales del 31 de mayo pr\u00f3ximo, que, luego de\u2026","rel":"","context":"In &quot;Noticias Nacionales&quot;","block_context":{"text":"Noticias Nacionales","link":"https:\/\/noticiasya.com\/midland-odessa\/categoria\/noticias-nacionales"},"img":{"alt_text":"","src":"","width":0,"height":0},"classes":[]}],"jetpack_sharing_enabled":true,"_links":{"self":[{"href":"https:\/\/noticiasya.com\/midland-odessa\/wp-json\/wp\/v2\/posts\/1469311","targetHints":{"allow":["GET"]}}],"collection":[{"href":"https:\/\/noticiasya.com\/midland-odessa\/wp-json\/wp\/v2\/posts"}],"about":[{"href":"https:\/\/noticiasya.com\/midland-odessa\/wp-json\/wp\/v2\/types\/post"}],"replies":[{"embeddable":true,"href":"https:\/\/noticiasya.com\/midland-odessa\/wp-json\/wp\/v2\/comments?post=1469311"}],"version-history":[{"count":0,"href":"https:\/\/noticiasya.com\/midland-odessa\/wp-json\/wp\/v2\/posts\/1469311\/revisions"}],"wp:attachment":[{"href":"https:\/\/noticiasya.com\/midland-odessa\/wp-json\/wp\/v2\/media?parent=1469311"}],"wp:term":[{"taxonomy":"category","embeddable":true,"href":"https:\/\/noticiasya.com\/midland-odessa\/wp-json\/wp\/v2\/categories?post=1469311"},{"taxonomy":"post_tag","embeddable":true,"href":"https:\/\/noticiasya.com\/midland-odessa\/wp-json\/wp\/v2\/tags?post=1469311"}],"curies":[{"name":"wp","href":"https:\/\/api.w.org\/{rel}","templated":true}]}}