{"id":1469312,"date":"2025-12-16T10:03:47","date_gmt":"2025-12-16T18:03:47","guid":{"rendered":"https:\/\/noticiasya.com\/2025\/12\/16\/no-publicaran-video-doble-ataque-caribe-hegseth-trax\/"},"modified":"2025-12-16T10:03:47","modified_gmt":"2025-12-16T18:03:47","slug":"no-publicaran-video-doble-ataque-caribe-hegseth-trax","status":"publish","type":"post","link":"https:\/\/noticiasya.com\/midland-odessa\/2025\/12\/16\/no-publicaran-video-doble-ataque-caribe-hegseth-trax\/","title":{"rendered":"El Gobierno de Trump no publicar\u00e1 entero el video del cuestionado doble ataque a un bote en el Caribe, dice Hegseth"},"content":{"rendered":"<p>El Pent\u00e1gono no har\u00e1 p\u00fablico el video completo del ataque de las fuerzas estadounidenses contra un bote que supuestamente transportaba drogas el 2 de septiembre, declar\u00f3 este martes el secretario de Defensa Pete Hegseth.<\/p>\n<p>El episodio, que incluy\u00f3 un segundo ataque que caus\u00f3 la muerte de dos tripulantes que hab\u00edan sobrevivido al primero, ha estado en el centro del debate sobre la legalidad de la campa\u00f1a militar estadounidense en el Caribe.<\/p>\n<p>\u201cDe acuerdo con la pol\u00edtica de larga data del Departamento de Guerra \u2014el Departamento de Defensa\u2014, por supuesto que no vamos a publicar un video altamente secreto, completo y sin editar al p\u00fablico en general\u201d, dijo Hegseth a los periodistas en el Capitolio. \u201cLa Comisi\u00f3n de Servicios Armados de la C\u00e1mara de Representantes y la Comisi\u00f3n de Servicios Armados del Senado, as\u00ed como otras comisiones pertinentes, lo ver\u00e1n, pero no el p\u00fablico en general\u201d.<\/p>\n<p>Hegseth habl\u00f3 con los periodistas junto al secretario de Estado, Marco Rubio, tras una reuni\u00f3n informativa sobre los ataques a puertas cerradas con legisladores.<\/p>\n<p>Legisladores clave de ambos partidos han expresado su apoyo a la publicaci\u00f3n del video, del cual se comparti\u00f3 un fragmento p\u00fablicamente en el momento del ataque. El presidente Donald Trump dijo inicialmente que no tendr\u00eda \u201cning\u00fan problema\u201d en publicar el video, antes de negar, pocos d\u00edas despu\u00e9s, haber hecho tales comentarios.<\/p>\n<p>El l\u00edder de la minor\u00eda en el Senado, Chuck Schumer, afirm\u00f3 que Hegseth se neg\u00f3 a compartir con los legisladores el video sin editar durante la reuni\u00f3n de este martes.<\/p>\n<p>\u201cEl Gobierno lleg\u00f3 a esta reuni\u00f3n con las manos vac\u00edas. Esa es la principal cuesti\u00f3n que nos preocupa. Si no pueden ser transparentes en esto, \u00bfc\u00f3mo podemos confiar en su transparencia en todos los dem\u00e1s asuntos que rodean la situaci\u00f3n en el Caribe?\u201d, pregunt\u00f3 Schumer despu\u00e9s de la reuni\u00f3n.<\/p>\n<p>Schumer declar\u00f3 a periodistas que no deber\u00eda haber \u201cning\u00fan problema\u201d para proteger las fuentes y los m\u00e9todos clasificados de las fuerzas estadounidenses al compartir el video con los senadores, ya que podr\u00edan verlo en un entorno seguro.<\/p>\n<p>Tambi\u00e9n dijo que todos los estadounidenses deber\u00edan poder ver una \u201cversi\u00f3n adecuada\u201d del video, y agreg\u00f3 que le pareci\u00f3 \u201cprofundamente preocupante\u201d cuando lo vio la semana pasada.<\/p>\n<p>Despu\u00e9s de que Hegseth le dijera en una reuni\u00f3n informativa con los principales l\u00edderes del Congreso que considerar\u00eda permitir que m\u00e1s legisladores vieran el video de los ataques del 2 de septiembre, Schumer afirm\u00f3 que el jefe del Pent\u00e1gono lleg\u00f3 el martes \u201csin respuesta y sin el video\u201d.<\/p>\n<p>\u201cSu argumento fue que podr\u00eda revelar informaci\u00f3n confidencial. Eso no deber\u00eda ser as\u00ed. Respeto la informaci\u00f3n clasificada. Cuando se hace en una sala segura, ese argumento pierde validez\u201d, dijo.<\/p>\n<p>The-CNN-Wire<br \/>&trade; &amp; &copy; 2025 Cable News Network, Inc., a Warner Bros. Discovery Company. All rights reserved.<\/p>\n","protected":false},"excerpt":{"rendered":"<p>El Pent\u00e1gono no har\u00e1 p\u00fablico el video completo del ataque de las fuerzas estadounidenses contra un bote que supuestamente transportaba drogas el 2 de septiembre, declar\u00f3 este martes el secretario de Defensa Pete Hegseth. El episodio, que incluy\u00f3 un segundo ataque que caus\u00f3 la muerte de dos tripulantes que hab\u00edan sobrevivido al primero, ha estado [&hellip;]<\/p>\n","protected":false},"author":0,"featured_media":0,"comment_status":"open","ping_status":"open","sticky":false,"template":"","format":"standard","meta":{"_jetpack_memberships_contains_paid_content":false,"footnotes":""},"categories":[10],"tags":[],"class_list":["post-1469312","post","type-post","status-publish","format-standard","hentry","category-noticias-nacionales","market-global"],"yoast_head":"<!-- This site is optimized with the Yoast SEO plugin v24.4 - https:\/\/yoast.com\/wordpress\/plugins\/seo\/ -->\n<title>El Gobierno de Trump no publicar\u00e1 entero el video del cuestionado doble ataque a un bote en el Caribe, dice Hegseth - Noticias<\/title>\n<meta name=\"robots\" content=\"index, follow, max-snippet:-1, max-image-preview:large, max-video-preview:-1\" \/>\n<link rel=\"canonical\" href=\"https:\/\/noticiasya.com\/2025\/12\/16\/no-publicaran-video-doble-ataque-caribe-hegseth-trax\/\" \/>\n<meta property=\"og:locale\" content=\"es_ES\" \/>\n<meta property=\"og:type\" content=\"article\" \/>\n<meta property=\"og:title\" content=\"El Gobierno de Trump no publicar\u00e1 entero el video del cuestionado doble ataque a un bote en el Caribe, dice Hegseth - Noticias\" \/>\n<meta property=\"og:description\" content=\"El Pent\u00e1gono no har\u00e1 p\u00fablico el video completo del ataque de las fuerzas estadounidenses contra un bote que supuestamente transportaba drogas el 2 de septiembre, declar\u00f3 este martes el secretario de Defensa Pete Hegseth. El episodio, que incluy\u00f3 un segundo ataque que caus\u00f3 la muerte de dos tripulantes que hab\u00edan sobrevivido al primero, ha estado [&hellip;]\" \/>\n<meta property=\"og:url\" content=\"https:\/\/noticiasya.com\/2025\/12\/16\/no-publicaran-video-doble-ataque-caribe-hegseth-trax\/\" \/>\n<meta property=\"og:site_name\" content=\"Noticias\" \/>\n<meta property=\"article:published_time\" content=\"2025-12-16T18:03:47+00:00\" \/>\n<meta name=\"twitter:card\" content=\"summary_large_image\" \/>\n<meta name=\"twitter:label1\" content=\"Est. reading time\" \/>\n\t<meta name=\"twitter:data1\" content=\"3 minutos\" \/>\n<script type=\"application\/ld+json\" class=\"yoast-schema-graph\">{\"@context\":\"https:\/\/schema.org\",\"@graph\":[{\"@type\":\"Article\",\"@id\":\"https:\/\/noticiasya.com\/2025\/12\/16\/no-publicaran-video-doble-ataque-caribe-hegseth-trax\/#article\",\"isPartOf\":{\"@id\":\"https:\/\/noticiasya.com\/2025\/12\/16\/no-publicaran-video-doble-ataque-caribe-hegseth-trax\/\"},\"author\":{\"name\":\"\",\"@id\":\"\"},\"headline\":\"El Gobierno de Trump no publicar\u00e1 entero el video del cuestionado doble ataque a un bote en el Caribe, dice Hegseth\",\"datePublished\":\"2025-12-16T18:03:47+00:00\",\"mainEntityOfPage\":{\"@id\":\"https:\/\/noticiasya.com\/2025\/12\/16\/no-publicaran-video-doble-ataque-caribe-hegseth-trax\/\"},\"wordCount\":521,\"commentCount\":0,\"publisher\":{\"@id\":\"https:\/\/noticiasya.com\/#organization\"},\"articleSection\":[\"Noticias Nacionales\"],\"inLanguage\":\"es\",\"potentialAction\":[{\"@type\":\"CommentAction\",\"name\":\"Comment\",\"target\":[\"https:\/\/noticiasya.com\/2025\/12\/16\/no-publicaran-video-doble-ataque-caribe-hegseth-trax\/#respond\"]}]},{\"@type\":\"WebPage\",\"@id\":\"https:\/\/noticiasya.com\/2025\/12\/16\/no-publicaran-video-doble-ataque-caribe-hegseth-trax\/\",\"url\":\"https:\/\/noticiasya.com\/2025\/12\/16\/no-publicaran-video-doble-ataque-caribe-hegseth-trax\/\",\"name\":\"El Gobierno de Trump no publicar\u00e1 entero el video del cuestionado doble ataque a un bote en el Caribe, dice Hegseth - Noticias\",\"isPartOf\":{\"@id\":\"https:\/\/noticiasya.com\/#website\"},\"datePublished\":\"2025-12-16T18:03:47+00:00\",\"breadcrumb\":{\"@id\":\"https:\/\/noticiasya.com\/2025\/12\/16\/no-publicaran-video-doble-ataque-caribe-hegseth-trax\/#breadcrumb\"},\"inLanguage\":\"es\",\"potentialAction\":[{\"@type\":\"ReadAction\",\"target\":[\"https:\/\/noticiasya.com\/2025\/12\/16\/no-publicaran-video-doble-ataque-caribe-hegseth-trax\/\"]}]},{\"@type\":\"BreadcrumbList\",\"@id\":\"https:\/\/noticiasya.com\/2025\/12\/16\/no-publicaran-video-doble-ataque-caribe-hegseth-trax\/#breadcrumb\",\"itemListElement\":[{\"@type\":\"ListItem\",\"position\":1,\"name\":\"Home\",\"item\":\"https:\/\/noticiasya.com\/\"},{\"@type\":\"ListItem\",\"position\":2,\"name\":\"El Gobierno de Trump no publicar\u00e1 entero el video del cuestionado doble ataque a un bote en el Caribe, dice Hegseth\"}]},{\"@type\":\"WebSite\",\"@id\":\"https:\/\/noticiasya.com\/#website\",\"url\":\"https:\/\/noticiasya.com\/\",\"name\":\"Noticias\",\"description\":\"Lo que importa\",\"publisher\":{\"@id\":\"https:\/\/noticiasya.com\/#organization\"},\"potentialAction\":[{\"@type\":\"SearchAction\",\"target\":{\"@type\":\"EntryPoint\",\"urlTemplate\":\"https:\/\/noticiasya.com\/?s={search_term_string}\"},\"query-input\":{\"@type\":\"PropertyValueSpecification\",\"valueRequired\":true,\"valueName\":\"search_term_string\"}}],\"inLanguage\":\"es\"},{\"@type\":\"Organization\",\"@id\":\"https:\/\/noticiasya.com\/#organization\",\"name\":\"Noticias\",\"url\":\"https:\/\/noticiasya.com\/\",\"logo\":{\"@type\":\"ImageObject\",\"inLanguage\":\"es\",\"@id\":\"https:\/\/noticiasya.com\/#\/schema\/logo\/image\/\",\"url\":\"https:\/\/noticiasya.com\/wp-content\/uploads\/sites\/22\/2023\/12\/logo-nacional.png\",\"contentUrl\":\"https:\/\/noticiasya.com\/wp-content\/uploads\/sites\/22\/2023\/12\/logo-nacional.png\",\"width\":1801,\"height\":691,\"caption\":\"Noticias\"},\"image\":{\"@id\":\"https:\/\/noticiasya.com\/#\/schema\/logo\/image\/\"}}]}<\/script>\n<!-- \/ Yoast SEO plugin. -->","yoast_head_json":{"title":"El Gobierno de Trump no publicar\u00e1 entero el video del cuestionado doble ataque a un bote en el Caribe, dice Hegseth - Noticias","robots":{"index":"index","follow":"follow","max-snippet":"max-snippet:-1","max-image-preview":"max-image-preview:large","max-video-preview":"max-video-preview:-1"},"canonical":"https:\/\/noticiasya.com\/2025\/12\/16\/no-publicaran-video-doble-ataque-caribe-hegseth-trax\/","og_locale":"es_ES","og_type":"article","og_title":"El Gobierno de Trump no publicar\u00e1 entero el video del cuestionado doble ataque a un bote en el Caribe, dice Hegseth - Noticias","og_description":"El Pent\u00e1gono no har\u00e1 p\u00fablico el video completo del ataque de las fuerzas estadounidenses contra un bote que supuestamente transportaba drogas el 2 de septiembre, declar\u00f3 este martes el secretario de Defensa Pete Hegseth. El episodio, que incluy\u00f3 un segundo ataque que caus\u00f3 la muerte de dos tripulantes que hab\u00edan sobrevivido al primero, ha estado [&hellip;]","og_url":"https:\/\/noticiasya.com\/2025\/12\/16\/no-publicaran-video-doble-ataque-caribe-hegseth-trax\/","og_site_name":"Noticias","article_published_time":"2025-12-16T18:03:47+00:00","twitter_card":"summary_large_image","twitter_misc":{"Est. reading time":"3 minutos"},"schema":{"@context":"https:\/\/schema.org","@graph":[{"@type":"Article","@id":"https:\/\/noticiasya.com\/2025\/12\/16\/no-publicaran-video-doble-ataque-caribe-hegseth-trax\/#article","isPartOf":{"@id":"https:\/\/noticiasya.com\/2025\/12\/16\/no-publicaran-video-doble-ataque-caribe-hegseth-trax\/"},"author":{"name":"","@id":""},"headline":"El Gobierno de Trump no publicar\u00e1 entero el video del cuestionado doble ataque a un bote en el Caribe, dice Hegseth","datePublished":"2025-12-16T18:03:47+00:00","mainEntityOfPage":{"@id":"https:\/\/noticiasya.com\/2025\/12\/16\/no-publicaran-video-doble-ataque-caribe-hegseth-trax\/"},"wordCount":521,"commentCount":0,"publisher":{"@id":"https:\/\/noticiasya.com\/#organization"},"articleSection":["Noticias Nacionales"],"inLanguage":"es","potentialAction":[{"@type":"CommentAction","name":"Comment","target":["https:\/\/noticiasya.com\/2025\/12\/16\/no-publicaran-video-doble-ataque-caribe-hegseth-trax\/#respond"]}]},{"@type":"WebPage","@id":"https:\/\/noticiasya.com\/2025\/12\/16\/no-publicaran-video-doble-ataque-caribe-hegseth-trax\/","url":"https:\/\/noticiasya.com\/2025\/12\/16\/no-publicaran-video-doble-ataque-caribe-hegseth-trax\/","name":"El Gobierno de Trump no publicar\u00e1 entero el video del cuestionado doble ataque a un bote en el Caribe, dice Hegseth - Noticias","isPartOf":{"@id":"https:\/\/noticiasya.com\/#website"},"datePublished":"2025-12-16T18:03:47+00:00","breadcrumb":{"@id":"https:\/\/noticiasya.com\/2025\/12\/16\/no-publicaran-video-doble-ataque-caribe-hegseth-trax\/#breadcrumb"},"inLanguage":"es","potentialAction":[{"@type":"ReadAction","target":["https:\/\/noticiasya.com\/2025\/12\/16\/no-publicaran-video-doble-ataque-caribe-hegseth-trax\/"]}]},{"@type":"BreadcrumbList","@id":"https:\/\/noticiasya.com\/2025\/12\/16\/no-publicaran-video-doble-ataque-caribe-hegseth-trax\/#breadcrumb","itemListElement":[{"@type":"ListItem","position":1,"name":"Home","item":"https:\/\/noticiasya.com\/"},{"@type":"ListItem","position":2,"name":"El Gobierno de Trump no publicar\u00e1 entero el video del cuestionado doble ataque a un bote en el Caribe, dice Hegseth"}]},{"@type":"WebSite","@id":"https:\/\/noticiasya.com\/#website","url":"https:\/\/noticiasya.com\/","name":"Noticias","description":"Lo que importa","publisher":{"@id":"https:\/\/noticiasya.com\/#organization"},"potentialAction":[{"@type":"SearchAction","target":{"@type":"EntryPoint","urlTemplate":"https:\/\/noticiasya.com\/?s={search_term_string}"},"query-input":{"@type":"PropertyValueSpecification","valueRequired":true,"valueName":"search_term_string"}}],"inLanguage":"es"},{"@type":"Organization","@id":"https:\/\/noticiasya.com\/#organization","name":"Noticias","url":"https:\/\/noticiasya.com\/","logo":{"@type":"ImageObject","inLanguage":"es","@id":"https:\/\/noticiasya.com\/#\/schema\/logo\/image\/","url":"https:\/\/noticiasya.com\/wp-content\/uploads\/sites\/22\/2023\/12\/logo-nacional.png","contentUrl":"https:\/\/noticiasya.com\/wp-content\/uploads\/sites\/22\/2023\/12\/logo-nacional.png","width":1801,"height":691,"caption":"Noticias"},"image":{"@id":"https:\/\/noticiasya.com\/#\/schema\/logo\/image\/"}}]}},"parsely":{"version":"1.1.0","canonical_url":"https:\/\/noticiasya.com\/midland-odessa\/2025\/12\/16\/no-publicaran-video-doble-ataque-caribe-hegseth-trax\/","smart_links":{"inbound":0,"outbound":0},"traffic_boost_suggestions_count":0,"meta":{"@context":"https:\/\/schema.org","@type":"NewsArticle","headline":"El Gobierno de Trump no publicar\u00e1 entero el video del cuestionado doble ataque a un bote en el Caribe, dice Hegseth","url":"http:\/\/noticiasya.com\/midland-odessa\/2025\/12\/16\/no-publicaran-video-doble-ataque-caribe-hegseth-trax\/","mainEntityOfPage":{"@type":"WebPage","@id":"http:\/\/noticiasya.com\/midland-odessa\/2025\/12\/16\/no-publicaran-video-doble-ataque-caribe-hegseth-trax\/"},"thumbnailUrl":"","image":{"@type":"ImageObject","url":""},"articleSection":"Noticias Nacionales","author":[],"creator":[],"publisher":{"@type":"Organization","name":"Noticias","logo":""},"keywords":[],"dateCreated":"2025-12-16T18:03:47Z","datePublished":"2025-12-16T18:03:47Z","dateModified":"2025-12-16T18:03:47Z"},"rendered":"<script type=\"application\/ld+json\" class=\"wp-parsely-metadata\">{\"@context\":\"https:\\\/\\\/schema.org\",\"@type\":\"NewsArticle\",\"headline\":\"El Gobierno de Trump no publicar\\u00e1 entero el video del cuestionado doble ataque a un bote en el Caribe, dice Hegseth\",\"url\":\"http:\\\/\\\/noticiasya.com\\\/midland-odessa\\\/2025\\\/12\\\/16\\\/no-publicaran-video-doble-ataque-caribe-hegseth-trax\\\/\",\"mainEntityOfPage\":{\"@type\":\"WebPage\",\"@id\":\"http:\\\/\\\/noticiasya.com\\\/midland-odessa\\\/2025\\\/12\\\/16\\\/no-publicaran-video-doble-ataque-caribe-hegseth-trax\\\/\"},\"thumbnailUrl\":\"\",\"image\":{\"@type\":\"ImageObject\",\"url\":\"\"},\"articleSection\":\"Noticias Nacionales\",\"author\":[],\"creator\":[],\"publisher\":{\"@type\":\"Organization\",\"name\":\"Noticias\",\"logo\":\"\"},\"keywords\":[],\"dateCreated\":\"2025-12-16T18:03:47Z\",\"datePublished\":\"2025-12-16T18:03:47Z\",\"dateModified\":\"2025-12-16T18:03:47Z\"}<\/script>","tracker_url":"https:\/\/cdn.parsely.com\/keys\/noticiasya.com\/p.js"},"jetpack_featured_media_url":"","jetpack-related-posts":[{"id":1468310,"url":"https:\/\/noticiasya.com\/midland-odessa\/2025\/11\/13\/ataque-bote-drogas-caribe-trax\/","url_meta":{"origin":1469312,"position":0},"title":"Hay cuatro muertos en vig\u00e9simo ataque de EE.UU. contra un presunto narcobote en el Caribe","author":"","date":"noviembre 13, 2025","format":false,"excerpt":"El Pent\u00e1gono llev\u00f3 a cabo su vig\u00e9simo ataque contra una embarcaci\u00f3n que supuestamente traficaba drogas a principios de esta semana, dijo este jueves un funcionario del Departamento de Defensa.\u201cEl ataque ocurri\u00f3 en el Caribe y cuatro narco-terroristas murieron; no hubo sobrevivientes\u201d, confirm\u00f3 el funcionario en un comunicado a CNN. Funcionarios\u2026","rel":"","context":"In &quot;Noticias Nacionales&quot;","block_context":{"text":"Noticias Nacionales","link":"https:\/\/noticiasya.com\/midland-odessa\/categoria\/noticias-nacionales"},"img":{"alt_text":"","src":"","width":0,"height":0},"classes":[]},{"id":1467094,"url":"https:\/\/noticiasya.com\/midland-odessa\/2025\/10\/03\/f35-puerto-rico-bombas-caribe-orix\/","url_meta":{"origin":1469312,"position":1},"title":"EE.UU. muestra a sus F-35 en Puerto Rico armados con bombas horas antes de anunciar destrucci\u00f3n de otro bote en el Caribe","author":"","date":"octubre 3, 2025","format":false,"excerpt":"\u201cLetalidad y combate\u201d, comienza diciendo una publicaci\u00f3n en X hecha este viernes por el Comando Sur de Estados Unidos que muestra, por primera vez desde el inicio de la crisis con Venezuela en el Caribe, a sus avanzados cazas F-35 desplegados en Puerto Rico.La publicaci\u00f3n del video ocurri\u00f3 horas antes\u2026","rel":"","context":"In &quot;Noticias Nacionales&quot;","block_context":{"text":"Noticias Nacionales","link":"https:\/\/noticiasya.com\/midland-odessa\/categoria\/noticias-nacionales"},"img":{"alt_text":"","src":"","width":0,"height":0},"classes":[]},{"id":1469299,"url":"https:\/\/noticiasya.com\/midland-odessa\/2025\/12\/16\/ataques-botes-eeuu-caribe-pacifico-narco-venezuela-cronologia-orix\/","url_meta":{"origin":1469312,"position":2},"title":"25 botes destruidos, 95 muertos y una crisis que crece en el Caribe y el Pac\u00edfico: cronolog\u00eda de los ataques de EE.UU.","author":"","date":"diciembre 16, 2025","format":false,"excerpt":"Las Fuerzas Militares de EE.UU. atacaron tres embarcaciones presuntamente dedicadas al narcotr\u00e1fico en el este del oc\u00e9ano Pac\u00edfico el lunes. Seg\u00fan el Comando Sur de EE.UU., al menos ocho personas murieron como resultado del operativo.Con ello, desde el 2 de septiembre suman 25 botes destruidos en 23 ataques efectuados en\u2026","rel":"","context":"In &quot;Noticias Nacionales&quot;","block_context":{"text":"Noticias Nacionales","link":"https:\/\/noticiasya.com\/midland-odessa\/categoria\/noticias-nacionales"},"img":{"alt_text":"","src":"","width":0,"height":0},"classes":[]},{"id":1471563,"url":"https:\/\/noticiasya.com\/midland-odessa\/2026\/02\/23\/fuerzas-armadas-eeuu-atacan-bote-caribe-3-muertos-trax\/","url_meta":{"origin":1469312,"position":3},"title":"Fuerzas Armadas de EE.UU. atacan otro bote en el Caribe que presuntamente transportaba drogas; hay 3 muertos","author":"","date":"febrero 23, 2026","format":false,"excerpt":"Las Fuerzas Armadas de EE.UU. llevaron a cabo un ataque contra una presunta lancha de narcotr\u00e1fico en el Caribe este lunes, matando a tres personas, anunci\u00f3 el Comando Sur de EE.UU. en una publicaci\u00f3n en redes sociales.La publicaci\u00f3n, que inclu\u00eda un video del ataque, dijo que la lancha era \u201coperada\u2026","rel":"","context":"In &quot;Noticias Nacionales&quot;","block_context":{"text":"Noticias Nacionales","link":"https:\/\/noticiasya.com\/midland-odessa\/categoria\/noticias-nacionales"},"img":{"alt_text":"","src":"","width":0,"height":0},"classes":[]},{"id":1469652,"url":"https:\/\/noticiasya.com\/midland-odessa\/2025\/12\/29\/cronologia-ataques-eeuu-caribe-pacifico-venezuela-orix\/","url_meta":{"origin":1469312,"position":4},"title":"31 botes destruidos, m\u00e1s de 100 muertos y una crisis que crece en Caribe y Pac\u00edfico: cronolog\u00eda de los ataques de EE.UU.","author":"","date":"diciembre 29, 2025","format":false,"excerpt":"Este lunes, a pocos d\u00edas de cerrar el 2025, las Fuerzas Militares de EE.UU. ejecutaron otro ataque contra una presunta embarcaci\u00f3n de narcotr\u00e1fico en el oc\u00e9ano Pac\u00edfico oriental en el que murieron dos personas, seg\u00fan el Comando Sur de EE.UU.Con ello, desde el 2 de septiembre suman 31 botes destruidos\u2026","rel":"","context":"In &quot;Noticias Nacionales&quot;","block_context":{"text":"Noticias Nacionales","link":"https:\/\/noticiasya.com\/midland-odessa\/categoria\/noticias-nacionales"},"img":{"alt_text":"","src":"","width":0,"height":0},"classes":[]},{"id":1468871,"url":"https:\/\/noticiasya.com\/midland-odessa\/2025\/12\/01\/exigen-audio-video-doble-ataque-caribe-trax\/","url_meta":{"origin":1469312,"position":5},"title":"Legisladores exigen audio y video de operaci\u00f3n en el Caribe mientras un doble ataque genera preocupaci\u00f3n en el Capitolio","author":"","date":"diciembre 1, 2025","format":false,"excerpt":"El presidente republicano de la Comisi\u00f3n de Servicios Armados del Senado dijo el lunes que el secretario de Defensa, Pete Hegseth, le confirm\u00f3 que hubo un segundo ataque estadounidense contra un presunto bote con drogas en el Caribe en septiembre, un incidente que ha generado un escrutinio bipartidista en el\u2026","rel":"","context":"In &quot;Noticias Nacionales&quot;","block_context":{"text":"Noticias Nacionales","link":"https:\/\/noticiasya.com\/midland-odessa\/categoria\/noticias-nacionales"},"img":{"alt_text":"","src":"","width":0,"height":0},"classes":[]}],"jetpack_sharing_enabled":true,"_links":{"self":[{"href":"https:\/\/noticiasya.com\/midland-odessa\/wp-json\/wp\/v2\/posts\/1469312","targetHints":{"allow":["GET"]}}],"collection":[{"href":"https:\/\/noticiasya.com\/midland-odessa\/wp-json\/wp\/v2\/posts"}],"about":[{"href":"https:\/\/noticiasya.com\/midland-odessa\/wp-json\/wp\/v2\/types\/post"}],"replies":[{"embeddable":true,"href":"https:\/\/noticiasya.com\/midland-odessa\/wp-json\/wp\/v2\/comments?post=1469312"}],"version-history":[{"count":0,"href":"https:\/\/noticiasya.com\/midland-odessa\/wp-json\/wp\/v2\/posts\/1469312\/revisions"}],"wp:attachment":[{"href":"https:\/\/noticiasya.com\/midland-odessa\/wp-json\/wp\/v2\/media?parent=1469312"}],"wp:term":[{"taxonomy":"category","embeddable":true,"href":"https:\/\/noticiasya.com\/midland-odessa\/wp-json\/wp\/v2\/categories?post=1469312"},{"taxonomy":"post_tag","embeddable":true,"href":"https:\/\/noticiasya.com\/midland-odessa\/wp-json\/wp\/v2\/tags?post=1469312"}],"curies":[{"name":"wp","href":"https:\/\/api.w.org\/{rel}","templated":true}]}}