{"id":1469315,"date":"2025-12-16T13:03:49","date_gmt":"2025-12-16T21:03:49","guid":{"rendered":"https:\/\/noticiasya.com\/2025\/12\/16\/peliculas-lista-previa-internacional-oscar-orix\/"},"modified":"2025-12-16T13:03:49","modified_gmt":"2025-12-16T21:03:49","slug":"peliculas-lista-previa-internacional-oscar-orix","status":"publish","type":"post","link":"https:\/\/noticiasya.com\/midland-odessa\/2025\/12\/16\/peliculas-lista-previa-internacional-oscar-orix\/","title":{"rendered":"Pel\u00edculas de Argentina, Espa\u00f1a y Brasil, en la preselecci\u00f3n de mejor cinta internacional de los Oscar"},"content":{"rendered":"<p>La Academia de Artes y Ciencias Cinematogr\u00e1ficas anunci\u00f3 este martes las listas previas a los anuncios de nominaci\u00f3n en enero de varias de las categor\u00edas de los premios Oscar. En la categor\u00eda de mejor pel\u00edcula internacional quedaron en la preselecci\u00f3n una pel\u00edcula argentina, una brasile\u00f1a y una espa\u00f1ola.<\/p>\n<p>La precandidata como mejor pel\u00edcula internacional de Brasil es \u201cO Agente Secreto\u201d (\u201cThe Secret Agent\u201d), con Wagner Moura, mientras que Argentina present\u00f3 a \u201cBel\u00e9n\u201d. Espa\u00f1a, por su parte, est\u00e1 representada por la cinta \u201cSir\u00e2t\u201d. La la preselecci\u00f3n en esa categor\u00eda la conforman 15 producciones.<\/p>\n<p>La cinta brasile\u00f1a \u201cO Agente Secreto\u201d, escrita y dirigida por Kleber Mendon\u00e7a Filho, ha sido bien recibida por la prensa especializada y es vista como una posible heredera del \u00e9xito de \u201cAinda Estou Aqui\u200a\u201d (\u201cI\u2019m Still Here\u201d), ganadora en la pasada edici\u00f3n. Ambientada en el Brasil de 1977, la cinta sigue a un fugitivo que regresa a Recife durante el Carnaval y est\u00e1 protagonizado por Wagner Moura, junto a Maria Fernanda Candido y Gabriel Leone.<\/p>\n<p>\u201cBel\u00e9n\u201d, la apuesta argentina, es un drama social inspirado en hechos reales y basado en el libro <em>Somos Bel\u00e9n<\/em>, de Ana Correa, que se suma a la tradici\u00f3n reciente de pel\u00edculas argentinas con fuerte impacto en premios internacionales. El filme est\u00e1 producido por K&#038;S Films, la misma compa\u00f1\u00eda detr\u00e1s de \u201cArgentina, 1985\u201d, ganadora del Globo de Oro a mejor pel\u00edcula de habla no inglesa en 2023.<\/p>\n<p>La espa\u00f1ola \u201cSirat\u201d, del director franco-gallego Oliver Laxe, sigue la b\u00fasqueda de un padre y su hijo en el desierto de Marruecos tras la desaparici\u00f3n de una joven en una <em>rave<\/em> ilegal. Fue la ganadora del Premio del Jurado en Cannes 2025 y <a href=\"https:\/\/cnnespanol.cnn.com\/2025\/12\/08\/entretenimiento\/nominados-globo-oro-golden-globes-trax\">est\u00e1 nominada a dos premios Globo de Oro<\/a>. Adem\u00e1s, qued\u00f3 en las listas de otras cuatro categor\u00edas, incluyendo mejor banda sonora y sonido.<\/p>\n<p>Argentina, \u201cBel\u00e9n\u201d<\/p>\n<p>Brasil, \u201cThe Secret Agent\u201d<\/p>\n<p>Francia, \u201cIt Was Just an Accident\u201d<\/p>\n<p>Alemania, \u201cSound of Falling\u201d<\/p>\n<p>India, \u201cHomebound\u201d<\/p>\n<p>Iraq, \u201cThe President\u2019s Cake\u201d<\/p>\n<p>Jap\u00f3n, \u201cKokuho\u201d<\/p>\n<p>Jordania, \u201cAll That\u2019s Left of You\u201d<\/p>\n<p>Noruega, \u201cSentimental Value\u201d<\/p>\n<p>Palestina, \u201cPalestine 36\u201d<\/p>\n<p>Corea del Sur, \u201cNo Other Choice\u201d<\/p>\n<p>Espa\u00f1a, \u201cSir\u00e2t\u201d<\/p>\n<p>Suiza, \u201cLate Shift\u201d<\/p>\n<p>Taiw\u00e1n, \u201cLeft-Handed Girl\u201d<\/p>\n<p>T\u00fanez, \u201cThe Voice of Hind Rajab\u201d<\/p>\n<p>The-CNN-Wire<br \/>&trade; &amp; &copy; 2025 Cable News Network, Inc., a Warner Bros. Discovery Company. All rights reserved.<\/p>\n","protected":false},"excerpt":{"rendered":"<p>La Academia de Artes y Ciencias Cinematogr\u00e1ficas anunci\u00f3 este martes las listas previas a los anuncios de nominaci\u00f3n en enero de varias de las categor\u00edas de los premios Oscar. En la categor\u00eda de mejor pel\u00edcula internacional quedaron en la preselecci\u00f3n una pel\u00edcula argentina, una brasile\u00f1a y una espa\u00f1ola. La precandidata como mejor pel\u00edcula internacional de [&hellip;]<\/p>\n","protected":false},"author":0,"featured_media":0,"comment_status":"open","ping_status":"open","sticky":false,"template":"","format":"standard","meta":{"_jetpack_memberships_contains_paid_content":false,"footnotes":""},"categories":[10],"tags":[],"class_list":["post-1469315","post","type-post","status-publish","format-standard","hentry","category-noticias-nacionales","market-global"],"yoast_head":"<!-- This site is optimized with the Yoast SEO plugin v24.4 - https:\/\/yoast.com\/wordpress\/plugins\/seo\/ -->\n<title>Pel\u00edculas de Argentina, Espa\u00f1a y Brasil, en la preselecci\u00f3n de mejor cinta internacional de los Oscar - Noticias<\/title>\n<meta name=\"robots\" content=\"index, follow, max-snippet:-1, max-image-preview:large, max-video-preview:-1\" \/>\n<link rel=\"canonical\" href=\"https:\/\/noticiasya.com\/2025\/12\/16\/peliculas-lista-previa-internacional-oscar-orix\/\" \/>\n<meta property=\"og:locale\" content=\"es_ES\" \/>\n<meta property=\"og:type\" content=\"article\" \/>\n<meta property=\"og:title\" content=\"Pel\u00edculas de Argentina, Espa\u00f1a y Brasil, en la preselecci\u00f3n de mejor cinta internacional de los Oscar - Noticias\" \/>\n<meta property=\"og:description\" content=\"La Academia de Artes y Ciencias Cinematogr\u00e1ficas anunci\u00f3 este martes las listas previas a los anuncios de nominaci\u00f3n en enero de varias de las categor\u00edas de los premios Oscar. En la categor\u00eda de mejor pel\u00edcula internacional quedaron en la preselecci\u00f3n una pel\u00edcula argentina, una brasile\u00f1a y una espa\u00f1ola. La precandidata como mejor pel\u00edcula internacional de [&hellip;]\" \/>\n<meta property=\"og:url\" content=\"https:\/\/noticiasya.com\/2025\/12\/16\/peliculas-lista-previa-internacional-oscar-orix\/\" \/>\n<meta property=\"og:site_name\" content=\"Noticias\" \/>\n<meta property=\"article:published_time\" content=\"2025-12-16T21:03:49+00:00\" \/>\n<meta name=\"twitter:card\" content=\"summary_large_image\" \/>\n<meta name=\"twitter:label1\" content=\"Est. reading time\" \/>\n\t<meta name=\"twitter:data1\" content=\"2 minutos\" \/>\n<script type=\"application\/ld+json\" class=\"yoast-schema-graph\">{\"@context\":\"https:\/\/schema.org\",\"@graph\":[{\"@type\":\"Article\",\"@id\":\"https:\/\/noticiasya.com\/2025\/12\/16\/peliculas-lista-previa-internacional-oscar-orix\/#article\",\"isPartOf\":{\"@id\":\"https:\/\/noticiasya.com\/2025\/12\/16\/peliculas-lista-previa-internacional-oscar-orix\/\"},\"author\":{\"name\":\"\",\"@id\":\"\"},\"headline\":\"Pel\u00edculas de Argentina, Espa\u00f1a y Brasil, en la preselecci\u00f3n de mejor cinta internacional de los Oscar\",\"datePublished\":\"2025-12-16T21:03:49+00:00\",\"mainEntityOfPage\":{\"@id\":\"https:\/\/noticiasya.com\/2025\/12\/16\/peliculas-lista-previa-internacional-oscar-orix\/\"},\"wordCount\":424,\"commentCount\":0,\"publisher\":{\"@id\":\"https:\/\/noticiasya.com\/#organization\"},\"articleSection\":[\"Noticias Nacionales\"],\"inLanguage\":\"es\",\"potentialAction\":[{\"@type\":\"CommentAction\",\"name\":\"Comment\",\"target\":[\"https:\/\/noticiasya.com\/2025\/12\/16\/peliculas-lista-previa-internacional-oscar-orix\/#respond\"]}]},{\"@type\":\"WebPage\",\"@id\":\"https:\/\/noticiasya.com\/2025\/12\/16\/peliculas-lista-previa-internacional-oscar-orix\/\",\"url\":\"https:\/\/noticiasya.com\/2025\/12\/16\/peliculas-lista-previa-internacional-oscar-orix\/\",\"name\":\"Pel\u00edculas de Argentina, Espa\u00f1a y Brasil, en la preselecci\u00f3n de mejor cinta internacional de los Oscar - Noticias\",\"isPartOf\":{\"@id\":\"https:\/\/noticiasya.com\/#website\"},\"datePublished\":\"2025-12-16T21:03:49+00:00\",\"breadcrumb\":{\"@id\":\"https:\/\/noticiasya.com\/2025\/12\/16\/peliculas-lista-previa-internacional-oscar-orix\/#breadcrumb\"},\"inLanguage\":\"es\",\"potentialAction\":[{\"@type\":\"ReadAction\",\"target\":[\"https:\/\/noticiasya.com\/2025\/12\/16\/peliculas-lista-previa-internacional-oscar-orix\/\"]}]},{\"@type\":\"BreadcrumbList\",\"@id\":\"https:\/\/noticiasya.com\/2025\/12\/16\/peliculas-lista-previa-internacional-oscar-orix\/#breadcrumb\",\"itemListElement\":[{\"@type\":\"ListItem\",\"position\":1,\"name\":\"Home\",\"item\":\"https:\/\/noticiasya.com\/\"},{\"@type\":\"ListItem\",\"position\":2,\"name\":\"Pel\u00edculas de Argentina, Espa\u00f1a y Brasil, en la preselecci\u00f3n de mejor cinta internacional de los Oscar\"}]},{\"@type\":\"WebSite\",\"@id\":\"https:\/\/noticiasya.com\/#website\",\"url\":\"https:\/\/noticiasya.com\/\",\"name\":\"Noticias\",\"description\":\"Lo que importa\",\"publisher\":{\"@id\":\"https:\/\/noticiasya.com\/#organization\"},\"potentialAction\":[{\"@type\":\"SearchAction\",\"target\":{\"@type\":\"EntryPoint\",\"urlTemplate\":\"https:\/\/noticiasya.com\/?s={search_term_string}\"},\"query-input\":{\"@type\":\"PropertyValueSpecification\",\"valueRequired\":true,\"valueName\":\"search_term_string\"}}],\"inLanguage\":\"es\"},{\"@type\":\"Organization\",\"@id\":\"https:\/\/noticiasya.com\/#organization\",\"name\":\"Noticias\",\"url\":\"https:\/\/noticiasya.com\/\",\"logo\":{\"@type\":\"ImageObject\",\"inLanguage\":\"es\",\"@id\":\"https:\/\/noticiasya.com\/#\/schema\/logo\/image\/\",\"url\":\"https:\/\/noticiasya.com\/wp-content\/uploads\/sites\/22\/2023\/12\/logo-nacional.png\",\"contentUrl\":\"https:\/\/noticiasya.com\/wp-content\/uploads\/sites\/22\/2023\/12\/logo-nacional.png\",\"width\":1801,\"height\":691,\"caption\":\"Noticias\"},\"image\":{\"@id\":\"https:\/\/noticiasya.com\/#\/schema\/logo\/image\/\"}}]}<\/script>\n<!-- \/ Yoast SEO plugin. -->","yoast_head_json":{"title":"Pel\u00edculas de Argentina, Espa\u00f1a y Brasil, en la preselecci\u00f3n de mejor cinta internacional de los Oscar - Noticias","robots":{"index":"index","follow":"follow","max-snippet":"max-snippet:-1","max-image-preview":"max-image-preview:large","max-video-preview":"max-video-preview:-1"},"canonical":"https:\/\/noticiasya.com\/2025\/12\/16\/peliculas-lista-previa-internacional-oscar-orix\/","og_locale":"es_ES","og_type":"article","og_title":"Pel\u00edculas de Argentina, Espa\u00f1a y Brasil, en la preselecci\u00f3n de mejor cinta internacional de los Oscar - Noticias","og_description":"La Academia de Artes y Ciencias Cinematogr\u00e1ficas anunci\u00f3 este martes las listas previas a los anuncios de nominaci\u00f3n en enero de varias de las categor\u00edas de los premios Oscar. En la categor\u00eda de mejor pel\u00edcula internacional quedaron en la preselecci\u00f3n una pel\u00edcula argentina, una brasile\u00f1a y una espa\u00f1ola. La precandidata como mejor pel\u00edcula internacional de [&hellip;]","og_url":"https:\/\/noticiasya.com\/2025\/12\/16\/peliculas-lista-previa-internacional-oscar-orix\/","og_site_name":"Noticias","article_published_time":"2025-12-16T21:03:49+00:00","twitter_card":"summary_large_image","twitter_misc":{"Est. reading time":"2 minutos"},"schema":{"@context":"https:\/\/schema.org","@graph":[{"@type":"Article","@id":"https:\/\/noticiasya.com\/2025\/12\/16\/peliculas-lista-previa-internacional-oscar-orix\/#article","isPartOf":{"@id":"https:\/\/noticiasya.com\/2025\/12\/16\/peliculas-lista-previa-internacional-oscar-orix\/"},"author":{"name":"","@id":""},"headline":"Pel\u00edculas de Argentina, Espa\u00f1a y Brasil, en la preselecci\u00f3n de mejor cinta internacional de los Oscar","datePublished":"2025-12-16T21:03:49+00:00","mainEntityOfPage":{"@id":"https:\/\/noticiasya.com\/2025\/12\/16\/peliculas-lista-previa-internacional-oscar-orix\/"},"wordCount":424,"commentCount":0,"publisher":{"@id":"https:\/\/noticiasya.com\/#organization"},"articleSection":["Noticias Nacionales"],"inLanguage":"es","potentialAction":[{"@type":"CommentAction","name":"Comment","target":["https:\/\/noticiasya.com\/2025\/12\/16\/peliculas-lista-previa-internacional-oscar-orix\/#respond"]}]},{"@type":"WebPage","@id":"https:\/\/noticiasya.com\/2025\/12\/16\/peliculas-lista-previa-internacional-oscar-orix\/","url":"https:\/\/noticiasya.com\/2025\/12\/16\/peliculas-lista-previa-internacional-oscar-orix\/","name":"Pel\u00edculas de Argentina, Espa\u00f1a y Brasil, en la preselecci\u00f3n de mejor cinta internacional de los Oscar - Noticias","isPartOf":{"@id":"https:\/\/noticiasya.com\/#website"},"datePublished":"2025-12-16T21:03:49+00:00","breadcrumb":{"@id":"https:\/\/noticiasya.com\/2025\/12\/16\/peliculas-lista-previa-internacional-oscar-orix\/#breadcrumb"},"inLanguage":"es","potentialAction":[{"@type":"ReadAction","target":["https:\/\/noticiasya.com\/2025\/12\/16\/peliculas-lista-previa-internacional-oscar-orix\/"]}]},{"@type":"BreadcrumbList","@id":"https:\/\/noticiasya.com\/2025\/12\/16\/peliculas-lista-previa-internacional-oscar-orix\/#breadcrumb","itemListElement":[{"@type":"ListItem","position":1,"name":"Home","item":"https:\/\/noticiasya.com\/"},{"@type":"ListItem","position":2,"name":"Pel\u00edculas de Argentina, Espa\u00f1a y Brasil, en la preselecci\u00f3n de mejor cinta internacional de los Oscar"}]},{"@type":"WebSite","@id":"https:\/\/noticiasya.com\/#website","url":"https:\/\/noticiasya.com\/","name":"Noticias","description":"Lo que importa","publisher":{"@id":"https:\/\/noticiasya.com\/#organization"},"potentialAction":[{"@type":"SearchAction","target":{"@type":"EntryPoint","urlTemplate":"https:\/\/noticiasya.com\/?s={search_term_string}"},"query-input":{"@type":"PropertyValueSpecification","valueRequired":true,"valueName":"search_term_string"}}],"inLanguage":"es"},{"@type":"Organization","@id":"https:\/\/noticiasya.com\/#organization","name":"Noticias","url":"https:\/\/noticiasya.com\/","logo":{"@type":"ImageObject","inLanguage":"es","@id":"https:\/\/noticiasya.com\/#\/schema\/logo\/image\/","url":"https:\/\/noticiasya.com\/wp-content\/uploads\/sites\/22\/2023\/12\/logo-nacional.png","contentUrl":"https:\/\/noticiasya.com\/wp-content\/uploads\/sites\/22\/2023\/12\/logo-nacional.png","width":1801,"height":691,"caption":"Noticias"},"image":{"@id":"https:\/\/noticiasya.com\/#\/schema\/logo\/image\/"}}]}},"parsely":{"version":"1.1.0","canonical_url":"https:\/\/noticiasya.com\/midland-odessa\/2025\/12\/16\/peliculas-lista-previa-internacional-oscar-orix\/","smart_links":{"inbound":0,"outbound":0},"traffic_boost_suggestions_count":0,"meta":{"@context":"https:\/\/schema.org","@type":"NewsArticle","headline":"Pel\u00edculas de Argentina, Espa\u00f1a y Brasil, en la preselecci\u00f3n de mejor cinta internacional de los Oscar","url":"http:\/\/noticiasya.com\/midland-odessa\/2025\/12\/16\/peliculas-lista-previa-internacional-oscar-orix\/","mainEntityOfPage":{"@type":"WebPage","@id":"http:\/\/noticiasya.com\/midland-odessa\/2025\/12\/16\/peliculas-lista-previa-internacional-oscar-orix\/"},"thumbnailUrl":"","image":{"@type":"ImageObject","url":""},"articleSection":"Noticias Nacionales","author":[],"creator":[],"publisher":{"@type":"Organization","name":"Noticias","logo":""},"keywords":[],"dateCreated":"2025-12-16T21:03:49Z","datePublished":"2025-12-16T21:03:49Z","dateModified":"2025-12-16T21:03:49Z"},"rendered":"<script type=\"application\/ld+json\" class=\"wp-parsely-metadata\">{\"@context\":\"https:\\\/\\\/schema.org\",\"@type\":\"NewsArticle\",\"headline\":\"Pel\\u00edculas de Argentina, Espa\\u00f1a y Brasil, en la preselecci\\u00f3n de mejor cinta internacional de los Oscar\",\"url\":\"http:\\\/\\\/noticiasya.com\\\/midland-odessa\\\/2025\\\/12\\\/16\\\/peliculas-lista-previa-internacional-oscar-orix\\\/\",\"mainEntityOfPage\":{\"@type\":\"WebPage\",\"@id\":\"http:\\\/\\\/noticiasya.com\\\/midland-odessa\\\/2025\\\/12\\\/16\\\/peliculas-lista-previa-internacional-oscar-orix\\\/\"},\"thumbnailUrl\":\"\",\"image\":{\"@type\":\"ImageObject\",\"url\":\"\"},\"articleSection\":\"Noticias Nacionales\",\"author\":[],\"creator\":[],\"publisher\":{\"@type\":\"Organization\",\"name\":\"Noticias\",\"logo\":\"\"},\"keywords\":[],\"dateCreated\":\"2025-12-16T21:03:49Z\",\"datePublished\":\"2025-12-16T21:03:49Z\",\"dateModified\":\"2025-12-16T21:03:49Z\"}<\/script>","tracker_url":"https:\/\/cdn.parsely.com\/keys\/noticiasya.com\/p.js"},"jetpack_featured_media_url":"","jetpack-related-posts":[{"id":1471892,"url":"https:\/\/noticiasya.com\/midland-odessa\/2026\/03\/05\/wagner-moura-carrera-premio-oscar-orix\/","url_meta":{"origin":1469315,"position":0},"title":"Wagner Moura, el atleta suramericano en la carrera por el \u00d3scar","author":"","date":"marzo 5, 2026","format":false,"excerpt":"Durante los \u00faltimos diez meses, el actor brasile\u00f1o Wagner Moura no ha parado de viajar. No se debe a un extenso rodaje, sino a la popularidad de su m\u00e1s reciente pel\u00edcula, \u201cEl agente secreto\u201d (\u201cO Agente Secreto\u201d), cuya promoci\u00f3n lo tiene bastante ocupado desde su estreno en el festival de\u2026","rel":"","context":"In &quot;Noticias Nacionales&quot;","block_context":{"text":"Noticias Nacionales","link":"https:\/\/noticiasya.com\/midland-odessa\/categoria\/noticias-nacionales"},"img":{"alt_text":"","src":"","width":0,"height":0},"classes":[]},{"id":1469334,"url":"https:\/\/noticiasya.com\/midland-odessa\/2025\/12\/17\/5-cosas-17-de-diciembre-de-2025\/","url_meta":{"origin":1469315,"position":1},"title":"Las 5 cosas que debes saber este 17 de diciembre: Venezuela, desempleo en EE.UU. y deportados latinoamericanos","author":"","date":"diciembre 17, 2025","format":false,"excerpt":"El desempleo en EE.UU. golpea de manera desproporcionada a los latinos. La presidenta de Honduras denuncia que Juan Orlando Hern\u00e1ndez planifica \u201cun golpe\u201d. \u00bfQui\u00e9nes son las v\u00edctimas del tiroteo en la Universidad de Brown? Esto es lo que debes saber para comenzar el d\u00eda. Primero la verdad.Suscr\u00edbete aqu\u00ed para recibir\u2026","rel":"","context":"In &quot;Noticias Nacionales&quot;","block_context":{"text":"Noticias Nacionales","link":"https:\/\/noticiasya.com\/midland-odessa\/categoria\/noticias-nacionales"},"img":{"alt_text":"","src":"","width":0,"height":0},"classes":[]},{"id":1469341,"url":"https:\/\/noticiasya.com\/midland-odessa\/2025\/12\/17\/favoritas-premios-oscar-peliculas-preseleccionadas-orix\/","url_meta":{"origin":1469315,"position":2},"title":"Estas son las pel\u00edculas favoritas para los premios Oscar entre las preseleccionadas","author":"","date":"diciembre 17, 2025","format":false,"excerpt":"Las nominaciones a los premios Oscar ser\u00e1n anunciadas el 22 de enero de 2026. Sin embargo, la publicaci\u00f3n de la lista de pel\u00edculas preseleccionadas en 12 categor\u00edas el martes revela cu\u00e1les cintas de 2025 se perfilan como favoritas a ser reconocidas por la Academia de Artes y Ciencias Cinematogr\u00e1ficas.Dos pel\u00edculas\u2026","rel":"","context":"In &quot;Noticias Nacionales&quot;","block_context":{"text":"Noticias Nacionales","link":"https:\/\/noticiasya.com\/midland-odessa\/categoria\/noticias-nacionales"},"img":{"alt_text":"","src":"","width":0,"height":0},"classes":[]},{"id":1459349,"url":"https:\/\/noticiasya.com\/midland-odessa\/2025\/02\/28\/premios-oscar-2025-como-donde-ver-peliculas-streaming-orix\/","url_meta":{"origin":1469315,"position":3},"title":"Premios Oscar 2025: c\u00f3mo y d\u00f3nde ver las producciones nominadas mejor pel\u00edcula en cine o streaming","author":"","date":"febrero 28, 2025","format":false,"excerpt":"Este 2 de marzo se lleva a cabo la entrega del Premio Oscar, tras una temporada marcada por el cambio de favoritismo de las pel\u00edculas nominadas y pol\u00e9micas alrededor de algunas cintas. Una de las principales controversias fue la inclusi\u00f3n de \u201cEmilia P\u00e9rez\u201d en varias categor\u00edas, incluyendo mejor pel\u00edcula, lo\u2026","rel":"","context":"In &quot;Noticias Nacionales&quot;","block_context":{"text":"Noticias Nacionales","link":"https:\/\/noticiasya.com\/midland-odessa\/categoria\/noticias-nacionales"},"img":{"alt_text":"","src":"","width":0,"height":0},"classes":[]},{"id":1446786,"url":"https:\/\/noticiasya.com\/midland-odessa\/2024\/03\/11\/donde-ver-oppenheimer-oscar-orix\/","url_meta":{"origin":1469315,"position":4},"title":"\u00bfD\u00f3nde ver &#171;Oppenheimer&#187;, la ganadora a mejor pel\u00edcula en los Oscar?","author":"","date":"marzo 11, 2024","format":false,"excerpt":"(CNN Espa\u00f1ol) -- \"Oppenheimer\" arras\u00f3 en los Oscar: se alz\u00f3 con siete premios, incluidos los de mejor pel\u00edcula, mejor actor principal y de reparto para Cillian Murphy y Robert Downey Jr., respectivamente, y mejor director para Christopher Nolan.La cinta \u2014que cuenta la historia de Robert J. Oppenheimer, el genio cient\u00edfico\u2026","rel":"","context":"In &quot;Noticias Nacionales&quot;","block_context":{"text":"Noticias Nacionales","link":"https:\/\/noticiasya.com\/midland-odessa\/categoria\/noticias-nacionales"},"img":{"alt_text":"","src":"","width":0,"height":0},"classes":[]},{"id":1472192,"url":"https:\/\/noticiasya.com\/midland-odessa\/2026\/03\/14\/one-battle-after-another-favorita-oscars-orix\/","url_meta":{"origin":1469315,"position":5},"title":"\u00bfPor qu\u00e9 &#171;One Battle After Another&#187; es una de las favoritas para ganar el premio Oscar?","author":"","date":"marzo 14, 2026","format":false,"excerpt":"Desde que su estreno en septiembre de 2025, \u201cOne Battle After Another\u201d fue considerada por la cr\u00edtica como la cinta a la que hab\u00eda que vencer en la carrera por el premio Oscar a mejor pel\u00edcula del a\u00f1o.As\u00ed que ese es el principal atributo de cara a la gala de\u2026","rel":"","context":"In &quot;Noticias Nacionales&quot;","block_context":{"text":"Noticias Nacionales","link":"https:\/\/noticiasya.com\/midland-odessa\/categoria\/noticias-nacionales"},"img":{"alt_text":"","src":"","width":0,"height":0},"classes":[]}],"jetpack_sharing_enabled":true,"_links":{"self":[{"href":"https:\/\/noticiasya.com\/midland-odessa\/wp-json\/wp\/v2\/posts\/1469315","targetHints":{"allow":["GET"]}}],"collection":[{"href":"https:\/\/noticiasya.com\/midland-odessa\/wp-json\/wp\/v2\/posts"}],"about":[{"href":"https:\/\/noticiasya.com\/midland-odessa\/wp-json\/wp\/v2\/types\/post"}],"replies":[{"embeddable":true,"href":"https:\/\/noticiasya.com\/midland-odessa\/wp-json\/wp\/v2\/comments?post=1469315"}],"version-history":[{"count":0,"href":"https:\/\/noticiasya.com\/midland-odessa\/wp-json\/wp\/v2\/posts\/1469315\/revisions"}],"wp:attachment":[{"href":"https:\/\/noticiasya.com\/midland-odessa\/wp-json\/wp\/v2\/media?parent=1469315"}],"wp:term":[{"taxonomy":"category","embeddable":true,"href":"https:\/\/noticiasya.com\/midland-odessa\/wp-json\/wp\/v2\/categories?post=1469315"},{"taxonomy":"post_tag","embeddable":true,"href":"https:\/\/noticiasya.com\/midland-odessa\/wp-json\/wp\/v2\/tags?post=1469315"}],"curies":[{"name":"wp","href":"https:\/\/api.w.org\/{rel}","templated":true}]}}