{"id":1469316,"date":"2025-12-16T14:03:45","date_gmt":"2025-12-16T22:03:45","guid":{"rendered":"https:\/\/noticiasya.com\/2025\/12\/16\/homicidio-premeditado-nick-reiner-muerte-rob-reiner-trax\/"},"modified":"2025-12-16T14:03:45","modified_gmt":"2025-12-16T22:03:45","slug":"homicidio-premeditado-nick-reiner-muerte-rob-reiner-trax","status":"publish","type":"post","link":"https:\/\/noticiasya.com\/midland-odessa\/2025\/12\/16\/homicidio-premeditado-nick-reiner-muerte-rob-reiner-trax\/","title":{"rendered":"Acusan a Nick Reiner de homicidio premeditado tras la muerte de sus padres, Rob y Michele"},"content":{"rendered":"<p>El fiscal de distrito del condado de Los \u00c1ngeles, Nathan Hochman, anunci\u00f3 dos cargos penales, incluido homicidio premeditado, contra Nick Reiner, quien est\u00e1 acusado de matar a sus padres.<\/p>\n<p>Los cargos conllevan una sentencia m\u00e1xima de cadena perpetua sin posibilidad de libertad condicional o la pena de muerte. Hochman dijo que a\u00fan no se ha tomado una decisi\u00f3n sobre si los fiscales buscar\u00e1n la pena de muerte.<\/p>\n<p>\u201cTambi\u00e9n enfrenta una acusaci\u00f3n especial de que \u00e9l personalmente us\u00f3 un arma peligrosa y mortal; en este caso, un cuchillo\u201d, dijo Hochman.<\/p>\n<p>The-CNN-Wire<br \/>&trade; &amp; &copy; 2025 Cable News Network, Inc., a Warner Bros. Discovery Company. All rights reserved.<\/p>\n","protected":false},"excerpt":{"rendered":"<p>El fiscal de distrito del condado de Los \u00c1ngeles, Nathan Hochman, anunci\u00f3 dos cargos penales, incluido homicidio premeditado, contra Nick Reiner, quien est\u00e1 acusado de matar a sus padres. Los cargos conllevan una sentencia m\u00e1xima de cadena perpetua sin posibilidad de libertad condicional o la pena de muerte. Hochman dijo que a\u00fan no se ha [&hellip;]<\/p>\n","protected":false},"author":0,"featured_media":0,"comment_status":"open","ping_status":"open","sticky":false,"template":"","format":"standard","meta":{"_jetpack_memberships_contains_paid_content":false,"footnotes":""},"categories":[10],"tags":[],"class_list":["post-1469316","post","type-post","status-publish","format-standard","hentry","category-noticias-nacionales","market-global"],"yoast_head":"<!-- This site is optimized with the Yoast SEO plugin v24.4 - https:\/\/yoast.com\/wordpress\/plugins\/seo\/ -->\n<title>Acusan a Nick Reiner de homicidio premeditado tras la muerte de sus padres, Rob y Michele - Noticias<\/title>\n<meta name=\"robots\" content=\"index, follow, max-snippet:-1, max-image-preview:large, max-video-preview:-1\" \/>\n<link rel=\"canonical\" href=\"https:\/\/noticiasya.com\/2025\/12\/16\/homicidio-premeditado-nick-reiner-muerte-rob-reiner-trax\/\" \/>\n<meta property=\"og:locale\" content=\"es_ES\" \/>\n<meta property=\"og:type\" content=\"article\" \/>\n<meta property=\"og:title\" content=\"Acusan a Nick Reiner de homicidio premeditado tras la muerte de sus padres, Rob y Michele - Noticias\" \/>\n<meta property=\"og:description\" content=\"El fiscal de distrito del condado de Los \u00c1ngeles, Nathan Hochman, anunci\u00f3 dos cargos penales, incluido homicidio premeditado, contra Nick Reiner, quien est\u00e1 acusado de matar a sus padres. Los cargos conllevan una sentencia m\u00e1xima de cadena perpetua sin posibilidad de libertad condicional o la pena de muerte. Hochman dijo que a\u00fan no se ha [&hellip;]\" \/>\n<meta property=\"og:url\" content=\"https:\/\/noticiasya.com\/2025\/12\/16\/homicidio-premeditado-nick-reiner-muerte-rob-reiner-trax\/\" \/>\n<meta property=\"og:site_name\" content=\"Noticias\" \/>\n<meta property=\"article:published_time\" content=\"2025-12-16T22:03:45+00:00\" \/>\n<meta name=\"twitter:card\" content=\"summary_large_image\" \/>\n<meta name=\"twitter:label1\" content=\"Est. reading time\" \/>\n\t<meta name=\"twitter:data1\" content=\"1 minuto\" \/>\n<script type=\"application\/ld+json\" class=\"yoast-schema-graph\">{\"@context\":\"https:\/\/schema.org\",\"@graph\":[{\"@type\":\"Article\",\"@id\":\"https:\/\/noticiasya.com\/2025\/12\/16\/homicidio-premeditado-nick-reiner-muerte-rob-reiner-trax\/#article\",\"isPartOf\":{\"@id\":\"https:\/\/noticiasya.com\/2025\/12\/16\/homicidio-premeditado-nick-reiner-muerte-rob-reiner-trax\/\"},\"author\":{\"name\":\"\",\"@id\":\"\"},\"headline\":\"Acusan a Nick Reiner de homicidio premeditado tras la muerte de sus padres, Rob y Michele\",\"datePublished\":\"2025-12-16T22:03:45+00:00\",\"mainEntityOfPage\":{\"@id\":\"https:\/\/noticiasya.com\/2025\/12\/16\/homicidio-premeditado-nick-reiner-muerte-rob-reiner-trax\/\"},\"wordCount\":127,\"commentCount\":0,\"publisher\":{\"@id\":\"https:\/\/noticiasya.com\/#organization\"},\"articleSection\":[\"Noticias Nacionales\"],\"inLanguage\":\"es\",\"potentialAction\":[{\"@type\":\"CommentAction\",\"name\":\"Comment\",\"target\":[\"https:\/\/noticiasya.com\/2025\/12\/16\/homicidio-premeditado-nick-reiner-muerte-rob-reiner-trax\/#respond\"]}]},{\"@type\":\"WebPage\",\"@id\":\"https:\/\/noticiasya.com\/2025\/12\/16\/homicidio-premeditado-nick-reiner-muerte-rob-reiner-trax\/\",\"url\":\"https:\/\/noticiasya.com\/2025\/12\/16\/homicidio-premeditado-nick-reiner-muerte-rob-reiner-trax\/\",\"name\":\"Acusan a Nick Reiner de homicidio premeditado tras la muerte de sus padres, Rob y Michele - Noticias\",\"isPartOf\":{\"@id\":\"https:\/\/noticiasya.com\/#website\"},\"datePublished\":\"2025-12-16T22:03:45+00:00\",\"breadcrumb\":{\"@id\":\"https:\/\/noticiasya.com\/2025\/12\/16\/homicidio-premeditado-nick-reiner-muerte-rob-reiner-trax\/#breadcrumb\"},\"inLanguage\":\"es\",\"potentialAction\":[{\"@type\":\"ReadAction\",\"target\":[\"https:\/\/noticiasya.com\/2025\/12\/16\/homicidio-premeditado-nick-reiner-muerte-rob-reiner-trax\/\"]}]},{\"@type\":\"BreadcrumbList\",\"@id\":\"https:\/\/noticiasya.com\/2025\/12\/16\/homicidio-premeditado-nick-reiner-muerte-rob-reiner-trax\/#breadcrumb\",\"itemListElement\":[{\"@type\":\"ListItem\",\"position\":1,\"name\":\"Home\",\"item\":\"https:\/\/noticiasya.com\/\"},{\"@type\":\"ListItem\",\"position\":2,\"name\":\"Acusan a Nick Reiner de homicidio premeditado tras la muerte de sus padres, Rob y Michele\"}]},{\"@type\":\"WebSite\",\"@id\":\"https:\/\/noticiasya.com\/#website\",\"url\":\"https:\/\/noticiasya.com\/\",\"name\":\"Noticias\",\"description\":\"Lo que importa\",\"publisher\":{\"@id\":\"https:\/\/noticiasya.com\/#organization\"},\"potentialAction\":[{\"@type\":\"SearchAction\",\"target\":{\"@type\":\"EntryPoint\",\"urlTemplate\":\"https:\/\/noticiasya.com\/?s={search_term_string}\"},\"query-input\":{\"@type\":\"PropertyValueSpecification\",\"valueRequired\":true,\"valueName\":\"search_term_string\"}}],\"inLanguage\":\"es\"},{\"@type\":\"Organization\",\"@id\":\"https:\/\/noticiasya.com\/#organization\",\"name\":\"Noticias\",\"url\":\"https:\/\/noticiasya.com\/\",\"logo\":{\"@type\":\"ImageObject\",\"inLanguage\":\"es\",\"@id\":\"https:\/\/noticiasya.com\/#\/schema\/logo\/image\/\",\"url\":\"https:\/\/noticiasya.com\/wp-content\/uploads\/sites\/22\/2023\/12\/logo-nacional.png\",\"contentUrl\":\"https:\/\/noticiasya.com\/wp-content\/uploads\/sites\/22\/2023\/12\/logo-nacional.png\",\"width\":1801,\"height\":691,\"caption\":\"Noticias\"},\"image\":{\"@id\":\"https:\/\/noticiasya.com\/#\/schema\/logo\/image\/\"}}]}<\/script>\n<!-- \/ Yoast SEO plugin. -->","yoast_head_json":{"title":"Acusan a Nick Reiner de homicidio premeditado tras la muerte de sus padres, Rob y Michele - Noticias","robots":{"index":"index","follow":"follow","max-snippet":"max-snippet:-1","max-image-preview":"max-image-preview:large","max-video-preview":"max-video-preview:-1"},"canonical":"https:\/\/noticiasya.com\/2025\/12\/16\/homicidio-premeditado-nick-reiner-muerte-rob-reiner-trax\/","og_locale":"es_ES","og_type":"article","og_title":"Acusan a Nick Reiner de homicidio premeditado tras la muerte de sus padres, Rob y Michele - Noticias","og_description":"El fiscal de distrito del condado de Los \u00c1ngeles, Nathan Hochman, anunci\u00f3 dos cargos penales, incluido homicidio premeditado, contra Nick Reiner, quien est\u00e1 acusado de matar a sus padres. Los cargos conllevan una sentencia m\u00e1xima de cadena perpetua sin posibilidad de libertad condicional o la pena de muerte. Hochman dijo que a\u00fan no se ha [&hellip;]","og_url":"https:\/\/noticiasya.com\/2025\/12\/16\/homicidio-premeditado-nick-reiner-muerte-rob-reiner-trax\/","og_site_name":"Noticias","article_published_time":"2025-12-16T22:03:45+00:00","twitter_card":"summary_large_image","twitter_misc":{"Est. reading time":"1 minuto"},"schema":{"@context":"https:\/\/schema.org","@graph":[{"@type":"Article","@id":"https:\/\/noticiasya.com\/2025\/12\/16\/homicidio-premeditado-nick-reiner-muerte-rob-reiner-trax\/#article","isPartOf":{"@id":"https:\/\/noticiasya.com\/2025\/12\/16\/homicidio-premeditado-nick-reiner-muerte-rob-reiner-trax\/"},"author":{"name":"","@id":""},"headline":"Acusan a Nick Reiner de homicidio premeditado tras la muerte de sus padres, Rob y Michele","datePublished":"2025-12-16T22:03:45+00:00","mainEntityOfPage":{"@id":"https:\/\/noticiasya.com\/2025\/12\/16\/homicidio-premeditado-nick-reiner-muerte-rob-reiner-trax\/"},"wordCount":127,"commentCount":0,"publisher":{"@id":"https:\/\/noticiasya.com\/#organization"},"articleSection":["Noticias Nacionales"],"inLanguage":"es","potentialAction":[{"@type":"CommentAction","name":"Comment","target":["https:\/\/noticiasya.com\/2025\/12\/16\/homicidio-premeditado-nick-reiner-muerte-rob-reiner-trax\/#respond"]}]},{"@type":"WebPage","@id":"https:\/\/noticiasya.com\/2025\/12\/16\/homicidio-premeditado-nick-reiner-muerte-rob-reiner-trax\/","url":"https:\/\/noticiasya.com\/2025\/12\/16\/homicidio-premeditado-nick-reiner-muerte-rob-reiner-trax\/","name":"Acusan a Nick Reiner de homicidio premeditado tras la muerte de sus padres, Rob y Michele - Noticias","isPartOf":{"@id":"https:\/\/noticiasya.com\/#website"},"datePublished":"2025-12-16T22:03:45+00:00","breadcrumb":{"@id":"https:\/\/noticiasya.com\/2025\/12\/16\/homicidio-premeditado-nick-reiner-muerte-rob-reiner-trax\/#breadcrumb"},"inLanguage":"es","potentialAction":[{"@type":"ReadAction","target":["https:\/\/noticiasya.com\/2025\/12\/16\/homicidio-premeditado-nick-reiner-muerte-rob-reiner-trax\/"]}]},{"@type":"BreadcrumbList","@id":"https:\/\/noticiasya.com\/2025\/12\/16\/homicidio-premeditado-nick-reiner-muerte-rob-reiner-trax\/#breadcrumb","itemListElement":[{"@type":"ListItem","position":1,"name":"Home","item":"https:\/\/noticiasya.com\/"},{"@type":"ListItem","position":2,"name":"Acusan a Nick Reiner de homicidio premeditado tras la muerte de sus padres, Rob y Michele"}]},{"@type":"WebSite","@id":"https:\/\/noticiasya.com\/#website","url":"https:\/\/noticiasya.com\/","name":"Noticias","description":"Lo que importa","publisher":{"@id":"https:\/\/noticiasya.com\/#organization"},"potentialAction":[{"@type":"SearchAction","target":{"@type":"EntryPoint","urlTemplate":"https:\/\/noticiasya.com\/?s={search_term_string}"},"query-input":{"@type":"PropertyValueSpecification","valueRequired":true,"valueName":"search_term_string"}}],"inLanguage":"es"},{"@type":"Organization","@id":"https:\/\/noticiasya.com\/#organization","name":"Noticias","url":"https:\/\/noticiasya.com\/","logo":{"@type":"ImageObject","inLanguage":"es","@id":"https:\/\/noticiasya.com\/#\/schema\/logo\/image\/","url":"https:\/\/noticiasya.com\/wp-content\/uploads\/sites\/22\/2023\/12\/logo-nacional.png","contentUrl":"https:\/\/noticiasya.com\/wp-content\/uploads\/sites\/22\/2023\/12\/logo-nacional.png","width":1801,"height":691,"caption":"Noticias"},"image":{"@id":"https:\/\/noticiasya.com\/#\/schema\/logo\/image\/"}}]}},"parsely":{"version":"1.1.0","canonical_url":"https:\/\/noticiasya.com\/midland-odessa\/2025\/12\/16\/homicidio-premeditado-nick-reiner-muerte-rob-reiner-trax\/","smart_links":{"inbound":0,"outbound":0},"traffic_boost_suggestions_count":0,"meta":{"@context":"https:\/\/schema.org","@type":"NewsArticle","headline":"Acusan a Nick Reiner de homicidio premeditado tras la muerte de sus padres, Rob y Michele","url":"http:\/\/noticiasya.com\/midland-odessa\/2025\/12\/16\/homicidio-premeditado-nick-reiner-muerte-rob-reiner-trax\/","mainEntityOfPage":{"@type":"WebPage","@id":"http:\/\/noticiasya.com\/midland-odessa\/2025\/12\/16\/homicidio-premeditado-nick-reiner-muerte-rob-reiner-trax\/"},"thumbnailUrl":"","image":{"@type":"ImageObject","url":""},"articleSection":"Noticias Nacionales","author":[],"creator":[],"publisher":{"@type":"Organization","name":"Noticias","logo":""},"keywords":[],"dateCreated":"2025-12-16T22:03:45Z","datePublished":"2025-12-16T22:03:45Z","dateModified":"2025-12-16T22:03:45Z"},"rendered":"<script type=\"application\/ld+json\" class=\"wp-parsely-metadata\">{\"@context\":\"https:\\\/\\\/schema.org\",\"@type\":\"NewsArticle\",\"headline\":\"Acusan a Nick Reiner de homicidio premeditado tras la muerte de sus padres, Rob y Michele\",\"url\":\"http:\\\/\\\/noticiasya.com\\\/midland-odessa\\\/2025\\\/12\\\/16\\\/homicidio-premeditado-nick-reiner-muerte-rob-reiner-trax\\\/\",\"mainEntityOfPage\":{\"@type\":\"WebPage\",\"@id\":\"http:\\\/\\\/noticiasya.com\\\/midland-odessa\\\/2025\\\/12\\\/16\\\/homicidio-premeditado-nick-reiner-muerte-rob-reiner-trax\\\/\"},\"thumbnailUrl\":\"\",\"image\":{\"@type\":\"ImageObject\",\"url\":\"\"},\"articleSection\":\"Noticias Nacionales\",\"author\":[],\"creator\":[],\"publisher\":{\"@type\":\"Organization\",\"name\":\"Noticias\",\"logo\":\"\"},\"keywords\":[],\"dateCreated\":\"2025-12-16T22:03:45Z\",\"datePublished\":\"2025-12-16T22:03:45Z\",\"dateModified\":\"2025-12-16T22:03:45Z\"}<\/script>","tracker_url":"https:\/\/cdn.parsely.com\/keys\/noticiasya.com\/p.js"},"jetpack_featured_media_url":"","jetpack-related-posts":[{"id":1471564,"url":"https:\/\/noticiasya.com\/midland-odessa\/2026\/02\/23\/nick-reiner-se-declara-inocente-homicidio-rob-michele-reiner-trax\/","url_meta":{"origin":1469316,"position":0},"title":"Nick Reiner se declara inocente de los cargos de homicidio por la muerte de sus padres, Rob y Michele Reiner","author":"","date":"febrero 23, 2026","format":false,"excerpt":"Nick Reiner, el hombre de 32 a\u00f1os acusado de dos cargos de homicidio premeditado en relaci\u00f3n con el mortal apu\u00f1alamiento de sus padres, el famoso director Rob Reiner y la fot\u00f3grafa Michele Singer Reiner, se declar\u00f3 inocente en un tribunal de Los \u00c1ngeles el lunes.Reiner renunci\u00f3 a su derecho a\u2026","rel":"","context":"In &quot;Noticias Nacionales&quot;","block_context":{"text":"Noticias Nacionales","link":"https:\/\/noticiasya.com\/midland-odessa\/categoria\/noticias-nacionales"},"img":{"alt_text":"","src":"","width":0,"height":0},"classes":[]},{"id":1469307,"url":"https:\/\/noticiasya.com\/midland-odessa\/2025\/12\/16\/que-paso-muertes-rob-reiner-michele-claves-orix\/","url_meta":{"origin":1469316,"position":1},"title":"\u00bfQu\u00e9 pas\u00f3 en la muerte de Rob Reiner y su esposa, de qu\u00e9 acusan al hijo y c\u00f3mo habr\u00edan sido los homicidios?","author":"","date":"diciembre 16, 2025","format":false,"excerpt":"Nick Reiner, de 32 a\u00f1os, est\u00e1 detenido sin derecho a fianza despu\u00e9s de que sus padres \u2014el actor y director de Hollywood Rob Reiner, de 78 a\u00f1os, y su esposa, Michele Singer Reiner, de 67\u2014 fueran encontrados muertos en la casa familiar de Brentwood, en Los \u00c1ngeles, un d\u00eda despu\u00e9s\u2026","rel":"","context":"In &quot;Noticias Nacionales&quot;","block_context":{"text":"Noticias Nacionales","link":"https:\/\/noticiasya.com\/midland-odessa\/categoria\/noticias-nacionales"},"img":{"alt_text":"","src":"","width":0,"height":0},"classes":[]},{"id":1469409,"url":"https:\/\/noticiasya.com\/midland-odessa\/2025\/12\/18\/que-ocurrio-antes-y-despues-muerte-rob-michele-reiner-trax\/","url_meta":{"origin":1469316,"position":2},"title":"Qu\u00e9 ocurri\u00f3 en las horas previas y posteriores a la muerte de Rob y Michele Reiner","author":"","date":"diciembre 18, 2025","format":false,"excerpt":"En las horas posteriores a que la polic\u00eda encontrara los cuerpos de Rob Reiner y Michele Singer Reiner dentro de su casa en Brentwood, California, se intensific\u00f3 la especulaci\u00f3n sobre qu\u00e9 pudo haber llevado a alguien a asesinar al querido director de Hollywood y de su esposa, una carism\u00e1tica fot\u00f3grafa\u2026","rel":"","context":"In &quot;Noticias Nacionales&quot;","block_context":{"text":"Noticias Nacionales","link":"https:\/\/noticiasya.com\/midland-odessa\/categoria\/noticias-nacionales"},"img":{"alt_text":"","src":"","width":0,"height":0},"classes":[]},{"id":1469368,"url":"https:\/\/noticiasya.com\/midland-odessa\/2025\/12\/17\/rob-michele-reiner-amor-hijo-homicidio-trax\/","url_meta":{"origin":1469316,"position":3},"title":"Lo que Rob y Michele Reiner dec\u00edan del amor que le ten\u00edan a su hijo Nick, acusado de homicidio premeditado tras su muerte","author":"","date":"diciembre 17, 2025","format":false,"excerpt":"Durante un tiempo, en los a\u00f1os 90, el cineasta Rob Reiner apart\u00f3 su atenci\u00f3n de las pel\u00edculas que lo hab\u00edan hecho famoso para enfocarse en un proyecto que lo apasionaba.La teor\u00eda del apego estaba en pleno auge: la idea de que un ni\u00f1o necesita formar lazos seguros con un cuidador\u2026","rel":"","context":"In &quot;Noticias Nacionales&quot;","block_context":{"text":"Noticias Nacionales","link":"https:\/\/noticiasya.com\/midland-odessa\/categoria\/noticias-nacionales"},"img":{"alt_text":"","src":"","width":0,"height":0},"classes":[]},{"id":1454953,"url":"https:\/\/noticiasya.com\/midland-odessa\/2024\/10\/04\/crimenes-reales-docuserie-hermanos-menendez-television-trax\/","url_meta":{"origin":1469316,"position":4},"title":"El caso de los hermanos Men\u00e9ndez no es el \u00fanico afectado por una docuserie de cr\u00edmenes reales","author":"","date":"octubre 4, 2024","format":false,"excerpt":"(CNN) -- Ser un detective de sill\u00f3n se ha convertido en una obsesi\u00f3n estadounidense, impulsada por una abundancia de contenido de cr\u00edmenes reales en podcasts y series de televisi\u00f3n. Sin embargo, algunos de esos proyectos han provocado desarrollos legales reales.El \u00faltimo ejemplo involucra el caso de alto perfil de los\u2026","rel":"","context":"In &quot;Noticias Nacionales&quot;","block_context":{"text":"Noticias Nacionales","link":"https:\/\/noticiasya.com\/midland-odessa\/categoria\/noticias-nacionales"},"img":{"alt_text":"","src":"","width":0,"height":0},"classes":[]},{"id":1456558,"url":"https:\/\/noticiasya.com\/midland-odessa\/2024\/12\/13\/cargos-luigi-mangione-brian-thompson-ceo-trax\/","url_meta":{"origin":1469316,"position":5},"title":"Pr\u00f3ximos pasos en el caso de Luigi Mangione y por qu\u00e9 el cargo m\u00e1s grave es solo homicidio intencional sin premeditaci\u00f3n","author":"","date":"diciembre 13, 2024","format":false,"excerpt":"El cargo m\u00e1s grave que se le imputa al sospechoso de dar muerte al CEO de UnitedHealthcare la semana pasada a plena luz del d\u00eda en una acera de Manhattan es el de homicidio intencional sin premeditaci\u00f3n, pero ese cargo podr\u00eda elevarse si los fiscales encuentran pruebas que demuestren que\u2026","rel":"","context":"In &quot;Noticias Nacionales&quot;","block_context":{"text":"Noticias Nacionales","link":"https:\/\/noticiasya.com\/midland-odessa\/categoria\/noticias-nacionales"},"img":{"alt_text":"","src":"","width":0,"height":0},"classes":[]}],"jetpack_sharing_enabled":true,"_links":{"self":[{"href":"https:\/\/noticiasya.com\/midland-odessa\/wp-json\/wp\/v2\/posts\/1469316","targetHints":{"allow":["GET"]}}],"collection":[{"href":"https:\/\/noticiasya.com\/midland-odessa\/wp-json\/wp\/v2\/posts"}],"about":[{"href":"https:\/\/noticiasya.com\/midland-odessa\/wp-json\/wp\/v2\/types\/post"}],"replies":[{"embeddable":true,"href":"https:\/\/noticiasya.com\/midland-odessa\/wp-json\/wp\/v2\/comments?post=1469316"}],"version-history":[{"count":0,"href":"https:\/\/noticiasya.com\/midland-odessa\/wp-json\/wp\/v2\/posts\/1469316\/revisions"}],"wp:attachment":[{"href":"https:\/\/noticiasya.com\/midland-odessa\/wp-json\/wp\/v2\/media?parent=1469316"}],"wp:term":[{"taxonomy":"category","embeddable":true,"href":"https:\/\/noticiasya.com\/midland-odessa\/wp-json\/wp\/v2\/categories?post=1469316"},{"taxonomy":"post_tag","embeddable":true,"href":"https:\/\/noticiasya.com\/midland-odessa\/wp-json\/wp\/v2\/tags?post=1469316"}],"curies":[{"name":"wp","href":"https:\/\/api.w.org\/{rel}","templated":true}]}}