{"id":1469321,"date":"2025-12-16T16:03:47","date_gmt":"2025-12-17T00:03:47","guid":{"rendered":"https:\/\/noticiasya.com\/2025\/12\/16\/desempleo-latinos-economia-trump-orix\/"},"modified":"2025-12-16T16:03:47","modified_gmt":"2025-12-17T00:03:47","slug":"desempleo-latinos-economia-trump-orix","status":"publish","type":"post","link":"https:\/\/noticiasya.com\/midland-odessa\/2025\/12\/16\/desempleo-latinos-economia-trump-orix\/","title":{"rendered":"Desempleo en EE.UU. golpea de manera desproporcionada a los latinos, los m\u00e1s afectados por la econom\u00eda"},"content":{"rendered":"<p>En medio de un clima econ\u00f3mico cada vez m\u00e1s tenso en Estados Unidos, los trabajadores latinos est\u00e1n sufriendo un impacto desproporcionado frente al promedio nacional, seg\u00fan el m\u00e1s reciente informe de empleo correspondiente a noviembre de 2025.<\/p>\n<p>La tasa de desempleo entre los latinos subi\u00f3 al 5 % en noviembre, por encima del promedio nacional de 4,6 %, <a href=\"https:\/\/fred.stlouisfed.org\/series\/LNS14000009#:~:text=Observations,Release%20Date:%20Dec%2016%2C%202025\">de acuerdo con datos de la Oficina de Estad\u00edsticas Laborales (BLS). <\/a>La tasa general alcanz\u00f3 su nivel m\u00e1s alto desde septiembre de 2021, cuando el pa\u00eds a\u00fan sal\u00eda de la recesi\u00f3n provocada por la pandemia del covid-19.<\/p>\n<p>La creaci\u00f3n de empleo tambi\u00e9n se desaceler\u00f3, con <a href=\"https:\/\/cnnespanol.cnn.com\/2025\/12\/16\/economia\/desempleo-noviembre-maximo-trax\">solo 64.000 nuevos puestos<\/a> durante noviembre. Aunque los latinos representan cerca del 20 % de la fuerza laboral estadounidense, su tasa de desempleo supera ahora la media nacional.<\/p>\n<p>Tras la publicaci\u00f3n del reporte, la organizaci\u00f3n Voto Latino se\u00f1al\u00f3 que los datos reflejan un panorama econ\u00f3mico complejo para las comunidades latinas y cuestion\u00f3 la respuesta del Gobierno del presidente Donald Trump, al considerar que las promesas de alivio econ\u00f3mico no se han traducido en mejoras tangibles para las familias trabajadoras.<\/p>\n<p>\u201cMientras la Casa Blanca contin\u00faa enga\u00f1ando al p\u00fablico sobre la econom\u00eda, las cifras cuentan otra historia: los salarios no est\u00e1n siguiendo el ritmo del aumento de los costos y millones de familias se est\u00e1n quedando cada vez m\u00e1s atr\u00e1s\u201d,<a href=\"https:\/\/votolatino.org\/media\/press-releases\/new-jobs-report-shows-latino-workers-facing-the-sharpest-economic-decline-under-trump\/\"> dijo la organizaci\u00f3n en un comunicado.<\/a><\/p>\n<p>El aumento del desempleo y el d\u00e9bil crecimiento del empleo est\u00e1n obligando a muchos hogares a reducir gastos b\u00e1sicos, asumir trabajos adicionales o postergar pagos para cubrir necesidades esenciales, <a href=\"https:\/\/nam11.safelinks.protection.outlook.com\/?url=https%3A%2F%2Fvotolatino.org%2Fmedia%2Fpress-releases%2Fvoto-latino-poll-reveals-severe-economic-strain-as-americans-are-cutting-back-on-food-skipping-meals-and-taking-second-jobs%2F&#038;data=05%7C02%7Crocio.munoz%40cnn.com%7Cb52af37476ca468fba7008de3cf3b0c2%7C0eb48825e8714459bc72d0ecd68f1f39%7C0%7C0%7C639015214492336829%7CUnknown%7CTWFpbGZsb3d8eyJFbXB0eU1hcGkiOnRydWUsIlYiOiIwLjAuMDAwMCIsIlAiOiJXaW4zMiIsIkFOIjoiTWFpbCIsIldUIjoyfQ%3D%3D%7C0%7C%7C%7C&#038;sdata=FH4XS9rHTbcWcxsefq0JtQ2Qnm%2F1MUDA5TOiuV%2Bm9Sc%3D&#038;reserved=0\">seg\u00fan Voto Latino.<\/a> Y entre los latinos, la presi\u00f3n econ\u00f3mica se siente con mayor intensidad.<\/p>\n<p>\u201cLa carga es a\u00fan m\u00e1s pesada para las comunidades negras y latinas, donde los sacrificios financieros son mayores y el camino hacia la estabilidad cada vez est\u00e1 m\u00e1s fuera de alcance\u201d, se\u00f1al\u00f3 la organizaci\u00f3n.<\/p>\n<p>Los latinos tambi\u00e9n han dejado sentir su preocupaci\u00f3n por la econom\u00eda en <a href=\"https:\/\/cnnespanol.cnn.com\/2025\/11\/25\/eeuu\/descontento-latinos-economia-inmigracion-trump-encuesta-pew-orix\">dos encuestas del Pew Research Center <\/a>publicadas en noviembre: el 61 % considera que las pol\u00edticas econ\u00f3micas de Trump han empeorado su situaci\u00f3n, mientras solo el 15 % cree que han mejorado.<\/p>\n<p>El 67 % dice estar muy preocupado por el precio de alimentos y bienes de consumo, y el 65 % por el costo de la vivienda, seg\u00fan la encuesta realizada en septiembre por Pew. Adem\u00e1s, el 53 % se\u00f1ala su preocupaci\u00f3n por el precio de la gasolina y la energ\u00eda, y el 50 % por la dificultad de encontrar empleo.<\/p>\n<p>La encuesta de octubre muestra que uno de cada tres latinos tuvo dificultades para pagar alimentos o v\u00edveres (35 %), atenci\u00f3n m\u00e9dica (30 %) o renta\/hipoteca (30 %) en el \u00faltimo a\u00f1o.<\/p>\n<p>Incluso entre los votantes que apoyaron al presidente, la preocupaci\u00f3n por la econom\u00eda sigue presente, especialmente entre quienes dependen de trabajos con salarios bajos o de asistencia social, seg\u00fan el Pew.<\/p>\n<p>De cara a la elecciones de 2026, Voto Latino se\u00f1al\u00f3 que el impacto econ\u00f3mico que reflejan los datos podr\u00eda influir en las prioridades del electorado latino.<\/p>\n<p>\u201cA medida que se acercan las elecciones de 2026, los votantes latinos buscar\u00e1n l\u00edderes que est\u00e9n dispuestos a enfrentar esta realidad econ\u00f3mica y a impulsar pol\u00edticas que ampl\u00eden las oportunidades y la estabilidad para todos\u201d.<\/p>\n<p>The-CNN-Wire<br \/>&trade; &amp; &copy; 2025 Cable News Network, Inc., a Warner Bros. Discovery Company. All rights reserved.<\/p>\n","protected":false},"excerpt":{"rendered":"<p>En medio de un clima econ\u00f3mico cada vez m\u00e1s tenso en Estados Unidos, los trabajadores latinos est\u00e1n sufriendo un impacto desproporcionado frente al promedio nacional, seg\u00fan el m\u00e1s reciente informe de empleo correspondiente a noviembre de 2025. La tasa de desempleo entre los latinos subi\u00f3 al 5 % en noviembre, por encima del promedio nacional [&hellip;]<\/p>\n","protected":false},"author":0,"featured_media":0,"comment_status":"open","ping_status":"open","sticky":false,"template":"","format":"standard","meta":{"_jetpack_memberships_contains_paid_content":false,"footnotes":""},"categories":[10],"tags":[],"class_list":["post-1469321","post","type-post","status-publish","format-standard","hentry","category-noticias-nacionales","market-global"],"yoast_head":"<!-- This site is optimized with the Yoast SEO plugin v24.4 - https:\/\/yoast.com\/wordpress\/plugins\/seo\/ -->\n<title>Desempleo en EE.UU. golpea de manera desproporcionada a los latinos, los m\u00e1s afectados por la econom\u00eda - Noticias<\/title>\n<meta name=\"robots\" content=\"index, follow, max-snippet:-1, max-image-preview:large, max-video-preview:-1\" \/>\n<link rel=\"canonical\" href=\"https:\/\/noticiasya.com\/2025\/12\/16\/desempleo-latinos-economia-trump-orix\/\" \/>\n<meta property=\"og:locale\" content=\"es_ES\" \/>\n<meta property=\"og:type\" content=\"article\" \/>\n<meta property=\"og:title\" content=\"Desempleo en EE.UU. golpea de manera desproporcionada a los latinos, los m\u00e1s afectados por la econom\u00eda - Noticias\" \/>\n<meta property=\"og:description\" content=\"En medio de un clima econ\u00f3mico cada vez m\u00e1s tenso en Estados Unidos, los trabajadores latinos est\u00e1n sufriendo un impacto desproporcionado frente al promedio nacional, seg\u00fan el m\u00e1s reciente informe de empleo correspondiente a noviembre de 2025. La tasa de desempleo entre los latinos subi\u00f3 al 5 % en noviembre, por encima del promedio nacional [&hellip;]\" \/>\n<meta property=\"og:url\" content=\"https:\/\/noticiasya.com\/2025\/12\/16\/desempleo-latinos-economia-trump-orix\/\" \/>\n<meta property=\"og:site_name\" content=\"Noticias\" \/>\n<meta property=\"article:published_time\" content=\"2025-12-17T00:03:47+00:00\" \/>\n<meta name=\"twitter:card\" content=\"summary_large_image\" \/>\n<meta name=\"twitter:label1\" content=\"Est. reading time\" \/>\n\t<meta name=\"twitter:data1\" content=\"3 minutos\" \/>\n<script type=\"application\/ld+json\" class=\"yoast-schema-graph\">{\"@context\":\"https:\/\/schema.org\",\"@graph\":[{\"@type\":\"Article\",\"@id\":\"https:\/\/noticiasya.com\/2025\/12\/16\/desempleo-latinos-economia-trump-orix\/#article\",\"isPartOf\":{\"@id\":\"https:\/\/noticiasya.com\/2025\/12\/16\/desempleo-latinos-economia-trump-orix\/\"},\"author\":{\"name\":\"\",\"@id\":\"\"},\"headline\":\"Desempleo en EE.UU. golpea de manera desproporcionada a los latinos, los m\u00e1s afectados por la econom\u00eda\",\"datePublished\":\"2025-12-17T00:03:47+00:00\",\"mainEntityOfPage\":{\"@id\":\"https:\/\/noticiasya.com\/2025\/12\/16\/desempleo-latinos-economia-trump-orix\/\"},\"wordCount\":605,\"commentCount\":0,\"publisher\":{\"@id\":\"https:\/\/noticiasya.com\/#organization\"},\"articleSection\":[\"Noticias Nacionales\"],\"inLanguage\":\"es\",\"potentialAction\":[{\"@type\":\"CommentAction\",\"name\":\"Comment\",\"target\":[\"https:\/\/noticiasya.com\/2025\/12\/16\/desempleo-latinos-economia-trump-orix\/#respond\"]}]},{\"@type\":\"WebPage\",\"@id\":\"https:\/\/noticiasya.com\/2025\/12\/16\/desempleo-latinos-economia-trump-orix\/\",\"url\":\"https:\/\/noticiasya.com\/2025\/12\/16\/desempleo-latinos-economia-trump-orix\/\",\"name\":\"Desempleo en EE.UU. golpea de manera desproporcionada a los latinos, los m\u00e1s afectados por la econom\u00eda - Noticias\",\"isPartOf\":{\"@id\":\"https:\/\/noticiasya.com\/#website\"},\"datePublished\":\"2025-12-17T00:03:47+00:00\",\"breadcrumb\":{\"@id\":\"https:\/\/noticiasya.com\/2025\/12\/16\/desempleo-latinos-economia-trump-orix\/#breadcrumb\"},\"inLanguage\":\"es\",\"potentialAction\":[{\"@type\":\"ReadAction\",\"target\":[\"https:\/\/noticiasya.com\/2025\/12\/16\/desempleo-latinos-economia-trump-orix\/\"]}]},{\"@type\":\"BreadcrumbList\",\"@id\":\"https:\/\/noticiasya.com\/2025\/12\/16\/desempleo-latinos-economia-trump-orix\/#breadcrumb\",\"itemListElement\":[{\"@type\":\"ListItem\",\"position\":1,\"name\":\"Home\",\"item\":\"https:\/\/noticiasya.com\/\"},{\"@type\":\"ListItem\",\"position\":2,\"name\":\"Desempleo en EE.UU. golpea de manera desproporcionada a los latinos, los m\u00e1s afectados por la econom\u00eda\"}]},{\"@type\":\"WebSite\",\"@id\":\"https:\/\/noticiasya.com\/#website\",\"url\":\"https:\/\/noticiasya.com\/\",\"name\":\"Noticias\",\"description\":\"Lo que importa\",\"publisher\":{\"@id\":\"https:\/\/noticiasya.com\/#organization\"},\"potentialAction\":[{\"@type\":\"SearchAction\",\"target\":{\"@type\":\"EntryPoint\",\"urlTemplate\":\"https:\/\/noticiasya.com\/?s={search_term_string}\"},\"query-input\":{\"@type\":\"PropertyValueSpecification\",\"valueRequired\":true,\"valueName\":\"search_term_string\"}}],\"inLanguage\":\"es\"},{\"@type\":\"Organization\",\"@id\":\"https:\/\/noticiasya.com\/#organization\",\"name\":\"Noticias\",\"url\":\"https:\/\/noticiasya.com\/\",\"logo\":{\"@type\":\"ImageObject\",\"inLanguage\":\"es\",\"@id\":\"https:\/\/noticiasya.com\/#\/schema\/logo\/image\/\",\"url\":\"https:\/\/noticiasya.com\/wp-content\/uploads\/sites\/22\/2023\/12\/logo-nacional.png\",\"contentUrl\":\"https:\/\/noticiasya.com\/wp-content\/uploads\/sites\/22\/2023\/12\/logo-nacional.png\",\"width\":1801,\"height\":691,\"caption\":\"Noticias\"},\"image\":{\"@id\":\"https:\/\/noticiasya.com\/#\/schema\/logo\/image\/\"}}]}<\/script>\n<!-- \/ Yoast SEO plugin. -->","yoast_head_json":{"title":"Desempleo en EE.UU. golpea de manera desproporcionada a los latinos, los m\u00e1s afectados por la econom\u00eda - Noticias","robots":{"index":"index","follow":"follow","max-snippet":"max-snippet:-1","max-image-preview":"max-image-preview:large","max-video-preview":"max-video-preview:-1"},"canonical":"https:\/\/noticiasya.com\/2025\/12\/16\/desempleo-latinos-economia-trump-orix\/","og_locale":"es_ES","og_type":"article","og_title":"Desempleo en EE.UU. golpea de manera desproporcionada a los latinos, los m\u00e1s afectados por la econom\u00eda - Noticias","og_description":"En medio de un clima econ\u00f3mico cada vez m\u00e1s tenso en Estados Unidos, los trabajadores latinos est\u00e1n sufriendo un impacto desproporcionado frente al promedio nacional, seg\u00fan el m\u00e1s reciente informe de empleo correspondiente a noviembre de 2025. La tasa de desempleo entre los latinos subi\u00f3 al 5 % en noviembre, por encima del promedio nacional [&hellip;]","og_url":"https:\/\/noticiasya.com\/2025\/12\/16\/desempleo-latinos-economia-trump-orix\/","og_site_name":"Noticias","article_published_time":"2025-12-17T00:03:47+00:00","twitter_card":"summary_large_image","twitter_misc":{"Est. reading time":"3 minutos"},"schema":{"@context":"https:\/\/schema.org","@graph":[{"@type":"Article","@id":"https:\/\/noticiasya.com\/2025\/12\/16\/desempleo-latinos-economia-trump-orix\/#article","isPartOf":{"@id":"https:\/\/noticiasya.com\/2025\/12\/16\/desempleo-latinos-economia-trump-orix\/"},"author":{"name":"","@id":""},"headline":"Desempleo en EE.UU. golpea de manera desproporcionada a los latinos, los m\u00e1s afectados por la econom\u00eda","datePublished":"2025-12-17T00:03:47+00:00","mainEntityOfPage":{"@id":"https:\/\/noticiasya.com\/2025\/12\/16\/desempleo-latinos-economia-trump-orix\/"},"wordCount":605,"commentCount":0,"publisher":{"@id":"https:\/\/noticiasya.com\/#organization"},"articleSection":["Noticias Nacionales"],"inLanguage":"es","potentialAction":[{"@type":"CommentAction","name":"Comment","target":["https:\/\/noticiasya.com\/2025\/12\/16\/desempleo-latinos-economia-trump-orix\/#respond"]}]},{"@type":"WebPage","@id":"https:\/\/noticiasya.com\/2025\/12\/16\/desempleo-latinos-economia-trump-orix\/","url":"https:\/\/noticiasya.com\/2025\/12\/16\/desempleo-latinos-economia-trump-orix\/","name":"Desempleo en EE.UU. golpea de manera desproporcionada a los latinos, los m\u00e1s afectados por la econom\u00eda - Noticias","isPartOf":{"@id":"https:\/\/noticiasya.com\/#website"},"datePublished":"2025-12-17T00:03:47+00:00","breadcrumb":{"@id":"https:\/\/noticiasya.com\/2025\/12\/16\/desempleo-latinos-economia-trump-orix\/#breadcrumb"},"inLanguage":"es","potentialAction":[{"@type":"ReadAction","target":["https:\/\/noticiasya.com\/2025\/12\/16\/desempleo-latinos-economia-trump-orix\/"]}]},{"@type":"BreadcrumbList","@id":"https:\/\/noticiasya.com\/2025\/12\/16\/desempleo-latinos-economia-trump-orix\/#breadcrumb","itemListElement":[{"@type":"ListItem","position":1,"name":"Home","item":"https:\/\/noticiasya.com\/"},{"@type":"ListItem","position":2,"name":"Desempleo en EE.UU. golpea de manera desproporcionada a los latinos, los m\u00e1s afectados por la econom\u00eda"}]},{"@type":"WebSite","@id":"https:\/\/noticiasya.com\/#website","url":"https:\/\/noticiasya.com\/","name":"Noticias","description":"Lo que importa","publisher":{"@id":"https:\/\/noticiasya.com\/#organization"},"potentialAction":[{"@type":"SearchAction","target":{"@type":"EntryPoint","urlTemplate":"https:\/\/noticiasya.com\/?s={search_term_string}"},"query-input":{"@type":"PropertyValueSpecification","valueRequired":true,"valueName":"search_term_string"}}],"inLanguage":"es"},{"@type":"Organization","@id":"https:\/\/noticiasya.com\/#organization","name":"Noticias","url":"https:\/\/noticiasya.com\/","logo":{"@type":"ImageObject","inLanguage":"es","@id":"https:\/\/noticiasya.com\/#\/schema\/logo\/image\/","url":"https:\/\/noticiasya.com\/wp-content\/uploads\/sites\/22\/2023\/12\/logo-nacional.png","contentUrl":"https:\/\/noticiasya.com\/wp-content\/uploads\/sites\/22\/2023\/12\/logo-nacional.png","width":1801,"height":691,"caption":"Noticias"},"image":{"@id":"https:\/\/noticiasya.com\/#\/schema\/logo\/image\/"}}]}},"parsely":{"version":"1.1.0","canonical_url":"https:\/\/noticiasya.com\/midland-odessa\/2025\/12\/16\/desempleo-latinos-economia-trump-orix\/","smart_links":{"inbound":0,"outbound":0},"traffic_boost_suggestions_count":0,"meta":{"@context":"https:\/\/schema.org","@type":"NewsArticle","headline":"Desempleo en EE.UU. golpea de manera desproporcionada a los latinos, los m\u00e1s afectados por la econom\u00eda","url":"http:\/\/noticiasya.com\/midland-odessa\/2025\/12\/16\/desempleo-latinos-economia-trump-orix\/","mainEntityOfPage":{"@type":"WebPage","@id":"http:\/\/noticiasya.com\/midland-odessa\/2025\/12\/16\/desempleo-latinos-economia-trump-orix\/"},"thumbnailUrl":"","image":{"@type":"ImageObject","url":""},"articleSection":"Noticias Nacionales","author":[],"creator":[],"publisher":{"@type":"Organization","name":"Noticias","logo":""},"keywords":[],"dateCreated":"2025-12-17T00:03:47Z","datePublished":"2025-12-17T00:03:47Z","dateModified":"2025-12-17T00:03:47Z"},"rendered":"<script type=\"application\/ld+json\" class=\"wp-parsely-metadata\">{\"@context\":\"https:\\\/\\\/schema.org\",\"@type\":\"NewsArticle\",\"headline\":\"Desempleo en EE.UU. golpea de manera desproporcionada a los latinos, los m\\u00e1s afectados por la econom\\u00eda\",\"url\":\"http:\\\/\\\/noticiasya.com\\\/midland-odessa\\\/2025\\\/12\\\/16\\\/desempleo-latinos-economia-trump-orix\\\/\",\"mainEntityOfPage\":{\"@type\":\"WebPage\",\"@id\":\"http:\\\/\\\/noticiasya.com\\\/midland-odessa\\\/2025\\\/12\\\/16\\\/desempleo-latinos-economia-trump-orix\\\/\"},\"thumbnailUrl\":\"\",\"image\":{\"@type\":\"ImageObject\",\"url\":\"\"},\"articleSection\":\"Noticias Nacionales\",\"author\":[],\"creator\":[],\"publisher\":{\"@type\":\"Organization\",\"name\":\"Noticias\",\"logo\":\"\"},\"keywords\":[],\"dateCreated\":\"2025-12-17T00:03:47Z\",\"datePublished\":\"2025-12-17T00:03:47Z\",\"dateModified\":\"2025-12-17T00:03:47Z\"}<\/script>","tracker_url":"https:\/\/cdn.parsely.com\/keys\/noticiasya.com\/p.js"},"jetpack_featured_media_url":"","jetpack-related-posts":[{"id":1466205,"url":"https:\/\/noticiasya.com\/midland-odessa\/2025\/09\/06\/empleo-eeuu-desempleo-trax\/","url_meta":{"origin":1469321,"position":0},"title":"\u00bfQu\u00e9 implica para ti el \u00faltimo informe de empleo?\u2026 Abr\u00f3chate el cintur\u00f3n","author":"","date":"septiembre 6, 2025","format":false,"excerpt":"Tras a\u00f1os de abundantes oportunidades de empleo, importantes aumentos salariales y un gasto desenfrenado impulsado por el ahorro acumulado durante la pandemia, los trabajadores estadounidenses se enfrentan ahora a una realidad econ\u00f3mica preocupante: cada vez es m\u00e1s dif\u00edcil encontrar trabajo, y cada vez m\u00e1s sectores est\u00e1n eliminando puestos.El \u00faltimo informe\u2026","rel":"","context":"In &quot;Noticias Nacionales&quot;","block_context":{"text":"Noticias Nacionales","link":"https:\/\/noticiasya.com\/midland-odessa\/categoria\/noticias-nacionales"},"img":{"alt_text":"","src":"","width":0,"height":0},"classes":[]},{"id":1469522,"url":"https:\/\/noticiasya.com\/midland-odessa\/2025\/12\/23\/trump-tasa-de-desempleo-trax\/","url_meta":{"origin":1469321,"position":1},"title":"La larga y tortuosa relaci\u00f3n de Trump con la tasa de desempleo acaba de empeorar","author":"","date":"diciembre 23, 2025","format":false,"excerpt":"Cuando los datos de empleo o inflaci\u00f3n contradicen la narrativa econ\u00f3mica preferida del presidente Donald Trump, \u00e9l suele ofrecer estad\u00edsticas alternativas para mostrar la econom\u00eda bajo una luz m\u00e1s positiva. Pero el \u00faltimo intento de Trump pide a los estadounidenses que acepten una l\u00f3gica desconcertante.Despu\u00e9s de que la tasa de\u2026","rel":"","context":"In &quot;Noticias Nacionales&quot;","block_context":{"text":"Noticias Nacionales","link":"https:\/\/noticiasya.com\/midland-odessa\/categoria\/noticias-nacionales"},"img":{"alt_text":"","src":"","width":0,"height":0},"classes":[]},{"id":1464194,"url":"https:\/\/noticiasya.com\/midland-odessa\/2025\/07\/03\/malas-ocultas-informe-empleo-junio-trax\/","url_meta":{"origin":1469321,"position":2},"title":"Estas son las malas noticias ocultas en el informe de empleo de junio","author":"","date":"julio 3, 2025","format":false,"excerpt":"A simple vista, el informe de empleo de junio presenta un panorama s\u00f3lido de la econom\u00eda estadounidense, con una tasa de desempleo hist\u00f3ricamente baja, una cantidad saludable de empleos creados y un crecimiento salarial que supera la inflaci\u00f3n. Sin embargo, un an\u00e1lisis m\u00e1s detallado de los datos revela aspectos negativos\u2026","rel":"","context":"In &quot;Noticias Nacionales&quot;","block_context":{"text":"Noticias Nacionales","link":"https:\/\/noticiasya.com\/midland-odessa\/categoria\/noticias-nacionales"},"img":{"alt_text":"","src":"","width":0,"height":0},"classes":[]},{"id":1469302,"url":"https:\/\/noticiasya.com\/midland-odessa\/2025\/12\/16\/desempleo-noviembre-maximo-trax\/","url_meta":{"origin":1469321,"position":3},"title":"La tasa de desempleo alcanz\u00f3 en noviembre su m\u00e1ximo en cuatro a\u00f1os en EE.UU.","author":"","date":"diciembre 16, 2025","format":false,"excerpt":"El desempleo alcanz\u00f3 su m\u00e1ximo en cuatro a\u00f1os, el 4,6 % en noviembre, y la econom\u00eda cre\u00f3 64.000 empleos, seg\u00fan mostraron nuevos datos de la Oficina de Estad\u00edsticas Laborales de EE.UU., este martes.El total de empleos del mes pasado se produjo tras una p\u00e9rdida de 105.000 puestos de trabajo en\u2026","rel":"","context":"In &quot;Noticias Nacionales&quot;","block_context":{"text":"Noticias Nacionales","link":"https:\/\/noticiasya.com\/midland-odessa\/categoria\/noticias-nacionales"},"img":{"alt_text":"","src":"","width":0,"height":0},"classes":[]},{"id":1450965,"url":"https:\/\/noticiasya.com\/midland-odessa\/2024\/07\/08\/estadounidenses-dificil-conseguir-trabajo-conservarlo-trax\/","url_meta":{"origin":1469321,"position":4},"title":"A los estadounidenses les resulta m\u00e1s dif\u00edcil tanto conseguir un trabajo como conservarlo","author":"","date":"julio 8, 2024","format":false,"excerpt":"(CNN) -- Los solicitantes de empleo fueron quienes tomaron las decisiones durante casi cuatro a\u00f1os mientras los empleadores luchaban por llenar millones de vacantes para satisfacer la avalancha de demanda derivada de la pandemia.Muchos empleadores ni siquiera pod\u00edan exigir a los trabajadores que regresaran a las oficinas por temor a\u2026","rel":"","context":"In &quot;Noticias Nacionales&quot;","block_context":{"text":"Noticias Nacionales","link":"https:\/\/noticiasya.com\/midland-odessa\/categoria\/noticias-nacionales"},"img":{"alt_text":"","src":"","width":0,"height":0},"classes":[]},{"id":1450738,"url":"https:\/\/noticiasya.com\/midland-odessa\/2024\/06\/27\/trump-biden-politicas-impacto-hispanos-orix\/","url_meta":{"origin":1469321,"position":5},"title":"Las pol\u00edticas de Trump y Biden que causaron un impacto en la comunidad hispana","author":"","date":"junio 27, 2024","format":false,"excerpt":"(CNN) -- El empleo, la inflaci\u00f3n, la econom\u00eda, la salud y la delincuencia son algunos de los temas que m\u00e1s interesan a los hispanos, seg\u00fan la asociaci\u00f3n hispana UnidosUS en su m\u00e1s reciente encuesta realizada en noviembre de 2023. Sin embargo, no son preocupaciones nuevas. Cada cuatro a\u00f1os, cuando el\u2026","rel":"","context":"In &quot;Noticias Nacionales&quot;","block_context":{"text":"Noticias Nacionales","link":"https:\/\/noticiasya.com\/midland-odessa\/categoria\/noticias-nacionales"},"img":{"alt_text":"","src":"","width":0,"height":0},"classes":[]}],"jetpack_sharing_enabled":true,"_links":{"self":[{"href":"https:\/\/noticiasya.com\/midland-odessa\/wp-json\/wp\/v2\/posts\/1469321","targetHints":{"allow":["GET"]}}],"collection":[{"href":"https:\/\/noticiasya.com\/midland-odessa\/wp-json\/wp\/v2\/posts"}],"about":[{"href":"https:\/\/noticiasya.com\/midland-odessa\/wp-json\/wp\/v2\/types\/post"}],"replies":[{"embeddable":true,"href":"https:\/\/noticiasya.com\/midland-odessa\/wp-json\/wp\/v2\/comments?post=1469321"}],"version-history":[{"count":0,"href":"https:\/\/noticiasya.com\/midland-odessa\/wp-json\/wp\/v2\/posts\/1469321\/revisions"}],"wp:attachment":[{"href":"https:\/\/noticiasya.com\/midland-odessa\/wp-json\/wp\/v2\/media?parent=1469321"}],"wp:term":[{"taxonomy":"category","embeddable":true,"href":"https:\/\/noticiasya.com\/midland-odessa\/wp-json\/wp\/v2\/categories?post=1469321"},{"taxonomy":"post_tag","embeddable":true,"href":"https:\/\/noticiasya.com\/midland-odessa\/wp-json\/wp\/v2\/tags?post=1469321"}],"curies":[{"name":"wp","href":"https:\/\/api.w.org\/{rel}","templated":true}]}}