{"id":1469323,"date":"2025-12-16T16:03:48","date_gmt":"2025-12-17T00:03:48","guid":{"rendered":"https:\/\/noticiasya.com\/2025\/12\/16\/chile-argentina-kast-milei-orix\/"},"modified":"2025-12-16T16:03:48","modified_gmt":"2025-12-17T00:03:48","slug":"chile-argentina-kast-milei-orix","status":"publish","type":"post","link":"https:\/\/noticiasya.com\/midland-odessa\/2025\/12\/16\/chile-argentina-kast-milei-orix\/","title":{"rendered":"Kast visita a Milei en Argentina en su primer viaje tras ser elegido presidente de Chile. \u00bfQu\u00e9 significa?"},"content":{"rendered":"<p>Horas despu\u00e9s de <a href=\"https:\/\/cnnespanol.cnn.com\/2025\/12\/14\/latinoamerica\/chile-kast-vence-segunda-vuelta-orix\">ganar <\/a>las elecciones en Chile, Jos\u00e9 Antonio Kast aterriz\u00f3 en Buenos Aires. En su primera visita internacional como presidente electo \u2014luego de imponerse por un margen considerable en el ballotage ante la candidata del Partido Comunista, Jeannette Jara, por 16 puntos\u2014, el l\u00edder del Partido Republicano eligi\u00f3 reunirse con el presidente de Argentina, Javier Milei.<\/p>\n<p>Todo un gesto pol\u00edtico: el viaje marc\u00f3 no solo el inicio de una nueva etapa en la relaci\u00f3n bilateral con el pa\u00eds vecino, sino tambi\u00e9n la consolidaci\u00f3n de una tendencia regional con el avance de <a href=\"https:\/\/cnnespanol.cnn.com\/2025\/12\/15\/latinoamerica\/izquierda-pierde-elecciones-balance-derecha-orix\">dirigentes de derecha que ganan terreno en Am\u00e9rica Latina.<\/a><\/p>\n<p>Milei as\u00ed lo celebr\u00f3 en redes sociales. Tras conocerse el triunfo de Kast, el mandatario argentino <a href=\"https:\/\/nam11.safelinks.protection.outlook.com\/?url=https%3A%2F%2Fwww.instagram.com%2Fp%2FDSTaWYDDq_c%2F&#038;data=05%7C02%7Cgerman.padinger%40cnn.com%7C83b2c85a00f24471b61008de3cea6c74%7C0eb48825e8714459bc72d0ecd68f1f39%7C0%7C0%7C639015174697874777%7CUnknown%7CTWFpbGZsb3d8eyJFbXB0eU1hcGkiOnRydWUsIlYiOiIwLjAuMDAwMCIsIlAiOiJXaW4zMiIsIkFOIjoiTWFpbCIsIldUIjoyfQ%3D%3D%7C0%7C%7C%7C&#038;sdata=s2QbUdFPImxwxerbk8M0%2BQpT0ICPHkBdMX2ClPOXT0A%3D&#038;reserved=0\">public\u00f3 una imagen<\/a> acompa\u00f1ada por la leyenda: \u201cEl frente que lleg\u00f3 para sepultar al socialismo\u201d. En la publicaci\u00f3n generada con inteligencia artificial se lo ve rodeado de otros l\u00edderes y referentes afines: el presidente de <a href=\"https:\/\/nam11.safelinks.protection.outlook.com\/?url=http%3A%2F%2Fee.uu%2F&#038;data=05%7C02%7Cgerman.padinger%40cnn.com%7C83b2c85a00f24471b61008de3cea6c74%7C0eb48825e8714459bc72d0ecd68f1f39%7C0%7C0%7C639015174697901981%7CUnknown%7CTWFpbGZsb3d8eyJFbXB0eU1hcGkiOnRydWUsIlYiOiIwLjAuMDAwMCIsIlAiOiJXaW4zMiIsIkFOIjoiTWFpbCIsIldUIjoyfQ%3D%3D%7C0%7C%7C%7C&#038;sdata=s%2BfUbp4eFpptopZ5LBfJEZnjpT86RYUNmsJiGZlhULs%3D&#038;reserved=0\">EE.UU<\/a>. Donald Trump, Nayib Bukele, Daniel Noboa, el propio Kast, Luis Abinader, Rodrigo Paz, Ra\u00fal Mulino y el opositor venezolano Edmundo Gonz\u00e1lez Urrutia. El mensaje fue expl\u00edcito: la victoria en Chile fue le\u00edda en Buenos Aires como parte de un giro ideol\u00f3gico regional.<\/p>\n<p>En ese tono, el martes por la ma\u00f1ana Milei recibi\u00f3 a Kast en la Casa Rosada. Seg\u00fan el video oficial difundido por Presidencia, el saludo fue efusivo: \u201c\u00a1Qu\u00e9 triunfazo!\u201d, exclam\u00f3 el argentino al abrirle la puerta del despacho. El encuentro se extendi\u00f3 por casi dos horas. Aunque no hubo foto conjunta desde el balc\u00f3n presidencial, tras la reuni\u00f3n Kast se acerc\u00f3 a la reja que da a Plaza de Mayo para saludar a simpatizantes que se hab\u00edan congregado frente a la sede de gobierno.<\/p>\n<p>En el comunicado oficial, ambos mandatarios informaron que trazaron una \u201choja de ruta\u201d para el trabajo conjunto a partir de marzo, cuando Kast asuma formalmente la presidencia de Chile. Entre las prioridades acordadas figuran la seguridad regional y fronteriza, la lucha contra el crimen organizado transnacional, la promoci\u00f3n del comercio y las inversiones, y la cooperaci\u00f3n en sectores clave de la econom\u00eda. Milei, adem\u00e1s, confirm\u00f3 que viajar\u00e1 a Santiago el pr\u00f3ximo 11 de marzo para participar de la ceremonia de traspaso del mando.<\/p>\n<p>La sinton\u00eda entre Milei y Kast, sin embargo, no comenz\u00f3 con esta visita. Ambos dirigentes se conocen desde hace a\u00f1os y compartieron espacios pol\u00edticos antes de llegar al poder. Coincidieron en foros internacionales de la derecha conservadora, como la Conferencia Pol\u00edtica de Acci\u00f3n Conservadora (CPAC), y mantuvieron encuentros cuando Milei a\u00fan era candidato presidencial en Argentina. Esa relaci\u00f3n previa, forjada en circuitos ideol\u00f3gicos comunes y en una narrativa compartida contra el \u201csocialismo del siglo XXI\u201d, hoy se traduce en un v\u00ednculo entre dos jefes de Estado que buscan mostrarse alineados en la regi\u00f3n tras dos a\u00f1os de frialdad bilateral durante el gobierno de Gabriel Boric.<\/p>\n<p>Otro de los puntos que conectan a ambos gobiernos es la figura de Jos\u00e9 Luis Daza, el economista chileno que ocupa el cargo de secretario de Pol\u00edtica Econ\u00f3mica en el Ministerio de Econom\u00eda argentino. Su nombre comenz\u00f3 a circular en las \u00faltimas horas como posible integrante del futuro equipo econ\u00f3mico de Kast.<\/p>\n<p>Ante esos rumores, el ministro de Econom\u00eda de Argentina, Luis \u201cToto\u201d Caputom fue consultado p\u00fablicamente sobre la posibilidad de que Daza pueda dejar su cargo para sumarse al pr\u00f3ximo gobierno chileno como ministro de Econom\u00eda. En ese sentido, Caputo <a href=\"https:\/\/x.com\/somoscorta\/status\/2000918113513017748\">confirm\u00f3 <\/a>que la posibilidad existe y que lo apoyar\u00e1 en la decisi\u00f3n que tome.<\/p>\n<p>Durante la campa\u00f1a, Kast hab\u00eda elogiado la pol\u00edtica econ\u00f3mica de Milei y lo <a href=\"https:\/\/elpais.com\/chile\/2025-12-15\/milei-celebra-el-triunfo-de-kast-en-chile-un-paso-mas-en-defensa-de-la-vida-la-libertad-y-la-propiedad-privada.html\">describi\u00f3 <\/a>como \u201cuna inspiraci\u00f3n y un modelo a seguir para sacar a Chile del estancamiento\u201d.<\/p>\n<p>Luego del encuentro, el futuro mandatario chileno dio una conferencia de prensa en la que cuestion\u00f3 al presidente venezolano Nicol\u00e1s Maduro, a quien acus\u00f3 de ocupar el poder de manera \u201cileg\u00edtima\u201d, y ratific\u00f3 que su futuro Gobierno impulsar\u00e1 la expulsi\u00f3n de los migrantes que hayan ingresado de forma irregular a Chile si no regularizan su situaci\u00f3n de manera voluntaria.<\/p>\n<p>La visita dej\u00f3 as\u00ed algo m\u00e1s que una foto pol\u00edtica. Antes incluso de asumir, Kast comenz\u00f3 a delinear los contornos de su pol\u00edtica exterior, de seguridad y de orden interno, con Argentina como uno de sus principales socios.<\/p>\n<p>The-CNN-Wire<br \/>&trade; &amp; &copy; 2025 Cable News Network, Inc., a Warner Bros. Discovery Company. All rights reserved.<\/p>\n","protected":false},"excerpt":{"rendered":"<p>Horas despu\u00e9s de ganar las elecciones en Chile, Jos\u00e9 Antonio Kast aterriz\u00f3 en Buenos Aires. En su primera visita internacional como presidente electo \u2014luego de imponerse por un margen considerable en el ballotage ante la candidata del Partido Comunista, Jeannette Jara, por 16 puntos\u2014, el l\u00edder del Partido Republicano eligi\u00f3 reunirse con el presidente de [&hellip;]<\/p>\n","protected":false},"author":0,"featured_media":0,"comment_status":"open","ping_status":"open","sticky":false,"template":"","format":"standard","meta":{"_jetpack_memberships_contains_paid_content":false,"footnotes":""},"categories":[10],"tags":[],"class_list":["post-1469323","post","type-post","status-publish","format-standard","hentry","category-noticias-nacionales","market-global"],"yoast_head":"<!-- This site is optimized with the Yoast SEO plugin v24.4 - https:\/\/yoast.com\/wordpress\/plugins\/seo\/ -->\n<title>Kast visita a Milei en Argentina en su primer viaje tras ser elegido presidente de Chile. \u00bfQu\u00e9 significa? - Noticias<\/title>\n<meta name=\"robots\" content=\"index, follow, max-snippet:-1, max-image-preview:large, max-video-preview:-1\" \/>\n<link rel=\"canonical\" href=\"https:\/\/noticiasya.com\/2025\/12\/16\/chile-argentina-kast-milei-orix\/\" \/>\n<meta property=\"og:locale\" content=\"es_ES\" \/>\n<meta property=\"og:type\" content=\"article\" \/>\n<meta property=\"og:title\" content=\"Kast visita a Milei en Argentina en su primer viaje tras ser elegido presidente de Chile. \u00bfQu\u00e9 significa? - Noticias\" \/>\n<meta property=\"og:description\" content=\"Horas despu\u00e9s de ganar las elecciones en Chile, Jos\u00e9 Antonio Kast aterriz\u00f3 en Buenos Aires. En su primera visita internacional como presidente electo \u2014luego de imponerse por un margen considerable en el ballotage ante la candidata del Partido Comunista, Jeannette Jara, por 16 puntos\u2014, el l\u00edder del Partido Republicano eligi\u00f3 reunirse con el presidente de [&hellip;]\" \/>\n<meta property=\"og:url\" content=\"https:\/\/noticiasya.com\/2025\/12\/16\/chile-argentina-kast-milei-orix\/\" \/>\n<meta property=\"og:site_name\" content=\"Noticias\" \/>\n<meta property=\"article:published_time\" content=\"2025-12-17T00:03:48+00:00\" \/>\n<meta name=\"twitter:card\" content=\"summary_large_image\" \/>\n<meta name=\"twitter:label1\" content=\"Est. reading time\" \/>\n\t<meta name=\"twitter:data1\" content=\"4 minutos\" \/>\n<script type=\"application\/ld+json\" class=\"yoast-schema-graph\">{\"@context\":\"https:\/\/schema.org\",\"@graph\":[{\"@type\":\"Article\",\"@id\":\"https:\/\/noticiasya.com\/2025\/12\/16\/chile-argentina-kast-milei-orix\/#article\",\"isPartOf\":{\"@id\":\"https:\/\/noticiasya.com\/2025\/12\/16\/chile-argentina-kast-milei-orix\/\"},\"author\":{\"name\":\"\",\"@id\":\"\"},\"headline\":\"Kast visita a Milei en Argentina en su primer viaje tras ser elegido presidente de Chile. \u00bfQu\u00e9 significa?\",\"datePublished\":\"2025-12-17T00:03:48+00:00\",\"mainEntityOfPage\":{\"@id\":\"https:\/\/noticiasya.com\/2025\/12\/16\/chile-argentina-kast-milei-orix\/\"},\"wordCount\":789,\"commentCount\":0,\"publisher\":{\"@id\":\"https:\/\/noticiasya.com\/#organization\"},\"articleSection\":[\"Noticias Nacionales\"],\"inLanguage\":\"es\",\"potentialAction\":[{\"@type\":\"CommentAction\",\"name\":\"Comment\",\"target\":[\"https:\/\/noticiasya.com\/2025\/12\/16\/chile-argentina-kast-milei-orix\/#respond\"]}]},{\"@type\":\"WebPage\",\"@id\":\"https:\/\/noticiasya.com\/2025\/12\/16\/chile-argentina-kast-milei-orix\/\",\"url\":\"https:\/\/noticiasya.com\/2025\/12\/16\/chile-argentina-kast-milei-orix\/\",\"name\":\"Kast visita a Milei en Argentina en su primer viaje tras ser elegido presidente de Chile. \u00bfQu\u00e9 significa? - Noticias\",\"isPartOf\":{\"@id\":\"https:\/\/noticiasya.com\/#website\"},\"datePublished\":\"2025-12-17T00:03:48+00:00\",\"breadcrumb\":{\"@id\":\"https:\/\/noticiasya.com\/2025\/12\/16\/chile-argentina-kast-milei-orix\/#breadcrumb\"},\"inLanguage\":\"es\",\"potentialAction\":[{\"@type\":\"ReadAction\",\"target\":[\"https:\/\/noticiasya.com\/2025\/12\/16\/chile-argentina-kast-milei-orix\/\"]}]},{\"@type\":\"BreadcrumbList\",\"@id\":\"https:\/\/noticiasya.com\/2025\/12\/16\/chile-argentina-kast-milei-orix\/#breadcrumb\",\"itemListElement\":[{\"@type\":\"ListItem\",\"position\":1,\"name\":\"Home\",\"item\":\"https:\/\/noticiasya.com\/\"},{\"@type\":\"ListItem\",\"position\":2,\"name\":\"Kast visita a Milei en Argentina en su primer viaje tras ser elegido presidente de Chile. \u00bfQu\u00e9 significa?\"}]},{\"@type\":\"WebSite\",\"@id\":\"https:\/\/noticiasya.com\/#website\",\"url\":\"https:\/\/noticiasya.com\/\",\"name\":\"Noticias\",\"description\":\"Lo que importa\",\"publisher\":{\"@id\":\"https:\/\/noticiasya.com\/#organization\"},\"potentialAction\":[{\"@type\":\"SearchAction\",\"target\":{\"@type\":\"EntryPoint\",\"urlTemplate\":\"https:\/\/noticiasya.com\/?s={search_term_string}\"},\"query-input\":{\"@type\":\"PropertyValueSpecification\",\"valueRequired\":true,\"valueName\":\"search_term_string\"}}],\"inLanguage\":\"es\"},{\"@type\":\"Organization\",\"@id\":\"https:\/\/noticiasya.com\/#organization\",\"name\":\"Noticias\",\"url\":\"https:\/\/noticiasya.com\/\",\"logo\":{\"@type\":\"ImageObject\",\"inLanguage\":\"es\",\"@id\":\"https:\/\/noticiasya.com\/#\/schema\/logo\/image\/\",\"url\":\"https:\/\/noticiasya.com\/wp-content\/uploads\/sites\/22\/2023\/12\/logo-nacional.png\",\"contentUrl\":\"https:\/\/noticiasya.com\/wp-content\/uploads\/sites\/22\/2023\/12\/logo-nacional.png\",\"width\":1801,\"height\":691,\"caption\":\"Noticias\"},\"image\":{\"@id\":\"https:\/\/noticiasya.com\/#\/schema\/logo\/image\/\"}}]}<\/script>\n<!-- \/ Yoast SEO plugin. -->","yoast_head_json":{"title":"Kast visita a Milei en Argentina en su primer viaje tras ser elegido presidente de Chile. \u00bfQu\u00e9 significa? - Noticias","robots":{"index":"index","follow":"follow","max-snippet":"max-snippet:-1","max-image-preview":"max-image-preview:large","max-video-preview":"max-video-preview:-1"},"canonical":"https:\/\/noticiasya.com\/2025\/12\/16\/chile-argentina-kast-milei-orix\/","og_locale":"es_ES","og_type":"article","og_title":"Kast visita a Milei en Argentina en su primer viaje tras ser elegido presidente de Chile. \u00bfQu\u00e9 significa? - Noticias","og_description":"Horas despu\u00e9s de ganar las elecciones en Chile, Jos\u00e9 Antonio Kast aterriz\u00f3 en Buenos Aires. En su primera visita internacional como presidente electo \u2014luego de imponerse por un margen considerable en el ballotage ante la candidata del Partido Comunista, Jeannette Jara, por 16 puntos\u2014, el l\u00edder del Partido Republicano eligi\u00f3 reunirse con el presidente de [&hellip;]","og_url":"https:\/\/noticiasya.com\/2025\/12\/16\/chile-argentina-kast-milei-orix\/","og_site_name":"Noticias","article_published_time":"2025-12-17T00:03:48+00:00","twitter_card":"summary_large_image","twitter_misc":{"Est. reading time":"4 minutos"},"schema":{"@context":"https:\/\/schema.org","@graph":[{"@type":"Article","@id":"https:\/\/noticiasya.com\/2025\/12\/16\/chile-argentina-kast-milei-orix\/#article","isPartOf":{"@id":"https:\/\/noticiasya.com\/2025\/12\/16\/chile-argentina-kast-milei-orix\/"},"author":{"name":"","@id":""},"headline":"Kast visita a Milei en Argentina en su primer viaje tras ser elegido presidente de Chile. \u00bfQu\u00e9 significa?","datePublished":"2025-12-17T00:03:48+00:00","mainEntityOfPage":{"@id":"https:\/\/noticiasya.com\/2025\/12\/16\/chile-argentina-kast-milei-orix\/"},"wordCount":789,"commentCount":0,"publisher":{"@id":"https:\/\/noticiasya.com\/#organization"},"articleSection":["Noticias Nacionales"],"inLanguage":"es","potentialAction":[{"@type":"CommentAction","name":"Comment","target":["https:\/\/noticiasya.com\/2025\/12\/16\/chile-argentina-kast-milei-orix\/#respond"]}]},{"@type":"WebPage","@id":"https:\/\/noticiasya.com\/2025\/12\/16\/chile-argentina-kast-milei-orix\/","url":"https:\/\/noticiasya.com\/2025\/12\/16\/chile-argentina-kast-milei-orix\/","name":"Kast visita a Milei en Argentina en su primer viaje tras ser elegido presidente de Chile. \u00bfQu\u00e9 significa? - Noticias","isPartOf":{"@id":"https:\/\/noticiasya.com\/#website"},"datePublished":"2025-12-17T00:03:48+00:00","breadcrumb":{"@id":"https:\/\/noticiasya.com\/2025\/12\/16\/chile-argentina-kast-milei-orix\/#breadcrumb"},"inLanguage":"es","potentialAction":[{"@type":"ReadAction","target":["https:\/\/noticiasya.com\/2025\/12\/16\/chile-argentina-kast-milei-orix\/"]}]},{"@type":"BreadcrumbList","@id":"https:\/\/noticiasya.com\/2025\/12\/16\/chile-argentina-kast-milei-orix\/#breadcrumb","itemListElement":[{"@type":"ListItem","position":1,"name":"Home","item":"https:\/\/noticiasya.com\/"},{"@type":"ListItem","position":2,"name":"Kast visita a Milei en Argentina en su primer viaje tras ser elegido presidente de Chile. \u00bfQu\u00e9 significa?"}]},{"@type":"WebSite","@id":"https:\/\/noticiasya.com\/#website","url":"https:\/\/noticiasya.com\/","name":"Noticias","description":"Lo que importa","publisher":{"@id":"https:\/\/noticiasya.com\/#organization"},"potentialAction":[{"@type":"SearchAction","target":{"@type":"EntryPoint","urlTemplate":"https:\/\/noticiasya.com\/?s={search_term_string}"},"query-input":{"@type":"PropertyValueSpecification","valueRequired":true,"valueName":"search_term_string"}}],"inLanguage":"es"},{"@type":"Organization","@id":"https:\/\/noticiasya.com\/#organization","name":"Noticias","url":"https:\/\/noticiasya.com\/","logo":{"@type":"ImageObject","inLanguage":"es","@id":"https:\/\/noticiasya.com\/#\/schema\/logo\/image\/","url":"https:\/\/noticiasya.com\/wp-content\/uploads\/sites\/22\/2023\/12\/logo-nacional.png","contentUrl":"https:\/\/noticiasya.com\/wp-content\/uploads\/sites\/22\/2023\/12\/logo-nacional.png","width":1801,"height":691,"caption":"Noticias"},"image":{"@id":"https:\/\/noticiasya.com\/#\/schema\/logo\/image\/"}}]}},"parsely":{"version":"1.1.0","canonical_url":"https:\/\/noticiasya.com\/midland-odessa\/2025\/12\/16\/chile-argentina-kast-milei-orix\/","smart_links":{"inbound":0,"outbound":0},"traffic_boost_suggestions_count":0,"meta":{"@context":"https:\/\/schema.org","@type":"NewsArticle","headline":"Kast visita a Milei en Argentina en su primer viaje tras ser elegido presidente de Chile. \u00bfQu\u00e9 significa?","url":"http:\/\/noticiasya.com\/midland-odessa\/2025\/12\/16\/chile-argentina-kast-milei-orix\/","mainEntityOfPage":{"@type":"WebPage","@id":"http:\/\/noticiasya.com\/midland-odessa\/2025\/12\/16\/chile-argentina-kast-milei-orix\/"},"thumbnailUrl":"","image":{"@type":"ImageObject","url":""},"articleSection":"Noticias Nacionales","author":[],"creator":[],"publisher":{"@type":"Organization","name":"Noticias","logo":""},"keywords":[],"dateCreated":"2025-12-17T00:03:48Z","datePublished":"2025-12-17T00:03:48Z","dateModified":"2025-12-17T00:03:48Z"},"rendered":"<script type=\"application\/ld+json\" class=\"wp-parsely-metadata\">{\"@context\":\"https:\\\/\\\/schema.org\",\"@type\":\"NewsArticle\",\"headline\":\"Kast visita a Milei en Argentina en su primer viaje tras ser elegido presidente de Chile. \\u00bfQu\\u00e9 significa?\",\"url\":\"http:\\\/\\\/noticiasya.com\\\/midland-odessa\\\/2025\\\/12\\\/16\\\/chile-argentina-kast-milei-orix\\\/\",\"mainEntityOfPage\":{\"@type\":\"WebPage\",\"@id\":\"http:\\\/\\\/noticiasya.com\\\/midland-odessa\\\/2025\\\/12\\\/16\\\/chile-argentina-kast-milei-orix\\\/\"},\"thumbnailUrl\":\"\",\"image\":{\"@type\":\"ImageObject\",\"url\":\"\"},\"articleSection\":\"Noticias Nacionales\",\"author\":[],\"creator\":[],\"publisher\":{\"@type\":\"Organization\",\"name\":\"Noticias\",\"logo\":\"\"},\"keywords\":[],\"dateCreated\":\"2025-12-17T00:03:48Z\",\"datePublished\":\"2025-12-17T00:03:48Z\",\"dateModified\":\"2025-12-17T00:03:48Z\"}<\/script>","tracker_url":"https:\/\/cdn.parsely.com\/keys\/noticiasya.com\/p.js"},"jetpack_featured_media_url":"","jetpack-related-posts":[{"id":1472884,"url":"https:\/\/noticiasya.com\/midland-odessa\/2026\/04\/05\/kast-argentina-primera-visita-estado-presidente-chile-agenda-efe\/","url_meta":{"origin":1469323,"position":0},"title":"Kast viaja a Argentina para su primera visita de Estado como presidente de Chile. \u00bfCu\u00e1l ser\u00e1 su agenda?","author":"","date":"abril 5, 2026","format":false,"excerpt":"El presidente de Chile, Jos\u00e9 Antonio Kast, junto a una delegaci\u00f3n de cinco personas \u2014entre ellos tres ministros y un representante del partido Unidad Democr\u00e1tica Independiente (UDI)\u2014, viajar\u00e1n a Argentina este domingo por la noche para la primera visita de Estado del mandatario chileno que terminar\u00e1 el lunes.El viaje sigue\u2026","rel":"","context":"In &quot;Noticias Nacionales&quot;","block_context":{"text":"Noticias Nacionales","link":"https:\/\/noticiasya.com\/midland-odessa\/categoria\/noticias-nacionales"},"img":{"alt_text":"","src":"","width":0,"height":0},"classes":[]},{"id":1472917,"url":"https:\/\/noticiasya.com\/midland-odessa\/2026\/04\/06\/kast-respaldo-chile-argentina-malvinas-milei-orix\/","url_meta":{"origin":1469323,"position":1},"title":"Kast reafirm\u00f3 el respaldo de Chile a Argentina en su reclamo por las Malvinas tras reunirse con Milei","author":"","date":"abril 6, 2026","format":false,"excerpt":"El presidente de Chile, Jos\u00e9 Antonio Kast, reiter\u00f3 el respaldo de su Gobierno a Argentina en su reclamo de soberan\u00eda sobre las Islas Malvinas, tras reunirse con su par argentino, Javier Milei, en Buenos Aires en un gesto que refuerza la hist\u00f3rica postura chilena ante una disputa con el Reino\u2026","rel":"","context":"In &quot;Noticias Nacionales&quot;","block_context":{"text":"Noticias Nacionales","link":"https:\/\/noticiasya.com\/midland-odessa\/categoria\/noticias-nacionales"},"img":{"alt_text":"","src":"","width":0,"height":0},"classes":[]},{"id":1468406,"url":"https:\/\/noticiasya.com\/midland-odessa\/2025\/11\/16\/elecciones-chile-jara-kast-segunda-vuelta-orix\/","url_meta":{"origin":1469323,"position":2},"title":"Elecciones en Chile: Jeannette Jara y Jos\u00e9 Antonio Kast se enfrentar\u00e1n en segunda vuelta por la presidencia","author":"","date":"noviembre 16, 2025","format":false,"excerpt":"La candidata oficialista Jeannette Jara, militante del Partido Comunista y abanderada de la coalici\u00f3n Unidad por Chile, y el opositor Jos\u00e9 Antonio Kast, fundador del Partido Republicano, competir\u00e1n en una segunda vuelta electoral el 14 de diciembre por la Presidencia de Chile, de acuerdo con los resultados preliminares publicados este\u2026","rel":"","context":"In &quot;Noticias Nacionales&quot;","block_context":{"text":"Noticias Nacionales","link":"https:\/\/noticiasya.com\/midland-odessa\/categoria\/noticias-nacionales"},"img":{"alt_text":"","src":"","width":0,"height":0},"classes":[]},{"id":1469277,"url":"https:\/\/noticiasya.com\/midland-odessa\/2025\/12\/15\/boric-kast-palacio-moneda-elecciones-presidente-chile-efe\/","url_meta":{"origin":1469323,"position":3},"title":"Boric recibi\u00f3 a Kast en el Palacio de La Moneda para iniciar la transici\u00f3n que terminar\u00e1 en marzo","author":"","date":"diciembre 15, 2025","format":false,"excerpt":"El presidente de Chile, Gabriel Boric, y el presidente electo, Jos\u00e9 Antonio Kast, se reunieron este lunes en el palacio de Gobierno para empezar su transici\u00f3n entre ambos Gobiernos que culminar\u00e1 el 11 de marzo, cuando el ultraderechista asumir\u00e1 el poder.Kast, que gan\u00f3 las elecciones con un 58,1 % por\u2026","rel":"","context":"In &quot;Noticias Nacionales&quot;","block_context":{"text":"Noticias Nacionales","link":"https:\/\/noticiasya.com\/midland-odessa\/categoria\/noticias-nacionales"},"img":{"alt_text":"","src":"","width":0,"height":0},"classes":[]},{"id":1469263,"url":"https:\/\/noticiasya.com\/midland-odessa\/2025\/12\/14\/chile-alternancia-giro-claves-kast-orix\/","url_meta":{"origin":1469323,"position":4},"title":"Chile mantiene la alternancia en el Gobierno, pero con giros m\u00e1s bruscos: 4 claves del triunfo de Jos\u00e9 Antonio Kast","author":"","date":"diciembre 14, 2025","format":false,"excerpt":"Chile prolong\u00f3 este domingo una tradici\u00f3n de alternancia pol\u00edtica en el poder que ya se extiende por dos d\u00e9cadas, al elegir como nuevo presidente al ultraderechista Jos\u00e9 Antonio Kast, en un giro m\u00e1s pronunciado que el realizado por el saliente mandatario Gabriel Boric. El cambio conservador llega pocos a\u00f1os despu\u00e9s\u2026","rel":"","context":"In &quot;Noticias Nacionales&quot;","block_context":{"text":"Noticias Nacionales","link":"https:\/\/noticiasya.com\/midland-odessa\/categoria\/noticias-nacionales"},"img":{"alt_text":"","src":"","width":0,"height":0},"classes":[]},{"id":1469215,"url":"https:\/\/noticiasya.com\/midland-odessa\/2025\/12\/12\/chile-elecciones-presidenciales-segunda-vuelta-kast-jara-extremos-orix\/","url_meta":{"origin":1469323,"position":5},"title":"Chile elige presidente entre dos extremos, pero con una misma agenda: la seguridad y la inmigraci\u00f3n","author":"","date":"diciembre 12, 2025","format":false,"excerpt":"Chile elige este domingo un nuevo presidente en una segunda vuelta marcada por el favoritismo de Jos\u00e9 Antonio Kast, el candidato ultraderechista que recibi\u00f3 el apoyo de otros competidores afines, por encima de la izquierdista Jeannette Jara, cuya popularidad fue arrastrada por la baja aprobaci\u00f3n del Gobierno del saliente mandatario,\u2026","rel":"","context":"In &quot;Noticias Nacionales&quot;","block_context":{"text":"Noticias Nacionales","link":"https:\/\/noticiasya.com\/midland-odessa\/categoria\/noticias-nacionales"},"img":{"alt_text":"","src":"","width":0,"height":0},"classes":[]}],"jetpack_sharing_enabled":true,"_links":{"self":[{"href":"https:\/\/noticiasya.com\/midland-odessa\/wp-json\/wp\/v2\/posts\/1469323","targetHints":{"allow":["GET"]}}],"collection":[{"href":"https:\/\/noticiasya.com\/midland-odessa\/wp-json\/wp\/v2\/posts"}],"about":[{"href":"https:\/\/noticiasya.com\/midland-odessa\/wp-json\/wp\/v2\/types\/post"}],"replies":[{"embeddable":true,"href":"https:\/\/noticiasya.com\/midland-odessa\/wp-json\/wp\/v2\/comments?post=1469323"}],"version-history":[{"count":0,"href":"https:\/\/noticiasya.com\/midland-odessa\/wp-json\/wp\/v2\/posts\/1469323\/revisions"}],"wp:attachment":[{"href":"https:\/\/noticiasya.com\/midland-odessa\/wp-json\/wp\/v2\/media?parent=1469323"}],"wp:term":[{"taxonomy":"category","embeddable":true,"href":"https:\/\/noticiasya.com\/midland-odessa\/wp-json\/wp\/v2\/categories?post=1469323"},{"taxonomy":"post_tag","embeddable":true,"href":"https:\/\/noticiasya.com\/midland-odessa\/wp-json\/wp\/v2\/tags?post=1469323"}],"curies":[{"name":"wp","href":"https:\/\/api.w.org\/{rel}","templated":true}]}}