{"id":1469325,"date":"2025-12-16T17:03:52","date_gmt":"2025-12-17T01:03:52","guid":{"rendered":"https:\/\/noticiasya.com\/2025\/12\/16\/denuncian-detencion-nicmer-evans-orix\/"},"modified":"2025-12-16T17:03:52","modified_gmt":"2025-12-17T01:03:52","slug":"denuncian-detencion-nicmer-evans-orix","status":"publish","type":"post","link":"https:\/\/noticiasya.com\/midland-odessa\/2025\/12\/16\/denuncian-detencion-nicmer-evans-orix\/","title":{"rendered":"Denuncian la detenci\u00f3n del polit\u00f3logo venezolano Nicmer Evans"},"content":{"rendered":"<p>El polit\u00f3logo venezolano <a href=\"https:\/\/nam11.safelinks.protection.outlook.com\/?url=https%3A%2F%2Fwww.instagram.com%2Fnicmerevans%2F&#038;data=05%7C02%7Cmauricio.torres%40cnn.com%7C66e684b3f09741bf0aee08de3d00fc25%7C0eb48825e8714459bc72d0ecd68f1f39%7C0%7C0%7C639015271653356417%7CUnknown%7CTWFpbGZsb3d8eyJFbXB0eU1hcGkiOnRydWUsIlYiOiIwLjAuMDAwMCIsIlAiOiJXaW4zMiIsIkFOIjoiTWFpbCIsIldUIjoyfQ%3D%3D%7C0%7C%7C%7C&#038;sdata=zI%2B4cB9x5oIkqKvVTthpyFu%2FTQFc5EGE6t38%2BW23FMs%3D&#038;reserved=0\">Nicmer Evans<\/a>, director del medio digital Punto de Corte, fue detenido presuntamente por funcionarios del Servicio Bolivariano de Inteligencia Nacional (Sebin), sin que hasta ahora se conozca d\u00f3nde est\u00e1, seg\u00fan denunci\u00f3 su familia.<\/p>\n<p>Martha Cambero, esposa de Evans, dijo el lunes a periodistas que la detenci\u00f3n ocurri\u00f3 el s\u00e1bado, cuando \u2014relat\u00f3\u2014 supuestos integrantes del Sebin acudieron a su casa, le dijeron que le har\u00edan una \u201centrevista\u201d y se lo llevaron.<\/p>\n<p>\u201cNo sabemos el paradero de \u00e9l. Sabemos que fueron unos funcionarios del Servicio de Inteligencia Nacional Bolivariana, Sebin, que lo llevaron a una entrevista y hoy, a 48 horas de haber salido de su hogar, no ha regresado\u201d, expuso Cambero, luego de entregar un recurso de habeas corpus ante el Tribunal Supremo de Justicia. Cambero tambi\u00e9n difundi\u00f3 un comunicado al respecto.<\/p>\n<p>CNN intenta contactar al Sebin para pedir informaci\u00f3n sobre el tema. Tambi\u00e9n contact\u00f3 al Ministerio P\u00fablico y al Tribunal Supremo de Justicia para pedir comentarios y espera respuesta.<\/p>\n<p>El s\u00e1bado, Evans <a href=\"https:\/\/nam11.safelinks.protection.outlook.com\/?url=https%3A%2F%2Fx.com%2Fla_katuar%2Fstatus%2F1999907678680973704%3Fs%3D46%26t%3DQRduxzqov-epBAyozMH9Hw&#038;data=05%7C02%7Cmauricio.torres%40cnn.com%7C66e684b3f09741bf0aee08de3d00fc25%7C0eb48825e8714459bc72d0ecd68f1f39%7C0%7C0%7C639015271653394980%7CUnknown%7CTWFpbGZsb3d8eyJFbXB0eU1hcGkiOnRydWUsIlYiOiIwLjAuMDAwMCIsIlAiOiJXaW4zMiIsIkFOIjoiTWFpbCIsIldUIjoyfQ%3D%3D%7C0%7C%7C%7C&#038;sdata=H9ZO%2BkCvxQslDnZpCjKG4Y0zFVpfvwGuLVhoDUTRsOU%3D&#038;reserved=0\">difundi\u00f3 en redes sociales un video<\/a> en el que dijo que una comisi\u00f3n que se hab\u00eda \u201cidentificado como del Sebin\u201d hab\u00eda llegado a su casa. El video no muestra a esta supuesta comitiva.<\/p>\n<p>\u201cDicen que van a realizar una entrevista. Yo voy a ir voluntariamente a esa entrevista. Esperemos ver cu\u00e1les son las consecuencias de esto, ya hab\u00eda habido algunas advertencias en este sentido, y bueno, voy a dar la cara, no tengo nada que temer. La libertad de expresi\u00f3n es as\u00ed, y nosotros los que defendemos la libertad de expresi\u00f3n y la democracia en el pa\u00eds estamos permanentemente dispuestos a dar la cara en cualquier momento\u201d, se\u00f1al\u00f3.<\/p>\n<p>Evans apoy\u00f3 al movimiento encabezado por el entonces presidente Hugo Ch\u00e1vez hasta que este muri\u00f3 en 2013, <a href=\"https:\/\/nam11.safelinks.protection.outlook.com\/?url=https%3A%2F%2Fefs.efeservicios.com%2Fen%2Ftexto%2Ffamilia-director-medio-detenido-venezuela-pide-justicia-conocer-paradero%2F55018841199&#038;data=05%7C02%7Cmauricio.torres%40cnn.com%7C66e684b3f09741bf0aee08de3d00fc25%7C0eb48825e8714459bc72d0ecd68f1f39%7C0%7C0%7C639015271653431782%7CUnknown%7CTWFpbGZsb3d8eyJFbXB0eU1hcGkiOnRydWUsIlYiOiIwLjAuMDAwMCIsIlAiOiJXaW4zMiIsIkFOIjoiTWFpbCIsIldUIjoyfQ%3D%3D%7C0%7C%7C%7C&#038;sdata=I9GpVjPTWAwFStyhOdY4G7eUopsoSjiWLWBM6NTT4jU%3D&#038;reserved=0\">seg\u00fan la agencia EFE<\/a>. Desde entonces, ha hecho diversas cr\u00edticas al Gobierno del mandatario venezolano Nicol\u00e1s Maduro e incluso ha dicho que se arrepiente de haber apoyado a Ch\u00e1vez, agrega EFE.<\/p>\n<p>The-CNN-Wire<br \/>&trade; &amp; &copy; 2025 Cable News Network, Inc., a Warner Bros. Discovery Company. All rights reserved.<\/p>\n","protected":false},"excerpt":{"rendered":"<p>El polit\u00f3logo venezolano Nicmer Evans, director del medio digital Punto de Corte, fue detenido presuntamente por funcionarios del Servicio Bolivariano de Inteligencia Nacional (Sebin), sin que hasta ahora se conozca d\u00f3nde est\u00e1, seg\u00fan denunci\u00f3 su familia. Martha Cambero, esposa de Evans, dijo el lunes a periodistas que la detenci\u00f3n ocurri\u00f3 el s\u00e1bado, cuando \u2014relat\u00f3\u2014 supuestos [&hellip;]<\/p>\n","protected":false},"author":0,"featured_media":0,"comment_status":"open","ping_status":"open","sticky":false,"template":"","format":"standard","meta":{"_jetpack_memberships_contains_paid_content":false,"footnotes":""},"categories":[10],"tags":[],"class_list":["post-1469325","post","type-post","status-publish","format-standard","hentry","category-noticias-nacionales","market-global"],"yoast_head":"<!-- This site is optimized with the Yoast SEO plugin v24.4 - https:\/\/yoast.com\/wordpress\/plugins\/seo\/ -->\n<title>Denuncian la detenci\u00f3n del polit\u00f3logo venezolano Nicmer Evans - Noticias<\/title>\n<meta name=\"robots\" content=\"index, follow, max-snippet:-1, max-image-preview:large, max-video-preview:-1\" \/>\n<link rel=\"canonical\" href=\"https:\/\/noticiasya.com\/2025\/12\/16\/denuncian-detencion-nicmer-evans-orix\/\" \/>\n<meta property=\"og:locale\" content=\"es_ES\" \/>\n<meta property=\"og:type\" content=\"article\" \/>\n<meta property=\"og:title\" content=\"Denuncian la detenci\u00f3n del polit\u00f3logo venezolano Nicmer Evans - Noticias\" \/>\n<meta property=\"og:description\" content=\"El polit\u00f3logo venezolano Nicmer Evans, director del medio digital Punto de Corte, fue detenido presuntamente por funcionarios del Servicio Bolivariano de Inteligencia Nacional (Sebin), sin que hasta ahora se conozca d\u00f3nde est\u00e1, seg\u00fan denunci\u00f3 su familia. Martha Cambero, esposa de Evans, dijo el lunes a periodistas que la detenci\u00f3n ocurri\u00f3 el s\u00e1bado, cuando \u2014relat\u00f3\u2014 supuestos [&hellip;]\" \/>\n<meta property=\"og:url\" content=\"https:\/\/noticiasya.com\/2025\/12\/16\/denuncian-detencion-nicmer-evans-orix\/\" \/>\n<meta property=\"og:site_name\" content=\"Noticias\" \/>\n<meta property=\"article:published_time\" content=\"2025-12-17T01:03:52+00:00\" \/>\n<meta name=\"twitter:card\" content=\"summary_large_image\" \/>\n<meta name=\"twitter:label1\" content=\"Est. reading time\" \/>\n\t<meta name=\"twitter:data1\" content=\"2 minutos\" \/>\n<script type=\"application\/ld+json\" class=\"yoast-schema-graph\">{\"@context\":\"https:\/\/schema.org\",\"@graph\":[{\"@type\":\"Article\",\"@id\":\"https:\/\/noticiasya.com\/2025\/12\/16\/denuncian-detencion-nicmer-evans-orix\/#article\",\"isPartOf\":{\"@id\":\"https:\/\/noticiasya.com\/2025\/12\/16\/denuncian-detencion-nicmer-evans-orix\/\"},\"author\":{\"name\":\"\",\"@id\":\"\"},\"headline\":\"Denuncian la detenci\u00f3n del polit\u00f3logo venezolano Nicmer Evans\",\"datePublished\":\"2025-12-17T01:03:52+00:00\",\"mainEntityOfPage\":{\"@id\":\"https:\/\/noticiasya.com\/2025\/12\/16\/denuncian-detencion-nicmer-evans-orix\/\"},\"wordCount\":370,\"commentCount\":0,\"publisher\":{\"@id\":\"https:\/\/noticiasya.com\/#organization\"},\"articleSection\":[\"Noticias Nacionales\"],\"inLanguage\":\"es\",\"potentialAction\":[{\"@type\":\"CommentAction\",\"name\":\"Comment\",\"target\":[\"https:\/\/noticiasya.com\/2025\/12\/16\/denuncian-detencion-nicmer-evans-orix\/#respond\"]}]},{\"@type\":\"WebPage\",\"@id\":\"https:\/\/noticiasya.com\/2025\/12\/16\/denuncian-detencion-nicmer-evans-orix\/\",\"url\":\"https:\/\/noticiasya.com\/2025\/12\/16\/denuncian-detencion-nicmer-evans-orix\/\",\"name\":\"Denuncian la detenci\u00f3n del polit\u00f3logo venezolano Nicmer Evans - Noticias\",\"isPartOf\":{\"@id\":\"https:\/\/noticiasya.com\/#website\"},\"datePublished\":\"2025-12-17T01:03:52+00:00\",\"breadcrumb\":{\"@id\":\"https:\/\/noticiasya.com\/2025\/12\/16\/denuncian-detencion-nicmer-evans-orix\/#breadcrumb\"},\"inLanguage\":\"es\",\"potentialAction\":[{\"@type\":\"ReadAction\",\"target\":[\"https:\/\/noticiasya.com\/2025\/12\/16\/denuncian-detencion-nicmer-evans-orix\/\"]}]},{\"@type\":\"BreadcrumbList\",\"@id\":\"https:\/\/noticiasya.com\/2025\/12\/16\/denuncian-detencion-nicmer-evans-orix\/#breadcrumb\",\"itemListElement\":[{\"@type\":\"ListItem\",\"position\":1,\"name\":\"Home\",\"item\":\"https:\/\/noticiasya.com\/\"},{\"@type\":\"ListItem\",\"position\":2,\"name\":\"Denuncian la detenci\u00f3n del polit\u00f3logo venezolano Nicmer Evans\"}]},{\"@type\":\"WebSite\",\"@id\":\"https:\/\/noticiasya.com\/#website\",\"url\":\"https:\/\/noticiasya.com\/\",\"name\":\"Noticias\",\"description\":\"Lo que importa\",\"publisher\":{\"@id\":\"https:\/\/noticiasya.com\/#organization\"},\"potentialAction\":[{\"@type\":\"SearchAction\",\"target\":{\"@type\":\"EntryPoint\",\"urlTemplate\":\"https:\/\/noticiasya.com\/?s={search_term_string}\"},\"query-input\":{\"@type\":\"PropertyValueSpecification\",\"valueRequired\":true,\"valueName\":\"search_term_string\"}}],\"inLanguage\":\"es\"},{\"@type\":\"Organization\",\"@id\":\"https:\/\/noticiasya.com\/#organization\",\"name\":\"Noticias\",\"url\":\"https:\/\/noticiasya.com\/\",\"logo\":{\"@type\":\"ImageObject\",\"inLanguage\":\"es\",\"@id\":\"https:\/\/noticiasya.com\/#\/schema\/logo\/image\/\",\"url\":\"https:\/\/noticiasya.com\/wp-content\/uploads\/sites\/22\/2023\/12\/logo-nacional.png\",\"contentUrl\":\"https:\/\/noticiasya.com\/wp-content\/uploads\/sites\/22\/2023\/12\/logo-nacional.png\",\"width\":1801,\"height\":691,\"caption\":\"Noticias\"},\"image\":{\"@id\":\"https:\/\/noticiasya.com\/#\/schema\/logo\/image\/\"}}]}<\/script>\n<!-- \/ Yoast SEO plugin. -->","yoast_head_json":{"title":"Denuncian la detenci\u00f3n del polit\u00f3logo venezolano Nicmer Evans - Noticias","robots":{"index":"index","follow":"follow","max-snippet":"max-snippet:-1","max-image-preview":"max-image-preview:large","max-video-preview":"max-video-preview:-1"},"canonical":"https:\/\/noticiasya.com\/2025\/12\/16\/denuncian-detencion-nicmer-evans-orix\/","og_locale":"es_ES","og_type":"article","og_title":"Denuncian la detenci\u00f3n del polit\u00f3logo venezolano Nicmer Evans - Noticias","og_description":"El polit\u00f3logo venezolano Nicmer Evans, director del medio digital Punto de Corte, fue detenido presuntamente por funcionarios del Servicio Bolivariano de Inteligencia Nacional (Sebin), sin que hasta ahora se conozca d\u00f3nde est\u00e1, seg\u00fan denunci\u00f3 su familia. Martha Cambero, esposa de Evans, dijo el lunes a periodistas que la detenci\u00f3n ocurri\u00f3 el s\u00e1bado, cuando \u2014relat\u00f3\u2014 supuestos [&hellip;]","og_url":"https:\/\/noticiasya.com\/2025\/12\/16\/denuncian-detencion-nicmer-evans-orix\/","og_site_name":"Noticias","article_published_time":"2025-12-17T01:03:52+00:00","twitter_card":"summary_large_image","twitter_misc":{"Est. reading time":"2 minutos"},"schema":{"@context":"https:\/\/schema.org","@graph":[{"@type":"Article","@id":"https:\/\/noticiasya.com\/2025\/12\/16\/denuncian-detencion-nicmer-evans-orix\/#article","isPartOf":{"@id":"https:\/\/noticiasya.com\/2025\/12\/16\/denuncian-detencion-nicmer-evans-orix\/"},"author":{"name":"","@id":""},"headline":"Denuncian la detenci\u00f3n del polit\u00f3logo venezolano Nicmer Evans","datePublished":"2025-12-17T01:03:52+00:00","mainEntityOfPage":{"@id":"https:\/\/noticiasya.com\/2025\/12\/16\/denuncian-detencion-nicmer-evans-orix\/"},"wordCount":370,"commentCount":0,"publisher":{"@id":"https:\/\/noticiasya.com\/#organization"},"articleSection":["Noticias Nacionales"],"inLanguage":"es","potentialAction":[{"@type":"CommentAction","name":"Comment","target":["https:\/\/noticiasya.com\/2025\/12\/16\/denuncian-detencion-nicmer-evans-orix\/#respond"]}]},{"@type":"WebPage","@id":"https:\/\/noticiasya.com\/2025\/12\/16\/denuncian-detencion-nicmer-evans-orix\/","url":"https:\/\/noticiasya.com\/2025\/12\/16\/denuncian-detencion-nicmer-evans-orix\/","name":"Denuncian la detenci\u00f3n del polit\u00f3logo venezolano Nicmer Evans - Noticias","isPartOf":{"@id":"https:\/\/noticiasya.com\/#website"},"datePublished":"2025-12-17T01:03:52+00:00","breadcrumb":{"@id":"https:\/\/noticiasya.com\/2025\/12\/16\/denuncian-detencion-nicmer-evans-orix\/#breadcrumb"},"inLanguage":"es","potentialAction":[{"@type":"ReadAction","target":["https:\/\/noticiasya.com\/2025\/12\/16\/denuncian-detencion-nicmer-evans-orix\/"]}]},{"@type":"BreadcrumbList","@id":"https:\/\/noticiasya.com\/2025\/12\/16\/denuncian-detencion-nicmer-evans-orix\/#breadcrumb","itemListElement":[{"@type":"ListItem","position":1,"name":"Home","item":"https:\/\/noticiasya.com\/"},{"@type":"ListItem","position":2,"name":"Denuncian la detenci\u00f3n del polit\u00f3logo venezolano Nicmer Evans"}]},{"@type":"WebSite","@id":"https:\/\/noticiasya.com\/#website","url":"https:\/\/noticiasya.com\/","name":"Noticias","description":"Lo que importa","publisher":{"@id":"https:\/\/noticiasya.com\/#organization"},"potentialAction":[{"@type":"SearchAction","target":{"@type":"EntryPoint","urlTemplate":"https:\/\/noticiasya.com\/?s={search_term_string}"},"query-input":{"@type":"PropertyValueSpecification","valueRequired":true,"valueName":"search_term_string"}}],"inLanguage":"es"},{"@type":"Organization","@id":"https:\/\/noticiasya.com\/#organization","name":"Noticias","url":"https:\/\/noticiasya.com\/","logo":{"@type":"ImageObject","inLanguage":"es","@id":"https:\/\/noticiasya.com\/#\/schema\/logo\/image\/","url":"https:\/\/noticiasya.com\/wp-content\/uploads\/sites\/22\/2023\/12\/logo-nacional.png","contentUrl":"https:\/\/noticiasya.com\/wp-content\/uploads\/sites\/22\/2023\/12\/logo-nacional.png","width":1801,"height":691,"caption":"Noticias"},"image":{"@id":"https:\/\/noticiasya.com\/#\/schema\/logo\/image\/"}}]}},"parsely":{"version":"1.1.0","canonical_url":"https:\/\/noticiasya.com\/midland-odessa\/2025\/12\/16\/denuncian-detencion-nicmer-evans-orix\/","smart_links":{"inbound":0,"outbound":0},"traffic_boost_suggestions_count":0,"meta":{"@context":"https:\/\/schema.org","@type":"NewsArticle","headline":"Denuncian la detenci\u00f3n del polit\u00f3logo venezolano Nicmer Evans","url":"http:\/\/noticiasya.com\/midland-odessa\/2025\/12\/16\/denuncian-detencion-nicmer-evans-orix\/","mainEntityOfPage":{"@type":"WebPage","@id":"http:\/\/noticiasya.com\/midland-odessa\/2025\/12\/16\/denuncian-detencion-nicmer-evans-orix\/"},"thumbnailUrl":"","image":{"@type":"ImageObject","url":""},"articleSection":"Noticias Nacionales","author":[],"creator":[],"publisher":{"@type":"Organization","name":"Noticias","logo":""},"keywords":[],"dateCreated":"2025-12-17T01:03:52Z","datePublished":"2025-12-17T01:03:52Z","dateModified":"2025-12-17T01:03:52Z"},"rendered":"<script type=\"application\/ld+json\" class=\"wp-parsely-metadata\">{\"@context\":\"https:\\\/\\\/schema.org\",\"@type\":\"NewsArticle\",\"headline\":\"Denuncian la detenci\\u00f3n del polit\\u00f3logo venezolano Nicmer Evans\",\"url\":\"http:\\\/\\\/noticiasya.com\\\/midland-odessa\\\/2025\\\/12\\\/16\\\/denuncian-detencion-nicmer-evans-orix\\\/\",\"mainEntityOfPage\":{\"@type\":\"WebPage\",\"@id\":\"http:\\\/\\\/noticiasya.com\\\/midland-odessa\\\/2025\\\/12\\\/16\\\/denuncian-detencion-nicmer-evans-orix\\\/\"},\"thumbnailUrl\":\"\",\"image\":{\"@type\":\"ImageObject\",\"url\":\"\"},\"articleSection\":\"Noticias Nacionales\",\"author\":[],\"creator\":[],\"publisher\":{\"@type\":\"Organization\",\"name\":\"Noticias\",\"logo\":\"\"},\"keywords\":[],\"dateCreated\":\"2025-12-17T01:03:52Z\",\"datePublished\":\"2025-12-17T01:03:52Z\",\"dateModified\":\"2025-12-17T01:03:52Z\"}<\/script>","tracker_url":"https:\/\/cdn.parsely.com\/keys\/noticiasya.com\/p.js"},"jetpack_featured_media_url":"","jetpack-related-posts":[{"id":1459310,"url":"https:\/\/noticiasya.com\/midland-odessa\/2025\/02\/27\/periodista-venezolano-rory-branker-paradero-detencion-orix\/","url_meta":{"origin":1469325,"position":0},"title":"Familiares del periodista venezolano Rory Branker dicen que desconocen su paradero a una semana de su detenci\u00f3n","author":"","date":"febrero 27, 2025","format":false,"excerpt":"Cheryl Ann Branker, la madre del periodista venezolano Rory Branker, asegur\u00f3 que en una semana no ha podido comunicarse con su hijo y que hasta el momento desconoce el paradero del comunicador que trabaja para el portal digital LaPatilla.com.\u201cYo quisiera saber d\u00f3nde est\u00e1 mi hijo Rory Daniel Branker porque tengo\u2026","rel":"","context":"In &quot;Noticias Nacionales&quot;","block_context":{"text":"Noticias Nacionales","link":"https:\/\/noticiasya.com\/midland-odessa\/categoria\/noticias-nacionales"},"img":{"alt_text":"","src":"","width":0,"height":0},"classes":[]},{"id":1459024,"url":"https:\/\/noticiasya.com\/midland-odessa\/2025\/02\/21\/rory-branker-periodista-detencion-venezuela-orix\/","url_meta":{"origin":1469325,"position":1},"title":"Denuncian la detencio\u0301n del periodista Rory Branker en Venezuela","author":"","date":"febrero 21, 2025","format":false,"excerpt":"La Relator\u00eda Especial para la Libertad de Expresi\u00f3n de la Comisi\u00f3n Interamericana de Derechos Humanos (CIDH) y organizaciones no gubernamentales de Venezuela denunciaron el jueves la detenci\u00f3n del periodista Rory Branker en el pa\u00eds sudamericano.En su cuenta de X, la Relator\u00eda pidi\u00f3 la liberaci\u00f3n de Branker, periodista del medio digital\u2026","rel":"","context":"In &quot;Noticias Nacionales&quot;","block_context":{"text":"Noticias Nacionales","link":"https:\/\/noticiasya.com\/midland-odessa\/categoria\/noticias-nacionales"},"img":{"alt_text":"","src":"","width":0,"height":0},"classes":[]},{"id":1466103,"url":"https:\/\/noticiasya.com\/midland-odessa\/2025\/09\/02\/freddy-superlano-roland-carreno-prueba-vidaro-orix\/","url_meta":{"origin":1469325,"position":2},"title":"Familiares de Freddy Superlano y Roland Carre\u00f1o piden prueba de vida tras su sorpresivo traslado de centro de detenci\u00f3n","author":"","date":"septiembre 2, 2025","format":false,"excerpt":"La esposa del l\u00edder opositor venezolano Freddy Superlano, Aurora Silva, denunci\u00f3 este martes que tanto \u00e9l como el periodista Roland Carre\u00f1o, quienes se encontraban detenidos en el Helicoide de Caracas, sede del Servicio Bolivariano de Inteligencia (Sebin), fueron trasladados sorpresivamente a un paradero desconocido. Ambos forman parte del partido Voluntad\u2026","rel":"","context":"In &quot;Noticias Nacionales&quot;","block_context":{"text":"Noticias Nacionales","link":"https:\/\/noticiasya.com\/midland-odessa\/categoria\/noticias-nacionales"},"img":{"alt_text":"","src":"","width":0,"height":0},"classes":[]},{"id":1469913,"url":"https:\/\/noticiasya.com\/midland-odessa\/2026\/01\/08\/centro-comercial-prision-torturas-denuncias-el-helicoide-orix\/","url_meta":{"origin":1469325,"position":3},"title":"De centro comercial a centro de tortura, seg\u00fan denuncias: esto sabemos sobre El Helicoide, la c\u00e1rcel m\u00e1s temida de Venezuela","author":"","date":"enero 8, 2026","format":false,"excerpt":"Un enorme edificio con forma de espiral que iba a ser el s\u00edmbolo del progreso de Venezuela es, desde hace a\u00f1os, una imagen que infunde temor a muchos venezolanos. La sede del Servicio Bolivariano de Inteligencia Nacional (Sebin), conocida como El Helicoide, es la prisi\u00f3n en la que decenas de\u2026","rel":"","context":"In &quot;Noticias Nacionales&quot;","block_context":{"text":"Noticias Nacionales","link":"https:\/\/noticiasya.com\/midland-odessa\/categoria\/noticias-nacionales"},"img":{"alt_text":"","src":"","width":0,"height":0},"classes":[]},{"id":1469291,"url":"https:\/\/noticiasya.com\/midland-odessa\/2025\/12\/15\/denuncia-detencion-melquiades-pulido-garcia-orix\/","url_meta":{"origin":1469325,"position":4},"title":"Vente Venezuela denuncia detenci\u00f3n de Melquiades Pulido Garc\u00eda, un coordinador de la organizaci\u00f3n","author":"","date":"diciembre 15, 2025","format":false,"excerpt":"El movimiento pol\u00edtico Vente Venezuela, fundado y dirigido por Mar\u00eda Corina Machado, denunci\u00f3 que una unidad de funcionarios del Servicio Bolivariano de inteligencia (SEBIN) se llev\u00f3 en la ma\u00f1ana de este lunes a Melquiades Pulido Garc\u00eda, coordinador de gesti\u00f3n p\u00fablica de la organizaci\u00f3n.Seg\u00fan la versi\u00f3n de Vente Venezuela, el dirigente\u2026","rel":"","context":"In &quot;Noticias Nacionales&quot;","block_context":{"text":"Noticias Nacionales","link":"https:\/\/noticiasya.com\/midland-odessa\/categoria\/noticias-nacionales"},"img":{"alt_text":"","src":"","width":0,"height":0},"classes":[]},{"id":1452269,"url":"https:\/\/noticiasya.com\/midland-odessa\/2024\/08\/29\/biagio-pilieri-convergencia-venezuela-allanamiento-orix\/","url_meta":{"origin":1469325,"position":5},"title":"Convergencia Venezuela denuncia allanamiento de domicilio de su dirigente Biagio Pilieri","author":"","date":"agosto 29, 2024","format":false,"excerpt":"(CNN Espa\u00f1ol) --\u00a0 El domicilio del coordinador nacional del partido Convergencia Venezuela, Biagio Pilieri, fue allanado por funcionarios del Servicio Bolivariano de Inteligencia Nacional (Sebin) este jueves, seg\u00fan denunci\u00f3 la facci\u00f3n dem\u00f3crata cristiana en su cuenta de X.Pilieri hab\u00eda sido detenido el mi\u00e9rcoles, aseguraron otros l\u00edderes opositores, y de momento\u2026","rel":"","context":"In &quot;Noticias Nacionales&quot;","block_context":{"text":"Noticias Nacionales","link":"https:\/\/noticiasya.com\/midland-odessa\/categoria\/noticias-nacionales"},"img":{"alt_text":"","src":"","width":0,"height":0},"classes":[]}],"jetpack_sharing_enabled":true,"_links":{"self":[{"href":"https:\/\/noticiasya.com\/midland-odessa\/wp-json\/wp\/v2\/posts\/1469325","targetHints":{"allow":["GET"]}}],"collection":[{"href":"https:\/\/noticiasya.com\/midland-odessa\/wp-json\/wp\/v2\/posts"}],"about":[{"href":"https:\/\/noticiasya.com\/midland-odessa\/wp-json\/wp\/v2\/types\/post"}],"replies":[{"embeddable":true,"href":"https:\/\/noticiasya.com\/midland-odessa\/wp-json\/wp\/v2\/comments?post=1469325"}],"version-history":[{"count":0,"href":"https:\/\/noticiasya.com\/midland-odessa\/wp-json\/wp\/v2\/posts\/1469325\/revisions"}],"wp:attachment":[{"href":"https:\/\/noticiasya.com\/midland-odessa\/wp-json\/wp\/v2\/media?parent=1469325"}],"wp:term":[{"taxonomy":"category","embeddable":true,"href":"https:\/\/noticiasya.com\/midland-odessa\/wp-json\/wp\/v2\/categories?post=1469325"},{"taxonomy":"post_tag","embeddable":true,"href":"https:\/\/noticiasya.com\/midland-odessa\/wp-json\/wp\/v2\/tags?post=1469325"}],"curies":[{"name":"wp","href":"https:\/\/api.w.org\/{rel}","templated":true}]}}