{"id":1469331,"date":"2025-12-17T02:03:50","date_gmt":"2025-12-17T10:03:50","guid":{"rendered":"https:\/\/noticiasya.com\/2025\/12\/17\/publicacion-documento-sobrevivientes-epstein-trax\/"},"modified":"2025-12-17T02:03:50","modified_gmt":"2025-12-17T10:03:50","slug":"publicacion-documento-sobrevivientes-epstein-trax","status":"publish","type":"post","link":"https:\/\/noticiasya.com\/midland-odessa\/2025\/12\/17\/publicacion-documento-sobrevivientes-epstein-trax\/","title":{"rendered":"Flashbacks y detonantes: sobrevivientes de Epstein esperan en la oscuridad a que se publiquen los archivos"},"content":{"rendered":"<p><a href=\"https:\/\/www.cnn.com\/2025\/12\/12\/politics\/epstein-photos-trump-clinton-bannon\">Cuando la semana pasada se hizo p\u00fablico<\/a> un conjunto de fotos confiscadas de la cuenta de Gmail y la computadora port\u00e1til de Jeffrey Epstein, una en particular dej\u00f3 at\u00f3nita a Dani Bensky.<\/p>\n<p>Era una foto de Epstein en su oficina, una habitaci\u00f3n que le tra\u00eda muchos recuerdos oscuros.<\/p>\n<p>Recordaba el gran escritorio de caoba y un marco de fotos, aunque no las obras de arte que conten\u00eda. Tambi\u00e9n se puso a buscar rastros de un tigre disecado que Epstein hab\u00eda guardado en esa oficina.<\/p>\n<p>Sharlene Rochard reconoci\u00f3 de inmediato una de las habitaciones en <a href=\"https:\/\/www.cnn.com\/2025\/12\/03\/politics\/epstein-island-photos-video-released\">otra serie de fotos<\/a> publicadas a principios de este mes, tomadas en la isla privada de Jeffrey Epstein en el Caribe.<\/p>\n<p>Al mismo tiempo que Rochard recordaba el abuso que sufri\u00f3 en Little Saint James a\u00f1os atr\u00e1s, otros detalles aparentemente m\u00e1s triviales tambi\u00e9n le llamaron la atenci\u00f3n, como una mesa que no estaba en el mismo lugar que recordaba.<\/p>\n<p><a href=\"https:\/\/www.cnn.com\/2025\/09\/08\/politics\/epstein-estate-birthday-book-documents-house-oversight\">Y para Jess Michaels, ver el infame libro del cumplea\u00f1os 50<\/a> de Epstein le hab\u00eda provocado un recuerdo perturbador.<\/p>\n<p>En \u00e9l hab\u00eda un dibujo de varias mujeres masajeando diversas partes del cuerpo de Epstein. Esto la hizo recordar que Epstein le hab\u00eda dicho a principios de los 90 que hay partes del mundo donde un hombre puede recibir masajes de tres mujeres a la vez: una en la cabeza, una en los pies y una en el centro.<\/p>\n<p>\u201cMe hizo recordar ese momento cuando me dijo eso\u201d, coment\u00f3 Michaels. Al recordarlo, dice que ahora entiende que bromas sexuales como esa formaban parte de la estrategia de Epstein para manipularla poco a poco.<\/p>\n<p>Rochard, Bensky y Michaels son solo algunas de las cientos de mujeres que se cree que fueron abusadas por Epstein y que se preparan para la esperada publicaci\u00f3n por parte del Departamento de Justicia de los llamados archivos Epstein.<\/p>\n<p>Un proyecto de ley promulgado por el presidente Donald Trump el mes pasado exige que el Departamento de Justicia publique los archivos antes del viernes, un momento que innumerables sobrevivientes de Epstein llevan a\u00f1os reclamando.<\/p>\n<p>Pero la simple anticipaci\u00f3n ha sido un desaf\u00edo inmenso para ellos.<\/p>\n<p>Los sobrevivientes de Epstein que hablaron con CNN afirmaron que no hab\u00edan recibido ninguna comunicaci\u00f3n del Departamento de Justicia antes de la publicaci\u00f3n de los archivos.<\/p>\n<p>Por ahora, desconocen por completo el momento y el contenido de la publicaci\u00f3n, as\u00ed como las medidas \u2014si las hubiera\u2014 que el Gobierno pudiera estar tomando para garantizar que la informaci\u00f3n confidencial de las v\u00edctimas se maneje con cautela.<\/p>\n<p>\u201cEstamos trabajando en esto a ciegas ahora mismo\u201d, declar\u00f3 Bensky en una entrevista conjunta con otros sobrevivientes, un formato que el grupo solicit\u00f3 porque dijeron que encuentran un gran consuelo en la presencia de los dem\u00e1s al hablar de su trauma. \u201cEs un poco complicado porque no veremos los archivos antes de que lleguen. No sabemos a qu\u00e9 hora los entregar\u00e1n el 19. No lo sabemos\u201d.<\/p>\n<p>El Departamento de Justicia no ha comentado p\u00fablicamente ning\u00fan aspecto de sus planes de publicar los archivos de Epstein y no respondi\u00f3 a la solicitud de CNN de comentarios para esta historia.<\/p>\n<p>Se espera que la pr\u00f3xima divulgaci\u00f3n sea mucho m\u00e1s completa y de mayor alcance que cualquier informaci\u00f3n parcial sobre Epstein que se haya hecho p\u00fablica hasta la fecha.<\/p>\n<p>La divulgaci\u00f3n intermitente de documentos e im\u00e1genes relacionados con Epstein en los \u00faltimos meses, incluso por parte de comit\u00e9s del Congreso, ya ha tenido un grave impacto psicol\u00f3gico, y los sobrevivientes se preparan para que la publicaci\u00f3n del Departamento de Justicia sea especialmente dif\u00edcil de gestionar.<\/p>\n<p>\u201cLa anticipaci\u00f3n en s\u00ed misma puede ser un factor desencadenante. Las sobrevivientes se preparan para una exposici\u00f3n desconocida, y esa incertidumbre puede reflejar la p\u00e9rdida de control, un factor central en el abuso\u201d, explic\u00f3 la Dra. Suzan Song, psiquiatra que asesora al Gobierno federal sobre programas contra la trata de personas.<\/p>\n<p>\u201cNo saber qu\u00e9 podr\u00eda revelarse, c\u00f3mo se enmarcar\u00e1 p\u00fablicamente o si podr\u00edan resurgir detalles profundamente personales puede mantener el sistema nervioso en un estado prolongado de amenaza, incluso antes de que se revele nada\u201d, agreg\u00f3.<\/p>\n<p>Algunos sobrevivientes tambi\u00e9n describieron sentir esperanza de que pudiera haber nueva informaci\u00f3n que pudiera ayudar a validar sus propios recuerdos del abuso.<\/p>\n<p>Es com\u00fan que las v\u00edctimas de trauma sexual tengan lagunas mentales. El abuso de Epstein tambi\u00e9n se remonta a varias d\u00e9cadas atr\u00e1s.<\/p>\n<p>Rochard, quien revel\u00f3 p\u00fablicamente su historia por primera vez el mes pasado, indic\u00f3 que recordaba claramente que hab\u00eda un tel\u00e9fono dentro de la casa de Epstein en la isla Little Saint James, pero que otras personas que hab\u00edan estado all\u00ed le dijeron que no recordaban ninguno.<\/p>\n<p>Cuando la Comisi\u00f3n de Supervisi\u00f3n de la C\u00e1mara de Representantes public\u00f3 este mes fotos tomadas en la isla privada y la casa de Epstein y sus alrededores, vio el tel\u00e9fono que recordaba despu\u00e9s de tantos a\u00f1os.<\/p>\n<p>\u201cHab\u00eda un tel\u00e9fono. S\u00e9 que llam\u00e9 a alguien\u201d, declar\u00f3 Rochard. \u201cCuando vi el tel\u00e9fono, pens\u00e9: \u2018No, mi memoria es correcta. Estoy en lo cierto\u2019. As\u00ed que algunas cosas te dan sentido al verlas. Y otras son simplemente traumatizantes\u201d.<\/p>\n<p>Seg\u00fan Song, desde una perspectiva neurobiol\u00f3gica, las experiencias traum\u00e1ticas se codifican de forma diferente en el cerebro, sobre todo cuando una persona se encuentra bajo estr\u00e9s extremo.<\/p>\n<p>En lugar de los t\u00edpicos \u201crecuerdos con marca de tiempo\u201d, explic\u00f3, el trauma suele almacenarse como fragmentos sensoriales y emocionales que incluyen im\u00e1genes, lugares, olores y sensaciones corporales.<\/p>\n<p>\u201cPor ello, cuando los sobrevivientes se encuentran posteriormente con se\u00f1ales que se asemejan a aspectos del trauma, estas pueden activar las mismas redes neuronales que estaban activas durante el da\u00f1o original\u201d, expres\u00f3 Song.<\/p>\n<p>Y agreg\u00f3: \u201cEl cuerpo puede responder como si la amenaza estuviera ocurriendo en tiempo real, incluso cuando la persona sabe intelectualmente que est\u00e1 a salvo. Esto es especialmente cierto en traumas complejos, como la trata de personas, donde el da\u00f1o interpersonal cr\u00f3nico y repetido sensibiliza al sistema nervioso para detectar el peligro r\u00e1pidamente\u201d.<\/p>\n<p>Todos los sobrevivientes entrevistados por CNN afirmaron que apoyan que se publiquen todos los archivos de Epstein de una vez por todas, pero que se deben realizar redacciones para proteger a las v\u00edctimas.<\/p>\n<p>\u201cLo m\u00e1s importante para nosotros es que los nombres de los sobrevivientes se gestionen con cuidado y se oculten, y que no se divulgue informaci\u00f3n personal ni identificable de ninguno de ellos\u201d, apunt\u00f3 Liz Stein, otra sobreviviente de Epstein. \u201cSin embargo, lo que realmente queremos ver son los nombres de estos perpetradores\u201d.<\/p>\n<p>Jennifer Freeman, abogada que representa a m\u00faltiples sobrevivientes de Epstein, afirm\u00f3 no haber recibido noticias del Departamento de Justicia antes de la publicaci\u00f3n prevista de los archivos.<\/p>\n<p>A\u00f1adi\u00f3 que el Gobierno debe ser transparente sobre cualquier archivo que decida no hacer p\u00fablico: \u201cExisten varias excepciones a la publicaci\u00f3n, y deben especificarse los criterios de aplicaci\u00f3n de estas instrucciones. Por ejemplo, \u00bfqu\u00e9 constituye seguridad nacional?\u201d.<\/p>\n<p>Gloria Allred, otra abogada que trabaja con sobrevivientes de Epstein, declar\u00f3 a CNN que el Departamento de Justicia se puso en contacto con ella para preguntar cu\u00e1les de sus clientes deseaban que se ocultaran sus nombres.<\/p>\n<p>El abogado Arick Fudali afirm\u00f3 haber recibido un correo electr\u00f3nico del Departamento de Justicia en las \u00faltimas semanas para programar una llamada telef\u00f3nica y hablar sobre posibles censuras, pero que el departamento nunca lo llam\u00f3.<\/p>\n<p>La asombrosa magnitud de los abusos de Epstein y la inmensa red de personas que lo ayudaron lo convierten en uno de los delincuentes sexuales m\u00e1s conocidos de los \u00faltimos tiempos.<\/p>\n<p>Y sus v\u00ednculos pasados \u200b\u200bcon muchas de las personas m\u00e1s poderosas y ricas del mundo, incluido Trump, sumado a las d\u00e9cadas de incapacidad del sistema judicial para exigirle responsabilidades, tambi\u00e9n lo han convertido en un claro ejemplo de corrupci\u00f3n sist\u00e9mica.<\/p>\n<p>Epstein se suicid\u00f3 en una celda de la ciudad de Nueva York en 2019 mientras esperaba su juicio por cargos federales de tr\u00e1fico sexual.<\/p>\n<p>Hab\u00eda cumplido solo 13 meses de prisi\u00f3n por cargos estatales de prostituci\u00f3n con menores de edad, tras haber obtenido un acuerdo de no procesamiento muy controvertido en 2007.<\/p>\n<p>Alex Acosta, el fiscal federal en Florida que en ese momento se neg\u00f3 a presentar cargos federales contra Epstein, tampoco notific\u00f3 el acuerdo a las mujeres que alegaron haber sido abusadas por Epstein. (Acosta posteriormente se desempe\u00f1\u00f3 como secretario de Trabajo durante el primer mandato de Trump).<\/p>\n<p>Freeman, la abogada que representa a la sobreviviente de Epstein, Maria Farmer, y a otros, manifest\u00f3 que estar\u00e1 particularmente interesada en ver qu\u00e9 informaci\u00f3n podr\u00eda surgir sobre un informe de denuncia que Farmer present\u00f3 al FBI en 1996.<\/p>\n<p>Farmer se comunic\u00f3 con el FBI nuevamente en 2006, seg\u00fan Freeman, y durante a\u00f1os ha expresado su preocupaci\u00f3n por el mal manejo del caso Epstein por parte del Gobierno que result\u00f3 en el acuerdo de no procesamiento.<\/p>\n<p>La falta de transparencia en torno a los registros que el Gobierno federal ha acumulado durante d\u00e9cadas sobre las malas acciones de Epstein tambi\u00e9n ha provocado un flujo interminable de teor\u00edas conspirativas.<\/p>\n<p>Michaels, cuyo trabajo ahora se centra en la intervenci\u00f3n temprana en traumas y en educar al p\u00fablico sobre c\u00f3mo ayudar a los sobrevivientes, indic\u00f3 que ella y muchos otros sobrevivientes de Epstein est\u00e1n estupefactos por la continua falta de divulgaci\u00f3n del Departamento de Justicia.<\/p>\n<p>Espero que en alg\u00fan momento el Departamento de Justicia diga: \u201cSi\u00e9ntense con nosotros. D\u00edganos por qu\u00e9 importan estas fotos\u201d. Porque nadie pregunta\u201d, sostuvo. \u201cEste caso demuestra lo que sucede cuando se ignoran las se\u00f1ales de alerta, cuando el poder no se controla y cuando las instituciones priorizan la reputaci\u00f3n sobre la protecci\u00f3n. Los depredadores no prosperan porque sean hombres brillantes, sino porque los sistemas fallan\u201d.<\/p>\n<p>Los sobrevivientes de Epstein dijeron que est\u00e1n seguros de que si los archivos se publican el viernes, ese momento ser\u00e1 solo el comienzo de un largo viaje por delante.<\/p>\n<p>\u201cNos ha llevado casi 30 a\u00f1os llegar a este punto, solo para obtener los archivos de nuestra informaci\u00f3n personal. Y nos han llamado un enga\u00f1o. Nos dijeron que no era cierto\u201d, afirm\u00f3 Rochard. \u201cPero nuestra esperanza es que cuando salgan a la luz, lo veamos todo, que el p\u00fablico lo vea, y que siempre dijimos la verdad\u201d.<\/p>\n<p>The-CNN-Wire<br \/>&trade; &amp; &copy; 2025 Cable News Network, Inc., a Warner Bros. Discovery Company. All rights reserved.<\/p>\n","protected":false},"excerpt":{"rendered":"<p>Cuando la semana pasada se hizo p\u00fablico un conjunto de fotos confiscadas de la cuenta de Gmail y la computadora port\u00e1til de Jeffrey Epstein, una en particular dej\u00f3 at\u00f3nita a Dani Bensky. Era una foto de Epstein en su oficina, una habitaci\u00f3n que le tra\u00eda muchos recuerdos oscuros. Recordaba el gran escritorio de caoba y [&hellip;]<\/p>\n","protected":false},"author":0,"featured_media":0,"comment_status":"open","ping_status":"open","sticky":false,"template":"","format":"standard","meta":{"_jetpack_memberships_contains_paid_content":false,"footnotes":""},"categories":[10],"tags":[],"class_list":["post-1469331","post","type-post","status-publish","format-standard","hentry","category-noticias-nacionales","market-global"],"yoast_head":"<!-- This site is optimized with the Yoast SEO plugin v24.4 - https:\/\/yoast.com\/wordpress\/plugins\/seo\/ -->\n<title>Flashbacks y detonantes: sobrevivientes de Epstein esperan en la oscuridad a que se publiquen los archivos - Noticias<\/title>\n<meta name=\"robots\" content=\"index, follow, max-snippet:-1, max-image-preview:large, max-video-preview:-1\" \/>\n<link rel=\"canonical\" href=\"https:\/\/noticiasya.com\/2025\/12\/17\/publicacion-documento-sobrevivientes-epstein-trax\/\" \/>\n<meta property=\"og:locale\" content=\"es_ES\" \/>\n<meta property=\"og:type\" content=\"article\" \/>\n<meta property=\"og:title\" content=\"Flashbacks y detonantes: sobrevivientes de Epstein esperan en la oscuridad a que se publiquen los archivos - Noticias\" \/>\n<meta property=\"og:description\" content=\"Cuando la semana pasada se hizo p\u00fablico un conjunto de fotos confiscadas de la cuenta de Gmail y la computadora port\u00e1til de Jeffrey Epstein, una en particular dej\u00f3 at\u00f3nita a Dani Bensky. Era una foto de Epstein en su oficina, una habitaci\u00f3n que le tra\u00eda muchos recuerdos oscuros. Recordaba el gran escritorio de caoba y [&hellip;]\" \/>\n<meta property=\"og:url\" content=\"https:\/\/noticiasya.com\/2025\/12\/17\/publicacion-documento-sobrevivientes-epstein-trax\/\" \/>\n<meta property=\"og:site_name\" content=\"Noticias\" \/>\n<meta property=\"article:published_time\" content=\"2025-12-17T10:03:50+00:00\" \/>\n<meta name=\"twitter:card\" content=\"summary_large_image\" \/>\n<meta name=\"twitter:label1\" content=\"Est. reading time\" \/>\n\t<meta name=\"twitter:data1\" content=\"9 minutos\" \/>\n<script type=\"application\/ld+json\" class=\"yoast-schema-graph\">{\"@context\":\"https:\/\/schema.org\",\"@graph\":[{\"@type\":\"Article\",\"@id\":\"https:\/\/noticiasya.com\/2025\/12\/17\/publicacion-documento-sobrevivientes-epstein-trax\/#article\",\"isPartOf\":{\"@id\":\"https:\/\/noticiasya.com\/2025\/12\/17\/publicacion-documento-sobrevivientes-epstein-trax\/\"},\"author\":{\"name\":\"\",\"@id\":\"\"},\"headline\":\"Flashbacks y detonantes: sobrevivientes de Epstein esperan en la oscuridad a que se publiquen los archivos\",\"datePublished\":\"2025-12-17T10:03:50+00:00\",\"mainEntityOfPage\":{\"@id\":\"https:\/\/noticiasya.com\/2025\/12\/17\/publicacion-documento-sobrevivientes-epstein-trax\/\"},\"wordCount\":1820,\"commentCount\":0,\"publisher\":{\"@id\":\"https:\/\/noticiasya.com\/#organization\"},\"articleSection\":[\"Noticias Nacionales\"],\"inLanguage\":\"es\",\"potentialAction\":[{\"@type\":\"CommentAction\",\"name\":\"Comment\",\"target\":[\"https:\/\/noticiasya.com\/2025\/12\/17\/publicacion-documento-sobrevivientes-epstein-trax\/#respond\"]}]},{\"@type\":\"WebPage\",\"@id\":\"https:\/\/noticiasya.com\/2025\/12\/17\/publicacion-documento-sobrevivientes-epstein-trax\/\",\"url\":\"https:\/\/noticiasya.com\/2025\/12\/17\/publicacion-documento-sobrevivientes-epstein-trax\/\",\"name\":\"Flashbacks y detonantes: sobrevivientes de Epstein esperan en la oscuridad a que se publiquen los archivos - Noticias\",\"isPartOf\":{\"@id\":\"https:\/\/noticiasya.com\/#website\"},\"datePublished\":\"2025-12-17T10:03:50+00:00\",\"breadcrumb\":{\"@id\":\"https:\/\/noticiasya.com\/2025\/12\/17\/publicacion-documento-sobrevivientes-epstein-trax\/#breadcrumb\"},\"inLanguage\":\"es\",\"potentialAction\":[{\"@type\":\"ReadAction\",\"target\":[\"https:\/\/noticiasya.com\/2025\/12\/17\/publicacion-documento-sobrevivientes-epstein-trax\/\"]}]},{\"@type\":\"BreadcrumbList\",\"@id\":\"https:\/\/noticiasya.com\/2025\/12\/17\/publicacion-documento-sobrevivientes-epstein-trax\/#breadcrumb\",\"itemListElement\":[{\"@type\":\"ListItem\",\"position\":1,\"name\":\"Home\",\"item\":\"https:\/\/noticiasya.com\/\"},{\"@type\":\"ListItem\",\"position\":2,\"name\":\"Flashbacks y detonantes: sobrevivientes de Epstein esperan en la oscuridad a que se publiquen los archivos\"}]},{\"@type\":\"WebSite\",\"@id\":\"https:\/\/noticiasya.com\/#website\",\"url\":\"https:\/\/noticiasya.com\/\",\"name\":\"Noticias\",\"description\":\"Lo que importa\",\"publisher\":{\"@id\":\"https:\/\/noticiasya.com\/#organization\"},\"potentialAction\":[{\"@type\":\"SearchAction\",\"target\":{\"@type\":\"EntryPoint\",\"urlTemplate\":\"https:\/\/noticiasya.com\/?s={search_term_string}\"},\"query-input\":{\"@type\":\"PropertyValueSpecification\",\"valueRequired\":true,\"valueName\":\"search_term_string\"}}],\"inLanguage\":\"es\"},{\"@type\":\"Organization\",\"@id\":\"https:\/\/noticiasya.com\/#organization\",\"name\":\"Noticias\",\"url\":\"https:\/\/noticiasya.com\/\",\"logo\":{\"@type\":\"ImageObject\",\"inLanguage\":\"es\",\"@id\":\"https:\/\/noticiasya.com\/#\/schema\/logo\/image\/\",\"url\":\"https:\/\/noticiasya.com\/wp-content\/uploads\/sites\/22\/2023\/12\/logo-nacional.png\",\"contentUrl\":\"https:\/\/noticiasya.com\/wp-content\/uploads\/sites\/22\/2023\/12\/logo-nacional.png\",\"width\":1801,\"height\":691,\"caption\":\"Noticias\"},\"image\":{\"@id\":\"https:\/\/noticiasya.com\/#\/schema\/logo\/image\/\"}}]}<\/script>\n<!-- \/ Yoast SEO plugin. -->","yoast_head_json":{"title":"Flashbacks y detonantes: sobrevivientes de Epstein esperan en la oscuridad a que se publiquen los archivos - Noticias","robots":{"index":"index","follow":"follow","max-snippet":"max-snippet:-1","max-image-preview":"max-image-preview:large","max-video-preview":"max-video-preview:-1"},"canonical":"https:\/\/noticiasya.com\/2025\/12\/17\/publicacion-documento-sobrevivientes-epstein-trax\/","og_locale":"es_ES","og_type":"article","og_title":"Flashbacks y detonantes: sobrevivientes de Epstein esperan en la oscuridad a que se publiquen los archivos - Noticias","og_description":"Cuando la semana pasada se hizo p\u00fablico un conjunto de fotos confiscadas de la cuenta de Gmail y la computadora port\u00e1til de Jeffrey Epstein, una en particular dej\u00f3 at\u00f3nita a Dani Bensky. Era una foto de Epstein en su oficina, una habitaci\u00f3n que le tra\u00eda muchos recuerdos oscuros. Recordaba el gran escritorio de caoba y [&hellip;]","og_url":"https:\/\/noticiasya.com\/2025\/12\/17\/publicacion-documento-sobrevivientes-epstein-trax\/","og_site_name":"Noticias","article_published_time":"2025-12-17T10:03:50+00:00","twitter_card":"summary_large_image","twitter_misc":{"Est. reading time":"9 minutos"},"schema":{"@context":"https:\/\/schema.org","@graph":[{"@type":"Article","@id":"https:\/\/noticiasya.com\/2025\/12\/17\/publicacion-documento-sobrevivientes-epstein-trax\/#article","isPartOf":{"@id":"https:\/\/noticiasya.com\/2025\/12\/17\/publicacion-documento-sobrevivientes-epstein-trax\/"},"author":{"name":"","@id":""},"headline":"Flashbacks y detonantes: sobrevivientes de Epstein esperan en la oscuridad a que se publiquen los archivos","datePublished":"2025-12-17T10:03:50+00:00","mainEntityOfPage":{"@id":"https:\/\/noticiasya.com\/2025\/12\/17\/publicacion-documento-sobrevivientes-epstein-trax\/"},"wordCount":1820,"commentCount":0,"publisher":{"@id":"https:\/\/noticiasya.com\/#organization"},"articleSection":["Noticias Nacionales"],"inLanguage":"es","potentialAction":[{"@type":"CommentAction","name":"Comment","target":["https:\/\/noticiasya.com\/2025\/12\/17\/publicacion-documento-sobrevivientes-epstein-trax\/#respond"]}]},{"@type":"WebPage","@id":"https:\/\/noticiasya.com\/2025\/12\/17\/publicacion-documento-sobrevivientes-epstein-trax\/","url":"https:\/\/noticiasya.com\/2025\/12\/17\/publicacion-documento-sobrevivientes-epstein-trax\/","name":"Flashbacks y detonantes: sobrevivientes de Epstein esperan en la oscuridad a que se publiquen los archivos - Noticias","isPartOf":{"@id":"https:\/\/noticiasya.com\/#website"},"datePublished":"2025-12-17T10:03:50+00:00","breadcrumb":{"@id":"https:\/\/noticiasya.com\/2025\/12\/17\/publicacion-documento-sobrevivientes-epstein-trax\/#breadcrumb"},"inLanguage":"es","potentialAction":[{"@type":"ReadAction","target":["https:\/\/noticiasya.com\/2025\/12\/17\/publicacion-documento-sobrevivientes-epstein-trax\/"]}]},{"@type":"BreadcrumbList","@id":"https:\/\/noticiasya.com\/2025\/12\/17\/publicacion-documento-sobrevivientes-epstein-trax\/#breadcrumb","itemListElement":[{"@type":"ListItem","position":1,"name":"Home","item":"https:\/\/noticiasya.com\/"},{"@type":"ListItem","position":2,"name":"Flashbacks y detonantes: sobrevivientes de Epstein esperan en la oscuridad a que se publiquen los archivos"}]},{"@type":"WebSite","@id":"https:\/\/noticiasya.com\/#website","url":"https:\/\/noticiasya.com\/","name":"Noticias","description":"Lo que importa","publisher":{"@id":"https:\/\/noticiasya.com\/#organization"},"potentialAction":[{"@type":"SearchAction","target":{"@type":"EntryPoint","urlTemplate":"https:\/\/noticiasya.com\/?s={search_term_string}"},"query-input":{"@type":"PropertyValueSpecification","valueRequired":true,"valueName":"search_term_string"}}],"inLanguage":"es"},{"@type":"Organization","@id":"https:\/\/noticiasya.com\/#organization","name":"Noticias","url":"https:\/\/noticiasya.com\/","logo":{"@type":"ImageObject","inLanguage":"es","@id":"https:\/\/noticiasya.com\/#\/schema\/logo\/image\/","url":"https:\/\/noticiasya.com\/wp-content\/uploads\/sites\/22\/2023\/12\/logo-nacional.png","contentUrl":"https:\/\/noticiasya.com\/wp-content\/uploads\/sites\/22\/2023\/12\/logo-nacional.png","width":1801,"height":691,"caption":"Noticias"},"image":{"@id":"https:\/\/noticiasya.com\/#\/schema\/logo\/image\/"}}]}},"parsely":{"version":"1.1.0","canonical_url":"https:\/\/noticiasya.com\/midland-odessa\/2025\/12\/17\/publicacion-documento-sobrevivientes-epstein-trax\/","smart_links":{"inbound":0,"outbound":0},"traffic_boost_suggestions_count":0,"meta":{"@context":"https:\/\/schema.org","@type":"NewsArticle","headline":"Flashbacks y detonantes: sobrevivientes de Epstein esperan en la oscuridad a que se publiquen los archivos","url":"http:\/\/noticiasya.com\/midland-odessa\/2025\/12\/17\/publicacion-documento-sobrevivientes-epstein-trax\/","mainEntityOfPage":{"@type":"WebPage","@id":"http:\/\/noticiasya.com\/midland-odessa\/2025\/12\/17\/publicacion-documento-sobrevivientes-epstein-trax\/"},"thumbnailUrl":"","image":{"@type":"ImageObject","url":""},"articleSection":"Noticias Nacionales","author":[],"creator":[],"publisher":{"@type":"Organization","name":"Noticias","logo":""},"keywords":[],"dateCreated":"2025-12-17T10:03:50Z","datePublished":"2025-12-17T10:03:50Z","dateModified":"2025-12-17T10:03:50Z"},"rendered":"<script type=\"application\/ld+json\" class=\"wp-parsely-metadata\">{\"@context\":\"https:\\\/\\\/schema.org\",\"@type\":\"NewsArticle\",\"headline\":\"Flashbacks y detonantes: sobrevivientes de Epstein esperan en la oscuridad a que se publiquen los archivos\",\"url\":\"http:\\\/\\\/noticiasya.com\\\/midland-odessa\\\/2025\\\/12\\\/17\\\/publicacion-documento-sobrevivientes-epstein-trax\\\/\",\"mainEntityOfPage\":{\"@type\":\"WebPage\",\"@id\":\"http:\\\/\\\/noticiasya.com\\\/midland-odessa\\\/2025\\\/12\\\/17\\\/publicacion-documento-sobrevivientes-epstein-trax\\\/\"},\"thumbnailUrl\":\"\",\"image\":{\"@type\":\"ImageObject\",\"url\":\"\"},\"articleSection\":\"Noticias Nacionales\",\"author\":[],\"creator\":[],\"publisher\":{\"@type\":\"Organization\",\"name\":\"Noticias\",\"logo\":\"\"},\"keywords\":[],\"dateCreated\":\"2025-12-17T10:03:50Z\",\"datePublished\":\"2025-12-17T10:03:50Z\",\"dateModified\":\"2025-12-17T10:03:50Z\"}<\/script>","tracker_url":"https:\/\/cdn.parsely.com\/keys\/noticiasya.com\/p.js"},"jetpack_featured_media_url":"","jetpack-related-posts":[{"id":1464768,"url":"https:\/\/noticiasya.com\/midland-odessa\/2025\/07\/22\/fotos-videos-relacion-trump-jeffrey-epstein-trax\/","url_meta":{"origin":1469331,"position":0},"title":"Exclusivo: Fotos y videos reci\u00e9n descubiertos arrojan nueva luz sobre los lazos de Trump con Jeffrey Epstein","author":"","date":"julio 22, 2025","format":false,"excerpt":"Material de video archivado y fotos recientemente descubiertos revelan nuevos detalles sobre la relaci\u00f3n pasada de Donald Trump con Jeffrey Epstein.Fotos de 1993 confirman por primera vez que Epstein asisti\u00f3 a la boda de Trump con Marla Maples ese a\u00f1o. La asistencia de Epstein a la ceremonia en el Hotel\u2026","rel":"","context":"In &quot;Noticias Nacionales&quot;","block_context":{"text":"Noticias Nacionales","link":"https:\/\/noticiasya.com\/midland-odessa\/categoria\/noticias-nacionales"},"img":{"alt_text":"","src":"","width":0,"height":0},"classes":[]},{"id":1469216,"url":"https:\/\/noticiasya.com\/midland-odessa\/2025\/12\/12\/fotos-patrimonio-epstein-trump-clinton-trax\/","url_meta":{"origin":1469331,"position":1},"title":"Publican m\u00e1s fotos del archivo de Jeffrey Epstein que muestran a Trump, Bannon, Bill Clinton y otras figuras de alto perfil","author":"","date":"diciembre 12, 2025","format":false,"excerpt":"Los dem\u00f3cratas de la Comisi\u00f3n de Supervisi\u00f3n de la C\u00e1mara de Representantes publicaron este viernes fotos del patrimonio de Jeffrey Epstein que muestran a numerosas figuras poderosas en la \u00f3rbita del difunto traficante sexual, incluyendo al presidente Donald Trump, al expresidente Bill Clinton, a Steve Bannon, Bill Gates, Richard Branson\u2026","rel":"","context":"In &quot;Noticias Nacionales&quot;","block_context":{"text":"Noticias Nacionales","link":"https:\/\/noticiasya.com\/midland-odessa\/categoria\/noticias-nacionales"},"img":{"alt_text":"","src":"","width":0,"height":0},"classes":[]},{"id":1469464,"url":"https:\/\/noticiasya.com\/midland-odessa\/2025\/12\/21\/que-contienen-archivos-epstein-publicados-trax\/","url_meta":{"origin":1469331,"position":2},"title":"\u00bfQu\u00e9 contienen los archivos de Epstein publicados por el Departamento de Justicia?","author":"","date":"diciembre 21, 2025","format":false,"excerpt":"El Departamento de Justicia public\u00f3 miles de archivos relacionados con el delincuente sexual y acusado de tr\u00e1fico sexual Jeffrey Epstein despu\u00e9s de que el Congreso aprobara una ley que oblig\u00f3 a la administraci\u00f3n Trump a hacerlo.La publicaci\u00f3n del viernes no incluy\u00f3 todos los archivos, ya que el Departamento de Justicia\u2026","rel":"","context":"In &quot;Noticias Nacionales&quot;","block_context":{"text":"Noticias Nacionales","link":"https:\/\/noticiasya.com\/midland-odessa\/categoria\/noticias-nacionales"},"img":{"alt_text":"","src":"","width":0,"height":0},"classes":[]},{"id":1468933,"url":"https:\/\/noticiasya.com\/midland-odessa\/2025\/12\/03\/divulgan-fotos-isla-epstein-trax\/","url_meta":{"origin":1469331,"position":3},"title":"Dem\u00f3cratas de la C\u00e1mara de Representantes revelan fotos y videos de la isla privada de Epstein","author":"","date":"diciembre 3, 2025","format":false,"excerpt":"Los dem\u00f3cratas de la Comisi\u00f3n de Supervisi\u00f3n de la C\u00e1mara de Representantes divulgaron este mi\u00e9rcoles nuevas fotos y videos de una isla privada en el Caribe que perteneci\u00f3 a Jeffrey Epstein, arrojando nueva luz sobre lo que fue el epicentro de las d\u00e9cadas de abuso de ni\u00f1as y mujeres por\u2026","rel":"","context":"In &quot;Noticias Nacionales&quot;","block_context":{"text":"Noticias Nacionales","link":"https:\/\/noticiasya.com\/midland-odessa\/categoria\/noticias-nacionales"},"img":{"alt_text":"","src":"","width":0,"height":0},"classes":[]},{"id":1469395,"url":"https:\/\/noticiasya.com\/midland-odessa\/2025\/12\/18\/nuevas-fotos-patrimonio-epstein-trax\/","url_meta":{"origin":1469331,"position":4},"title":"Dem\u00f3cratas de la C\u00e1mara revelan m\u00e1s fotos de Epstein ante la fecha l\u00edmite de publicaci\u00f3n de los archivos","author":"","date":"diciembre 18, 2025","format":false,"excerpt":"Los dem\u00f3cratas de la Comisi\u00f3n de Supervisi\u00f3n de la C\u00e1mara de Representantes publicaron este jueves fotos del patrimonio de Jeffrey Epstein, la \u00faltima de una serie de revelaciones intermitentes que han impulsado una importante intriga pol\u00edtica en las \u00faltimas semanas sobre qui\u00e9n podr\u00eda haber estado asociado con el delincuente sexual\u2026","rel":"","context":"In &quot;Noticias Nacionales&quot;","block_context":{"text":"Noticias Nacionales","link":"https:\/\/noticiasya.com\/midland-odessa\/categoria\/noticias-nacionales"},"img":{"alt_text":"","src":"","width":0,"height":0},"classes":[]},{"id":1470706,"url":"https:\/\/noticiasya.com\/midland-odessa\/2026\/01\/31\/fotos-exprincipe-andres-mujer-epstein-trax\/","url_meta":{"origin":1469331,"position":5},"title":"Una serie de fotos de los archivos Epstein parecen mostrar al expr\u00edncipe Andr\u00e9s en el suelo con una mujer","author":"","date":"enero 31, 2026","format":false,"excerpt":"Una serie de fotograf\u00edas parece mostrar al expr\u00edncipe Andr\u00e9s en cuatro patas, inclinado sobre una mujer o ni\u00f1a que yace en el suelo, seg\u00fan la \u00faltima tanda de archivos de Epstein publicados por parte del Departamento de Justicia de Estados Unidos el viernes.En una imagen sin fecha, Andrew Mountbatten-Windsor mira\u2026","rel":"","context":"In &quot;Noticias Nacionales&quot;","block_context":{"text":"Noticias Nacionales","link":"https:\/\/noticiasya.com\/midland-odessa\/categoria\/noticias-nacionales"},"img":{"alt_text":"","src":"","width":0,"height":0},"classes":[]}],"jetpack_sharing_enabled":true,"_links":{"self":[{"href":"https:\/\/noticiasya.com\/midland-odessa\/wp-json\/wp\/v2\/posts\/1469331","targetHints":{"allow":["GET"]}}],"collection":[{"href":"https:\/\/noticiasya.com\/midland-odessa\/wp-json\/wp\/v2\/posts"}],"about":[{"href":"https:\/\/noticiasya.com\/midland-odessa\/wp-json\/wp\/v2\/types\/post"}],"replies":[{"embeddable":true,"href":"https:\/\/noticiasya.com\/midland-odessa\/wp-json\/wp\/v2\/comments?post=1469331"}],"version-history":[{"count":0,"href":"https:\/\/noticiasya.com\/midland-odessa\/wp-json\/wp\/v2\/posts\/1469331\/revisions"}],"wp:attachment":[{"href":"https:\/\/noticiasya.com\/midland-odessa\/wp-json\/wp\/v2\/media?parent=1469331"}],"wp:term":[{"taxonomy":"category","embeddable":true,"href":"https:\/\/noticiasya.com\/midland-odessa\/wp-json\/wp\/v2\/categories?post=1469331"},{"taxonomy":"post_tag","embeddable":true,"href":"https:\/\/noticiasya.com\/midland-odessa\/wp-json\/wp\/v2\/tags?post=1469331"}],"curies":[{"name":"wp","href":"https:\/\/api.w.org\/{rel}","templated":true}]}}