{"id":1469332,"date":"2025-12-17T02:03:51","date_gmt":"2025-12-17T10:03:51","guid":{"rendered":"https:\/\/noticiasya.com\/2025\/12\/17\/funerales-bondi-terrorismo-sidney-trax\/"},"modified":"2025-12-17T02:03:51","modified_gmt":"2025-12-17T10:03:51","slug":"funerales-bondi-terrorismo-sidney-trax","status":"publish","type":"post","link":"https:\/\/noticiasya.com\/midland-odessa\/2025\/12\/17\/funerales-bondi-terrorismo-sidney-trax\/","title":{"rendered":"Comienzan los funerales de las v\u00edctimas de Bondi Beach mientras acusan al presunto atacante de homicidio y terrorismo"},"content":{"rendered":"<p>El mi\u00e9rcoles se realizaron los primeros funerales de algunas de las <a href=\"https:\/\/www.cnn.com\/2025\/12\/15\/australia\/australia-bondi-beach-shooting-victims-intl-hnk\">15 personas murieron en el peor tiroteo masivo ocurrido en Australia en casi tres d\u00e9cadas, mientras la polic\u00eda presentaba cargos de homicidio y terrorismo contra uno de los presuntos atacantes.<\/a><\/p>\n<p>Se produjeron escenas emotivas fuera del Jabad de Bondi en Sydney, donde una gran multitud rindi\u00f3 homenaje antes del servicio en honor al rabino Eli Schlanger, quien muri\u00f3 en la <a href=\"https:\/\/www.cnn.com\/2025\/12\/15\/australia\/australia-bondi-beach-shooting-vis-intl\">masacre del domingo<\/a> que tuvo como blanco a familias jud\u00edas que celebraban la primera noche de Hanukkah.<\/p>\n<p>Los familiares lloraron cuando el ata\u00fad de Schlanger, envuelto en terciopelo negro con una estrella de David dorada, fue llevado a la sinagoga.<\/p>\n<p>Schlanger, de 41 a\u00f1os, organiz\u00f3 el evento \u201cJanuc\u00e1 junto al mar\u201d en Bondi Beach y fue rabino asistente en el Jabad de Bondi. Era padre de cinco hijos, cuyo hijo menor tiene solo dos meses.<\/p>\n<p>Conocido como el \u201cRabino de Bondi\u201d, Schlanger ha sido descrito como un capell\u00e1n devoto y querido que trabaj\u00f3 incansablemente \u201cpara apoyar la vida jud\u00eda en la comunidad de Bondi\u201d a trav\u00e9s de Chabad, una organizaci\u00f3n jud\u00eda global que busca promover la identidad y la conexi\u00f3n jud\u00edas, dijo la organizaci\u00f3n.<\/p>\n<p>Durante el servicio, el suegro de Schlanger rompi\u00f3 a llorar al describirlo como \u201cel mejor esposo, el mejor padre, el mejor hijo\u201d.<\/p>\n<p>\u201cLo que diga hoy ser\u00e1 un eufemismo ante lo que significas para todos, para tu familia y para m\u00ed personalmente\u201d, dijo el rabino Yehoram Ulman. \u201cEres mi hijo, mi amigo, mi confidente\u201d.<\/p>\n<p>\u201cUn d\u00eda sin ti es imposible.\u201d<\/p>\n<p>Antes del funeral, el primer ministro australiano, Anthony Albanese, dijo a los periodistas que Schlanger \u201cera claramente muy querido en la comunidad, no solo por su familia\u201d.<\/p>\n<p>\u201cCreo que los pensamientos y corazones de todos los australianos est\u00e1n con esas familias mientras se despiden de sus seres queridos\u201d, dijo.<\/p>\n<p>Los funerales de Reuven Morrison, de 62 a\u00f1os, Peter Meagher y el rabino Yaakov Levitan, de 39 a\u00f1os, tambi\u00e9n est\u00e1n programados para este mi\u00e9rcoles.<\/p>\n<p>Horas despu\u00e9s del funeral de Schlanger, el hombre que presuntamente llev\u00f3 a cabo la masacre junto a su padre fue acusado por la polic\u00eda australiana de 59 delitos.<\/p>\n<p>Naveed Akram, de 24 a\u00f1os, fue acusado de 15 cargos de homicidio, 40 cargos de intento de homicidio y otros cargos, incluida la comisi\u00f3n de un acto terrorista, dijo la polic\u00eda este mi\u00e9rcoles.<\/p>\n<p>Sajid Akram, de 50 a\u00f1os, muri\u00f3 a ra\u00edz de disparos propinados por la polic\u00eda, mientras que Naveed recibi\u00f3 un disparo y fue trasladado al hospital. Mal Lanyon, comisionado de polic\u00eda del estado de Nueva Gales del Sur, declar\u00f3 que las autoridades esperaban que recuperara la lucidez para ser imputado tras despertar del coma el martes.<\/p>\n<p>\u201cIntentaremos proceder con \u00e9l en el hospital, desde all\u00ed ser\u00e1 trasladado a un centro penitenciario\u201d, dijo Lanyon.<\/p>\n<p>Las autoridades australianas dicen que los <a href=\"https:\/\/www.cnn.com\/2025\/12\/16\/australia\/bondi-beach-shooting-suspects-intl-hnk-dst\">presuntos atacantes<\/a> estaban motivados por la \u201cideolog\u00eda del Estado Isl\u00e1mico\u201d, y los funcionarios antiterroristas australianos creen que ambos recibieron entrenamiento de estilo militar mientras estaban en el sur de Filipinas el mes pasado, en un \u00e1rea conocida por el extremismo islamista, inform\u00f3 el martes la emisora \u200b\u200bp\u00fablica ABC.<\/p>\n<p>Sajid Akram era propietario de armas con licencia, lo que gener\u00f3 preguntas desde la masacre sobre si las leyes de armas de Australia, ya estrictas y establecidas a nivel estatal, requieren un endurecimiento a\u00fan mayor.<\/p>\n<p>Los l\u00edderes de Nueva Gales del Sur, donde se encuentra S\u00eddney, est\u00e1n redactando una nueva legislaci\u00f3n para endurecer las restricciones, y se est\u00e1 convocando al parlamento estatal para que eval\u00fae antes de las vacaciones de Navidad.<\/p>\n<p>El tiroteo indiscriminado en uno de los d\u00edas m\u00e1s festivos del calendario jud\u00edo <a href=\"https:\/\/www.cnn.com\/2025\/12\/15\/australia\/australia-bondi-beach-shooting-victims-intl-hnk\">se cobr\u00f3 la vida de varias generaciones<\/a>, desde una ni\u00f1a de 10 a\u00f1os hasta un superviviente del Holocausto.<\/p>\n<p>El primer ministro estatal, Chris Minns, anunci\u00f3 este mi\u00e9rcoles que un proyecto de ley limitar\u00eda la cantidad de armas de fuego que una persona puede poseer, reclasificar\u00eda las escopetas de corredera y de tiro recto, reducir\u00eda la capacidad de los cargadores de las escopetas y prohibir\u00eda los cargadores de cinta en las escopetas. El estado tambi\u00e9n impulsar\u00e1 la eliminaci\u00f3n del mecanismo de apelaci\u00f3n una vez que se retire una licencia de armas.<\/p>\n<p>Los funerales se celebran mientras los residentes de Sydney contin\u00faan con una masiva manifestaci\u00f3n de dolor y apoyo, depositando flores y encendiendo velas en el Bondi Pavilion, junto a la playa mundialmente famosa donde ocurri\u00f3 la masacre del domingo.<\/p>\n<p>Esa masacre sigui\u00f3 a una ola de ataques antisemitas en ciudades <a href=\"https:\/\/nam11.safelinks.protection.outlook.com\/?url=https%3A%2F%2Fwww.cnn.com%2Fworld%2Faustralia&#038;data=05%7C02%7Cashley.r.williams%40cnn.com%7Ccb9e5c5819c246a5ce5f08de3b66761a%7C0eb48825e8714459bc72d0ecd68f1f39%7C0%7C0%7C639013508431018125%7CUnknown%7CTWFpbGZsb3d8eyJFbXB0eU1hcGkiOnRydWUsIlYiOiIwLjAuMDAwMCIsIlAiOiJXaW4zMiIsIkFOIjoiTWFpbCIsIldUIjoyfQ%3D%3D%7C0%7C%7C%7C&#038;sdata=sXcGF8CDaOFtj19SDTS5CxAsqVWmr1PXRpjeUVdCSFY%3D&#038;reserved=0\">australianas<\/a>: incendios provocados y vandalismo contra sitios y propiedades jud\u00edas, particularmente a ra\u00edz de la guerra de Israel en Gaza. Los l\u00edderes jud\u00edos de Australia hab\u00edan estado instando al gobierno durante a\u00f1os a hacer m\u00e1s para abordar el creciente antisemitismo en el pa\u00eds.<\/p>\n<p>Albanese declar\u00f3 el mi\u00e9rcoles que quiere erradicar el antisemitismo de la sociedad y que est\u00e1 dispuesto a revisar la legislaci\u00f3n para lograrlo. El primer ministro declar\u00f3 a ABC que es dif\u00edcil legislar contra un odio tan masivo, pero que est\u00e1 dispuesto a actualizar leyes como las leyes australianas contra el discurso de odio y a otorgar a las fuerzas del orden y a las agencias de inteligencia las facultades necesarias.<\/p>\n<p>Otras medidas propuestas por los l\u00edderes estatales incluyen restringir las protestas masivas una vez que se haya declarado una designaci\u00f3n de terrorismo.<\/p>\n<p>En una celebraci\u00f3n de Januc\u00e1 en la Casa Blanca, el presidente de Estados Unidos, Donald Trump, comenz\u00f3 con un mensaje de solidaridad a la comunidad jud\u00eda de Australia.<\/p>\n<p>\u201cAl celebrar la tercera noche de Januc\u00e1\u2026 perm\u00edtanme tomarme un momento para enviar amor y oraciones a toda nuestra naci\u00f3n, al pueblo de Australia y especialmente a todos aquellos afectados por el horrible y antisemita ataque terrorista\u201d, dijo Trump a los asistentes.<\/p>\n<p>En una actualizaci\u00f3n del mi\u00e9rcoles, New South Wales Health dijo que 21 personas heridas en el tiroteo permanecen hospitalizadas, una en estado cr\u00edtico y otras cuatro en estado cr\u00edtico pero estable.<\/p>\n<p>Entre los heridos se encuentra el agente en libertad condicional Jack Hibbert, cuya familia public\u00f3 un comunicado diciendo que el joven de 22 a\u00f1os sufri\u00f3 heridas de bala en la cabeza y el hombro en el ataque, y hab\u00eda perdido la visi\u00f3n de uno de sus ojos.<\/p>\n<p>\u201cAunque sobrevivi\u00f3 milagrosamente, las heridas de Jack provocaron la p\u00e9rdida de la visi\u00f3n en uno de sus ojos y ahora enfrenta una recuperaci\u00f3n larga y desafiante, con cirug\u00edas adicionales necesarias\u201d, dijo la familia.<\/p>\n<p>Hibbert, que solo llevaba cuatro meses en la fuerza policial, \u201crespondi\u00f3 con valent\u00eda, instinto y altruismo, y continu\u00f3 protegiendo y ayudando a otros mientras estaba herido, hasta que f\u00edsicamente ya no pudo hacerlo\u201d, afirma el comunicado.<\/p>\n<p>Tambi\u00e9n se han recibido numerosos homenajes para varios transe\u00fantes que intentaron detener a los atacantes durante el ataque. El martes <a href=\"https:\/\/www.cnn.com\/2025\/12\/16\/world\/bondi-beach-dashcam-couple-gunman-intl\">se difundi\u00f3 un video de una c\u00e1mara de coche que muestra a una pareja de unos 60 a\u00f1os, Boris y Sofia Gurman, arremetiendo contra uno de <\/a><a href=\"https:\/\/www.cnn.com\/2025\/12\/16\/australia\/bondi-beach-shooting-suspects-intl-hnk-dst\">los presuntos<\/a> atacantes . Se puede ver a Boris Gurman forcejeando con el atacante mientras este sale de su coche y le arrebata el arma. Los Gurman, una pareja ruso-jud\u00eda residente en Bondi, murieron en el enfrentamiento.<\/p>\n<p>\u201cEstos son h\u00e9roes australianos\u201d, dijo Albanese.<\/p>\n<p>The-CNN-Wire<br \/>&trade; &amp; &copy; 2025 Cable News Network, Inc., a Warner Bros. Discovery Company. All rights reserved.<\/p>\n","protected":false},"excerpt":{"rendered":"<p>El mi\u00e9rcoles se realizaron los primeros funerales de algunas de las 15 personas murieron en el peor tiroteo masivo ocurrido en Australia en casi tres d\u00e9cadas, mientras la polic\u00eda presentaba cargos de homicidio y terrorismo contra uno de los presuntos atacantes. Se produjeron escenas emotivas fuera del Jabad de Bondi en Sydney, donde una gran [&hellip;]<\/p>\n","protected":false},"author":0,"featured_media":0,"comment_status":"open","ping_status":"open","sticky":false,"template":"","format":"standard","meta":{"_jetpack_memberships_contains_paid_content":false,"footnotes":""},"categories":[10],"tags":[],"class_list":["post-1469332","post","type-post","status-publish","format-standard","hentry","category-noticias-nacionales","market-global"],"yoast_head":"<!-- This site is optimized with the Yoast SEO plugin v24.4 - https:\/\/yoast.com\/wordpress\/plugins\/seo\/ -->\n<title>Comienzan los funerales de las v\u00edctimas de Bondi Beach mientras acusan al presunto atacante de homicidio y terrorismo - Noticias<\/title>\n<meta name=\"robots\" content=\"index, follow, max-snippet:-1, max-image-preview:large, max-video-preview:-1\" \/>\n<link rel=\"canonical\" href=\"https:\/\/noticiasya.com\/2025\/12\/17\/funerales-bondi-terrorismo-sidney-trax\/\" \/>\n<meta property=\"og:locale\" content=\"es_ES\" \/>\n<meta property=\"og:type\" content=\"article\" \/>\n<meta property=\"og:title\" content=\"Comienzan los funerales de las v\u00edctimas de Bondi Beach mientras acusan al presunto atacante de homicidio y terrorismo - Noticias\" \/>\n<meta property=\"og:description\" content=\"El mi\u00e9rcoles se realizaron los primeros funerales de algunas de las 15 personas murieron en el peor tiroteo masivo ocurrido en Australia en casi tres d\u00e9cadas, mientras la polic\u00eda presentaba cargos de homicidio y terrorismo contra uno de los presuntos atacantes. Se produjeron escenas emotivas fuera del Jabad de Bondi en Sydney, donde una gran [&hellip;]\" \/>\n<meta property=\"og:url\" content=\"https:\/\/noticiasya.com\/2025\/12\/17\/funerales-bondi-terrorismo-sidney-trax\/\" \/>\n<meta property=\"og:site_name\" content=\"Noticias\" \/>\n<meta property=\"article:published_time\" content=\"2025-12-17T10:03:51+00:00\" \/>\n<meta name=\"twitter:card\" content=\"summary_large_image\" \/>\n<meta name=\"twitter:label1\" content=\"Est. reading time\" \/>\n\t<meta name=\"twitter:data1\" content=\"6 minutos\" \/>\n<script type=\"application\/ld+json\" class=\"yoast-schema-graph\">{\"@context\":\"https:\/\/schema.org\",\"@graph\":[{\"@type\":\"Article\",\"@id\":\"https:\/\/noticiasya.com\/2025\/12\/17\/funerales-bondi-terrorismo-sidney-trax\/#article\",\"isPartOf\":{\"@id\":\"https:\/\/noticiasya.com\/2025\/12\/17\/funerales-bondi-terrorismo-sidney-trax\/\"},\"author\":{\"name\":\"\",\"@id\":\"\"},\"headline\":\"Comienzan los funerales de las v\u00edctimas de Bondi Beach mientras acusan al presunto atacante de homicidio y terrorismo\",\"datePublished\":\"2025-12-17T10:03:51+00:00\",\"mainEntityOfPage\":{\"@id\":\"https:\/\/noticiasya.com\/2025\/12\/17\/funerales-bondi-terrorismo-sidney-trax\/\"},\"wordCount\":1292,\"commentCount\":0,\"publisher\":{\"@id\":\"https:\/\/noticiasya.com\/#organization\"},\"articleSection\":[\"Noticias Nacionales\"],\"inLanguage\":\"es\",\"potentialAction\":[{\"@type\":\"CommentAction\",\"name\":\"Comment\",\"target\":[\"https:\/\/noticiasya.com\/2025\/12\/17\/funerales-bondi-terrorismo-sidney-trax\/#respond\"]}]},{\"@type\":\"WebPage\",\"@id\":\"https:\/\/noticiasya.com\/2025\/12\/17\/funerales-bondi-terrorismo-sidney-trax\/\",\"url\":\"https:\/\/noticiasya.com\/2025\/12\/17\/funerales-bondi-terrorismo-sidney-trax\/\",\"name\":\"Comienzan los funerales de las v\u00edctimas de Bondi Beach mientras acusan al presunto atacante de homicidio y terrorismo - Noticias\",\"isPartOf\":{\"@id\":\"https:\/\/noticiasya.com\/#website\"},\"datePublished\":\"2025-12-17T10:03:51+00:00\",\"breadcrumb\":{\"@id\":\"https:\/\/noticiasya.com\/2025\/12\/17\/funerales-bondi-terrorismo-sidney-trax\/#breadcrumb\"},\"inLanguage\":\"es\",\"potentialAction\":[{\"@type\":\"ReadAction\",\"target\":[\"https:\/\/noticiasya.com\/2025\/12\/17\/funerales-bondi-terrorismo-sidney-trax\/\"]}]},{\"@type\":\"BreadcrumbList\",\"@id\":\"https:\/\/noticiasya.com\/2025\/12\/17\/funerales-bondi-terrorismo-sidney-trax\/#breadcrumb\",\"itemListElement\":[{\"@type\":\"ListItem\",\"position\":1,\"name\":\"Home\",\"item\":\"https:\/\/noticiasya.com\/\"},{\"@type\":\"ListItem\",\"position\":2,\"name\":\"Comienzan los funerales de las v\u00edctimas de Bondi Beach mientras acusan al presunto atacante de homicidio y terrorismo\"}]},{\"@type\":\"WebSite\",\"@id\":\"https:\/\/noticiasya.com\/#website\",\"url\":\"https:\/\/noticiasya.com\/\",\"name\":\"Noticias\",\"description\":\"Lo que importa\",\"publisher\":{\"@id\":\"https:\/\/noticiasya.com\/#organization\"},\"potentialAction\":[{\"@type\":\"SearchAction\",\"target\":{\"@type\":\"EntryPoint\",\"urlTemplate\":\"https:\/\/noticiasya.com\/?s={search_term_string}\"},\"query-input\":{\"@type\":\"PropertyValueSpecification\",\"valueRequired\":true,\"valueName\":\"search_term_string\"}}],\"inLanguage\":\"es\"},{\"@type\":\"Organization\",\"@id\":\"https:\/\/noticiasya.com\/#organization\",\"name\":\"Noticias\",\"url\":\"https:\/\/noticiasya.com\/\",\"logo\":{\"@type\":\"ImageObject\",\"inLanguage\":\"es\",\"@id\":\"https:\/\/noticiasya.com\/#\/schema\/logo\/image\/\",\"url\":\"https:\/\/noticiasya.com\/wp-content\/uploads\/sites\/22\/2023\/12\/logo-nacional.png\",\"contentUrl\":\"https:\/\/noticiasya.com\/wp-content\/uploads\/sites\/22\/2023\/12\/logo-nacional.png\",\"width\":1801,\"height\":691,\"caption\":\"Noticias\"},\"image\":{\"@id\":\"https:\/\/noticiasya.com\/#\/schema\/logo\/image\/\"}}]}<\/script>\n<!-- \/ Yoast SEO plugin. -->","yoast_head_json":{"title":"Comienzan los funerales de las v\u00edctimas de Bondi Beach mientras acusan al presunto atacante de homicidio y terrorismo - Noticias","robots":{"index":"index","follow":"follow","max-snippet":"max-snippet:-1","max-image-preview":"max-image-preview:large","max-video-preview":"max-video-preview:-1"},"canonical":"https:\/\/noticiasya.com\/2025\/12\/17\/funerales-bondi-terrorismo-sidney-trax\/","og_locale":"es_ES","og_type":"article","og_title":"Comienzan los funerales de las v\u00edctimas de Bondi Beach mientras acusan al presunto atacante de homicidio y terrorismo - Noticias","og_description":"El mi\u00e9rcoles se realizaron los primeros funerales de algunas de las 15 personas murieron en el peor tiroteo masivo ocurrido en Australia en casi tres d\u00e9cadas, mientras la polic\u00eda presentaba cargos de homicidio y terrorismo contra uno de los presuntos atacantes. Se produjeron escenas emotivas fuera del Jabad de Bondi en Sydney, donde una gran [&hellip;]","og_url":"https:\/\/noticiasya.com\/2025\/12\/17\/funerales-bondi-terrorismo-sidney-trax\/","og_site_name":"Noticias","article_published_time":"2025-12-17T10:03:51+00:00","twitter_card":"summary_large_image","twitter_misc":{"Est. reading time":"6 minutos"},"schema":{"@context":"https:\/\/schema.org","@graph":[{"@type":"Article","@id":"https:\/\/noticiasya.com\/2025\/12\/17\/funerales-bondi-terrorismo-sidney-trax\/#article","isPartOf":{"@id":"https:\/\/noticiasya.com\/2025\/12\/17\/funerales-bondi-terrorismo-sidney-trax\/"},"author":{"name":"","@id":""},"headline":"Comienzan los funerales de las v\u00edctimas de Bondi Beach mientras acusan al presunto atacante de homicidio y terrorismo","datePublished":"2025-12-17T10:03:51+00:00","mainEntityOfPage":{"@id":"https:\/\/noticiasya.com\/2025\/12\/17\/funerales-bondi-terrorismo-sidney-trax\/"},"wordCount":1292,"commentCount":0,"publisher":{"@id":"https:\/\/noticiasya.com\/#organization"},"articleSection":["Noticias Nacionales"],"inLanguage":"es","potentialAction":[{"@type":"CommentAction","name":"Comment","target":["https:\/\/noticiasya.com\/2025\/12\/17\/funerales-bondi-terrorismo-sidney-trax\/#respond"]}]},{"@type":"WebPage","@id":"https:\/\/noticiasya.com\/2025\/12\/17\/funerales-bondi-terrorismo-sidney-trax\/","url":"https:\/\/noticiasya.com\/2025\/12\/17\/funerales-bondi-terrorismo-sidney-trax\/","name":"Comienzan los funerales de las v\u00edctimas de Bondi Beach mientras acusan al presunto atacante de homicidio y terrorismo - Noticias","isPartOf":{"@id":"https:\/\/noticiasya.com\/#website"},"datePublished":"2025-12-17T10:03:51+00:00","breadcrumb":{"@id":"https:\/\/noticiasya.com\/2025\/12\/17\/funerales-bondi-terrorismo-sidney-trax\/#breadcrumb"},"inLanguage":"es","potentialAction":[{"@type":"ReadAction","target":["https:\/\/noticiasya.com\/2025\/12\/17\/funerales-bondi-terrorismo-sidney-trax\/"]}]},{"@type":"BreadcrumbList","@id":"https:\/\/noticiasya.com\/2025\/12\/17\/funerales-bondi-terrorismo-sidney-trax\/#breadcrumb","itemListElement":[{"@type":"ListItem","position":1,"name":"Home","item":"https:\/\/noticiasya.com\/"},{"@type":"ListItem","position":2,"name":"Comienzan los funerales de las v\u00edctimas de Bondi Beach mientras acusan al presunto atacante de homicidio y terrorismo"}]},{"@type":"WebSite","@id":"https:\/\/noticiasya.com\/#website","url":"https:\/\/noticiasya.com\/","name":"Noticias","description":"Lo que importa","publisher":{"@id":"https:\/\/noticiasya.com\/#organization"},"potentialAction":[{"@type":"SearchAction","target":{"@type":"EntryPoint","urlTemplate":"https:\/\/noticiasya.com\/?s={search_term_string}"},"query-input":{"@type":"PropertyValueSpecification","valueRequired":true,"valueName":"search_term_string"}}],"inLanguage":"es"},{"@type":"Organization","@id":"https:\/\/noticiasya.com\/#organization","name":"Noticias","url":"https:\/\/noticiasya.com\/","logo":{"@type":"ImageObject","inLanguage":"es","@id":"https:\/\/noticiasya.com\/#\/schema\/logo\/image\/","url":"https:\/\/noticiasya.com\/wp-content\/uploads\/sites\/22\/2023\/12\/logo-nacional.png","contentUrl":"https:\/\/noticiasya.com\/wp-content\/uploads\/sites\/22\/2023\/12\/logo-nacional.png","width":1801,"height":691,"caption":"Noticias"},"image":{"@id":"https:\/\/noticiasya.com\/#\/schema\/logo\/image\/"}}]}},"parsely":{"version":"1.1.0","canonical_url":"https:\/\/noticiasya.com\/midland-odessa\/2025\/12\/17\/funerales-bondi-terrorismo-sidney-trax\/","smart_links":{"inbound":0,"outbound":0},"traffic_boost_suggestions_count":0,"meta":{"@context":"https:\/\/schema.org","@type":"NewsArticle","headline":"Comienzan los funerales de las v\u00edctimas de Bondi Beach mientras acusan al presunto atacante de homicidio y terrorismo","url":"http:\/\/noticiasya.com\/midland-odessa\/2025\/12\/17\/funerales-bondi-terrorismo-sidney-trax\/","mainEntityOfPage":{"@type":"WebPage","@id":"http:\/\/noticiasya.com\/midland-odessa\/2025\/12\/17\/funerales-bondi-terrorismo-sidney-trax\/"},"thumbnailUrl":"","image":{"@type":"ImageObject","url":""},"articleSection":"Noticias Nacionales","author":[],"creator":[],"publisher":{"@type":"Organization","name":"Noticias","logo":""},"keywords":[],"dateCreated":"2025-12-17T10:03:51Z","datePublished":"2025-12-17T10:03:51Z","dateModified":"2025-12-17T10:03:51Z"},"rendered":"<script type=\"application\/ld+json\" class=\"wp-parsely-metadata\">{\"@context\":\"https:\\\/\\\/schema.org\",\"@type\":\"NewsArticle\",\"headline\":\"Comienzan los funerales de las v\\u00edctimas de Bondi Beach mientras acusan al presunto atacante de homicidio y terrorismo\",\"url\":\"http:\\\/\\\/noticiasya.com\\\/midland-odessa\\\/2025\\\/12\\\/17\\\/funerales-bondi-terrorismo-sidney-trax\\\/\",\"mainEntityOfPage\":{\"@type\":\"WebPage\",\"@id\":\"http:\\\/\\\/noticiasya.com\\\/midland-odessa\\\/2025\\\/12\\\/17\\\/funerales-bondi-terrorismo-sidney-trax\\\/\"},\"thumbnailUrl\":\"\",\"image\":{\"@type\":\"ImageObject\",\"url\":\"\"},\"articleSection\":\"Noticias Nacionales\",\"author\":[],\"creator\":[],\"publisher\":{\"@type\":\"Organization\",\"name\":\"Noticias\",\"logo\":\"\"},\"keywords\":[],\"dateCreated\":\"2025-12-17T10:03:51Z\",\"datePublished\":\"2025-12-17T10:03:51Z\",\"dateModified\":\"2025-12-17T10:03:51Z\"}<\/script>","tracker_url":"https:\/\/cdn.parsely.com\/keys\/noticiasya.com\/p.js"},"jetpack_featured_media_url":"","jetpack-related-posts":[{"id":1469267,"url":"https:\/\/noticiasya.com\/midland-odessa\/2025\/12\/15\/bondi-beach-nina-10-anos-sobreviviente-holocausto-trax\/","url_meta":{"origin":1469332,"position":0},"title":"Una ni\u00f1a de 10 a\u00f1os y un sobreviviente del Holocausto \u00bfQui\u00e9nes son las v\u00edctimas del tiroteo en Bondi Beach?","author":"","date":"diciembre 15, 2025","format":false,"excerpt":"Una ni\u00f1a de 10 a\u00f1os, un sobreviviente del Holocausto y un joven ciudadano franc\u00e9s estaban entre al menos 15 personas muertas cuando dos hombres armados abrieron fuego contra familias que celebraban la primera noche de Januc\u00e1 en la famosa playa Bondi de Sydney el domingo, un ataque que la Polic\u00eda\u2026","rel":"","context":"In &quot;Noticias Nacionales&quot;","block_context":{"text":"Noticias Nacionales","link":"https:\/\/noticiasya.com\/midland-odessa\/categoria\/noticias-nacionales"},"img":{"alt_text":"","src":"","width":0,"height":0},"classes":[]},{"id":1460704,"url":"https:\/\/noticiasya.com\/midland-odessa\/2025\/04\/01\/luigi-mangione-pena-de-muerte-justicia-trax\/","url_meta":{"origin":1469332,"position":1},"title":"El Departamento de Justicia de EE.UU. pedir\u00e1 la pena de muerte para Luigi Mangione","author":"","date":"abril 1, 2025","format":false,"excerpt":"La secretaria de Justicia de EE.UU., Pam Bondi, anunci\u00f3 este martes que el Departamento de Justicia solicitar\u00e1 la pena de muerte para Luigi Mangione.Bondi dijo que ordenar\u00e1 al fiscal federal interino para el Distrito Sur de Nueva York, Matthew Podolsky, que solicite la pena de muerte en el caso de\u2026","rel":"","context":"In &quot;Noticias Nacionales&quot;","block_context":{"text":"Noticias Nacionales","link":"https:\/\/noticiasya.com\/midland-odessa\/categoria\/noticias-nacionales"},"img":{"alt_text":"","src":"","width":0,"height":0},"classes":[]},{"id":1469481,"url":"https:\/\/noticiasya.com\/midland-odessa\/2025\/12\/21\/sospechosos-terrorismo-bondi-bombas-ataque-trax\/","url_meta":{"origin":1469332,"position":2},"title":"Sospechosos de terrorismo en Bondi lanzaron bombas sin explotar a la multitud y practicaron tiro antes del ataque","author":"","date":"diciembre 21, 2025","format":false,"excerpt":"El padre y el hijo acusados \u200b\u200bde llevar a cabo el peor ataque terrorista de Australia realizaron un entrenamiento con armas de fuego en un lugar no revelado en el campo, seg\u00fan una supuesta declaraci\u00f3n de hechos publicada por un magistrado el lunes.El documento judicial, que contiene redacciones, incluye im\u00e1genes\u2026","rel":"","context":"In &quot;Noticias Nacionales&quot;","block_context":{"text":"Noticias Nacionales","link":"https:\/\/noticiasya.com\/midland-odessa\/categoria\/noticias-nacionales"},"img":{"alt_text":"","src":"","width":0,"height":0},"classes":[]},{"id":1469271,"url":"https:\/\/noticiasya.com\/midland-odessa\/2025\/12\/15\/tiroteo-sydney-australia-que-paso-trax\/","url_meta":{"origin":1469332,"position":3},"title":"\u00bfQu\u00e9 pas\u00f3 en el tiroteo de Sydney, Australia, en el que murieron 15 personas?","author":"","date":"diciembre 15, 2025","format":false,"excerpt":"Al menos 15 personas murieron el domingo en un atentado terrorista contra la comunidad jud\u00eda que celebraba la primera noche de Januc\u00e1 en la famosa playa Bondi de Sydney.Unas 1.000 personas se hab\u00edan reunido en una zona verde del Parque Archer cuando al menos dos hombres armados abrieron fuego a\u2026","rel":"","context":"In &quot;Noticias Nacionales&quot;","block_context":{"text":"Noticias Nacionales","link":"https:\/\/noticiasya.com\/midland-odessa\/categoria\/noticias-nacionales"},"img":{"alt_text":"","src":"","width":0,"height":0},"classes":[]},{"id":1469510,"url":"https:\/\/noticiasya.com\/midland-odessa\/2025\/12\/23\/bondi-australia-atacantes-solitarios-trax\/","url_meta":{"origin":1469332,"position":4},"title":"La mayor\u00eda de autores de masacres act\u00faan solos. La de Bondi fue una atrocidad inusual entre padre e hijo, afirman expertos","author":"","date":"diciembre 23, 2025","format":false,"excerpt":"Mientras las autoridades investigan los motivos detr\u00e1s del mortal ataque de Bondi Beach la semana pasada, los principales crimin\u00f3logos notan una caracter\u00edstica inusual que diferencia este tiroteo masivo de otros: los presuntos atacantes eran miembros de una familia que se confabularon.Sajid Akram y su hijo Naveed Akram est\u00e1n acusados \u200b\u200bde\u2026","rel":"","context":"In &quot;Noticias Nacionales&quot;","block_context":{"text":"Noticias Nacionales","link":"https:\/\/noticiasya.com\/midland-odessa\/categoria\/noticias-nacionales"},"img":{"alt_text":"","src":"","width":0,"height":0},"classes":[]},{"id":1466830,"url":"https:\/\/noticiasya.com\/midland-odessa\/2025\/09\/25\/bondi-pena-muerte-washington-extender-pais-trax\/","url_meta":{"origin":1469332,"position":5},"title":"Mientras Trump busca la pena de muerte en Washington, Bondi dice que el Gobierno tambi\u00e9n la quiere en todo EE.UU.","author":"","date":"septiembre 25, 2025","format":false,"excerpt":"El presidente de EE.UU. Donald Trump firm\u00f3 este jueves un memorando presidencial para restablecer la pena de muerte en Washington, mientras que la secretaria de Justicia, Pam Bondi, anunci\u00f3 que el Departamento de Justicia tambi\u00e9n buscar\u00e1 la pena de muerte en todo el pa\u00eds.\u201cLa pena de muerte en Washington\u201d, dijo\u2026","rel":"","context":"In &quot;Noticias Nacionales&quot;","block_context":{"text":"Noticias Nacionales","link":"https:\/\/noticiasya.com\/midland-odessa\/categoria\/noticias-nacionales"},"img":{"alt_text":"","src":"","width":0,"height":0},"classes":[]}],"jetpack_sharing_enabled":true,"_links":{"self":[{"href":"https:\/\/noticiasya.com\/midland-odessa\/wp-json\/wp\/v2\/posts\/1469332","targetHints":{"allow":["GET"]}}],"collection":[{"href":"https:\/\/noticiasya.com\/midland-odessa\/wp-json\/wp\/v2\/posts"}],"about":[{"href":"https:\/\/noticiasya.com\/midland-odessa\/wp-json\/wp\/v2\/types\/post"}],"replies":[{"embeddable":true,"href":"https:\/\/noticiasya.com\/midland-odessa\/wp-json\/wp\/v2\/comments?post=1469332"}],"version-history":[{"count":0,"href":"https:\/\/noticiasya.com\/midland-odessa\/wp-json\/wp\/v2\/posts\/1469332\/revisions"}],"wp:attachment":[{"href":"https:\/\/noticiasya.com\/midland-odessa\/wp-json\/wp\/v2\/media?parent=1469332"}],"wp:term":[{"taxonomy":"category","embeddable":true,"href":"https:\/\/noticiasya.com\/midland-odessa\/wp-json\/wp\/v2\/categories?post=1469332"},{"taxonomy":"post_tag","embeddable":true,"href":"https:\/\/noticiasya.com\/midland-odessa\/wp-json\/wp\/v2\/tags?post=1469332"}],"curies":[{"name":"wp","href":"https:\/\/api.w.org\/{rel}","templated":true}]}}