{"id":1469334,"date":"2025-12-17T03:03:47","date_gmt":"2025-12-17T11:03:47","guid":{"rendered":"https:\/\/noticiasya.com\/2025\/12\/17\/5-cosas-17-de-diciembre-de-2025\/"},"modified":"2025-12-17T03:03:47","modified_gmt":"2025-12-17T11:03:47","slug":"5-cosas-17-de-diciembre-de-2025","status":"publish","type":"post","link":"https:\/\/noticiasya.com\/midland-odessa\/2025\/12\/17\/5-cosas-17-de-diciembre-de-2025\/","title":{"rendered":"Las 5 cosas que debes saber este 17 de diciembre: Venezuela, desempleo en EE.UU. y deportados latinoamericanos"},"content":{"rendered":"<p>El desempleo en EE.UU. golpea de manera desproporcionada a los latinos. La presidenta de Honduras denuncia que Juan Orlando Hern\u00e1ndez planifica \u201cun golpe\u201d. \u00bfQui\u00e9nes son las v\u00edctimas del tiroteo en la Universidad de Brown? <em>Esto es lo que debes saber para comenzar el d\u00eda.<\/em> <strong>Primero la verdad.<\/strong><\/p>\n<ul>\n<li><a href=\"https:\/\/nam11.safelinks.protection.outlook.com\/?url=https%3A%2F%2Fedition.cnn.com%2Fnewsletters%2F5-cosas&#038;data=05%7C02%7Cjose.rivera%40cnn.com%7C4bbfd4a7253a4327132808de3d10b74c%7C0eb48825e8714459bc72d0ecd68f1f39%7C0%7C0%7C639015339177445812%7CUnknown%7CTWFpbGZsb3d8eyJFbXB0eU1hcGkiOnRydWUsIlYiOiIwLjAuMDAwMCIsIlAiOiJXaW4zMiIsIkFOIjoiTWFpbCIsIldUIjoyfQ%3D%3D%7C0%7C%7C%7C&#038;sdata=bmjQEAxLd0USKvT48aqPlYRGsaAiU8A1HeByi85R6DA%3D&#038;reserved=0\">Suscr\u00edbete aqu\u00ed para recibir el newsletter cada ma\u00f1ana en tu correo<\/a><\/li>\n<li><a href=\"https:\/\/nam11.safelinks.protection.outlook.com\/?url=https%3A%2F%2Fedition.cnn.com%2Faudio%2Fpodcasts%2F5-cosas&#038;data=05%7C02%7Cjose.rivera%40cnn.com%7C4bbfd4a7253a4327132808de3d10b74c%7C0eb48825e8714459bc72d0ecd68f1f39%7C0%7C0%7C639015339177467568%7CUnknown%7CTWFpbGZsb3d8eyJFbXB0eU1hcGkiOnRydWUsIlYiOiIwLjAuMDAwMCIsIlAiOiJXaW4zMiIsIkFOIjoiTWFpbCIsIldUIjoyfQ%3D%3D%7C0%7C%7C%7C&#038;sdata=MNv3K3rLH%2FS8Sj1539IoHjGOHXUfsDdVXMQdEIGuJk0%3D&#038;reserved=0\">\ud83c\udf99 Escucha las 5 cosas de CNN<\/a><\/li>\n<\/ul>\n<p>El presidente de EE.UU., Donald Trump, dijo el martes que <a href=\"https:\/\/nam11.safelinks.protection.outlook.com\/?url=https%3A%2F%2Fcnnespanol.cnn.com%2F2025%2F12%2F16%2Feeuu%2Ftrump-ordena-bloqueo-petroleros-sancionados-venezuela-trax&#038;data=05%7C02%7Cjose.rivera%40cnn.com%7C4bbfd4a7253a4327132808de3d10b74c%7C0eb48825e8714459bc72d0ecd68f1f39%7C0%7C0%7C639015339177478617%7CUnknown%7CTWFpbGZsb3d8eyJFbXB0eU1hcGkiOnRydWUsIlYiOiIwLjAuMDAwMCIsIlAiOiJXaW4zMiIsIkFOIjoiTWFpbCIsIldUIjoyfQ%3D%3D%7C0%7C%7C%7C&#038;sdata=EG%2BBS8PulD9XYohOjGxWme2ELhGtzd3ikyO%2FT%2BQ0TFY%3D&#038;reserved=0\">orden\u00f3 un \u201cbloqueo total y completo\u201d a los petroleros sancionados que llegan y salen de Venezuela<\/a>. Con la medida, anunciada en una publicaci\u00f3n en Truth Social, el mandatario intensific\u00f3 su ret\u00f3rica contra el Gobierno del presidente de Venezuela, Nicol\u00e1s Maduro.<\/p>\n<ul>\n<li><a href=\"https:\/\/cnnespanol.cnn.com\/2025\/12\/16\/venezuela\/grotesca-amenaza-trump-bloqueo-petroleros-orix\">Venezuela rechaza la \u201cgrotesca amenaza\u201d de Trump tras el anuncio de un bloqueo en el Caribe a petroleros sancionados<\/a><\/li>\n<li><a href=\"https:\/\/nam11.safelinks.protection.outlook.com\/?url=https%3A%2F%2Fcnnespanol.cnn.com%2F2025%2F12%2F16%2Feeuu%2Fataques-botes-eeuu-caribe-pacifico-narco-venezuela-cronologia-orix&#038;data=05%7C02%7Cjose.rivera%40cnn.com%7C4bbfd4a7253a4327132808de3d10b74c%7C0eb48825e8714459bc72d0ecd68f1f39%7C0%7C0%7C639015339177490618%7CUnknown%7CTWFpbGZsb3d8eyJFbXB0eU1hcGkiOnRydWUsIlYiOiIwLjAuMDAwMCIsIlAiOiJXaW4zMiIsIkFOIjoiTWFpbCIsIldUIjoyfQ%3D%3D%7C0%7C%7C%7C&#038;sdata=ey8UaRodpQqZeoV0YNib7jtjy0fsK1c9LMPMAhuDauU%3D&#038;reserved=0\">Una crisis que va en aumento: cronolog\u00eda de los ataques de EE.UU.<\/a><\/li>\n<li><a href=\"https:\/\/nam11.safelinks.protection.outlook.com\/?url=https%3A%2F%2Fcnnespanol.cnn.com%2F2025%2F12%2F16%2Feeuu%2Fno-publicaran-video-doble-ataque-caribe-hegseth-trax&#038;data=05%7C02%7Cjose.rivera%40cnn.com%7C4bbfd4a7253a4327132808de3d10b74c%7C0eb48825e8714459bc72d0ecd68f1f39%7C0%7C0%7C639015339177501724%7CUnknown%7CTWFpbGZsb3d8eyJFbXB0eU1hcGkiOnRydWUsIlYiOiIwLjAuMDAwMCIsIlAiOiJXaW4zMiIsIkFOIjoiTWFpbCIsIldUIjoyfQ%3D%3D%7C0%7C%7C%7C&#038;sdata=GCmK4Kttm0KOpLgVcYu6ZkzdUysl7QTIckk26WZP3%2F8%3D&#038;reserved=0\">Hegseth dice que no difundir\u00e1n entero el video del doble ataque en el Caribe<\/a><\/li>\n<li><a href=\"https:\/\/nam11.safelinks.protection.outlook.com\/?url=https%3A%2F%2Fcnnespanol.cnn.com%2F2025%2F12%2F16%2Feeuu%2Ftrump-decreto-entanilo-arma-destruccion-masiva-trax&#038;data=05%7C02%7Cjose.rivera%40cnn.com%7C4bbfd4a7253a4327132808de3d10b74c%7C0eb48825e8714459bc72d0ecd68f1f39%7C0%7C0%7C639015339177512578%7CUnknown%7CTWFpbGZsb3d8eyJFbXB0eU1hcGkiOnRydWUsIlYiOiIwLjAuMDAwMCIsIlAiOiJXaW4zMiIsIkFOIjoiTWFpbCIsIldUIjoyfQ%3D%3D%7C0%7C%7C%7C&#038;sdata=zLu9wiC2g0XKCwgy9Qj02VhvlcBo9TP7QBCTM3C3PDE%3D&#038;reserved=0\">Trump firma un decreto para clasificar al fentanilo il\u00edcito como \u201carma de destrucci\u00f3n masiva\u201d<\/a><\/li>\n<\/ul>\n<p>En medio de la incertidumbre y las protestas en Honduras tras las elecciones del 30 de noviembre, que a\u00fan no han decidido a un ganador, la presidenta Xiomara Castro denunci\u00f3 que Juan Orlando Hern\u00e1ndez, <a href=\"https:\/\/nam11.safelinks.protection.outlook.com\/?url=https%3A%2F%2Fcnnespanol.cnn.com%2F2025%2F12%2F16%2Flatinoamerica%2Fhonduras-xiomara-castro-juan-orlando-hernandez-denuncia-golpe-orix&#038;data=05%7C02%7Cjose.rivera%40cnn.com%7C4bbfd4a7253a4327132808de3d10b74c%7C0eb48825e8714459bc72d0ecd68f1f39%7C0%7C0%7C639015339177534093%7CUnknown%7CTWFpbGZsb3d8eyJFbXB0eU1hcGkiOnRydWUsIlYiOiIwLjAuMDAwMCIsIlAiOiJXaW4zMiIsIkFOIjoiTWFpbCIsIldUIjoyfQ%3D%3D%7C0%7C%7C%7C&#038;sdata=pFlGnuIslNGOcbLyazyHy%2B%2FI8Ki0iiWiP2lx4OC6W4w%3D&#038;reserved=0\">el exmandatario indultado por Donald Trump, planea \u201cun golpe\u201d en contra de su Gobierno.<\/a> Hern\u00e1ndez lo niega.<\/p>\n<p>En medio de un clima econ\u00f3mico cada vez m\u00e1s tenso en Estados Unidos, los trabajadores latinos padecen un impacto desproporcionado del desempleo frente al promedio nacional, seg\u00fan el m\u00e1s <a href=\"https:\/\/nam11.safelinks.protection.outlook.com\/?url=https%3A%2F%2Fcnnespanol.cnn.com%2F2025%2F12%2F16%2Feeuu%2Fdesempleo-latinos-economia-trump-orix&#038;data=05%7C02%7Cjose.rivera%40cnn.com%7C4bbfd4a7253a4327132808de3d10b74c%7C0eb48825e8714459bc72d0ecd68f1f39%7C0%7C0%7C639015339177545848%7CUnknown%7CTWFpbGZsb3d8eyJFbXB0eU1hcGkiOnRydWUsIlYiOiIwLjAuMDAwMCIsIlAiOiJXaW4zMiIsIkFOIjoiTWFpbCIsIldUIjoyfQ%3D%3D%7C0%7C%7C%7C&#038;sdata=2e8WAK8CAV6JoleAGxONVMB%2Fj4AnWTGuG%2FUrNk7Qgcc%3D&#038;reserved=0\">reciente informe de empleo, correspondiente a noviembre de 2025<\/a>.<\/p>\n<ul>\n<li><a href=\"https:\/\/nam11.safelinks.protection.outlook.com\/?url=https%3A%2F%2Fcnnespanol.cnn.com%2F2025%2F12%2F16%2Feconomia%2Fdesempleo-noviembre-maximo-trax&#038;data=05%7C02%7Cjose.rivera%40cnn.com%7C4bbfd4a7253a4327132808de3d10b74c%7C0eb48825e8714459bc72d0ecd68f1f39%7C0%7C0%7C639015339177561183%7CUnknown%7CTWFpbGZsb3d8eyJFbXB0eU1hcGkiOnRydWUsIlYiOiIwLjAuMDAwMCIsIlAiOiJXaW4zMiIsIkFOIjoiTWFpbCIsIldUIjoyfQ%3D%3D%7C0%7C%7C%7C&#038;sdata=o7ERTrat2AxCsURZ96So7grmRLl4ygKbkl%2F3FqOfpfc%3D&#038;reserved=0\">El desempleo en EE.UU. alcanz\u00f3 su m\u00e1ximo en cuatro a\u00f1os<\/a><\/li>\n<li><a href=\"https:\/\/nam11.safelinks.protection.outlook.com\/?url=https%3A%2F%2Fcnnespanol.cnn.com%2F2025%2F12%2F16%2Feeuu%2Fempleo-inflacion-crisis-asequibilidad-trax&#038;data=05%7C02%7Cjose.rivera%40cnn.com%7C4bbfd4a7253a4327132808de3d10b74c%7C0eb48825e8714459bc72d0ecd68f1f39%7C0%7C0%7C639015339177572356%7CUnknown%7CTWFpbGZsb3d8eyJFbXB0eU1hcGkiOnRydWUsIlYiOiIwLjAuMDAwMCIsIlAiOiJXaW4zMiIsIkFOIjoiTWFpbCIsIldUIjoyfQ%3D%3D%7C0%7C%7C%7C&#038;sdata=0w1vNBj54Pgqrj6qyNEkgy5G0SzxrmtYo1vGW3BZBzs%3D&#038;reserved=0\">La causa de la crisis del costo de vida en EE.UU. acaba de agravarse<\/a><\/li>\n<li><a href=\"https:\/\/cnnespanol.cnn.com\/2025\/12\/16\/eeuu\/vance-sufrimiento-economico-contrasta-trump-trax\">Vance reconoce el impacto del alto costo de vida en los estadounidenses en un discurso que contrasta con el tono de Trump<\/a><\/li>\n<\/ul>\n<p>Uno de los <a href=\"https:\/\/nam11.safelinks.protection.outlook.com\/?url=https%3A%2F%2Fcnnespanol.cnn.com%2F2025%2F12%2F16%2Feeuu%2Fvictimas-tiroteo-masivo-universidad-brown-trax&#038;data=05%7C02%7Cjose.rivera%40cnn.com%7C4bbfd4a7253a4327132808de3d10b74c%7C0eb48825e8714459bc72d0ecd68f1f39%7C0%7C0%7C639015339177583579%7CUnknown%7CTWFpbGZsb3d8eyJFbXB0eU1hcGkiOnRydWUsIlYiOiIwLjAuMDAwMCIsIlAiOiJXaW4zMiIsIkFOIjoiTWFpbCIsIldUIjoyfQ%3D%3D%7C0%7C%7C%7C&#038;sdata=rgKC5tifa8QAmMz4nX2eOlJUmA2oCmbPbc8UWGxUdBs%3D&#038;reserved=0\">dos adolescentes<\/a> que murieron en el tiroteo de la Universidad de Brown, en Rhode Island, era un aspirante a neurocirujano que curs\u00f3 la secundaria en Virginia. La otra v\u00edctima era una joven descrita como una \u201cluz brillante\u201d de una iglesia en Alabama. El campus permanece en vilo mientras el atacante sigue pr\u00f3fugo.<\/p>\n<p>Nick Reiner fue acusado de <a href=\"https:\/\/nam11.safelinks.protection.outlook.com\/?url=https%3A%2F%2Fcnnespanol.cnn.com%2F2025%2F12%2F16%2Feeuu%2Fhomicidio-premeditado-nick-reiner-muerte-rob-reiner-trax&#038;data=05%7C02%7Cjose.rivera%40cnn.com%7C4bbfd4a7253a4327132808de3d10b74c%7C0eb48825e8714459bc72d0ecd68f1f39%7C0%7C0%7C639015339177594788%7CUnknown%7CTWFpbGZsb3d8eyJFbXB0eU1hcGkiOnRydWUsIlYiOiIwLjAuMDAwMCIsIlAiOiJXaW4zMiIsIkFOIjoiTWFpbCIsIldUIjoyfQ%3D%3D%7C0%7C%7C%7C&#038;sdata=cLmOUWOvWsjD2hP7hs9ZlbRUbpHBXDnrCaIgDAzKUxM%3D&#038;reserved=0\">dos cargos de homicidio premeditado en relaci\u00f3n con el mortal apu\u00f1alamiento de sus padres, Michele y Rob Reiner<\/a>, seg\u00fan la Oficina del Fiscal del Distrito del condado de Los \u00c1ngeles. Tambi\u00e9n enfrenta una acusaci\u00f3n especial por supuestamente haber usado un cuchillo.<\/p>\n<p><strong>\u00bfCu\u00e1ntas veces ha ganado Aitana Bonmat\u00ed el premio The Best como mejor futbolista del a\u00f1o?<\/strong><\/p>\n<p>A. 1.<\/p>\n<p>B. 2.<\/p>\n<p>C. 3.<\/p>\n<p>D. 4.<\/p>\n<p>\u2b07\ufe0f <em>Conoce la respuesta m\u00e1s abajo.<\/em><\/p>\n<p><strong>Pel\u00edculas de Argentina, Espa\u00f1a y Brasil, en la preselecci\u00f3n de mejor cinta internacional de los Oscar<\/strong><\/p>\n<p>La Academia de Artes y Ciencias Cinematogr\u00e1ficas anunci\u00f3 las listas previas a la nominaci\u00f3n en enero de varias de las categor\u00edas de los premios Oscar. En la categor\u00eda de mejor pel\u00edcula internacional quedaron en la preselecci\u00f3n<a href=\"https:\/\/nam11.safelinks.protection.outlook.com\/?url=https%3A%2F%2Fcnnespanol.cnn.com%2F2025%2F12%2F16%2Fentretenimiento%2Fpeliculas-lista-previa-internacional-oscar-orix&#038;data=05%7C02%7Cjose.rivera%40cnn.com%7C4bbfd4a7253a4327132808de3d10b74c%7C0eb48825e8714459bc72d0ecd68f1f39%7C0%7C0%7C639015339177606128%7CUnknown%7CTWFpbGZsb3d8eyJFbXB0eU1hcGkiOnRydWUsIlYiOiIwLjAuMDAwMCIsIlAiOiJXaW4zMiIsIkFOIjoiTWFpbCIsIldUIjoyfQ%3D%3D%7C0%7C%7C%7C&#038;sdata=sEtQbKs8vExRHLoxfqfz056qm8oj48dMFO39QtkWjOI%3D&#038;reserved=0\"> la pel\u00edcula argentina \u201cBel\u00e9n\u201d, la brasile\u00f1a \u201cO Agente Secreto\u201d y la espa\u00f1ola \u201cSir\u00e2t\u201d.<\/a><\/p>\n<p><strong>Pron\u00f3stico del tiempo en EE.UU. para Navidad: un cambio de patr\u00f3n meteorol\u00f3gico podr\u00eda derretir la nieve<\/strong><\/p>\n<p>El clima fr\u00edo ha dominado gran parte del norte de Estados Unidos desde el D\u00eda de Acci\u00f3n de Gracias, pero un cambio de patr\u00f3n amenaza co<a href=\"https:\/\/nam11.safelinks.protection.outlook.com\/?url=https%3A%2F%2Fcnnespanol.cnn.com%2F2025%2F12%2F16%2Feeuu%2Fpronostico-tiempo-navidad-eeuu-trax&#038;data=05%7C02%7Cjose.rivera%40cnn.com%7C4bbfd4a7253a4327132808de3d10b74c%7C0eb48825e8714459bc72d0ecd68f1f39%7C0%7C0%7C639015339177617929%7CUnknown%7CTWFpbGZsb3d8eyJFbXB0eU1hcGkiOnRydWUsIlYiOiIwLjAuMDAwMCIsIlAiOiJXaW4zMiIsIkFOIjoiTWFpbCIsIldUIjoyfQ%3D%3D%7C0%7C%7C%7C&#038;sdata=uFmuAm69bW%2FRVEuec0aNDX0i%2F2UX1fkDdROPxXWxoZ8%3D&#038;reserved=0\">n arruinar las posibilidades de una Navidad con nieve para muchas zonas.<\/a><\/p>\n<p><strong>La FIFA rebaja el precio de algunos boletos para el Mundial 2026 a US$ 60 tras el enojo de hinchas en todo el mundo<\/strong><\/p>\n<p>Tras la reacci\u00f3n negativa mundial, la FIFA redujo dr\u00e1sticamente el precio de algunas entradas para la Copa del Mundo de 2026 para los seguidores m\u00e1s fieles de sus equipos. Algunos recibir\u00e1n asientos <a href=\"https:\/\/nam11.safelinks.protection.outlook.com\/?url=https%3A%2F%2Fcnnespanol.cnn.com%2F2025%2F12%2F16%2Fdeportes%2Ffifa-rebaja-precio-boletos-mundial-2026-ap&#038;data=05%7C02%7Cjose.rivera%40cnn.com%7C4bbfd4a7253a4327132808de3d10b74c%7C0eb48825e8714459bc72d0ecd68f1f39%7C0%7C0%7C639015339177629797%7CUnknown%7CTWFpbGZsb3d8eyJFbXB0eU1hcGkiOnRydWUsIlYiOiIwLjAuMDAwMCIsIlAiOiJXaW4zMiIsIkFOIjoiTWFpbCIsIldUIjoyfQ%3D%3D%7C0%7C%7C%7C&#038;sdata=9usZnud0HVFuN4eXyXr9ZbY6b%2BsfU1aZiljEcnd%2BbJo%3D&#038;reserved=0\">por US$ 60 para la final, en lugar de pagar US$ 4.185<\/a>.<\/p>\n<p><strong>200.000 <\/strong><\/p>\n<p>Hubo al menos 200.000 deportados latinoamericanos en 10 meses: <a href=\"https:\/\/nam11.safelinks.protection.outlook.com\/?url=https%3A%2F%2Fcnnespanol.cnn.com%2F2025%2F12%2F16%2Flatinoamerica%2Fdeportados-latinoamericanos-trump-orix&#038;data=05%7C02%7Cjose.rivera%40cnn.com%7C4bbfd4a7253a4327132808de3d10b74c%7C0eb48825e8714459bc72d0ecd68f1f39%7C0%7C0%7C639015339177641451%7CUnknown%7CTWFpbGZsb3d8eyJFbXB0eU1hcGkiOnRydWUsIlYiOiIwLjAuMDAwMCIsIlAiOiJXaW4zMiIsIkFOIjoiTWFpbCIsIldUIjoyfQ%3D%3D%7C0%7C%7C%7C&#038;sdata=ZHfP2UNLMpmCN3odAsvIz%2FAqrNPstxJgQNb4zLjZ4T8%3D&#038;reserved=0\">la ofensiva de control inmigratorio de Trump separa familias y afecta al campo.<\/a><\/p>\n<p><strong>\u201c(Trump) tiene la personalidad de un alcoh\u00f3lico\u201d<\/strong><\/p>\n<p><strong>\u2014Lo dijo Susie Wiles, la secretaria general de la Casa Blanca,<\/strong> al dar una serie de evaluaciones inusualmente <a href=\"https:\/\/nam11.safelinks.protection.outlook.com\/?url=https%3A%2F%2Fcnnespanol.cnn.com%2F2025%2F12%2F16%2Feeuu%2Fsusie-wiles-entrevista-trump-personalidad-alcoholico-trax&#038;data=05%7C02%7Cjose.rivera%40cnn.com%7C4bbfd4a7253a4327132808de3d10b74c%7C0eb48825e8714459bc72d0ecd68f1f39%7C0%7C0%7C639015339177653127%7CUnknown%7CTWFpbGZsb3d8eyJFbXB0eU1hcGkiOnRydWUsIlYiOiIwLjAuMDAwMCIsIlAiOiJXaW4zMiIsIkFOIjoiTWFpbCIsIldUIjoyfQ%3D%3D%7C0%7C%7C%7C&#038;sdata=JPMeP%2FNTY3vlKWCsnK6FI3qmlxKlkNNv225Dfn7%2FiR4%3D&#038;reserved=0\">sinceras y, en ocasiones, poco favorecedoras sobre el presidente en una entrevista a Vanity Fair.<\/a><\/p>\n<p><strong>El divertido entrenamiento del \u00fanico panda marr\u00f3n y blanco en cautiverio<\/strong><\/p>\n<p>En un centro de investigaci\u00f3n en la provincia de Shaanxi, al noroeste de China, Qi Zai, el \u00fanico panda marr\u00f3n y blanco del mundo en cautiverio, <a href=\"https:\/\/nam11.safelinks.protection.outlook.com\/?url=https%3A%2F%2Fcnnespanol.cnn.com%2F2025%2F12%2F16%2Fvideo%2Fvideo%2Fpanda-entrenamiento-cafe-tv&#038;data=05%7C02%7Cjose.rivera%40cnn.com%7C4bbfd4a7253a4327132808de3d10b74c%7C0eb48825e8714459bc72d0ecd68f1f39%7C0%7C0%7C639015339177677811%7CUnknown%7CTWFpbGZsb3d8eyJFbXB0eU1hcGkiOnRydWUsIlYiOiIwLjAuMDAwMCIsIlAiOiJXaW4zMiIsIkFOIjoiTWFpbCIsIldUIjoyfQ%3D%3D%7C0%7C%7C%7C&#038;sdata=zCmvW4ORuseG0oGRzN8wRprtQo3w1q6Ueh4zaVwp8Bc%3D&#038;reserved=0\">realiza su rutina de gimnasia para fortalecer sus patas traseras<\/a>.<\/p>\n<p>\ud83d\udc4b Nos vemos ma\u00f1ana.<\/p>\n<p><strong>\ud83e\udde0 La respuesta del quiz es: C.<\/strong> Aitana Bonmat\u00ed conquist\u00f3 su tercer premio The Best. Lleva <a href=\"https:\/\/nam11.safelinks.protection.outlook.com\/?url=https%3A%2F%2Fcnnespanol.cnn.com%2Fdeportes%2Flive-news%2Fpremios-the-best-fifa-2025-ganadores-orix&#038;data=05%7C02%7Cjose.rivera%40cnn.com%7C4bbfd4a7253a4327132808de3d10b74c%7C0eb48825e8714459bc72d0ecd68f1f39%7C0%7C0%7C639015339177689874%7CUnknown%7CTWFpbGZsb3d8eyJFbXB0eU1hcGkiOnRydWUsIlYiOiIwLjAuMDAwMCIsIlAiOiJXaW4zMiIsIkFOIjoiTWFpbCIsIldUIjoyfQ%3D%3D%7C0%7C%7C%7C&#038;sdata=3qyknVEjJP44RmiU5IrgF7Prmoznv4Vi%2B91aHcxgfd0%3D&#038;reserved=0\">tres a\u00f1os consecutivos ganando el galard\u00f3n de la FIFA.<\/a><\/p>\n<p>The-CNN-Wire<br \/>&trade; &amp; &copy; 2025 Cable News Network, Inc., a Warner Bros. Discovery Company. All rights reserved.<\/p>\n","protected":false},"excerpt":{"rendered":"<p>El desempleo en EE.UU. golpea de manera desproporcionada a los latinos. La presidenta de Honduras denuncia que Juan Orlando Hern\u00e1ndez planifica \u201cun golpe\u201d. \u00bfQui\u00e9nes son las v\u00edctimas del tiroteo en la Universidad de Brown? Esto es lo que debes saber para comenzar el d\u00eda. Primero la verdad. Suscr\u00edbete aqu\u00ed para recibir el newsletter cada ma\u00f1ana [&hellip;]<\/p>\n","protected":false},"author":0,"featured_media":0,"comment_status":"open","ping_status":"open","sticky":false,"template":"","format":"standard","meta":{"_jetpack_memberships_contains_paid_content":false,"footnotes":""},"categories":[10],"tags":[],"class_list":["post-1469334","post","type-post","status-publish","format-standard","hentry","category-noticias-nacionales","market-global"],"yoast_head":"<!-- This site is optimized with the Yoast SEO plugin v24.4 - https:\/\/yoast.com\/wordpress\/plugins\/seo\/ -->\n<title>Las 5 cosas que debes saber este 17 de diciembre: Venezuela, desempleo en EE.UU. y deportados latinoamericanos - Noticias<\/title>\n<meta name=\"robots\" content=\"index, follow, max-snippet:-1, max-image-preview:large, max-video-preview:-1\" \/>\n<link rel=\"canonical\" href=\"https:\/\/noticiasya.com\/2025\/12\/17\/5-cosas-17-de-diciembre-de-2025\/\" \/>\n<meta property=\"og:locale\" content=\"es_ES\" \/>\n<meta property=\"og:type\" content=\"article\" \/>\n<meta property=\"og:title\" content=\"Las 5 cosas que debes saber este 17 de diciembre: Venezuela, desempleo en EE.UU. y deportados latinoamericanos - Noticias\" \/>\n<meta property=\"og:description\" content=\"El desempleo en EE.UU. golpea de manera desproporcionada a los latinos. La presidenta de Honduras denuncia que Juan Orlando Hern\u00e1ndez planifica \u201cun golpe\u201d. \u00bfQui\u00e9nes son las v\u00edctimas del tiroteo en la Universidad de Brown? Esto es lo que debes saber para comenzar el d\u00eda. Primero la verdad. Suscr\u00edbete aqu\u00ed para recibir el newsletter cada ma\u00f1ana [&hellip;]\" \/>\n<meta property=\"og:url\" content=\"https:\/\/noticiasya.com\/2025\/12\/17\/5-cosas-17-de-diciembre-de-2025\/\" \/>\n<meta property=\"og:site_name\" content=\"Noticias\" \/>\n<meta property=\"article:published_time\" content=\"2025-12-17T11:03:47+00:00\" \/>\n<meta name=\"twitter:card\" content=\"summary_large_image\" \/>\n<meta name=\"twitter:label1\" content=\"Est. reading time\" \/>\n\t<meta name=\"twitter:data1\" content=\"4 minutos\" \/>\n<script type=\"application\/ld+json\" class=\"yoast-schema-graph\">{\"@context\":\"https:\/\/schema.org\",\"@graph\":[{\"@type\":\"Article\",\"@id\":\"https:\/\/noticiasya.com\/2025\/12\/17\/5-cosas-17-de-diciembre-de-2025\/#article\",\"isPartOf\":{\"@id\":\"https:\/\/noticiasya.com\/2025\/12\/17\/5-cosas-17-de-diciembre-de-2025\/\"},\"author\":{\"name\":\"\",\"@id\":\"\"},\"headline\":\"Las 5 cosas que debes saber este 17 de diciembre: Venezuela, desempleo en EE.UU. y deportados latinoamericanos\",\"datePublished\":\"2025-12-17T11:03:47+00:00\",\"mainEntityOfPage\":{\"@id\":\"https:\/\/noticiasya.com\/2025\/12\/17\/5-cosas-17-de-diciembre-de-2025\/\"},\"wordCount\":848,\"commentCount\":0,\"publisher\":{\"@id\":\"https:\/\/noticiasya.com\/#organization\"},\"articleSection\":[\"Noticias Nacionales\"],\"inLanguage\":\"es\",\"potentialAction\":[{\"@type\":\"CommentAction\",\"name\":\"Comment\",\"target\":[\"https:\/\/noticiasya.com\/2025\/12\/17\/5-cosas-17-de-diciembre-de-2025\/#respond\"]}]},{\"@type\":\"WebPage\",\"@id\":\"https:\/\/noticiasya.com\/2025\/12\/17\/5-cosas-17-de-diciembre-de-2025\/\",\"url\":\"https:\/\/noticiasya.com\/2025\/12\/17\/5-cosas-17-de-diciembre-de-2025\/\",\"name\":\"Las 5 cosas que debes saber este 17 de diciembre: Venezuela, desempleo en EE.UU. y deportados latinoamericanos - Noticias\",\"isPartOf\":{\"@id\":\"https:\/\/noticiasya.com\/#website\"},\"datePublished\":\"2025-12-17T11:03:47+00:00\",\"breadcrumb\":{\"@id\":\"https:\/\/noticiasya.com\/2025\/12\/17\/5-cosas-17-de-diciembre-de-2025\/#breadcrumb\"},\"inLanguage\":\"es\",\"potentialAction\":[{\"@type\":\"ReadAction\",\"target\":[\"https:\/\/noticiasya.com\/2025\/12\/17\/5-cosas-17-de-diciembre-de-2025\/\"]}]},{\"@type\":\"BreadcrumbList\",\"@id\":\"https:\/\/noticiasya.com\/2025\/12\/17\/5-cosas-17-de-diciembre-de-2025\/#breadcrumb\",\"itemListElement\":[{\"@type\":\"ListItem\",\"position\":1,\"name\":\"Home\",\"item\":\"https:\/\/noticiasya.com\/\"},{\"@type\":\"ListItem\",\"position\":2,\"name\":\"Las 5 cosas que debes saber este 17 de diciembre: Venezuela, desempleo en EE.UU. y deportados latinoamericanos\"}]},{\"@type\":\"WebSite\",\"@id\":\"https:\/\/noticiasya.com\/#website\",\"url\":\"https:\/\/noticiasya.com\/\",\"name\":\"Noticias\",\"description\":\"Lo que importa\",\"publisher\":{\"@id\":\"https:\/\/noticiasya.com\/#organization\"},\"potentialAction\":[{\"@type\":\"SearchAction\",\"target\":{\"@type\":\"EntryPoint\",\"urlTemplate\":\"https:\/\/noticiasya.com\/?s={search_term_string}\"},\"query-input\":{\"@type\":\"PropertyValueSpecification\",\"valueRequired\":true,\"valueName\":\"search_term_string\"}}],\"inLanguage\":\"es\"},{\"@type\":\"Organization\",\"@id\":\"https:\/\/noticiasya.com\/#organization\",\"name\":\"Noticias\",\"url\":\"https:\/\/noticiasya.com\/\",\"logo\":{\"@type\":\"ImageObject\",\"inLanguage\":\"es\",\"@id\":\"https:\/\/noticiasya.com\/#\/schema\/logo\/image\/\",\"url\":\"https:\/\/noticiasya.com\/wp-content\/uploads\/sites\/22\/2023\/12\/logo-nacional.png\",\"contentUrl\":\"https:\/\/noticiasya.com\/wp-content\/uploads\/sites\/22\/2023\/12\/logo-nacional.png\",\"width\":1801,\"height\":691,\"caption\":\"Noticias\"},\"image\":{\"@id\":\"https:\/\/noticiasya.com\/#\/schema\/logo\/image\/\"}}]}<\/script>\n<!-- \/ Yoast SEO plugin. -->","yoast_head_json":{"title":"Las 5 cosas que debes saber este 17 de diciembre: Venezuela, desempleo en EE.UU. y deportados latinoamericanos - Noticias","robots":{"index":"index","follow":"follow","max-snippet":"max-snippet:-1","max-image-preview":"max-image-preview:large","max-video-preview":"max-video-preview:-1"},"canonical":"https:\/\/noticiasya.com\/2025\/12\/17\/5-cosas-17-de-diciembre-de-2025\/","og_locale":"es_ES","og_type":"article","og_title":"Las 5 cosas que debes saber este 17 de diciembre: Venezuela, desempleo en EE.UU. y deportados latinoamericanos - Noticias","og_description":"El desempleo en EE.UU. golpea de manera desproporcionada a los latinos. La presidenta de Honduras denuncia que Juan Orlando Hern\u00e1ndez planifica \u201cun golpe\u201d. \u00bfQui\u00e9nes son las v\u00edctimas del tiroteo en la Universidad de Brown? Esto es lo que debes saber para comenzar el d\u00eda. Primero la verdad. Suscr\u00edbete aqu\u00ed para recibir el newsletter cada ma\u00f1ana [&hellip;]","og_url":"https:\/\/noticiasya.com\/2025\/12\/17\/5-cosas-17-de-diciembre-de-2025\/","og_site_name":"Noticias","article_published_time":"2025-12-17T11:03:47+00:00","twitter_card":"summary_large_image","twitter_misc":{"Est. reading time":"4 minutos"},"schema":{"@context":"https:\/\/schema.org","@graph":[{"@type":"Article","@id":"https:\/\/noticiasya.com\/2025\/12\/17\/5-cosas-17-de-diciembre-de-2025\/#article","isPartOf":{"@id":"https:\/\/noticiasya.com\/2025\/12\/17\/5-cosas-17-de-diciembre-de-2025\/"},"author":{"name":"","@id":""},"headline":"Las 5 cosas que debes saber este 17 de diciembre: Venezuela, desempleo en EE.UU. y deportados latinoamericanos","datePublished":"2025-12-17T11:03:47+00:00","mainEntityOfPage":{"@id":"https:\/\/noticiasya.com\/2025\/12\/17\/5-cosas-17-de-diciembre-de-2025\/"},"wordCount":848,"commentCount":0,"publisher":{"@id":"https:\/\/noticiasya.com\/#organization"},"articleSection":["Noticias Nacionales"],"inLanguage":"es","potentialAction":[{"@type":"CommentAction","name":"Comment","target":["https:\/\/noticiasya.com\/2025\/12\/17\/5-cosas-17-de-diciembre-de-2025\/#respond"]}]},{"@type":"WebPage","@id":"https:\/\/noticiasya.com\/2025\/12\/17\/5-cosas-17-de-diciembre-de-2025\/","url":"https:\/\/noticiasya.com\/2025\/12\/17\/5-cosas-17-de-diciembre-de-2025\/","name":"Las 5 cosas que debes saber este 17 de diciembre: Venezuela, desempleo en EE.UU. y deportados latinoamericanos - Noticias","isPartOf":{"@id":"https:\/\/noticiasya.com\/#website"},"datePublished":"2025-12-17T11:03:47+00:00","breadcrumb":{"@id":"https:\/\/noticiasya.com\/2025\/12\/17\/5-cosas-17-de-diciembre-de-2025\/#breadcrumb"},"inLanguage":"es","potentialAction":[{"@type":"ReadAction","target":["https:\/\/noticiasya.com\/2025\/12\/17\/5-cosas-17-de-diciembre-de-2025\/"]}]},{"@type":"BreadcrumbList","@id":"https:\/\/noticiasya.com\/2025\/12\/17\/5-cosas-17-de-diciembre-de-2025\/#breadcrumb","itemListElement":[{"@type":"ListItem","position":1,"name":"Home","item":"https:\/\/noticiasya.com\/"},{"@type":"ListItem","position":2,"name":"Las 5 cosas que debes saber este 17 de diciembre: Venezuela, desempleo en EE.UU. y deportados latinoamericanos"}]},{"@type":"WebSite","@id":"https:\/\/noticiasya.com\/#website","url":"https:\/\/noticiasya.com\/","name":"Noticias","description":"Lo que importa","publisher":{"@id":"https:\/\/noticiasya.com\/#organization"},"potentialAction":[{"@type":"SearchAction","target":{"@type":"EntryPoint","urlTemplate":"https:\/\/noticiasya.com\/?s={search_term_string}"},"query-input":{"@type":"PropertyValueSpecification","valueRequired":true,"valueName":"search_term_string"}}],"inLanguage":"es"},{"@type":"Organization","@id":"https:\/\/noticiasya.com\/#organization","name":"Noticias","url":"https:\/\/noticiasya.com\/","logo":{"@type":"ImageObject","inLanguage":"es","@id":"https:\/\/noticiasya.com\/#\/schema\/logo\/image\/","url":"https:\/\/noticiasya.com\/wp-content\/uploads\/sites\/22\/2023\/12\/logo-nacional.png","contentUrl":"https:\/\/noticiasya.com\/wp-content\/uploads\/sites\/22\/2023\/12\/logo-nacional.png","width":1801,"height":691,"caption":"Noticias"},"image":{"@id":"https:\/\/noticiasya.com\/#\/schema\/logo\/image\/"}}]}},"parsely":{"version":"1.1.0","canonical_url":"https:\/\/noticiasya.com\/midland-odessa\/2025\/12\/17\/5-cosas-17-de-diciembre-de-2025\/","smart_links":{"inbound":0,"outbound":0},"traffic_boost_suggestions_count":0,"meta":{"@context":"https:\/\/schema.org","@type":"NewsArticle","headline":"Las 5 cosas que debes saber este 17 de diciembre: Venezuela, desempleo en EE.UU. y deportados latinoamericanos","url":"http:\/\/noticiasya.com\/midland-odessa\/2025\/12\/17\/5-cosas-17-de-diciembre-de-2025\/","mainEntityOfPage":{"@type":"WebPage","@id":"http:\/\/noticiasya.com\/midland-odessa\/2025\/12\/17\/5-cosas-17-de-diciembre-de-2025\/"},"thumbnailUrl":"","image":{"@type":"ImageObject","url":""},"articleSection":"Noticias Nacionales","author":[],"creator":[],"publisher":{"@type":"Organization","name":"Noticias","logo":""},"keywords":[],"dateCreated":"2025-12-17T11:03:47Z","datePublished":"2025-12-17T11:03:47Z","dateModified":"2025-12-17T11:03:47Z"},"rendered":"<script type=\"application\/ld+json\" class=\"wp-parsely-metadata\">{\"@context\":\"https:\\\/\\\/schema.org\",\"@type\":\"NewsArticle\",\"headline\":\"Las 5 cosas que debes saber este 17 de diciembre: Venezuela, desempleo en EE.UU. y deportados latinoamericanos\",\"url\":\"http:\\\/\\\/noticiasya.com\\\/midland-odessa\\\/2025\\\/12\\\/17\\\/5-cosas-17-de-diciembre-de-2025\\\/\",\"mainEntityOfPage\":{\"@type\":\"WebPage\",\"@id\":\"http:\\\/\\\/noticiasya.com\\\/midland-odessa\\\/2025\\\/12\\\/17\\\/5-cosas-17-de-diciembre-de-2025\\\/\"},\"thumbnailUrl\":\"\",\"image\":{\"@type\":\"ImageObject\",\"url\":\"\"},\"articleSection\":\"Noticias Nacionales\",\"author\":[],\"creator\":[],\"publisher\":{\"@type\":\"Organization\",\"name\":\"Noticias\",\"logo\":\"\"},\"keywords\":[],\"dateCreated\":\"2025-12-17T11:03:47Z\",\"datePublished\":\"2025-12-17T11:03:47Z\",\"dateModified\":\"2025-12-17T11:03:47Z\"}<\/script>","tracker_url":"https:\/\/cdn.parsely.com\/keys\/noticiasya.com\/p.js"},"jetpack_featured_media_url":"","jetpack-related-posts":[{"id":1469302,"url":"https:\/\/noticiasya.com\/midland-odessa\/2025\/12\/16\/desempleo-noviembre-maximo-trax\/","url_meta":{"origin":1469334,"position":0},"title":"La tasa de desempleo alcanz\u00f3 en noviembre su m\u00e1ximo en cuatro a\u00f1os en EE.UU.","author":"","date":"diciembre 16, 2025","format":false,"excerpt":"El desempleo alcanz\u00f3 su m\u00e1ximo en cuatro a\u00f1os, el 4,6 % en noviembre, y la econom\u00eda cre\u00f3 64.000 empleos, seg\u00fan mostraron nuevos datos de la Oficina de Estad\u00edsticas Laborales de EE.UU., este martes.El total de empleos del mes pasado se produjo tras una p\u00e9rdida de 105.000 puestos de trabajo en\u2026","rel":"","context":"In &quot;Noticias Nacionales&quot;","block_context":{"text":"Noticias Nacionales","link":"https:\/\/noticiasya.com\/midland-odessa\/categoria\/noticias-nacionales"},"img":{"alt_text":"","src":"","width":0,"height":0},"classes":[]},{"id":1467746,"url":"https:\/\/noticiasya.com\/midland-odessa\/2025\/10\/25\/empleados-suspendidos-sin-sueldo-beneficios-desempleo-trax\/","url_meta":{"origin":1469334,"position":1},"title":"Empleados federales suspendidos sin goce de sueldo por el cierre del Gobierno solicitan beneficios por desempleo","author":"","date":"octubre 25, 2025","format":false,"excerpt":"Justo despu\u00e9s de activar su correo electr\u00f3nico de fuera de la oficina el 1 de octubre, una trabajadora suspendida sin goce de sueldo del Departamento de Agricultura de EE.UU. (USDA, por sus siglas en ingl\u00e9s) solicit\u00f3 beneficios de desempleo para ayudarla a pagar comida, alquiler y otras necesidades durante el\u2026","rel":"","context":"In &quot;Noticias Nacionales&quot;","block_context":{"text":"Noticias Nacionales","link":"https:\/\/noticiasya.com\/midland-odessa\/categoria\/noticias-nacionales"},"img":{"alt_text":"","src":"","width":0,"height":0},"classes":[]},{"id":1464214,"url":"https:\/\/noticiasya.com\/midland-odessa\/2025\/07\/04\/5-cosas-4-julio-orix\/","url_meta":{"origin":1469334,"position":2},"title":"Las 5 cosas que debes saber este 4 de julio: Megaproyecto de ley de Trump, ICE y Julio C\u00e9sar Ch\u00e1vez Jr.","author":"","date":"julio 4, 2025","format":false,"excerpt":"ICE detiene al boxeador mexicano Julio C\u00e9sar Ch\u00e1vez Jr. Lo que debes saber sobre los registros biom\u00e9tricos contemplados en pol\u00e9mica reforma mexicana. \u00bfQu\u00e9 pas\u00f3 con el inmigrante cubano que falleci\u00f3 bajo custodia de ICE? Esto es lo que debes saber para comenzar el d\u00eda. Primero la verdad.Suscr\u00edbete aqu\u00ed para recibir\u2026","rel":"","context":"In &quot;Noticias Nacionales&quot;","block_context":{"text":"Noticias Nacionales","link":"https:\/\/noticiasya.com\/midland-odessa\/categoria\/noticias-nacionales"},"img":{"alt_text":"","src":"","width":0,"height":0},"classes":[]},{"id":1469522,"url":"https:\/\/noticiasya.com\/midland-odessa\/2025\/12\/23\/trump-tasa-de-desempleo-trax\/","url_meta":{"origin":1469334,"position":3},"title":"La larga y tortuosa relaci\u00f3n de Trump con la tasa de desempleo acaba de empeorar","author":"","date":"diciembre 23, 2025","format":false,"excerpt":"Cuando los datos de empleo o inflaci\u00f3n contradicen la narrativa econ\u00f3mica preferida del presidente Donald Trump, \u00e9l suele ofrecer estad\u00edsticas alternativas para mostrar la econom\u00eda bajo una luz m\u00e1s positiva. Pero el \u00faltimo intento de Trump pide a los estadounidenses que acepten una l\u00f3gica desconcertante.Despu\u00e9s de que la tasa de\u2026","rel":"","context":"In &quot;Noticias Nacionales&quot;","block_context":{"text":"Noticias Nacionales","link":"https:\/\/noticiasya.com\/midland-odessa\/categoria\/noticias-nacionales"},"img":{"alt_text":"","src":"","width":0,"height":0},"classes":[]},{"id":1452181,"url":"https:\/\/noticiasya.com\/midland-odessa\/2024\/08\/26\/puerto-rico-fraude-asistencia-desempleo-pandemia-orix\/","url_meta":{"origin":1469334,"position":4},"title":"Fiscal\u00eda en Puerto Rico acusa a 32 personas de fraude con el programa de asistencia por desempleo durante la pandemia","author":"","date":"agosto 26, 2024","format":false,"excerpt":"(CNN Espa\u00f1ol) \u2013\u2013 En Puerto Rico, 32 personas fueron acusadas por autoridades federales por su presunta participaci\u00f3n en un fraude para obtener beneficios del programa de Asistencia por Desempleo Pand\u00e9mico (PUA, por sus siglas en ingl\u00e9s) durante la pandemia de covid-19 por un total de US$ 981.071, inform\u00f3 en un\u2026","rel":"","context":"In &quot;Noticias Nacionales&quot;","block_context":{"text":"Noticias Nacionales","link":"https:\/\/noticiasya.com\/midland-odessa\/categoria\/noticias-nacionales"},"img":{"alt_text":"","src":"","width":0,"height":0},"classes":[]},{"id":1468570,"url":"https:\/\/noticiasya.com\/midland-odessa\/2025\/11\/21\/5-cosas-21-de-noviembre-orix\/","url_meta":{"origin":1469334,"position":5},"title":"Las 5 cosas que debes saber este 21 de noviembre: econom\u00eda en EE.UU., estatus migratorio y pintura de Frida Kahlo","author":"","date":"noviembre 21, 2025","format":false,"excerpt":"El otro gran problema de Trump. Gobierno de Colombia niega apoyar una salida negociada de Maduro. \u00bfPor qu\u00e9 es tan dif\u00edcil regularizar el estatus para los inmigrantes que llevan d\u00e9cadas viviendo en EE.UU.? Esto es lo que debes saber para comenzar el d\u00eda. Primero la verdad.Suscr\u00edbete aqu\u00ed para recibir el\u2026","rel":"","context":"In &quot;Noticias Nacionales&quot;","block_context":{"text":"Noticias Nacionales","link":"https:\/\/noticiasya.com\/midland-odessa\/categoria\/noticias-nacionales"},"img":{"alt_text":"","src":"","width":0,"height":0},"classes":[]}],"jetpack_sharing_enabled":true,"_links":{"self":[{"href":"https:\/\/noticiasya.com\/midland-odessa\/wp-json\/wp\/v2\/posts\/1469334","targetHints":{"allow":["GET"]}}],"collection":[{"href":"https:\/\/noticiasya.com\/midland-odessa\/wp-json\/wp\/v2\/posts"}],"about":[{"href":"https:\/\/noticiasya.com\/midland-odessa\/wp-json\/wp\/v2\/types\/post"}],"replies":[{"embeddable":true,"href":"https:\/\/noticiasya.com\/midland-odessa\/wp-json\/wp\/v2\/comments?post=1469334"}],"version-history":[{"count":0,"href":"https:\/\/noticiasya.com\/midland-odessa\/wp-json\/wp\/v2\/posts\/1469334\/revisions"}],"wp:attachment":[{"href":"https:\/\/noticiasya.com\/midland-odessa\/wp-json\/wp\/v2\/media?parent=1469334"}],"wp:term":[{"taxonomy":"category","embeddable":true,"href":"https:\/\/noticiasya.com\/midland-odessa\/wp-json\/wp\/v2\/categories?post=1469334"},{"taxonomy":"post_tag","embeddable":true,"href":"https:\/\/noticiasya.com\/midland-odessa\/wp-json\/wp\/v2\/tags?post=1469334"}],"curies":[{"name":"wp","href":"https:\/\/api.w.org\/{rel}","templated":true}]}}