{"id":1469339,"date":"2025-12-17T06:03:40","date_gmt":"2025-12-17T14:03:40","guid":{"rendered":"https:\/\/noticiasya.com\/2025\/12\/17\/maria-corina-machado-deja-oslo-venezuela-premio-nobel-paz-orix\/"},"modified":"2025-12-17T06:03:40","modified_gmt":"2025-12-17T14:03:40","slug":"maria-corina-machado-deja-oslo-venezuela-premio-nobel-paz-orix","status":"publish","type":"post","link":"https:\/\/noticiasya.com\/midland-odessa\/2025\/12\/17\/maria-corina-machado-deja-oslo-venezuela-premio-nobel-paz-orix\/","title":{"rendered":"La ganadora del Premio Nobel de la Paz Mar\u00eda Corina Machado dej\u00f3 Oslo, seg\u00fan su equipo"},"content":{"rendered":"<p>Mar\u00eda Corina Machado ya no est\u00e1 <a href=\"https:\/\/cnnespanol.cnn.com\/2025\/12\/15\/venezuela\/maria-corina-machado-nobel-fractura-venezuela-oslo-orix\">en la ciudad de Oslo<\/a>, confirm\u00f3 en su cuenta de X Pedro Urruchurtu Noselli, coordinador de relaciones internaciones de la ganadora del Premio Nobel de la Paz.<\/p>\n<p>\u201cSe encuentra bien y durante estos d\u00edas est\u00e1 atendiendo citas m\u00e9dicas con un especialista en funci\u00f3n de su pronta y total recuperaci\u00f3n. Como ha confirmado el Primer Ministro de Noruega, ya no est\u00e1 en la ciudad de Oslo\u201d, dice la publicaci\u00f3n en la red social. CNN intenta averiguar a d\u00f3nde viaj\u00f3 Machado.<\/p>\n<p>Machado se est\u00e1 recuperando de una fractura de v\u00e9rtebra que sufri\u00f3 durante su compleja traves\u00eda para dejar Venezuela y viajar a Noruega a recibir el galard\u00f3n, la semana pasada.<\/p>\n<p>La l\u00edder opositora, una de las voces m\u00e1s cr\u00edticas del mandatario venezolano Nicol\u00e1s Maduro, estuvo once meses viviendo en la clandestinidad en Venezuela por temor ante los riesgos que pod\u00edan correr su vida y su libertad.<\/p>\n<p>Pero la semana pasada dej\u00f3 su refugio para iniciar un viaje dif\u00edcil y peligroso hacia Oslo. Si bien no lleg\u00f3 a la ceremonia del mi\u00e9rcoles pasado por la ma\u00f1ana, en la que su hija recibi\u00f3 el premio en su nombre, s\u00ed se present\u00f3 al d\u00eda siguiente ante el p\u00fablico.<\/p>\n<p>El veterano de las fuerzas especiales de EE.UU., Bryan Stern, fundador de la Fundaci\u00f3n Grey Bull Rescue, cuyo equipo de rescate sac\u00f3 a la laureada con el Nobel de Venezuela, explic\u00f3 a CNN que la extracci\u00f3n dur\u00f3 casi 16 horas, se realiz\u00f3 mayormente de noche y en aguas turbulentas. Luego de una traves\u00eda en bote para llegar a tomar un vuelo, Machado lleg\u00f3 a Noruega el 10 de diciembre. All\u00ed se reuni\u00f3 con su hija e hizo su primera aparici\u00f3n p\u00fablica en casi un a\u00f1o, al saludar a la multitud desde el balc\u00f3n del Gran Hotel de Oslo.<\/p>\n<p>\u201cEn general, esta es la operaci\u00f3n m\u00e1s dif\u00edcil, de mayor perfil y m\u00e1s delicada que hemos realizado\u201d, dijo Stern, quien a\u00f1adi\u00f3 que le suplic\u00f3 a Machado que no regrese a Venezuela.<\/p>\n<p>La galardonada ha dicho anteriormente que su intenci\u00f3n es regresar a su pa\u00eds.<\/p>\n<p>The-CNN-Wire<br \/>&trade; &amp; &copy; 2025 Cable News Network, Inc., a Warner Bros. Discovery Company. All rights reserved.<\/p>\n","protected":false},"excerpt":{"rendered":"<p>Mar\u00eda Corina Machado ya no est\u00e1 en la ciudad de Oslo, confirm\u00f3 en su cuenta de X Pedro Urruchurtu Noselli, coordinador de relaciones internaciones de la ganadora del Premio Nobel de la Paz. \u201cSe encuentra bien y durante estos d\u00edas est\u00e1 atendiendo citas m\u00e9dicas con un especialista en funci\u00f3n de su pronta y total recuperaci\u00f3n. [&hellip;]<\/p>\n","protected":false},"author":0,"featured_media":0,"comment_status":"open","ping_status":"open","sticky":false,"template":"","format":"standard","meta":{"_jetpack_memberships_contains_paid_content":false,"footnotes":""},"categories":[10],"tags":[],"class_list":["post-1469339","post","type-post","status-publish","format-standard","hentry","category-noticias-nacionales","market-global"],"yoast_head":"<!-- This site is optimized with the Yoast SEO plugin v24.4 - https:\/\/yoast.com\/wordpress\/plugins\/seo\/ -->\n<title>La ganadora del Premio Nobel de la Paz Mar\u00eda Corina Machado dej\u00f3 Oslo, seg\u00fan su equipo - Noticias<\/title>\n<meta name=\"robots\" content=\"index, follow, max-snippet:-1, max-image-preview:large, max-video-preview:-1\" \/>\n<link rel=\"canonical\" href=\"https:\/\/noticiasya.com\/2025\/12\/17\/maria-corina-machado-deja-oslo-venezuela-premio-nobel-paz-orix\/\" \/>\n<meta property=\"og:locale\" content=\"es_ES\" \/>\n<meta property=\"og:type\" content=\"article\" \/>\n<meta property=\"og:title\" content=\"La ganadora del Premio Nobel de la Paz Mar\u00eda Corina Machado dej\u00f3 Oslo, seg\u00fan su equipo - Noticias\" \/>\n<meta property=\"og:description\" content=\"Mar\u00eda Corina Machado ya no est\u00e1 en la ciudad de Oslo, confirm\u00f3 en su cuenta de X Pedro Urruchurtu Noselli, coordinador de relaciones internaciones de la ganadora del Premio Nobel de la Paz. \u201cSe encuentra bien y durante estos d\u00edas est\u00e1 atendiendo citas m\u00e9dicas con un especialista en funci\u00f3n de su pronta y total recuperaci\u00f3n. [&hellip;]\" \/>\n<meta property=\"og:url\" content=\"https:\/\/noticiasya.com\/2025\/12\/17\/maria-corina-machado-deja-oslo-venezuela-premio-nobel-paz-orix\/\" \/>\n<meta property=\"og:site_name\" content=\"Noticias\" \/>\n<meta property=\"article:published_time\" content=\"2025-12-17T14:03:40+00:00\" \/>\n<meta name=\"twitter:card\" content=\"summary_large_image\" \/>\n<meta name=\"twitter:label1\" content=\"Est. reading time\" \/>\n\t<meta name=\"twitter:data1\" content=\"2 minutos\" \/>\n<script type=\"application\/ld+json\" class=\"yoast-schema-graph\">{\"@context\":\"https:\/\/schema.org\",\"@graph\":[{\"@type\":\"Article\",\"@id\":\"https:\/\/noticiasya.com\/2025\/12\/17\/maria-corina-machado-deja-oslo-venezuela-premio-nobel-paz-orix\/#article\",\"isPartOf\":{\"@id\":\"https:\/\/noticiasya.com\/2025\/12\/17\/maria-corina-machado-deja-oslo-venezuela-premio-nobel-paz-orix\/\"},\"author\":{\"name\":\"\",\"@id\":\"\"},\"headline\":\"La ganadora del Premio Nobel de la Paz Mar\u00eda Corina Machado dej\u00f3 Oslo, seg\u00fan su equipo\",\"datePublished\":\"2025-12-17T14:03:40+00:00\",\"mainEntityOfPage\":{\"@id\":\"https:\/\/noticiasya.com\/2025\/12\/17\/maria-corina-machado-deja-oslo-venezuela-premio-nobel-paz-orix\/\"},\"wordCount\":408,\"commentCount\":0,\"publisher\":{\"@id\":\"https:\/\/noticiasya.com\/#organization\"},\"articleSection\":[\"Noticias Nacionales\"],\"inLanguage\":\"es\",\"potentialAction\":[{\"@type\":\"CommentAction\",\"name\":\"Comment\",\"target\":[\"https:\/\/noticiasya.com\/2025\/12\/17\/maria-corina-machado-deja-oslo-venezuela-premio-nobel-paz-orix\/#respond\"]}]},{\"@type\":\"WebPage\",\"@id\":\"https:\/\/noticiasya.com\/2025\/12\/17\/maria-corina-machado-deja-oslo-venezuela-premio-nobel-paz-orix\/\",\"url\":\"https:\/\/noticiasya.com\/2025\/12\/17\/maria-corina-machado-deja-oslo-venezuela-premio-nobel-paz-orix\/\",\"name\":\"La ganadora del Premio Nobel de la Paz Mar\u00eda Corina Machado dej\u00f3 Oslo, seg\u00fan su equipo - Noticias\",\"isPartOf\":{\"@id\":\"https:\/\/noticiasya.com\/#website\"},\"datePublished\":\"2025-12-17T14:03:40+00:00\",\"breadcrumb\":{\"@id\":\"https:\/\/noticiasya.com\/2025\/12\/17\/maria-corina-machado-deja-oslo-venezuela-premio-nobel-paz-orix\/#breadcrumb\"},\"inLanguage\":\"es\",\"potentialAction\":[{\"@type\":\"ReadAction\",\"target\":[\"https:\/\/noticiasya.com\/2025\/12\/17\/maria-corina-machado-deja-oslo-venezuela-premio-nobel-paz-orix\/\"]}]},{\"@type\":\"BreadcrumbList\",\"@id\":\"https:\/\/noticiasya.com\/2025\/12\/17\/maria-corina-machado-deja-oslo-venezuela-premio-nobel-paz-orix\/#breadcrumb\",\"itemListElement\":[{\"@type\":\"ListItem\",\"position\":1,\"name\":\"Home\",\"item\":\"https:\/\/noticiasya.com\/\"},{\"@type\":\"ListItem\",\"position\":2,\"name\":\"La ganadora del Premio Nobel de la Paz Mar\u00eda Corina Machado dej\u00f3 Oslo, seg\u00fan su equipo\"}]},{\"@type\":\"WebSite\",\"@id\":\"https:\/\/noticiasya.com\/#website\",\"url\":\"https:\/\/noticiasya.com\/\",\"name\":\"Noticias\",\"description\":\"Lo que importa\",\"publisher\":{\"@id\":\"https:\/\/noticiasya.com\/#organization\"},\"potentialAction\":[{\"@type\":\"SearchAction\",\"target\":{\"@type\":\"EntryPoint\",\"urlTemplate\":\"https:\/\/noticiasya.com\/?s={search_term_string}\"},\"query-input\":{\"@type\":\"PropertyValueSpecification\",\"valueRequired\":true,\"valueName\":\"search_term_string\"}}],\"inLanguage\":\"es\"},{\"@type\":\"Organization\",\"@id\":\"https:\/\/noticiasya.com\/#organization\",\"name\":\"Noticias\",\"url\":\"https:\/\/noticiasya.com\/\",\"logo\":{\"@type\":\"ImageObject\",\"inLanguage\":\"es\",\"@id\":\"https:\/\/noticiasya.com\/#\/schema\/logo\/image\/\",\"url\":\"https:\/\/noticiasya.com\/wp-content\/uploads\/sites\/22\/2023\/12\/logo-nacional.png\",\"contentUrl\":\"https:\/\/noticiasya.com\/wp-content\/uploads\/sites\/22\/2023\/12\/logo-nacional.png\",\"width\":1801,\"height\":691,\"caption\":\"Noticias\"},\"image\":{\"@id\":\"https:\/\/noticiasya.com\/#\/schema\/logo\/image\/\"}}]}<\/script>\n<!-- \/ Yoast SEO plugin. -->","yoast_head_json":{"title":"La ganadora del Premio Nobel de la Paz Mar\u00eda Corina Machado dej\u00f3 Oslo, seg\u00fan su equipo - Noticias","robots":{"index":"index","follow":"follow","max-snippet":"max-snippet:-1","max-image-preview":"max-image-preview:large","max-video-preview":"max-video-preview:-1"},"canonical":"https:\/\/noticiasya.com\/2025\/12\/17\/maria-corina-machado-deja-oslo-venezuela-premio-nobel-paz-orix\/","og_locale":"es_ES","og_type":"article","og_title":"La ganadora del Premio Nobel de la Paz Mar\u00eda Corina Machado dej\u00f3 Oslo, seg\u00fan su equipo - Noticias","og_description":"Mar\u00eda Corina Machado ya no est\u00e1 en la ciudad de Oslo, confirm\u00f3 en su cuenta de X Pedro Urruchurtu Noselli, coordinador de relaciones internaciones de la ganadora del Premio Nobel de la Paz. \u201cSe encuentra bien y durante estos d\u00edas est\u00e1 atendiendo citas m\u00e9dicas con un especialista en funci\u00f3n de su pronta y total recuperaci\u00f3n. [&hellip;]","og_url":"https:\/\/noticiasya.com\/2025\/12\/17\/maria-corina-machado-deja-oslo-venezuela-premio-nobel-paz-orix\/","og_site_name":"Noticias","article_published_time":"2025-12-17T14:03:40+00:00","twitter_card":"summary_large_image","twitter_misc":{"Est. reading time":"2 minutos"},"schema":{"@context":"https:\/\/schema.org","@graph":[{"@type":"Article","@id":"https:\/\/noticiasya.com\/2025\/12\/17\/maria-corina-machado-deja-oslo-venezuela-premio-nobel-paz-orix\/#article","isPartOf":{"@id":"https:\/\/noticiasya.com\/2025\/12\/17\/maria-corina-machado-deja-oslo-venezuela-premio-nobel-paz-orix\/"},"author":{"name":"","@id":""},"headline":"La ganadora del Premio Nobel de la Paz Mar\u00eda Corina Machado dej\u00f3 Oslo, seg\u00fan su equipo","datePublished":"2025-12-17T14:03:40+00:00","mainEntityOfPage":{"@id":"https:\/\/noticiasya.com\/2025\/12\/17\/maria-corina-machado-deja-oslo-venezuela-premio-nobel-paz-orix\/"},"wordCount":408,"commentCount":0,"publisher":{"@id":"https:\/\/noticiasya.com\/#organization"},"articleSection":["Noticias Nacionales"],"inLanguage":"es","potentialAction":[{"@type":"CommentAction","name":"Comment","target":["https:\/\/noticiasya.com\/2025\/12\/17\/maria-corina-machado-deja-oslo-venezuela-premio-nobel-paz-orix\/#respond"]}]},{"@type":"WebPage","@id":"https:\/\/noticiasya.com\/2025\/12\/17\/maria-corina-machado-deja-oslo-venezuela-premio-nobel-paz-orix\/","url":"https:\/\/noticiasya.com\/2025\/12\/17\/maria-corina-machado-deja-oslo-venezuela-premio-nobel-paz-orix\/","name":"La ganadora del Premio Nobel de la Paz Mar\u00eda Corina Machado dej\u00f3 Oslo, seg\u00fan su equipo - Noticias","isPartOf":{"@id":"https:\/\/noticiasya.com\/#website"},"datePublished":"2025-12-17T14:03:40+00:00","breadcrumb":{"@id":"https:\/\/noticiasya.com\/2025\/12\/17\/maria-corina-machado-deja-oslo-venezuela-premio-nobel-paz-orix\/#breadcrumb"},"inLanguage":"es","potentialAction":[{"@type":"ReadAction","target":["https:\/\/noticiasya.com\/2025\/12\/17\/maria-corina-machado-deja-oslo-venezuela-premio-nobel-paz-orix\/"]}]},{"@type":"BreadcrumbList","@id":"https:\/\/noticiasya.com\/2025\/12\/17\/maria-corina-machado-deja-oslo-venezuela-premio-nobel-paz-orix\/#breadcrumb","itemListElement":[{"@type":"ListItem","position":1,"name":"Home","item":"https:\/\/noticiasya.com\/"},{"@type":"ListItem","position":2,"name":"La ganadora del Premio Nobel de la Paz Mar\u00eda Corina Machado dej\u00f3 Oslo, seg\u00fan su equipo"}]},{"@type":"WebSite","@id":"https:\/\/noticiasya.com\/#website","url":"https:\/\/noticiasya.com\/","name":"Noticias","description":"Lo que importa","publisher":{"@id":"https:\/\/noticiasya.com\/#organization"},"potentialAction":[{"@type":"SearchAction","target":{"@type":"EntryPoint","urlTemplate":"https:\/\/noticiasya.com\/?s={search_term_string}"},"query-input":{"@type":"PropertyValueSpecification","valueRequired":true,"valueName":"search_term_string"}}],"inLanguage":"es"},{"@type":"Organization","@id":"https:\/\/noticiasya.com\/#organization","name":"Noticias","url":"https:\/\/noticiasya.com\/","logo":{"@type":"ImageObject","inLanguage":"es","@id":"https:\/\/noticiasya.com\/#\/schema\/logo\/image\/","url":"https:\/\/noticiasya.com\/wp-content\/uploads\/sites\/22\/2023\/12\/logo-nacional.png","contentUrl":"https:\/\/noticiasya.com\/wp-content\/uploads\/sites\/22\/2023\/12\/logo-nacional.png","width":1801,"height":691,"caption":"Noticias"},"image":{"@id":"https:\/\/noticiasya.com\/#\/schema\/logo\/image\/"}}]}},"parsely":{"version":"1.1.0","canonical_url":"https:\/\/noticiasya.com\/midland-odessa\/2025\/12\/17\/maria-corina-machado-deja-oslo-venezuela-premio-nobel-paz-orix\/","smart_links":{"inbound":0,"outbound":0},"traffic_boost_suggestions_count":0,"meta":{"@context":"https:\/\/schema.org","@type":"NewsArticle","headline":"La ganadora del Premio Nobel de la Paz Mar\u00eda Corina Machado dej\u00f3 Oslo, seg\u00fan su equipo","url":"http:\/\/noticiasya.com\/midland-odessa\/2025\/12\/17\/maria-corina-machado-deja-oslo-venezuela-premio-nobel-paz-orix\/","mainEntityOfPage":{"@type":"WebPage","@id":"http:\/\/noticiasya.com\/midland-odessa\/2025\/12\/17\/maria-corina-machado-deja-oslo-venezuela-premio-nobel-paz-orix\/"},"thumbnailUrl":"","image":{"@type":"ImageObject","url":""},"articleSection":"Noticias Nacionales","author":[],"creator":[],"publisher":{"@type":"Organization","name":"Noticias","logo":""},"keywords":[],"dateCreated":"2025-12-17T14:03:40Z","datePublished":"2025-12-17T14:03:40Z","dateModified":"2025-12-17T14:03:40Z"},"rendered":"<script type=\"application\/ld+json\" class=\"wp-parsely-metadata\">{\"@context\":\"https:\\\/\\\/schema.org\",\"@type\":\"NewsArticle\",\"headline\":\"La ganadora del Premio Nobel de la Paz Mar\\u00eda Corina Machado dej\\u00f3 Oslo, seg\\u00fan su equipo\",\"url\":\"http:\\\/\\\/noticiasya.com\\\/midland-odessa\\\/2025\\\/12\\\/17\\\/maria-corina-machado-deja-oslo-venezuela-premio-nobel-paz-orix\\\/\",\"mainEntityOfPage\":{\"@type\":\"WebPage\",\"@id\":\"http:\\\/\\\/noticiasya.com\\\/midland-odessa\\\/2025\\\/12\\\/17\\\/maria-corina-machado-deja-oslo-venezuela-premio-nobel-paz-orix\\\/\"},\"thumbnailUrl\":\"\",\"image\":{\"@type\":\"ImageObject\",\"url\":\"\"},\"articleSection\":\"Noticias Nacionales\",\"author\":[],\"creator\":[],\"publisher\":{\"@type\":\"Organization\",\"name\":\"Noticias\",\"logo\":\"\"},\"keywords\":[],\"dateCreated\":\"2025-12-17T14:03:40Z\",\"datePublished\":\"2025-12-17T14:03:40Z\",\"dateModified\":\"2025-12-17T14:03:40Z\"}<\/script>","tracker_url":"https:\/\/cdn.parsely.com\/keys\/noticiasya.com\/p.js"},"jetpack_featured_media_url":"","jetpack-related-posts":[{"id":1469133,"url":"https:\/\/noticiasya.com\/midland-odessa\/2025\/12\/10\/maria-corina-machado-no-estara-ceremonia-entrega-nobel-paz-efe\/","url_meta":{"origin":1469339,"position":0},"title":"Mar\u00eda Corina Machado no estar\u00e1 en la ceremonia de entrega del Nobel de la Paz en Oslo, afirma director del Instituto Nobel","author":"","date":"diciembre 10, 2025","format":false,"excerpt":"Mar\u00eda Corina Machado no estar\u00e1 este mi\u00e9rcoles en Oslo para recoger el premio de la Paz de este a\u00f1o, confirm\u00f3 a la televisi\u00f3n p\u00fablica noruega NRK el director del Instituto Nobel, Kristian Berg Harpviken.\u201cDesgraciadamente todav\u00eda no est\u00e1 en Noruega y tampoco estar\u00e1 en el escenario del Ayuntamiento de Oslo a\u2026","rel":"","context":"In &quot;Noticias Nacionales&quot;","block_context":{"text":"Noticias Nacionales","link":"https:\/\/noticiasya.com\/midland-odessa\/categoria\/noticias-nacionales"},"img":{"alt_text":"","src":"","width":0,"height":0},"classes":[]},{"id":1469278,"url":"https:\/\/noticiasya.com\/midland-odessa\/2025\/12\/15\/maria-corina-machado-nobel-fractura-venezuela-oslo-orix\/","url_meta":{"origin":1469339,"position":1},"title":"Mar\u00eda Corina Machado sufri\u00f3 fractura de v\u00e9rtebra en su salida de Venezuela a Oslo","author":"","date":"diciembre 15, 2025","format":false,"excerpt":"La ganadora del premio Nobel de la Paz 2025, Mar\u00eda Corina Machado, sufri\u00f3 una fractura en una v\u00e9rtebra en su riesgosa salida de Venezuela. As\u00ed se lo diagnosticaron tras una evaluaci\u00f3n m\u00e9dica en Oslo, confirm\u00f3 a CNN su equipo de prensa.La informaci\u00f3n fue ratificada luego de que el diario noruego\u2026","rel":"","context":"In &quot;Noticias Nacionales&quot;","block_context":{"text":"Noticias Nacionales","link":"https:\/\/noticiasya.com\/midland-odessa\/categoria\/noticias-nacionales"},"img":{"alt_text":"","src":"","width":0,"height":0},"classes":[]},{"id":1469033,"url":"https:\/\/noticiasya.com\/midland-odessa\/2025\/12\/06\/venezolanos-paises-marchan-convocatoria-maria-corina-machado-dias-nobel-paz-orix\/","url_meta":{"origin":1469339,"position":2},"title":"Venezolanos en decenas de pa\u00edses marchan tras convocatoria de Mar\u00eda Corina Machado a pocos d\u00edas de recibir el Nobel de la Paz","author":"","date":"diciembre 6, 2025","format":false,"excerpt":"Venezolanos en distintas partes del mundo acudieron este s\u00e1bado a una Marcha \u201cPor la Paz y la Libertad convocada por la l\u00edder opositora Mar\u00eda Corina Machado, galardonada con el Premio Nobel de la Paz 2025, a pocos d\u00edas de que se lleve a cabo la entrega del prestigioso reconocimiento en\u2026","rel":"","context":"In &quot;Noticias Nacionales&quot;","block_context":{"text":"Noticias Nacionales","link":"https:\/\/noticiasya.com\/midland-odessa\/categoria\/noticias-nacionales"},"img":{"alt_text":"","src":"","width":0,"height":0},"classes":[]},{"id":1467253,"url":"https:\/\/noticiasya.com\/midland-odessa\/2025\/10\/10\/premio-nobel-paz-maria-corina-machado-lider-opositora-venezolana-trax\/","url_meta":{"origin":1469339,"position":3},"title":"Premio Nobel de la Paz para Mar\u00eda Corina Machado, l\u00edder opositora venezolana","author":"","date":"octubre 10, 2025","format":false,"excerpt":"El Premio Nobel de la Paz 2025 fue otorgado a Mar\u00eda Corina Machado por \u201cpromover los derechos democr\u00e1ticos del pueblo de Venezuela\u201d.El Comit\u00e9 Noruego del Nobel afirm\u00f3 que Mar\u00eda Corina Machado hab\u00eda ayudado a \u201cmantener encendida la llama de la democracia frente a una oscuridad creciente\u201d.Al anunciar el premio en\u2026","rel":"","context":"In &quot;Noticias Nacionales&quot;","block_context":{"text":"Noticias Nacionales","link":"https:\/\/noticiasya.com\/midland-odessa\/categoria\/noticias-nacionales"},"img":{"alt_text":"","src":"","width":0,"height":0},"classes":[]},{"id":1469124,"url":"https:\/\/noticiasya.com\/midland-odessa\/2025\/12\/09\/expectativa-corina-machado-oslo-nobel-paz-orox\/","url_meta":{"origin":1469339,"position":4},"title":"&#171;\u00bfHa llegado ya?&#187;: crece la expectativa por Mar\u00eda Corina Machado en la v\u00edspera a la entrega del Nobel de la Paz","author":"","date":"diciembre 9, 2025","format":false,"excerpt":"En el Grand Hotel de Oslo, situado en el centro de la capital de Noruega, la expectativa es constante. El motivo es que este edificio tradicionalmente se convierte en el alojamiento oficial del ganador del premio Nobel de la Paz cuando \u00e9ste llega a la ciudad para recibir el galard\u00f3n.\u2026","rel":"","context":"In &quot;Noticias Nacionales&quot;","block_context":{"text":"Noticias Nacionales","link":"https:\/\/noticiasya.com\/midland-odessa\/categoria\/noticias-nacionales"},"img":{"alt_text":"","src":"","width":0,"height":0},"classes":[]},{"id":1467335,"url":"https:\/\/noticiasya.com\/midland-odessa\/2025\/10\/13\/cierre-embajada-noruega-nobel-machado-orix\/","url_meta":{"origin":1469339,"position":5},"title":"Venezuela cierra su embajada en Noruega tras el premio Nobel de la Paz otorgado a Mar\u00eda Corina Machado","author":"","date":"octubre 13, 2025","format":false,"excerpt":"El Gobierno de Venezuela anunci\u00f3 este lunes el cierre de su embajada en Noruega, d\u00edas despu\u00e9s de que el Comit\u00e9 Noruego le otorgara el premio Nobel de la Paz a la dirigente opositora Mar\u00eda Corina Machado por \u201cpromover los derechos democr\u00e1ticos\u201d.La Canciller\u00eda no hizo menci\u00f3n al premio y explic\u00f3 que\u2026","rel":"","context":"In &quot;Noticias Nacionales&quot;","block_context":{"text":"Noticias Nacionales","link":"https:\/\/noticiasya.com\/midland-odessa\/categoria\/noticias-nacionales"},"img":{"alt_text":"","src":"","width":0,"height":0},"classes":[]}],"jetpack_sharing_enabled":true,"_links":{"self":[{"href":"https:\/\/noticiasya.com\/midland-odessa\/wp-json\/wp\/v2\/posts\/1469339","targetHints":{"allow":["GET"]}}],"collection":[{"href":"https:\/\/noticiasya.com\/midland-odessa\/wp-json\/wp\/v2\/posts"}],"about":[{"href":"https:\/\/noticiasya.com\/midland-odessa\/wp-json\/wp\/v2\/types\/post"}],"replies":[{"embeddable":true,"href":"https:\/\/noticiasya.com\/midland-odessa\/wp-json\/wp\/v2\/comments?post=1469339"}],"version-history":[{"count":0,"href":"https:\/\/noticiasya.com\/midland-odessa\/wp-json\/wp\/v2\/posts\/1469339\/revisions"}],"wp:attachment":[{"href":"https:\/\/noticiasya.com\/midland-odessa\/wp-json\/wp\/v2\/media?parent=1469339"}],"wp:term":[{"taxonomy":"category","embeddable":true,"href":"https:\/\/noticiasya.com\/midland-odessa\/wp-json\/wp\/v2\/categories?post=1469339"},{"taxonomy":"post_tag","embeddable":true,"href":"https:\/\/noticiasya.com\/midland-odessa\/wp-json\/wp\/v2\/tags?post=1469339"}],"curies":[{"name":"wp","href":"https:\/\/api.w.org\/{rel}","templated":true}]}}