{"id":1469342,"date":"2025-12-17T07:03:46","date_gmt":"2025-12-17T15:03:46","guid":{"rendered":"https:\/\/noticiasya.com\/2025\/12\/17\/venezuela-suspension-vuelos-crisis-eeuu-aerolineas-orix\/"},"modified":"2025-12-17T07:03:46","modified_gmt":"2025-12-17T15:03:46","slug":"venezuela-suspension-vuelos-crisis-eeuu-aerolineas-orix","status":"publish","type":"post","link":"https:\/\/noticiasya.com\/midland-odessa\/2025\/12\/17\/venezuela-suspension-vuelos-crisis-eeuu-aerolineas-orix\/","title":{"rendered":"Aerol\u00edneas extienden la suspensi\u00f3n de vuelos a Venezuela. \u00bfCu\u00e1ntas siguen operando en el pa\u00eds?"},"content":{"rendered":"<p>La aerol\u00ednea paname\u00f1a Copa Airlines anunci\u00f3 este martes la extensi\u00f3n de la <a href=\"https:\/\/cnnespanol.cnn.com\/2025\/12\/04\/venezuela\/copa-airlines-vuelos-venezuela-crisis-orix\">suspensi\u00f3n<\/a> teporal de vuelos desde y hacia Caracas hasta el 15 de enero.<\/p>\n<p>Seg\u00fan detallaron desde la empresa en un comunicado, est\u00e1n a la espera de \u201cque la pista principal del Aeropuerto Internacional de Maiquet\u00eda se encuentre nuevamente operativa incluyendo su sistema de aterrizaje por instrumentos\u201d. Copa Airlines suspendi\u00f3, al igual que otras empresas, sus operaciones hace dos semanas ante el aumento de la tensi\u00f3n militar entre Estados Unidos y Venezuela.<\/p>\n<p>En tanto, para satisfacer la alta demanda de la \u00e9poca festiva, Copa inform\u00f3 que \u201cha incrementado su frecuencia de vuelos entre Panam\u00e1 y la ciudad de C\u00facuta, Colombia, fronteriza con el estado de T\u00e1chira en Venezuela\u201d.<\/p>\n<p>En medio de las tensiones entre Venezuela y EE.UU., ya son varias las aerol\u00edneas que extendieron la suspensi\u00f3n de los vuelos al pa\u00eds desde que el pasado 21 de noviembre la Administraci\u00f3n Federal de Aviaci\u00f3n (FAA, en ingl\u00e9s) de EE.UU. instara a \u201cextremar la precauci\u00f3n\u201d al sobrevolar el pa\u00eds y el sur del Caribe ante lo que considera \u201cuna situaci\u00f3n potencialmente peligrosa\u201d en la zona. La situaci\u00f3n se complic\u00f3 a\u00fan m\u00e1s el 29 de noviembre cuando Donald Trump dijo en la red social Truth que el espacio a\u00e9reo de Venezuela permanecer\u00eda cerrado \u201cen su totalidad\u201d.<\/p>\n<p>La aerol\u00ednea espa\u00f1ola Air Europa tambi\u00e9n ampli\u00f3 hasta el 31 de diciembre la suspensi\u00f3n de sus vuelos entre Madrid y Caracas, con lo que se sum\u00f3 a Iberia y Plus Ultra, que ya hab\u00edan anunciado la cancelaci\u00f3n de las operaciones hacia o desde Venezuela hasta la misma fecha.<\/p>\n<p>Las aerol\u00edneas internacionales que conectan Venezuela con el mundo tienen sus licencias suspendidas por orden del Instituto Nacional de Aeron\u00e1utica Civil (INAC) venezolano.<\/p>\n<p>Mientras miles de venezolanos viven en ansiedad e incertidumbre y ven truncada la posibilidad de reunirse con sus familiares para las fiestas, solo las compa\u00f1\u00edas locales Laser, Avior y la estatal Conviasa mantienen sus vuelos.<\/p>\n<p>Este martes, la FAA reiter\u00f3 su advertencia a las aerol\u00edneas comerciales sobre el \u201cempeoramiento de la situaci\u00f3n de seguridad. \u201cLas amenazas podr\u00edan representar un riesgo potencial para las aeronaves a todas las altitudes, incluyendo durante el sobrevuelo, as\u00ed como en las fases de llegada y salida del vuelo\u201d, dice el aviso, que advierte adem\u00e1s que el riesgo podr\u00eda extenderse a los aeropuertos y a las aeronaves en tierra dentro de la regi\u00f3n afectada.<\/p>\n<p>Esto se da en un marco de extrema tensi\u00f3n en el Caribe, con el despliegue militar de Estados Unidos, conflicto al que se sum\u00f3 el anuncio de Trump este martes del \u201cbloqueo total\u201d de barcos petroleros sancionados que salen y entran de Venezuela.<\/p>\n<p>The-CNN-Wire<br \/>&trade; &amp; &copy; 2025 Cable News Network, Inc., a Warner Bros. Discovery Company. All rights reserved.<\/p>\n","protected":false},"excerpt":{"rendered":"<p>La aerol\u00ednea paname\u00f1a Copa Airlines anunci\u00f3 este martes la extensi\u00f3n de la suspensi\u00f3n teporal de vuelos desde y hacia Caracas hasta el 15 de enero. Seg\u00fan detallaron desde la empresa en un comunicado, est\u00e1n a la espera de \u201cque la pista principal del Aeropuerto Internacional de Maiquet\u00eda se encuentre nuevamente operativa incluyendo su sistema de [&hellip;]<\/p>\n","protected":false},"author":0,"featured_media":0,"comment_status":"open","ping_status":"open","sticky":false,"template":"","format":"standard","meta":{"_jetpack_memberships_contains_paid_content":false,"footnotes":""},"categories":[10],"tags":[],"class_list":["post-1469342","post","type-post","status-publish","format-standard","hentry","category-noticias-nacionales","market-global"],"yoast_head":"<!-- This site is optimized with the Yoast SEO plugin v24.4 - https:\/\/yoast.com\/wordpress\/plugins\/seo\/ -->\n<title>Aerol\u00edneas extienden la suspensi\u00f3n de vuelos a Venezuela. \u00bfCu\u00e1ntas siguen operando en el pa\u00eds? - Noticias<\/title>\n<meta name=\"robots\" content=\"index, follow, max-snippet:-1, max-image-preview:large, max-video-preview:-1\" \/>\n<link rel=\"canonical\" href=\"https:\/\/noticiasya.com\/2025\/12\/17\/venezuela-suspension-vuelos-crisis-eeuu-aerolineas-orix\/\" \/>\n<meta property=\"og:locale\" content=\"es_ES\" \/>\n<meta property=\"og:type\" content=\"article\" \/>\n<meta property=\"og:title\" content=\"Aerol\u00edneas extienden la suspensi\u00f3n de vuelos a Venezuela. \u00bfCu\u00e1ntas siguen operando en el pa\u00eds? - Noticias\" \/>\n<meta property=\"og:description\" content=\"La aerol\u00ednea paname\u00f1a Copa Airlines anunci\u00f3 este martes la extensi\u00f3n de la suspensi\u00f3n teporal de vuelos desde y hacia Caracas hasta el 15 de enero. Seg\u00fan detallaron desde la empresa en un comunicado, est\u00e1n a la espera de \u201cque la pista principal del Aeropuerto Internacional de Maiquet\u00eda se encuentre nuevamente operativa incluyendo su sistema de [&hellip;]\" \/>\n<meta property=\"og:url\" content=\"https:\/\/noticiasya.com\/2025\/12\/17\/venezuela-suspension-vuelos-crisis-eeuu-aerolineas-orix\/\" \/>\n<meta property=\"og:site_name\" content=\"Noticias\" \/>\n<meta property=\"article:published_time\" content=\"2025-12-17T15:03:46+00:00\" \/>\n<meta name=\"twitter:card\" content=\"summary_large_image\" \/>\n<meta name=\"twitter:label1\" content=\"Est. reading time\" \/>\n\t<meta name=\"twitter:data1\" content=\"2 minutos\" \/>\n<script type=\"application\/ld+json\" class=\"yoast-schema-graph\">{\"@context\":\"https:\/\/schema.org\",\"@graph\":[{\"@type\":\"Article\",\"@id\":\"https:\/\/noticiasya.com\/2025\/12\/17\/venezuela-suspension-vuelos-crisis-eeuu-aerolineas-orix\/#article\",\"isPartOf\":{\"@id\":\"https:\/\/noticiasya.com\/2025\/12\/17\/venezuela-suspension-vuelos-crisis-eeuu-aerolineas-orix\/\"},\"author\":{\"name\":\"\",\"@id\":\"\"},\"headline\":\"Aerol\u00edneas extienden la suspensi\u00f3n de vuelos a Venezuela. \u00bfCu\u00e1ntas siguen operando en el pa\u00eds?\",\"datePublished\":\"2025-12-17T15:03:46+00:00\",\"mainEntityOfPage\":{\"@id\":\"https:\/\/noticiasya.com\/2025\/12\/17\/venezuela-suspension-vuelos-crisis-eeuu-aerolineas-orix\/\"},\"wordCount\":508,\"commentCount\":0,\"publisher\":{\"@id\":\"https:\/\/noticiasya.com\/#organization\"},\"articleSection\":[\"Noticias Nacionales\"],\"inLanguage\":\"es\",\"potentialAction\":[{\"@type\":\"CommentAction\",\"name\":\"Comment\",\"target\":[\"https:\/\/noticiasya.com\/2025\/12\/17\/venezuela-suspension-vuelos-crisis-eeuu-aerolineas-orix\/#respond\"]}]},{\"@type\":\"WebPage\",\"@id\":\"https:\/\/noticiasya.com\/2025\/12\/17\/venezuela-suspension-vuelos-crisis-eeuu-aerolineas-orix\/\",\"url\":\"https:\/\/noticiasya.com\/2025\/12\/17\/venezuela-suspension-vuelos-crisis-eeuu-aerolineas-orix\/\",\"name\":\"Aerol\u00edneas extienden la suspensi\u00f3n de vuelos a Venezuela. \u00bfCu\u00e1ntas siguen operando en el pa\u00eds? - Noticias\",\"isPartOf\":{\"@id\":\"https:\/\/noticiasya.com\/#website\"},\"datePublished\":\"2025-12-17T15:03:46+00:00\",\"breadcrumb\":{\"@id\":\"https:\/\/noticiasya.com\/2025\/12\/17\/venezuela-suspension-vuelos-crisis-eeuu-aerolineas-orix\/#breadcrumb\"},\"inLanguage\":\"es\",\"potentialAction\":[{\"@type\":\"ReadAction\",\"target\":[\"https:\/\/noticiasya.com\/2025\/12\/17\/venezuela-suspension-vuelos-crisis-eeuu-aerolineas-orix\/\"]}]},{\"@type\":\"BreadcrumbList\",\"@id\":\"https:\/\/noticiasya.com\/2025\/12\/17\/venezuela-suspension-vuelos-crisis-eeuu-aerolineas-orix\/#breadcrumb\",\"itemListElement\":[{\"@type\":\"ListItem\",\"position\":1,\"name\":\"Home\",\"item\":\"https:\/\/noticiasya.com\/\"},{\"@type\":\"ListItem\",\"position\":2,\"name\":\"Aerol\u00edneas extienden la suspensi\u00f3n de vuelos a Venezuela. \u00bfCu\u00e1ntas siguen operando en el pa\u00eds?\"}]},{\"@type\":\"WebSite\",\"@id\":\"https:\/\/noticiasya.com\/#website\",\"url\":\"https:\/\/noticiasya.com\/\",\"name\":\"Noticias\",\"description\":\"Lo que importa\",\"publisher\":{\"@id\":\"https:\/\/noticiasya.com\/#organization\"},\"potentialAction\":[{\"@type\":\"SearchAction\",\"target\":{\"@type\":\"EntryPoint\",\"urlTemplate\":\"https:\/\/noticiasya.com\/?s={search_term_string}\"},\"query-input\":{\"@type\":\"PropertyValueSpecification\",\"valueRequired\":true,\"valueName\":\"search_term_string\"}}],\"inLanguage\":\"es\"},{\"@type\":\"Organization\",\"@id\":\"https:\/\/noticiasya.com\/#organization\",\"name\":\"Noticias\",\"url\":\"https:\/\/noticiasya.com\/\",\"logo\":{\"@type\":\"ImageObject\",\"inLanguage\":\"es\",\"@id\":\"https:\/\/noticiasya.com\/#\/schema\/logo\/image\/\",\"url\":\"https:\/\/noticiasya.com\/wp-content\/uploads\/sites\/22\/2023\/12\/logo-nacional.png\",\"contentUrl\":\"https:\/\/noticiasya.com\/wp-content\/uploads\/sites\/22\/2023\/12\/logo-nacional.png\",\"width\":1801,\"height\":691,\"caption\":\"Noticias\"},\"image\":{\"@id\":\"https:\/\/noticiasya.com\/#\/schema\/logo\/image\/\"}}]}<\/script>\n<!-- \/ Yoast SEO plugin. -->","yoast_head_json":{"title":"Aerol\u00edneas extienden la suspensi\u00f3n de vuelos a Venezuela. \u00bfCu\u00e1ntas siguen operando en el pa\u00eds? - Noticias","robots":{"index":"index","follow":"follow","max-snippet":"max-snippet:-1","max-image-preview":"max-image-preview:large","max-video-preview":"max-video-preview:-1"},"canonical":"https:\/\/noticiasya.com\/2025\/12\/17\/venezuela-suspension-vuelos-crisis-eeuu-aerolineas-orix\/","og_locale":"es_ES","og_type":"article","og_title":"Aerol\u00edneas extienden la suspensi\u00f3n de vuelos a Venezuela. \u00bfCu\u00e1ntas siguen operando en el pa\u00eds? - Noticias","og_description":"La aerol\u00ednea paname\u00f1a Copa Airlines anunci\u00f3 este martes la extensi\u00f3n de la suspensi\u00f3n teporal de vuelos desde y hacia Caracas hasta el 15 de enero. Seg\u00fan detallaron desde la empresa en un comunicado, est\u00e1n a la espera de \u201cque la pista principal del Aeropuerto Internacional de Maiquet\u00eda se encuentre nuevamente operativa incluyendo su sistema de [&hellip;]","og_url":"https:\/\/noticiasya.com\/2025\/12\/17\/venezuela-suspension-vuelos-crisis-eeuu-aerolineas-orix\/","og_site_name":"Noticias","article_published_time":"2025-12-17T15:03:46+00:00","twitter_card":"summary_large_image","twitter_misc":{"Est. reading time":"2 minutos"},"schema":{"@context":"https:\/\/schema.org","@graph":[{"@type":"Article","@id":"https:\/\/noticiasya.com\/2025\/12\/17\/venezuela-suspension-vuelos-crisis-eeuu-aerolineas-orix\/#article","isPartOf":{"@id":"https:\/\/noticiasya.com\/2025\/12\/17\/venezuela-suspension-vuelos-crisis-eeuu-aerolineas-orix\/"},"author":{"name":"","@id":""},"headline":"Aerol\u00edneas extienden la suspensi\u00f3n de vuelos a Venezuela. \u00bfCu\u00e1ntas siguen operando en el pa\u00eds?","datePublished":"2025-12-17T15:03:46+00:00","mainEntityOfPage":{"@id":"https:\/\/noticiasya.com\/2025\/12\/17\/venezuela-suspension-vuelos-crisis-eeuu-aerolineas-orix\/"},"wordCount":508,"commentCount":0,"publisher":{"@id":"https:\/\/noticiasya.com\/#organization"},"articleSection":["Noticias Nacionales"],"inLanguage":"es","potentialAction":[{"@type":"CommentAction","name":"Comment","target":["https:\/\/noticiasya.com\/2025\/12\/17\/venezuela-suspension-vuelos-crisis-eeuu-aerolineas-orix\/#respond"]}]},{"@type":"WebPage","@id":"https:\/\/noticiasya.com\/2025\/12\/17\/venezuela-suspension-vuelos-crisis-eeuu-aerolineas-orix\/","url":"https:\/\/noticiasya.com\/2025\/12\/17\/venezuela-suspension-vuelos-crisis-eeuu-aerolineas-orix\/","name":"Aerol\u00edneas extienden la suspensi\u00f3n de vuelos a Venezuela. \u00bfCu\u00e1ntas siguen operando en el pa\u00eds? - Noticias","isPartOf":{"@id":"https:\/\/noticiasya.com\/#website"},"datePublished":"2025-12-17T15:03:46+00:00","breadcrumb":{"@id":"https:\/\/noticiasya.com\/2025\/12\/17\/venezuela-suspension-vuelos-crisis-eeuu-aerolineas-orix\/#breadcrumb"},"inLanguage":"es","potentialAction":[{"@type":"ReadAction","target":["https:\/\/noticiasya.com\/2025\/12\/17\/venezuela-suspension-vuelos-crisis-eeuu-aerolineas-orix\/"]}]},{"@type":"BreadcrumbList","@id":"https:\/\/noticiasya.com\/2025\/12\/17\/venezuela-suspension-vuelos-crisis-eeuu-aerolineas-orix\/#breadcrumb","itemListElement":[{"@type":"ListItem","position":1,"name":"Home","item":"https:\/\/noticiasya.com\/"},{"@type":"ListItem","position":2,"name":"Aerol\u00edneas extienden la suspensi\u00f3n de vuelos a Venezuela. \u00bfCu\u00e1ntas siguen operando en el pa\u00eds?"}]},{"@type":"WebSite","@id":"https:\/\/noticiasya.com\/#website","url":"https:\/\/noticiasya.com\/","name":"Noticias","description":"Lo que importa","publisher":{"@id":"https:\/\/noticiasya.com\/#organization"},"potentialAction":[{"@type":"SearchAction","target":{"@type":"EntryPoint","urlTemplate":"https:\/\/noticiasya.com\/?s={search_term_string}"},"query-input":{"@type":"PropertyValueSpecification","valueRequired":true,"valueName":"search_term_string"}}],"inLanguage":"es"},{"@type":"Organization","@id":"https:\/\/noticiasya.com\/#organization","name":"Noticias","url":"https:\/\/noticiasya.com\/","logo":{"@type":"ImageObject","inLanguage":"es","@id":"https:\/\/noticiasya.com\/#\/schema\/logo\/image\/","url":"https:\/\/noticiasya.com\/wp-content\/uploads\/sites\/22\/2023\/12\/logo-nacional.png","contentUrl":"https:\/\/noticiasya.com\/wp-content\/uploads\/sites\/22\/2023\/12\/logo-nacional.png","width":1801,"height":691,"caption":"Noticias"},"image":{"@id":"https:\/\/noticiasya.com\/#\/schema\/logo\/image\/"}}]}},"parsely":{"version":"1.1.0","canonical_url":"https:\/\/noticiasya.com\/midland-odessa\/2025\/12\/17\/venezuela-suspension-vuelos-crisis-eeuu-aerolineas-orix\/","smart_links":{"inbound":0,"outbound":0},"traffic_boost_suggestions_count":0,"meta":{"@context":"https:\/\/schema.org","@type":"NewsArticle","headline":"Aerol\u00edneas extienden la suspensi\u00f3n de vuelos a Venezuela. \u00bfCu\u00e1ntas siguen operando en el pa\u00eds?","url":"http:\/\/noticiasya.com\/midland-odessa\/2025\/12\/17\/venezuela-suspension-vuelos-crisis-eeuu-aerolineas-orix\/","mainEntityOfPage":{"@type":"WebPage","@id":"http:\/\/noticiasya.com\/midland-odessa\/2025\/12\/17\/venezuela-suspension-vuelos-crisis-eeuu-aerolineas-orix\/"},"thumbnailUrl":"","image":{"@type":"ImageObject","url":""},"articleSection":"Noticias Nacionales","author":[],"creator":[],"publisher":{"@type":"Organization","name":"Noticias","logo":""},"keywords":[],"dateCreated":"2025-12-17T15:03:46Z","datePublished":"2025-12-17T15:03:46Z","dateModified":"2025-12-17T15:03:46Z"},"rendered":"<script type=\"application\/ld+json\" class=\"wp-parsely-metadata\">{\"@context\":\"https:\\\/\\\/schema.org\",\"@type\":\"NewsArticle\",\"headline\":\"Aerol\\u00edneas extienden la suspensi\\u00f3n de vuelos a Venezuela. \\u00bfCu\\u00e1ntas siguen operando en el pa\\u00eds?\",\"url\":\"http:\\\/\\\/noticiasya.com\\\/midland-odessa\\\/2025\\\/12\\\/17\\\/venezuela-suspension-vuelos-crisis-eeuu-aerolineas-orix\\\/\",\"mainEntityOfPage\":{\"@type\":\"WebPage\",\"@id\":\"http:\\\/\\\/noticiasya.com\\\/midland-odessa\\\/2025\\\/12\\\/17\\\/venezuela-suspension-vuelos-crisis-eeuu-aerolineas-orix\\\/\"},\"thumbnailUrl\":\"\",\"image\":{\"@type\":\"ImageObject\",\"url\":\"\"},\"articleSection\":\"Noticias Nacionales\",\"author\":[],\"creator\":[],\"publisher\":{\"@type\":\"Organization\",\"name\":\"Noticias\",\"logo\":\"\"},\"keywords\":[],\"dateCreated\":\"2025-12-17T15:03:46Z\",\"datePublished\":\"2025-12-17T15:03:46Z\",\"dateModified\":\"2025-12-17T15:03:46Z\"}<\/script>","tracker_url":"https:\/\/cdn.parsely.com\/keys\/noticiasya.com\/p.js"},"jetpack_featured_media_url":"","jetpack-related-posts":[{"id":1468965,"url":"https:\/\/noticiasya.com\/midland-odessa\/2025\/12\/04\/copa-airlines-vuelos-venezuela-crisis-orix\/","url_meta":{"origin":1469342,"position":0},"title":"Copa Airlines suspende temporalmente los vuelos a Venezuela. \u00bfQu\u00e9 aerol\u00edneas siguen operativas?","author":"","date":"diciembre 4, 2025","format":false,"excerpt":"La aerol\u00ednea paname\u00f1a Copa Airlines anunci\u00f3 este mi\u00e9rcoles la suspensi\u00f3n temporal de sus vuelos desde y hacia Caracas, luego de que otras empresas decidieran dejar de volar a Venezuela tras la advertencia del presidente de Estados Unidos, Donald Trump, de que el espacio a\u00e9reo sobre el pa\u00eds debe considerarse \u201ccerrado\u2026","rel":"","context":"In &quot;Noticias Nacionales&quot;","block_context":{"text":"Noticias Nacionales","link":"https:\/\/noticiasya.com\/midland-odessa\/categoria\/noticias-nacionales"},"img":{"alt_text":"","src":"","width":0,"height":0},"classes":[]},{"id":1469940,"url":"https:\/\/noticiasya.com\/midland-odessa\/2026\/01\/09\/aerolineas-vuelos-reanudan-suspenden-orix\/","url_meta":{"origin":1469342,"position":1},"title":"Copa es la primera aerol\u00ednea que reanuda vuelos a Venezuela tras el derrocamiento de Maduro. \u00bfCu\u00e1les siguen sin servicio?","author":"","date":"enero 9, 2026","format":false,"excerpt":"A casi una semana del operativo militar de Estados Unidos que llev\u00f3 a la captura del presidente de Venezuela, Nicol\u00e1s Maduro, la aerol\u00ednea paname\u00f1a Copa Airlines fue la primera en anunciar el reinicio de sus vuelos hacia el pa\u00eds sudamericano, luego de que las tensiones entre Washington y Caracas han\u2026","rel":"","context":"In &quot;Noticias Nacionales&quot;","block_context":{"text":"Noticias Nacionales","link":"https:\/\/noticiasya.com\/midland-odessa\/categoria\/noticias-nacionales"},"img":{"alt_text":"","src":"","width":0,"height":0},"classes":[]},{"id":1469003,"url":"https:\/\/noticiasya.com\/midland-odessa\/2025\/12\/05\/venezuela-colombia-frontera-protesta-vuelos-crisis-orix\/","url_meta":{"origin":1469342,"position":2},"title":"Protesta en la frontera entre Colombia y Venezuela amenaza con cortar una de las pocas v\u00edas de acceso","author":"","date":"diciembre 5, 2025","format":false,"excerpt":"Este jueves por la tarde, manifestantes interrumpieron el tr\u00e1nsito vehicular por la principal v\u00eda de conexi\u00f3n entre Colombia y Venezuela, en la localidad de Villa del Rosario, noreste del pa\u00eds. La protesta contin\u00faa este viernes, seg\u00fan confirm\u00f3 a CNN la oficina de comunicaciones de la alcald\u00eda de C\u00facuta, departamento de\u2026","rel":"","context":"In &quot;Noticias Nacionales&quot;","block_context":{"text":"Noticias Nacionales","link":"https:\/\/noticiasya.com\/midland-odessa\/categoria\/noticias-nacionales"},"img":{"alt_text":"","src":"","width":0,"height":0},"classes":[]},{"id":1469763,"url":"https:\/\/noticiasya.com\/midland-odessa\/2026\/01\/03\/venezuela-aislada-captura-maduro-fronteras-vuelos-orix\/","url_meta":{"origin":1469342,"position":3},"title":"\u00bfQu\u00e9 tan aislada est\u00e1 Venezuela tras la captura de Maduro? El estado de las fronteras y los vuelos","author":"","date":"enero 3, 2026","format":false,"excerpt":"A medida que la tensi\u00f3n escalaba durante los \u00faltimos meses entre Estados Unidos y Venezuela, el espacio a\u00e9reo del pa\u00eds sudamericano fue quedando cada vez m\u00e1s aislado. Ahora, con los ataques de EE.UU. en la madrugada del s\u00e1bado y la posterior captura del presidente Nicol\u00e1s Maduro, cientos de vuelos han\u2026","rel":"","context":"In &quot;Noticias Nacionales&quot;","block_context":{"text":"Noticias Nacionales","link":"https:\/\/noticiasya.com\/midland-odessa\/categoria\/noticias-nacionales"},"img":{"alt_text":"","src":"","width":0,"height":0},"classes":[]},{"id":1468823,"url":"https:\/\/noticiasya.com\/midland-odessa\/2025\/11\/29\/eeuu-venezuela-crisis-aerea-tension-mas-aislada-orix\/","url_meta":{"origin":1469342,"position":4},"title":"Por la tensi\u00f3n con EE.UU., Venezuela enfrenta una crisis a\u00e9rea y queda a\u00fan m\u00e1s aislada","author":"","date":"noviembre 29, 2025","format":false,"excerpt":"Mientras recrudece la tensi\u00f3n por el despliegue militar de Estados Unidos en el Caribe, se complica cada vez m\u00e1s la situaci\u00f3n relacionada con el espacio a\u00e9reo de Venezuela.Este s\u00e1bado, el presidente de Estados Unidos, Donald Trump, pidi\u00f3 a aerol\u00edneas, pilotos y redes criminales que consideraran el \u201cespacio a\u00e9reo sobre y\u2026","rel":"","context":"In &quot;Noticias Nacionales&quot;","block_context":{"text":"Noticias Nacionales","link":"https:\/\/noticiasya.com\/midland-odessa\/categoria\/noticias-nacionales"},"img":{"alt_text":"","src":"","width":0,"height":0},"classes":[]},{"id":1468787,"url":"https:\/\/noticiasya.com\/midland-odessa\/2025\/11\/28\/venezuela-tension-eeuu-crisis-aerea-aislada-orix\/","url_meta":{"origin":1469342,"position":5},"title":"Por la tensi\u00f3n con EE.UU., Venezuela enfrenta una crisis a\u00e9rea y queda a\u00fan m\u00e1s aislada","author":"","date":"noviembre 28, 2025","format":false,"excerpt":"Mientras recrudece la tensi\u00f3n por el despliegue militar de Estados Unidos en el Caribe, se complica cada vez m\u00e1s la situaci\u00f3n de los vuelos en Venezuela. El mi\u00e9rcoles por la tarde, el Gobierno del pa\u00eds sudamericano revoc\u00f3 la concesi\u00f3n de vuelos a seis aerol\u00edneas internacionales, a las que acus\u00f3 de\u2026","rel":"","context":"In &quot;Noticias Nacionales&quot;","block_context":{"text":"Noticias Nacionales","link":"https:\/\/noticiasya.com\/midland-odessa\/categoria\/noticias-nacionales"},"img":{"alt_text":"","src":"","width":0,"height":0},"classes":[]}],"jetpack_sharing_enabled":true,"_links":{"self":[{"href":"https:\/\/noticiasya.com\/midland-odessa\/wp-json\/wp\/v2\/posts\/1469342","targetHints":{"allow":["GET"]}}],"collection":[{"href":"https:\/\/noticiasya.com\/midland-odessa\/wp-json\/wp\/v2\/posts"}],"about":[{"href":"https:\/\/noticiasya.com\/midland-odessa\/wp-json\/wp\/v2\/types\/post"}],"replies":[{"embeddable":true,"href":"https:\/\/noticiasya.com\/midland-odessa\/wp-json\/wp\/v2\/comments?post=1469342"}],"version-history":[{"count":0,"href":"https:\/\/noticiasya.com\/midland-odessa\/wp-json\/wp\/v2\/posts\/1469342\/revisions"}],"wp:attachment":[{"href":"https:\/\/noticiasya.com\/midland-odessa\/wp-json\/wp\/v2\/media?parent=1469342"}],"wp:term":[{"taxonomy":"category","embeddable":true,"href":"https:\/\/noticiasya.com\/midland-odessa\/wp-json\/wp\/v2\/categories?post=1469342"},{"taxonomy":"post_tag","embeddable":true,"href":"https:\/\/noticiasya.com\/midland-odessa\/wp-json\/wp\/v2\/tags?post=1469342"}],"curies":[{"name":"wp","href":"https:\/\/api.w.org\/{rel}","templated":true}]}}