{"id":1469343,"date":"2025-12-17T08:03:54","date_gmt":"2025-12-17T16:03:54","guid":{"rendered":"https:\/\/noticiasya.com\/2025\/12\/17\/muere-gil-gerard-buck-rogers-trax\/"},"modified":"2025-12-17T08:03:54","modified_gmt":"2025-12-17T16:03:54","slug":"muere-gil-gerard-buck-rogers-trax","status":"publish","type":"post","link":"https:\/\/noticiasya.com\/midland-odessa\/2025\/12\/17\/muere-gil-gerard-buck-rogers-trax\/","title":{"rendered":"Muere Gil Gerard, estrella de &#171;Buck Rogers in the 25th Century&#187;, a los 82 a\u00f1os"},"content":{"rendered":"<p>Gil Gerard, el actor m\u00e1s conocido por interpretar al h\u00e9roe de ciencia ficci\u00f3n <a href=\"https:\/\/www.cnn.com\/2021\/04\/17\/us\/felix-silla-cousin-itt-addams-family-dies\">Buck Rogers<\/a>, ha fallecido. Ten\u00eda 82 a\u00f1os.<\/p>\n<p>Su muerte en un centro de cuidados paliativos el martes fue anunciada por su esposa, Janet Gerard, en <a href=\"https:\/\/archive.ph\/o\/gkw87\/https:\/\/www.facebook.com\/janet.gerard.39\">Facebook<\/a>. Ella escribi\u00f3: \u201cEsta ma\u00f1ana temprano, Gil \u2013mi alma gemela\u2013 perdi\u00f3 su lucha contra una forma de c\u00e1ncer rara y agresivamente violenta. Desde el momento en que supimos que algo andaba mal hasta su muerte esta ma\u00f1ana pasaron solo unos d\u00edas.<\/p>\n<p>\u201cNo importa cu\u00e1ntos a\u00f1os haya podido pasar con \u00e9l, nunca habr\u00edan sido suficientes. Abracen fuerte a quienes tienen y \u00e1menlos intensamente\u201d.<\/p>\n<p>Por separado, public\u00f3 otro mensaje en la propia p\u00e1gina de <a href=\"https:\/\/archive.ph\/o\/gkw87\/https:\/\/www.facebook.com\/search\/top?q=gil%20gerard\">Facebook<\/a> de Gerard, incluyendo palabras que \u00e9l mismo hab\u00eda escrito previamente.<\/p>\n<p>\u201cSi est\u00e1s leyendo esto, entonces Janet lo ha publicado como le ped\u00ed\u201d, escribi\u00f3, y a\u00f1adi\u00f3: \u201cMi vida ha sido un viaje incre\u00edble. Las oportunidades que he tenido, las personas que he conocido y el amor que he dado y recibido han hecho que mis 82 a\u00f1os en el planeta hayan sido profundamente satisfactorios.<\/p>\n<p>\u201cMi viaje me ha llevado de Arkansas a Nueva York, a Los \u00c1ngeles y, finalmente, a mi hogar en el norte de Georgia con mi incre\u00edble esposa, Janet, durante 18 a\u00f1os. Ha sido un gran viaje, pero inevitablemente uno que llega a su fin, como el m\u00edo.<\/p>\n<p>\u201cNo pierdas tu tiempo en nada que no te emocione o te traiga amor. Nos vemos en alg\u00fan lugar del cosmos\u201d.<\/p>\n<p>Gerard salt\u00f3 a la fama en la pel\u00edcula de 1979 \u201cBuck Rogers in the 25th Century\u201d. M\u00e1s tarde, esto fue seguido por una exitosa serie de televisi\u00f3n del mismo nombre, que tuvo 32 episodios entre 1979 y 1981.<\/p>\n<p>Originario de Little Rock, Arkansas, Gerard se mud\u00f3 a Nueva York en 1969, donde comenz\u00f3 a formarse como actor mientras trabajaba como taxista para pagar las cuentas. Fue mientras conduc\u00eda un taxi que uno de sus pasajeros le sugiri\u00f3 que hiciera una audici\u00f3n para la pel\u00edcula de 1970 \u201cLove Story\u201d. Seg\u00fan su <a href=\"http:\/\/www.gilgerard.com\/GilGerard.com\/Bio.html\">sitio web<\/a>, pas\u00f3 unas 10 semanas trabajando en el set, aunque su peque\u00f1o papel nunca apareci\u00f3 en la versi\u00f3n final de la pel\u00edcula. Sin embargo, la experiencia lo inspir\u00f3 a permanecer en el negocio y luego apareci\u00f3 en cientos de comerciales, varios otros papeles peque\u00f1os y tambi\u00e9n protagoniz\u00f3 las pel\u00edculas \u201cAirport \u201977\u201d y \u201cHooch\u201d.<\/p>\n<p>Fue una aparici\u00f3n especial en \u201cLa familia Ingalls\u201d (\u201cLittle House on the Prairie\u201d) la que le dio su gran oportunidad. La estrella principal del programa, Michael Landon, le ofreci\u00f3 a Gerard una nueva serie que estaba escribiendo y produciendo. Aunque NBC no aprob\u00f3 la serie, quedaron impresionados con Gerard y luego le ofrecieron el papel principal en su colaboraci\u00f3n de pel\u00edcula y programa de televisi\u00f3n con Universal Pictures, \u201cBuck Rogers in the 25th Century\u201d.<\/p>\n<p>Despu\u00e9s de que termin\u00f3 \u201cBuck Rogers\u201d, Gerard continu\u00f3 actuando en una gran cantidad de programas de televisi\u00f3n y pel\u00edculas hechas para la televisi\u00f3n. Seg\u00fan IMDb, Gerard estuvo casado y divorciado cuatro veces. Le sobrevive su hijo, Gib Gerard, quien tambi\u00e9n es actor.<\/p>\n<p>Gerard tambi\u00e9n hac\u00eda apariciones regulares en la convenci\u00f3n de cultura pop <a href=\"https:\/\/archive.ph\/o\/gkw87\/https:\/\/www.facebook.com\/hashtag\/dragoncon?__eep__=6&#038;__cft__%5B0%5D=AZaCK9FnfHBCdHW3a3tjwc8qEI5xLhuDfq9C2bnuetoDNEBfvz8TJ_B0o8tfKBNRcXGKbaVgF_wbHoXXWcaGCU7TusKhmafj5JkWR1P21J3G2CfavEu8_-IT1NzVg_Q9mzJrkNSo91vz_5okt86VdOwY6C-0EjUACOtUuOFFZrSDdjlocd1Q1Gu6T9xSD8aSoHQ&#038;__tn__=*NK-R\">Dragon Con<\/a>.<br \/>La convenci\u00f3n le rindi\u00f3 homenaje en <a href=\"https:\/\/archive.ph\/o\/gkw87\/https:\/\/www.facebook.com\/DragonConOfficial\/\">Facebook<\/a>, escribiendo: \u201cEl siglo 25 no ser\u00e1 lo mismo sin ti, y #DragonCon extra\u00f1ar\u00e1 a un querido amigo y favorito de los fans. Descansa entre las estrellas, Gil Gerard. Te extra\u00f1aremos\u201d.<\/p>\n<p>The-CNN-Wire<br \/>&trade; &amp; &copy; 2025 Cable News Network, Inc., a Warner Bros. Discovery Company. All rights reserved.<\/p>\n","protected":false},"excerpt":{"rendered":"<p>Gil Gerard, el actor m\u00e1s conocido por interpretar al h\u00e9roe de ciencia ficci\u00f3n Buck Rogers, ha fallecido. Ten\u00eda 82 a\u00f1os. Su muerte en un centro de cuidados paliativos el martes fue anunciada por su esposa, Janet Gerard, en Facebook. Ella escribi\u00f3: \u201cEsta ma\u00f1ana temprano, Gil \u2013mi alma gemela\u2013 perdi\u00f3 su lucha contra una forma de [&hellip;]<\/p>\n","protected":false},"author":0,"featured_media":0,"comment_status":"open","ping_status":"open","sticky":false,"template":"","format":"standard","meta":{"_jetpack_memberships_contains_paid_content":false,"footnotes":""},"categories":[10],"tags":[],"class_list":["post-1469343","post","type-post","status-publish","format-standard","hentry","category-noticias-nacionales","market-global"],"yoast_head":"<!-- This site is optimized with the Yoast SEO plugin v24.4 - https:\/\/yoast.com\/wordpress\/plugins\/seo\/ -->\n<title>Muere Gil Gerard, estrella de &quot;Buck Rogers in the 25th Century&quot;, a los 82 a\u00f1os - Noticias<\/title>\n<meta name=\"robots\" content=\"index, follow, max-snippet:-1, max-image-preview:large, max-video-preview:-1\" \/>\n<link rel=\"canonical\" href=\"https:\/\/noticiasya.com\/2025\/12\/17\/muere-gil-gerard-buck-rogers-trax\/\" \/>\n<meta property=\"og:locale\" content=\"es_ES\" \/>\n<meta property=\"og:type\" content=\"article\" \/>\n<meta property=\"og:title\" content=\"Muere Gil Gerard, estrella de &quot;Buck Rogers in the 25th Century&quot;, a los 82 a\u00f1os - Noticias\" \/>\n<meta property=\"og:description\" content=\"Gil Gerard, el actor m\u00e1s conocido por interpretar al h\u00e9roe de ciencia ficci\u00f3n Buck Rogers, ha fallecido. Ten\u00eda 82 a\u00f1os. Su muerte en un centro de cuidados paliativos el martes fue anunciada por su esposa, Janet Gerard, en Facebook. Ella escribi\u00f3: \u201cEsta ma\u00f1ana temprano, Gil \u2013mi alma gemela\u2013 perdi\u00f3 su lucha contra una forma de [&hellip;]\" \/>\n<meta property=\"og:url\" content=\"https:\/\/noticiasya.com\/2025\/12\/17\/muere-gil-gerard-buck-rogers-trax\/\" \/>\n<meta property=\"og:site_name\" content=\"Noticias\" \/>\n<meta property=\"article:published_time\" content=\"2025-12-17T16:03:54+00:00\" \/>\n<meta name=\"twitter:card\" content=\"summary_large_image\" \/>\n<meta name=\"twitter:label1\" content=\"Est. reading time\" \/>\n\t<meta name=\"twitter:data1\" content=\"3 minutos\" \/>\n<script type=\"application\/ld+json\" class=\"yoast-schema-graph\">{\"@context\":\"https:\/\/schema.org\",\"@graph\":[{\"@type\":\"Article\",\"@id\":\"https:\/\/noticiasya.com\/2025\/12\/17\/muere-gil-gerard-buck-rogers-trax\/#article\",\"isPartOf\":{\"@id\":\"https:\/\/noticiasya.com\/2025\/12\/17\/muere-gil-gerard-buck-rogers-trax\/\"},\"author\":{\"name\":\"\",\"@id\":\"\"},\"headline\":\"Muere Gil Gerard, estrella de &#171;Buck Rogers in the 25th Century&#187;, a los 82 a\u00f1os\",\"datePublished\":\"2025-12-17T16:03:54+00:00\",\"mainEntityOfPage\":{\"@id\":\"https:\/\/noticiasya.com\/2025\/12\/17\/muere-gil-gerard-buck-rogers-trax\/\"},\"wordCount\":622,\"commentCount\":0,\"publisher\":{\"@id\":\"https:\/\/noticiasya.com\/#organization\"},\"articleSection\":[\"Noticias Nacionales\"],\"inLanguage\":\"es\",\"potentialAction\":[{\"@type\":\"CommentAction\",\"name\":\"Comment\",\"target\":[\"https:\/\/noticiasya.com\/2025\/12\/17\/muere-gil-gerard-buck-rogers-trax\/#respond\"]}]},{\"@type\":\"WebPage\",\"@id\":\"https:\/\/noticiasya.com\/2025\/12\/17\/muere-gil-gerard-buck-rogers-trax\/\",\"url\":\"https:\/\/noticiasya.com\/2025\/12\/17\/muere-gil-gerard-buck-rogers-trax\/\",\"name\":\"Muere Gil Gerard, estrella de \\\"Buck Rogers in the 25th Century\\\", a los 82 a\u00f1os - Noticias\",\"isPartOf\":{\"@id\":\"https:\/\/noticiasya.com\/#website\"},\"datePublished\":\"2025-12-17T16:03:54+00:00\",\"breadcrumb\":{\"@id\":\"https:\/\/noticiasya.com\/2025\/12\/17\/muere-gil-gerard-buck-rogers-trax\/#breadcrumb\"},\"inLanguage\":\"es\",\"potentialAction\":[{\"@type\":\"ReadAction\",\"target\":[\"https:\/\/noticiasya.com\/2025\/12\/17\/muere-gil-gerard-buck-rogers-trax\/\"]}]},{\"@type\":\"BreadcrumbList\",\"@id\":\"https:\/\/noticiasya.com\/2025\/12\/17\/muere-gil-gerard-buck-rogers-trax\/#breadcrumb\",\"itemListElement\":[{\"@type\":\"ListItem\",\"position\":1,\"name\":\"Home\",\"item\":\"https:\/\/noticiasya.com\/\"},{\"@type\":\"ListItem\",\"position\":2,\"name\":\"Muere Gil Gerard, estrella de &#171;Buck Rogers in the 25th Century&#187;, a los 82 a\u00f1os\"}]},{\"@type\":\"WebSite\",\"@id\":\"https:\/\/noticiasya.com\/#website\",\"url\":\"https:\/\/noticiasya.com\/\",\"name\":\"Noticias\",\"description\":\"Lo que importa\",\"publisher\":{\"@id\":\"https:\/\/noticiasya.com\/#organization\"},\"potentialAction\":[{\"@type\":\"SearchAction\",\"target\":{\"@type\":\"EntryPoint\",\"urlTemplate\":\"https:\/\/noticiasya.com\/?s={search_term_string}\"},\"query-input\":{\"@type\":\"PropertyValueSpecification\",\"valueRequired\":true,\"valueName\":\"search_term_string\"}}],\"inLanguage\":\"es\"},{\"@type\":\"Organization\",\"@id\":\"https:\/\/noticiasya.com\/#organization\",\"name\":\"Noticias\",\"url\":\"https:\/\/noticiasya.com\/\",\"logo\":{\"@type\":\"ImageObject\",\"inLanguage\":\"es\",\"@id\":\"https:\/\/noticiasya.com\/#\/schema\/logo\/image\/\",\"url\":\"https:\/\/noticiasya.com\/wp-content\/uploads\/sites\/22\/2023\/12\/logo-nacional.png\",\"contentUrl\":\"https:\/\/noticiasya.com\/wp-content\/uploads\/sites\/22\/2023\/12\/logo-nacional.png\",\"width\":1801,\"height\":691,\"caption\":\"Noticias\"},\"image\":{\"@id\":\"https:\/\/noticiasya.com\/#\/schema\/logo\/image\/\"}}]}<\/script>\n<!-- \/ Yoast SEO plugin. -->","yoast_head_json":{"title":"Muere Gil Gerard, estrella de \"Buck Rogers in the 25th Century\", a los 82 a\u00f1os - Noticias","robots":{"index":"index","follow":"follow","max-snippet":"max-snippet:-1","max-image-preview":"max-image-preview:large","max-video-preview":"max-video-preview:-1"},"canonical":"https:\/\/noticiasya.com\/2025\/12\/17\/muere-gil-gerard-buck-rogers-trax\/","og_locale":"es_ES","og_type":"article","og_title":"Muere Gil Gerard, estrella de \"Buck Rogers in the 25th Century\", a los 82 a\u00f1os - Noticias","og_description":"Gil Gerard, el actor m\u00e1s conocido por interpretar al h\u00e9roe de ciencia ficci\u00f3n Buck Rogers, ha fallecido. Ten\u00eda 82 a\u00f1os. Su muerte en un centro de cuidados paliativos el martes fue anunciada por su esposa, Janet Gerard, en Facebook. Ella escribi\u00f3: \u201cEsta ma\u00f1ana temprano, Gil \u2013mi alma gemela\u2013 perdi\u00f3 su lucha contra una forma de [&hellip;]","og_url":"https:\/\/noticiasya.com\/2025\/12\/17\/muere-gil-gerard-buck-rogers-trax\/","og_site_name":"Noticias","article_published_time":"2025-12-17T16:03:54+00:00","twitter_card":"summary_large_image","twitter_misc":{"Est. reading time":"3 minutos"},"schema":{"@context":"https:\/\/schema.org","@graph":[{"@type":"Article","@id":"https:\/\/noticiasya.com\/2025\/12\/17\/muere-gil-gerard-buck-rogers-trax\/#article","isPartOf":{"@id":"https:\/\/noticiasya.com\/2025\/12\/17\/muere-gil-gerard-buck-rogers-trax\/"},"author":{"name":"","@id":""},"headline":"Muere Gil Gerard, estrella de &#171;Buck Rogers in the 25th Century&#187;, a los 82 a\u00f1os","datePublished":"2025-12-17T16:03:54+00:00","mainEntityOfPage":{"@id":"https:\/\/noticiasya.com\/2025\/12\/17\/muere-gil-gerard-buck-rogers-trax\/"},"wordCount":622,"commentCount":0,"publisher":{"@id":"https:\/\/noticiasya.com\/#organization"},"articleSection":["Noticias Nacionales"],"inLanguage":"es","potentialAction":[{"@type":"CommentAction","name":"Comment","target":["https:\/\/noticiasya.com\/2025\/12\/17\/muere-gil-gerard-buck-rogers-trax\/#respond"]}]},{"@type":"WebPage","@id":"https:\/\/noticiasya.com\/2025\/12\/17\/muere-gil-gerard-buck-rogers-trax\/","url":"https:\/\/noticiasya.com\/2025\/12\/17\/muere-gil-gerard-buck-rogers-trax\/","name":"Muere Gil Gerard, estrella de \"Buck Rogers in the 25th Century\", a los 82 a\u00f1os - Noticias","isPartOf":{"@id":"https:\/\/noticiasya.com\/#website"},"datePublished":"2025-12-17T16:03:54+00:00","breadcrumb":{"@id":"https:\/\/noticiasya.com\/2025\/12\/17\/muere-gil-gerard-buck-rogers-trax\/#breadcrumb"},"inLanguage":"es","potentialAction":[{"@type":"ReadAction","target":["https:\/\/noticiasya.com\/2025\/12\/17\/muere-gil-gerard-buck-rogers-trax\/"]}]},{"@type":"BreadcrumbList","@id":"https:\/\/noticiasya.com\/2025\/12\/17\/muere-gil-gerard-buck-rogers-trax\/#breadcrumb","itemListElement":[{"@type":"ListItem","position":1,"name":"Home","item":"https:\/\/noticiasya.com\/"},{"@type":"ListItem","position":2,"name":"Muere Gil Gerard, estrella de &#171;Buck Rogers in the 25th Century&#187;, a los 82 a\u00f1os"}]},{"@type":"WebSite","@id":"https:\/\/noticiasya.com\/#website","url":"https:\/\/noticiasya.com\/","name":"Noticias","description":"Lo que importa","publisher":{"@id":"https:\/\/noticiasya.com\/#organization"},"potentialAction":[{"@type":"SearchAction","target":{"@type":"EntryPoint","urlTemplate":"https:\/\/noticiasya.com\/?s={search_term_string}"},"query-input":{"@type":"PropertyValueSpecification","valueRequired":true,"valueName":"search_term_string"}}],"inLanguage":"es"},{"@type":"Organization","@id":"https:\/\/noticiasya.com\/#organization","name":"Noticias","url":"https:\/\/noticiasya.com\/","logo":{"@type":"ImageObject","inLanguage":"es","@id":"https:\/\/noticiasya.com\/#\/schema\/logo\/image\/","url":"https:\/\/noticiasya.com\/wp-content\/uploads\/sites\/22\/2023\/12\/logo-nacional.png","contentUrl":"https:\/\/noticiasya.com\/wp-content\/uploads\/sites\/22\/2023\/12\/logo-nacional.png","width":1801,"height":691,"caption":"Noticias"},"image":{"@id":"https:\/\/noticiasya.com\/#\/schema\/logo\/image\/"}}]}},"parsely":{"version":"1.1.0","canonical_url":"https:\/\/noticiasya.com\/midland-odessa\/2025\/12\/17\/muere-gil-gerard-buck-rogers-trax\/","smart_links":{"inbound":0,"outbound":0},"traffic_boost_suggestions_count":0,"meta":{"@context":"https:\/\/schema.org","@type":"NewsArticle","headline":"Muere Gil Gerard, estrella de &#171;Buck Rogers in the 25th Century&#187;, a los 82 a\u00f1os","url":"http:\/\/noticiasya.com\/midland-odessa\/2025\/12\/17\/muere-gil-gerard-buck-rogers-trax\/","mainEntityOfPage":{"@type":"WebPage","@id":"http:\/\/noticiasya.com\/midland-odessa\/2025\/12\/17\/muere-gil-gerard-buck-rogers-trax\/"},"thumbnailUrl":"","image":{"@type":"ImageObject","url":""},"articleSection":"Noticias Nacionales","author":[],"creator":[],"publisher":{"@type":"Organization","name":"Noticias","logo":""},"keywords":[],"dateCreated":"2025-12-17T16:03:54Z","datePublished":"2025-12-17T16:03:54Z","dateModified":"2025-12-17T16:03:54Z"},"rendered":"<script type=\"application\/ld+json\" class=\"wp-parsely-metadata\">{\"@context\":\"https:\\\/\\\/schema.org\",\"@type\":\"NewsArticle\",\"headline\":\"Muere Gil Gerard, estrella de &#171;Buck Rogers in the 25th Century&#187;, a los 82 a\\u00f1os\",\"url\":\"http:\\\/\\\/noticiasya.com\\\/midland-odessa\\\/2025\\\/12\\\/17\\\/muere-gil-gerard-buck-rogers-trax\\\/\",\"mainEntityOfPage\":{\"@type\":\"WebPage\",\"@id\":\"http:\\\/\\\/noticiasya.com\\\/midland-odessa\\\/2025\\\/12\\\/17\\\/muere-gil-gerard-buck-rogers-trax\\\/\"},\"thumbnailUrl\":\"\",\"image\":{\"@type\":\"ImageObject\",\"url\":\"\"},\"articleSection\":\"Noticias Nacionales\",\"author\":[],\"creator\":[],\"publisher\":{\"@type\":\"Organization\",\"name\":\"Noticias\",\"logo\":\"\"},\"keywords\":[],\"dateCreated\":\"2025-12-17T16:03:54Z\",\"datePublished\":\"2025-12-17T16:03:54Z\",\"dateModified\":\"2025-12-17T16:03:54Z\"}<\/script>","tracker_url":"https:\/\/cdn.parsely.com\/keys\/noticiasya.com\/p.js"},"jetpack_featured_media_url":"","jetpack-related-posts":[{"id":1437689,"url":"https:\/\/noticiasya.com\/midland-odessa\/2023\/02\/28\/shakira-hablo-por-primera-vez-de-su-divorcio-con-pique-y-la-sesion-con-bzrp\/","url_meta":{"origin":1469343,"position":0},"title":"Shakira habl\u00f3 por primera vez de su divorcio con Piqu\u00e9 y la Sesi\u00f3n con BZRP","author":"Eduardo Salinas","date":"febrero 28, 2023","format":false,"excerpt":"\"Yo tambi\u00e9n compraba esa historia de que una mujer necesita un hombre para completarse\". Shakira y su separaci\u00f3n de Gerard Piqu\u00e9 sigue dando mucho de qu\u00e9 hablar. Tras el lanzamiento de su colaboraci\u00f3n con Bizarrap, en la Music Session #53, la cantante colombiana dio una entrevista con Enrique Acevedo para\u2026","rel":"","context":"In &quot;Entretenimiento&quot;","block_context":{"text":"Entretenimiento","link":"https:\/\/noticiasya.com\/midland-odessa\/categoria\/entretenimiento"},"img":{"alt_text":"","src":"","width":0,"height":0},"classes":[]},{"id":1462277,"url":"https:\/\/noticiasya.com\/midland-odessa\/2025\/05\/13\/5-cosas-13-de-mayo-orix\/","url_meta":{"origin":1469343,"position":1},"title":"Las 5 cosas que debes saber este 13 de mayo: &#171;Victoria&#187; comercial con China, juicio de Diddy Combs y Carlo Ancelotti","author":"Eduardo Salinas","date":"mayo 13, 2025","format":false,"excerpt":"Divisi\u00f3n en la Corte Suprema de Justicia de EE.UU. frente a la ciudadan\u00eda por nacimiento. Trump firma decreto que busca reducir los precios de los medicamentos. Oficial: Carlo Ancelotti es el nuevo seleccionador de Brasil. Conclusiones del primer d\u00eda del juicio contra Sean \u201cDiddy\u201d Combs. Esto es lo que debes\u2026","rel":"","context":"In &quot;Noticias Nacionales&quot;","block_context":{"text":"Noticias Nacionales","link":"https:\/\/noticiasya.com\/midland-odessa\/categoria\/noticias-nacionales"},"img":{"alt_text":"","src":"","width":0,"height":0},"classes":[]},{"id":1461460,"url":"https:\/\/noticiasya.com\/midland-odessa\/2025\/04\/21\/virginia-priano-el-papa-se-fue-como-era-trabajando-con-la-gente-hasta-el-final\/","url_meta":{"origin":1469343,"position":2},"title":"Virginia Priano: &#171;El papa se fue como era, trabajando con la gente hasta el final&#187;","author":"","date":"abril 21, 2025","format":false,"excerpt":"(CNN Radio Argentina) \u2013 Virginia Priano, corresponsal desde Roma, dialog\u00f3 este lunes con Regreso CNN de Mariana Arias y Pepe Gil Vidal tras la muerte del papa Francisco, y relat\u00f3 c\u00f3mo se vive la despedida en el Vaticano y entre los fieles.\u201cMuchos fieles estuvieron en la misa del domingo de\u2026","rel":"","context":"In &quot;Noticias Nacionales&quot;","block_context":{"text":"Noticias Nacionales","link":"https:\/\/noticiasya.com\/midland-odessa\/categoria\/noticias-nacionales"},"img":{"alt_text":"","src":"","width":0,"height":0},"classes":[]},{"id":1463201,"url":"https:\/\/noticiasya.com\/midland-odessa\/2025\/06\/04\/mujer-estadounidense-se-mudo-california-a-mexico-hace-20-anos\/","url_meta":{"origin":1469343,"position":3},"title":"&#171;Siempre sent\u00ed que no ten\u00eda suficiente&#187;: por qu\u00e9 esta mujer estadounidense se mud\u00f3 de California a M\u00e9xico hace 20 a\u00f1os","author":"","date":"junio 4, 2025","format":false,"excerpt":"Como madre soltera de tres hijos que \u201cvive de sueldo en sueldo\u201d en California, Janet Blaser se hab\u00eda resignado a preocuparse constantemente por pagar sus cuentas y siempre \u201csentirse menos\u201d.Sin embargo, comenz\u00f3 a reevaluar su vida despu\u00e9s de que una serie de eventos la llevaron a tomar unas \u201cvacaciones al\u2026","rel":"","context":"In &quot;Noticias Nacionales&quot;","block_context":{"text":"Noticias Nacionales","link":"https:\/\/noticiasya.com\/midland-odessa\/categoria\/noticias-nacionales"},"img":{"alt_text":"","src":"","width":0,"height":0},"classes":[]},{"id":1452497,"url":"https:\/\/noticiasya.com\/midland-odessa\/2024\/09\/06\/detienen-gildardo-lopez-el-gil-guerreros-unidos-43-ayotzinapa-orix\/","url_meta":{"origin":1469343,"position":4},"title":"Arrestan en M\u00e9xico a Gildardo L\u00f3pez Astudillo, &#171;El Gil&#187;, absuelto previamente en el caso de los 43 estudiantes de Ayotzinapa desaparecidos","author":"","date":"septiembre 6, 2024","format":false,"excerpt":"(CNN Espa\u00f1ol) -- Autoridades de M\u00e9xico arrestaron al presunto jefe del grupo criminal Guerreros Unidos Gildardo L\u00f3pez Astudillo, alias \"El Gil\", quien fue se\u00f1alado en 2015 y luego absuelto en relaci\u00f3n con la desaparici\u00f3n de los 43 estudiantes normalistas de Ayotzinapa, seg\u00fan informaci\u00f3n que aparece en el Registro Nacional de\u2026","rel":"","context":"In &quot;Noticias Nacionales&quot;","block_context":{"text":"Noticias Nacionales","link":"https:\/\/noticiasya.com\/midland-odessa\/categoria\/noticias-nacionales"},"img":{"alt_text":"","src":"","width":0,"height":0},"classes":[]},{"id":1447902,"url":"https:\/\/noticiasya.com\/midland-odessa\/2024\/04\/09\/chile-dice-negar-existencia-tren-de-aragua-insulto-pueblos-latinoamerica-orix\/","url_meta":{"origin":1469343,"position":5},"title":"Chile dice que negativa de Venezuela a reconocer la existencia de la banda Tren de Aragua es un \u201cinsulto a los pueblos de Latinoam\u00e9rica\u201d","author":"","date":"abril 9, 2024","format":false,"excerpt":"(CNN Espa\u00f1ol) --\u00a0La ministra del Interior y Seguridad P\u00fablica de Chile, Carolina Toh\u00e1, calific\u00f3 este martes como un \u201cinsulto\u201d las declaraciones del canciller venezolano Yv\u00e1n Gil, quien este lunes dijo que el grupo criminal Tren de Aragua es \u201cuna ficci\u00f3n creada por la medi\u00e1tica internacional para trata de crear una\u2026","rel":"","context":"In &quot;Noticias Nacionales&quot;","block_context":{"text":"Noticias Nacionales","link":"https:\/\/noticiasya.com\/midland-odessa\/categoria\/noticias-nacionales"},"img":{"alt_text":"","src":"","width":0,"height":0},"classes":[]}],"jetpack_sharing_enabled":true,"_links":{"self":[{"href":"https:\/\/noticiasya.com\/midland-odessa\/wp-json\/wp\/v2\/posts\/1469343","targetHints":{"allow":["GET"]}}],"collection":[{"href":"https:\/\/noticiasya.com\/midland-odessa\/wp-json\/wp\/v2\/posts"}],"about":[{"href":"https:\/\/noticiasya.com\/midland-odessa\/wp-json\/wp\/v2\/types\/post"}],"replies":[{"embeddable":true,"href":"https:\/\/noticiasya.com\/midland-odessa\/wp-json\/wp\/v2\/comments?post=1469343"}],"version-history":[{"count":0,"href":"https:\/\/noticiasya.com\/midland-odessa\/wp-json\/wp\/v2\/posts\/1469343\/revisions"}],"wp:attachment":[{"href":"https:\/\/noticiasya.com\/midland-odessa\/wp-json\/wp\/v2\/media?parent=1469343"}],"wp:term":[{"taxonomy":"category","embeddable":true,"href":"https:\/\/noticiasya.com\/midland-odessa\/wp-json\/wp\/v2\/categories?post=1469343"},{"taxonomy":"post_tag","embeddable":true,"href":"https:\/\/noticiasya.com\/midland-odessa\/wp-json\/wp\/v2\/tags?post=1469343"}],"curies":[{"name":"wp","href":"https:\/\/api.w.org\/{rel}","templated":true}]}}