{"id":1469347,"date":"2025-12-17T09:03:42","date_gmt":"2025-12-17T17:03:42","guid":{"rendered":"https:\/\/noticiasya.com\/2025\/12\/17\/ecuador-eeuu-operaciones-militares-narcotrafico-orix\/"},"modified":"2025-12-17T09:03:42","modified_gmt":"2025-12-17T17:03:42","slug":"ecuador-eeuu-operaciones-militares-narcotrafico-orix","status":"publish","type":"post","link":"https:\/\/noticiasya.com\/midland-odessa\/2025\/12\/17\/ecuador-eeuu-operaciones-militares-narcotrafico-orix\/","title":{"rendered":"Estados Unidos y Ecuador activan de forma temporal una operaci\u00f3n militar a\u00e9rea contra el narcoterrorismo"},"content":{"rendered":"<p>En medio de la creciente tensi\u00f3n en el Caribe que elev\u00f3 la presi\u00f3n sobre Venezuela, la administraci\u00f3n de Donald Trump ampl\u00eda su presencia militar en Am\u00e9rica Latina. La embajada de Estados Unidos en Ecuador inform\u00f3 este mi\u00e9rcoles que personal de la Fuerza A\u00e9rea de ese pa\u00eds arrib\u00f3 a Ecuador para participar en una operaci\u00f3n temporal con miembros de la Fuerza A\u00e9rea ecuatoriana en la ciudad costera de Manta, provincia de Manab\u00ed.<\/p>\n<p>La embajada dio la bienvenida a militares estadounidenses a Ecuador y adelant\u00f3 que esta operaci\u00f3n conjunta responde a acuerdos suscritos por los dos pa\u00edses que se mantienen vigentes.<\/p>\n<p>\u201cEste esfuerzo conjunto a corto plazo se realiza como parte de nuestra estrategia bilateral de seguridad a largo plazo, en l\u00ednea con los acuerdos actualmente vigentes conforme a la ley ecuatoriana\u201d, explic\u00f3 la delegaci\u00f3n diplom\u00e1tica.<\/p>\n<p>El Ministerio de Defensa confirm\u00f3 a CNN que entre lunes y martes dos aviones Boeing C17 estadounidenses permanecieron por unas horas en el aeropuerto de Manta para entregar material de \u00edndole militar y posteriormente abandonaron el pa\u00eds. La instituci\u00f3n reiter\u00f3 que la informaci\u00f3n sobre estas operaciones \u201ces reservada\u201d, aunque adelant\u00f3 su finalidad.<\/p>\n<p>\u201cSu misi\u00f3n estar\u00e1 enfocada en aportar informaci\u00f3n y fortalecer las capacidades del Ecuador en la lucha contra el narcotr\u00e1fico\u201d, agreg\u00f3.<\/p>\n<p>El presidente Daniel Noboa tambi\u00e9n se refiri\u00f3 a esta operaci\u00f3n conjunta de seguridad.<\/p>\n<p>\u201cCon el respaldo de Estados Unidos, activamos una operaci\u00f3n temporal junto a la Fuerza A\u00e9rea del Ecuador en Manta, como parte de una estrategia bilateral de seguridad a largo plazo. Esta operaci\u00f3n permitir\u00e1 identificar y desarticular las rutas del narcotr\u00e1fico, y someter a quienes creyeron que pod\u00edan tomarse el pa\u00eds\u201d, puntualiz\u00f3 Noboa.<\/p>\n<p>Ecuador y Estados Unidos suscribieron en 2023 durante el Gobierno del entonces presidente Guillermo Lasso tres acuerdos militares para la realizaci\u00f3n de operaciones conjuntas contra el crimen organizado.<\/p>\n<p>Se trata del Acuerdo para Asistencia en Interceptaci\u00f3n A\u00e9rea, el Acuerdo relativo al Estatuto de las Fuerzas y el Acuerdo Relativo a Operaciones contra Actividades Mar\u00edtimas Transnacionales Il\u00edcitas. El primero fue suscrito y ratificado por el Gobierno de Lasso y los otros dos fueron suscritos por Lasso y ratificados en febrero de 2024 por el presidente Daniel Noboa.<\/p>\n<p>Estos acuerdos permiten la ejecuci\u00f3n de operaciones militares conjuntas entre las fuerzas de ambos pa\u00edses para el combate a la delincuencia organizada y la inseguridad en Ecuador. Estos insumos han permitido en los \u00faltimos a\u00f1os reforzar las operaciones con EE.UU. para el control del tr\u00e1fico de drogas y detectar embarcaciones sospechosas.<\/p>\n<p>\u201cLa operaci\u00f3n mejorar\u00e1 la capacidad de las fuerzas militares ecuatorianas para combatir a los narco-terroristas, incluyendo el fortalecimiento de la recopilaci\u00f3n de informaci\u00f3n y las capacidades de lucha contra el narcotr\u00e1fico, y est\u00e1 dise\u00f1ada para proteger a los Estados Unidos y al Ecuador frente a las amenazas que compartimos\u201d, precis\u00f3 este mi\u00e9rcoles la embajada estadounidense.<\/p>\n<p>Los acuerdos, entre otras cosas, conceden privilegios, exenciones e inmunidades al personal estadounidense y autorizan a EE.UU. a ejercer jurisdicci\u00f3n penal sobre su personal, mientras se encuentre en territorio ecuatoriano. Disponen la exenci\u00f3n de tributos e inspecciones al personal estadounidense en la importaci\u00f3n, exportaci\u00f3n y uso de cualquier bien personal, equipo, suministros, tecnolog\u00eda o servicios.<\/p>\n<p>Permiten la libre movilidad en el territorio ecuatoriano de las aeronaves, buques y veh\u00edculos operados por el Departamento de Defensa de EE.UU. y la libre contrataci\u00f3n de pertrechos, suministros, equipos y servicios. Autorizan el uso del espectro radioel\u00e9ctrico y la operaci\u00f3n de sistemas de telecomunicaciones y frecuencias para asegurar plena capacidad de operaci\u00f3n.<\/p>\n<p>La Armada ecuatoriana autorizar\u00e1 a EE.UU. el abordaje e inspecciones de buques sospechosos.<\/p>\n<p>Ecuador permitir\u00e1 a las aeronaves estadounidenses la operaci\u00f3n en el espacio nacional a\u00e9reo y autorizar\u00e1 a EE.UU. a transmitir \u00f3rdenes a la Fuerza A\u00e9rea Ecuatoriana ante actividades sospechosas.<\/p>\n<p>Finalmente, los acuerdos excluyen cualquier reclamo \u2015excepto los de \u00edndole contractual\u2015 entre ambos Estados por da\u00f1o, p\u00e9rdida o destrucci\u00f3n de bienes de una de las partes, o por lesi\u00f3n o muerte de miembros del personal de las Fuerzas Armadas o personal civil de cualquiera de los dos pa\u00edses que se pueda generar en el cumplimiento de sus deberes.<\/p>\n<p>En su dictamen del pasado 11 de enero, la Corte Constitucional de Ecuador precis\u00f3 que los acuerdos no conllevan una alianza pol\u00edtica ni militar porque no tienen el fin de ejecutar acciones militares o b\u00e9licas, que son propias de conflictos armados internacionales. La Corte agreg\u00f3 que los acuerdos no implican una alianza militar, pues el organismo asegur\u00f3 que no est\u00e1n asociados a la defensa de la soberan\u00eda y la integridad territorial, que son actividades propias del \u00e1mbito militar.<\/p>\n<p>En las \u00faltimas semanas, Per\u00fa y Paraguay han suscrito y aprobado recursos legales para el despliegue de operaciones conjuntas con fuerzas militares de Estados Unidos como parte de la cruzada regional que promueve el presidente Donald Trump en contra del narcotr\u00e1fico y el crimen organizado.<\/p>\n<p>Paraguay y Estados Unidos suscribieron el <a href=\"https:\/\/nam11.safelinks.protection.outlook.com\/?url=https%3A%2F%2Fwww.state.gov%2Freleases%2Foffice-of-the-spokesperson%2F2025%2F12%2Fsecretary-rubios-meeting-with-paraguay-foreign-minister-ramirez%2F&#038;data=05%7C02%7Csol.amaya%40cnn.com%7C47a9e21d8d494d07adcc08de3d82d886%7C0eb48825e8714459bc72d0ecd68f1f39%7C0%7C0%7C639015829356480990%7CUnknown%7CTWFpbGZsb3d8eyJFbXB0eU1hcGkiOnRydWUsIlYiOiIwLjAuMDAwMCIsIlAiOiJXaW4zMiIsIkFOIjoiTWFpbCIsIldUIjoyfQ%3D%3D%7C0%7C%7C%7C&#038;sdata=ynREEClnuWAP4egnLsUrG889I2K9gTPThsjEGtNdJr4%3D&#038;reserved=0\">Acuerdo sobre el Estatuto de Fuerzas (SOFA<\/a>) que regula la presencia y actividades del personal militar estadounidense en el pa\u00eds sudamericano con el objetivo de reforzar la cooperaci\u00f3n en seguridad regional y combatir grupos \u201cque operan como organizaciones terroristas\u201d.<\/p>\n<p>Mientras que Per\u00fa autoriz\u00f3 el ingreso de militares estadounidense al pa\u00eds durante el 2026 para participar en actividades de apoyo y ejercicios conjuntos con las Fuerzas Armadas y la Polic\u00eda local. La resoluci\u00f3n fue aprobada por el Congreso.<\/p>\n<p>The-CNN-Wire<br \/>&trade; &amp; &copy; 2025 Cable News Network, Inc., a Warner Bros. Discovery Company. All rights reserved.<\/p>\n","protected":false},"excerpt":{"rendered":"<p>En medio de la creciente tensi\u00f3n en el Caribe que elev\u00f3 la presi\u00f3n sobre Venezuela, la administraci\u00f3n de Donald Trump ampl\u00eda su presencia militar en Am\u00e9rica Latina. La embajada de Estados Unidos en Ecuador inform\u00f3 este mi\u00e9rcoles que personal de la Fuerza A\u00e9rea de ese pa\u00eds arrib\u00f3 a Ecuador para participar en una operaci\u00f3n temporal [&hellip;]<\/p>\n","protected":false},"author":0,"featured_media":0,"comment_status":"open","ping_status":"open","sticky":false,"template":"","format":"standard","meta":{"_jetpack_memberships_contains_paid_content":false,"footnotes":""},"categories":[10],"tags":[],"class_list":["post-1469347","post","type-post","status-publish","format-standard","hentry","category-noticias-nacionales","market-global"],"yoast_head":"<!-- This site is optimized with the Yoast SEO plugin v24.4 - https:\/\/yoast.com\/wordpress\/plugins\/seo\/ -->\n<title>Estados Unidos y Ecuador activan de forma temporal una operaci\u00f3n militar a\u00e9rea contra el narcoterrorismo - Noticias<\/title>\n<meta name=\"robots\" content=\"index, follow, max-snippet:-1, max-image-preview:large, max-video-preview:-1\" \/>\n<link rel=\"canonical\" href=\"https:\/\/noticiasya.com\/2025\/12\/17\/ecuador-eeuu-operaciones-militares-narcotrafico-orix\/\" \/>\n<meta property=\"og:locale\" content=\"es_ES\" \/>\n<meta property=\"og:type\" content=\"article\" \/>\n<meta property=\"og:title\" content=\"Estados Unidos y Ecuador activan de forma temporal una operaci\u00f3n militar a\u00e9rea contra el narcoterrorismo - Noticias\" \/>\n<meta property=\"og:description\" content=\"En medio de la creciente tensi\u00f3n en el Caribe que elev\u00f3 la presi\u00f3n sobre Venezuela, la administraci\u00f3n de Donald Trump ampl\u00eda su presencia militar en Am\u00e9rica Latina. La embajada de Estados Unidos en Ecuador inform\u00f3 este mi\u00e9rcoles que personal de la Fuerza A\u00e9rea de ese pa\u00eds arrib\u00f3 a Ecuador para participar en una operaci\u00f3n temporal [&hellip;]\" \/>\n<meta property=\"og:url\" content=\"https:\/\/noticiasya.com\/2025\/12\/17\/ecuador-eeuu-operaciones-militares-narcotrafico-orix\/\" \/>\n<meta property=\"og:site_name\" content=\"Noticias\" \/>\n<meta property=\"article:published_time\" content=\"2025-12-17T17:03:42+00:00\" \/>\n<meta name=\"twitter:card\" content=\"summary_large_image\" \/>\n<meta name=\"twitter:label1\" content=\"Est. reading time\" \/>\n\t<meta name=\"twitter:data1\" content=\"5 minutos\" \/>\n<script type=\"application\/ld+json\" class=\"yoast-schema-graph\">{\"@context\":\"https:\/\/schema.org\",\"@graph\":[{\"@type\":\"Article\",\"@id\":\"https:\/\/noticiasya.com\/2025\/12\/17\/ecuador-eeuu-operaciones-militares-narcotrafico-orix\/#article\",\"isPartOf\":{\"@id\":\"https:\/\/noticiasya.com\/2025\/12\/17\/ecuador-eeuu-operaciones-militares-narcotrafico-orix\/\"},\"author\":{\"name\":\"\",\"@id\":\"\"},\"headline\":\"Estados Unidos y Ecuador activan de forma temporal una operaci\u00f3n militar a\u00e9rea contra el narcoterrorismo\",\"datePublished\":\"2025-12-17T17:03:42+00:00\",\"mainEntityOfPage\":{\"@id\":\"https:\/\/noticiasya.com\/2025\/12\/17\/ecuador-eeuu-operaciones-militares-narcotrafico-orix\/\"},\"wordCount\":982,\"commentCount\":0,\"publisher\":{\"@id\":\"https:\/\/noticiasya.com\/#organization\"},\"articleSection\":[\"Noticias Nacionales\"],\"inLanguage\":\"es\",\"potentialAction\":[{\"@type\":\"CommentAction\",\"name\":\"Comment\",\"target\":[\"https:\/\/noticiasya.com\/2025\/12\/17\/ecuador-eeuu-operaciones-militares-narcotrafico-orix\/#respond\"]}]},{\"@type\":\"WebPage\",\"@id\":\"https:\/\/noticiasya.com\/2025\/12\/17\/ecuador-eeuu-operaciones-militares-narcotrafico-orix\/\",\"url\":\"https:\/\/noticiasya.com\/2025\/12\/17\/ecuador-eeuu-operaciones-militares-narcotrafico-orix\/\",\"name\":\"Estados Unidos y Ecuador activan de forma temporal una operaci\u00f3n militar a\u00e9rea contra el narcoterrorismo - Noticias\",\"isPartOf\":{\"@id\":\"https:\/\/noticiasya.com\/#website\"},\"datePublished\":\"2025-12-17T17:03:42+00:00\",\"breadcrumb\":{\"@id\":\"https:\/\/noticiasya.com\/2025\/12\/17\/ecuador-eeuu-operaciones-militares-narcotrafico-orix\/#breadcrumb\"},\"inLanguage\":\"es\",\"potentialAction\":[{\"@type\":\"ReadAction\",\"target\":[\"https:\/\/noticiasya.com\/2025\/12\/17\/ecuador-eeuu-operaciones-militares-narcotrafico-orix\/\"]}]},{\"@type\":\"BreadcrumbList\",\"@id\":\"https:\/\/noticiasya.com\/2025\/12\/17\/ecuador-eeuu-operaciones-militares-narcotrafico-orix\/#breadcrumb\",\"itemListElement\":[{\"@type\":\"ListItem\",\"position\":1,\"name\":\"Home\",\"item\":\"https:\/\/noticiasya.com\/\"},{\"@type\":\"ListItem\",\"position\":2,\"name\":\"Estados Unidos y Ecuador activan de forma temporal una operaci\u00f3n militar a\u00e9rea contra el narcoterrorismo\"}]},{\"@type\":\"WebSite\",\"@id\":\"https:\/\/noticiasya.com\/#website\",\"url\":\"https:\/\/noticiasya.com\/\",\"name\":\"Noticias\",\"description\":\"Lo que importa\",\"publisher\":{\"@id\":\"https:\/\/noticiasya.com\/#organization\"},\"potentialAction\":[{\"@type\":\"SearchAction\",\"target\":{\"@type\":\"EntryPoint\",\"urlTemplate\":\"https:\/\/noticiasya.com\/?s={search_term_string}\"},\"query-input\":{\"@type\":\"PropertyValueSpecification\",\"valueRequired\":true,\"valueName\":\"search_term_string\"}}],\"inLanguage\":\"es\"},{\"@type\":\"Organization\",\"@id\":\"https:\/\/noticiasya.com\/#organization\",\"name\":\"Noticias\",\"url\":\"https:\/\/noticiasya.com\/\",\"logo\":{\"@type\":\"ImageObject\",\"inLanguage\":\"es\",\"@id\":\"https:\/\/noticiasya.com\/#\/schema\/logo\/image\/\",\"url\":\"https:\/\/noticiasya.com\/wp-content\/uploads\/sites\/22\/2023\/12\/logo-nacional.png\",\"contentUrl\":\"https:\/\/noticiasya.com\/wp-content\/uploads\/sites\/22\/2023\/12\/logo-nacional.png\",\"width\":1801,\"height\":691,\"caption\":\"Noticias\"},\"image\":{\"@id\":\"https:\/\/noticiasya.com\/#\/schema\/logo\/image\/\"}}]}<\/script>\n<!-- \/ Yoast SEO plugin. -->","yoast_head_json":{"title":"Estados Unidos y Ecuador activan de forma temporal una operaci\u00f3n militar a\u00e9rea contra el narcoterrorismo - Noticias","robots":{"index":"index","follow":"follow","max-snippet":"max-snippet:-1","max-image-preview":"max-image-preview:large","max-video-preview":"max-video-preview:-1"},"canonical":"https:\/\/noticiasya.com\/2025\/12\/17\/ecuador-eeuu-operaciones-militares-narcotrafico-orix\/","og_locale":"es_ES","og_type":"article","og_title":"Estados Unidos y Ecuador activan de forma temporal una operaci\u00f3n militar a\u00e9rea contra el narcoterrorismo - Noticias","og_description":"En medio de la creciente tensi\u00f3n en el Caribe que elev\u00f3 la presi\u00f3n sobre Venezuela, la administraci\u00f3n de Donald Trump ampl\u00eda su presencia militar en Am\u00e9rica Latina. La embajada de Estados Unidos en Ecuador inform\u00f3 este mi\u00e9rcoles que personal de la Fuerza A\u00e9rea de ese pa\u00eds arrib\u00f3 a Ecuador para participar en una operaci\u00f3n temporal [&hellip;]","og_url":"https:\/\/noticiasya.com\/2025\/12\/17\/ecuador-eeuu-operaciones-militares-narcotrafico-orix\/","og_site_name":"Noticias","article_published_time":"2025-12-17T17:03:42+00:00","twitter_card":"summary_large_image","twitter_misc":{"Est. reading time":"5 minutos"},"schema":{"@context":"https:\/\/schema.org","@graph":[{"@type":"Article","@id":"https:\/\/noticiasya.com\/2025\/12\/17\/ecuador-eeuu-operaciones-militares-narcotrafico-orix\/#article","isPartOf":{"@id":"https:\/\/noticiasya.com\/2025\/12\/17\/ecuador-eeuu-operaciones-militares-narcotrafico-orix\/"},"author":{"name":"","@id":""},"headline":"Estados Unidos y Ecuador activan de forma temporal una operaci\u00f3n militar a\u00e9rea contra el narcoterrorismo","datePublished":"2025-12-17T17:03:42+00:00","mainEntityOfPage":{"@id":"https:\/\/noticiasya.com\/2025\/12\/17\/ecuador-eeuu-operaciones-militares-narcotrafico-orix\/"},"wordCount":982,"commentCount":0,"publisher":{"@id":"https:\/\/noticiasya.com\/#organization"},"articleSection":["Noticias Nacionales"],"inLanguage":"es","potentialAction":[{"@type":"CommentAction","name":"Comment","target":["https:\/\/noticiasya.com\/2025\/12\/17\/ecuador-eeuu-operaciones-militares-narcotrafico-orix\/#respond"]}]},{"@type":"WebPage","@id":"https:\/\/noticiasya.com\/2025\/12\/17\/ecuador-eeuu-operaciones-militares-narcotrafico-orix\/","url":"https:\/\/noticiasya.com\/2025\/12\/17\/ecuador-eeuu-operaciones-militares-narcotrafico-orix\/","name":"Estados Unidos y Ecuador activan de forma temporal una operaci\u00f3n militar a\u00e9rea contra el narcoterrorismo - Noticias","isPartOf":{"@id":"https:\/\/noticiasya.com\/#website"},"datePublished":"2025-12-17T17:03:42+00:00","breadcrumb":{"@id":"https:\/\/noticiasya.com\/2025\/12\/17\/ecuador-eeuu-operaciones-militares-narcotrafico-orix\/#breadcrumb"},"inLanguage":"es","potentialAction":[{"@type":"ReadAction","target":["https:\/\/noticiasya.com\/2025\/12\/17\/ecuador-eeuu-operaciones-militares-narcotrafico-orix\/"]}]},{"@type":"BreadcrumbList","@id":"https:\/\/noticiasya.com\/2025\/12\/17\/ecuador-eeuu-operaciones-militares-narcotrafico-orix\/#breadcrumb","itemListElement":[{"@type":"ListItem","position":1,"name":"Home","item":"https:\/\/noticiasya.com\/"},{"@type":"ListItem","position":2,"name":"Estados Unidos y Ecuador activan de forma temporal una operaci\u00f3n militar a\u00e9rea contra el narcoterrorismo"}]},{"@type":"WebSite","@id":"https:\/\/noticiasya.com\/#website","url":"https:\/\/noticiasya.com\/","name":"Noticias","description":"Lo que importa","publisher":{"@id":"https:\/\/noticiasya.com\/#organization"},"potentialAction":[{"@type":"SearchAction","target":{"@type":"EntryPoint","urlTemplate":"https:\/\/noticiasya.com\/?s={search_term_string}"},"query-input":{"@type":"PropertyValueSpecification","valueRequired":true,"valueName":"search_term_string"}}],"inLanguage":"es"},{"@type":"Organization","@id":"https:\/\/noticiasya.com\/#organization","name":"Noticias","url":"https:\/\/noticiasya.com\/","logo":{"@type":"ImageObject","inLanguage":"es","@id":"https:\/\/noticiasya.com\/#\/schema\/logo\/image\/","url":"https:\/\/noticiasya.com\/wp-content\/uploads\/sites\/22\/2023\/12\/logo-nacional.png","contentUrl":"https:\/\/noticiasya.com\/wp-content\/uploads\/sites\/22\/2023\/12\/logo-nacional.png","width":1801,"height":691,"caption":"Noticias"},"image":{"@id":"https:\/\/noticiasya.com\/#\/schema\/logo\/image\/"}}]}},"parsely":{"version":"1.1.0","canonical_url":"https:\/\/noticiasya.com\/midland-odessa\/2025\/12\/17\/ecuador-eeuu-operaciones-militares-narcotrafico-orix\/","smart_links":{"inbound":0,"outbound":0},"traffic_boost_suggestions_count":0,"meta":{"@context":"https:\/\/schema.org","@type":"NewsArticle","headline":"Estados Unidos y Ecuador activan de forma temporal una operaci\u00f3n militar a\u00e9rea contra el narcoterrorismo","url":"http:\/\/noticiasya.com\/midland-odessa\/2025\/12\/17\/ecuador-eeuu-operaciones-militares-narcotrafico-orix\/","mainEntityOfPage":{"@type":"WebPage","@id":"http:\/\/noticiasya.com\/midland-odessa\/2025\/12\/17\/ecuador-eeuu-operaciones-militares-narcotrafico-orix\/"},"thumbnailUrl":"","image":{"@type":"ImageObject","url":""},"articleSection":"Noticias Nacionales","author":[],"creator":[],"publisher":{"@type":"Organization","name":"Noticias","logo":""},"keywords":[],"dateCreated":"2025-12-17T17:03:42Z","datePublished":"2025-12-17T17:03:42Z","dateModified":"2025-12-17T17:03:42Z"},"rendered":"<script type=\"application\/ld+json\" class=\"wp-parsely-metadata\">{\"@context\":\"https:\\\/\\\/schema.org\",\"@type\":\"NewsArticle\",\"headline\":\"Estados Unidos y Ecuador activan de forma temporal una operaci\\u00f3n militar a\\u00e9rea contra el narcoterrorismo\",\"url\":\"http:\\\/\\\/noticiasya.com\\\/midland-odessa\\\/2025\\\/12\\\/17\\\/ecuador-eeuu-operaciones-militares-narcotrafico-orix\\\/\",\"mainEntityOfPage\":{\"@type\":\"WebPage\",\"@id\":\"http:\\\/\\\/noticiasya.com\\\/midland-odessa\\\/2025\\\/12\\\/17\\\/ecuador-eeuu-operaciones-militares-narcotrafico-orix\\\/\"},\"thumbnailUrl\":\"\",\"image\":{\"@type\":\"ImageObject\",\"url\":\"\"},\"articleSection\":\"Noticias Nacionales\",\"author\":[],\"creator\":[],\"publisher\":{\"@type\":\"Organization\",\"name\":\"Noticias\",\"logo\":\"\"},\"keywords\":[],\"dateCreated\":\"2025-12-17T17:03:42Z\",\"datePublished\":\"2025-12-17T17:03:42Z\",\"dateModified\":\"2025-12-17T17:03:42Z\"}<\/script>","tracker_url":"https:\/\/cdn.parsely.com\/keys\/noticiasya.com\/p.js"},"jetpack_featured_media_url":"","jetpack-related-posts":[{"id":1458007,"url":"https:\/\/noticiasya.com\/midland-odessa\/2025\/01\/29\/ecuador-vuelo-deportacion-ee-uu-orix\/","url_meta":{"origin":1469347,"position":0},"title":"Llega a Ecuador un vuelo de deportaci\u00f3n adicional desde EE.UU., dice la Canciller\u00eda","author":"","date":"enero 29, 2025","format":false,"excerpt":"Unos 80 migrantes ecuatorianos deportados de Estados Unidos trasladados en un vuelo militar de la Fuerza A\u00e9rea proveniente de Texas arribaron al aeropuerto de Guayaquil este martes por la noche, comunic\u00f3 la Canciller\u00eda de Ecuador en X.Seg\u00fan la Canciller\u00eda, este vuelo se sum\u00f3 a las operaciones a\u00e9reas habituales para retornar\u2026","rel":"","context":"In &quot;Noticias Nacionales&quot;","block_context":{"text":"Noticias Nacionales","link":"https:\/\/noticiasya.com\/midland-odessa\/categoria\/noticias-nacionales"},"img":{"alt_text":"","src":"","width":0,"height":0},"classes":[]},{"id":1468262,"url":"https:\/\/noticiasya.com\/midland-odessa\/2025\/11\/12\/ecuador-noboa-noem-base-manta-eeuu-orix\/","url_meta":{"origin":1469347,"position":1},"title":"A d\u00edas del refer\u00e9ndum, la visita de Kristi Noem a Ecuador dej\u00f3 m\u00e1s incertidumbre que claridad sobre un tema clave","author":"","date":"noviembre 12, 2025","format":false,"excerpt":"La visita de la secretaria de Seguridad Nacional de Estados Unidos, Kristi Noem, a la costa de Ecuador la semana pasada desat\u00f3 una serie de preguntas y cuestionamientos, a menos de una semana del refer\u00e9ndum en el que la poblaci\u00f3n decidir\u00e1 si quiere o no que bases militares extranjeras se\u2026","rel":"","context":"In &quot;Noticias Nacionales&quot;","block_context":{"text":"Noticias Nacionales","link":"https:\/\/noticiasya.com\/midland-odessa\/categoria\/noticias-nacionales"},"img":{"alt_text":"","src":"","width":0,"height":0},"classes":[]},{"id":1468015,"url":"https:\/\/noticiasya.com\/midland-odessa\/2025\/11\/04\/noboa-ecuador-base-militar-eeuu-galapagos-orix\/","url_meta":{"origin":1469347,"position":2},"title":"Noboa quiere una base de EE.UU. en Ecuador. \u00bfPor qu\u00e9 Gal\u00e1pagos podr\u00eda ser un punto estrat\u00e9gico?","author":"","date":"noviembre 4, 2025","format":false,"excerpt":"Ecuador vive uno de sus momentos m\u00e1s dif\u00edciles en el combate contra el crimen organizado y el narcotr\u00e1fico, y los esfuerzos locales parecen no lograr los resultados que los ecuatorianos reclaman a gritos para poder vivir con algo de paz.A esto se suma la presi\u00f3n por los ataques de Estados\u2026","rel":"","context":"In &quot;Noticias Nacionales&quot;","block_context":{"text":"Noticias Nacionales","link":"https:\/\/noticiasya.com\/midland-odessa\/categoria\/noticias-nacionales"},"img":{"alt_text":"","src":"","width":0,"height":0},"classes":[]},{"id":1463987,"url":"https:\/\/noticiasya.com\/midland-odessa\/2025\/06\/26\/asi-capturaron-alias-fito-ecuador-orix\/","url_meta":{"origin":1469347,"position":3},"title":"En una lujosa casa que ocultaba un b\u00fanker capturaron a alias &#171;Fito&#187;. \u00bfC\u00f3mo localizaron al hombre m\u00e1s buscado de Ecuador?","author":"","date":"junio 26, 2025","format":false,"excerpt":"La Polic\u00eda Nacional y las Fuerzas Armadas de Ecuador llevaban casi 18 meses intentando localizar a Adolfo Mac\u00edas, alias \u201cFito\u201d, quien se fug\u00f3 de la C\u00e1rcel Regional de Guayaquil en enero de 2024 y se convirti\u00f3 en el hombre m\u00e1s buscado de Ecuador dentro y fuera de sus fronteras.El l\u00edder\u2026","rel":"","context":"In &quot;Noticias Nacionales&quot;","block_context":{"text":"Noticias Nacionales","link":"https:\/\/noticiasya.com\/midland-odessa\/categoria\/noticias-nacionales"},"img":{"alt_text":"","src":"","width":0,"height":0},"classes":[]},{"id":1471973,"url":"https:\/\/noticiasya.com\/midland-odessa\/2026\/03\/06\/ecuador-operacion-apoyo-eeuu-campamento-narcotrafico-orix\/","url_meta":{"origin":1469347,"position":4},"title":"Con apoyo de EE.UU., Ecuador destruye un supuesto campamento de disidencias de las FARC","author":"","date":"marzo 6, 2026","format":false,"excerpt":"En una operaci\u00f3n contra grupos delictivos apoyada por Estados Unidos, las Fuerzas Armadas de Ecuador destruyeron este viernes un supuesto campamento de Comandos de la Frontera, un grupo disidente de la extinta guerrilla de las Fuerzas Armadas Revolucionarias de Colombia (FARC), seg\u00fan inform\u00f3 el Ministerio de Defensa de Ecuador en\u2026","rel":"","context":"In &quot;Noticias Nacionales&quot;","block_context":{"text":"Noticias Nacionales","link":"https:\/\/noticiasya.com\/midland-odessa\/categoria\/noticias-nacionales"},"img":{"alt_text":"","src":"","width":0,"height":0},"classes":[]},{"id":1459504,"url":"https:\/\/noticiasya.com\/midland-odessa\/2025\/03\/04\/incautacion-droga-mar-galapagos-ecuador-narcotrafico-orix\/","url_meta":{"origin":1469347,"position":5},"title":"Nueva incautaci\u00f3n de droga en el mar de las Gal\u00e1pagos; Ecuador busca m\u00e1s apoyo internacional en el combate al narcotr\u00e1fico","author":"","date":"marzo 4, 2025","format":false,"excerpt":"La Polic\u00eda de Ecuador inform\u00f3 este martes sobre la incautaci\u00f3n de m\u00e1s de una tonelada de droga en el mar que rodea las emblem\u00e1ticas islas Gal\u00e1pagos, donde las autoridades del pa\u00eds realizan labores en cooperaci\u00f3n con Estados Unidos.La operaci\u00f3n de incautaci\u00f3n se realiz\u00f3 en alta mar cerca de la isla\u2026","rel":"","context":"In &quot;Noticias Nacionales&quot;","block_context":{"text":"Noticias Nacionales","link":"https:\/\/noticiasya.com\/midland-odessa\/categoria\/noticias-nacionales"},"img":{"alt_text":"","src":"","width":0,"height":0},"classes":[]}],"jetpack_sharing_enabled":true,"_links":{"self":[{"href":"https:\/\/noticiasya.com\/midland-odessa\/wp-json\/wp\/v2\/posts\/1469347","targetHints":{"allow":["GET"]}}],"collection":[{"href":"https:\/\/noticiasya.com\/midland-odessa\/wp-json\/wp\/v2\/posts"}],"about":[{"href":"https:\/\/noticiasya.com\/midland-odessa\/wp-json\/wp\/v2\/types\/post"}],"replies":[{"embeddable":true,"href":"https:\/\/noticiasya.com\/midland-odessa\/wp-json\/wp\/v2\/comments?post=1469347"}],"version-history":[{"count":0,"href":"https:\/\/noticiasya.com\/midland-odessa\/wp-json\/wp\/v2\/posts\/1469347\/revisions"}],"wp:attachment":[{"href":"https:\/\/noticiasya.com\/midland-odessa\/wp-json\/wp\/v2\/media?parent=1469347"}],"wp:term":[{"taxonomy":"category","embeddable":true,"href":"https:\/\/noticiasya.com\/midland-odessa\/wp-json\/wp\/v2\/categories?post=1469347"},{"taxonomy":"post_tag","embeddable":true,"href":"https:\/\/noticiasya.com\/midland-odessa\/wp-json\/wp\/v2\/tags?post=1469347"}],"curies":[{"name":"wp","href":"https:\/\/api.w.org\/{rel}","templated":true}]}}