{"id":1469352,"date":"2025-12-17T13:03:44","date_gmt":"2025-12-17T21:03:44","guid":{"rendered":"https:\/\/noticiasya.com\/2025\/12\/17\/acusaciones-corrupcion-acoso-sexual-psoe-pedro-sanchez-orix\/"},"modified":"2025-12-17T13:03:44","modified_gmt":"2025-12-17T21:03:44","slug":"acusaciones-corrupcion-acoso-sexual-psoe-pedro-sanchez-orix","status":"publish","type":"post","link":"https:\/\/noticiasya.com\/midland-odessa\/2025\/12\/17\/acusaciones-corrupcion-acoso-sexual-psoe-pedro-sanchez-orix\/","title":{"rendered":"Acusaciones de corrupci\u00f3n y acoso en el partido de Pedro S\u00e1nchez: estas son las pol\u00e9micas que debilitan al Gobierno de Espa\u00f1a"},"content":{"rendered":"<p>Este 2025 no parece que vaya a terminar como un buen a\u00f1o para el Gobierno de Coalici\u00f3n en Espa\u00f1a. A lo largo de los \u00faltimos meses, la acci\u00f3n del ejecutivo liderado por Pedro S\u00e1nchez se ha visto empa\u00f1ada por una serie de esc\u00e1ndalos que acechan el entorno del Partido Socialista Obrero Espa\u00f1ol, as\u00ed como por la p\u00e9rdida de apoyos en el Congreso de los Diputados, relegando la actividad legislativa a un segundo plano.<\/p>\n<p>Ya estas pol\u00e9micas giran, principalmente, en torno a personas que eran de la confianza del presidente del Gobierno de Espa\u00f1a.<\/p>\n<p>En primer lugar, destacan los presuntos casos de corrupci\u00f3n que afectan a los dos \u00faltimos secretarios de organizaci\u00f3n del Partido Socialista Obrero Espa\u00f1ol (PSOE), Santos Cerd\u00e1n y Jos\u00e9 Lu\u00eds \u00c1balos, y a la pieza separada vinculada de esta investigaci\u00f3n inicial -que recibe el nombre de <a href=\"https:\/\/nam11.safelinks.protection.outlook.com\/?url=https%3A%2F%2Fcnnespanol.cnn.com%2F2025%2F07%2F09%2Fespana%2Fpedro-sanchez-limpio-corrupcion-orix&#038;data=05%7C02%7Cgerman.padinger%40cnn.com%7Ca9335b1819bc4d330a7208de3cc33b91%7C0eb48825e8714459bc72d0ecd68f1f39%7C0%7C0%7C639015006390107377%7CUnknown%7CTWFpbGZsb3d8eyJFbXB0eU1hcGkiOnRydWUsIlYiOiIwLjAuMDAwMCIsIlAiOiJXaW4zMiIsIkFOIjoiTWFpbCIsIldUIjoyfQ%3D%3D%7C0%7C%7C%7C&#038;sdata=WAKSlfUppVEI4mHmDLIE%2FMyIQ4yYuyZ98Gl%2Fw1dgi68%3D&#038;reserved=0\">Caso Koldo<\/a>&#8211;  donde la Audiencia Nacional indaga sobre posibles pagos irregulares en efectivo del partido a \u00c1balos y quien fuera su asesor, Koldo Garc\u00eda, entre los a\u00f1os 2017 y 2024. Irregularidades que desde el partido han negado en las \u00faltimas semanas.<\/p>\n<p>En segundo lugar, el malestar generado dentro del propio PSOE -del que S\u00e1nchez es su secretario general- por la gesti\u00f3n de las acusaciones de acoso sexual vertidas por mujeres de la organizaci\u00f3n contra Francisco Salazar, quien iba a sustituir a Cerd\u00e1n al frente de la secretar\u00eda de organizaci\u00f3n.<\/p>\n<p>Una pol\u00e9mica que arranc\u00f3 el pasado mes de julio despu\u00e9s de que el medio espa\u00f1ol \u201cElDiario.es\u201d publicara los testimonios de dos mujeres que aseguraban haber sido v\u00edctimas de \u201ccomportamientos inadecuados\u201d por parte de Salazar. A la vista de la gravedad de las acusaciones, el partido abri\u00f3 un canal interno para que las personas que lo desearan pudieran hacer llegar denuncias an\u00f3nimas de forma telem\u00e1tica.<\/p>\n<p>Estos hechos llevaron a que renunciara asumir el cargo de secretario de organizaci\u00f3n que se le hab\u00eda ofrecido y, posteriormente, en noviembre, se dio de baja como militante. Dado que desde el pasado mes de julio Salazar no se ha pronunciado p\u00fablicamente sobre esta situaci\u00f3n, CNN est\u00e1 intentando averiguar si cuenta con asistencia letrada para saber c\u00f3mo se pronuncia al respecto de las acusaciones.<\/p>\n<p>Pero las denuncias que se presentaron no fueron debidamente atendidas, incluso llegando a desaparecer del mismo canal, seg\u00fan public\u00f3 \u201cElDiario.es\u201d. Una situaci\u00f3n que vali\u00f3 las disculpas p\u00fablicas del partido. \u201cReconocemos abiertamente que se ha fallado en la comunicaci\u00f3n con ellas\u201d, <a href=\"https:\/\/nam11.safelinks.protection.outlook.com\/?url=https%3A%2F%2Fwww.youtube.com%2Flive%2Fk4e7wGGlu5s%3Fsi%3DL6XpH3AvWbS3RwFN%26t%3D238&#038;data=05%7C02%7Cgerman.padinger%40cnn.com%7Ca9335b1819bc4d330a7208de3cc33b91%7C0eb48825e8714459bc72d0ecd68f1f39%7C0%7C0%7C639015006390132081%7CUnknown%7CTWFpbGZsb3d8eyJFbXB0eU1hcGkiOnRydWUsIlYiOiIwLjAuMDAwMCIsIlAiOiJXaW4zMiIsIkFOIjoiTWFpbCIsIldUIjoyfQ%3D%3D%7C0%7C%7C%7C&#038;sdata=I9vppNJCtFE7Wc7N9yO67z8qPzagn%2B5038mAewFwI7A%3D&#038;reserved=0\">se disculpaba Rebeca Torr\u00f3<\/a>, la actual secretaria de organizaci\u00f3n, el pasado 12 de diciembre desde la sede Socialista.<\/p>\n<p>\u201cHemos cometido errores, como todos\u201d, <a href=\"https:\/\/nam11.safelinks.protection.outlook.com\/?url=https%3A%2F%2Fwww.youtube.com%2Flive%2F4w1Vmj3mj1I%3Fsi%3DlSzlT_Idy2j1kXLo%26t%3D325&#038;data=05%7C02%7Cgerman.padinger%40cnn.com%7Ca9335b1819bc4d330a7208de3cc33b91%7C0eb48825e8714459bc72d0ecd68f1f39%7C0%7C0%7C639015006390151722%7CUnknown%7CTWFpbGZsb3d8eyJFbXB0eU1hcGkiOnRydWUsIlYiOiIwLjAuMDAwMCIsIlAiOiJXaW4zMiIsIkFOIjoiTWFpbCIsIldUIjoyfQ%3D%3D%7C0%7C%7C%7C&#038;sdata=kfsTQVo4KbVPMdJ5lInfqHTy7aHwruQKfK%2BBajBG2uU%3D&#038;reserved=0\">reconoc\u00eda S\u00e1nchez<\/a> este lunes al abordar el asunto en un acto donde rindi\u00f3 cuentas sobre la actividad del Ejecutivo a lo largo de este a\u00f1o. No obstante, quiso a\u00f1adir que \u201cel compromiso del Gobierno y del Partido Socialista con el <a href=\"https:\/\/nam11.safelinks.protection.outlook.com\/?url=https%3A%2F%2Fwww.youtube.com%2Flive%2F4w1Vmj3mj1I%3Fsi%3DjqWaNkKZc1DQxjmD%26t%3D193&#038;data=05%7C02%7Cgerman.padinger%40cnn.com%7Ca9335b1819bc4d330a7208de3cc33b91%7C0eb48825e8714459bc72d0ecd68f1f39%7C0%7C0%7C639015006390171083%7CUnknown%7CTWFpbGZsb3d8eyJFbXB0eU1hcGkiOnRydWUsIlYiOiIwLjAuMDAwMCIsIlAiOiJXaW4zMiIsIkFOIjoiTWFpbCIsIldUIjoyfQ%3D%3D%7C0%7C%7C%7C&#038;sdata=zzl92u8%2F4SDdThgKVf4rGObXrq%2B4boDszGKlE26D6DU%3D&#038;reserved=0\">feminismo es absoluto<\/a> \u201d.<\/p>\n<p>Ahora bien, en cuanto a los presuntos  casos de corrupci\u00f3n que actualmente est\u00e1n siendo investigados, afirm\u00f3 que <a href=\"https:\/\/nam11.safelinks.protection.outlook.com\/?url=https%3A%2F%2Fwww.youtube.com%2Flive%2F4w1Vmj3mj1I%3Fsi%3DCVCkeOuQSe5qfiaU%26t%3D399&#038;data=05%7C02%7Cgerman.padinger%40cnn.com%7Ca9335b1819bc4d330a7208de3cc33b91%7C0eb48825e8714459bc72d0ecd68f1f39%7C0%7C0%7C639015006390189962%7CUnknown%7CTWFpbGZsb3d8eyJFbXB0eU1hcGkiOnRydWUsIlYiOiIwLjAuMDAwMCIsIlAiOiJXaW4zMiIsIkFOIjoiTWFpbCIsIldUIjoyfQ%3D%3D%7C0%7C%7C%7C&#038;sdata=jnFfmvmMA1uBbb9dWu3SWHt99e4seqmvraZq7Sig%2FE8%3D&#038;reserved=0\">est\u00e1n actuando<\/a> \u201ccon total contundencia\u201d, \u201ccolaborando con la justicia y los cuerpos de seguridad el Estado\u201d.<\/p>\n<p>Pero m\u00e1s all\u00e1 de las disculpas y las promesas de mano firme parece que falta algo m\u00e1s por hacer para avanzar en la acci\u00f3n de Gobierno. Al menos as\u00ed lo creen los socios de coalici\u00f3n, aquellos que forman parte de Sumar. \u201cSe acab\u00f3 los cambios y las reformas cosm\u00e9ticas, hay un punto y aparte y toca actuar\u201d, aseveraba el pasado viernes la vicepresidenta segunda y Ministra de Trabajo y Econom\u00eda Social del Gobierno de Espa\u00f1a, Yolanda D\u00edaz, cuando era entrevistada en la cadena de televisi\u00f3n La Sexta.<\/p>\n<p>\u201cToca un cambio absolutamente profundo en el equipo de Gobierno\u201d, a\u00f1ad\u00eda.<\/p>\n<p>Sin embargo, esa cuesti\u00f3n no figura entre las prioridades del presidente. En la rueda de prensa ofrecida tres d\u00edas despu\u00e9s y a pregunta de los periodistas sobre esta cuesti\u00f3n, S\u00e1nchez rechaz\u00f3 hacer cualquier reforma del Ejecutivo. \u201cEste Gobierno (\u2026) est\u00e1 haciendo una gesti\u00f3n extraordinaria\u201d, afirmaba.<\/p>\n<p>Una respuesta que no calm\u00f3 los \u00e1nimos del socio de coalici\u00f3n. Incluso, los partidos que integran Sumar publicaron este martes un comunicado donde exigen al PSOE \u201cuna respuesta a la altura del momento hist\u00f3rico\u201d y solicitan una reuni\u00f3n urgente \u201cpara analizar la situaci\u00f3n actual\u201d.<\/p>\n<p>Pero las preocupaciones del Gobierno no se limitan a lo que ocurre en el entorno de los partidos que forman la coalici\u00f3n, sino que tambi\u00e9n a sus posibilidades dentro del Parlamento.<\/p>\n<p>A finales de octubre, la formaci\u00f3n independentista catalana Junts per Catalunya decidi\u00f3 retirarle su apoyo en la c\u00e1mara por considerar que no se estaban ejecutando \u201cen tiempo y forma\u201d los acuerdos pol\u00edticos establecidos en el documento que Junts y el PSOE firmaron en noviembre de 2023 para apoyar la investidura de S\u00e1nchez como presidente.<\/p>\n<p>Sin este apoyo, el oficialismo pierde la capacidad de alcanzar la mayor\u00eda absoluta (179 votos) para aprobar iniciativas legislativas. Un bloqueo legislativo no parece preocupar demasiado al presidente -no en p\u00fablico, al menos-, quien asegura que lograr\u00e1 agotar la legislatura de todas formas.<\/p>\n<p>\u201cLa relaci\u00f3n con Junts, ustedes lo saben, est\u00e1 rota; pero lo que el Gobierno quiere es tender la mano\u201d, <a href=\"https:\/\/nam11.safelinks.protection.outlook.com\/?url=http%3A%2F%2Fxn--ivg.https%2Fwww.youtube.com%2Flive%2F4w1Vmj3mj1I%3Fsi%3DA-nUZPMmWpNxRcWm%26t%3D3718&#038;data=05%7C02%7Cgerman.padinger%40cnn.com%7Ca9335b1819bc4d330a7208de3cc33b91%7C0eb48825e8714459bc72d0ecd68f1f39%7C0%7C0%7C639015006390208863%7CUnknown%7CTWFpbGZsb3d8eyJFbXB0eU1hcGkiOnRydWUsIlYiOiIwLjAuMDAwMCIsIlAiOiJXaW4zMiIsIkFOIjoiTWFpbCIsIldUIjoyfQ%3D%3D%7C0%7C%7C%7C&#038;sdata=Y0nGzz1TgrnyjbeN4z63UwpccjM0jZ%2FOfoEuNVCHMOY%3D&#038;reserved=0\">apunt\u00f3 S\u00e1nchez<\/a> este lunes. \u201cLo que nos corresponde (\u2026) es partir de cero en cada votaci\u00f3n, dialogar, negociar\u201d, <a href=\"https:\/\/nam11.safelinks.protection.outlook.com\/?url=https%3A%2F%2Fwww.youtube.com%2Flive%2F4w1Vmj3mj1I%3Fsi%3D9bBXSD3Y4VzP-GGS%26t%3D636&#038;data=05%7C02%7Cgerman.padinger%40cnn.com%7Ca9335b1819bc4d330a7208de3cc33b91%7C0eb48825e8714459bc72d0ecd68f1f39%7C0%7C0%7C639015006390227740%7CUnknown%7CTWFpbGZsb3d8eyJFbXB0eU1hcGkiOnRydWUsIlYiOiIwLjAuMDAwMCIsIlAiOiJXaW4zMiIsIkFOIjoiTWFpbCIsIldUIjoyfQ%3D%3D%7C0%7C%7C%7C&#038;sdata=24GERlAlyCoR3iJU9UPd3TPXhnYW%2B5jDYbZszEZ8ERE%3D&#038;reserved=0\">agreg\u00f3<\/a>. Su meta, dijo, es \u201cbuscar apoyo hasta debajo de las piedras\u201d para garantizar la marcha de la legislatura.<\/p>\n<p>The-CNN-Wire<br \/>&trade; &amp; &copy; 2025 Cable News Network, Inc., a Warner Bros. Discovery Company. All rights reserved.<\/p>\n","protected":false},"excerpt":{"rendered":"<p>Este 2025 no parece que vaya a terminar como un buen a\u00f1o para el Gobierno de Coalici\u00f3n en Espa\u00f1a. A lo largo de los \u00faltimos meses, la acci\u00f3n del ejecutivo liderado por Pedro S\u00e1nchez se ha visto empa\u00f1ada por una serie de esc\u00e1ndalos que acechan el entorno del Partido Socialista Obrero Espa\u00f1ol, as\u00ed como por [&hellip;]<\/p>\n","protected":false},"author":0,"featured_media":0,"comment_status":"open","ping_status":"open","sticky":false,"template":"","format":"standard","meta":{"_jetpack_memberships_contains_paid_content":false,"footnotes":""},"categories":[10],"tags":[],"class_list":["post-1469352","post","type-post","status-publish","format-standard","hentry","category-noticias-nacionales","market-global"],"yoast_head":"<!-- This site is optimized with the Yoast SEO plugin v24.4 - https:\/\/yoast.com\/wordpress\/plugins\/seo\/ -->\n<title>Acusaciones de corrupci\u00f3n y acoso en el partido de Pedro S\u00e1nchez: estas son las pol\u00e9micas que debilitan al Gobierno de Espa\u00f1a - Noticias<\/title>\n<meta name=\"robots\" content=\"index, follow, max-snippet:-1, max-image-preview:large, max-video-preview:-1\" \/>\n<link rel=\"canonical\" href=\"https:\/\/noticiasya.com\/2025\/12\/17\/acusaciones-corrupcion-acoso-sexual-psoe-pedro-sanchez-orix\/\" \/>\n<meta property=\"og:locale\" content=\"es_ES\" \/>\n<meta property=\"og:type\" content=\"article\" \/>\n<meta property=\"og:title\" content=\"Acusaciones de corrupci\u00f3n y acoso en el partido de Pedro S\u00e1nchez: estas son las pol\u00e9micas que debilitan al Gobierno de Espa\u00f1a - Noticias\" \/>\n<meta property=\"og:description\" content=\"Este 2025 no parece que vaya a terminar como un buen a\u00f1o para el Gobierno de Coalici\u00f3n en Espa\u00f1a. A lo largo de los \u00faltimos meses, la acci\u00f3n del ejecutivo liderado por Pedro S\u00e1nchez se ha visto empa\u00f1ada por una serie de esc\u00e1ndalos que acechan el entorno del Partido Socialista Obrero Espa\u00f1ol, as\u00ed como por [&hellip;]\" \/>\n<meta property=\"og:url\" content=\"https:\/\/noticiasya.com\/2025\/12\/17\/acusaciones-corrupcion-acoso-sexual-psoe-pedro-sanchez-orix\/\" \/>\n<meta property=\"og:site_name\" content=\"Noticias\" \/>\n<meta property=\"article:published_time\" content=\"2025-12-17T21:03:44+00:00\" \/>\n<meta name=\"twitter:card\" content=\"summary_large_image\" \/>\n<meta name=\"twitter:label1\" content=\"Est. reading time\" \/>\n\t<meta name=\"twitter:data1\" content=\"5 minutos\" \/>\n<script type=\"application\/ld+json\" class=\"yoast-schema-graph\">{\"@context\":\"https:\/\/schema.org\",\"@graph\":[{\"@type\":\"Article\",\"@id\":\"https:\/\/noticiasya.com\/2025\/12\/17\/acusaciones-corrupcion-acoso-sexual-psoe-pedro-sanchez-orix\/#article\",\"isPartOf\":{\"@id\":\"https:\/\/noticiasya.com\/2025\/12\/17\/acusaciones-corrupcion-acoso-sexual-psoe-pedro-sanchez-orix\/\"},\"author\":{\"name\":\"\",\"@id\":\"\"},\"headline\":\"Acusaciones de corrupci\u00f3n y acoso en el partido de Pedro S\u00e1nchez: estas son las pol\u00e9micas que debilitan al Gobierno de Espa\u00f1a\",\"datePublished\":\"2025-12-17T21:03:44+00:00\",\"mainEntityOfPage\":{\"@id\":\"https:\/\/noticiasya.com\/2025\/12\/17\/acusaciones-corrupcion-acoso-sexual-psoe-pedro-sanchez-orix\/\"},\"wordCount\":980,\"commentCount\":0,\"publisher\":{\"@id\":\"https:\/\/noticiasya.com\/#organization\"},\"articleSection\":[\"Noticias Nacionales\"],\"inLanguage\":\"es\",\"potentialAction\":[{\"@type\":\"CommentAction\",\"name\":\"Comment\",\"target\":[\"https:\/\/noticiasya.com\/2025\/12\/17\/acusaciones-corrupcion-acoso-sexual-psoe-pedro-sanchez-orix\/#respond\"]}]},{\"@type\":\"WebPage\",\"@id\":\"https:\/\/noticiasya.com\/2025\/12\/17\/acusaciones-corrupcion-acoso-sexual-psoe-pedro-sanchez-orix\/\",\"url\":\"https:\/\/noticiasya.com\/2025\/12\/17\/acusaciones-corrupcion-acoso-sexual-psoe-pedro-sanchez-orix\/\",\"name\":\"Acusaciones de corrupci\u00f3n y acoso en el partido de Pedro S\u00e1nchez: estas son las pol\u00e9micas que debilitan al Gobierno de Espa\u00f1a - Noticias\",\"isPartOf\":{\"@id\":\"https:\/\/noticiasya.com\/#website\"},\"datePublished\":\"2025-12-17T21:03:44+00:00\",\"breadcrumb\":{\"@id\":\"https:\/\/noticiasya.com\/2025\/12\/17\/acusaciones-corrupcion-acoso-sexual-psoe-pedro-sanchez-orix\/#breadcrumb\"},\"inLanguage\":\"es\",\"potentialAction\":[{\"@type\":\"ReadAction\",\"target\":[\"https:\/\/noticiasya.com\/2025\/12\/17\/acusaciones-corrupcion-acoso-sexual-psoe-pedro-sanchez-orix\/\"]}]},{\"@type\":\"BreadcrumbList\",\"@id\":\"https:\/\/noticiasya.com\/2025\/12\/17\/acusaciones-corrupcion-acoso-sexual-psoe-pedro-sanchez-orix\/#breadcrumb\",\"itemListElement\":[{\"@type\":\"ListItem\",\"position\":1,\"name\":\"Home\",\"item\":\"https:\/\/noticiasya.com\/\"},{\"@type\":\"ListItem\",\"position\":2,\"name\":\"Acusaciones de corrupci\u00f3n y acoso en el partido de Pedro S\u00e1nchez: estas son las pol\u00e9micas que debilitan al Gobierno de Espa\u00f1a\"}]},{\"@type\":\"WebSite\",\"@id\":\"https:\/\/noticiasya.com\/#website\",\"url\":\"https:\/\/noticiasya.com\/\",\"name\":\"Noticias\",\"description\":\"Lo que importa\",\"publisher\":{\"@id\":\"https:\/\/noticiasya.com\/#organization\"},\"potentialAction\":[{\"@type\":\"SearchAction\",\"target\":{\"@type\":\"EntryPoint\",\"urlTemplate\":\"https:\/\/noticiasya.com\/?s={search_term_string}\"},\"query-input\":{\"@type\":\"PropertyValueSpecification\",\"valueRequired\":true,\"valueName\":\"search_term_string\"}}],\"inLanguage\":\"es\"},{\"@type\":\"Organization\",\"@id\":\"https:\/\/noticiasya.com\/#organization\",\"name\":\"Noticias\",\"url\":\"https:\/\/noticiasya.com\/\",\"logo\":{\"@type\":\"ImageObject\",\"inLanguage\":\"es\",\"@id\":\"https:\/\/noticiasya.com\/#\/schema\/logo\/image\/\",\"url\":\"https:\/\/noticiasya.com\/wp-content\/uploads\/sites\/22\/2023\/12\/logo-nacional.png\",\"contentUrl\":\"https:\/\/noticiasya.com\/wp-content\/uploads\/sites\/22\/2023\/12\/logo-nacional.png\",\"width\":1801,\"height\":691,\"caption\":\"Noticias\"},\"image\":{\"@id\":\"https:\/\/noticiasya.com\/#\/schema\/logo\/image\/\"}}]}<\/script>\n<!-- \/ Yoast SEO plugin. -->","yoast_head_json":{"title":"Acusaciones de corrupci\u00f3n y acoso en el partido de Pedro S\u00e1nchez: estas son las pol\u00e9micas que debilitan al Gobierno de Espa\u00f1a - Noticias","robots":{"index":"index","follow":"follow","max-snippet":"max-snippet:-1","max-image-preview":"max-image-preview:large","max-video-preview":"max-video-preview:-1"},"canonical":"https:\/\/noticiasya.com\/2025\/12\/17\/acusaciones-corrupcion-acoso-sexual-psoe-pedro-sanchez-orix\/","og_locale":"es_ES","og_type":"article","og_title":"Acusaciones de corrupci\u00f3n y acoso en el partido de Pedro S\u00e1nchez: estas son las pol\u00e9micas que debilitan al Gobierno de Espa\u00f1a - Noticias","og_description":"Este 2025 no parece que vaya a terminar como un buen a\u00f1o para el Gobierno de Coalici\u00f3n en Espa\u00f1a. A lo largo de los \u00faltimos meses, la acci\u00f3n del ejecutivo liderado por Pedro S\u00e1nchez se ha visto empa\u00f1ada por una serie de esc\u00e1ndalos que acechan el entorno del Partido Socialista Obrero Espa\u00f1ol, as\u00ed como por [&hellip;]","og_url":"https:\/\/noticiasya.com\/2025\/12\/17\/acusaciones-corrupcion-acoso-sexual-psoe-pedro-sanchez-orix\/","og_site_name":"Noticias","article_published_time":"2025-12-17T21:03:44+00:00","twitter_card":"summary_large_image","twitter_misc":{"Est. reading time":"5 minutos"},"schema":{"@context":"https:\/\/schema.org","@graph":[{"@type":"Article","@id":"https:\/\/noticiasya.com\/2025\/12\/17\/acusaciones-corrupcion-acoso-sexual-psoe-pedro-sanchez-orix\/#article","isPartOf":{"@id":"https:\/\/noticiasya.com\/2025\/12\/17\/acusaciones-corrupcion-acoso-sexual-psoe-pedro-sanchez-orix\/"},"author":{"name":"","@id":""},"headline":"Acusaciones de corrupci\u00f3n y acoso en el partido de Pedro S\u00e1nchez: estas son las pol\u00e9micas que debilitan al Gobierno de Espa\u00f1a","datePublished":"2025-12-17T21:03:44+00:00","mainEntityOfPage":{"@id":"https:\/\/noticiasya.com\/2025\/12\/17\/acusaciones-corrupcion-acoso-sexual-psoe-pedro-sanchez-orix\/"},"wordCount":980,"commentCount":0,"publisher":{"@id":"https:\/\/noticiasya.com\/#organization"},"articleSection":["Noticias Nacionales"],"inLanguage":"es","potentialAction":[{"@type":"CommentAction","name":"Comment","target":["https:\/\/noticiasya.com\/2025\/12\/17\/acusaciones-corrupcion-acoso-sexual-psoe-pedro-sanchez-orix\/#respond"]}]},{"@type":"WebPage","@id":"https:\/\/noticiasya.com\/2025\/12\/17\/acusaciones-corrupcion-acoso-sexual-psoe-pedro-sanchez-orix\/","url":"https:\/\/noticiasya.com\/2025\/12\/17\/acusaciones-corrupcion-acoso-sexual-psoe-pedro-sanchez-orix\/","name":"Acusaciones de corrupci\u00f3n y acoso en el partido de Pedro S\u00e1nchez: estas son las pol\u00e9micas que debilitan al Gobierno de Espa\u00f1a - Noticias","isPartOf":{"@id":"https:\/\/noticiasya.com\/#website"},"datePublished":"2025-12-17T21:03:44+00:00","breadcrumb":{"@id":"https:\/\/noticiasya.com\/2025\/12\/17\/acusaciones-corrupcion-acoso-sexual-psoe-pedro-sanchez-orix\/#breadcrumb"},"inLanguage":"es","potentialAction":[{"@type":"ReadAction","target":["https:\/\/noticiasya.com\/2025\/12\/17\/acusaciones-corrupcion-acoso-sexual-psoe-pedro-sanchez-orix\/"]}]},{"@type":"BreadcrumbList","@id":"https:\/\/noticiasya.com\/2025\/12\/17\/acusaciones-corrupcion-acoso-sexual-psoe-pedro-sanchez-orix\/#breadcrumb","itemListElement":[{"@type":"ListItem","position":1,"name":"Home","item":"https:\/\/noticiasya.com\/"},{"@type":"ListItem","position":2,"name":"Acusaciones de corrupci\u00f3n y acoso en el partido de Pedro S\u00e1nchez: estas son las pol\u00e9micas que debilitan al Gobierno de Espa\u00f1a"}]},{"@type":"WebSite","@id":"https:\/\/noticiasya.com\/#website","url":"https:\/\/noticiasya.com\/","name":"Noticias","description":"Lo que importa","publisher":{"@id":"https:\/\/noticiasya.com\/#organization"},"potentialAction":[{"@type":"SearchAction","target":{"@type":"EntryPoint","urlTemplate":"https:\/\/noticiasya.com\/?s={search_term_string}"},"query-input":{"@type":"PropertyValueSpecification","valueRequired":true,"valueName":"search_term_string"}}],"inLanguage":"es"},{"@type":"Organization","@id":"https:\/\/noticiasya.com\/#organization","name":"Noticias","url":"https:\/\/noticiasya.com\/","logo":{"@type":"ImageObject","inLanguage":"es","@id":"https:\/\/noticiasya.com\/#\/schema\/logo\/image\/","url":"https:\/\/noticiasya.com\/wp-content\/uploads\/sites\/22\/2023\/12\/logo-nacional.png","contentUrl":"https:\/\/noticiasya.com\/wp-content\/uploads\/sites\/22\/2023\/12\/logo-nacional.png","width":1801,"height":691,"caption":"Noticias"},"image":{"@id":"https:\/\/noticiasya.com\/#\/schema\/logo\/image\/"}}]}},"parsely":{"version":"1.1.0","canonical_url":"https:\/\/noticiasya.com\/midland-odessa\/2025\/12\/17\/acusaciones-corrupcion-acoso-sexual-psoe-pedro-sanchez-orix\/","smart_links":{"inbound":0,"outbound":0},"traffic_boost_suggestions_count":0,"meta":{"@context":"https:\/\/schema.org","@type":"NewsArticle","headline":"Acusaciones de corrupci\u00f3n y acoso en el partido de Pedro S\u00e1nchez: estas son las pol\u00e9micas que debilitan al Gobierno de Espa\u00f1a","url":"http:\/\/noticiasya.com\/midland-odessa\/2025\/12\/17\/acusaciones-corrupcion-acoso-sexual-psoe-pedro-sanchez-orix\/","mainEntityOfPage":{"@type":"WebPage","@id":"http:\/\/noticiasya.com\/midland-odessa\/2025\/12\/17\/acusaciones-corrupcion-acoso-sexual-psoe-pedro-sanchez-orix\/"},"thumbnailUrl":"","image":{"@type":"ImageObject","url":""},"articleSection":"Noticias Nacionales","author":[],"creator":[],"publisher":{"@type":"Organization","name":"Noticias","logo":""},"keywords":[],"dateCreated":"2025-12-17T21:03:44Z","datePublished":"2025-12-17T21:03:44Z","dateModified":"2025-12-17T21:03:44Z"},"rendered":"<script type=\"application\/ld+json\" class=\"wp-parsely-metadata\">{\"@context\":\"https:\\\/\\\/schema.org\",\"@type\":\"NewsArticle\",\"headline\":\"Acusaciones de corrupci\\u00f3n y acoso en el partido de Pedro S\\u00e1nchez: estas son las pol\\u00e9micas que debilitan al Gobierno de Espa\\u00f1a\",\"url\":\"http:\\\/\\\/noticiasya.com\\\/midland-odessa\\\/2025\\\/12\\\/17\\\/acusaciones-corrupcion-acoso-sexual-psoe-pedro-sanchez-orix\\\/\",\"mainEntityOfPage\":{\"@type\":\"WebPage\",\"@id\":\"http:\\\/\\\/noticiasya.com\\\/midland-odessa\\\/2025\\\/12\\\/17\\\/acusaciones-corrupcion-acoso-sexual-psoe-pedro-sanchez-orix\\\/\"},\"thumbnailUrl\":\"\",\"image\":{\"@type\":\"ImageObject\",\"url\":\"\"},\"articleSection\":\"Noticias Nacionales\",\"author\":[],\"creator\":[],\"publisher\":{\"@type\":\"Organization\",\"name\":\"Noticias\",\"logo\":\"\"},\"keywords\":[],\"dateCreated\":\"2025-12-17T21:03:44Z\",\"datePublished\":\"2025-12-17T21:03:44Z\",\"dateModified\":\"2025-12-17T21:03:44Z\"}<\/script>","tracker_url":"https:\/\/cdn.parsely.com\/keys\/noticiasya.com\/p.js"},"jetpack_featured_media_url":"","jetpack-related-posts":[{"id":1455136,"url":"https:\/\/noticiasya.com\/midland-odessa\/2024\/10\/16\/cristina-narbona-psoe-entrevista-espana-orix\/","url_meta":{"origin":1469352,"position":0},"title":"Cristina Narbona: La posici\u00f3n del PSOE frente a la corrupci\u00f3n \u201ces de absoluta contundencia\u201d","author":"","date":"octubre 16, 2024","format":false,"excerpt":"(CNN Espa\u00f1ol) --\u00a0La economista, diputada y presidenta del Partido Socialista Obrero Espa\u00f1ol (PSOE) Cristina Narbona afirm\u00f3 este martes la \u201cabsoluta contundencia\u201d de su partido contra las denuncias de corrupci\u00f3n que enfrenta. La dirigente del partido gobernante dio las declaraciones a Alejandra Oraa, de CNN en Espa\u00f1ol, con motivo del lanzamiento\u2026","rel":"","context":"In &quot;Noticias Nacionales&quot;","block_context":{"text":"Noticias Nacionales","link":"https:\/\/noticiasya.com\/midland-odessa\/categoria\/noticias-nacionales"},"img":{"alt_text":"","src":"","width":0,"height":0},"classes":[]},{"id":1464372,"url":"https:\/\/noticiasya.com\/midland-odessa\/2025\/07\/09\/pedro-sanchez-limpio-corrupcion-orix\/","url_meta":{"origin":1469352,"position":1},"title":"&#171;Soy un pol\u00edtico limpio&#187;: este es el plan de Pedro S\u00e1nchez para combatir la corrupci\u00f3n en Espa\u00f1a","author":"","date":"julio 9, 2025","format":false,"excerpt":"El Gobierno de coalici\u00f3n de Espa\u00f1a y, particularmente, el Partido Socialista Obrero Espa\u00f1ol (PSOE) se encuentran sometidos a un ambiente de gran tensi\u00f3n y escrutinio pol\u00edtico desde hace semanas. El motivo no es otro que la imputaci\u00f3n y prisi\u00f3n provisional del \u00faltimo secretario de organizaci\u00f3n de la formaci\u00f3n de izquierda,\u2026","rel":"","context":"In &quot;Noticias Nacionales&quot;","block_context":{"text":"Noticias Nacionales","link":"https:\/\/noticiasya.com\/midland-odessa\/categoria\/noticias-nacionales"},"img":{"alt_text":"","src":"","width":0,"height":0},"classes":[]},{"id":1448871,"url":"https:\/\/noticiasya.com\/midland-odessa\/2024\/05\/04\/javierl-milei-pedro-sanchez-oscar-puente-cruces-orix\/","url_meta":{"origin":1469352,"position":2},"title":"Ministro del Gobierno espa\u00f1ol acusa a Javier Milei de &#171;ingerir sustancias&#187; y el presidente de Argentina responde con duras cr\u00edticas a Pedro S\u00e1nchez","author":"","date":"mayo 4, 2024","format":false,"excerpt":"(CNN Espa\u00f1ol) -- \u00d3scar Puente, ministro de Transportes de Espa\u00f1a, acus\u00f3 al presidente de Argentina, Javier Milei, de \"ingerir sustancias\", y el Gobierno del pa\u00eds sudamericano respondi\u00f3 con duras cr\u00edticas a Pedro S\u00e1nchez.Las declaraciones de Puente se dieron durante la III Escuela de Gobierno organizada por el PSOE. Un video\u2026","rel":"","context":"In &quot;Noticias Nacionales&quot;","block_context":{"text":"Noticias Nacionales","link":"https:\/\/noticiasya.com\/midland-odessa\/categoria\/noticias-nacionales"},"img":{"alt_text":"","src":"","width":0,"height":0},"classes":[]},{"id":1448615,"url":"https:\/\/noticiasya.com\/midland-odessa\/2024\/04\/27\/concentracion-apoyo-pedro-sanchez-12500-personas-orix\/","url_meta":{"origin":1469352,"position":3},"title":"Una concentraci\u00f3n en apoyo a Pedro S\u00e1nchez re\u00fane a 12.500 personas, seg\u00fan datos oficiales","author":"","date":"abril 27, 2024","format":false,"excerpt":"(CNN Espa\u00f1ol) --\u00a0La madrile\u00f1a Calle de Ferraz, donde se sit\u00faa la sede del Partido Socialista Obrero Espa\u00f1ol, luc\u00eda abarrotada este s\u00e1bado por la ma\u00f1ana. Alrededor de 12.500 personas, seg\u00fan datos de la Delegaci\u00f3n del Gobierno en Madrid, tomaron un tramo\u00a0de la calle para mostrar su apoyo al presidente del Gobierno\u2026","rel":"","context":"In &quot;Noticias Nacionales&quot;","block_context":{"text":"Noticias Nacionales","link":"https:\/\/noticiasya.com\/midland-odessa\/categoria\/noticias-nacionales"},"img":{"alt_text":"","src":"","width":0,"height":0},"classes":[]},{"id":1463511,"url":"https:\/\/noticiasya.com\/midland-odessa\/2025\/06\/12\/crisis-psoe-pedro-sanchez-reformas-corrupcion-orix\/","url_meta":{"origin":1469352,"position":4},"title":"Crisis en el PSOE: Pedro S\u00e1nchez promete reformas ante los indicios de corrupci\u00f3n vinculados a exfuncionarios del partido","author":"","date":"junio 12, 2025","format":false,"excerpt":"El presidente del Gobierno de Espa\u00f1a y secretario general del Partido Socialista Obrero Espa\u00f1ol (PSOE), Pedro S\u00e1nchez, compareci\u00f3 este jueves por la tarde en la sede del instituto pol\u00edtico \u201cpara pedir perd\u00f3n a la ciudadan\u00eda\u201d ante los \u201cgraves\u201d indicios de corrupci\u00f3n que afectar\u00edan a quien hasta este jueves ha sido\u2026","rel":"","context":"In &quot;Noticias Nacionales&quot;","block_context":{"text":"Noticias Nacionales","link":"https:\/\/noticiasya.com\/midland-odessa\/categoria\/noticias-nacionales"},"img":{"alt_text":"","src":"","width":0,"height":0},"classes":[]},{"id":1465193,"url":"https:\/\/noticiasya.com\/midland-odessa\/2025\/08\/06\/gobierno-espana-pedro-sanchez-pasado-futuro-orix\/","url_meta":{"origin":1469352,"position":5},"title":"El Gobierno de Espa\u00f1a llega a la mitad de su mandato: \u00bfQu\u00e9 ha pasado hasta aqu\u00ed y qu\u00e9 retos enfrenta a futuro?","author":"","date":"agosto 6, 2025","format":false,"excerpt":"Este 17 de agosto se cumplen dos a\u00f1os desde que arranc\u00f3 formalmente la XV Legislatura en Espa\u00f1a. Dos a\u00f1os cargados de intenso voltaje pol\u00edtico y marcados, entre otros temas, por la crisis de la vivienda que atraviesa el pa\u00eds, las protestas contra el turismo de masas o la aplicaci\u00f3n de\u2026","rel":"","context":"In &quot;Noticias Nacionales&quot;","block_context":{"text":"Noticias Nacionales","link":"https:\/\/noticiasya.com\/midland-odessa\/categoria\/noticias-nacionales"},"img":{"alt_text":"","src":"","width":0,"height":0},"classes":[]}],"jetpack_sharing_enabled":true,"_links":{"self":[{"href":"https:\/\/noticiasya.com\/midland-odessa\/wp-json\/wp\/v2\/posts\/1469352","targetHints":{"allow":["GET"]}}],"collection":[{"href":"https:\/\/noticiasya.com\/midland-odessa\/wp-json\/wp\/v2\/posts"}],"about":[{"href":"https:\/\/noticiasya.com\/midland-odessa\/wp-json\/wp\/v2\/types\/post"}],"replies":[{"embeddable":true,"href":"https:\/\/noticiasya.com\/midland-odessa\/wp-json\/wp\/v2\/comments?post=1469352"}],"version-history":[{"count":0,"href":"https:\/\/noticiasya.com\/midland-odessa\/wp-json\/wp\/v2\/posts\/1469352\/revisions"}],"wp:attachment":[{"href":"https:\/\/noticiasya.com\/midland-odessa\/wp-json\/wp\/v2\/media?parent=1469352"}],"wp:term":[{"taxonomy":"category","embeddable":true,"href":"https:\/\/noticiasya.com\/midland-odessa\/wp-json\/wp\/v2\/categories?post=1469352"},{"taxonomy":"post_tag","embeddable":true,"href":"https:\/\/noticiasya.com\/midland-odessa\/wp-json\/wp\/v2\/tags?post=1469352"}],"curies":[{"name":"wp","href":"https:\/\/api.w.org\/{rel}","templated":true}]}}