{"id":1469354,"date":"2025-12-17T14:03:46","date_gmt":"2025-12-17T22:03:46","guid":{"rendered":"https:\/\/noticiasya.com\/2025\/12\/17\/hacinamiento-tuberculosis-carceles-ecuador-orix\/"},"modified":"2025-12-17T14:03:46","modified_gmt":"2025-12-17T22:03:46","slug":"hacinamiento-tuberculosis-carceles-ecuador-orix","status":"publish","type":"post","link":"https:\/\/noticiasya.com\/midland-odessa\/2025\/12\/17\/hacinamiento-tuberculosis-carceles-ecuador-orix\/","title":{"rendered":"Hacinamiento, tuberculosis y violencia: el peligroso combo que afecta a las c\u00e1rceles de Ecuador y provoca decenas de muertes"},"content":{"rendered":"<p>Al menos 30 presos murieron en una c\u00e1rcel del sur de Ecuador el pasado 9 de noviembre por presunta asfixia. <a href=\"https:\/\/cnnespanol.cnn.com\/2025\/12\/08\/latinoamerica\/muertos-carcel-machala-ecuador-explosion-orix\">Apenas un mes despu\u00e9s, en la misma prisi\u00f3n se registraron 13 muertes l<\/a>uego de la explosi\u00f3n de un artefacto en los exteriores del centro sin que se aclare su conexi\u00f3n con los fallecimientos. A esto se suman una serie de muertes por tuberculosis, especialmente en la Penitenicar\u00eda del Litoral, la c\u00e1rcel m\u00e1s poblada del pa\u00eds. Los denominadores comunes son tres: poca informaci\u00f3n oficial, crisis sanitaria y violencia.<\/p>\n<p>El caso p\u00fablico m\u00e1s reciente es el de la muerte de 15 presos el pasado fin de semana en la temida Penitenciar\u00eda del Litoral, ubicada a las afueras de Guayaquil. Los decesos fueron confirmados por el Gobierno a trav\u00e9s del Servicio de Atenci\u00f3n a Personas Privadas de la Libertad (SNAI) que se\u00f1al\u00f3 que \u201clos hechos se encuentran bajo los protocolos correspondientes\u201d. Previamente indic\u00f3 que las muertes estaban relacionadas con \u201cel estado de salud\u201d de los reos.<\/p>\n<p>Los familiares de los reclusos acuden preocupados a los exteriores de la Penitenciar\u00eda del Litoral para pedir informaci\u00f3n o hablar sobre la incertidumbre que sienten por el estado de sus familiares.<\/p>\n<p>\u201cEstoy suplicando al Gobierno que vengan a la penitenciar\u00eda, porque los internos est\u00e1n muriendo de hambre, de enfermedades como tuberculosis, no hay medicinas. El hecho de que hayan cometido un error no es para que los tengan peor que un animal\u201d, dijo Isabel Mancero, familiar de un recluso, a d<a href=\"https:\/\/www.facebook.com\/reel\/3313770058792223\">iario El Universo<\/a>.<\/p>\n<p>Decenas de reos de algunas c\u00e1rceles en Ecuador han estado muriendo con llamativa frecuencia en diversos episodios de violencia tras las rejas en algunas c\u00e1rceles y tambi\u00e9n por una grave crisis de tuberculosis en la Penitenciar\u00eda del Litoral que no ha logrado ser controlada en los \u00faltimos meses. La situaci\u00f3n es compleja y la preocupaci\u00f3n de familiares, trabajadores penitenciarios, m\u00e9dicos y organismos de derechos humanos crece d\u00eda a d\u00eda.<\/p>\n<p>CNN ha reportado desde 2021 continuas masacres carcelarias en Ecuador que siguen manchando de sangre al sistema penitenciario y tambi\u00e9n ha informado sobre el traslado de reos a otras prisiones debido a la propagaci\u00f3n de infecciones por tuberculosis.<\/p>\n<p>Consultado por estas denuncias, el Servicio de Atenci\u00f3n a Personas Privadas de la Libertad (SNAI) dijo a CNN que \u201clas situaciones presentadas en las c\u00e1rceles se encuentran sujetas a estrictas restricciones de seguridad institucional\u201d y evit\u00f3 dar m\u00e1s detalles sobre las eventuales medidas que se estar\u00edan tomando para afrontar la situaci\u00f3n.<\/p>\n<p>Mientras unos mueren por situaciones m\u00e9dicas, otros son presa de la violencia penitenciaria y los enfrentamientos entre bandas criminales. A inicios de este mes, el SNAI report\u00f3 la muerte de 13 presos en la c\u00e1rcel de Machala, en noviembre otros 31 murieron en esa misma prisi\u00f3n; en septiembre 17 m\u00e1s fallecieron en la c\u00e1rcel de Esmeraldas, y as\u00ed, sucesivamente, se sumaron hechos de violencia carcelaria. Ni las declaraciones de estado de excepci\u00f3n ni la de \u201cconflicto interno armado\u201d lograron hasta ahora poner un freno a la crisis en el sistema.<\/p>\n<p>\u201cLa situaci\u00f3n escal\u00f3 mucho m\u00e1s de lo que hab\u00edamos imaginado. La crisis agudiz\u00f3 un problema humanitario. Esto genera que personas de manera masiva empiecen a morir\u201d, dijo a CNN Fernando Bastias, abogado y miembro del Comit\u00e9 Permanente de Derechos Humanos de Guayaquil, que hace seguimiento constante de la situaci\u00f3n en el sistema carcelario.<\/p>\n<p>Bastias agrega que, meses atr\u00e1s, personal del Comit\u00e9 ingres\u00f3 a la Penitenciar\u00eda del Litoral, la prisi\u00f3n m\u00e1s poblada del pa\u00eds, para constatar las condiciones de salud de los reos y sus hallazgos fueron preocupantes. \u201cComen dentro de las celdas en tarrinas (envases pl\u00e1sticos) sucias que no se hab\u00edan lavado en d\u00edas. El preso designado para el racionamiento de la comida entrega al ojo. Los \u00faltimos no alcanzaban a comer\u201d, detall\u00f3.<\/p>\n<p>El 19 de noviembre el SNAI respondi\u00f3 a los periodistas que la tuberculosis es especialmente contagiosa en contextos de encierro y poca ventilaci\u00f3n y que algunos casos pueden evolucionar de forma severa. \u201cLo que explica los decesos reportados en los \u00faltimos d\u00edas\u201d, se\u00f1al\u00f3.<\/p>\n<p>\u201cEl \u00edndice m\u00e1s elevado se registra en Guayas, raz\u00f3n por la cual, se ha establecido una atenci\u00f3n prioritaria y especializada con intervenciones focalizadas a mitigar el contagio\u201d, agreg\u00f3 la instituci\u00f3n que controla el sistema penitenciario.<\/p>\n<p>La situaci\u00f3n del sistema penitenciario de Ecuador es observada tambi\u00e9n por organismos internacionales. La Comisi\u00f3n Interamericana de Derechos Humanos (CIDH)<a href=\"https:\/\/x.com\/cidh\/status\/1993761639124893754?s=46&#038;t=vWSsaMsKttiCRFRT9JR29g\"> hizo un llamado de atenci\u00f3n al Estado ecuatoriano a finales de noviembre <\/a>y lo inst\u00f3 a adoptar medidas efectivas contra la violencia intracarcelaria. Organizaciones de defensa de los derechos humanos de Ecuador tambi\u00e9n han pedido al Gobierno que tome control sobre los problemas de hacinamiento, salud y riesgo en la integridad de los reclusos. El Gobierno no se ha pronunciado sobre informe hasta el momento. CNN consult\u00f3 a la Presidencia de la Rep\u00fablica por una reacci\u00f3n y est\u00e1 a la espera de respuesta.<\/p>\n<p>Las prisiones de Ecuador alojan a entre 31.000 y 37.000 presos, con una sobrepoblaci\u00f3n del 38%, de acuerdo con el <a href=\"https:\/\/www.atencionintegral.gob.ec\/estadisticas\/\">reporte <\/a>de noviembre del servicio penitenciario.<\/p>\n<p>Esto es el caldo de cultivo ideal para la propagaci\u00f3n de enfermedades altamente contagiosas como la tuberculosis.<\/p>\n<p>La situaci\u00f3n pone bajo presi\u00f3n no solo a los reclusos, sino tambi\u00e9n al personal de diferentes instituciones que tienen que trabajar en estos lugares, seg\u00fan el m\u00e9dico infect\u00f3logo y docente de la Universidad Esp\u00edritu Santo de Guayaquil, Washington Alem\u00e1n.<\/p>\n<p>\u201cEl riesgo de salud p\u00fablica es grave y se puede seguir transmitiendo a familias, personal que trabaja en c\u00e1rceles, otros reclusos y al salir de las c\u00e1rceles pueden afectar a la ciudadan\u00eda en general\u201d, explic\u00f3 Alem\u00e1n a CNN.<\/p>\n<p>Al especialista le preocupa que la sobrepoblaci\u00f3n carcelaria pueda descontrolar a\u00fan m\u00e1s el problema y sugiere la b\u00fasqueda de espacios para aislar a los reos enfermos y cortar la transmisi\u00f3n. En una sola celda pueden convivir entre 6 a 10 reos, seg\u00fan el Instituto de Estad\u00edstica y Censos. Sin embargo, CNN constat\u00f3 en una visita a la c\u00e1rcel de Ibarra en 2022 que en celdas para 10 personas hab\u00eda m\u00e1s de 30 reclusos. El entonces director del SNAI, Fausto Cobo, dijo en aquel momento que la situaci\u00f3n en esa prisi\u00f3n era un \u201cverdadero drama humano\u201d. Actualmente esa misma prisi\u00f3n, de acuerdo al reporte del SNAI, tiene capacidad para 302 reos, pero est\u00e1 ocupada por 602, duplicando su poblaci\u00f3n carcelaria.<\/p>\n<p>\u201cAl ser una enfermedad respiratoria y con el hacinamiento en las c\u00e1rceles esto va a favorecer la transmisi\u00f3n. No existen condiciones para aislar a estos reclusos en esos espacios. Las c\u00e1rceles son sitios donde puede haber tuberculosos resistentes a los medicamentos y eso puede ser otro problema\u201d, enfatiz\u00f3 Alem\u00e1n.<\/p>\n<p>Mientras que Fernando Bastias afirm\u00f3 que las condiciones de vida, especialmente en la Penitenciar\u00eda del Litoral, donde se registra de acuerdo al informe remitido por el SNAI a la Defensor\u00eda del Pueblo, la mayor\u00eda de las muertes por temas m\u00e9dicos, son espeluznantes.<\/p>\n<p>\u201cLa forma en la que mueren es muy traum\u00e1tica, la mayor\u00eda se encuentra en estado cadav\u00e9rico. El pr\u00f3ximo a\u00f1o tendr\u00edamos un incremento de muertes m\u00e1s de lo que tenemos ahora\u201d, dijo.<\/p>\n<p>El SNAI inform\u00f3 a mediados de noviembre que \u201cest\u00e1 trabajando de manera articulada con el Ministerio de Salud P\u00fablica para contener la propagaci\u00f3n del brote de tuberculosis para evitar que se extienda a otros centros penitenciarios\u201d. A\u00f1adi\u00f3 que continuar\u00e1 con los traslados y reubicaciones de las personas privadas de la libertad y la realizaci\u00f3n de brigadas m\u00e9dicas.<\/p>\n<p>De acuerdo con informaci\u00f3n entregada por el SNAI a la Defensor\u00eda del Pueblo, durante 2024 se contabilizaron 324 reos muertos por causas que no est\u00e1n determinadas. Mientras que en los tres primeros meses de 2025 se registraron 121 fallecimientos adicionales.<\/p>\n<p>\u201cEl dato supera con creces el total de muertes registradas durante el a\u00f1o 2023 (150 fallecimientos), e incluso iguala o excede los niveles de mortalidad en a\u00f1os de masacres como el 2021, cuando hubo 462 muertes, mucha de ellas atribuibles a enfrentamientos armadaos entre grupos delictivos dentro de las c\u00e1rceles\u201d, asegura el Comit\u00e9 en su informe.<\/p>\n<p>Bastias indica que para diciembre de este a\u00f1o el Comit\u00e9 Permanente proyecta que cerca de 700 reclusos habr\u00edan muerto solo en 2025 por tuberculosis, superando la cifra de muertos registrada desde 2021 por hechos de violencia, que es de 663, seg\u00fan la Comisi\u00f3n Interamericana de Derechos Humanos. La mayor parte de estas muertes concentradas en la Penitenciar\u00eda del Litoral.<\/p>\n<p>\u201cSe ha convertido en una pol\u00edtica de Estado las muertes de las personas detenidas. De continuar eso, se demostrar\u00eda que hay una complicidad institucional que formar\u00eda parte de una pol\u00edtica de estado en materia penitenciaria\u201d, cuestion\u00f3 Bastias.<\/p>\n<p>Desde la Asociaci\u00f3n Nacional de Servidores Penitenciarios, su representante Wilman Alarc\u00f3n dijo a inicios de diciembre que sus compa\u00f1eros est\u00e1n expuestos a diario a la violencia y las enfermedades dentro de las c\u00e1rceles e hizo un llamado a las autoridades a tomar medidas.<\/p>\n<p>\u201cEstamos en primera l\u00ednea. La mayor\u00eda de fallecidos no es por violencia interna sino por asuntos de salud. Casi se ha duplicado la cantidad de fallecidos en este a\u00f1o. Hay muchos fallecidos, todos los d\u00edas pr\u00e1cticamente hay fallecidos por temas de salud, espec\u00edficamente por tuberculosis\u201d, <a href=\"https:\/\/www.facebook.com\/reel\/1247229723893861?locale=es_LA\">precis\u00f3<\/a><\/p>\n<p>En tanto, el Ministerio de Salud inform\u00f3 que la falta de aislamiento adecuado de los reos, el hacinamiento, la mala alimentaci\u00f3n y las condiciones de insalubridad configuran un riesgo epidemiol\u00f3gico.<\/p>\n<p>Un informe de noviembre de este a\u00f1o, remitido por el organismo a una unidad judicial de Guayaquil que solicit\u00f3 informaci\u00f3n sobre los obst\u00e1culos para brindar tratamientos m\u00e9dicos a los reclusos de la Penitenciar\u00eda del Litoral, concluye que el acceso a los reos de este centro carcelario se encuentra \u201cconsiderablemente limitado\u201d por factores operativos, administrativos y de seguridad. Agrega que no se puede garantizar un acceso oportuno a citas m\u00e9dicas, ex\u00e1menes y tratamientos para los reos.<\/p>\n<p>\u201cLas condiciones internas del centro, como cierre de pabellones, restricciones de movilidad, contaminaci\u00f3n del \u00e1rea de salud, permanencia prolongada de cad\u00e1veres y falta de limpieza oportuna, ocasionan afectaciones directas al funcionamiento del servicio m\u00e9dico y representan riesgos biol\u00f3gicos para el personal interno y externo\u201d, advierte el informe, al que accedi\u00f3 CNN.<\/p>\n<p>La instituci\u00f3n indica que el principal \u201cnudo cr\u00edtico\u201d que dificulta la atenci\u00f3n m\u00e9dica a los reos es la dependencia absoluta del Ministerio de Salud del SNAI y las Fuerzas Armadas para la movilidad, la custodia y ubicaci\u00f3n de los detenidos. \u201cLo que se traduce en p\u00e9rdida de citas, interrupci\u00f3n de tratamientos y dificultad para cumplir disposiciones judiciales\u201d, agrega.<\/p>\n<p>El Ministerio de Salud recomend\u00f3 al Gobierno la implementaci\u00f3n de un modelo penitenciario para el traslado, seguridad de \u00e1reas m\u00e9dicas, manejo de cad\u00e1veres, alimentaci\u00f3n y gesti\u00f3n de permisos y custodia hospitalaria. Pidi\u00f3 la aplicaci\u00f3n de un protocolo m\u00e1s \u00e1gil de atenciones de emergencia, manejo de desechos peligrosos, dietas especiales y mejora de la alimentaci\u00f3n para quienes enfrentan cuadros de desnutrici\u00f3n, VIH-SIDA, y comorbilidades cr\u00f3nicas, entre otras recomendaciones.<\/p>\n<p>CNN contact\u00f3 al organismo para conocer si las recomendaciones planteadas en su informe se est\u00e1n cumpliendo y si se ha avanzado en la contenci\u00f3n de la tuberculosis intracarcelaria y est\u00e1 a la espera de una respuesta.<\/p>\n<p>\u201cLa tuberculosis es un marcador econ\u00f3mico y social de pobreza y sirve para evaluar a los pa\u00edses en sus sistemas sanitarios. Esto quiere decir que nuestro sistema sanitario se ha ido deteriorando\u201d, advierte el doctor Washington Alem\u00e1n.<\/p>\n<p>El m\u00e1s reciente informe de la organizaci\u00f3n internacional sobre an\u00e1lisis e investigaci\u00f3n de conflictos, Crisis Group, que incluye la situaci\u00f3n del sistema penitenciario ecuatoriano, afirma que las c\u00e1rceles en Ecuador se han convertido en \u201cfocos de delincuencia\u201d y asegura que el hacinamiento y la corrupci\u00f3n \u201cdesenfrenada\u201d han permitido a los grupos criminales controlar el sistema penitenciario.<\/p>\n<p>Hace pocos d\u00edas, el ministro del Interior Jhon Reimberg, anunci\u00f3 que el Gobierno planea construir una c\u00e1rcel para 15 mil reos en Santa Elena, aunque todav\u00eda no se han establecido plazos o detalles sobre la obra. Reimberg reconoci\u00f3 en entrevista con FM Mundo, afiliada de CNN, que las c\u00e1rceles del pa\u00eds ya no se ajustan a la criminalidad actual y que la Penitenciar\u00eda del Litoral \u201cno sirve\u201d.<\/p>\n<p>\u201cEstas c\u00e1rceles no fueron hechas para el nivel de criminalidad que tenemos hoy. Son c\u00e1rceles donde tenemos delincuentes, criminales. Son c\u00e1rceles que las celdas no funcionan, donde encaletan armas y nadie hacia nada. Para eso estamos trabajando\u201d, dijo Reimberg.<\/p>\n<p>Agreg\u00f3 que se est\u00e1 trabajando en una reestructuraci\u00f3n del SNAI y reformas para controlar las prisiones con nuevo personal penitenciario. \u201cNecesitamos carceles que sean seguras, que corten las comunicaciones (\u2026) La Penitenciar\u00eda del Litoral no sirve, hay casas pegadas a los muros de la c\u00e1rcel, tenemos que luchar todos los d\u00edas para destruir se\u00f1ales y cables de comunicaci\u00f3n\u201d, puntualiz\u00f3.<\/p>\n<p>Una nueva c\u00e1rcel que se encuentra en una zona rural costera a unas tres horas de la Penitenciar\u00eda del Litoral se habilit\u00f3 en noviembre para recibir a unos 300 reclusos. Este mi\u00e9rcoles fueron trasladados otros 173 reos. Pero dicha prisi\u00f3n, catalogada como de m\u00e1xima seguridad, <a href=\"https:\/\/cnnespanol.cnn.com\/2025\/12\/07\/latinoamerica\/comunidad-rural-pacifica-vecino-incomodo-ecuador-orix\">no se ha terminado de construir <\/a>y el Gobierno no ha permitido el acceso a la prensa o a las organizaciones de derechos humanos. Resta ver si este nuevo penal, con una capacidad para 800 internos, ayudar\u00e1 a reducir la sobrepoblaci\u00f3n de otras c\u00e1rceles y resolver los problemas sanitarios.<\/p>\n<p>The-CNN-Wire<br \/>&trade; &amp; &copy; 2025 Cable News Network, Inc., a Warner Bros. Discovery Company. All rights reserved.<\/p>\n","protected":false},"excerpt":{"rendered":"<p>Al menos 30 presos murieron en una c\u00e1rcel del sur de Ecuador el pasado 9 de noviembre por presunta asfixia. Apenas un mes despu\u00e9s, en la misma prisi\u00f3n se registraron 13 muertes luego de la explosi\u00f3n de un artefacto en los exteriores del centro sin que se aclare su conexi\u00f3n con los fallecimientos. A esto [&hellip;]<\/p>\n","protected":false},"author":0,"featured_media":0,"comment_status":"open","ping_status":"open","sticky":false,"template":"","format":"standard","meta":{"_jetpack_memberships_contains_paid_content":false,"footnotes":""},"categories":[10],"tags":[],"class_list":["post-1469354","post","type-post","status-publish","format-standard","hentry","category-noticias-nacionales","market-global"],"yoast_head":"<!-- This site is optimized with the Yoast SEO plugin v24.4 - https:\/\/yoast.com\/wordpress\/plugins\/seo\/ -->\n<title>Hacinamiento, tuberculosis y violencia: el peligroso combo que afecta a las c\u00e1rceles de Ecuador y provoca decenas de muertes - Noticias<\/title>\n<meta name=\"robots\" content=\"index, follow, max-snippet:-1, max-image-preview:large, max-video-preview:-1\" \/>\n<link rel=\"canonical\" href=\"https:\/\/noticiasya.com\/2025\/12\/17\/hacinamiento-tuberculosis-carceles-ecuador-orix\/\" \/>\n<meta property=\"og:locale\" content=\"es_ES\" \/>\n<meta property=\"og:type\" content=\"article\" \/>\n<meta property=\"og:title\" content=\"Hacinamiento, tuberculosis y violencia: el peligroso combo que afecta a las c\u00e1rceles de Ecuador y provoca decenas de muertes - Noticias\" \/>\n<meta property=\"og:description\" content=\"Al menos 30 presos murieron en una c\u00e1rcel del sur de Ecuador el pasado 9 de noviembre por presunta asfixia. Apenas un mes despu\u00e9s, en la misma prisi\u00f3n se registraron 13 muertes luego de la explosi\u00f3n de un artefacto en los exteriores del centro sin que se aclare su conexi\u00f3n con los fallecimientos. A esto [&hellip;]\" \/>\n<meta property=\"og:url\" content=\"https:\/\/noticiasya.com\/2025\/12\/17\/hacinamiento-tuberculosis-carceles-ecuador-orix\/\" \/>\n<meta property=\"og:site_name\" content=\"Noticias\" \/>\n<meta property=\"article:published_time\" content=\"2025-12-17T22:03:46+00:00\" \/>\n<meta name=\"twitter:card\" content=\"summary_large_image\" \/>\n<meta name=\"twitter:label1\" content=\"Est. reading time\" \/>\n\t<meta name=\"twitter:data1\" content=\"12 minutos\" \/>\n<script type=\"application\/ld+json\" class=\"yoast-schema-graph\">{\"@context\":\"https:\/\/schema.org\",\"@graph\":[{\"@type\":\"Article\",\"@id\":\"https:\/\/noticiasya.com\/2025\/12\/17\/hacinamiento-tuberculosis-carceles-ecuador-orix\/#article\",\"isPartOf\":{\"@id\":\"https:\/\/noticiasya.com\/2025\/12\/17\/hacinamiento-tuberculosis-carceles-ecuador-orix\/\"},\"author\":{\"name\":\"\",\"@id\":\"\"},\"headline\":\"Hacinamiento, tuberculosis y violencia: el peligroso combo que afecta a las c\u00e1rceles de Ecuador y provoca decenas de muertes\",\"datePublished\":\"2025-12-17T22:03:46+00:00\",\"mainEntityOfPage\":{\"@id\":\"https:\/\/noticiasya.com\/2025\/12\/17\/hacinamiento-tuberculosis-carceles-ecuador-orix\/\"},\"wordCount\":2373,\"commentCount\":0,\"publisher\":{\"@id\":\"https:\/\/noticiasya.com\/#organization\"},\"articleSection\":[\"Noticias Nacionales\"],\"inLanguage\":\"es\",\"potentialAction\":[{\"@type\":\"CommentAction\",\"name\":\"Comment\",\"target\":[\"https:\/\/noticiasya.com\/2025\/12\/17\/hacinamiento-tuberculosis-carceles-ecuador-orix\/#respond\"]}]},{\"@type\":\"WebPage\",\"@id\":\"https:\/\/noticiasya.com\/2025\/12\/17\/hacinamiento-tuberculosis-carceles-ecuador-orix\/\",\"url\":\"https:\/\/noticiasya.com\/2025\/12\/17\/hacinamiento-tuberculosis-carceles-ecuador-orix\/\",\"name\":\"Hacinamiento, tuberculosis y violencia: el peligroso combo que afecta a las c\u00e1rceles de Ecuador y provoca decenas de muertes - Noticias\",\"isPartOf\":{\"@id\":\"https:\/\/noticiasya.com\/#website\"},\"datePublished\":\"2025-12-17T22:03:46+00:00\",\"breadcrumb\":{\"@id\":\"https:\/\/noticiasya.com\/2025\/12\/17\/hacinamiento-tuberculosis-carceles-ecuador-orix\/#breadcrumb\"},\"inLanguage\":\"es\",\"potentialAction\":[{\"@type\":\"ReadAction\",\"target\":[\"https:\/\/noticiasya.com\/2025\/12\/17\/hacinamiento-tuberculosis-carceles-ecuador-orix\/\"]}]},{\"@type\":\"BreadcrumbList\",\"@id\":\"https:\/\/noticiasya.com\/2025\/12\/17\/hacinamiento-tuberculosis-carceles-ecuador-orix\/#breadcrumb\",\"itemListElement\":[{\"@type\":\"ListItem\",\"position\":1,\"name\":\"Home\",\"item\":\"https:\/\/noticiasya.com\/\"},{\"@type\":\"ListItem\",\"position\":2,\"name\":\"Hacinamiento, tuberculosis y violencia: el peligroso combo que afecta a las c\u00e1rceles de Ecuador y provoca decenas de muertes\"}]},{\"@type\":\"WebSite\",\"@id\":\"https:\/\/noticiasya.com\/#website\",\"url\":\"https:\/\/noticiasya.com\/\",\"name\":\"Noticias\",\"description\":\"Lo que importa\",\"publisher\":{\"@id\":\"https:\/\/noticiasya.com\/#organization\"},\"potentialAction\":[{\"@type\":\"SearchAction\",\"target\":{\"@type\":\"EntryPoint\",\"urlTemplate\":\"https:\/\/noticiasya.com\/?s={search_term_string}\"},\"query-input\":{\"@type\":\"PropertyValueSpecification\",\"valueRequired\":true,\"valueName\":\"search_term_string\"}}],\"inLanguage\":\"es\"},{\"@type\":\"Organization\",\"@id\":\"https:\/\/noticiasya.com\/#organization\",\"name\":\"Noticias\",\"url\":\"https:\/\/noticiasya.com\/\",\"logo\":{\"@type\":\"ImageObject\",\"inLanguage\":\"es\",\"@id\":\"https:\/\/noticiasya.com\/#\/schema\/logo\/image\/\",\"url\":\"https:\/\/noticiasya.com\/wp-content\/uploads\/sites\/22\/2023\/12\/logo-nacional.png\",\"contentUrl\":\"https:\/\/noticiasya.com\/wp-content\/uploads\/sites\/22\/2023\/12\/logo-nacional.png\",\"width\":1801,\"height\":691,\"caption\":\"Noticias\"},\"image\":{\"@id\":\"https:\/\/noticiasya.com\/#\/schema\/logo\/image\/\"}}]}<\/script>\n<!-- \/ Yoast SEO plugin. -->","yoast_head_json":{"title":"Hacinamiento, tuberculosis y violencia: el peligroso combo que afecta a las c\u00e1rceles de Ecuador y provoca decenas de muertes - Noticias","robots":{"index":"index","follow":"follow","max-snippet":"max-snippet:-1","max-image-preview":"max-image-preview:large","max-video-preview":"max-video-preview:-1"},"canonical":"https:\/\/noticiasya.com\/2025\/12\/17\/hacinamiento-tuberculosis-carceles-ecuador-orix\/","og_locale":"es_ES","og_type":"article","og_title":"Hacinamiento, tuberculosis y violencia: el peligroso combo que afecta a las c\u00e1rceles de Ecuador y provoca decenas de muertes - Noticias","og_description":"Al menos 30 presos murieron en una c\u00e1rcel del sur de Ecuador el pasado 9 de noviembre por presunta asfixia. Apenas un mes despu\u00e9s, en la misma prisi\u00f3n se registraron 13 muertes luego de la explosi\u00f3n de un artefacto en los exteriores del centro sin que se aclare su conexi\u00f3n con los fallecimientos. A esto [&hellip;]","og_url":"https:\/\/noticiasya.com\/2025\/12\/17\/hacinamiento-tuberculosis-carceles-ecuador-orix\/","og_site_name":"Noticias","article_published_time":"2025-12-17T22:03:46+00:00","twitter_card":"summary_large_image","twitter_misc":{"Est. reading time":"12 minutos"},"schema":{"@context":"https:\/\/schema.org","@graph":[{"@type":"Article","@id":"https:\/\/noticiasya.com\/2025\/12\/17\/hacinamiento-tuberculosis-carceles-ecuador-orix\/#article","isPartOf":{"@id":"https:\/\/noticiasya.com\/2025\/12\/17\/hacinamiento-tuberculosis-carceles-ecuador-orix\/"},"author":{"name":"","@id":""},"headline":"Hacinamiento, tuberculosis y violencia: el peligroso combo que afecta a las c\u00e1rceles de Ecuador y provoca decenas de muertes","datePublished":"2025-12-17T22:03:46+00:00","mainEntityOfPage":{"@id":"https:\/\/noticiasya.com\/2025\/12\/17\/hacinamiento-tuberculosis-carceles-ecuador-orix\/"},"wordCount":2373,"commentCount":0,"publisher":{"@id":"https:\/\/noticiasya.com\/#organization"},"articleSection":["Noticias Nacionales"],"inLanguage":"es","potentialAction":[{"@type":"CommentAction","name":"Comment","target":["https:\/\/noticiasya.com\/2025\/12\/17\/hacinamiento-tuberculosis-carceles-ecuador-orix\/#respond"]}]},{"@type":"WebPage","@id":"https:\/\/noticiasya.com\/2025\/12\/17\/hacinamiento-tuberculosis-carceles-ecuador-orix\/","url":"https:\/\/noticiasya.com\/2025\/12\/17\/hacinamiento-tuberculosis-carceles-ecuador-orix\/","name":"Hacinamiento, tuberculosis y violencia: el peligroso combo que afecta a las c\u00e1rceles de Ecuador y provoca decenas de muertes - Noticias","isPartOf":{"@id":"https:\/\/noticiasya.com\/#website"},"datePublished":"2025-12-17T22:03:46+00:00","breadcrumb":{"@id":"https:\/\/noticiasya.com\/2025\/12\/17\/hacinamiento-tuberculosis-carceles-ecuador-orix\/#breadcrumb"},"inLanguage":"es","potentialAction":[{"@type":"ReadAction","target":["https:\/\/noticiasya.com\/2025\/12\/17\/hacinamiento-tuberculosis-carceles-ecuador-orix\/"]}]},{"@type":"BreadcrumbList","@id":"https:\/\/noticiasya.com\/2025\/12\/17\/hacinamiento-tuberculosis-carceles-ecuador-orix\/#breadcrumb","itemListElement":[{"@type":"ListItem","position":1,"name":"Home","item":"https:\/\/noticiasya.com\/"},{"@type":"ListItem","position":2,"name":"Hacinamiento, tuberculosis y violencia: el peligroso combo que afecta a las c\u00e1rceles de Ecuador y provoca decenas de muertes"}]},{"@type":"WebSite","@id":"https:\/\/noticiasya.com\/#website","url":"https:\/\/noticiasya.com\/","name":"Noticias","description":"Lo que importa","publisher":{"@id":"https:\/\/noticiasya.com\/#organization"},"potentialAction":[{"@type":"SearchAction","target":{"@type":"EntryPoint","urlTemplate":"https:\/\/noticiasya.com\/?s={search_term_string}"},"query-input":{"@type":"PropertyValueSpecification","valueRequired":true,"valueName":"search_term_string"}}],"inLanguage":"es"},{"@type":"Organization","@id":"https:\/\/noticiasya.com\/#organization","name":"Noticias","url":"https:\/\/noticiasya.com\/","logo":{"@type":"ImageObject","inLanguage":"es","@id":"https:\/\/noticiasya.com\/#\/schema\/logo\/image\/","url":"https:\/\/noticiasya.com\/wp-content\/uploads\/sites\/22\/2023\/12\/logo-nacional.png","contentUrl":"https:\/\/noticiasya.com\/wp-content\/uploads\/sites\/22\/2023\/12\/logo-nacional.png","width":1801,"height":691,"caption":"Noticias"},"image":{"@id":"https:\/\/noticiasya.com\/#\/schema\/logo\/image\/"}}]}},"parsely":{"version":"1.1.0","canonical_url":"https:\/\/noticiasya.com\/midland-odessa\/2025\/12\/17\/hacinamiento-tuberculosis-carceles-ecuador-orix\/","smart_links":{"inbound":0,"outbound":0},"traffic_boost_suggestions_count":0,"meta":{"@context":"https:\/\/schema.org","@type":"NewsArticle","headline":"Hacinamiento, tuberculosis y violencia: el peligroso combo que afecta a las c\u00e1rceles de Ecuador y provoca decenas de muertes","url":"http:\/\/noticiasya.com\/midland-odessa\/2025\/12\/17\/hacinamiento-tuberculosis-carceles-ecuador-orix\/","mainEntityOfPage":{"@type":"WebPage","@id":"http:\/\/noticiasya.com\/midland-odessa\/2025\/12\/17\/hacinamiento-tuberculosis-carceles-ecuador-orix\/"},"thumbnailUrl":"","image":{"@type":"ImageObject","url":""},"articleSection":"Noticias Nacionales","author":[],"creator":[],"publisher":{"@type":"Organization","name":"Noticias","logo":""},"keywords":[],"dateCreated":"2025-12-17T22:03:46Z","datePublished":"2025-12-17T22:03:46Z","dateModified":"2025-12-17T22:03:46Z"},"rendered":"<script type=\"application\/ld+json\" class=\"wp-parsely-metadata\">{\"@context\":\"https:\\\/\\\/schema.org\",\"@type\":\"NewsArticle\",\"headline\":\"Hacinamiento, tuberculosis y violencia: el peligroso combo que afecta a las c\\u00e1rceles de Ecuador y provoca decenas de muertes\",\"url\":\"http:\\\/\\\/noticiasya.com\\\/midland-odessa\\\/2025\\\/12\\\/17\\\/hacinamiento-tuberculosis-carceles-ecuador-orix\\\/\",\"mainEntityOfPage\":{\"@type\":\"WebPage\",\"@id\":\"http:\\\/\\\/noticiasya.com\\\/midland-odessa\\\/2025\\\/12\\\/17\\\/hacinamiento-tuberculosis-carceles-ecuador-orix\\\/\"},\"thumbnailUrl\":\"\",\"image\":{\"@type\":\"ImageObject\",\"url\":\"\"},\"articleSection\":\"Noticias Nacionales\",\"author\":[],\"creator\":[],\"publisher\":{\"@type\":\"Organization\",\"name\":\"Noticias\",\"logo\":\"\"},\"keywords\":[],\"dateCreated\":\"2025-12-17T22:03:46Z\",\"datePublished\":\"2025-12-17T22:03:46Z\",\"dateModified\":\"2025-12-17T22:03:46Z\"}<\/script>","tracker_url":"https:\/\/cdn.parsely.com\/keys\/noticiasya.com\/p.js"},"jetpack_featured_media_url":"","jetpack-related-posts":[{"id":1468184,"url":"https:\/\/noticiasya.com\/midland-odessa\/2025\/11\/09\/27-presos-mueren-asfixia-carcel-ecuador-ola-violencia-orix\/","url_meta":{"origin":1469354,"position":0},"title":"Al menos 27 presos mueren por asfixia en una c\u00e1rcel del sur de Ecuador, en medio de una nueva ola de violencia carcelaria","author":"","date":"noviembre 9, 2025","format":false,"excerpt":"Al menos 27 presos murieron este domingo por asfixia en el Centro de Privaci\u00f3n de Libertad de Machala, ubicado en la provincia de El Oro, en el sur de Ecuador, inform\u00f3 el Servicio Nacional de Atenci\u00f3n Integral a Personas Privadas de la Libertad y Adolescentes Infractores (SNAI).En un comunicado publicado\u2026","rel":"","context":"In &quot;Noticias Nacionales&quot;","block_context":{"text":"Noticias Nacionales","link":"https:\/\/noticiasya.com\/midland-odessa\/categoria\/noticias-nacionales"},"img":{"alt_text":"","src":"","width":0,"height":0},"classes":[]},{"id":1465054,"url":"https:\/\/noticiasya.com\/midland-odessa\/2025\/08\/01\/trasladan-prision-401-presos-tuberculosis-ecuador-orix\/","url_meta":{"origin":1469354,"position":1},"title":"Trasladan de una prisi\u00f3n a otra a 401 presos con tuberculosis en Ecuador","author":"","date":"agosto 1, 2025","format":false,"excerpt":"Autoridades de seguridad y sanitarias de Ecuador reubicaron de una prisi\u00f3n a otra a 401 presos diagnosticados con tuberculosis, inform\u00f3 este viernes el Servicio Nacional de Atenci\u00f3n Integral a Personas Adultas Privadas de la Libertad y a Adolescentes Infractores (SNAI).Entre el 28 y el 31 de julio, los internos fueron\u2026","rel":"","context":"In &quot;Noticias Nacionales&quot;","block_context":{"text":"Noticias Nacionales","link":"https:\/\/noticiasya.com\/midland-odessa\/categoria\/noticias-nacionales"},"img":{"alt_text":"","src":"","width":0,"height":0},"classes":[]},{"id":1452663,"url":"https:\/\/noticiasya.com\/midland-odessa\/2024\/09\/13\/maria-daniela-icaza-directora-carcel-asesinada-ecuador-amenazas-orix\/","url_meta":{"origin":1469354,"position":2},"title":"Directora de c\u00e1rcel asesinada en Ecuador recibi\u00f3 amenazas y las comunic\u00f3 a su superior, asegura su hermano a CNN","author":"","date":"septiembre 13, 2024","format":false,"excerpt":"(CNN Espa\u00f1ol) -- Mar\u00eda Daniela Icaza, directora encargada de la Penitenciaria del Litoral, quien falleci\u00f3 el jueves en un atentado armado, no contaba con seguridad a pesar de que hab\u00eda recibido amenazas y las comunic\u00f3 a su superior, asegur\u00f3 su hermano V\u00edctor Andr\u00e9s Cevallos a CNN.\"Hubo varias amenazas. En im\u00e1genes\u2026","rel":"","context":"In &quot;Noticias Nacionales&quot;","block_context":{"text":"Noticias Nacionales","link":"https:\/\/noticiasya.com\/midland-odessa\/categoria\/noticias-nacionales"},"img":{"alt_text":"","src":"","width":0,"height":0},"classes":[]},{"id":1452625,"url":"https:\/\/noticiasya.com\/midland-odessa\/2024\/09\/12\/matan-directora-penitenciaria-litoral-carcel-ecuador-orix\/","url_meta":{"origin":1469354,"position":3},"title":"Matan a la directora encargada de la Penitenciaria del Litoral, la c\u00e1rcel m\u00e1s peligrosa de Ecuador","author":"","date":"septiembre 12, 2024","format":false,"excerpt":"(CNN Espa\u00f1ol) --\u00a0La directora encargada de la Penitenciaria del Litoral, Mar\u00eda Daniela Icaza, muri\u00f3 este jueves en un tiroteo mientras se dirig\u00eda en un veh\u00edculo a su domicilio, confirm\u00f3 a CNN el Servicio de Atenci\u00f3n a Personas Privadas de la Libertad de Ecuador (SNAI).La Penitenciaria del Litoral, o Centro de\u2026","rel":"","context":"In &quot;Noticias Nacionales&quot;","block_context":{"text":"Noticias Nacionales","link":"https:\/\/noticiasya.com\/midland-odessa\/categoria\/noticias-nacionales"},"img":{"alt_text":"","src":"","width":0,"height":0},"classes":[]},{"id":1468225,"url":"https:\/\/noticiasya.com\/midland-odessa\/2025\/11\/11\/noboa-referendum-demostracion-traslado-300-presos-nueva-carcel-ecuador-orix\/","url_meta":{"origin":1469354,"position":4},"title":"En la previa del refer\u00e9ndum, Noboa apuesta a una demostraci\u00f3n de poder y traslada a 300 presos a una nueva c\u00e1rcel","author":"","date":"noviembre 11, 2025","format":false,"excerpt":"A pocos d\u00edas de un refer\u00e9ndum en Ecuador y en medio de tensiones dentro del sistema penitenciario tras registrarse una nueva masacre en una prisi\u00f3n el fin de semana, el presidente Daniel Noboa confirm\u00f3 este lunes que 300 reclusos fueron trasladados a una nueva c\u00e1rcel ubicada en la comunidad de\u2026","rel":"","context":"In &quot;Noticias Nacionales&quot;","block_context":{"text":"Noticias Nacionales","link":"https:\/\/noticiasya.com\/midland-odessa\/categoria\/noticias-nacionales"},"img":{"alt_text":"","src":"","width":0,"height":0},"classes":[]},{"id":1459654,"url":"https:\/\/noticiasya.com\/midland-odessa\/2025\/03\/07\/ecuador-investigan-muerte-prisioneros-penitenciaria-guayas-orix\/","url_meta":{"origin":1469354,"position":5},"title":"Investigan la muerte de cinco prisioneros en la penitenciar\u00eda de Guayas, Ecuador","author":"","date":"marzo 7, 2025","format":false,"excerpt":"Cinco prisioneros del Centro de Privaci\u00f3n de Libertad Guayas No. 1, en Ecuador, fueron encontrados muertos este viernes, inform\u00f3 el Servicio Nacional de Atenci\u00f3n Integral a Personas Adultas Privadas de la Libertad y a Adolescentes Infractores (SNAI).El hallazgo ocurri\u00f3 durante los controles de seguridad realizados por la ma\u00f1ana, dijo el\u2026","rel":"","context":"In &quot;Noticias Nacionales&quot;","block_context":{"text":"Noticias Nacionales","link":"https:\/\/noticiasya.com\/midland-odessa\/categoria\/noticias-nacionales"},"img":{"alt_text":"","src":"","width":0,"height":0},"classes":[]}],"jetpack_sharing_enabled":true,"_links":{"self":[{"href":"https:\/\/noticiasya.com\/midland-odessa\/wp-json\/wp\/v2\/posts\/1469354","targetHints":{"allow":["GET"]}}],"collection":[{"href":"https:\/\/noticiasya.com\/midland-odessa\/wp-json\/wp\/v2\/posts"}],"about":[{"href":"https:\/\/noticiasya.com\/midland-odessa\/wp-json\/wp\/v2\/types\/post"}],"replies":[{"embeddable":true,"href":"https:\/\/noticiasya.com\/midland-odessa\/wp-json\/wp\/v2\/comments?post=1469354"}],"version-history":[{"count":0,"href":"https:\/\/noticiasya.com\/midland-odessa\/wp-json\/wp\/v2\/posts\/1469354\/revisions"}],"wp:attachment":[{"href":"https:\/\/noticiasya.com\/midland-odessa\/wp-json\/wp\/v2\/media?parent=1469354"}],"wp:term":[{"taxonomy":"category","embeddable":true,"href":"https:\/\/noticiasya.com\/midland-odessa\/wp-json\/wp\/v2\/categories?post=1469354"},{"taxonomy":"post_tag","embeddable":true,"href":"https:\/\/noticiasya.com\/midland-odessa\/wp-json\/wp\/v2\/tags?post=1469354"}],"curies":[{"name":"wp","href":"https:\/\/api.w.org\/{rel}","templated":true}]}}