{"id":1469357,"date":"2025-12-17T14:03:47","date_gmt":"2025-12-17T22:03:47","guid":{"rendered":"https:\/\/noticiasya.com\/2025\/12\/17\/maduro-denuncia-amenazas-eeuu-riesgo-regional-trax\/"},"modified":"2025-12-17T14:03:47","modified_gmt":"2025-12-17T22:03:47","slug":"maduro-denuncia-amenazas-eeuu-riesgo-regional-trax","status":"publish","type":"post","link":"https:\/\/noticiasya.com\/midland-odessa\/2025\/12\/17\/maduro-denuncia-amenazas-eeuu-riesgo-regional-trax\/","title":{"rendered":"Las &#171;amenazas&#187; de EE.UU. afectan la paz regional, le dijo Maduro al jefe de la ONU"},"content":{"rendered":"<p>El presidente de Venezuela, Nicol\u00e1s Maduro, habl\u00f3 este mi\u00e9rcoles con el secretario general de la ONU, Ant\u00f3nio Guterres, para advertirle sobre el impacto que las \u201camenazas\u201d de Estados Unidos podr\u00edan tener en la paz regional, dijo el Gobierno de Venezuela.<\/p>\n<p>Maduro dijo que el presidente de Estados Unidos, Donald Trump, hab\u00eda afirmado de manera \u201cinaceptable\u201d que el petr\u00f3leo, los recursos naturales y el territorio de Venezuela le pertenec\u00edan. El martes, Trump escribi\u00f3 en Truth Social que Venezuela debe devolver a Estados Unidos \u201cel petr\u00f3leo, la tierra y otros activos que nos robaron anteriormente\u201d.<\/p>\n<p>\u201cEl presidente Maduro subray\u00f3 que tales declaraciones deben ser rechazadas categ\u00f3ricamente por el sistema de las Naciones Unidas, ya que constituyen una amenaza directa a la soberan\u00eda, el derecho internacional y la paz\u201d, afirm\u00f3 el Gobierno venezolano en un comunicado.<\/p>\n<p>Maduro afirm\u00f3 que las recientes acciones de Estados Unidos contra Venezuela forman parte de una \u201cdiplomacia de la barbarie\u201d que, seg\u00fan \u00e9l, va en contra de la convivencia internacional.<\/p>\n<p>La oficina de Guterres confirm\u00f3 posteriormente la conversaci\u00f3n telef\u00f3nica con Maduro, afirmando que el secretario general \u201creafirm\u00f3 la posici\u00f3n de las Naciones Unidas sobre la necesidad de que los Estados miembros respeten el derecho internacional, en particular la Carta de las Naciones Unidas, act\u00faen con moderaci\u00f3n y reduzcan las tensiones para preservar la estabilidad regional\u201d.<\/p>\n<p>Anteriormente, el portavoz de la ONU, Farhan Haq, dijo a los periodistas que Guterres se centra en evitar una mayor escalada entre Estados Unidos y Venezuela.<\/p>\n<p>\u201cPor supuesto, como siempre, \u00e9l cree que cualquier diferencia debe resolverse por medios pac\u00edficos\u201d, dijo Haq.<\/p>\n<p>Cuando se le pregunt\u00f3 si la petici\u00f3n de Trump de bloquear a los barcos petroleros sancionados que transitan por Venezuela violaba el derecho internacional, Haq respondi\u00f3: \u201cCreo que en este momento estamos analizando cu\u00e1les son las leyes aplicables y estudiando la situaci\u00f3n, pero sin duda las partes deben cumplir la Carta de las Naciones Unidas, que pueden leer ustedes mismos para ver lo que implica\u201d.<\/p>\n<p>The-CNN-Wire<br \/>&trade; &amp; &copy; 2025 Cable News Network, Inc., a Warner Bros. Discovery Company. All rights reserved.<\/p>\n","protected":false},"excerpt":{"rendered":"<p>El presidente de Venezuela, Nicol\u00e1s Maduro, habl\u00f3 este mi\u00e9rcoles con el secretario general de la ONU, Ant\u00f3nio Guterres, para advertirle sobre el impacto que las \u201camenazas\u201d de Estados Unidos podr\u00edan tener en la paz regional, dijo el Gobierno de Venezuela. Maduro dijo que el presidente de Estados Unidos, Donald Trump, hab\u00eda afirmado de manera \u201cinaceptable\u201d [&hellip;]<\/p>\n","protected":false},"author":0,"featured_media":0,"comment_status":"open","ping_status":"open","sticky":false,"template":"","format":"standard","meta":{"_jetpack_memberships_contains_paid_content":false,"footnotes":""},"categories":[10],"tags":[],"class_list":["post-1469357","post","type-post","status-publish","format-standard","hentry","category-noticias-nacionales","market-global"],"yoast_head":"<!-- This site is optimized with the Yoast SEO plugin v24.4 - https:\/\/yoast.com\/wordpress\/plugins\/seo\/ -->\n<title>Las &quot;amenazas&quot; de EE.UU. afectan la paz regional, le dijo Maduro al jefe de la ONU - Noticias<\/title>\n<meta name=\"robots\" content=\"index, follow, max-snippet:-1, max-image-preview:large, max-video-preview:-1\" \/>\n<link rel=\"canonical\" href=\"https:\/\/noticiasya.com\/2025\/12\/17\/maduro-denuncia-amenazas-eeuu-riesgo-regional-trax\/\" \/>\n<meta property=\"og:locale\" content=\"es_ES\" \/>\n<meta property=\"og:type\" content=\"article\" \/>\n<meta property=\"og:title\" content=\"Las &quot;amenazas&quot; de EE.UU. afectan la paz regional, le dijo Maduro al jefe de la ONU - Noticias\" \/>\n<meta property=\"og:description\" content=\"El presidente de Venezuela, Nicol\u00e1s Maduro, habl\u00f3 este mi\u00e9rcoles con el secretario general de la ONU, Ant\u00f3nio Guterres, para advertirle sobre el impacto que las \u201camenazas\u201d de Estados Unidos podr\u00edan tener en la paz regional, dijo el Gobierno de Venezuela. Maduro dijo que el presidente de Estados Unidos, Donald Trump, hab\u00eda afirmado de manera \u201cinaceptable\u201d [&hellip;]\" \/>\n<meta property=\"og:url\" content=\"https:\/\/noticiasya.com\/2025\/12\/17\/maduro-denuncia-amenazas-eeuu-riesgo-regional-trax\/\" \/>\n<meta property=\"og:site_name\" content=\"Noticias\" \/>\n<meta property=\"article:published_time\" content=\"2025-12-17T22:03:47+00:00\" \/>\n<meta name=\"twitter:card\" content=\"summary_large_image\" \/>\n<meta name=\"twitter:label1\" content=\"Est. reading time\" \/>\n\t<meta name=\"twitter:data1\" content=\"2 minutos\" \/>\n<script type=\"application\/ld+json\" class=\"yoast-schema-graph\">{\"@context\":\"https:\/\/schema.org\",\"@graph\":[{\"@type\":\"Article\",\"@id\":\"https:\/\/noticiasya.com\/2025\/12\/17\/maduro-denuncia-amenazas-eeuu-riesgo-regional-trax\/#article\",\"isPartOf\":{\"@id\":\"https:\/\/noticiasya.com\/2025\/12\/17\/maduro-denuncia-amenazas-eeuu-riesgo-regional-trax\/\"},\"author\":{\"name\":\"\",\"@id\":\"\"},\"headline\":\"Las &#171;amenazas&#187; de EE.UU. afectan la paz regional, le dijo Maduro al jefe de la ONU\",\"datePublished\":\"2025-12-17T22:03:47+00:00\",\"mainEntityOfPage\":{\"@id\":\"https:\/\/noticiasya.com\/2025\/12\/17\/maduro-denuncia-amenazas-eeuu-riesgo-regional-trax\/\"},\"wordCount\":377,\"commentCount\":0,\"publisher\":{\"@id\":\"https:\/\/noticiasya.com\/#organization\"},\"articleSection\":[\"Noticias Nacionales\"],\"inLanguage\":\"es\",\"potentialAction\":[{\"@type\":\"CommentAction\",\"name\":\"Comment\",\"target\":[\"https:\/\/noticiasya.com\/2025\/12\/17\/maduro-denuncia-amenazas-eeuu-riesgo-regional-trax\/#respond\"]}]},{\"@type\":\"WebPage\",\"@id\":\"https:\/\/noticiasya.com\/2025\/12\/17\/maduro-denuncia-amenazas-eeuu-riesgo-regional-trax\/\",\"url\":\"https:\/\/noticiasya.com\/2025\/12\/17\/maduro-denuncia-amenazas-eeuu-riesgo-regional-trax\/\",\"name\":\"Las \\\"amenazas\\\" de EE.UU. afectan la paz regional, le dijo Maduro al jefe de la ONU - Noticias\",\"isPartOf\":{\"@id\":\"https:\/\/noticiasya.com\/#website\"},\"datePublished\":\"2025-12-17T22:03:47+00:00\",\"breadcrumb\":{\"@id\":\"https:\/\/noticiasya.com\/2025\/12\/17\/maduro-denuncia-amenazas-eeuu-riesgo-regional-trax\/#breadcrumb\"},\"inLanguage\":\"es\",\"potentialAction\":[{\"@type\":\"ReadAction\",\"target\":[\"https:\/\/noticiasya.com\/2025\/12\/17\/maduro-denuncia-amenazas-eeuu-riesgo-regional-trax\/\"]}]},{\"@type\":\"BreadcrumbList\",\"@id\":\"https:\/\/noticiasya.com\/2025\/12\/17\/maduro-denuncia-amenazas-eeuu-riesgo-regional-trax\/#breadcrumb\",\"itemListElement\":[{\"@type\":\"ListItem\",\"position\":1,\"name\":\"Home\",\"item\":\"https:\/\/noticiasya.com\/\"},{\"@type\":\"ListItem\",\"position\":2,\"name\":\"Las &#171;amenazas&#187; de EE.UU. afectan la paz regional, le dijo Maduro al jefe de la ONU\"}]},{\"@type\":\"WebSite\",\"@id\":\"https:\/\/noticiasya.com\/#website\",\"url\":\"https:\/\/noticiasya.com\/\",\"name\":\"Noticias\",\"description\":\"Lo que importa\",\"publisher\":{\"@id\":\"https:\/\/noticiasya.com\/#organization\"},\"potentialAction\":[{\"@type\":\"SearchAction\",\"target\":{\"@type\":\"EntryPoint\",\"urlTemplate\":\"https:\/\/noticiasya.com\/?s={search_term_string}\"},\"query-input\":{\"@type\":\"PropertyValueSpecification\",\"valueRequired\":true,\"valueName\":\"search_term_string\"}}],\"inLanguage\":\"es\"},{\"@type\":\"Organization\",\"@id\":\"https:\/\/noticiasya.com\/#organization\",\"name\":\"Noticias\",\"url\":\"https:\/\/noticiasya.com\/\",\"logo\":{\"@type\":\"ImageObject\",\"inLanguage\":\"es\",\"@id\":\"https:\/\/noticiasya.com\/#\/schema\/logo\/image\/\",\"url\":\"https:\/\/noticiasya.com\/wp-content\/uploads\/sites\/22\/2023\/12\/logo-nacional.png\",\"contentUrl\":\"https:\/\/noticiasya.com\/wp-content\/uploads\/sites\/22\/2023\/12\/logo-nacional.png\",\"width\":1801,\"height\":691,\"caption\":\"Noticias\"},\"image\":{\"@id\":\"https:\/\/noticiasya.com\/#\/schema\/logo\/image\/\"}}]}<\/script>\n<!-- \/ Yoast SEO plugin. -->","yoast_head_json":{"title":"Las \"amenazas\" de EE.UU. afectan la paz regional, le dijo Maduro al jefe de la ONU - Noticias","robots":{"index":"index","follow":"follow","max-snippet":"max-snippet:-1","max-image-preview":"max-image-preview:large","max-video-preview":"max-video-preview:-1"},"canonical":"https:\/\/noticiasya.com\/2025\/12\/17\/maduro-denuncia-amenazas-eeuu-riesgo-regional-trax\/","og_locale":"es_ES","og_type":"article","og_title":"Las \"amenazas\" de EE.UU. afectan la paz regional, le dijo Maduro al jefe de la ONU - Noticias","og_description":"El presidente de Venezuela, Nicol\u00e1s Maduro, habl\u00f3 este mi\u00e9rcoles con el secretario general de la ONU, Ant\u00f3nio Guterres, para advertirle sobre el impacto que las \u201camenazas\u201d de Estados Unidos podr\u00edan tener en la paz regional, dijo el Gobierno de Venezuela. Maduro dijo que el presidente de Estados Unidos, Donald Trump, hab\u00eda afirmado de manera \u201cinaceptable\u201d [&hellip;]","og_url":"https:\/\/noticiasya.com\/2025\/12\/17\/maduro-denuncia-amenazas-eeuu-riesgo-regional-trax\/","og_site_name":"Noticias","article_published_time":"2025-12-17T22:03:47+00:00","twitter_card":"summary_large_image","twitter_misc":{"Est. reading time":"2 minutos"},"schema":{"@context":"https:\/\/schema.org","@graph":[{"@type":"Article","@id":"https:\/\/noticiasya.com\/2025\/12\/17\/maduro-denuncia-amenazas-eeuu-riesgo-regional-trax\/#article","isPartOf":{"@id":"https:\/\/noticiasya.com\/2025\/12\/17\/maduro-denuncia-amenazas-eeuu-riesgo-regional-trax\/"},"author":{"name":"","@id":""},"headline":"Las &#171;amenazas&#187; de EE.UU. afectan la paz regional, le dijo Maduro al jefe de la ONU","datePublished":"2025-12-17T22:03:47+00:00","mainEntityOfPage":{"@id":"https:\/\/noticiasya.com\/2025\/12\/17\/maduro-denuncia-amenazas-eeuu-riesgo-regional-trax\/"},"wordCount":377,"commentCount":0,"publisher":{"@id":"https:\/\/noticiasya.com\/#organization"},"articleSection":["Noticias Nacionales"],"inLanguage":"es","potentialAction":[{"@type":"CommentAction","name":"Comment","target":["https:\/\/noticiasya.com\/2025\/12\/17\/maduro-denuncia-amenazas-eeuu-riesgo-regional-trax\/#respond"]}]},{"@type":"WebPage","@id":"https:\/\/noticiasya.com\/2025\/12\/17\/maduro-denuncia-amenazas-eeuu-riesgo-regional-trax\/","url":"https:\/\/noticiasya.com\/2025\/12\/17\/maduro-denuncia-amenazas-eeuu-riesgo-regional-trax\/","name":"Las \"amenazas\" de EE.UU. afectan la paz regional, le dijo Maduro al jefe de la ONU - Noticias","isPartOf":{"@id":"https:\/\/noticiasya.com\/#website"},"datePublished":"2025-12-17T22:03:47+00:00","breadcrumb":{"@id":"https:\/\/noticiasya.com\/2025\/12\/17\/maduro-denuncia-amenazas-eeuu-riesgo-regional-trax\/#breadcrumb"},"inLanguage":"es","potentialAction":[{"@type":"ReadAction","target":["https:\/\/noticiasya.com\/2025\/12\/17\/maduro-denuncia-amenazas-eeuu-riesgo-regional-trax\/"]}]},{"@type":"BreadcrumbList","@id":"https:\/\/noticiasya.com\/2025\/12\/17\/maduro-denuncia-amenazas-eeuu-riesgo-regional-trax\/#breadcrumb","itemListElement":[{"@type":"ListItem","position":1,"name":"Home","item":"https:\/\/noticiasya.com\/"},{"@type":"ListItem","position":2,"name":"Las &#171;amenazas&#187; de EE.UU. afectan la paz regional, le dijo Maduro al jefe de la ONU"}]},{"@type":"WebSite","@id":"https:\/\/noticiasya.com\/#website","url":"https:\/\/noticiasya.com\/","name":"Noticias","description":"Lo que importa","publisher":{"@id":"https:\/\/noticiasya.com\/#organization"},"potentialAction":[{"@type":"SearchAction","target":{"@type":"EntryPoint","urlTemplate":"https:\/\/noticiasya.com\/?s={search_term_string}"},"query-input":{"@type":"PropertyValueSpecification","valueRequired":true,"valueName":"search_term_string"}}],"inLanguage":"es"},{"@type":"Organization","@id":"https:\/\/noticiasya.com\/#organization","name":"Noticias","url":"https:\/\/noticiasya.com\/","logo":{"@type":"ImageObject","inLanguage":"es","@id":"https:\/\/noticiasya.com\/#\/schema\/logo\/image\/","url":"https:\/\/noticiasya.com\/wp-content\/uploads\/sites\/22\/2023\/12\/logo-nacional.png","contentUrl":"https:\/\/noticiasya.com\/wp-content\/uploads\/sites\/22\/2023\/12\/logo-nacional.png","width":1801,"height":691,"caption":"Noticias"},"image":{"@id":"https:\/\/noticiasya.com\/#\/schema\/logo\/image\/"}}]}},"parsely":{"version":"1.1.0","canonical_url":"https:\/\/noticiasya.com\/midland-odessa\/2025\/12\/17\/maduro-denuncia-amenazas-eeuu-riesgo-regional-trax\/","smart_links":{"inbound":0,"outbound":0},"traffic_boost_suggestions_count":0,"meta":{"@context":"https:\/\/schema.org","@type":"NewsArticle","headline":"Las &#171;amenazas&#187; de EE.UU. afectan la paz regional, le dijo Maduro al jefe de la ONU","url":"http:\/\/noticiasya.com\/midland-odessa\/2025\/12\/17\/maduro-denuncia-amenazas-eeuu-riesgo-regional-trax\/","mainEntityOfPage":{"@type":"WebPage","@id":"http:\/\/noticiasya.com\/midland-odessa\/2025\/12\/17\/maduro-denuncia-amenazas-eeuu-riesgo-regional-trax\/"},"thumbnailUrl":"","image":{"@type":"ImageObject","url":""},"articleSection":"Noticias Nacionales","author":[],"creator":[],"publisher":{"@type":"Organization","name":"Noticias","logo":""},"keywords":[],"dateCreated":"2025-12-17T22:03:47Z","datePublished":"2025-12-17T22:03:47Z","dateModified":"2025-12-17T22:03:47Z"},"rendered":"<script type=\"application\/ld+json\" class=\"wp-parsely-metadata\">{\"@context\":\"https:\\\/\\\/schema.org\",\"@type\":\"NewsArticle\",\"headline\":\"Las &#171;amenazas&#187; de EE.UU. afectan la paz regional, le dijo Maduro al jefe de la ONU\",\"url\":\"http:\\\/\\\/noticiasya.com\\\/midland-odessa\\\/2025\\\/12\\\/17\\\/maduro-denuncia-amenazas-eeuu-riesgo-regional-trax\\\/\",\"mainEntityOfPage\":{\"@type\":\"WebPage\",\"@id\":\"http:\\\/\\\/noticiasya.com\\\/midland-odessa\\\/2025\\\/12\\\/17\\\/maduro-denuncia-amenazas-eeuu-riesgo-regional-trax\\\/\"},\"thumbnailUrl\":\"\",\"image\":{\"@type\":\"ImageObject\",\"url\":\"\"},\"articleSection\":\"Noticias Nacionales\",\"author\":[],\"creator\":[],\"publisher\":{\"@type\":\"Organization\",\"name\":\"Noticias\",\"logo\":\"\"},\"keywords\":[],\"dateCreated\":\"2025-12-17T22:03:47Z\",\"datePublished\":\"2025-12-17T22:03:47Z\",\"dateModified\":\"2025-12-17T22:03:47Z\"}<\/script>","tracker_url":"https:\/\/cdn.parsely.com\/keys\/noticiasya.com\/p.js"},"jetpack_featured_media_url":"","jetpack-related-posts":[{"id":1469506,"url":"https:\/\/noticiasya.com\/midland-odessa\/2025\/12\/22\/trump-sigue-busqueda-petrolero-venezuela-maduro-trax\/","url_meta":{"origin":1469357,"position":0},"title":"Trump dice que EE.UU. sigue en la b\u00fasqueda de un petrolero y que ser\u00eda &#171;inteligente&#187; que Maduro deje el poder","author":"","date":"diciembre 22, 2025","format":false,"excerpt":"El presidente Donald Trump dijo este lunes que Estados Unidos sigue en la b\u00fasqueda activa de un petrolero frente a las costas de Venezuela, m\u00e1s de 24 horas despu\u00e9s de que comenzara la persecuci\u00f3n, mientras repet\u00eda sus amenazas contra el presidente de Venezuela, Nicol\u00e1s Maduro.\u201cEst\u00e1 avanzando y al final lo\u2026","rel":"","context":"In &quot;Noticias Nacionales&quot;","block_context":{"text":"Noticias Nacionales","link":"https:\/\/noticiasya.com\/midland-odessa\/categoria\/noticias-nacionales"},"img":{"alt_text":"","src":"","width":0,"height":0},"classes":[]},{"id":1469789,"url":"https:\/\/noticiasya.com\/midland-odessa\/2026\/01\/05\/5-cosas-5-enero-orix\/","url_meta":{"origin":1469357,"position":1},"title":"Las 5 cosas que debes saber este 5 de enero: Delcy Rodr\u00edguez asume en Venezuela, Maduro ante un tribunal de EE.UU.","author":"","date":"enero 5, 2026","format":false,"excerpt":"Trump lanza advertencias a otros pa\u00edses de Am\u00e9rica Latina. Maduro har\u00e1 su primera aparici\u00f3n ante un tribunal en Nueva York. La oposici\u00f3n venezolana pide que se respeten los resultados de las elecciones de 2024. Esto es lo que debes saber para comenzar el d\u00eda. Primero la verdad.Suscr\u00edbete aqu\u00ed para recibir\u2026","rel":"","context":"In &quot;Noticias Nacionales&quot;","block_context":{"text":"Noticias Nacionales","link":"https:\/\/noticiasya.com\/midland-odessa\/categoria\/noticias-nacionales"},"img":{"alt_text":"","src":"","width":0,"height":0},"classes":[]},{"id":1469370,"url":"https:\/\/noticiasya.com\/midland-odessa\/2025\/12\/17\/maduro-trump-tierra-petroleo-intenciones-trax\/","url_meta":{"origin":1469357,"position":2},"title":"Maduro dice que los comentarios de Trump sobre la tierra y el petr\u00f3leo revelan sus verdaderas intenciones en Venezuela","author":"","date":"diciembre 17, 2025","format":false,"excerpt":"El presidente de Venezuela, Nicol\u00e1s Maduro, dijo este mi\u00e9rcoles que su hom\u00f3logo estadounidense Donald Trump revel\u00f3 sus verdaderas intenciones hacia el pa\u00eds sudamericano con su afirmaci\u00f3n de que le hab\u00edan robado a Estados Unidos \u201cpetr\u00f3leo, tierras y otros activos\u201d.Maduro dijo que la afirmaci\u00f3n de Trump mostraba que Estados Unidos realmente\u2026","rel":"","context":"In &quot;Noticias Nacionales&quot;","block_context":{"text":"Noticias Nacionales","link":"https:\/\/noticiasya.com\/midland-odessa\/categoria\/noticias-nacionales"},"img":{"alt_text":"","src":"","width":0,"height":0},"classes":[]},{"id":1470158,"url":"https:\/\/noticiasya.com\/midland-odessa\/2026\/01\/16\/murillo-ortega-rompen-silencio-venezuela-maduro-cuba-orix\/","url_meta":{"origin":1469357,"position":3},"title":"La pareja Murillo-Ortega rompe el silencio sobre Venezuela: pide el regreso de Maduro y alto a las amenazas de EE.UU. a Cuba","author":"","date":"enero 16, 2026","format":false,"excerpt":"Daniel Ortega, presidente de Nicaragua, y Rosario Murillo, copresidenta del pa\u00eds y esposa de Ortega, rompieron el silencio este viernes sobre el ataque militar de Estados Unidos contra Venezuela del s\u00e1bado 3 de enero, que deriv\u00f3 en la captura del presidente derrocado Nicol\u00e1s Maduro y de la primera dama Cilia\u2026","rel":"","context":"In &quot;Noticias Nacionales&quot;","block_context":{"text":"Noticias Nacionales","link":"https:\/\/noticiasya.com\/midland-odessa\/categoria\/noticias-nacionales"},"img":{"alt_text":"","src":"","width":0,"height":0},"classes":[]},{"id":1469454,"url":"https:\/\/noticiasya.com\/midland-odessa\/2025\/12\/20\/segundo-buque-incautado-iran-ayuda-enfrentar-pirateria-eeuu-orix\/","url_meta":{"origin":1469357,"position":4},"title":"Tras segundo buque incautado, Venezuela dice que Ir\u00e1n ofreci\u00f3 su ayuda para &#171;enfrentar la pirater\u00eda&#187; de EE.UU.","author":"","date":"diciembre 20, 2025","format":false,"excerpt":"El ministro de Relaciones Exteriores de Venezuela, Yv\u00e1n Gil, dijo este s\u00e1bado que en una llamada con su par de Ir\u00e1n, Abbas Araghchi, el pa\u00eds del Golfo P\u00e9rsico ofreci\u00f3 su ayuda para \u201cenfrentar la pirater\u00eda y el terrorismo internacional que Estados Unidos busca imponer\u201d, luego de que m\u00e1s temprano personal\u2026","rel":"","context":"In &quot;Noticias Nacionales&quot;","block_context":{"text":"Noticias Nacionales","link":"https:\/\/noticiasya.com\/midland-odessa\/categoria\/noticias-nacionales"},"img":{"alt_text":"","src":"","width":0,"height":0},"classes":[]},{"id":1469707,"url":"https:\/\/noticiasya.com\/midland-odessa\/2026\/01\/01\/maduro-venezuela-mensaje-afianzar-militar-orix\/","url_meta":{"origin":1469357,"position":5},"title":"Maduro promete afianzar en 2026 el desarrollo militar de Venezuela: &#171;La patria est\u00e1 segura y protegida&#187;","author":"","date":"enero 1, 2026","format":false,"excerpt":"El presidente de Venezuela, Nicol\u00e1s Maduro, asegur\u00f3 que el pa\u00eds est\u00e1 \u201cseguro y protegido\u201d frente a \u201camenazas imperiales\u201d y prometi\u00f3 que en 2026 afianzar\u00e1 el desarrollo t\u00e9cnico y militar hacia una \u201cindependencia irreversible\u201d, en un mensaje de fin de a\u00f1o transmitido por el canal estatal VTV.El mandatario proclam\u00f3 al 2026\u2026","rel":"","context":"In &quot;Noticias Nacionales&quot;","block_context":{"text":"Noticias Nacionales","link":"https:\/\/noticiasya.com\/midland-odessa\/categoria\/noticias-nacionales"},"img":{"alt_text":"","src":"","width":0,"height":0},"classes":[]}],"jetpack_sharing_enabled":true,"_links":{"self":[{"href":"https:\/\/noticiasya.com\/midland-odessa\/wp-json\/wp\/v2\/posts\/1469357","targetHints":{"allow":["GET"]}}],"collection":[{"href":"https:\/\/noticiasya.com\/midland-odessa\/wp-json\/wp\/v2\/posts"}],"about":[{"href":"https:\/\/noticiasya.com\/midland-odessa\/wp-json\/wp\/v2\/types\/post"}],"replies":[{"embeddable":true,"href":"https:\/\/noticiasya.com\/midland-odessa\/wp-json\/wp\/v2\/comments?post=1469357"}],"version-history":[{"count":0,"href":"https:\/\/noticiasya.com\/midland-odessa\/wp-json\/wp\/v2\/posts\/1469357\/revisions"}],"wp:attachment":[{"href":"https:\/\/noticiasya.com\/midland-odessa\/wp-json\/wp\/v2\/media?parent=1469357"}],"wp:term":[{"taxonomy":"category","embeddable":true,"href":"https:\/\/noticiasya.com\/midland-odessa\/wp-json\/wp\/v2\/categories?post=1469357"},{"taxonomy":"post_tag","embeddable":true,"href":"https:\/\/noticiasya.com\/midland-odessa\/wp-json\/wp\/v2\/tags?post=1469357"}],"curies":[{"name":"wp","href":"https:\/\/api.w.org\/{rel}","templated":true}]}}