{"id":1469360,"date":"2025-12-17T15:03:47","date_gmt":"2025-12-17T23:03:47","guid":{"rendered":"https:\/\/noticiasya.com\/2025\/12\/17\/retiro-crawford-canelo-alvarez-pelea-benavidez-bivol-orix\/"},"modified":"2025-12-17T15:03:47","modified_gmt":"2025-12-17T23:03:47","slug":"retiro-crawford-canelo-alvarez-pelea-benavidez-bivol-orix","status":"publish","type":"post","link":"https:\/\/noticiasya.com\/midland-odessa\/2025\/12\/17\/retiro-crawford-canelo-alvarez-pelea-benavidez-bivol-orix\/","title":{"rendered":"\u00bfPuede el retiro de Crawford acercar al Canelo \u00c1lvarez a pelear contra Benavidez o Bivol?"},"content":{"rendered":"<p>Terence Crawford sacudi\u00f3 al mundo del boxeo dos veces en el mismo a\u00f1o. En septiembre de 2025, en Las Vegas, venci\u00f3 por la v\u00eda un\u00e1nime en las tarjetas a Sa\u00fal \u201cCanelo\u201d \u00c1lvarez para convertirse en el primer campe\u00f3n indiscutido en tres divisiones en el boxeo.<\/p>\n<p>Pero a\u00fan m\u00e1s impactante, fue la decisi\u00f3n que tom\u00f3 el 16 de diciembre. Su retiro, que hab\u00eda dejado entrever en la entrevista posterior al combate contra el tapat\u00edo en Nevada, se hizo efectivo y los rankings comenzaron a moverse.<\/p>\n<p>Canelo, efectivamente, aparece como el primer retador en tres de las cuatro coronas de las distintas organizaciones box\u00edsticas del peso super mediano, y pudiera pensarse que en el pr\u00f3ximo combate que tendr\u00e1 en 2026, atacar\u00e1 a alguno de estos cetros para recuperarlos.<\/p>\n<p>No obstante, aunque la tentaci\u00f3n de bolsas m\u00e1s elevadas espera a pocos kilos de distancia, tras la derrota ante Crawford los planes del mexicano pudieran ser distintos.<\/p>\n<p>\u201cA mi me gustar\u00eda volver a ver pelear a Sa\u00fal con Dimitri Bivol\u201d, expres\u00f3 a CNN su manager Eddy Reynoso antes del combate contra Crawford, apuntando a que tal vez la \u00faltima pelea del tapat\u00edo podr\u00eda ser contra el actual campe\u00f3n del peso semipesado de la Federaci\u00f3n Internacional, de la Organizaci\u00f3n Internacional, y de la Asociaci\u00f3n Mundial de boxeo.<\/p>\n<p>Bivol adem\u00e1s, comparte este \u00faltimo cintur\u00f3n con el otro sospechoso habitual que ha rondado la carrera del Canelo \u00c1lvarez: David Benavidez. El p\u00fagil estadounidense con ra\u00edces mexicanas y ecuatorianas, es due\u00f1o adem\u00e1s de la otra diadema de este peso, la del Consejo Mundial de Boxeo.<\/p>\n<p>El escenario que se puede plantear es interesante: un combate entre Bivol y Benavidez, para quedarse con un campe\u00f3n unificado en el peso semipesado y, mientras tanto, Canelo \u00c1lvarez pudiera medirse con el vencedor entre ambos, pensando siempre que va en desventaja, al tener que subir tres kilos y medio para pasar del peso super mediano a la categor\u00eda inmediatamente siguiente.<\/p>\n<p>Pero ya sin Crawford en el camino, la ruta de \u00c1lvarez para al menos retomar un poco de gloria puede ser acceder nuevamente a alguna de las coronas del peso supermediano, y de all\u00ed, dar el salto para enfrentarse, tal vez, como colof\u00f3n de su trayectoria, con Bivol o Benavidez, por un premio superior: volver a ser rey en el peso semipesado, algo que logr\u00f3 ya en 2019, cuando gan\u00f3 la faja de la Organizaci\u00f3n Mundial de Boxeo ante Sergey Kovalev.<\/p>\n<p>The-CNN-Wire<br \/>&trade; &amp; &copy; 2025 Cable News Network, Inc., a Warner Bros. Discovery Company. All rights reserved.<\/p>\n","protected":false},"excerpt":{"rendered":"<p>Terence Crawford sacudi\u00f3 al mundo del boxeo dos veces en el mismo a\u00f1o. En septiembre de 2025, en Las Vegas, venci\u00f3 por la v\u00eda un\u00e1nime en las tarjetas a Sa\u00fal \u201cCanelo\u201d \u00c1lvarez para convertirse en el primer campe\u00f3n indiscutido en tres divisiones en el boxeo. Pero a\u00fan m\u00e1s impactante, fue la decisi\u00f3n que tom\u00f3 el [&hellip;]<\/p>\n","protected":false},"author":0,"featured_media":0,"comment_status":"open","ping_status":"open","sticky":false,"template":"","format":"standard","meta":{"_jetpack_memberships_contains_paid_content":false,"footnotes":""},"categories":[10],"tags":[],"class_list":["post-1469360","post","type-post","status-publish","format-standard","hentry","category-noticias-nacionales","market-global"],"yoast_head":"<!-- This site is optimized with the Yoast SEO plugin v24.4 - https:\/\/yoast.com\/wordpress\/plugins\/seo\/ -->\n<title>\u00bfPuede el retiro de Crawford acercar al Canelo \u00c1lvarez a pelear contra Benavidez o Bivol? - Noticias<\/title>\n<meta name=\"robots\" content=\"index, follow, max-snippet:-1, max-image-preview:large, max-video-preview:-1\" \/>\n<link rel=\"canonical\" href=\"https:\/\/noticiasya.com\/2025\/12\/17\/retiro-crawford-canelo-alvarez-pelea-benavidez-bivol-orix\/\" \/>\n<meta property=\"og:locale\" content=\"es_ES\" \/>\n<meta property=\"og:type\" content=\"article\" \/>\n<meta property=\"og:title\" content=\"\u00bfPuede el retiro de Crawford acercar al Canelo \u00c1lvarez a pelear contra Benavidez o Bivol? - Noticias\" \/>\n<meta property=\"og:description\" content=\"Terence Crawford sacudi\u00f3 al mundo del boxeo dos veces en el mismo a\u00f1o. En septiembre de 2025, en Las Vegas, venci\u00f3 por la v\u00eda un\u00e1nime en las tarjetas a Sa\u00fal \u201cCanelo\u201d \u00c1lvarez para convertirse en el primer campe\u00f3n indiscutido en tres divisiones en el boxeo. Pero a\u00fan m\u00e1s impactante, fue la decisi\u00f3n que tom\u00f3 el [&hellip;]\" \/>\n<meta property=\"og:url\" content=\"https:\/\/noticiasya.com\/2025\/12\/17\/retiro-crawford-canelo-alvarez-pelea-benavidez-bivol-orix\/\" \/>\n<meta property=\"og:site_name\" content=\"Noticias\" \/>\n<meta property=\"article:published_time\" content=\"2025-12-17T23:03:47+00:00\" \/>\n<meta name=\"twitter:card\" content=\"summary_large_image\" \/>\n<meta name=\"twitter:label1\" content=\"Est. reading time\" \/>\n\t<meta name=\"twitter:data1\" content=\"2 minutos\" \/>\n<script type=\"application\/ld+json\" class=\"yoast-schema-graph\">{\"@context\":\"https:\/\/schema.org\",\"@graph\":[{\"@type\":\"Article\",\"@id\":\"https:\/\/noticiasya.com\/2025\/12\/17\/retiro-crawford-canelo-alvarez-pelea-benavidez-bivol-orix\/#article\",\"isPartOf\":{\"@id\":\"https:\/\/noticiasya.com\/2025\/12\/17\/retiro-crawford-canelo-alvarez-pelea-benavidez-bivol-orix\/\"},\"author\":{\"name\":\"\",\"@id\":\"\"},\"headline\":\"\u00bfPuede el retiro de Crawford acercar al Canelo \u00c1lvarez a pelear contra Benavidez o Bivol?\",\"datePublished\":\"2025-12-17T23:03:47+00:00\",\"mainEntityOfPage\":{\"@id\":\"https:\/\/noticiasya.com\/2025\/12\/17\/retiro-crawford-canelo-alvarez-pelea-benavidez-bivol-orix\/\"},\"wordCount\":458,\"commentCount\":0,\"publisher\":{\"@id\":\"https:\/\/noticiasya.com\/#organization\"},\"articleSection\":[\"Noticias Nacionales\"],\"inLanguage\":\"es\",\"potentialAction\":[{\"@type\":\"CommentAction\",\"name\":\"Comment\",\"target\":[\"https:\/\/noticiasya.com\/2025\/12\/17\/retiro-crawford-canelo-alvarez-pelea-benavidez-bivol-orix\/#respond\"]}]},{\"@type\":\"WebPage\",\"@id\":\"https:\/\/noticiasya.com\/2025\/12\/17\/retiro-crawford-canelo-alvarez-pelea-benavidez-bivol-orix\/\",\"url\":\"https:\/\/noticiasya.com\/2025\/12\/17\/retiro-crawford-canelo-alvarez-pelea-benavidez-bivol-orix\/\",\"name\":\"\u00bfPuede el retiro de Crawford acercar al Canelo \u00c1lvarez a pelear contra Benavidez o Bivol? - Noticias\",\"isPartOf\":{\"@id\":\"https:\/\/noticiasya.com\/#website\"},\"datePublished\":\"2025-12-17T23:03:47+00:00\",\"breadcrumb\":{\"@id\":\"https:\/\/noticiasya.com\/2025\/12\/17\/retiro-crawford-canelo-alvarez-pelea-benavidez-bivol-orix\/#breadcrumb\"},\"inLanguage\":\"es\",\"potentialAction\":[{\"@type\":\"ReadAction\",\"target\":[\"https:\/\/noticiasya.com\/2025\/12\/17\/retiro-crawford-canelo-alvarez-pelea-benavidez-bivol-orix\/\"]}]},{\"@type\":\"BreadcrumbList\",\"@id\":\"https:\/\/noticiasya.com\/2025\/12\/17\/retiro-crawford-canelo-alvarez-pelea-benavidez-bivol-orix\/#breadcrumb\",\"itemListElement\":[{\"@type\":\"ListItem\",\"position\":1,\"name\":\"Home\",\"item\":\"https:\/\/noticiasya.com\/\"},{\"@type\":\"ListItem\",\"position\":2,\"name\":\"\u00bfPuede el retiro de Crawford acercar al Canelo \u00c1lvarez a pelear contra Benavidez o Bivol?\"}]},{\"@type\":\"WebSite\",\"@id\":\"https:\/\/noticiasya.com\/#website\",\"url\":\"https:\/\/noticiasya.com\/\",\"name\":\"Noticias\",\"description\":\"Lo que importa\",\"publisher\":{\"@id\":\"https:\/\/noticiasya.com\/#organization\"},\"potentialAction\":[{\"@type\":\"SearchAction\",\"target\":{\"@type\":\"EntryPoint\",\"urlTemplate\":\"https:\/\/noticiasya.com\/?s={search_term_string}\"},\"query-input\":{\"@type\":\"PropertyValueSpecification\",\"valueRequired\":true,\"valueName\":\"search_term_string\"}}],\"inLanguage\":\"es\"},{\"@type\":\"Organization\",\"@id\":\"https:\/\/noticiasya.com\/#organization\",\"name\":\"Noticias\",\"url\":\"https:\/\/noticiasya.com\/\",\"logo\":{\"@type\":\"ImageObject\",\"inLanguage\":\"es\",\"@id\":\"https:\/\/noticiasya.com\/#\/schema\/logo\/image\/\",\"url\":\"https:\/\/noticiasya.com\/wp-content\/uploads\/sites\/22\/2023\/12\/logo-nacional.png\",\"contentUrl\":\"https:\/\/noticiasya.com\/wp-content\/uploads\/sites\/22\/2023\/12\/logo-nacional.png\",\"width\":1801,\"height\":691,\"caption\":\"Noticias\"},\"image\":{\"@id\":\"https:\/\/noticiasya.com\/#\/schema\/logo\/image\/\"}}]}<\/script>\n<!-- \/ Yoast SEO plugin. -->","yoast_head_json":{"title":"\u00bfPuede el retiro de Crawford acercar al Canelo \u00c1lvarez a pelear contra Benavidez o Bivol? - Noticias","robots":{"index":"index","follow":"follow","max-snippet":"max-snippet:-1","max-image-preview":"max-image-preview:large","max-video-preview":"max-video-preview:-1"},"canonical":"https:\/\/noticiasya.com\/2025\/12\/17\/retiro-crawford-canelo-alvarez-pelea-benavidez-bivol-orix\/","og_locale":"es_ES","og_type":"article","og_title":"\u00bfPuede el retiro de Crawford acercar al Canelo \u00c1lvarez a pelear contra Benavidez o Bivol? - Noticias","og_description":"Terence Crawford sacudi\u00f3 al mundo del boxeo dos veces en el mismo a\u00f1o. En septiembre de 2025, en Las Vegas, venci\u00f3 por la v\u00eda un\u00e1nime en las tarjetas a Sa\u00fal \u201cCanelo\u201d \u00c1lvarez para convertirse en el primer campe\u00f3n indiscutido en tres divisiones en el boxeo. Pero a\u00fan m\u00e1s impactante, fue la decisi\u00f3n que tom\u00f3 el [&hellip;]","og_url":"https:\/\/noticiasya.com\/2025\/12\/17\/retiro-crawford-canelo-alvarez-pelea-benavidez-bivol-orix\/","og_site_name":"Noticias","article_published_time":"2025-12-17T23:03:47+00:00","twitter_card":"summary_large_image","twitter_misc":{"Est. reading time":"2 minutos"},"schema":{"@context":"https:\/\/schema.org","@graph":[{"@type":"Article","@id":"https:\/\/noticiasya.com\/2025\/12\/17\/retiro-crawford-canelo-alvarez-pelea-benavidez-bivol-orix\/#article","isPartOf":{"@id":"https:\/\/noticiasya.com\/2025\/12\/17\/retiro-crawford-canelo-alvarez-pelea-benavidez-bivol-orix\/"},"author":{"name":"","@id":""},"headline":"\u00bfPuede el retiro de Crawford acercar al Canelo \u00c1lvarez a pelear contra Benavidez o Bivol?","datePublished":"2025-12-17T23:03:47+00:00","mainEntityOfPage":{"@id":"https:\/\/noticiasya.com\/2025\/12\/17\/retiro-crawford-canelo-alvarez-pelea-benavidez-bivol-orix\/"},"wordCount":458,"commentCount":0,"publisher":{"@id":"https:\/\/noticiasya.com\/#organization"},"articleSection":["Noticias Nacionales"],"inLanguage":"es","potentialAction":[{"@type":"CommentAction","name":"Comment","target":["https:\/\/noticiasya.com\/2025\/12\/17\/retiro-crawford-canelo-alvarez-pelea-benavidez-bivol-orix\/#respond"]}]},{"@type":"WebPage","@id":"https:\/\/noticiasya.com\/2025\/12\/17\/retiro-crawford-canelo-alvarez-pelea-benavidez-bivol-orix\/","url":"https:\/\/noticiasya.com\/2025\/12\/17\/retiro-crawford-canelo-alvarez-pelea-benavidez-bivol-orix\/","name":"\u00bfPuede el retiro de Crawford acercar al Canelo \u00c1lvarez a pelear contra Benavidez o Bivol? - Noticias","isPartOf":{"@id":"https:\/\/noticiasya.com\/#website"},"datePublished":"2025-12-17T23:03:47+00:00","breadcrumb":{"@id":"https:\/\/noticiasya.com\/2025\/12\/17\/retiro-crawford-canelo-alvarez-pelea-benavidez-bivol-orix\/#breadcrumb"},"inLanguage":"es","potentialAction":[{"@type":"ReadAction","target":["https:\/\/noticiasya.com\/2025\/12\/17\/retiro-crawford-canelo-alvarez-pelea-benavidez-bivol-orix\/"]}]},{"@type":"BreadcrumbList","@id":"https:\/\/noticiasya.com\/2025\/12\/17\/retiro-crawford-canelo-alvarez-pelea-benavidez-bivol-orix\/#breadcrumb","itemListElement":[{"@type":"ListItem","position":1,"name":"Home","item":"https:\/\/noticiasya.com\/"},{"@type":"ListItem","position":2,"name":"\u00bfPuede el retiro de Crawford acercar al Canelo \u00c1lvarez a pelear contra Benavidez o Bivol?"}]},{"@type":"WebSite","@id":"https:\/\/noticiasya.com\/#website","url":"https:\/\/noticiasya.com\/","name":"Noticias","description":"Lo que importa","publisher":{"@id":"https:\/\/noticiasya.com\/#organization"},"potentialAction":[{"@type":"SearchAction","target":{"@type":"EntryPoint","urlTemplate":"https:\/\/noticiasya.com\/?s={search_term_string}"},"query-input":{"@type":"PropertyValueSpecification","valueRequired":true,"valueName":"search_term_string"}}],"inLanguage":"es"},{"@type":"Organization","@id":"https:\/\/noticiasya.com\/#organization","name":"Noticias","url":"https:\/\/noticiasya.com\/","logo":{"@type":"ImageObject","inLanguage":"es","@id":"https:\/\/noticiasya.com\/#\/schema\/logo\/image\/","url":"https:\/\/noticiasya.com\/wp-content\/uploads\/sites\/22\/2023\/12\/logo-nacional.png","contentUrl":"https:\/\/noticiasya.com\/wp-content\/uploads\/sites\/22\/2023\/12\/logo-nacional.png","width":1801,"height":691,"caption":"Noticias"},"image":{"@id":"https:\/\/noticiasya.com\/#\/schema\/logo\/image\/"}}]}},"parsely":{"version":"1.1.0","canonical_url":"https:\/\/noticiasya.com\/midland-odessa\/2025\/12\/17\/retiro-crawford-canelo-alvarez-pelea-benavidez-bivol-orix\/","smart_links":{"inbound":0,"outbound":0},"traffic_boost_suggestions_count":0,"meta":{"@context":"https:\/\/schema.org","@type":"NewsArticle","headline":"\u00bfPuede el retiro de Crawford acercar al Canelo \u00c1lvarez a pelear contra Benavidez o Bivol?","url":"http:\/\/noticiasya.com\/midland-odessa\/2025\/12\/17\/retiro-crawford-canelo-alvarez-pelea-benavidez-bivol-orix\/","mainEntityOfPage":{"@type":"WebPage","@id":"http:\/\/noticiasya.com\/midland-odessa\/2025\/12\/17\/retiro-crawford-canelo-alvarez-pelea-benavidez-bivol-orix\/"},"thumbnailUrl":"","image":{"@type":"ImageObject","url":""},"articleSection":"Noticias Nacionales","author":[],"creator":[],"publisher":{"@type":"Organization","name":"Noticias","logo":""},"keywords":[],"dateCreated":"2025-12-17T23:03:47Z","datePublished":"2025-12-17T23:03:47Z","dateModified":"2025-12-17T23:03:47Z"},"rendered":"<script type=\"application\/ld+json\" class=\"wp-parsely-metadata\">{\"@context\":\"https:\\\/\\\/schema.org\",\"@type\":\"NewsArticle\",\"headline\":\"\\u00bfPuede el retiro de Crawford acercar al Canelo \\u00c1lvarez a pelear contra Benavidez o Bivol?\",\"url\":\"http:\\\/\\\/noticiasya.com\\\/midland-odessa\\\/2025\\\/12\\\/17\\\/retiro-crawford-canelo-alvarez-pelea-benavidez-bivol-orix\\\/\",\"mainEntityOfPage\":{\"@type\":\"WebPage\",\"@id\":\"http:\\\/\\\/noticiasya.com\\\/midland-odessa\\\/2025\\\/12\\\/17\\\/retiro-crawford-canelo-alvarez-pelea-benavidez-bivol-orix\\\/\"},\"thumbnailUrl\":\"\",\"image\":{\"@type\":\"ImageObject\",\"url\":\"\"},\"articleSection\":\"Noticias Nacionales\",\"author\":[],\"creator\":[],\"publisher\":{\"@type\":\"Organization\",\"name\":\"Noticias\",\"logo\":\"\"},\"keywords\":[],\"dateCreated\":\"2025-12-17T23:03:47Z\",\"datePublished\":\"2025-12-17T23:03:47Z\",\"dateModified\":\"2025-12-17T23:03:47Z\"}<\/script>","tracker_url":"https:\/\/cdn.parsely.com\/keys\/noticiasya.com\/p.js"},"jetpack_featured_media_url":"","jetpack-related-posts":[{"id":1470129,"url":"https:\/\/noticiasya.com\/midland-odessa\/2026\/01\/15\/canelo-alvarez-regresa-12-de-septiembre-orix\/","url_meta":{"origin":1469360,"position":0},"title":"Canelo \u00c1lvarez regresa al ring el 12 de septiembre con una pelea de t\u00edtulo mundial","author":"","date":"enero 15, 2026","format":false,"excerpt":"Sa\u00fal \u201cCanelo\u201d \u00c1lvarez, como una fiera herida, se lami\u00f3 sus heridas y sigui\u00f3 adelante con un plan m\u00e1s que ambicioso.El tapat\u00edo estar\u00e1 de regreso en los ensogados tras su derrota del mes de septiembre ante Terence Crawford, para una velada especial que ha planificado junto a la Autoridad General de\u2026","rel":"","context":"In &quot;Noticias Nacionales&quot;","block_context":{"text":"Noticias Nacionales","link":"https:\/\/noticiasya.com\/midland-odessa\/categoria\/noticias-nacionales"},"img":{"alt_text":"","src":"","width":0,"height":0},"classes":[]},{"id":1466485,"url":"https:\/\/noticiasya.com\/midland-odessa\/2025\/09\/15\/canelo-alvarez-futuro-analisis-boxeo-orix\/","url_meta":{"origin":1469360,"position":1},"title":"\u00bfQu\u00e9 sigue en la carrera de Canelo \u00c1lvarez despu\u00e9s de su derrota ante Terence Crawford?","author":"","date":"septiembre 15, 2025","format":false,"excerpt":"\u201cLa pelea confirma que \u2018Canelo\u2019 ha dejado atr\u00e1s sus mejores tiempos\u201d. Con esa frase contundente contesta al tel\u00e9fono Eduardo Lamaz\u00f3n, toda una leyenda en el an\u00e1lisis de boxeo, casi 48 horas despu\u00e9s de que el p\u00fagil mexicano perdiera con claridad ante el estadounidense Terence Crawford en Las Vegas, cediendo sus\u2026","rel":"","context":"In &quot;Noticias Nacionales&quot;","block_context":{"text":"Noticias Nacionales","link":"https:\/\/noticiasya.com\/midland-odessa\/categoria\/noticias-nacionales"},"img":{"alt_text":"","src":"","width":0,"height":0},"classes":[]},{"id":1467036,"url":"https:\/\/noticiasya.com\/midland-odessa\/2025\/10\/01\/canelo-alvarez-operacion-proxima-pelea-orix\/","url_meta":{"origin":1469360,"position":2},"title":"Canelo \u00c1lvarez ser\u00e1 operado tras su derrota contra Terence Crawford: \u00bfqu\u00e9 pasar\u00e1 con su pr\u00f3xima pelea?","author":"","date":"octubre 1, 2025","format":false,"excerpt":"No es el cierre de a\u00f1o que Sa\u00fal \u201cCanelo\u201d \u00c1lvarez ten\u00eda en mente. Con el recuerdo a\u00fan fresco de su contundente derrota ante Terence \u201cBud\u201d Crawford en Las Vegas en septiembre, donde cedi\u00f3 todos sus t\u00edtulos de la categor\u00eda de los supermedianos, el boxeador mexicano recibi\u00f3 otra mala noticia: deber\u00e1\u2026","rel":"","context":"In &quot;Noticias Nacionales&quot;","block_context":{"text":"Noticias Nacionales","link":"https:\/\/noticiasya.com\/midland-odessa\/categoria\/noticias-nacionales"},"img":{"alt_text":"","src":"","width":0,"height":0},"classes":[]},{"id":1466453,"url":"https:\/\/noticiasya.com\/midland-odessa\/2025\/09\/14\/canelo-alvarez-derrota-sucesor-boxeo\/","url_meta":{"origin":1469360,"position":3},"title":"\u00bfQui\u00e9n ser\u00e1 el pr\u00f3ximo &#171;Canelo&#187; \u00c1lvarez?","author":"","date":"septiembre 14, 2025","format":false,"excerpt":"El ocaso se cierne sobre Sierra Nevada, y termina una jornada m\u00e1s de entrenamiento de Sa\u00fal \u201cCanelo\u201d \u00c1lvarez, quien a\u00fan se prepara para su combate ante Terence Crawford.El p\u00fagil tapat\u00edo se hab\u00eda empleado a fondo. Terminaba exhausto, con su rostro colorado, visiblemente cansado tras una larga jornada de entrenamientos y\u2026","rel":"","context":"In &quot;Noticias Nacionales&quot;","block_context":{"text":"Noticias Nacionales","link":"https:\/\/noticiasya.com\/midland-odessa\/categoria\/noticias-nacionales"},"img":{"alt_text":"","src":"","width":0,"height":0},"classes":[]},{"id":1468942,"url":"https:\/\/noticiasya.com\/midland-odessa\/2025\/12\/03\/terence-crawford-pierde-titulo-cmb-boxeo-orix\/","url_meta":{"origin":1469360,"position":4},"title":"A menos de tres meses de vencer a Sa\u00fal &#171;Canelo&#187; \u00c1lvarez, Terence Crawford perdi\u00f3 uno de sus t\u00edtulos","author":"","date":"diciembre 3, 2025","format":false,"excerpt":"El cetro de campe\u00f3n indiscutido del peso supermediano no le dur\u00f3 mucho a Terence Crawford. \u201cBud\u201d se gan\u00f3 ese lugar el pasado 13 de septiembre, cuando venci\u00f3 categ\u00f3ricamente al mexicano Sa\u00fal \u201cCanelo\u201d \u00c1lvarez, a quien le arrebat\u00f3 todos los cinturones en una noche perfecta para \u00e9l en Las Vegas.Sin embargo,\u2026","rel":"","context":"In &quot;Noticias Nacionales&quot;","block_context":{"text":"Noticias Nacionales","link":"https:\/\/noticiasya.com\/midland-odessa\/categoria\/noticias-nacionales"},"img":{"alt_text":"","src":"","width":0,"height":0},"classes":[]},{"id":1466416,"url":"https:\/\/noticiasya.com\/midland-odessa\/2025\/09\/13\/bolsa-canelo-crawford-cuanto-ganaran-orix\/","url_meta":{"origin":1469360,"position":5},"title":"La bolsa estimada de Canelo vs. Crawford: \u00bfcu\u00e1nto se lleva cada boxeador?","author":"","date":"septiembre 13, 2025","format":false,"excerpt":"El enfrentamiento entre Sa\u00fal \u201cCanelo\u201d \u00c1lvarez y Terence Crawford, pactado para esta noche en Las Vegas, se perfila como uno de los combates m\u00e1s lucrativos en la historia del boxeo.Respaldado por el presidente de la Autoridad General del Entretenimiento de Arabia Saudita, Turki Alalshikh, este acuerdo financiero rompe paradigmas no\u2026","rel":"","context":"In &quot;Noticias Nacionales&quot;","block_context":{"text":"Noticias Nacionales","link":"https:\/\/noticiasya.com\/midland-odessa\/categoria\/noticias-nacionales"},"img":{"alt_text":"","src":"","width":0,"height":0},"classes":[]}],"jetpack_sharing_enabled":true,"_links":{"self":[{"href":"https:\/\/noticiasya.com\/midland-odessa\/wp-json\/wp\/v2\/posts\/1469360","targetHints":{"allow":["GET"]}}],"collection":[{"href":"https:\/\/noticiasya.com\/midland-odessa\/wp-json\/wp\/v2\/posts"}],"about":[{"href":"https:\/\/noticiasya.com\/midland-odessa\/wp-json\/wp\/v2\/types\/post"}],"replies":[{"embeddable":true,"href":"https:\/\/noticiasya.com\/midland-odessa\/wp-json\/wp\/v2\/comments?post=1469360"}],"version-history":[{"count":0,"href":"https:\/\/noticiasya.com\/midland-odessa\/wp-json\/wp\/v2\/posts\/1469360\/revisions"}],"wp:attachment":[{"href":"https:\/\/noticiasya.com\/midland-odessa\/wp-json\/wp\/v2\/media?parent=1469360"}],"wp:term":[{"taxonomy":"category","embeddable":true,"href":"https:\/\/noticiasya.com\/midland-odessa\/wp-json\/wp\/v2\/categories?post=1469360"},{"taxonomy":"post_tag","embeddable":true,"href":"https:\/\/noticiasya.com\/midland-odessa\/wp-json\/wp\/v2\/tags?post=1469360"}],"curies":[{"name":"wp","href":"https:\/\/api.w.org\/{rel}","templated":true}]}}