{"id":1469363,"date":"2025-12-17T16:03:49","date_gmt":"2025-12-18T00:03:49","guid":{"rendered":"https:\/\/noticiasya.com\/2025\/12\/17\/dan-bongino-deja-cargo-subdirector-fbi-enero-trax\/"},"modified":"2025-12-17T16:03:49","modified_gmt":"2025-12-18T00:03:49","slug":"dan-bongino-deja-cargo-subdirector-fbi-enero-trax","status":"publish","type":"post","link":"https:\/\/noticiasya.com\/midland-odessa\/2025\/12\/17\/dan-bongino-deja-cargo-subdirector-fbi-enero-trax\/","title":{"rendered":"Dan Bongino planea dejar el cargo de subdirector del FBI en enero"},"content":{"rendered":"<p>El subdirector del Bur\u00f3 Federal de Investigaciones (FBI, por sus siglas en ingl\u00e9s) de Estados Unidos, <a href=\"https:\/\/cnnespanol.cnn.com\/2025\/02\/24\/eeuu\/dan-bongino-subdirector-fbi-trump-trax\">Dan Bongino, <\/a>dejar\u00e1 pronto el cargo tras ocho meses marcados por enfrentamientos con su jefa, la secretaria de Justicia, Pam Bondi, y por combatir las teor\u00edas conspirativas que \u00e9l mismo promovi\u00f3 anteriormente.<\/p>\n<p>El presidente Donald Trump dijo a los periodistas este mi\u00e9rcoles que Bongino dejar\u00e1 su puesto. Poco despu\u00e9s, <a href=\"https:\/\/x.com\/FBIDDBongino\/status\/2001416238027935836\">Bongino public\u00f3 en X<\/a> que lo har\u00e1 en enero.<\/p>\n<p>\u201cDejar\u00e9 mi cargo en el FBI en enero. Quiero agradecer al presidente Trump, a la secretaria Bondi y al director Patel la oportunidad de servir con prop\u00f3sito. M\u00e1s importante a\u00fan, quiero agradecerles a ustedes, estadounidenses, por el privilegio de servirles\u201d, escribi\u00f3 Bongino. \u201cDios bendiga a Estados Unidos y a quienes la defienden\u201d.<\/p>\n<p>Antes del comentario del presidente, Bongino fue visto en un concurso de decoraci\u00f3n de casas de jengibre en la sede del FBI.<\/p>\n<p>\u201cOh, Dan hizo un gran trabajo. Creo que quiere regresar a su programa\u201d, dijo Trump a los periodistas en la Base Conjunta Andrews, refiri\u00e9ndose al programa de radio de Bongino.<\/p>\n<p>En la Casa Blanca y el FBI, se cre\u00eda desde hace tiempo que Bongino dejar\u00eda el cargo tras un a\u00f1o. En los \u00faltimos d\u00edas, Andrew Bailey, el codirector adjunto, ha asumido algunas de las reuniones que Bongino deb\u00eda liderar.<\/p>\n<p>Bongino se ha quejado tanto en p\u00fablico como en privado sobre lo tedioso que es el trabajo y el impacto en su vida personal.<\/p>\n<p>Algunos funcionarios del FBI pensaban que Bongino <a href=\"https:\/\/cnnespanol.cnn.com\/2025\/07\/11\/eeuu\/subdirector-fbi-considerando-renunciar-polemica-archivos-epstein-trax\">dejar\u00eda la agencia <\/a>tras el arresto de un sospechoso en el caso de las bombas caseras de 2021 a principios de este mes. Bongino tuvo un papel principal en el caso, en el que estaba enfocado antes de unirse al organismo, dedicando muchos de sus programas a teor\u00edas que afirmaban que la colocaci\u00f3n de bombas cerca de las sedes del Partido Republicano y el Partido Dem\u00f3crata en la v\u00edspera del 6 de enero de 2021 fue un trabajo interno.<\/p>\n<p>Sin embargo, en los d\u00edas posteriores a la presentaci\u00f3n de cargos, Bongino dijo a los funcionarios que a\u00fan no hab\u00eda tomado una decisi\u00f3n y que podr\u00eda quedarse hasta el comienzo del nuevo a\u00f1o. Algunos funcionarios dentro del FBI se sorprendieron por el anuncio del presidente.<\/p>\n<p>El FBI se neg\u00f3 a comentar sobre los comentarios de Trump acerca de la salida de Bongino.<\/p>\n<p>Bongino, exagente del Servicio Secreto que protegi\u00f3 a Barack Obama, Bongino lleg\u00f3 al puesto tras una exitosa carrera como conductor de un podcast, donde apoy\u00f3 abiertamente a Trump.<\/p>\n<p>Supuso un cambio dr\u00e1stico para un cargo que, en las \u00faltimas d\u00e9cadas, hab\u00eda estado ocupado por un agente de carrera, no por un designado pol\u00edtico. Su carrera anterior \u2014a la que Bongino hab\u00eda prometido regresar\u2014 termin\u00f3 siendo un obst\u00e1culo mientras intentaba reformar la agencia.<\/p>\n<p>A principios de este a\u00f1o, Bongino y el director del FBI, Kash Patel, expresaron su frustraci\u00f3n ante altos funcionarios de Trump por c\u00f3mo Bondi y el Departamento de Justicia manejaron la publicaci\u00f3n frustrada de documentos relacionados con el delincuente sexual Jeffrey Epstein. Bongino fue m\u00e1s all\u00e1 y amenaz\u00f3 con dejar la agencia despu\u00e9s de que los funcionarios incumplieran la promesa de publicar los documentos.<\/p>\n<p>Al igual que Patel, Bongino era partidario de publicar m\u00e1s documentos. En una reuni\u00f3n con la secretaria general de la Casa Blanca, Susie Wiles, Bongino insinu\u00f3 que no pod\u00eda continuar en el puesto mientras Bondi siguiera al frente del departamento. Falt\u00f3 al trabajo tras el enfrentamiento, dejando a sus superiores sin saber si regresar\u00eda.<\/p>\n<p>Un mes despu\u00e9s de sus amenazas, Patel anunci\u00f3 que Bongino ser\u00eda acompa\u00f1ado en el cargo de subdirector por Bailey, quien entonces era fiscal general de Missouri.<\/p>\n<p>No obstante, Bongino continu\u00f3 en la agencia, a menudo destacando el trabajo del FBI en redes sociales a pesar de la avalancha de cr\u00edticas de algunos sectores de la derecha \u2014incluidos exagentes\u2014 que lamentaban que Bongino no fuera transparente sobre los archivos de Epstein y, en semanas recientes, sobre la investigaci\u00f3n del caso de las bombas en Washington.<\/p>\n<p>Las teor\u00edas conspirativas, incluidas las relacionadas con los archivos de Epstein, fueron promovidas por el propio Bongino antes de unirse al FBI. En su podcast en mayo de 2024, Bongino se preguntaba: \u201c\u00bfQu\u00e9 est\u00e1n ocultando con Jeffrey Epstein?\u201d<\/p>\n<p>\u201c\u00bfPor qu\u00e9 Clinton, funcionarios de Obama, grandes donadores de izquierda, un ex primer ministro de Israel, por qu\u00e9 quieren tanto que desaparezca la historia de Jeffrey Epstein?\u201d, pregunt\u00f3 Bongino.<\/p>\n<p>Un a\u00f1o despu\u00e9s, Bongino le dijo al presentador de Fox News Sean Hannity, durante una entrevista, que sus puntos de vista hab\u00edan evolucionado y reconoci\u00f3 su frustraci\u00f3n por la reacci\u00f3n de los medios de derecha.<\/p>\n<p>\u201cYa no me pagan por mis opiniones\u201d, dijo. \u201cTrabajo para los contribuyentes. Me pagan en funci\u00f3n de la evidencia\u201d.<\/p>\n<p>Los problemas para Bongino no terminar\u00edan ah\u00ed.<\/p>\n<p>En su cumplea\u00f1os n\u00famero 51, a principios de diciembre, Bongino regres\u00f3 al programa de Hannity para celebrar una gran victoria: las autoridades arrestaron y acusaron a un hombre de Virginia de 30 a\u00f1os de colocar las dos bombas encontradas fuera de las oficinas del Comit\u00e9 Nacional Republicano y el Comit\u00e9 Nacional Dem\u00f3crata en Washington.<\/p>\n<p>Bongino ten\u00eda motivos para celebrar. El caso se hab\u00eda enfriado despu\u00e9s de que agentes del FBI intentaron durante a\u00f1os identificar a la persona que hab\u00eda colocado las bombas, captada solo en im\u00e1genes de seguridad borrosas ese d\u00eda, usando una sudadera con capucha gris y mascarilla m\u00e9dica.<\/p>\n<p>Era un caso que Bongino prometi\u00f3 reactivar con una investigaci\u00f3n tenaz y sin restricciones. Pero la celebraci\u00f3n fue breve.<\/p>\n<p>\u201cPublicaste un mensaje en X justo despu\u00e9s de que esto ocurri\u00f3 y dijiste que hab\u00eda un gran encubrimiento\u201d, dijo Hannity durante la entrevista de celebraci\u00f3n de Bongino, y agreg\u00f3 que Bongino hab\u00eda afirmado previamente que la persona que coloc\u00f3 la bomba era \u201calguien con acceso interno contrario a Trump o que se trat\u00f3 de una acci\u00f3n desde dentro\u201d.<\/p>\n<p>El subdirector repiti\u00f3 la respuesta que dio en el verano.<\/p>\n<p>\u201cEn el pasado me pagaban, Sean, por mis opiniones\u201d, dijo. \u201cEso est\u00e1 claro. Y alg\u00fan d\u00eda volver\u00e9 a ese espacio, pero no es para eso que me pagan ahora. Me pagan para ser subdirector, y basamos las investigaciones en hechos\u201d.<\/p>\n<p>The-CNN-Wire<br \/>&trade; &amp; &copy; 2025 Cable News Network, Inc., a Warner Bros. Discovery Company. All rights reserved.<\/p>\n","protected":false},"excerpt":{"rendered":"<p>El subdirector del Bur\u00f3 Federal de Investigaciones (FBI, por sus siglas en ingl\u00e9s) de Estados Unidos, Dan Bongino, dejar\u00e1 pronto el cargo tras ocho meses marcados por enfrentamientos con su jefa, la secretaria de Justicia, Pam Bondi, y por combatir las teor\u00edas conspirativas que \u00e9l mismo promovi\u00f3 anteriormente. El presidente Donald Trump dijo a los [&hellip;]<\/p>\n","protected":false},"author":0,"featured_media":0,"comment_status":"open","ping_status":"open","sticky":false,"template":"","format":"standard","meta":{"_jetpack_memberships_contains_paid_content":false,"footnotes":""},"categories":[10],"tags":[],"class_list":["post-1469363","post","type-post","status-publish","format-standard","hentry","category-noticias-nacionales","market-global"],"yoast_head":"<!-- This site is optimized with the Yoast SEO plugin v24.4 - https:\/\/yoast.com\/wordpress\/plugins\/seo\/ -->\n<title>Dan Bongino planea dejar el cargo de subdirector del FBI en enero - Noticias<\/title>\n<meta name=\"robots\" content=\"index, follow, max-snippet:-1, max-image-preview:large, max-video-preview:-1\" \/>\n<link rel=\"canonical\" href=\"https:\/\/noticiasya.com\/2025\/12\/17\/dan-bongino-deja-cargo-subdirector-fbi-enero-trax\/\" \/>\n<meta property=\"og:locale\" content=\"es_ES\" \/>\n<meta property=\"og:type\" content=\"article\" \/>\n<meta property=\"og:title\" content=\"Dan Bongino planea dejar el cargo de subdirector del FBI en enero - Noticias\" \/>\n<meta property=\"og:description\" content=\"El subdirector del Bur\u00f3 Federal de Investigaciones (FBI, por sus siglas en ingl\u00e9s) de Estados Unidos, Dan Bongino, dejar\u00e1 pronto el cargo tras ocho meses marcados por enfrentamientos con su jefa, la secretaria de Justicia, Pam Bondi, y por combatir las teor\u00edas conspirativas que \u00e9l mismo promovi\u00f3 anteriormente. El presidente Donald Trump dijo a los [&hellip;]\" \/>\n<meta property=\"og:url\" content=\"https:\/\/noticiasya.com\/2025\/12\/17\/dan-bongino-deja-cargo-subdirector-fbi-enero-trax\/\" \/>\n<meta property=\"og:site_name\" content=\"Noticias\" \/>\n<meta property=\"article:published_time\" content=\"2025-12-18T00:03:49+00:00\" \/>\n<meta name=\"twitter:card\" content=\"summary_large_image\" \/>\n<meta name=\"twitter:label1\" content=\"Est. reading time\" \/>\n\t<meta name=\"twitter:data1\" content=\"6 minutos\" \/>\n<script type=\"application\/ld+json\" class=\"yoast-schema-graph\">{\"@context\":\"https:\/\/schema.org\",\"@graph\":[{\"@type\":\"Article\",\"@id\":\"https:\/\/noticiasya.com\/2025\/12\/17\/dan-bongino-deja-cargo-subdirector-fbi-enero-trax\/#article\",\"isPartOf\":{\"@id\":\"https:\/\/noticiasya.com\/2025\/12\/17\/dan-bongino-deja-cargo-subdirector-fbi-enero-trax\/\"},\"author\":{\"name\":\"\",\"@id\":\"\"},\"headline\":\"Dan Bongino planea dejar el cargo de subdirector del FBI en enero\",\"datePublished\":\"2025-12-18T00:03:49+00:00\",\"mainEntityOfPage\":{\"@id\":\"https:\/\/noticiasya.com\/2025\/12\/17\/dan-bongino-deja-cargo-subdirector-fbi-enero-trax\/\"},\"wordCount\":1118,\"commentCount\":0,\"publisher\":{\"@id\":\"https:\/\/noticiasya.com\/#organization\"},\"articleSection\":[\"Noticias Nacionales\"],\"inLanguage\":\"es\",\"potentialAction\":[{\"@type\":\"CommentAction\",\"name\":\"Comment\",\"target\":[\"https:\/\/noticiasya.com\/2025\/12\/17\/dan-bongino-deja-cargo-subdirector-fbi-enero-trax\/#respond\"]}]},{\"@type\":\"WebPage\",\"@id\":\"https:\/\/noticiasya.com\/2025\/12\/17\/dan-bongino-deja-cargo-subdirector-fbi-enero-trax\/\",\"url\":\"https:\/\/noticiasya.com\/2025\/12\/17\/dan-bongino-deja-cargo-subdirector-fbi-enero-trax\/\",\"name\":\"Dan Bongino planea dejar el cargo de subdirector del FBI en enero - Noticias\",\"isPartOf\":{\"@id\":\"https:\/\/noticiasya.com\/#website\"},\"datePublished\":\"2025-12-18T00:03:49+00:00\",\"breadcrumb\":{\"@id\":\"https:\/\/noticiasya.com\/2025\/12\/17\/dan-bongino-deja-cargo-subdirector-fbi-enero-trax\/#breadcrumb\"},\"inLanguage\":\"es\",\"potentialAction\":[{\"@type\":\"ReadAction\",\"target\":[\"https:\/\/noticiasya.com\/2025\/12\/17\/dan-bongino-deja-cargo-subdirector-fbi-enero-trax\/\"]}]},{\"@type\":\"BreadcrumbList\",\"@id\":\"https:\/\/noticiasya.com\/2025\/12\/17\/dan-bongino-deja-cargo-subdirector-fbi-enero-trax\/#breadcrumb\",\"itemListElement\":[{\"@type\":\"ListItem\",\"position\":1,\"name\":\"Home\",\"item\":\"https:\/\/noticiasya.com\/\"},{\"@type\":\"ListItem\",\"position\":2,\"name\":\"Dan Bongino planea dejar el cargo de subdirector del FBI en enero\"}]},{\"@type\":\"WebSite\",\"@id\":\"https:\/\/noticiasya.com\/#website\",\"url\":\"https:\/\/noticiasya.com\/\",\"name\":\"Noticias\",\"description\":\"Lo que importa\",\"publisher\":{\"@id\":\"https:\/\/noticiasya.com\/#organization\"},\"potentialAction\":[{\"@type\":\"SearchAction\",\"target\":{\"@type\":\"EntryPoint\",\"urlTemplate\":\"https:\/\/noticiasya.com\/?s={search_term_string}\"},\"query-input\":{\"@type\":\"PropertyValueSpecification\",\"valueRequired\":true,\"valueName\":\"search_term_string\"}}],\"inLanguage\":\"es\"},{\"@type\":\"Organization\",\"@id\":\"https:\/\/noticiasya.com\/#organization\",\"name\":\"Noticias\",\"url\":\"https:\/\/noticiasya.com\/\",\"logo\":{\"@type\":\"ImageObject\",\"inLanguage\":\"es\",\"@id\":\"https:\/\/noticiasya.com\/#\/schema\/logo\/image\/\",\"url\":\"https:\/\/noticiasya.com\/wp-content\/uploads\/sites\/22\/2023\/12\/logo-nacional.png\",\"contentUrl\":\"https:\/\/noticiasya.com\/wp-content\/uploads\/sites\/22\/2023\/12\/logo-nacional.png\",\"width\":1801,\"height\":691,\"caption\":\"Noticias\"},\"image\":{\"@id\":\"https:\/\/noticiasya.com\/#\/schema\/logo\/image\/\"}}]}<\/script>\n<!-- \/ Yoast SEO plugin. -->","yoast_head_json":{"title":"Dan Bongino planea dejar el cargo de subdirector del FBI en enero - Noticias","robots":{"index":"index","follow":"follow","max-snippet":"max-snippet:-1","max-image-preview":"max-image-preview:large","max-video-preview":"max-video-preview:-1"},"canonical":"https:\/\/noticiasya.com\/2025\/12\/17\/dan-bongino-deja-cargo-subdirector-fbi-enero-trax\/","og_locale":"es_ES","og_type":"article","og_title":"Dan Bongino planea dejar el cargo de subdirector del FBI en enero - Noticias","og_description":"El subdirector del Bur\u00f3 Federal de Investigaciones (FBI, por sus siglas en ingl\u00e9s) de Estados Unidos, Dan Bongino, dejar\u00e1 pronto el cargo tras ocho meses marcados por enfrentamientos con su jefa, la secretaria de Justicia, Pam Bondi, y por combatir las teor\u00edas conspirativas que \u00e9l mismo promovi\u00f3 anteriormente. El presidente Donald Trump dijo a los [&hellip;]","og_url":"https:\/\/noticiasya.com\/2025\/12\/17\/dan-bongino-deja-cargo-subdirector-fbi-enero-trax\/","og_site_name":"Noticias","article_published_time":"2025-12-18T00:03:49+00:00","twitter_card":"summary_large_image","twitter_misc":{"Est. reading time":"6 minutos"},"schema":{"@context":"https:\/\/schema.org","@graph":[{"@type":"Article","@id":"https:\/\/noticiasya.com\/2025\/12\/17\/dan-bongino-deja-cargo-subdirector-fbi-enero-trax\/#article","isPartOf":{"@id":"https:\/\/noticiasya.com\/2025\/12\/17\/dan-bongino-deja-cargo-subdirector-fbi-enero-trax\/"},"author":{"name":"","@id":""},"headline":"Dan Bongino planea dejar el cargo de subdirector del FBI en enero","datePublished":"2025-12-18T00:03:49+00:00","mainEntityOfPage":{"@id":"https:\/\/noticiasya.com\/2025\/12\/17\/dan-bongino-deja-cargo-subdirector-fbi-enero-trax\/"},"wordCount":1118,"commentCount":0,"publisher":{"@id":"https:\/\/noticiasya.com\/#organization"},"articleSection":["Noticias Nacionales"],"inLanguage":"es","potentialAction":[{"@type":"CommentAction","name":"Comment","target":["https:\/\/noticiasya.com\/2025\/12\/17\/dan-bongino-deja-cargo-subdirector-fbi-enero-trax\/#respond"]}]},{"@type":"WebPage","@id":"https:\/\/noticiasya.com\/2025\/12\/17\/dan-bongino-deja-cargo-subdirector-fbi-enero-trax\/","url":"https:\/\/noticiasya.com\/2025\/12\/17\/dan-bongino-deja-cargo-subdirector-fbi-enero-trax\/","name":"Dan Bongino planea dejar el cargo de subdirector del FBI en enero - Noticias","isPartOf":{"@id":"https:\/\/noticiasya.com\/#website"},"datePublished":"2025-12-18T00:03:49+00:00","breadcrumb":{"@id":"https:\/\/noticiasya.com\/2025\/12\/17\/dan-bongino-deja-cargo-subdirector-fbi-enero-trax\/#breadcrumb"},"inLanguage":"es","potentialAction":[{"@type":"ReadAction","target":["https:\/\/noticiasya.com\/2025\/12\/17\/dan-bongino-deja-cargo-subdirector-fbi-enero-trax\/"]}]},{"@type":"BreadcrumbList","@id":"https:\/\/noticiasya.com\/2025\/12\/17\/dan-bongino-deja-cargo-subdirector-fbi-enero-trax\/#breadcrumb","itemListElement":[{"@type":"ListItem","position":1,"name":"Home","item":"https:\/\/noticiasya.com\/"},{"@type":"ListItem","position":2,"name":"Dan Bongino planea dejar el cargo de subdirector del FBI en enero"}]},{"@type":"WebSite","@id":"https:\/\/noticiasya.com\/#website","url":"https:\/\/noticiasya.com\/","name":"Noticias","description":"Lo que importa","publisher":{"@id":"https:\/\/noticiasya.com\/#organization"},"potentialAction":[{"@type":"SearchAction","target":{"@type":"EntryPoint","urlTemplate":"https:\/\/noticiasya.com\/?s={search_term_string}"},"query-input":{"@type":"PropertyValueSpecification","valueRequired":true,"valueName":"search_term_string"}}],"inLanguage":"es"},{"@type":"Organization","@id":"https:\/\/noticiasya.com\/#organization","name":"Noticias","url":"https:\/\/noticiasya.com\/","logo":{"@type":"ImageObject","inLanguage":"es","@id":"https:\/\/noticiasya.com\/#\/schema\/logo\/image\/","url":"https:\/\/noticiasya.com\/wp-content\/uploads\/sites\/22\/2023\/12\/logo-nacional.png","contentUrl":"https:\/\/noticiasya.com\/wp-content\/uploads\/sites\/22\/2023\/12\/logo-nacional.png","width":1801,"height":691,"caption":"Noticias"},"image":{"@id":"https:\/\/noticiasya.com\/#\/schema\/logo\/image\/"}}]}},"parsely":{"version":"1.1.0","canonical_url":"https:\/\/noticiasya.com\/midland-odessa\/2025\/12\/17\/dan-bongino-deja-cargo-subdirector-fbi-enero-trax\/","smart_links":{"inbound":0,"outbound":0},"traffic_boost_suggestions_count":0,"meta":{"@context":"https:\/\/schema.org","@type":"NewsArticle","headline":"Dan Bongino planea dejar el cargo de subdirector del FBI en enero","url":"http:\/\/noticiasya.com\/midland-odessa\/2025\/12\/17\/dan-bongino-deja-cargo-subdirector-fbi-enero-trax\/","mainEntityOfPage":{"@type":"WebPage","@id":"http:\/\/noticiasya.com\/midland-odessa\/2025\/12\/17\/dan-bongino-deja-cargo-subdirector-fbi-enero-trax\/"},"thumbnailUrl":"","image":{"@type":"ImageObject","url":""},"articleSection":"Noticias Nacionales","author":[],"creator":[],"publisher":{"@type":"Organization","name":"Noticias","logo":""},"keywords":[],"dateCreated":"2025-12-18T00:03:49Z","datePublished":"2025-12-18T00:03:49Z","dateModified":"2025-12-18T00:03:49Z"},"rendered":"<script type=\"application\/ld+json\" class=\"wp-parsely-metadata\">{\"@context\":\"https:\\\/\\\/schema.org\",\"@type\":\"NewsArticle\",\"headline\":\"Dan Bongino planea dejar el cargo de subdirector del FBI en enero\",\"url\":\"http:\\\/\\\/noticiasya.com\\\/midland-odessa\\\/2025\\\/12\\\/17\\\/dan-bongino-deja-cargo-subdirector-fbi-enero-trax\\\/\",\"mainEntityOfPage\":{\"@type\":\"WebPage\",\"@id\":\"http:\\\/\\\/noticiasya.com\\\/midland-odessa\\\/2025\\\/12\\\/17\\\/dan-bongino-deja-cargo-subdirector-fbi-enero-trax\\\/\"},\"thumbnailUrl\":\"\",\"image\":{\"@type\":\"ImageObject\",\"url\":\"\"},\"articleSection\":\"Noticias Nacionales\",\"author\":[],\"creator\":[],\"publisher\":{\"@type\":\"Organization\",\"name\":\"Noticias\",\"logo\":\"\"},\"keywords\":[],\"dateCreated\":\"2025-12-18T00:03:49Z\",\"datePublished\":\"2025-12-18T00:03:49Z\",\"dateModified\":\"2025-12-18T00:03:49Z\"}<\/script>","tracker_url":"https:\/\/cdn.parsely.com\/keys\/noticiasya.com\/p.js"},"jetpack_featured_media_url":"","jetpack-related-posts":[{"id":1459138,"url":"https:\/\/noticiasya.com\/midland-odessa\/2025\/02\/24\/dan-bongino-subdirector-fbi-trump-trax\/","url_meta":{"origin":1469363,"position":0},"title":"El presentador de podcast y exagente del Servicio Secreto Dan Bongino ser\u00e1 subdirector del FBI, seg\u00fan Trump","author":"","date":"febrero 24, 2025","format":false,"excerpt":"Dan Bongino, un exagente del Servicio Secreto convertido en podcaster de derecha, fue nombrado pr\u00f3ximo subdirector del FBI, seg\u00fan anunci\u00f3 este domingo el presidente Donald Trump, la \u00faltima personalidad medi\u00e1tica fuera del establishment que el mandatario ha elegido para ocupar un importante puesto de poder supervisando grandes ramas de complejas\u2026","rel":"","context":"In &quot;Noticias Nacionales&quot;","block_context":{"text":"Noticias Nacionales","link":"https:\/\/noticiasya.com\/midland-odessa\/categoria\/noticias-nacionales"},"img":{"alt_text":"","src":"","width":0,"height":0},"classes":[]},{"id":1469947,"url":"https:\/\/noticiasya.com\/midland-odessa\/2026\/01\/09\/fbi-agente-carrera-bongino-raia-subdirector-trax\/","url_meta":{"origin":1469363,"position":1},"title":"El FBI elige a un agente de carrera para reemplazar a Dan Bongino como subdirector","author":"","date":"enero 9, 2026","format":false,"excerpt":"El director del FBI, Kash Patel, nombr\u00f3 a Christopher Raia, un experimentado agente de carrera, para reemplazar a Dan Bongino como subdirector, seg\u00fan personas informadas sobre el asunto.Raia es un agente respetado con 22 a\u00f1os de experiencia, y su nombramiento restaura la tradici\u00f3n de d\u00e9cadas de tener a un agente\u2026","rel":"","context":"In &quot;Noticias Nacionales&quot;","block_context":{"text":"Noticias Nacionales","link":"https:\/\/noticiasya.com\/midland-odessa\/categoria\/noticias-nacionales"},"img":{"alt_text":"","src":"","width":0,"height":0},"classes":[]},{"id":1459358,"url":"https:\/\/noticiasya.com\/midland-odessa\/2025\/03\/01\/dan-bongino-subdirector-fbi-bombas-6-de-enero-trax\/","url_meta":{"origin":1469363,"position":2},"title":"El subdirector entrante del FBI dijo varias veces que las bombas caseras del 6 de enero fueron un &#171;trabajo interno&#187;","author":"","date":"marzo 1, 2025","format":false,"excerpt":"Dan Bongino, el subdirector entrante del FBI, sugiri\u00f3 en su popular podcast en enero que la agencia que ahora est\u00e1 a punto de ayudar a dirigir fue c\u00f3mplice de colocar bombas caseras en Washington antes del mot\u00edn del Capitolio el 6 de enero de 2021.\u201cCreo que el FBI conoce la\u2026","rel":"","context":"In &quot;Noticias Nacionales&quot;","block_context":{"text":"Noticias Nacionales","link":"https:\/\/noticiasya.com\/midland-odessa\/categoria\/noticias-nacionales"},"img":{"alt_text":"","src":"","width":0,"height":0},"classes":[]},{"id":1462965,"url":"https:\/\/noticiasya.com\/midland-odessa\/2025\/05\/29\/fbi-publicara-video-carcel-jeffrey-epstein-trax\/","url_meta":{"origin":1469363,"position":3},"title":"El subdirector del FBI afirma que la agencia publicar\u00e1 un video de la c\u00e1rcel para demostrar que Jeffrey Epstein se suicid\u00f3","author":"","date":"mayo 29, 2025","format":false,"excerpt":"El subdirector del FBI, Dan Bongino, dijo el jueves que la agencia revis\u00f3 un video de vigilancia, largamente discutido, tomado fuera de la celda de la c\u00e1rcel de Manhattan del acusado de tr\u00e1fico sexual Jeffrey Epstein, para su posible publicaci\u00f3n.La secretaria de Justicia Pam Bondi y el director del FBI,\u2026","rel":"","context":"In &quot;Noticias Nacionales&quot;","block_context":{"text":"Noticias Nacionales","link":"https:\/\/noticiasya.com\/midland-odessa\/categoria\/noticias-nacionales"},"img":{"alt_text":"","src":"","width":0,"height":0},"classes":[]},{"id":1465199,"url":"https:\/\/noticiasya.com\/midland-odessa\/2025\/08\/06\/cena-funcionarios-trump-epstein-aplazada-trax\/","url_meta":{"origin":1469363,"position":4},"title":"Cena planeada para que funcionarios de Trump discutieran sobre Epstein parece haber sido aplazada ante escrutinio medi\u00e1tico","author":"","date":"agosto 6, 2025","format":false,"excerpt":"Una cena planeada para la noche del mi\u00e9rcoles en la residencia del vicepresidente J. D. Vance era considerada una oportunidad para que funcionarios del Gobierno de Trump se reagruparan en medio del esc\u00e1ndalo en curso relacionado con Jeffrey Epstein, seg\u00fan cuatro personas familiarizadas con la situaci\u00f3n. Adem\u00e1s, se contemplaba la\u2026","rel":"","context":"In &quot;Noticias Nacionales&quot;","block_context":{"text":"Noticias Nacionales","link":"https:\/\/noticiasya.com\/midland-odessa\/categoria\/noticias-nacionales"},"img":{"alt_text":"","src":"","width":0,"height":0},"classes":[]},{"id":1468969,"url":"https:\/\/noticiasya.com\/midland-odessa\/2025\/12\/04\/fbi-arresto-atentado-bomba-washington-trax\/","url_meta":{"origin":1469363,"position":5},"title":"El FBI arresta a un hombre en el marco de la investigaci\u00f3n por colocaci\u00f3n de bombas en la ciudad de Washington, seg\u00fan fuentes","author":"","date":"diciembre 4, 2025","format":false,"excerpt":"El FBI arrest\u00f3 este jueves a un hombre que, seg\u00fan los investigadores, coloc\u00f3 bombas caseras cerca de la sede de los Comit\u00e9s Nacionales tanto republicano como dem\u00f3crata la noche anterior a los disturbios en el Capitolio de EE.UU., en 2021, seg\u00fan dos fuentes policiales.El arresto se produce tras una investigaci\u00f3n\u2026","rel":"","context":"In &quot;Noticias Nacionales&quot;","block_context":{"text":"Noticias Nacionales","link":"https:\/\/noticiasya.com\/midland-odessa\/categoria\/noticias-nacionales"},"img":{"alt_text":"","src":"","width":0,"height":0},"classes":[]}],"jetpack_sharing_enabled":true,"_links":{"self":[{"href":"https:\/\/noticiasya.com\/midland-odessa\/wp-json\/wp\/v2\/posts\/1469363","targetHints":{"allow":["GET"]}}],"collection":[{"href":"https:\/\/noticiasya.com\/midland-odessa\/wp-json\/wp\/v2\/posts"}],"about":[{"href":"https:\/\/noticiasya.com\/midland-odessa\/wp-json\/wp\/v2\/types\/post"}],"replies":[{"embeddable":true,"href":"https:\/\/noticiasya.com\/midland-odessa\/wp-json\/wp\/v2\/comments?post=1469363"}],"version-history":[{"count":0,"href":"https:\/\/noticiasya.com\/midland-odessa\/wp-json\/wp\/v2\/posts\/1469363\/revisions"}],"wp:attachment":[{"href":"https:\/\/noticiasya.com\/midland-odessa\/wp-json\/wp\/v2\/media?parent=1469363"}],"wp:term":[{"taxonomy":"category","embeddable":true,"href":"https:\/\/noticiasya.com\/midland-odessa\/wp-json\/wp\/v2\/categories?post=1469363"},{"taxonomy":"post_tag","embeddable":true,"href":"https:\/\/noticiasya.com\/midland-odessa\/wp-json\/wp\/v2\/tags?post=1469363"}],"curies":[{"name":"wp","href":"https:\/\/api.w.org\/{rel}","templated":true}]}}